{"id":6882,"date":"2021-07-18T05:10:38","date_gmt":"2021-07-18T05:10:38","guid":{"rendered":"https:\/\/cvinoticias.com\/v3\/?p=6882"},"modified":"2021-07-18T05:10:38","modified_gmt":"2021-07-18T05:10:38","slug":"docentes-aceptaron-la-propuesta-salarial-del-gobierno","status":"publish","type":"post","link":"https:\/\/cvinoticias.com\/v3\/docentes-aceptaron-la-propuesta-salarial-del-gobierno\/","title":{"rendered":"Docentes aceptaron la propuesta salarial del Gobierno"},"content":{"rendered":"\n<p><em><strong>Gremios disidentes reunidos en asamblea este s\u00e1bado aprobaron por unanimidad la propuesta recibida en la jornada de ayer por las autoridades educativas de la Provincia.<\/strong><\/em><\/p>\n\n\n\n<p>La Asamblea del Frente de Trabajadores de la Educaci\u00f3n en Lucha se reuni\u00f3 este s\u00e1bado en Jard\u00edn Am\u00e9rica y resolvi\u00f3 aceptar la propuesta del Gobierno provincial de elevar a $ 17.522,77 el b\u00e1sico de un maestro de grado y fijar el cargo testigo en $48.000 (0 a\u00f1os), con los tramos de $49.000 (1 a 5) y $50.000 (6 a 10) y $51000 (11 a 15).<br><br>En la reuni\u00f3n llevada a cabo, los representantes MPL, UTEM, UDNAM, CONTI SANTORO, ATE, CTA A, TRIBUNA DOCENTE, MAREA BLANCA Y AUTOCONVOCADOS analizaron los siguientes y decidieron aprobarlos por unanimidad.<br><br>B\u00e1sico Maestra de Grado \u2013 sin zona (Cargo Testigo) $ 17.522,77 (incorporando c\u00f3digo 403 y 404)<br>\u2022 Valor \u00edndice $ 15,75788<br>\u2022 Cod. 779 modificar % pasar del 15% al 18%<br>\u2022 Cargos de Jornada completa mejorar la garant\u00eda en 1.85<br>\u2022 Fijar el cargo testigo en $48.000 (0 a\u00f1os), con los tramos de $49.000 (1 a 5) y $50.000 (6 a 10) y $51000 (11 a 15)<br>\u2022 Incorporar los 120 puntos \u00edndices al concepto 846 para los 7 cargos que a\u00fan tienen 260 p. \u00edndices.<br>\u2022 Incorporar un concepto equivalente de Gesti\u00f3n Directiva del 12% del MG bonificable los secretarios que no perciben MADE<br>\u2022 Asegura la Garant\u00eda Salarial en los dos cargos o 30 hs.<br>\u2022 Compromiso de armar una comisi\u00f3n t\u00e9cnica para tratar tema de zona<br>\u2022 Sin descuentos, sanciones, acciones judiciales o administrativas<br>\u2022 La patronal se compromete a rever cuestiones administrativas de errores de liquidaci\u00f3n durante el mes .<br><br><strong>Porteros:<\/strong><br>\u2022 Agregar un adicional que mejore antig\u00fcedad<br>\u2022 Ropa de seguridad<br>\u2022 Pasa el m\u00ednimo de $ 39.500 a $47.400<br>Cocineras:<br>\u2022 Pasa el m\u00ednimo de $ 24.300 a 29.160<br>Jubilados:<br>\u2022 jubilados 20% de aumento como anticipo hasta que est\u00e9n los \u00edndices de movilidad (Base Enero\/2021)<\/p>\n","protected":false},"excerpt":{"rendered":"<p>Gremios disidentes reunidos en asamblea este s\u00e1bado aprobaron por unanimidad la propuesta recibida en la jornada de ayer por las autoridades educativas de la Provincia. La Asamblea del Frente de Trabajadores de la Educaci\u00f3n en Lucha se reuni\u00f3 este s\u00e1bado en Jard\u00edn Am\u00e9rica y resolvi\u00f3 aceptar la propuesta del Gobierno provincial de elevar a $ [&hellip;]<\/p>\n","protected":false},"author":2,"featured_media":6883,"comment_status":"open","ping_status":"open","sticky":false,"template":"","format":"standard","meta":{"footnotes":""},"categories":[26],"tags":[],"class_list":["post-6882","post","type-post","status-publish","format-standard","has-post-thumbnail","hentry","category-educacion"],"yoast_head":"<!-- This site is optimized with the Yoast SEO plugin v27.5 - https:\/\/yoast.com\/product\/yoast-seo-wordpress\/ -->\n<title>Docentes aceptaron la propuesta salarial del Gobierno | CVI NOTICIAS<\/title>\n<meta name=\"robots\" content=\"index, follow, max-snippet:-1, max-image-preview:large, max-video-preview:-1\" \/>\n<link rel=\"canonical\" href=\"https:\/\/cvinoticias.com\/v3\/docentes-aceptaron-la-propuesta-salarial-del-gobierno\/\" \/>\n<meta property=\"og:locale\" content=\"es_ES\" \/>\n<meta property=\"og:type\" content=\"article\" \/>\n<meta property=\"og:title\" content=\"Docentes aceptaron la propuesta salarial del Gobierno | CVI NOTICIAS\" \/>\n<meta property=\"og:description\" content=\"Gremios disidentes reunidos en asamblea este s\u00e1bado aprobaron por unanimidad la propuesta recibida en la jornada de ayer por las autoridades educativas de la Provincia. La Asamblea del Frente de Trabajadores de la Educaci\u00f3n en Lucha se reuni\u00f3 este s\u00e1bado en Jard\u00edn Am\u00e9rica y resolvi\u00f3 aceptar la propuesta del Gobierno provincial de elevar a $ [&hellip;]\" \/>\n<meta property=\"og:url\" content=\"https:\/\/cvinoticias.com\/v3\/docentes-aceptaron-la-propuesta-salarial-del-gobierno\/\" \/>\n<meta property=\"og:site_name\" content=\"CVI NOTICIAS\" \/>\n<meta property=\"article:publisher\" content=\"https:\/\/www.facebook.com\/cvinoticias\" \/>\n<meta property=\"article:published_time\" content=\"2021-07-18T05:10:38+00:00\" \/>\n<meta property=\"og:image\" content=\"https:\/\/cvinoticias.com\/wp-content\/uploads\/2021\/07\/maestros.jpg\" \/>\n\t<meta property=\"og:image:width\" content=\"1920\" \/>\n\t<meta property=\"og:image:height\" content=\"1080\" \/>\n\t<meta property=\"og:image:type\" content=\"image\/jpeg\" \/>\n<meta name=\"author\" content=\"f1000024\" \/>\n<meta name=\"twitter:card\" content=\"summary_large_image\" \/>\n<meta name=\"twitter:label1\" content=\"Escrito por\" \/>\n\t<meta name=\"twitter:data1\" content=\"f1000024\" \/>\n\t<meta name=\"twitter:label2\" content=\"Tiempo de lectura\" \/>\n\t<meta name=\"twitter:data2\" content=\"1 minuto\" \/>\n<script type=\"application\/ld+json\" class=\"yoast-schema-graph\">{\"@context\":\"https:\\\/\\\/schema.org\",\"@graph\":[{\"@type\":\"Article\",\"@id\":\"https:\\\/\\\/cvinoticias.com\\\/v3\\\/docentes-aceptaron-la-propuesta-salarial-del-gobierno\\\/#article\",\"isPartOf\":{\"@id\":\"https:\\\/\\\/cvinoticias.com\\\/v3\\\/docentes-aceptaron-la-propuesta-salarial-del-gobierno\\\/\"},\"author\":{\"name\":\"f1000024\",\"@id\":\"https:\\\/\\\/cvinoticias.com\\\/v3\\\/#\\\/schema\\\/person\\\/2db77e3c6bc03c538495d7b2b8be9b66\"},\"headline\":\"Docentes aceptaron la propuesta salarial del Gobierno\",\"datePublished\":\"2021-07-18T05:10:38+00:00\",\"mainEntityOfPage\":{\"@id\":\"https:\\\/\\\/cvinoticias.com\\\/v3\\\/docentes-aceptaron-la-propuesta-salarial-del-gobierno\\\/\"},\"wordCount\":287,\"commentCount\":0,\"publisher\":{\"@id\":\"https:\\\/\\\/cvinoticias.com\\\/v3\\\/#organization\"},\"image\":{\"@id\":\"https:\\\/\\\/cvinoticias.com\\\/v3\\\/docentes-aceptaron-la-propuesta-salarial-del-gobierno\\\/#primaryimage\"},\"thumbnailUrl\":\"https:\\\/\\\/cvinoticias.com\\\/wp-content\\\/uploads\\\/2021\\\/07\\\/maestros.jpg\",\"articleSection\":[\"Educacion\"],\"inLanguage\":\"es\",\"potentialAction\":[{\"@type\":\"CommentAction\",\"name\":\"Comment\",\"target\":[\"https:\\\/\\\/cvinoticias.com\\\/v3\\\/docentes-aceptaron-la-propuesta-salarial-del-gobierno\\\/#respond\"]}]},{\"@type\":\"WebPage\",\"@id\":\"https:\\\/\\\/cvinoticias.com\\\/v3\\\/docentes-aceptaron-la-propuesta-salarial-del-gobierno\\\/\",\"url\":\"https:\\\/\\\/cvinoticias.com\\\/v3\\\/docentes-aceptaron-la-propuesta-salarial-del-gobierno\\\/\",\"name\":\"Docentes aceptaron la propuesta salarial del Gobierno | CVI NOTICIAS\",\"isPartOf\":{\"@id\":\"https:\\\/\\\/cvinoticias.com\\\/v3\\\/#website\"},\"primaryImageOfPage\":{\"@id\":\"https:\\\/\\\/cvinoticias.com\\\/v3\\\/docentes-aceptaron-la-propuesta-salarial-del-gobierno\\\/#primaryimage\"},\"image\":{\"@id\":\"https:\\\/\\\/cvinoticias.com\\\/v3\\\/docentes-aceptaron-la-propuesta-salarial-del-gobierno\\\/#primaryimage\"},\"thumbnailUrl\":\"https:\\\/\\\/cvinoticias.com\\\/wp-content\\\/uploads\\\/2021\\\/07\\\/maestros.jpg\",\"datePublished\":\"2021-07-18T05:10:38+00:00\",\"breadcrumb\":{\"@id\":\"https:\\\/\\\/cvinoticias.com\\\/v3\\\/docentes-aceptaron-la-propuesta-salarial-del-gobierno\\\/#breadcrumb\"},\"inLanguage\":\"es\",\"potentialAction\":[{\"@type\":\"ReadAction\",\"target\":[\"https:\\\/\\\/cvinoticias.com\\\/v3\\\/docentes-aceptaron-la-propuesta-salarial-del-gobierno\\\/\"]}]},{\"@type\":\"ImageObject\",\"inLanguage\":\"es\",\"@id\":\"https:\\\/\\\/cvinoticias.com\\\/v3\\\/docentes-aceptaron-la-propuesta-salarial-del-gobierno\\\/#primaryimage\",\"url\":\"https:\\\/\\\/cvinoticias.com\\\/wp-content\\\/uploads\\\/2021\\\/07\\\/maestros.jpg\",\"contentUrl\":\"https:\\\/\\\/cvinoticias.com\\\/wp-content\\\/uploads\\\/2021\\\/07\\\/maestros.jpg\",\"width\":1920,\"height\":1080},{\"@type\":\"BreadcrumbList\",\"@id\":\"https:\\\/\\\/cvinoticias.com\\\/v3\\\/docentes-aceptaron-la-propuesta-salarial-del-gobierno\\\/#breadcrumb\",\"itemListElement\":[{\"@type\":\"ListItem\",\"position\":1,\"name\":\"Portada\",\"item\":\"https:\\\/\\\/cvinoticias.com\\\/v3\\\/\"},{\"@type\":\"ListItem\",\"position\":2,\"name\":\"Docentes aceptaron la propuesta salarial del Gobierno\"}]},{\"@type\":\"WebSite\",\"@id\":\"https:\\\/\\\/cvinoticias.com\\\/v3\\\/#website\",\"url\":\"https:\\\/\\\/cvinoticias.com\\\/v3\\\/\",\"name\":\"CVI NOTICIAS\",\"description\":\"\",\"publisher\":{\"@id\":\"https:\\\/\\\/cvinoticias.com\\\/v3\\\/#organization\"},\"alternateName\":\"CVI\",\"potentialAction\":[{\"@type\":\"SearchAction\",\"target\":{\"@type\":\"EntryPoint\",\"urlTemplate\":\"https:\\\/\\\/cvinoticias.com\\\/v3\\\/?s={search_term_string}\"},\"query-input\":{\"@type\":\"PropertyValueSpecification\",\"valueRequired\":true,\"valueName\":\"search_term_string\"}}],\"inLanguage\":\"es\"},{\"@type\":\"Organization\",\"@id\":\"https:\\\/\\\/cvinoticias.com\\\/v3\\\/#organization\",\"name\":\"CVI NOTICIAS\",\"url\":\"https:\\\/\\\/cvinoticias.com\\\/v3\\\/\",\"logo\":{\"@type\":\"ImageObject\",\"inLanguage\":\"es\",\"@id\":\"https:\\\/\\\/cvinoticias.com\\\/v3\\\/#\\\/schema\\\/logo\\\/image\\\/\",\"url\":\"https:\\\/\\\/cvinoticias.com\\\/wp-content\\\/uploads\\\/2023\\\/04\\\/cropped-cropped-cropped-cropped-cropped-3-1.png\",\"contentUrl\":\"https:\\\/\\\/cvinoticias.com\\\/wp-content\\\/uploads\\\/2023\\\/04\\\/cropped-cropped-cropped-cropped-cropped-3-1.png\",\"width\":95,\"height\":122,\"caption\":\"CVI NOTICIAS\"},\"image\":{\"@id\":\"https:\\\/\\\/cvinoticias.com\\\/v3\\\/#\\\/schema\\\/logo\\\/image\\\/\"},\"sameAs\":[\"https:\\\/\\\/www.facebook.com\\\/cvinoticias\",\"https:\\\/\\\/www.instagram.com\\\/cvinoticias\\\/\",\"https:\\\/\\\/www.youtube.com\\\/@CVINOTICIAS\"]},{\"@type\":\"Person\",\"@id\":\"https:\\\/\\\/cvinoticias.com\\\/v3\\\/#\\\/schema\\\/person\\\/2db77e3c6bc03c538495d7b2b8be9b66\",\"name\":\"f1000024\",\"image\":{\"@type\":\"ImageObject\",\"inLanguage\":\"es\",\"@id\":\"https:\\\/\\\/secure.gravatar.com\\\/avatar\\\/d4fe7459cfc51ff5129ce1a732bbef5928568b8092d412ef95611616376bbeed?s=96&d=mm&r=g\",\"url\":\"https:\\\/\\\/secure.gravatar.com\\\/avatar\\\/d4fe7459cfc51ff5129ce1a732bbef5928568b8092d412ef95611616376bbeed?s=96&d=mm&r=g\",\"contentUrl\":\"https:\\\/\\\/secure.gravatar.com\\\/avatar\\\/d4fe7459cfc51ff5129ce1a732bbef5928568b8092d412ef95611616376bbeed?s=96&d=mm&r=g\",\"caption\":\"f1000024\"},\"url\":\"https:\\\/\\\/cvinoticias.com\\\/v3\\\/author\\\/f1000024\\\/\"}]}<\/script>\n<!-- \/ Yoast SEO plugin. -->","yoast_head_json":{"title":"Docentes aceptaron la propuesta salarial del Gobierno | CVI NOTICIAS","robots":{"index":"index","follow":"follow","max-snippet":"max-snippet:-1","max-image-preview":"max-image-preview:large","max-video-preview":"max-video-preview:-1"},"canonical":"https:\/\/cvinoticias.com\/v3\/docentes-aceptaron-la-propuesta-salarial-del-gobierno\/","og_locale":"es_ES","og_type":"article","og_title":"Docentes aceptaron la propuesta salarial del Gobierno | CVI NOTICIAS","og_description":"Gremios disidentes reunidos en asamblea este s\u00e1bado aprobaron por unanimidad la propuesta recibida en la jornada de ayer por las autoridades educativas de la Provincia. La Asamblea del Frente de Trabajadores de la Educaci\u00f3n en Lucha se reuni\u00f3 este s\u00e1bado en Jard\u00edn Am\u00e9rica y resolvi\u00f3 aceptar la propuesta del Gobierno provincial de elevar a $ [&hellip;]","og_url":"https:\/\/cvinoticias.com\/v3\/docentes-aceptaron-la-propuesta-salarial-del-gobierno\/","og_site_name":"CVI NOTICIAS","article_publisher":"https:\/\/www.facebook.com\/cvinoticias","article_published_time":"2021-07-18T05:10:38+00:00","og_image":[{"width":1920,"height":1080,"url":"https:\/\/cvinoticias.com\/wp-content\/uploads\/2021\/07\/maestros.jpg","type":"image\/jpeg"}],"author":"f1000024","twitter_card":"summary_large_image","twitter_misc":{"Escrito por":"f1000024","Tiempo de lectura":"1 minuto"},"schema":{"@context":"https:\/\/schema.org","@graph":[{"@type":"Article","@id":"https:\/\/cvinoticias.com\/v3\/docentes-aceptaron-la-propuesta-salarial-del-gobierno\/#article","isPartOf":{"@id":"https:\/\/cvinoticias.com\/v3\/docentes-aceptaron-la-propuesta-salarial-del-gobierno\/"},"author":{"name":"f1000024","@id":"https:\/\/cvinoticias.com\/v3\/#\/schema\/person\/2db77e3c6bc03c538495d7b2b8be9b66"},"headline":"Docentes aceptaron la propuesta salarial del Gobierno","datePublished":"2021-07-18T05:10:38+00:00","mainEntityOfPage":{"@id":"https:\/\/cvinoticias.com\/v3\/docentes-aceptaron-la-propuesta-salarial-del-gobierno\/"},"wordCount":287,"commentCount":0,"publisher":{"@id":"https:\/\/cvinoticias.com\/v3\/#organization"},"image":{"@id":"https:\/\/cvinoticias.com\/v3\/docentes-aceptaron-la-propuesta-salarial-del-gobierno\/#primaryimage"},"thumbnailUrl":"https:\/\/cvinoticias.com\/wp-content\/uploads\/2021\/07\/maestros.jpg","articleSection":["Educacion"],"inLanguage":"es","potentialAction":[{"@type":"CommentAction","name":"Comment","target":["https:\/\/cvinoticias.com\/v3\/docentes-aceptaron-la-propuesta-salarial-del-gobierno\/#respond"]}]},{"@type":"WebPage","@id":"https:\/\/cvinoticias.com\/v3\/docentes-aceptaron-la-propuesta-salarial-del-gobierno\/","url":"https:\/\/cvinoticias.com\/v3\/docentes-aceptaron-la-propuesta-salarial-del-gobierno\/","name":"Docentes aceptaron la propuesta salarial del Gobierno | CVI NOTICIAS","isPartOf":{"@id":"https:\/\/cvinoticias.com\/v3\/#website"},"primaryImageOfPage":{"@id":"https:\/\/cvinoticias.com\/v3\/docentes-aceptaron-la-propuesta-salarial-del-gobierno\/#primaryimage"},"image":{"@id":"https:\/\/cvinoticias.com\/v3\/docentes-aceptaron-la-propuesta-salarial-del-gobierno\/#primaryimage"},"thumbnailUrl":"https:\/\/cvinoticias.com\/wp-content\/uploads\/2021\/07\/maestros.jpg","datePublished":"2021-07-18T05:10:38+00:00","breadcrumb":{"@id":"https:\/\/cvinoticias.com\/v3\/docentes-aceptaron-la-propuesta-salarial-del-gobierno\/#breadcrumb"},"inLanguage":"es","potentialAction":[{"@type":"ReadAction","target":["https:\/\/cvinoticias.com\/v3\/docentes-aceptaron-la-propuesta-salarial-del-gobierno\/"]}]},{"@type":"ImageObject","inLanguage":"es","@id":"https:\/\/cvinoticias.com\/v3\/docentes-aceptaron-la-propuesta-salarial-del-gobierno\/#primaryimage","url":"https:\/\/cvinoticias.com\/wp-content\/uploads\/2021\/07\/maestros.jpg","contentUrl":"https:\/\/cvinoticias.com\/wp-content\/uploads\/2021\/07\/maestros.jpg","width":1920,"height":1080},{"@type":"BreadcrumbList","@id":"https:\/\/cvinoticias.com\/v3\/docentes-aceptaron-la-propuesta-salarial-del-gobierno\/#breadcrumb","itemListElement":[{"@type":"ListItem","position":1,"name":"Portada","item":"https:\/\/cvinoticias.com\/v3\/"},{"@type":"ListItem","position":2,"name":"Docentes aceptaron la propuesta salarial del Gobierno"}]},{"@type":"WebSite","@id":"https:\/\/cvinoticias.com\/v3\/#website","url":"https:\/\/cvinoticias.com\/v3\/","name":"CVI NOTICIAS","description":"","publisher":{"@id":"https:\/\/cvinoticias.com\/v3\/#organization"},"alternateName":"CVI","potentialAction":[{"@type":"SearchAction","target":{"@type":"EntryPoint","urlTemplate":"https:\/\/cvinoticias.com\/v3\/?s={search_term_string}"},"query-input":{"@type":"PropertyValueSpecification","valueRequired":true,"valueName":"search_term_string"}}],"inLanguage":"es"},{"@type":"Organization","@id":"https:\/\/cvinoticias.com\/v3\/#organization","name":"CVI NOTICIAS","url":"https:\/\/cvinoticias.com\/v3\/","logo":{"@type":"ImageObject","inLanguage":"es","@id":"https:\/\/cvinoticias.com\/v3\/#\/schema\/logo\/image\/","url":"https:\/\/cvinoticias.com\/wp-content\/uploads\/2023\/04\/cropped-cropped-cropped-cropped-cropped-3-1.png","contentUrl":"https:\/\/cvinoticias.com\/wp-content\/uploads\/2023\/04\/cropped-cropped-cropped-cropped-cropped-3-1.png","width":95,"height":122,"caption":"CVI NOTICIAS"},"image":{"@id":"https:\/\/cvinoticias.com\/v3\/#\/schema\/logo\/image\/"},"sameAs":["https:\/\/www.facebook.com\/cvinoticias","https:\/\/www.instagram.com\/cvinoticias\/","https:\/\/www.youtube.com\/@CVINOTICIAS"]},{"@type":"Person","@id":"https:\/\/cvinoticias.com\/v3\/#\/schema\/person\/2db77e3c6bc03c538495d7b2b8be9b66","name":"f1000024","image":{"@type":"ImageObject","inLanguage":"es","@id":"https:\/\/secure.gravatar.com\/avatar\/d4fe7459cfc51ff5129ce1a732bbef5928568b8092d412ef95611616376bbeed?s=96&d=mm&r=g","url":"https:\/\/secure.gravatar.com\/avatar\/d4fe7459cfc51ff5129ce1a732bbef5928568b8092d412ef95611616376bbeed?s=96&d=mm&r=g","contentUrl":"https:\/\/secure.gravatar.com\/avatar\/d4fe7459cfc51ff5129ce1a732bbef5928568b8092d412ef95611616376bbeed?s=96&d=mm&r=g","caption":"f1000024"},"url":"https:\/\/cvinoticias.com\/v3\/author\/f1000024\/"}]}},"_links":{"self":[{"href":"https:\/\/cvinoticias.com\/v3\/wp-json\/wp\/v2\/posts\/6882","targetHints":{"allow":["GET"]}}],"collection":[{"href":"https:\/\/cvinoticias.com\/v3\/wp-json\/wp\/v2\/posts"}],"about":[{"href":"https:\/\/cvinoticias.com\/v3\/wp-json\/wp\/v2\/types\/post"}],"author":[{"embeddable":true,"href":"https:\/\/cvinoticias.com\/v3\/wp-json\/wp\/v2\/users\/2"}],"replies":[{"embeddable":true,"href":"https:\/\/cvinoticias.com\/v3\/wp-json\/wp\/v2\/comments?post=6882"}],"version-history":[{"count":1,"href":"https:\/\/cvinoticias.com\/v3\/wp-json\/wp\/v2\/posts\/6882\/revisions"}],"predecessor-version":[{"id":6884,"href":"https:\/\/cvinoticias.com\/v3\/wp-json\/wp\/v2\/posts\/6882\/revisions\/6884"}],"wp:featuredmedia":[{"embeddable":true,"href":"https:\/\/cvinoticias.com\/v3\/wp-json\/wp\/v2\/media\/6883"}],"wp:attachment":[{"href":"https:\/\/cvinoticias.com\/v3\/wp-json\/wp\/v2\/media?parent=6882"}],"wp:term":[{"taxonomy":"category","embeddable":true,"href":"https:\/\/cvinoticias.com\/v3\/wp-json\/wp\/v2\/categories?post=6882"},{"taxonomy":"post_tag","embeddable":true,"href":"https:\/\/cvinoticias.com\/v3\/wp-json\/wp\/v2\/tags?post=6882"}],"curies":[{"name":"wp","href":"https:\/\/api.w.org\/{rel}","templated":true}]}}