{"id":6875,"date":"2021-07-17T17:32:31","date_gmt":"2021-07-17T17:32:31","guid":{"rendered":"https:\/\/cvinoticias.com\/v3\/?p=6875"},"modified":"2021-07-17T17:32:31","modified_gmt":"2021-07-17T17:32:31","slug":"puerto-esperanza-amenazo-de-muerte-a-sus-familiares-y-termino-detenido","status":"publish","type":"post","link":"https:\/\/cvinoticias.com\/v3\/puerto-esperanza-amenazo-de-muerte-a-sus-familiares-y-termino-detenido\/","title":{"rendered":"Puerto Esperanza: Amenaz\u00f3 de muerte a sus familiares y termin\u00f3 detenido"},"content":{"rendered":"\n<p><strong><em>Tras un allanamiento concretado en las \u00faltimas horas en una vivienda del barrio Bellavista, la Polic\u00eda detuvo a un hombre de 42 a\u00f1os de edad en la causa caratulada \u00abAmenazas agravadas por el uso de armas\u00bb en contra de su concubina y grupo familiar.<\/em><\/strong><\/p>\n\n\n\n<p>El hecho se registr\u00f3 el pasado 14 de Julio en horas de la madrugada, cuando familiares del detenido manifestaron que este caus\u00f3 un gran disturbio llevaba consigo una botella de thinner en mano y consigo llevaba un arma de fuego tipo revolver con los cual los amenaz\u00f3.<\/p>\n\n\n\n<p>Conocido el caso, la polic\u00eda acudi\u00f3 inmediatamente y en el marco de la investigaci\u00f3n, se concret\u00f3 el allanamiento en la vivienda del involucrado donde se lo detuvo y se incaut\u00f3 un rev\u00f3lver calibre 32 largo, proyectiles del mismo calibre y una botella con la mencionada sustancia que ser\u00e1 sometida a las pericias de rigor.<\/p>\n\n\n\n<p>Por orden del Juzgado de Instrucci\u00f3n N\u00b03 de Puerto Iguaz\u00fa, el hombre permanece detenido a disposici\u00f3n de la justicia.<\/p>\n\n\n\n<p>Ante casos de violencia familiar y de g\u00e9nero, llamar gratuitamente a las l\u00edneas de emergencias 101 o 137.<\/p>\n\n\n\n<figure class=\"wp-block-image size-large\"><a href=\"https:\/\/cvinoticias.com\/wp-content\/uploads\/2021\/07\/FB_IMG_1626542854018.jpg\"><img decoding=\"async\" width=\"960\" height=\"718\" data-src=\"https:\/\/cvinoticias.com\/wp-content\/uploads\/2021\/07\/FB_IMG_1626542854018.jpg\" alt=\"\" class=\"wp-image-6877 lazyload\" data-srcset=\"https:\/\/cvinoticias.com\/wp-content\/uploads\/2021\/07\/FB_IMG_1626542854018.jpg 960w, https:\/\/cvinoticias.com\/wp-content\/uploads\/2021\/07\/FB_IMG_1626542854018-300x224.jpg 300w, https:\/\/cvinoticias.com\/wp-content\/uploads\/2021\/07\/FB_IMG_1626542854018-768x574.jpg 768w\" data-sizes=\"(max-width: 960px) 100vw, 960px\" src=\"data:image\/svg+xml;base64,PHN2ZyB3aWR0aD0iMSIgaGVpZ2h0PSIxIiB4bWxucz0iaHR0cDovL3d3dy53My5vcmcvMjAwMC9zdmciPjwvc3ZnPg==\" style=\"--smush-placeholder-width: 960px; --smush-placeholder-aspect-ratio: 960\/718;\" \/><\/a><\/figure>\n","protected":false},"excerpt":{"rendered":"<p>Tras un allanamiento concretado en las \u00faltimas horas en una vivienda del barrio Bellavista, la Polic\u00eda detuvo a un hombre de 42 a\u00f1os de edad en la causa caratulada \u00abAmenazas agravadas por el uso de armas\u00bb en contra de su concubina y grupo familiar. El hecho se registr\u00f3 el pasado 14 de Julio en horas [&hellip;]<\/p>\n","protected":false},"author":2,"featured_media":6876,"comment_status":"open","ping_status":"open","sticky":false,"template":"","format":"standard","meta":{"footnotes":""},"categories":[41],"tags":[],"class_list":["post-6875","post","type-post","status-publish","format-standard","has-post-thumbnail","hentry","category-policiales"],"yoast_head":"<!-- This site is optimized with the Yoast SEO plugin v27.5 - https:\/\/yoast.com\/product\/yoast-seo-wordpress\/ -->\n<title>Puerto Esperanza: Amenaz\u00f3 de muerte a sus familiares y termin\u00f3 detenido | CVI NOTICIAS<\/title>\n<meta name=\"robots\" content=\"index, follow, max-snippet:-1, max-image-preview:large, max-video-preview:-1\" \/>\n<link rel=\"canonical\" href=\"https:\/\/cvinoticias.com\/v3\/puerto-esperanza-amenazo-de-muerte-a-sus-familiares-y-termino-detenido\/\" \/>\n<meta property=\"og:locale\" content=\"es_ES\" \/>\n<meta property=\"og:type\" content=\"article\" \/>\n<meta property=\"og:title\" content=\"Puerto Esperanza: Amenaz\u00f3 de muerte a sus familiares y termin\u00f3 detenido | CVI NOTICIAS\" \/>\n<meta property=\"og:description\" content=\"Tras un allanamiento concretado en las \u00faltimas horas en una vivienda del barrio Bellavista, la Polic\u00eda detuvo a un hombre de 42 a\u00f1os de edad en la causa caratulada \u00abAmenazas agravadas por el uso de armas\u00bb en contra de su concubina y grupo familiar. El hecho se registr\u00f3 el pasado 14 de Julio en horas [&hellip;]\" \/>\n<meta property=\"og:url\" content=\"https:\/\/cvinoticias.com\/v3\/puerto-esperanza-amenazo-de-muerte-a-sus-familiares-y-termino-detenido\/\" \/>\n<meta property=\"og:site_name\" content=\"CVI NOTICIAS\" \/>\n<meta property=\"article:publisher\" content=\"https:\/\/www.facebook.com\/cvinoticias\" \/>\n<meta property=\"article:published_time\" content=\"2021-07-17T17:32:31+00:00\" \/>\n<meta property=\"og:image\" content=\"https:\/\/cvinoticias.com\/wp-content\/uploads\/2021\/07\/FB_IMG_1626542856409.jpg\" \/>\n\t<meta property=\"og:image:width\" content=\"612\" \/>\n\t<meta property=\"og:image:height\" content=\"638\" \/>\n\t<meta property=\"og:image:type\" content=\"image\/jpeg\" \/>\n<meta name=\"author\" content=\"f1000024\" \/>\n<meta name=\"twitter:card\" content=\"summary_large_image\" \/>\n<meta name=\"twitter:label1\" content=\"Escrito por\" \/>\n\t<meta name=\"twitter:data1\" content=\"f1000024\" \/>\n\t<meta name=\"twitter:label2\" content=\"Tiempo de lectura\" \/>\n\t<meta name=\"twitter:data2\" content=\"1 minuto\" \/>\n<script type=\"application\/ld+json\" class=\"yoast-schema-graph\">{\"@context\":\"https:\\\/\\\/schema.org\",\"@graph\":[{\"@type\":\"Article\",\"@id\":\"https:\\\/\\\/cvinoticias.com\\\/v3\\\/puerto-esperanza-amenazo-de-muerte-a-sus-familiares-y-termino-detenido\\\/#article\",\"isPartOf\":{\"@id\":\"https:\\\/\\\/cvinoticias.com\\\/v3\\\/puerto-esperanza-amenazo-de-muerte-a-sus-familiares-y-termino-detenido\\\/\"},\"author\":{\"name\":\"f1000024\",\"@id\":\"https:\\\/\\\/cvinoticias.com\\\/v3\\\/#\\\/schema\\\/person\\\/2db77e3c6bc03c538495d7b2b8be9b66\"},\"headline\":\"Puerto Esperanza: Amenaz\u00f3 de muerte a sus familiares y termin\u00f3 detenido\",\"datePublished\":\"2021-07-17T17:32:31+00:00\",\"mainEntityOfPage\":{\"@id\":\"https:\\\/\\\/cvinoticias.com\\\/v3\\\/puerto-esperanza-amenazo-de-muerte-a-sus-familiares-y-termino-detenido\\\/\"},\"wordCount\":197,\"commentCount\":0,\"publisher\":{\"@id\":\"https:\\\/\\\/cvinoticias.com\\\/v3\\\/#organization\"},\"image\":{\"@id\":\"https:\\\/\\\/cvinoticias.com\\\/v3\\\/puerto-esperanza-amenazo-de-muerte-a-sus-familiares-y-termino-detenido\\\/#primaryimage\"},\"thumbnailUrl\":\"https:\\\/\\\/cvinoticias.com\\\/wp-content\\\/uploads\\\/2021\\\/07\\\/FB_IMG_1626542856409.jpg\",\"articleSection\":[\"Policiales\"],\"inLanguage\":\"es\",\"potentialAction\":[{\"@type\":\"CommentAction\",\"name\":\"Comment\",\"target\":[\"https:\\\/\\\/cvinoticias.com\\\/v3\\\/puerto-esperanza-amenazo-de-muerte-a-sus-familiares-y-termino-detenido\\\/#respond\"]}]},{\"@type\":\"WebPage\",\"@id\":\"https:\\\/\\\/cvinoticias.com\\\/v3\\\/puerto-esperanza-amenazo-de-muerte-a-sus-familiares-y-termino-detenido\\\/\",\"url\":\"https:\\\/\\\/cvinoticias.com\\\/v3\\\/puerto-esperanza-amenazo-de-muerte-a-sus-familiares-y-termino-detenido\\\/\",\"name\":\"Puerto Esperanza: Amenaz\u00f3 de muerte a sus familiares y termin\u00f3 detenido | CVI NOTICIAS\",\"isPartOf\":{\"@id\":\"https:\\\/\\\/cvinoticias.com\\\/v3\\\/#website\"},\"primaryImageOfPage\":{\"@id\":\"https:\\\/\\\/cvinoticias.com\\\/v3\\\/puerto-esperanza-amenazo-de-muerte-a-sus-familiares-y-termino-detenido\\\/#primaryimage\"},\"image\":{\"@id\":\"https:\\\/\\\/cvinoticias.com\\\/v3\\\/puerto-esperanza-amenazo-de-muerte-a-sus-familiares-y-termino-detenido\\\/#primaryimage\"},\"thumbnailUrl\":\"https:\\\/\\\/cvinoticias.com\\\/wp-content\\\/uploads\\\/2021\\\/07\\\/FB_IMG_1626542856409.jpg\",\"datePublished\":\"2021-07-17T17:32:31+00:00\",\"breadcrumb\":{\"@id\":\"https:\\\/\\\/cvinoticias.com\\\/v3\\\/puerto-esperanza-amenazo-de-muerte-a-sus-familiares-y-termino-detenido\\\/#breadcrumb\"},\"inLanguage\":\"es\",\"potentialAction\":[{\"@type\":\"ReadAction\",\"target\":[\"https:\\\/\\\/cvinoticias.com\\\/v3\\\/puerto-esperanza-amenazo-de-muerte-a-sus-familiares-y-termino-detenido\\\/\"]}]},{\"@type\":\"ImageObject\",\"inLanguage\":\"es\",\"@id\":\"https:\\\/\\\/cvinoticias.com\\\/v3\\\/puerto-esperanza-amenazo-de-muerte-a-sus-familiares-y-termino-detenido\\\/#primaryimage\",\"url\":\"https:\\\/\\\/cvinoticias.com\\\/wp-content\\\/uploads\\\/2021\\\/07\\\/FB_IMG_1626542856409.jpg\",\"contentUrl\":\"https:\\\/\\\/cvinoticias.com\\\/wp-content\\\/uploads\\\/2021\\\/07\\\/FB_IMG_1626542856409.jpg\",\"width\":612,\"height\":638},{\"@type\":\"BreadcrumbList\",\"@id\":\"https:\\\/\\\/cvinoticias.com\\\/v3\\\/puerto-esperanza-amenazo-de-muerte-a-sus-familiares-y-termino-detenido\\\/#breadcrumb\",\"itemListElement\":[{\"@type\":\"ListItem\",\"position\":1,\"name\":\"Portada\",\"item\":\"https:\\\/\\\/cvinoticias.com\\\/v3\\\/\"},{\"@type\":\"ListItem\",\"position\":2,\"name\":\"Puerto Esperanza: Amenaz\u00f3 de muerte a sus familiares y termin\u00f3 detenido\"}]},{\"@type\":\"WebSite\",\"@id\":\"https:\\\/\\\/cvinoticias.com\\\/v3\\\/#website\",\"url\":\"https:\\\/\\\/cvinoticias.com\\\/v3\\\/\",\"name\":\"CVI NOTICIAS\",\"description\":\"\",\"publisher\":{\"@id\":\"https:\\\/\\\/cvinoticias.com\\\/v3\\\/#organization\"},\"alternateName\":\"CVI\",\"potentialAction\":[{\"@type\":\"SearchAction\",\"target\":{\"@type\":\"EntryPoint\",\"urlTemplate\":\"https:\\\/\\\/cvinoticias.com\\\/v3\\\/?s={search_term_string}\"},\"query-input\":{\"@type\":\"PropertyValueSpecification\",\"valueRequired\":true,\"valueName\":\"search_term_string\"}}],\"inLanguage\":\"es\"},{\"@type\":\"Organization\",\"@id\":\"https:\\\/\\\/cvinoticias.com\\\/v3\\\/#organization\",\"name\":\"CVI NOTICIAS\",\"url\":\"https:\\\/\\\/cvinoticias.com\\\/v3\\\/\",\"logo\":{\"@type\":\"ImageObject\",\"inLanguage\":\"es\",\"@id\":\"https:\\\/\\\/cvinoticias.com\\\/v3\\\/#\\\/schema\\\/logo\\\/image\\\/\",\"url\":\"https:\\\/\\\/cvinoticias.com\\\/wp-content\\\/uploads\\\/2023\\\/04\\\/cropped-cropped-cropped-cropped-cropped-3-1.png\",\"contentUrl\":\"https:\\\/\\\/cvinoticias.com\\\/wp-content\\\/uploads\\\/2023\\\/04\\\/cropped-cropped-cropped-cropped-cropped-3-1.png\",\"width\":95,\"height\":122,\"caption\":\"CVI NOTICIAS\"},\"image\":{\"@id\":\"https:\\\/\\\/cvinoticias.com\\\/v3\\\/#\\\/schema\\\/logo\\\/image\\\/\"},\"sameAs\":[\"https:\\\/\\\/www.facebook.com\\\/cvinoticias\",\"https:\\\/\\\/www.instagram.com\\\/cvinoticias\\\/\",\"https:\\\/\\\/www.youtube.com\\\/@CVINOTICIAS\"]},{\"@type\":\"Person\",\"@id\":\"https:\\\/\\\/cvinoticias.com\\\/v3\\\/#\\\/schema\\\/person\\\/2db77e3c6bc03c538495d7b2b8be9b66\",\"name\":\"f1000024\",\"image\":{\"@type\":\"ImageObject\",\"inLanguage\":\"es\",\"@id\":\"https:\\\/\\\/secure.gravatar.com\\\/avatar\\\/d4fe7459cfc51ff5129ce1a732bbef5928568b8092d412ef95611616376bbeed?s=96&d=mm&r=g\",\"url\":\"https:\\\/\\\/secure.gravatar.com\\\/avatar\\\/d4fe7459cfc51ff5129ce1a732bbef5928568b8092d412ef95611616376bbeed?s=96&d=mm&r=g\",\"contentUrl\":\"https:\\\/\\\/secure.gravatar.com\\\/avatar\\\/d4fe7459cfc51ff5129ce1a732bbef5928568b8092d412ef95611616376bbeed?s=96&d=mm&r=g\",\"caption\":\"f1000024\"},\"url\":\"https:\\\/\\\/cvinoticias.com\\\/v3\\\/author\\\/f1000024\\\/\"}]}<\/script>\n<!-- \/ Yoast SEO plugin. -->","yoast_head_json":{"title":"Puerto Esperanza: Amenaz\u00f3 de muerte a sus familiares y termin\u00f3 detenido | CVI NOTICIAS","robots":{"index":"index","follow":"follow","max-snippet":"max-snippet:-1","max-image-preview":"max-image-preview:large","max-video-preview":"max-video-preview:-1"},"canonical":"https:\/\/cvinoticias.com\/v3\/puerto-esperanza-amenazo-de-muerte-a-sus-familiares-y-termino-detenido\/","og_locale":"es_ES","og_type":"article","og_title":"Puerto Esperanza: Amenaz\u00f3 de muerte a sus familiares y termin\u00f3 detenido | CVI NOTICIAS","og_description":"Tras un allanamiento concretado en las \u00faltimas horas en una vivienda del barrio Bellavista, la Polic\u00eda detuvo a un hombre de 42 a\u00f1os de edad en la causa caratulada \u00abAmenazas agravadas por el uso de armas\u00bb en contra de su concubina y grupo familiar. El hecho se registr\u00f3 el pasado 14 de Julio en horas [&hellip;]","og_url":"https:\/\/cvinoticias.com\/v3\/puerto-esperanza-amenazo-de-muerte-a-sus-familiares-y-termino-detenido\/","og_site_name":"CVI NOTICIAS","article_publisher":"https:\/\/www.facebook.com\/cvinoticias","article_published_time":"2021-07-17T17:32:31+00:00","og_image":[{"width":612,"height":638,"url":"https:\/\/cvinoticias.com\/wp-content\/uploads\/2021\/07\/FB_IMG_1626542856409.jpg","type":"image\/jpeg"}],"author":"f1000024","twitter_card":"summary_large_image","twitter_misc":{"Escrito por":"f1000024","Tiempo de lectura":"1 minuto"},"schema":{"@context":"https:\/\/schema.org","@graph":[{"@type":"Article","@id":"https:\/\/cvinoticias.com\/v3\/puerto-esperanza-amenazo-de-muerte-a-sus-familiares-y-termino-detenido\/#article","isPartOf":{"@id":"https:\/\/cvinoticias.com\/v3\/puerto-esperanza-amenazo-de-muerte-a-sus-familiares-y-termino-detenido\/"},"author":{"name":"f1000024","@id":"https:\/\/cvinoticias.com\/v3\/#\/schema\/person\/2db77e3c6bc03c538495d7b2b8be9b66"},"headline":"Puerto Esperanza: Amenaz\u00f3 de muerte a sus familiares y termin\u00f3 detenido","datePublished":"2021-07-17T17:32:31+00:00","mainEntityOfPage":{"@id":"https:\/\/cvinoticias.com\/v3\/puerto-esperanza-amenazo-de-muerte-a-sus-familiares-y-termino-detenido\/"},"wordCount":197,"commentCount":0,"publisher":{"@id":"https:\/\/cvinoticias.com\/v3\/#organization"},"image":{"@id":"https:\/\/cvinoticias.com\/v3\/puerto-esperanza-amenazo-de-muerte-a-sus-familiares-y-termino-detenido\/#primaryimage"},"thumbnailUrl":"https:\/\/cvinoticias.com\/wp-content\/uploads\/2021\/07\/FB_IMG_1626542856409.jpg","articleSection":["Policiales"],"inLanguage":"es","potentialAction":[{"@type":"CommentAction","name":"Comment","target":["https:\/\/cvinoticias.com\/v3\/puerto-esperanza-amenazo-de-muerte-a-sus-familiares-y-termino-detenido\/#respond"]}]},{"@type":"WebPage","@id":"https:\/\/cvinoticias.com\/v3\/puerto-esperanza-amenazo-de-muerte-a-sus-familiares-y-termino-detenido\/","url":"https:\/\/cvinoticias.com\/v3\/puerto-esperanza-amenazo-de-muerte-a-sus-familiares-y-termino-detenido\/","name":"Puerto Esperanza: Amenaz\u00f3 de muerte a sus familiares y termin\u00f3 detenido | CVI NOTICIAS","isPartOf":{"@id":"https:\/\/cvinoticias.com\/v3\/#website"},"primaryImageOfPage":{"@id":"https:\/\/cvinoticias.com\/v3\/puerto-esperanza-amenazo-de-muerte-a-sus-familiares-y-termino-detenido\/#primaryimage"},"image":{"@id":"https:\/\/cvinoticias.com\/v3\/puerto-esperanza-amenazo-de-muerte-a-sus-familiares-y-termino-detenido\/#primaryimage"},"thumbnailUrl":"https:\/\/cvinoticias.com\/wp-content\/uploads\/2021\/07\/FB_IMG_1626542856409.jpg","datePublished":"2021-07-17T17:32:31+00:00","breadcrumb":{"@id":"https:\/\/cvinoticias.com\/v3\/puerto-esperanza-amenazo-de-muerte-a-sus-familiares-y-termino-detenido\/#breadcrumb"},"inLanguage":"es","potentialAction":[{"@type":"ReadAction","target":["https:\/\/cvinoticias.com\/v3\/puerto-esperanza-amenazo-de-muerte-a-sus-familiares-y-termino-detenido\/"]}]},{"@type":"ImageObject","inLanguage":"es","@id":"https:\/\/cvinoticias.com\/v3\/puerto-esperanza-amenazo-de-muerte-a-sus-familiares-y-termino-detenido\/#primaryimage","url":"https:\/\/cvinoticias.com\/wp-content\/uploads\/2021\/07\/FB_IMG_1626542856409.jpg","contentUrl":"https:\/\/cvinoticias.com\/wp-content\/uploads\/2021\/07\/FB_IMG_1626542856409.jpg","width":612,"height":638},{"@type":"BreadcrumbList","@id":"https:\/\/cvinoticias.com\/v3\/puerto-esperanza-amenazo-de-muerte-a-sus-familiares-y-termino-detenido\/#breadcrumb","itemListElement":[{"@type":"ListItem","position":1,"name":"Portada","item":"https:\/\/cvinoticias.com\/v3\/"},{"@type":"ListItem","position":2,"name":"Puerto Esperanza: Amenaz\u00f3 de muerte a sus familiares y termin\u00f3 detenido"}]},{"@type":"WebSite","@id":"https:\/\/cvinoticias.com\/v3\/#website","url":"https:\/\/cvinoticias.com\/v3\/","name":"CVI NOTICIAS","description":"","publisher":{"@id":"https:\/\/cvinoticias.com\/v3\/#organization"},"alternateName":"CVI","potentialAction":[{"@type":"SearchAction","target":{"@type":"EntryPoint","urlTemplate":"https:\/\/cvinoticias.com\/v3\/?s={search_term_string}"},"query-input":{"@type":"PropertyValueSpecification","valueRequired":true,"valueName":"search_term_string"}}],"inLanguage":"es"},{"@type":"Organization","@id":"https:\/\/cvinoticias.com\/v3\/#organization","name":"CVI NOTICIAS","url":"https:\/\/cvinoticias.com\/v3\/","logo":{"@type":"ImageObject","inLanguage":"es","@id":"https:\/\/cvinoticias.com\/v3\/#\/schema\/logo\/image\/","url":"https:\/\/cvinoticias.com\/wp-content\/uploads\/2023\/04\/cropped-cropped-cropped-cropped-cropped-3-1.png","contentUrl":"https:\/\/cvinoticias.com\/wp-content\/uploads\/2023\/04\/cropped-cropped-cropped-cropped-cropped-3-1.png","width":95,"height":122,"caption":"CVI NOTICIAS"},"image":{"@id":"https:\/\/cvinoticias.com\/v3\/#\/schema\/logo\/image\/"},"sameAs":["https:\/\/www.facebook.com\/cvinoticias","https:\/\/www.instagram.com\/cvinoticias\/","https:\/\/www.youtube.com\/@CVINOTICIAS"]},{"@type":"Person","@id":"https:\/\/cvinoticias.com\/v3\/#\/schema\/person\/2db77e3c6bc03c538495d7b2b8be9b66","name":"f1000024","image":{"@type":"ImageObject","inLanguage":"es","@id":"https:\/\/secure.gravatar.com\/avatar\/d4fe7459cfc51ff5129ce1a732bbef5928568b8092d412ef95611616376bbeed?s=96&d=mm&r=g","url":"https:\/\/secure.gravatar.com\/avatar\/d4fe7459cfc51ff5129ce1a732bbef5928568b8092d412ef95611616376bbeed?s=96&d=mm&r=g","contentUrl":"https:\/\/secure.gravatar.com\/avatar\/d4fe7459cfc51ff5129ce1a732bbef5928568b8092d412ef95611616376bbeed?s=96&d=mm&r=g","caption":"f1000024"},"url":"https:\/\/cvinoticias.com\/v3\/author\/f1000024\/"}]}},"_links":{"self":[{"href":"https:\/\/cvinoticias.com\/v3\/wp-json\/wp\/v2\/posts\/6875","targetHints":{"allow":["GET"]}}],"collection":[{"href":"https:\/\/cvinoticias.com\/v3\/wp-json\/wp\/v2\/posts"}],"about":[{"href":"https:\/\/cvinoticias.com\/v3\/wp-json\/wp\/v2\/types\/post"}],"author":[{"embeddable":true,"href":"https:\/\/cvinoticias.com\/v3\/wp-json\/wp\/v2\/users\/2"}],"replies":[{"embeddable":true,"href":"https:\/\/cvinoticias.com\/v3\/wp-json\/wp\/v2\/comments?post=6875"}],"version-history":[{"count":1,"href":"https:\/\/cvinoticias.com\/v3\/wp-json\/wp\/v2\/posts\/6875\/revisions"}],"predecessor-version":[{"id":6878,"href":"https:\/\/cvinoticias.com\/v3\/wp-json\/wp\/v2\/posts\/6875\/revisions\/6878"}],"wp:featuredmedia":[{"embeddable":true,"href":"https:\/\/cvinoticias.com\/v3\/wp-json\/wp\/v2\/media\/6876"}],"wp:attachment":[{"href":"https:\/\/cvinoticias.com\/v3\/wp-json\/wp\/v2\/media?parent=6875"}],"wp:term":[{"taxonomy":"category","embeddable":true,"href":"https:\/\/cvinoticias.com\/v3\/wp-json\/wp\/v2\/categories?post=6875"},{"taxonomy":"post_tag","embeddable":true,"href":"https:\/\/cvinoticias.com\/v3\/wp-json\/wp\/v2\/tags?post=6875"}],"curies":[{"name":"wp","href":"https:\/\/api.w.org\/{rel}","templated":true}]}}