{"id":6859,"date":"2021-07-16T16:14:40","date_gmt":"2021-07-16T16:14:40","guid":{"rendered":"https:\/\/cvinoticias.com\/v3\/?p=6859"},"modified":"2021-07-16T16:14:40","modified_gmt":"2021-07-16T16:14:40","slug":"en-el-dia-de-la-solemnidad-de-la-virgen-del-carmen-dos-seminaristas-se-ordenaron-como-diaconos","status":"publish","type":"post","link":"https:\/\/cvinoticias.com\/v3\/en-el-dia-de-la-solemnidad-de-la-virgen-del-carmen-dos-seminaristas-se-ordenaron-como-diaconos\/","title":{"rendered":"En el d\u00eda de la solemnidad de la Virgen del Carmen dos seminaristas se ordenaron c\u00f3mo Di\u00e1conos"},"content":{"rendered":"\n<p><strong><em>La Di\u00f3cesis de Puerto Iguaz\u00fa se regocija una vez m\u00e1s con la ordenaci\u00f3n Diaconal de dos seminaristas<\/em><\/strong><\/p>\n\n\n\n<p>Este 16 de de Julio, d\u00eda de la Virgen del Carmen, se realiz\u00f3 en el Santuario de la Divina Misericordia, de Puerto Iguaz\u00fa, la ceremonia de ordenaci\u00f3n de dos alumnos del Seminario Mayor al Ministerio de Diaconado por manos de Mons. Nicol\u00e1s Baisi, Obispo de esta Di\u00f3cesis.<\/p>\n\n\n\n<p>Alejandro Nu\u00f1ez &#8211;&nbsp; \u00abSiervo tuyo soy hijo de t\u00fa siervo \u00bb &#8211; y Cristi\u00e1n Marcelo Loose &#8211; \u00abTodo lo que hagan, h\u00e1ganlo con amor\u00bb &#8211; son los nombres de los nuevos di\u00e1conos ordenados que son seminaristas del Seminario Mayor, que funciona en el Santuario Santa Mar\u00eda del Iguaz\u00fa.<\/p>\n\n\n\n<p>Se trata de un motivo de evidente alegr\u00eda para nuestra Iglesia diocesana en un contexto social delicado, presidido por la incertidumbre, que, en cambio, los nuevos di\u00e1conos asumen como un reto, una responsabilidad que abrazan con esperanza.<br><br><br><\/p>\n","protected":false},"excerpt":{"rendered":"<p>La Di\u00f3cesis de Puerto Iguaz\u00fa se regocija una vez m\u00e1s con la ordenaci\u00f3n Diaconal de dos seminaristas Este 16 de de Julio, d\u00eda de la Virgen del Carmen, se realiz\u00f3 en el Santuario de la Divina Misericordia, de Puerto Iguaz\u00fa, la ceremonia de ordenaci\u00f3n de dos alumnos del Seminario Mayor al Ministerio de Diaconado por [&hellip;]<\/p>\n","protected":false},"author":2,"featured_media":6860,"comment_status":"open","ping_status":"open","sticky":false,"template":"","format":"standard","meta":{"footnotes":""},"categories":[47],"tags":[],"class_list":["post-6859","post","type-post","status-publish","format-standard","has-post-thumbnail","hentry","category-sociedad"],"yoast_head":"<!-- This site is optimized with the Yoast SEO plugin v27.5 - https:\/\/yoast.com\/product\/yoast-seo-wordpress\/ -->\n<title>En el d\u00eda de la solemnidad de la Virgen del Carmen dos seminaristas se ordenaron c\u00f3mo Di\u00e1conos | CVI NOTICIAS<\/title>\n<meta name=\"robots\" content=\"index, follow, max-snippet:-1, max-image-preview:large, max-video-preview:-1\" \/>\n<link rel=\"canonical\" href=\"https:\/\/cvinoticias.com\/v3\/en-el-dia-de-la-solemnidad-de-la-virgen-del-carmen-dos-seminaristas-se-ordenaron-como-diaconos\/\" \/>\n<meta property=\"og:locale\" content=\"es_ES\" \/>\n<meta property=\"og:type\" content=\"article\" \/>\n<meta property=\"og:title\" content=\"En el d\u00eda de la solemnidad de la Virgen del Carmen dos seminaristas se ordenaron c\u00f3mo Di\u00e1conos | CVI NOTICIAS\" \/>\n<meta property=\"og:description\" content=\"La Di\u00f3cesis de Puerto Iguaz\u00fa se regocija una vez m\u00e1s con la ordenaci\u00f3n Diaconal de dos seminaristas Este 16 de de Julio, d\u00eda de la Virgen del Carmen, se realiz\u00f3 en el Santuario de la Divina Misericordia, de Puerto Iguaz\u00fa, la ceremonia de ordenaci\u00f3n de dos alumnos del Seminario Mayor al Ministerio de Diaconado por [&hellip;]\" \/>\n<meta property=\"og:url\" content=\"https:\/\/cvinoticias.com\/v3\/en-el-dia-de-la-solemnidad-de-la-virgen-del-carmen-dos-seminaristas-se-ordenaron-como-diaconos\/\" \/>\n<meta property=\"og:site_name\" content=\"CVI NOTICIAS\" \/>\n<meta property=\"article:publisher\" content=\"https:\/\/www.facebook.com\/cvinoticias\" \/>\n<meta property=\"article:published_time\" content=\"2021-07-16T16:14:40+00:00\" \/>\n<meta property=\"og:image\" content=\"https:\/\/cvinoticias.com\/wp-content\/uploads\/2021\/07\/PicsArt_07-16-01.10.17.jpg\" \/>\n\t<meta property=\"og:image:width\" content=\"1440\" \/>\n\t<meta property=\"og:image:height\" content=\"1080\" \/>\n\t<meta property=\"og:image:type\" content=\"image\/jpeg\" \/>\n<meta name=\"author\" content=\"f1000024\" \/>\n<meta name=\"twitter:card\" content=\"summary_large_image\" \/>\n<meta name=\"twitter:label1\" content=\"Escrito por\" \/>\n\t<meta name=\"twitter:data1\" content=\"f1000024\" \/>\n\t<meta name=\"twitter:label2\" content=\"Tiempo de lectura\" \/>\n\t<meta name=\"twitter:data2\" content=\"1 minuto\" \/>\n<script type=\"application\/ld+json\" class=\"yoast-schema-graph\">{\"@context\":\"https:\\\/\\\/schema.org\",\"@graph\":[{\"@type\":\"Article\",\"@id\":\"https:\\\/\\\/cvinoticias.com\\\/v3\\\/en-el-dia-de-la-solemnidad-de-la-virgen-del-carmen-dos-seminaristas-se-ordenaron-como-diaconos\\\/#article\",\"isPartOf\":{\"@id\":\"https:\\\/\\\/cvinoticias.com\\\/v3\\\/en-el-dia-de-la-solemnidad-de-la-virgen-del-carmen-dos-seminaristas-se-ordenaron-como-diaconos\\\/\"},\"author\":{\"name\":\"f1000024\",\"@id\":\"https:\\\/\\\/cvinoticias.com\\\/v3\\\/#\\\/schema\\\/person\\\/2db77e3c6bc03c538495d7b2b8be9b66\"},\"headline\":\"En el d\u00eda de la solemnidad de la Virgen del Carmen dos seminaristas se ordenaron c\u00f3mo Di\u00e1conos\",\"datePublished\":\"2021-07-16T16:14:40+00:00\",\"mainEntityOfPage\":{\"@id\":\"https:\\\/\\\/cvinoticias.com\\\/v3\\\/en-el-dia-de-la-solemnidad-de-la-virgen-del-carmen-dos-seminaristas-se-ordenaron-como-diaconos\\\/\"},\"wordCount\":182,\"commentCount\":0,\"publisher\":{\"@id\":\"https:\\\/\\\/cvinoticias.com\\\/v3\\\/#organization\"},\"image\":{\"@id\":\"https:\\\/\\\/cvinoticias.com\\\/v3\\\/en-el-dia-de-la-solemnidad-de-la-virgen-del-carmen-dos-seminaristas-se-ordenaron-como-diaconos\\\/#primaryimage\"},\"thumbnailUrl\":\"https:\\\/\\\/cvinoticias.com\\\/wp-content\\\/uploads\\\/2021\\\/07\\\/PicsArt_07-16-01.10.17.jpg\",\"articleSection\":[\"Sociedad\"],\"inLanguage\":\"es\",\"potentialAction\":[{\"@type\":\"CommentAction\",\"name\":\"Comment\",\"target\":[\"https:\\\/\\\/cvinoticias.com\\\/v3\\\/en-el-dia-de-la-solemnidad-de-la-virgen-del-carmen-dos-seminaristas-se-ordenaron-como-diaconos\\\/#respond\"]}]},{\"@type\":\"WebPage\",\"@id\":\"https:\\\/\\\/cvinoticias.com\\\/v3\\\/en-el-dia-de-la-solemnidad-de-la-virgen-del-carmen-dos-seminaristas-se-ordenaron-como-diaconos\\\/\",\"url\":\"https:\\\/\\\/cvinoticias.com\\\/v3\\\/en-el-dia-de-la-solemnidad-de-la-virgen-del-carmen-dos-seminaristas-se-ordenaron-como-diaconos\\\/\",\"name\":\"En el d\u00eda de la solemnidad de la Virgen del Carmen dos seminaristas se ordenaron c\u00f3mo Di\u00e1conos | CVI NOTICIAS\",\"isPartOf\":{\"@id\":\"https:\\\/\\\/cvinoticias.com\\\/v3\\\/#website\"},\"primaryImageOfPage\":{\"@id\":\"https:\\\/\\\/cvinoticias.com\\\/v3\\\/en-el-dia-de-la-solemnidad-de-la-virgen-del-carmen-dos-seminaristas-se-ordenaron-como-diaconos\\\/#primaryimage\"},\"image\":{\"@id\":\"https:\\\/\\\/cvinoticias.com\\\/v3\\\/en-el-dia-de-la-solemnidad-de-la-virgen-del-carmen-dos-seminaristas-se-ordenaron-como-diaconos\\\/#primaryimage\"},\"thumbnailUrl\":\"https:\\\/\\\/cvinoticias.com\\\/wp-content\\\/uploads\\\/2021\\\/07\\\/PicsArt_07-16-01.10.17.jpg\",\"datePublished\":\"2021-07-16T16:14:40+00:00\",\"breadcrumb\":{\"@id\":\"https:\\\/\\\/cvinoticias.com\\\/v3\\\/en-el-dia-de-la-solemnidad-de-la-virgen-del-carmen-dos-seminaristas-se-ordenaron-como-diaconos\\\/#breadcrumb\"},\"inLanguage\":\"es\",\"potentialAction\":[{\"@type\":\"ReadAction\",\"target\":[\"https:\\\/\\\/cvinoticias.com\\\/v3\\\/en-el-dia-de-la-solemnidad-de-la-virgen-del-carmen-dos-seminaristas-se-ordenaron-como-diaconos\\\/\"]}]},{\"@type\":\"ImageObject\",\"inLanguage\":\"es\",\"@id\":\"https:\\\/\\\/cvinoticias.com\\\/v3\\\/en-el-dia-de-la-solemnidad-de-la-virgen-del-carmen-dos-seminaristas-se-ordenaron-como-diaconos\\\/#primaryimage\",\"url\":\"https:\\\/\\\/cvinoticias.com\\\/wp-content\\\/uploads\\\/2021\\\/07\\\/PicsArt_07-16-01.10.17.jpg\",\"contentUrl\":\"https:\\\/\\\/cvinoticias.com\\\/wp-content\\\/uploads\\\/2021\\\/07\\\/PicsArt_07-16-01.10.17.jpg\",\"width\":1440,\"height\":1080},{\"@type\":\"BreadcrumbList\",\"@id\":\"https:\\\/\\\/cvinoticias.com\\\/v3\\\/en-el-dia-de-la-solemnidad-de-la-virgen-del-carmen-dos-seminaristas-se-ordenaron-como-diaconos\\\/#breadcrumb\",\"itemListElement\":[{\"@type\":\"ListItem\",\"position\":1,\"name\":\"Portada\",\"item\":\"https:\\\/\\\/cvinoticias.com\\\/v3\\\/\"},{\"@type\":\"ListItem\",\"position\":2,\"name\":\"En el d\u00eda de la solemnidad de la Virgen del Carmen dos seminaristas se ordenaron c\u00f3mo Di\u00e1conos\"}]},{\"@type\":\"WebSite\",\"@id\":\"https:\\\/\\\/cvinoticias.com\\\/v3\\\/#website\",\"url\":\"https:\\\/\\\/cvinoticias.com\\\/v3\\\/\",\"name\":\"CVI NOTICIAS\",\"description\":\"\",\"publisher\":{\"@id\":\"https:\\\/\\\/cvinoticias.com\\\/v3\\\/#organization\"},\"alternateName\":\"CVI\",\"potentialAction\":[{\"@type\":\"SearchAction\",\"target\":{\"@type\":\"EntryPoint\",\"urlTemplate\":\"https:\\\/\\\/cvinoticias.com\\\/v3\\\/?s={search_term_string}\"},\"query-input\":{\"@type\":\"PropertyValueSpecification\",\"valueRequired\":true,\"valueName\":\"search_term_string\"}}],\"inLanguage\":\"es\"},{\"@type\":\"Organization\",\"@id\":\"https:\\\/\\\/cvinoticias.com\\\/v3\\\/#organization\",\"name\":\"CVI NOTICIAS\",\"url\":\"https:\\\/\\\/cvinoticias.com\\\/v3\\\/\",\"logo\":{\"@type\":\"ImageObject\",\"inLanguage\":\"es\",\"@id\":\"https:\\\/\\\/cvinoticias.com\\\/v3\\\/#\\\/schema\\\/logo\\\/image\\\/\",\"url\":\"https:\\\/\\\/cvinoticias.com\\\/wp-content\\\/uploads\\\/2023\\\/04\\\/cropped-cropped-cropped-cropped-cropped-3-1.png\",\"contentUrl\":\"https:\\\/\\\/cvinoticias.com\\\/wp-content\\\/uploads\\\/2023\\\/04\\\/cropped-cropped-cropped-cropped-cropped-3-1.png\",\"width\":95,\"height\":122,\"caption\":\"CVI NOTICIAS\"},\"image\":{\"@id\":\"https:\\\/\\\/cvinoticias.com\\\/v3\\\/#\\\/schema\\\/logo\\\/image\\\/\"},\"sameAs\":[\"https:\\\/\\\/www.facebook.com\\\/cvinoticias\",\"https:\\\/\\\/www.instagram.com\\\/cvinoticias\\\/\",\"https:\\\/\\\/www.youtube.com\\\/@CVINOTICIAS\"]},{\"@type\":\"Person\",\"@id\":\"https:\\\/\\\/cvinoticias.com\\\/v3\\\/#\\\/schema\\\/person\\\/2db77e3c6bc03c538495d7b2b8be9b66\",\"name\":\"f1000024\",\"image\":{\"@type\":\"ImageObject\",\"inLanguage\":\"es\",\"@id\":\"https:\\\/\\\/secure.gravatar.com\\\/avatar\\\/d4fe7459cfc51ff5129ce1a732bbef5928568b8092d412ef95611616376bbeed?s=96&d=mm&r=g\",\"url\":\"https:\\\/\\\/secure.gravatar.com\\\/avatar\\\/d4fe7459cfc51ff5129ce1a732bbef5928568b8092d412ef95611616376bbeed?s=96&d=mm&r=g\",\"contentUrl\":\"https:\\\/\\\/secure.gravatar.com\\\/avatar\\\/d4fe7459cfc51ff5129ce1a732bbef5928568b8092d412ef95611616376bbeed?s=96&d=mm&r=g\",\"caption\":\"f1000024\"},\"url\":\"https:\\\/\\\/cvinoticias.com\\\/v3\\\/author\\\/f1000024\\\/\"}]}<\/script>\n<!-- \/ Yoast SEO plugin. -->","yoast_head_json":{"title":"En el d\u00eda de la solemnidad de la Virgen del Carmen dos seminaristas se ordenaron c\u00f3mo Di\u00e1conos | CVI NOTICIAS","robots":{"index":"index","follow":"follow","max-snippet":"max-snippet:-1","max-image-preview":"max-image-preview:large","max-video-preview":"max-video-preview:-1"},"canonical":"https:\/\/cvinoticias.com\/v3\/en-el-dia-de-la-solemnidad-de-la-virgen-del-carmen-dos-seminaristas-se-ordenaron-como-diaconos\/","og_locale":"es_ES","og_type":"article","og_title":"En el d\u00eda de la solemnidad de la Virgen del Carmen dos seminaristas se ordenaron c\u00f3mo Di\u00e1conos | CVI NOTICIAS","og_description":"La Di\u00f3cesis de Puerto Iguaz\u00fa se regocija una vez m\u00e1s con la ordenaci\u00f3n Diaconal de dos seminaristas Este 16 de de Julio, d\u00eda de la Virgen del Carmen, se realiz\u00f3 en el Santuario de la Divina Misericordia, de Puerto Iguaz\u00fa, la ceremonia de ordenaci\u00f3n de dos alumnos del Seminario Mayor al Ministerio de Diaconado por [&hellip;]","og_url":"https:\/\/cvinoticias.com\/v3\/en-el-dia-de-la-solemnidad-de-la-virgen-del-carmen-dos-seminaristas-se-ordenaron-como-diaconos\/","og_site_name":"CVI NOTICIAS","article_publisher":"https:\/\/www.facebook.com\/cvinoticias","article_published_time":"2021-07-16T16:14:40+00:00","og_image":[{"width":1440,"height":1080,"url":"https:\/\/cvinoticias.com\/wp-content\/uploads\/2021\/07\/PicsArt_07-16-01.10.17.jpg","type":"image\/jpeg"}],"author":"f1000024","twitter_card":"summary_large_image","twitter_misc":{"Escrito por":"f1000024","Tiempo de lectura":"1 minuto"},"schema":{"@context":"https:\/\/schema.org","@graph":[{"@type":"Article","@id":"https:\/\/cvinoticias.com\/v3\/en-el-dia-de-la-solemnidad-de-la-virgen-del-carmen-dos-seminaristas-se-ordenaron-como-diaconos\/#article","isPartOf":{"@id":"https:\/\/cvinoticias.com\/v3\/en-el-dia-de-la-solemnidad-de-la-virgen-del-carmen-dos-seminaristas-se-ordenaron-como-diaconos\/"},"author":{"name":"f1000024","@id":"https:\/\/cvinoticias.com\/v3\/#\/schema\/person\/2db77e3c6bc03c538495d7b2b8be9b66"},"headline":"En el d\u00eda de la solemnidad de la Virgen del Carmen dos seminaristas se ordenaron c\u00f3mo Di\u00e1conos","datePublished":"2021-07-16T16:14:40+00:00","mainEntityOfPage":{"@id":"https:\/\/cvinoticias.com\/v3\/en-el-dia-de-la-solemnidad-de-la-virgen-del-carmen-dos-seminaristas-se-ordenaron-como-diaconos\/"},"wordCount":182,"commentCount":0,"publisher":{"@id":"https:\/\/cvinoticias.com\/v3\/#organization"},"image":{"@id":"https:\/\/cvinoticias.com\/v3\/en-el-dia-de-la-solemnidad-de-la-virgen-del-carmen-dos-seminaristas-se-ordenaron-como-diaconos\/#primaryimage"},"thumbnailUrl":"https:\/\/cvinoticias.com\/wp-content\/uploads\/2021\/07\/PicsArt_07-16-01.10.17.jpg","articleSection":["Sociedad"],"inLanguage":"es","potentialAction":[{"@type":"CommentAction","name":"Comment","target":["https:\/\/cvinoticias.com\/v3\/en-el-dia-de-la-solemnidad-de-la-virgen-del-carmen-dos-seminaristas-se-ordenaron-como-diaconos\/#respond"]}]},{"@type":"WebPage","@id":"https:\/\/cvinoticias.com\/v3\/en-el-dia-de-la-solemnidad-de-la-virgen-del-carmen-dos-seminaristas-se-ordenaron-como-diaconos\/","url":"https:\/\/cvinoticias.com\/v3\/en-el-dia-de-la-solemnidad-de-la-virgen-del-carmen-dos-seminaristas-se-ordenaron-como-diaconos\/","name":"En el d\u00eda de la solemnidad de la Virgen del Carmen dos seminaristas se ordenaron c\u00f3mo Di\u00e1conos | CVI NOTICIAS","isPartOf":{"@id":"https:\/\/cvinoticias.com\/v3\/#website"},"primaryImageOfPage":{"@id":"https:\/\/cvinoticias.com\/v3\/en-el-dia-de-la-solemnidad-de-la-virgen-del-carmen-dos-seminaristas-se-ordenaron-como-diaconos\/#primaryimage"},"image":{"@id":"https:\/\/cvinoticias.com\/v3\/en-el-dia-de-la-solemnidad-de-la-virgen-del-carmen-dos-seminaristas-se-ordenaron-como-diaconos\/#primaryimage"},"thumbnailUrl":"https:\/\/cvinoticias.com\/wp-content\/uploads\/2021\/07\/PicsArt_07-16-01.10.17.jpg","datePublished":"2021-07-16T16:14:40+00:00","breadcrumb":{"@id":"https:\/\/cvinoticias.com\/v3\/en-el-dia-de-la-solemnidad-de-la-virgen-del-carmen-dos-seminaristas-se-ordenaron-como-diaconos\/#breadcrumb"},"inLanguage":"es","potentialAction":[{"@type":"ReadAction","target":["https:\/\/cvinoticias.com\/v3\/en-el-dia-de-la-solemnidad-de-la-virgen-del-carmen-dos-seminaristas-se-ordenaron-como-diaconos\/"]}]},{"@type":"ImageObject","inLanguage":"es","@id":"https:\/\/cvinoticias.com\/v3\/en-el-dia-de-la-solemnidad-de-la-virgen-del-carmen-dos-seminaristas-se-ordenaron-como-diaconos\/#primaryimage","url":"https:\/\/cvinoticias.com\/wp-content\/uploads\/2021\/07\/PicsArt_07-16-01.10.17.jpg","contentUrl":"https:\/\/cvinoticias.com\/wp-content\/uploads\/2021\/07\/PicsArt_07-16-01.10.17.jpg","width":1440,"height":1080},{"@type":"BreadcrumbList","@id":"https:\/\/cvinoticias.com\/v3\/en-el-dia-de-la-solemnidad-de-la-virgen-del-carmen-dos-seminaristas-se-ordenaron-como-diaconos\/#breadcrumb","itemListElement":[{"@type":"ListItem","position":1,"name":"Portada","item":"https:\/\/cvinoticias.com\/v3\/"},{"@type":"ListItem","position":2,"name":"En el d\u00eda de la solemnidad de la Virgen del Carmen dos seminaristas se ordenaron c\u00f3mo Di\u00e1conos"}]},{"@type":"WebSite","@id":"https:\/\/cvinoticias.com\/v3\/#website","url":"https:\/\/cvinoticias.com\/v3\/","name":"CVI NOTICIAS","description":"","publisher":{"@id":"https:\/\/cvinoticias.com\/v3\/#organization"},"alternateName":"CVI","potentialAction":[{"@type":"SearchAction","target":{"@type":"EntryPoint","urlTemplate":"https:\/\/cvinoticias.com\/v3\/?s={search_term_string}"},"query-input":{"@type":"PropertyValueSpecification","valueRequired":true,"valueName":"search_term_string"}}],"inLanguage":"es"},{"@type":"Organization","@id":"https:\/\/cvinoticias.com\/v3\/#organization","name":"CVI NOTICIAS","url":"https:\/\/cvinoticias.com\/v3\/","logo":{"@type":"ImageObject","inLanguage":"es","@id":"https:\/\/cvinoticias.com\/v3\/#\/schema\/logo\/image\/","url":"https:\/\/cvinoticias.com\/wp-content\/uploads\/2023\/04\/cropped-cropped-cropped-cropped-cropped-3-1.png","contentUrl":"https:\/\/cvinoticias.com\/wp-content\/uploads\/2023\/04\/cropped-cropped-cropped-cropped-cropped-3-1.png","width":95,"height":122,"caption":"CVI NOTICIAS"},"image":{"@id":"https:\/\/cvinoticias.com\/v3\/#\/schema\/logo\/image\/"},"sameAs":["https:\/\/www.facebook.com\/cvinoticias","https:\/\/www.instagram.com\/cvinoticias\/","https:\/\/www.youtube.com\/@CVINOTICIAS"]},{"@type":"Person","@id":"https:\/\/cvinoticias.com\/v3\/#\/schema\/person\/2db77e3c6bc03c538495d7b2b8be9b66","name":"f1000024","image":{"@type":"ImageObject","inLanguage":"es","@id":"https:\/\/secure.gravatar.com\/avatar\/d4fe7459cfc51ff5129ce1a732bbef5928568b8092d412ef95611616376bbeed?s=96&d=mm&r=g","url":"https:\/\/secure.gravatar.com\/avatar\/d4fe7459cfc51ff5129ce1a732bbef5928568b8092d412ef95611616376bbeed?s=96&d=mm&r=g","contentUrl":"https:\/\/secure.gravatar.com\/avatar\/d4fe7459cfc51ff5129ce1a732bbef5928568b8092d412ef95611616376bbeed?s=96&d=mm&r=g","caption":"f1000024"},"url":"https:\/\/cvinoticias.com\/v3\/author\/f1000024\/"}]}},"_links":{"self":[{"href":"https:\/\/cvinoticias.com\/v3\/wp-json\/wp\/v2\/posts\/6859","targetHints":{"allow":["GET"]}}],"collection":[{"href":"https:\/\/cvinoticias.com\/v3\/wp-json\/wp\/v2\/posts"}],"about":[{"href":"https:\/\/cvinoticias.com\/v3\/wp-json\/wp\/v2\/types\/post"}],"author":[{"embeddable":true,"href":"https:\/\/cvinoticias.com\/v3\/wp-json\/wp\/v2\/users\/2"}],"replies":[{"embeddable":true,"href":"https:\/\/cvinoticias.com\/v3\/wp-json\/wp\/v2\/comments?post=6859"}],"version-history":[{"count":1,"href":"https:\/\/cvinoticias.com\/v3\/wp-json\/wp\/v2\/posts\/6859\/revisions"}],"predecessor-version":[{"id":6861,"href":"https:\/\/cvinoticias.com\/v3\/wp-json\/wp\/v2\/posts\/6859\/revisions\/6861"}],"wp:featuredmedia":[{"embeddable":true,"href":"https:\/\/cvinoticias.com\/v3\/wp-json\/wp\/v2\/media\/6860"}],"wp:attachment":[{"href":"https:\/\/cvinoticias.com\/v3\/wp-json\/wp\/v2\/media?parent=6859"}],"wp:term":[{"taxonomy":"category","embeddable":true,"href":"https:\/\/cvinoticias.com\/v3\/wp-json\/wp\/v2\/categories?post=6859"},{"taxonomy":"post_tag","embeddable":true,"href":"https:\/\/cvinoticias.com\/v3\/wp-json\/wp\/v2\/tags?post=6859"}],"curies":[{"name":"wp","href":"https:\/\/api.w.org\/{rel}","templated":true}]}}