{"id":6844,"date":"2021-07-15T16:42:57","date_gmt":"2021-07-15T16:42:57","guid":{"rendered":"https:\/\/cvinoticias.com\/v3\/?p=6844"},"modified":"2021-07-15T16:42:57","modified_gmt":"2021-07-15T16:42:57","slug":"herrera-ahuad-y-el-ministro-desarrollo-social-de-la-nacion-entregaron-tarjetas-alimentar-a-municipios-de-la-provincia","status":"publish","type":"post","link":"https:\/\/cvinoticias.com\/v3\/herrera-ahuad-y-el-ministro-desarrollo-social-de-la-nacion-entregaron-tarjetas-alimentar-a-municipios-de-la-provincia\/","title":{"rendered":"Herrera Ahuad y el Ministro Desarrollo Social de la Naci\u00f3n entregaron tarjetas alimentar a Municipios de la Provincia"},"content":{"rendered":"\n<p><strong><em>El Gobernador y el ministro de Desarrollo Social de la Naci\u00f3n Daniel Arroyo, entregaron, en Casa de Gobierno, Tarjetas Alimentar para que las familias m\u00e1s vulnerables puedan acceder a la canasta b\u00e1sica alimentaria. Un beneficio que en Misiones alcanza a unos 162.657 destinatarios. Ambos funcionarios resaltaron la importancia de la medida para fortalecer la calidad nutricional de los misioneros y su potencial para el movimiento econ\u00f3mico de la provincia.<\/em><\/strong><\/p>\n\n\n\n<p>El gobernador Oscar Herrera Ahuad recibi\u00f3 esta ma\u00f1ana al ministro de Desarrollo de la Naci\u00f3n, Daniel Fernando Arroyo, con quien comparti\u00f3 la entrega de Tarjetas Alimentar. Un beneficio que permite a las familias m\u00e1s vulnerables acceder a la canasta b\u00e1sica alimentaria y que en Misiones alcanza a unos 162.657 destinatarios. Se realiz\u00f3 en Sala de Situaciones, junto a intendentes de las localidades y madres beneficiarias, donde el mandatario agradeci\u00f3 al ministerio de la Naci\u00f3n \u201cpor todo lo que nos ayuda y acompa\u00f1a en las pol\u00edticas p\u00fablicas\u201d.<\/p>\n\n\n\n<p>Tambi\u00e9n, Herrera Ahuad extendi\u00f3 el agradecimiento al presidente Alberto Fern\u00e1ndez \u201cpor permitirnos hoy poner en marcha el programa que complementa toda una serie de pol\u00edticas que ya se ven\u00edan trabajando en la provincia\u201d. As\u00ed, destac\u00f3 el programa nacional Potenciar Trabajo, y los provinciales Trabaja Misiones y Trabaja Misiones Joven. Igualmente, indic\u00f3 que la Tarjetas Alimentar es una medida que tambi\u00e9n debemos acompa\u00f1ar, sobre todo por su fortaleza en el aspecto nutricional. Sin embargo aclar\u00f3 que si bien la Tarjeta es importante, \u201cno tenemos que olvidar todo lo que ya llevamos adelante para que todos los misioneros y misioneras pueden acceder a alimentaci\u00f3n, trabajo, casa y techo\u201d.<\/p>\n\n\n\n<p>Del mismo modo, enfatiz\u00f3 que la medida significa incorporar cerca de 800 millones de pesos al circuito econ\u00f3mico en Misiones, una provincia fronteriza donde los consumidores tienden a comprar productos en pa\u00edses vecinos. \u201cPor eso apelo a la responsabilidad del empresariado\u201d, exhort\u00f3, se\u00f1alando que la tarjeta ser\u00e1 un motor del movimiento econ\u00f3mico. Asimismo, mencion\u00f3 la posibilidad de incorporar a la iniciativa a las Ferias Francas porque \u201ctienen las herramientas necesarias para que las mam\u00e1s puedan conseguir esos productos de primera necesidad a un precio muy accesible\u201d.<\/p>\n\n\n\n<p>Por otro lado, Herrera Ahuad remarc\u00f3 que la pandemia es tiempo de oportunidades, y debemos pensar c\u00f3mo seguir despu\u00e9s de la pandemia y \u00abc\u00f3mo debemos construir una Argentina mejor, una Misiones mejor\u201d. Con el mismo \u00e9nfasis, volvi\u00f3 a agradecer al funcionario nacional \u201cen nombre de todos los misioneros y las madres misioneras que a partir de ma\u00f1ana van a tener la posibilidad, ellas mismas y con una tarjeta, de elegir lo que quiere comer su hijo\u201d.<\/p>\n\n\n\n<p>Por \u00faltimo, declar\u00f3 que junto a los intendentes \u201cnos comprometemos a llevar adelante un control minucioso del programa para que este esquema de alimentaci\u00f3n llegue a la mesa de todos los misioneros que van tener la Tarjeta Alimentar\u201d.<\/p>\n\n\n\n<p><strong>Arroyo apunt\u00f3 a mejorar la alimentaci\u00f3n<\/strong><\/p>\n\n\n\n<p>En tanto Daniel Arroyo, dio detalles del programa y enfatiz\u00f3 la necesidad de que la tarjeta sea utilizada para la compra en especial de carnes, l\u00e1cteos, frutas y verduras apuntando a la buena nutrici\u00f3n. Igualmente, agradeci\u00f3 el acompa\u00f1amiento de la Provincia a la iniciativa que llega para \u201creforzar la calidad nutricional y avanzar en mejorar la situaci\u00f3n alimentaria\u201d.<\/p>\n\n\n\n<p>No obstante, el ministro pidi\u00f3 a los comerciantes de la provincia que \u201cayuden con los precios, que nos ayuden con la tarjeta alimentar, que hagan promociones y colaboren con su funcionamiento\u201d. Adelant\u00f3 que a partir del mes agosto estar\u00e1 disponible para la mayor\u00eda de las familias beneficiadas. Despu\u00e9s, sostuvo que la medida se da porque desde Naci\u00f3n \u201ctenemos un desaf\u00edo en la Argentina, es el de avanzar en la calidad nutricional de los m\u00e1s chicos. Tenemos 57% de pobreza de chicos hasta 14 a\u00f1os, nuestro claro objetivo es mejorar la situaci\u00f3n\u201d, mencion\u00f3.<\/p>\n\n\n\n<p>En su intervenci\u00f3n, resumi\u00f3 que la Tarjeta Alimentar generar\u00e1 movimiento econ\u00f3mico, fortalecimiento de la econom\u00eda regional y el trabajo de los emprendedores e igualdad de oportunidades para los m\u00e1s j\u00f3venes.<\/p>\n\n\n\n<p>Entre los asistentes que acompa\u00f1aron el acto, estuvieron el vicegobernador, Carlos Arce; la ministra de Desarrollo Social, de la Mujer y la Juventud, Benilda Dammer; el ministro de Salud, Oscar Alarc\u00f3n; el diputado provincial Mart\u00edn Cesino; el intendente de Posadas, Leonardo Stelatto; la intendenta de Ap\u00f3stoles, Mar\u00eda Eugenia Safr\u00e1n; el intendente de San Pedro, Miguel Dos Santos; el intendente de Ober\u00e1, Carlos Fern\u00e1ndez; el intendente de Puerto Rico, Carlos Koth, y su par de Eldorado, Fabio Mart\u00ednez, entre otros funcionarios provinciales.<\/p>\n\n\n\n<p><strong>El alcance de la Tarjeta Alimentar en Misiones<\/strong><\/p>\n\n\n\n<p>Hoy se entregaron Tarjetas Alimentar a 6 municipios -en representaci\u00f3n de los 77- con un total de 91.367 titulares de tarjetas y una cobertura poblacional de 162.657 destinatarios, lo que significa una inversi\u00f3n de $ 734.139.000. Entre las localidades beneficiadas se encuentran Posadas, San Pedro, Ap\u00f3stoles, Ober\u00e1, Puerto Rico y Eldorado.<\/p>\n\n\n\n<p>Igualmente, desde mayo se ampli\u00f3 en un 90% la cantidad de destinatarios en Misiones, se pas\u00f3 de 85 mil a 162.657 personas. El n\u00famero de beneficiarios se duplic\u00f3 luego de que se ampliara la edad de acceso, hasta los 14 a\u00f1os. Anteriormente s\u00f3lo recib\u00edan esta ayuda las madres o padres con hijos de hasta 6 a\u00f1os.<\/p>\n\n\n\n<p>Espec\u00edficamente, el beneficio se entrega por medio del Banco Naci\u00f3n, para que todos accedan a la canasta b\u00e1sica alimentaria con montos mensuales que van desde los 6.000 a los 12.000 pesos para las familias m\u00e1s empobrecidas del pa\u00eds que tengan ni\u00f1os o adolescentes de hasta 14 a\u00f1os o que sean beneficiarios de la Asignaci\u00f3n Universal por Hijo (AUH). Tambi\u00e9n a embarazadas a partir de los 3 meses que cobran la asignaci\u00f3n por embarazo, personas con discapacidad que reciben la AUH, madres con 7 hijos o m\u00e1s que perciben Pensiones No Contributivas. Su implementaci\u00f3n es autom\u00e1tica por lo que no hace falta realizar ning\u00fan tr\u00e1mite, se recarga cada viernes y permite comprar todo tipo de alimentos, leche, carnes, frutas y verduras, a excepci\u00f3n de bebidas alcoh\u00f3licas.<\/p>\n\n\n\n<figure class=\"wp-block-image size-large\"><a href=\"https:\/\/cvinoticias.com\/wp-content\/uploads\/2021\/07\/FB_IMG_1626366970322.jpg\"><img decoding=\"async\" width=\"1024\" height=\"683\" data-src=\"https:\/\/cvinoticias.com\/wp-content\/uploads\/2021\/07\/FB_IMG_1626366970322-1024x683.jpg\" alt=\"\" class=\"wp-image-6846 lazyload\" data-srcset=\"https:\/\/cvinoticias.com\/wp-content\/uploads\/2021\/07\/FB_IMG_1626366970322-1024x683.jpg 1024w, https:\/\/cvinoticias.com\/wp-content\/uploads\/2021\/07\/FB_IMG_1626366970322-300x200.jpg 300w, https:\/\/cvinoticias.com\/wp-content\/uploads\/2021\/07\/FB_IMG_1626366970322-768x512.jpg 768w, https:\/\/cvinoticias.com\/wp-content\/uploads\/2021\/07\/FB_IMG_1626366970322.jpg 1080w\" data-sizes=\"(max-width: 1024px) 100vw, 1024px\" src=\"data:image\/svg+xml;base64,PHN2ZyB3aWR0aD0iMSIgaGVpZ2h0PSIxIiB4bWxucz0iaHR0cDovL3d3dy53My5vcmcvMjAwMC9zdmciPjwvc3ZnPg==\" style=\"--smush-placeholder-width: 1024px; --smush-placeholder-aspect-ratio: 1024\/683;\" \/><\/a><\/figure>\n\n\n\n<figure class=\"wp-block-image size-large\"><a href=\"https:\/\/cvinoticias.com\/wp-content\/uploads\/2021\/07\/FB_IMG_1626366980565.jpg\"><img decoding=\"async\" width=\"1024\" height=\"683\" data-src=\"https:\/\/cvinoticias.com\/wp-content\/uploads\/2021\/07\/FB_IMG_1626366980565-1024x683.jpg\" alt=\"\" class=\"wp-image-6847 lazyload\" data-srcset=\"https:\/\/cvinoticias.com\/wp-content\/uploads\/2021\/07\/FB_IMG_1626366980565-1024x683.jpg 1024w, https:\/\/cvinoticias.com\/wp-content\/uploads\/2021\/07\/FB_IMG_1626366980565-300x200.jpg 300w, https:\/\/cvinoticias.com\/wp-content\/uploads\/2021\/07\/FB_IMG_1626366980565-768x512.jpg 768w, https:\/\/cvinoticias.com\/wp-content\/uploads\/2021\/07\/FB_IMG_1626366980565.jpg 1080w\" data-sizes=\"(max-width: 1024px) 100vw, 1024px\" src=\"data:image\/svg+xml;base64,PHN2ZyB3aWR0aD0iMSIgaGVpZ2h0PSIxIiB4bWxucz0iaHR0cDovL3d3dy53My5vcmcvMjAwMC9zdmciPjwvc3ZnPg==\" style=\"--smush-placeholder-width: 1024px; --smush-placeholder-aspect-ratio: 1024\/683;\" \/><\/a><\/figure>\n","protected":false},"excerpt":{"rendered":"<p>El Gobernador y el ministro de Desarrollo Social de la Naci\u00f3n Daniel Arroyo, entregaron, en Casa de Gobierno, Tarjetas Alimentar para que las familias m\u00e1s vulnerables puedan acceder a la canasta b\u00e1sica alimentaria. Un beneficio que en Misiones alcanza a unos 162.657 destinatarios. Ambos funcionarios resaltaron la importancia de la medida para fortalecer la calidad [&hellip;]<\/p>\n","protected":false},"author":2,"featured_media":6845,"comment_status":"open","ping_status":"open","sticky":false,"template":"","format":"standard","meta":{"footnotes":""},"categories":[43],"tags":[],"class_list":["post-6844","post","type-post","status-publish","format-standard","has-post-thumbnail","hentry","category-provinciales"],"yoast_head":"<!-- This site is optimized with the Yoast SEO plugin v27.5 - https:\/\/yoast.com\/product\/yoast-seo-wordpress\/ -->\n<title>Herrera Ahuad y el Ministro Desarrollo Social de la Naci\u00f3n entregaron tarjetas alimentar a Municipios de la Provincia | CVI NOTICIAS<\/title>\n<meta name=\"robots\" content=\"index, follow, max-snippet:-1, max-image-preview:large, max-video-preview:-1\" \/>\n<link rel=\"canonical\" href=\"https:\/\/cvinoticias.com\/v3\/herrera-ahuad-y-el-ministro-desarrollo-social-de-la-nacion-entregaron-tarjetas-alimentar-a-municipios-de-la-provincia\/\" \/>\n<meta property=\"og:locale\" content=\"es_ES\" \/>\n<meta property=\"og:type\" content=\"article\" \/>\n<meta property=\"og:title\" content=\"Herrera Ahuad y el Ministro Desarrollo Social de la Naci\u00f3n entregaron tarjetas alimentar a Municipios de la Provincia | CVI NOTICIAS\" \/>\n<meta property=\"og:description\" content=\"El Gobernador y el ministro de Desarrollo Social de la Naci\u00f3n Daniel Arroyo, entregaron, en Casa de Gobierno, Tarjetas Alimentar para que las familias m\u00e1s vulnerables puedan acceder a la canasta b\u00e1sica alimentaria. Un beneficio que en Misiones alcanza a unos 162.657 destinatarios. Ambos funcionarios resaltaron la importancia de la medida para fortalecer la calidad [&hellip;]\" \/>\n<meta property=\"og:url\" content=\"https:\/\/cvinoticias.com\/v3\/herrera-ahuad-y-el-ministro-desarrollo-social-de-la-nacion-entregaron-tarjetas-alimentar-a-municipios-de-la-provincia\/\" \/>\n<meta property=\"og:site_name\" content=\"CVI NOTICIAS\" \/>\n<meta property=\"article:publisher\" content=\"https:\/\/www.facebook.com\/cvinoticias\" \/>\n<meta property=\"article:published_time\" content=\"2021-07-15T16:42:57+00:00\" \/>\n<meta property=\"og:image\" content=\"https:\/\/cvinoticias.com\/wp-content\/uploads\/2021\/07\/FB_IMG_1626366984275.jpg\" \/>\n\t<meta property=\"og:image:width\" content=\"1080\" \/>\n\t<meta property=\"og:image:height\" content=\"720\" \/>\n\t<meta property=\"og:image:type\" content=\"image\/jpeg\" \/>\n<meta name=\"author\" content=\"f1000024\" \/>\n<meta name=\"twitter:card\" content=\"summary_large_image\" \/>\n<meta name=\"twitter:label1\" content=\"Escrito por\" \/>\n\t<meta name=\"twitter:data1\" content=\"f1000024\" \/>\n\t<meta name=\"twitter:label2\" content=\"Tiempo de lectura\" \/>\n\t<meta name=\"twitter:data2\" content=\"5 minutos\" \/>\n<script type=\"application\/ld+json\" class=\"yoast-schema-graph\">{\"@context\":\"https:\\\/\\\/schema.org\",\"@graph\":[{\"@type\":\"Article\",\"@id\":\"https:\\\/\\\/cvinoticias.com\\\/v3\\\/herrera-ahuad-y-el-ministro-desarrollo-social-de-la-nacion-entregaron-tarjetas-alimentar-a-municipios-de-la-provincia\\\/#article\",\"isPartOf\":{\"@id\":\"https:\\\/\\\/cvinoticias.com\\\/v3\\\/herrera-ahuad-y-el-ministro-desarrollo-social-de-la-nacion-entregaron-tarjetas-alimentar-a-municipios-de-la-provincia\\\/\"},\"author\":{\"name\":\"f1000024\",\"@id\":\"https:\\\/\\\/cvinoticias.com\\\/v3\\\/#\\\/schema\\\/person\\\/2db77e3c6bc03c538495d7b2b8be9b66\"},\"headline\":\"Herrera Ahuad y el Ministro Desarrollo Social de la Naci\u00f3n entregaron tarjetas alimentar a Municipios de la Provincia\",\"datePublished\":\"2021-07-15T16:42:57+00:00\",\"mainEntityOfPage\":{\"@id\":\"https:\\\/\\\/cvinoticias.com\\\/v3\\\/herrera-ahuad-y-el-ministro-desarrollo-social-de-la-nacion-entregaron-tarjetas-alimentar-a-municipios-de-la-provincia\\\/\"},\"wordCount\":1046,\"commentCount\":0,\"publisher\":{\"@id\":\"https:\\\/\\\/cvinoticias.com\\\/v3\\\/#organization\"},\"image\":{\"@id\":\"https:\\\/\\\/cvinoticias.com\\\/v3\\\/herrera-ahuad-y-el-ministro-desarrollo-social-de-la-nacion-entregaron-tarjetas-alimentar-a-municipios-de-la-provincia\\\/#primaryimage\"},\"thumbnailUrl\":\"https:\\\/\\\/cvinoticias.com\\\/wp-content\\\/uploads\\\/2021\\\/07\\\/FB_IMG_1626366984275.jpg\",\"articleSection\":[\"Provinciales\"],\"inLanguage\":\"es\",\"potentialAction\":[{\"@type\":\"CommentAction\",\"name\":\"Comment\",\"target\":[\"https:\\\/\\\/cvinoticias.com\\\/v3\\\/herrera-ahuad-y-el-ministro-desarrollo-social-de-la-nacion-entregaron-tarjetas-alimentar-a-municipios-de-la-provincia\\\/#respond\"]}]},{\"@type\":\"WebPage\",\"@id\":\"https:\\\/\\\/cvinoticias.com\\\/v3\\\/herrera-ahuad-y-el-ministro-desarrollo-social-de-la-nacion-entregaron-tarjetas-alimentar-a-municipios-de-la-provincia\\\/\",\"url\":\"https:\\\/\\\/cvinoticias.com\\\/v3\\\/herrera-ahuad-y-el-ministro-desarrollo-social-de-la-nacion-entregaron-tarjetas-alimentar-a-municipios-de-la-provincia\\\/\",\"name\":\"Herrera Ahuad y el Ministro Desarrollo Social de la Naci\u00f3n entregaron tarjetas alimentar a Municipios de la Provincia | CVI NOTICIAS\",\"isPartOf\":{\"@id\":\"https:\\\/\\\/cvinoticias.com\\\/v3\\\/#website\"},\"primaryImageOfPage\":{\"@id\":\"https:\\\/\\\/cvinoticias.com\\\/v3\\\/herrera-ahuad-y-el-ministro-desarrollo-social-de-la-nacion-entregaron-tarjetas-alimentar-a-municipios-de-la-provincia\\\/#primaryimage\"},\"image\":{\"@id\":\"https:\\\/\\\/cvinoticias.com\\\/v3\\\/herrera-ahuad-y-el-ministro-desarrollo-social-de-la-nacion-entregaron-tarjetas-alimentar-a-municipios-de-la-provincia\\\/#primaryimage\"},\"thumbnailUrl\":\"https:\\\/\\\/cvinoticias.com\\\/wp-content\\\/uploads\\\/2021\\\/07\\\/FB_IMG_1626366984275.jpg\",\"datePublished\":\"2021-07-15T16:42:57+00:00\",\"breadcrumb\":{\"@id\":\"https:\\\/\\\/cvinoticias.com\\\/v3\\\/herrera-ahuad-y-el-ministro-desarrollo-social-de-la-nacion-entregaron-tarjetas-alimentar-a-municipios-de-la-provincia\\\/#breadcrumb\"},\"inLanguage\":\"es\",\"potentialAction\":[{\"@type\":\"ReadAction\",\"target\":[\"https:\\\/\\\/cvinoticias.com\\\/v3\\\/herrera-ahuad-y-el-ministro-desarrollo-social-de-la-nacion-entregaron-tarjetas-alimentar-a-municipios-de-la-provincia\\\/\"]}]},{\"@type\":\"ImageObject\",\"inLanguage\":\"es\",\"@id\":\"https:\\\/\\\/cvinoticias.com\\\/v3\\\/herrera-ahuad-y-el-ministro-desarrollo-social-de-la-nacion-entregaron-tarjetas-alimentar-a-municipios-de-la-provincia\\\/#primaryimage\",\"url\":\"https:\\\/\\\/cvinoticias.com\\\/wp-content\\\/uploads\\\/2021\\\/07\\\/FB_IMG_1626366984275.jpg\",\"contentUrl\":\"https:\\\/\\\/cvinoticias.com\\\/wp-content\\\/uploads\\\/2021\\\/07\\\/FB_IMG_1626366984275.jpg\",\"width\":1080,\"height\":720},{\"@type\":\"BreadcrumbList\",\"@id\":\"https:\\\/\\\/cvinoticias.com\\\/v3\\\/herrera-ahuad-y-el-ministro-desarrollo-social-de-la-nacion-entregaron-tarjetas-alimentar-a-municipios-de-la-provincia\\\/#breadcrumb\",\"itemListElement\":[{\"@type\":\"ListItem\",\"position\":1,\"name\":\"Portada\",\"item\":\"https:\\\/\\\/cvinoticias.com\\\/v3\\\/\"},{\"@type\":\"ListItem\",\"position\":2,\"name\":\"Herrera Ahuad y el Ministro Desarrollo Social de la Naci\u00f3n entregaron tarjetas alimentar a Municipios de la Provincia\"}]},{\"@type\":\"WebSite\",\"@id\":\"https:\\\/\\\/cvinoticias.com\\\/v3\\\/#website\",\"url\":\"https:\\\/\\\/cvinoticias.com\\\/v3\\\/\",\"name\":\"CVI NOTICIAS\",\"description\":\"\",\"publisher\":{\"@id\":\"https:\\\/\\\/cvinoticias.com\\\/v3\\\/#organization\"},\"alternateName\":\"CVI\",\"potentialAction\":[{\"@type\":\"SearchAction\",\"target\":{\"@type\":\"EntryPoint\",\"urlTemplate\":\"https:\\\/\\\/cvinoticias.com\\\/v3\\\/?s={search_term_string}\"},\"query-input\":{\"@type\":\"PropertyValueSpecification\",\"valueRequired\":true,\"valueName\":\"search_term_string\"}}],\"inLanguage\":\"es\"},{\"@type\":\"Organization\",\"@id\":\"https:\\\/\\\/cvinoticias.com\\\/v3\\\/#organization\",\"name\":\"CVI NOTICIAS\",\"url\":\"https:\\\/\\\/cvinoticias.com\\\/v3\\\/\",\"logo\":{\"@type\":\"ImageObject\",\"inLanguage\":\"es\",\"@id\":\"https:\\\/\\\/cvinoticias.com\\\/v3\\\/#\\\/schema\\\/logo\\\/image\\\/\",\"url\":\"https:\\\/\\\/cvinoticias.com\\\/wp-content\\\/uploads\\\/2023\\\/04\\\/cropped-cropped-cropped-cropped-cropped-3-1.png\",\"contentUrl\":\"https:\\\/\\\/cvinoticias.com\\\/wp-content\\\/uploads\\\/2023\\\/04\\\/cropped-cropped-cropped-cropped-cropped-3-1.png\",\"width\":95,\"height\":122,\"caption\":\"CVI NOTICIAS\"},\"image\":{\"@id\":\"https:\\\/\\\/cvinoticias.com\\\/v3\\\/#\\\/schema\\\/logo\\\/image\\\/\"},\"sameAs\":[\"https:\\\/\\\/www.facebook.com\\\/cvinoticias\",\"https:\\\/\\\/www.instagram.com\\\/cvinoticias\\\/\",\"https:\\\/\\\/www.youtube.com\\\/@CVINOTICIAS\"]},{\"@type\":\"Person\",\"@id\":\"https:\\\/\\\/cvinoticias.com\\\/v3\\\/#\\\/schema\\\/person\\\/2db77e3c6bc03c538495d7b2b8be9b66\",\"name\":\"f1000024\",\"image\":{\"@type\":\"ImageObject\",\"inLanguage\":\"es\",\"@id\":\"https:\\\/\\\/secure.gravatar.com\\\/avatar\\\/d4fe7459cfc51ff5129ce1a732bbef5928568b8092d412ef95611616376bbeed?s=96&d=mm&r=g\",\"url\":\"https:\\\/\\\/secure.gravatar.com\\\/avatar\\\/d4fe7459cfc51ff5129ce1a732bbef5928568b8092d412ef95611616376bbeed?s=96&d=mm&r=g\",\"contentUrl\":\"https:\\\/\\\/secure.gravatar.com\\\/avatar\\\/d4fe7459cfc51ff5129ce1a732bbef5928568b8092d412ef95611616376bbeed?s=96&d=mm&r=g\",\"caption\":\"f1000024\"},\"url\":\"https:\\\/\\\/cvinoticias.com\\\/v3\\\/author\\\/f1000024\\\/\"}]}<\/script>\n<!-- \/ Yoast SEO plugin. -->","yoast_head_json":{"title":"Herrera Ahuad y el Ministro Desarrollo Social de la Naci\u00f3n entregaron tarjetas alimentar a Municipios de la Provincia | CVI NOTICIAS","robots":{"index":"index","follow":"follow","max-snippet":"max-snippet:-1","max-image-preview":"max-image-preview:large","max-video-preview":"max-video-preview:-1"},"canonical":"https:\/\/cvinoticias.com\/v3\/herrera-ahuad-y-el-ministro-desarrollo-social-de-la-nacion-entregaron-tarjetas-alimentar-a-municipios-de-la-provincia\/","og_locale":"es_ES","og_type":"article","og_title":"Herrera Ahuad y el Ministro Desarrollo Social de la Naci\u00f3n entregaron tarjetas alimentar a Municipios de la Provincia | CVI NOTICIAS","og_description":"El Gobernador y el ministro de Desarrollo Social de la Naci\u00f3n Daniel Arroyo, entregaron, en Casa de Gobierno, Tarjetas Alimentar para que las familias m\u00e1s vulnerables puedan acceder a la canasta b\u00e1sica alimentaria. Un beneficio que en Misiones alcanza a unos 162.657 destinatarios. Ambos funcionarios resaltaron la importancia de la medida para fortalecer la calidad [&hellip;]","og_url":"https:\/\/cvinoticias.com\/v3\/herrera-ahuad-y-el-ministro-desarrollo-social-de-la-nacion-entregaron-tarjetas-alimentar-a-municipios-de-la-provincia\/","og_site_name":"CVI NOTICIAS","article_publisher":"https:\/\/www.facebook.com\/cvinoticias","article_published_time":"2021-07-15T16:42:57+00:00","og_image":[{"width":1080,"height":720,"url":"https:\/\/cvinoticias.com\/wp-content\/uploads\/2021\/07\/FB_IMG_1626366984275.jpg","type":"image\/jpeg"}],"author":"f1000024","twitter_card":"summary_large_image","twitter_misc":{"Escrito por":"f1000024","Tiempo de lectura":"5 minutos"},"schema":{"@context":"https:\/\/schema.org","@graph":[{"@type":"Article","@id":"https:\/\/cvinoticias.com\/v3\/herrera-ahuad-y-el-ministro-desarrollo-social-de-la-nacion-entregaron-tarjetas-alimentar-a-municipios-de-la-provincia\/#article","isPartOf":{"@id":"https:\/\/cvinoticias.com\/v3\/herrera-ahuad-y-el-ministro-desarrollo-social-de-la-nacion-entregaron-tarjetas-alimentar-a-municipios-de-la-provincia\/"},"author":{"name":"f1000024","@id":"https:\/\/cvinoticias.com\/v3\/#\/schema\/person\/2db77e3c6bc03c538495d7b2b8be9b66"},"headline":"Herrera Ahuad y el Ministro Desarrollo Social de la Naci\u00f3n entregaron tarjetas alimentar a Municipios de la Provincia","datePublished":"2021-07-15T16:42:57+00:00","mainEntityOfPage":{"@id":"https:\/\/cvinoticias.com\/v3\/herrera-ahuad-y-el-ministro-desarrollo-social-de-la-nacion-entregaron-tarjetas-alimentar-a-municipios-de-la-provincia\/"},"wordCount":1046,"commentCount":0,"publisher":{"@id":"https:\/\/cvinoticias.com\/v3\/#organization"},"image":{"@id":"https:\/\/cvinoticias.com\/v3\/herrera-ahuad-y-el-ministro-desarrollo-social-de-la-nacion-entregaron-tarjetas-alimentar-a-municipios-de-la-provincia\/#primaryimage"},"thumbnailUrl":"https:\/\/cvinoticias.com\/wp-content\/uploads\/2021\/07\/FB_IMG_1626366984275.jpg","articleSection":["Provinciales"],"inLanguage":"es","potentialAction":[{"@type":"CommentAction","name":"Comment","target":["https:\/\/cvinoticias.com\/v3\/herrera-ahuad-y-el-ministro-desarrollo-social-de-la-nacion-entregaron-tarjetas-alimentar-a-municipios-de-la-provincia\/#respond"]}]},{"@type":"WebPage","@id":"https:\/\/cvinoticias.com\/v3\/herrera-ahuad-y-el-ministro-desarrollo-social-de-la-nacion-entregaron-tarjetas-alimentar-a-municipios-de-la-provincia\/","url":"https:\/\/cvinoticias.com\/v3\/herrera-ahuad-y-el-ministro-desarrollo-social-de-la-nacion-entregaron-tarjetas-alimentar-a-municipios-de-la-provincia\/","name":"Herrera Ahuad y el Ministro Desarrollo Social de la Naci\u00f3n entregaron tarjetas alimentar a Municipios de la Provincia | CVI NOTICIAS","isPartOf":{"@id":"https:\/\/cvinoticias.com\/v3\/#website"},"primaryImageOfPage":{"@id":"https:\/\/cvinoticias.com\/v3\/herrera-ahuad-y-el-ministro-desarrollo-social-de-la-nacion-entregaron-tarjetas-alimentar-a-municipios-de-la-provincia\/#primaryimage"},"image":{"@id":"https:\/\/cvinoticias.com\/v3\/herrera-ahuad-y-el-ministro-desarrollo-social-de-la-nacion-entregaron-tarjetas-alimentar-a-municipios-de-la-provincia\/#primaryimage"},"thumbnailUrl":"https:\/\/cvinoticias.com\/wp-content\/uploads\/2021\/07\/FB_IMG_1626366984275.jpg","datePublished":"2021-07-15T16:42:57+00:00","breadcrumb":{"@id":"https:\/\/cvinoticias.com\/v3\/herrera-ahuad-y-el-ministro-desarrollo-social-de-la-nacion-entregaron-tarjetas-alimentar-a-municipios-de-la-provincia\/#breadcrumb"},"inLanguage":"es","potentialAction":[{"@type":"ReadAction","target":["https:\/\/cvinoticias.com\/v3\/herrera-ahuad-y-el-ministro-desarrollo-social-de-la-nacion-entregaron-tarjetas-alimentar-a-municipios-de-la-provincia\/"]}]},{"@type":"ImageObject","inLanguage":"es","@id":"https:\/\/cvinoticias.com\/v3\/herrera-ahuad-y-el-ministro-desarrollo-social-de-la-nacion-entregaron-tarjetas-alimentar-a-municipios-de-la-provincia\/#primaryimage","url":"https:\/\/cvinoticias.com\/wp-content\/uploads\/2021\/07\/FB_IMG_1626366984275.jpg","contentUrl":"https:\/\/cvinoticias.com\/wp-content\/uploads\/2021\/07\/FB_IMG_1626366984275.jpg","width":1080,"height":720},{"@type":"BreadcrumbList","@id":"https:\/\/cvinoticias.com\/v3\/herrera-ahuad-y-el-ministro-desarrollo-social-de-la-nacion-entregaron-tarjetas-alimentar-a-municipios-de-la-provincia\/#breadcrumb","itemListElement":[{"@type":"ListItem","position":1,"name":"Portada","item":"https:\/\/cvinoticias.com\/v3\/"},{"@type":"ListItem","position":2,"name":"Herrera Ahuad y el Ministro Desarrollo Social de la Naci\u00f3n entregaron tarjetas alimentar a Municipios de la Provincia"}]},{"@type":"WebSite","@id":"https:\/\/cvinoticias.com\/v3\/#website","url":"https:\/\/cvinoticias.com\/v3\/","name":"CVI NOTICIAS","description":"","publisher":{"@id":"https:\/\/cvinoticias.com\/v3\/#organization"},"alternateName":"CVI","potentialAction":[{"@type":"SearchAction","target":{"@type":"EntryPoint","urlTemplate":"https:\/\/cvinoticias.com\/v3\/?s={search_term_string}"},"query-input":{"@type":"PropertyValueSpecification","valueRequired":true,"valueName":"search_term_string"}}],"inLanguage":"es"},{"@type":"Organization","@id":"https:\/\/cvinoticias.com\/v3\/#organization","name":"CVI NOTICIAS","url":"https:\/\/cvinoticias.com\/v3\/","logo":{"@type":"ImageObject","inLanguage":"es","@id":"https:\/\/cvinoticias.com\/v3\/#\/schema\/logo\/image\/","url":"https:\/\/cvinoticias.com\/wp-content\/uploads\/2023\/04\/cropped-cropped-cropped-cropped-cropped-3-1.png","contentUrl":"https:\/\/cvinoticias.com\/wp-content\/uploads\/2023\/04\/cropped-cropped-cropped-cropped-cropped-3-1.png","width":95,"height":122,"caption":"CVI NOTICIAS"},"image":{"@id":"https:\/\/cvinoticias.com\/v3\/#\/schema\/logo\/image\/"},"sameAs":["https:\/\/www.facebook.com\/cvinoticias","https:\/\/www.instagram.com\/cvinoticias\/","https:\/\/www.youtube.com\/@CVINOTICIAS"]},{"@type":"Person","@id":"https:\/\/cvinoticias.com\/v3\/#\/schema\/person\/2db77e3c6bc03c538495d7b2b8be9b66","name":"f1000024","image":{"@type":"ImageObject","inLanguage":"es","@id":"https:\/\/secure.gravatar.com\/avatar\/d4fe7459cfc51ff5129ce1a732bbef5928568b8092d412ef95611616376bbeed?s=96&d=mm&r=g","url":"https:\/\/secure.gravatar.com\/avatar\/d4fe7459cfc51ff5129ce1a732bbef5928568b8092d412ef95611616376bbeed?s=96&d=mm&r=g","contentUrl":"https:\/\/secure.gravatar.com\/avatar\/d4fe7459cfc51ff5129ce1a732bbef5928568b8092d412ef95611616376bbeed?s=96&d=mm&r=g","caption":"f1000024"},"url":"https:\/\/cvinoticias.com\/v3\/author\/f1000024\/"}]}},"_links":{"self":[{"href":"https:\/\/cvinoticias.com\/v3\/wp-json\/wp\/v2\/posts\/6844","targetHints":{"allow":["GET"]}}],"collection":[{"href":"https:\/\/cvinoticias.com\/v3\/wp-json\/wp\/v2\/posts"}],"about":[{"href":"https:\/\/cvinoticias.com\/v3\/wp-json\/wp\/v2\/types\/post"}],"author":[{"embeddable":true,"href":"https:\/\/cvinoticias.com\/v3\/wp-json\/wp\/v2\/users\/2"}],"replies":[{"embeddable":true,"href":"https:\/\/cvinoticias.com\/v3\/wp-json\/wp\/v2\/comments?post=6844"}],"version-history":[{"count":1,"href":"https:\/\/cvinoticias.com\/v3\/wp-json\/wp\/v2\/posts\/6844\/revisions"}],"predecessor-version":[{"id":6848,"href":"https:\/\/cvinoticias.com\/v3\/wp-json\/wp\/v2\/posts\/6844\/revisions\/6848"}],"wp:featuredmedia":[{"embeddable":true,"href":"https:\/\/cvinoticias.com\/v3\/wp-json\/wp\/v2\/media\/6845"}],"wp:attachment":[{"href":"https:\/\/cvinoticias.com\/v3\/wp-json\/wp\/v2\/media?parent=6844"}],"wp:term":[{"taxonomy":"category","embeddable":true,"href":"https:\/\/cvinoticias.com\/v3\/wp-json\/wp\/v2\/categories?post=6844"},{"taxonomy":"post_tag","embeddable":true,"href":"https:\/\/cvinoticias.com\/v3\/wp-json\/wp\/v2\/tags?post=6844"}],"curies":[{"name":"wp","href":"https:\/\/api.w.org\/{rel}","templated":true}]}}