{"id":6833,"date":"2021-07-15T11:56:35","date_gmt":"2021-07-15T11:56:35","guid":{"rendered":"https:\/\/cvinoticias.com\/v3\/?p=6833"},"modified":"2021-07-15T11:56:35","modified_gmt":"2021-07-15T11:56:35","slug":"mas-de-un-millon-de-chicos-todavia-no-tuvo-un-solo-dia-de-clases-presenciales-en-2021","status":"publish","type":"post","link":"https:\/\/cvinoticias.com\/v3\/mas-de-un-millon-de-chicos-todavia-no-tuvo-un-solo-dia-de-clases-presenciales-en-2021\/","title":{"rendered":"M\u00e1s de un mill\u00f3n de chicos todav\u00eda no tuvo un solo d\u00eda de clases presenciales en 2021"},"content":{"rendered":"\n<p><strong><em>Surge de un nuevo informe de UNICEF. 1 de cada 4 de los hogares donde viven no cuenta con dispositivos o internet para estudiar a distancia<\/em><\/strong>.<\/p>\n\n\n\n<p>En lo que va de 2021, la presencialidad fue dispar. Hubo provincias enteras con clases presenciales y provincias enteras sin clases presenciales. Hubo chicos que asistieron todos los d\u00edas y hubo chicos que solo un par de veces por mes. En el medio de ese ciclo lectivo singular, m\u00e1s de un mill\u00f3n de alumnos todav\u00eda no tuvo un solo d\u00eda de presencialidad escolar.<\/p>\n\n\n\n<p>El dato surge de un nuevo informe de UNICEF que ayer fue presentado a los ministros de Educaci\u00f3n de las 24 jurisdicciones. El relevamiento destaca que en el 84% de los hogares se report\u00f3 que los chicos retomaron al menos un d\u00eda la presencialidad en este a\u00f1o, en otro 7% algunos hijos volvieron y otros no, pero alerta que a\u00fan hay un 9% -1.009.000 estudiantes- que todav\u00eda no recuper\u00f3 el v\u00ednculo presencial.<\/p>\n\n\n\n<p>El informe hace un desglose por regiones. Los mejores niveles de presencialidad se encuentran en la regi\u00f3n pampeana y en Cuyo, donde menos del 5% de los chicos no tuvo clases presenciales. En cambio, los peores indicadores los muestra La Patagonia (23%) y el Noreste (21%).<\/p>\n\n\n\n<p>Entre los que s\u00ed tuvieron presencialidad, prima la asistencia alternada: por ejemplo, un alumno asiste una semana y la siguiente trabaja desde el hogar. La mayor\u00eda de las provincias implement\u00f3 modelos mixtos, mientras que tan solo un pu\u00f1ado apost\u00f3 por una presencialidad diaria, con jornadas reducidas y cursos disminuidos en cantidad.<\/p>\n\n\n\n<p>En mayo, cuando se hizo el relevamiento, el 67% de los hogares declar\u00f3 que los chicos asist\u00edan a la escuela con modalidad combinada o totalmente presencial. El 33% restante continuaba, en el mejor de los casos, su educaci\u00f3n a distancia, ya sea a ra\u00edz de suspensiones temporales, por casos positivos o sospechas de contagios en las escuelas, o bien por suspensiones dispuestas a nivel provincial.<\/p>\n\n\n\n<p>En general, los padres se mostraron conformes con el trabajo de los docentes y directovs respecto a la vuelta segura a la escuela. La difusi\u00f3n de los protocolos de regreso a clases fue exitosa: pr\u00e1cticamente la totalidad de los adultos consultados afirm\u00f3 conocer y comprender las pautas de los protocolos escolares. M\u00e1s a\u00fan, 9 de cada 10 afirm\u00f3 que en las escuelas de sus hijos las directivas se cumplen.<\/p>\n\n\n\n<p>Asimismo, el relevamiento comprob\u00f3 que la presencialidad escolar tuvo un impacto \u201csumamente positivo\u201d entre los estudiantes, que necesitaban volver a las aulas: 9 de cada 10 familias destacaron que el regreso hab\u00eda mejorado el estado de \u00e1nimo de los chicos. En la misma proporci\u00f3n, los adolescentes afirmaron que se alegraron al volver a la escuela y encontrarse con sus compa\u00f1eros.<\/p>\n\n\n\n<p><strong>Problema de arrastre<\/strong><\/p>\n\n\n\n<p>A mediados del a\u00f1o pasado, el Ministerio de Educaci\u00f3n nacional hab\u00eda detectado que un mill\u00f3n de chicos se hab\u00edan desconectado de la escuela. Ahora el informe de UNICEF trae m\u00e1s certezas sobre lo que sucedi\u00f3 en un 2020, cuya escolaridad transcurri\u00f3 casi por completo a distancia. En el 6% de los hogares relevados, por lo menos uno de los chicos interrumpi\u00f3 su escolaridad durante 2020. Esa cifra representa un m\u00ednimo de 357 mil ni\u00f1os que dejaron sus estudios y un m\u00e1ximo de 690 mil.<\/p>\n\n\n\n<p>De todos ellos, el 19% no volvi\u00f3 a clases y otra vez se encontraron fuertes disparidades seg\u00fan la regi\u00f3n que habita. En el Noroeste y en el AMBA se encontraron los peores resultados: el 29 y 26 por ciento respectivamente de los chicos que abandonaron en 2020 no volvieron a la escuela en 2021.<\/p>\n\n\n\n<p>Entre los motivos que encontraron en las encuestas, surgieron dos respuestas. Por un lado, las familias dicen que notaron un \u201cdesenganche\u201d con la escuela durante la pandemia. Por otra parte, sobre todo entre los estudiantes de secundaria respondieron que no quer\u00edan seguir estudiando.<\/p>\n\n\n\n<p>Uno de las mayores dificultades con las que se toparon las familias durante la pandemia fue la falta de acceso a la tecnolog\u00eda. Si bien identificaron una leve mejora respecto de 2020, la situaci\u00f3n a\u00fan es compleja: 1 de cada 2 hogares no cuenta con una computadora para uso escolar en la casa.<\/p>\n\n\n\n<p>El reporte refleja que el 26% de los hogares no accede a la escolaridad virtual ya sea porque no tienen dispositivos -computadora o celular- o porque no tiene internet en la casa. Los datos muestran que 1 de cada 4 hogares cuyos chicos cursan exclusivamente a distancia carecen de recursos tecnol\u00f3gicos.<\/p>\n\n\n\n<p><\/p>\n\n\n\n<p><strong>Fuente: Infobae<\/strong><\/p>\n","protected":false},"excerpt":{"rendered":"<p>Surge de un nuevo informe de UNICEF. 1 de cada 4 de los hogares donde viven no cuenta con dispositivos o internet para estudiar a distancia. En lo que va de 2021, la presencialidad fue dispar. Hubo provincias enteras con clases presenciales y provincias enteras sin clases presenciales. Hubo chicos que asistieron todos los d\u00edas [&hellip;]<\/p>\n","protected":false},"author":2,"featured_media":6834,"comment_status":"open","ping_status":"open","sticky":false,"template":"","format":"standard","meta":{"footnotes":""},"categories":[35],"tags":[],"class_list":["post-6833","post","type-post","status-publish","format-standard","has-post-thumbnail","hentry","category-informacion-general"],"yoast_head":"<!-- This site is optimized with the Yoast SEO plugin v27.5 - https:\/\/yoast.com\/product\/yoast-seo-wordpress\/ -->\n<title>M\u00e1s de un mill\u00f3n de chicos todav\u00eda no tuvo un solo d\u00eda de clases presenciales en 2021 | CVI NOTICIAS<\/title>\n<meta name=\"robots\" content=\"index, follow, max-snippet:-1, max-image-preview:large, max-video-preview:-1\" \/>\n<link rel=\"canonical\" href=\"https:\/\/cvinoticias.com\/v3\/mas-de-un-millon-de-chicos-todavia-no-tuvo-un-solo-dia-de-clases-presenciales-en-2021\/\" \/>\n<meta property=\"og:locale\" content=\"es_ES\" \/>\n<meta property=\"og:type\" content=\"article\" \/>\n<meta property=\"og:title\" content=\"M\u00e1s de un mill\u00f3n de chicos todav\u00eda no tuvo un solo d\u00eda de clases presenciales en 2021 | CVI NOTICIAS\" \/>\n<meta property=\"og:description\" content=\"Surge de un nuevo informe de UNICEF. 1 de cada 4 de los hogares donde viven no cuenta con dispositivos o internet para estudiar a distancia. En lo que va de 2021, la presencialidad fue dispar. Hubo provincias enteras con clases presenciales y provincias enteras sin clases presenciales. Hubo chicos que asistieron todos los d\u00edas [&hellip;]\" \/>\n<meta property=\"og:url\" content=\"https:\/\/cvinoticias.com\/v3\/mas-de-un-millon-de-chicos-todavia-no-tuvo-un-solo-dia-de-clases-presenciales-en-2021\/\" \/>\n<meta property=\"og:site_name\" content=\"CVI NOTICIAS\" \/>\n<meta property=\"article:publisher\" content=\"https:\/\/www.facebook.com\/cvinoticias\" \/>\n<meta property=\"article:published_time\" content=\"2021-07-15T11:56:35+00:00\" \/>\n<meta property=\"og:image\" content=\"https:\/\/cvinoticias.com\/wp-content\/uploads\/2021\/07\/PicsArt_07-15-08.55.22.jpg\" \/>\n\t<meta property=\"og:image:width\" content=\"1191\" \/>\n\t<meta property=\"og:image:height\" content=\"1302\" \/>\n\t<meta property=\"og:image:type\" content=\"image\/jpeg\" \/>\n<meta name=\"author\" content=\"f1000024\" \/>\n<meta name=\"twitter:card\" content=\"summary_large_image\" \/>\n<meta name=\"twitter:label1\" content=\"Escrito por\" \/>\n\t<meta name=\"twitter:data1\" content=\"f1000024\" \/>\n\t<meta name=\"twitter:label2\" content=\"Tiempo de lectura\" \/>\n\t<meta name=\"twitter:data2\" content=\"4 minutos\" \/>\n<script type=\"application\/ld+json\" class=\"yoast-schema-graph\">{\"@context\":\"https:\\\/\\\/schema.org\",\"@graph\":[{\"@type\":\"Article\",\"@id\":\"https:\\\/\\\/cvinoticias.com\\\/v3\\\/mas-de-un-millon-de-chicos-todavia-no-tuvo-un-solo-dia-de-clases-presenciales-en-2021\\\/#article\",\"isPartOf\":{\"@id\":\"https:\\\/\\\/cvinoticias.com\\\/v3\\\/mas-de-un-millon-de-chicos-todavia-no-tuvo-un-solo-dia-de-clases-presenciales-en-2021\\\/\"},\"author\":{\"name\":\"f1000024\",\"@id\":\"https:\\\/\\\/cvinoticias.com\\\/v3\\\/#\\\/schema\\\/person\\\/2db77e3c6bc03c538495d7b2b8be9b66\"},\"headline\":\"M\u00e1s de un mill\u00f3n de chicos todav\u00eda no tuvo un solo d\u00eda de clases presenciales en 2021\",\"datePublished\":\"2021-07-15T11:56:35+00:00\",\"mainEntityOfPage\":{\"@id\":\"https:\\\/\\\/cvinoticias.com\\\/v3\\\/mas-de-un-millon-de-chicos-todavia-no-tuvo-un-solo-dia-de-clases-presenciales-en-2021\\\/\"},\"wordCount\":770,\"commentCount\":2,\"publisher\":{\"@id\":\"https:\\\/\\\/cvinoticias.com\\\/v3\\\/#organization\"},\"image\":{\"@id\":\"https:\\\/\\\/cvinoticias.com\\\/v3\\\/mas-de-un-millon-de-chicos-todavia-no-tuvo-un-solo-dia-de-clases-presenciales-en-2021\\\/#primaryimage\"},\"thumbnailUrl\":\"https:\\\/\\\/cvinoticias.com\\\/wp-content\\\/uploads\\\/2021\\\/07\\\/PicsArt_07-15-08.55.22.jpg\",\"articleSection\":[\"Informaci\u00f3n General\"],\"inLanguage\":\"es\",\"potentialAction\":[{\"@type\":\"CommentAction\",\"name\":\"Comment\",\"target\":[\"https:\\\/\\\/cvinoticias.com\\\/v3\\\/mas-de-un-millon-de-chicos-todavia-no-tuvo-un-solo-dia-de-clases-presenciales-en-2021\\\/#respond\"]}]},{\"@type\":\"WebPage\",\"@id\":\"https:\\\/\\\/cvinoticias.com\\\/v3\\\/mas-de-un-millon-de-chicos-todavia-no-tuvo-un-solo-dia-de-clases-presenciales-en-2021\\\/\",\"url\":\"https:\\\/\\\/cvinoticias.com\\\/v3\\\/mas-de-un-millon-de-chicos-todavia-no-tuvo-un-solo-dia-de-clases-presenciales-en-2021\\\/\",\"name\":\"M\u00e1s de un mill\u00f3n de chicos todav\u00eda no tuvo un solo d\u00eda de clases presenciales en 2021 | CVI NOTICIAS\",\"isPartOf\":{\"@id\":\"https:\\\/\\\/cvinoticias.com\\\/v3\\\/#website\"},\"primaryImageOfPage\":{\"@id\":\"https:\\\/\\\/cvinoticias.com\\\/v3\\\/mas-de-un-millon-de-chicos-todavia-no-tuvo-un-solo-dia-de-clases-presenciales-en-2021\\\/#primaryimage\"},\"image\":{\"@id\":\"https:\\\/\\\/cvinoticias.com\\\/v3\\\/mas-de-un-millon-de-chicos-todavia-no-tuvo-un-solo-dia-de-clases-presenciales-en-2021\\\/#primaryimage\"},\"thumbnailUrl\":\"https:\\\/\\\/cvinoticias.com\\\/wp-content\\\/uploads\\\/2021\\\/07\\\/PicsArt_07-15-08.55.22.jpg\",\"datePublished\":\"2021-07-15T11:56:35+00:00\",\"breadcrumb\":{\"@id\":\"https:\\\/\\\/cvinoticias.com\\\/v3\\\/mas-de-un-millon-de-chicos-todavia-no-tuvo-un-solo-dia-de-clases-presenciales-en-2021\\\/#breadcrumb\"},\"inLanguage\":\"es\",\"potentialAction\":[{\"@type\":\"ReadAction\",\"target\":[\"https:\\\/\\\/cvinoticias.com\\\/v3\\\/mas-de-un-millon-de-chicos-todavia-no-tuvo-un-solo-dia-de-clases-presenciales-en-2021\\\/\"]}]},{\"@type\":\"ImageObject\",\"inLanguage\":\"es\",\"@id\":\"https:\\\/\\\/cvinoticias.com\\\/v3\\\/mas-de-un-millon-de-chicos-todavia-no-tuvo-un-solo-dia-de-clases-presenciales-en-2021\\\/#primaryimage\",\"url\":\"https:\\\/\\\/cvinoticias.com\\\/wp-content\\\/uploads\\\/2021\\\/07\\\/PicsArt_07-15-08.55.22.jpg\",\"contentUrl\":\"https:\\\/\\\/cvinoticias.com\\\/wp-content\\\/uploads\\\/2021\\\/07\\\/PicsArt_07-15-08.55.22.jpg\",\"width\":1191,\"height\":1302},{\"@type\":\"BreadcrumbList\",\"@id\":\"https:\\\/\\\/cvinoticias.com\\\/v3\\\/mas-de-un-millon-de-chicos-todavia-no-tuvo-un-solo-dia-de-clases-presenciales-en-2021\\\/#breadcrumb\",\"itemListElement\":[{\"@type\":\"ListItem\",\"position\":1,\"name\":\"Portada\",\"item\":\"https:\\\/\\\/cvinoticias.com\\\/v3\\\/\"},{\"@type\":\"ListItem\",\"position\":2,\"name\":\"M\u00e1s de un mill\u00f3n de chicos todav\u00eda no tuvo un solo d\u00eda de clases presenciales en 2021\"}]},{\"@type\":\"WebSite\",\"@id\":\"https:\\\/\\\/cvinoticias.com\\\/v3\\\/#website\",\"url\":\"https:\\\/\\\/cvinoticias.com\\\/v3\\\/\",\"name\":\"CVI NOTICIAS\",\"description\":\"\",\"publisher\":{\"@id\":\"https:\\\/\\\/cvinoticias.com\\\/v3\\\/#organization\"},\"alternateName\":\"CVI\",\"potentialAction\":[{\"@type\":\"SearchAction\",\"target\":{\"@type\":\"EntryPoint\",\"urlTemplate\":\"https:\\\/\\\/cvinoticias.com\\\/v3\\\/?s={search_term_string}\"},\"query-input\":{\"@type\":\"PropertyValueSpecification\",\"valueRequired\":true,\"valueName\":\"search_term_string\"}}],\"inLanguage\":\"es\"},{\"@type\":\"Organization\",\"@id\":\"https:\\\/\\\/cvinoticias.com\\\/v3\\\/#organization\",\"name\":\"CVI NOTICIAS\",\"url\":\"https:\\\/\\\/cvinoticias.com\\\/v3\\\/\",\"logo\":{\"@type\":\"ImageObject\",\"inLanguage\":\"es\",\"@id\":\"https:\\\/\\\/cvinoticias.com\\\/v3\\\/#\\\/schema\\\/logo\\\/image\\\/\",\"url\":\"https:\\\/\\\/cvinoticias.com\\\/wp-content\\\/uploads\\\/2023\\\/04\\\/cropped-cropped-cropped-cropped-cropped-3-1.png\",\"contentUrl\":\"https:\\\/\\\/cvinoticias.com\\\/wp-content\\\/uploads\\\/2023\\\/04\\\/cropped-cropped-cropped-cropped-cropped-3-1.png\",\"width\":95,\"height\":122,\"caption\":\"CVI NOTICIAS\"},\"image\":{\"@id\":\"https:\\\/\\\/cvinoticias.com\\\/v3\\\/#\\\/schema\\\/logo\\\/image\\\/\"},\"sameAs\":[\"https:\\\/\\\/www.facebook.com\\\/cvinoticias\",\"https:\\\/\\\/www.instagram.com\\\/cvinoticias\\\/\",\"https:\\\/\\\/www.youtube.com\\\/@CVINOTICIAS\"]},{\"@type\":\"Person\",\"@id\":\"https:\\\/\\\/cvinoticias.com\\\/v3\\\/#\\\/schema\\\/person\\\/2db77e3c6bc03c538495d7b2b8be9b66\",\"name\":\"f1000024\",\"image\":{\"@type\":\"ImageObject\",\"inLanguage\":\"es\",\"@id\":\"https:\\\/\\\/secure.gravatar.com\\\/avatar\\\/d4fe7459cfc51ff5129ce1a732bbef5928568b8092d412ef95611616376bbeed?s=96&d=mm&r=g\",\"url\":\"https:\\\/\\\/secure.gravatar.com\\\/avatar\\\/d4fe7459cfc51ff5129ce1a732bbef5928568b8092d412ef95611616376bbeed?s=96&d=mm&r=g\",\"contentUrl\":\"https:\\\/\\\/secure.gravatar.com\\\/avatar\\\/d4fe7459cfc51ff5129ce1a732bbef5928568b8092d412ef95611616376bbeed?s=96&d=mm&r=g\",\"caption\":\"f1000024\"},\"url\":\"https:\\\/\\\/cvinoticias.com\\\/v3\\\/author\\\/f1000024\\\/\"}]}<\/script>\n<!-- \/ Yoast SEO plugin. -->","yoast_head_json":{"title":"M\u00e1s de un mill\u00f3n de chicos todav\u00eda no tuvo un solo d\u00eda de clases presenciales en 2021 | CVI NOTICIAS","robots":{"index":"index","follow":"follow","max-snippet":"max-snippet:-1","max-image-preview":"max-image-preview:large","max-video-preview":"max-video-preview:-1"},"canonical":"https:\/\/cvinoticias.com\/v3\/mas-de-un-millon-de-chicos-todavia-no-tuvo-un-solo-dia-de-clases-presenciales-en-2021\/","og_locale":"es_ES","og_type":"article","og_title":"M\u00e1s de un mill\u00f3n de chicos todav\u00eda no tuvo un solo d\u00eda de clases presenciales en 2021 | CVI NOTICIAS","og_description":"Surge de un nuevo informe de UNICEF. 1 de cada 4 de los hogares donde viven no cuenta con dispositivos o internet para estudiar a distancia. En lo que va de 2021, la presencialidad fue dispar. Hubo provincias enteras con clases presenciales y provincias enteras sin clases presenciales. Hubo chicos que asistieron todos los d\u00edas [&hellip;]","og_url":"https:\/\/cvinoticias.com\/v3\/mas-de-un-millon-de-chicos-todavia-no-tuvo-un-solo-dia-de-clases-presenciales-en-2021\/","og_site_name":"CVI NOTICIAS","article_publisher":"https:\/\/www.facebook.com\/cvinoticias","article_published_time":"2021-07-15T11:56:35+00:00","og_image":[{"width":1191,"height":1302,"url":"https:\/\/cvinoticias.com\/wp-content\/uploads\/2021\/07\/PicsArt_07-15-08.55.22.jpg","type":"image\/jpeg"}],"author":"f1000024","twitter_card":"summary_large_image","twitter_misc":{"Escrito por":"f1000024","Tiempo de lectura":"4 minutos"},"schema":{"@context":"https:\/\/schema.org","@graph":[{"@type":"Article","@id":"https:\/\/cvinoticias.com\/v3\/mas-de-un-millon-de-chicos-todavia-no-tuvo-un-solo-dia-de-clases-presenciales-en-2021\/#article","isPartOf":{"@id":"https:\/\/cvinoticias.com\/v3\/mas-de-un-millon-de-chicos-todavia-no-tuvo-un-solo-dia-de-clases-presenciales-en-2021\/"},"author":{"name":"f1000024","@id":"https:\/\/cvinoticias.com\/v3\/#\/schema\/person\/2db77e3c6bc03c538495d7b2b8be9b66"},"headline":"M\u00e1s de un mill\u00f3n de chicos todav\u00eda no tuvo un solo d\u00eda de clases presenciales en 2021","datePublished":"2021-07-15T11:56:35+00:00","mainEntityOfPage":{"@id":"https:\/\/cvinoticias.com\/v3\/mas-de-un-millon-de-chicos-todavia-no-tuvo-un-solo-dia-de-clases-presenciales-en-2021\/"},"wordCount":770,"commentCount":2,"publisher":{"@id":"https:\/\/cvinoticias.com\/v3\/#organization"},"image":{"@id":"https:\/\/cvinoticias.com\/v3\/mas-de-un-millon-de-chicos-todavia-no-tuvo-un-solo-dia-de-clases-presenciales-en-2021\/#primaryimage"},"thumbnailUrl":"https:\/\/cvinoticias.com\/wp-content\/uploads\/2021\/07\/PicsArt_07-15-08.55.22.jpg","articleSection":["Informaci\u00f3n General"],"inLanguage":"es","potentialAction":[{"@type":"CommentAction","name":"Comment","target":["https:\/\/cvinoticias.com\/v3\/mas-de-un-millon-de-chicos-todavia-no-tuvo-un-solo-dia-de-clases-presenciales-en-2021\/#respond"]}]},{"@type":"WebPage","@id":"https:\/\/cvinoticias.com\/v3\/mas-de-un-millon-de-chicos-todavia-no-tuvo-un-solo-dia-de-clases-presenciales-en-2021\/","url":"https:\/\/cvinoticias.com\/v3\/mas-de-un-millon-de-chicos-todavia-no-tuvo-un-solo-dia-de-clases-presenciales-en-2021\/","name":"M\u00e1s de un mill\u00f3n de chicos todav\u00eda no tuvo un solo d\u00eda de clases presenciales en 2021 | CVI NOTICIAS","isPartOf":{"@id":"https:\/\/cvinoticias.com\/v3\/#website"},"primaryImageOfPage":{"@id":"https:\/\/cvinoticias.com\/v3\/mas-de-un-millon-de-chicos-todavia-no-tuvo-un-solo-dia-de-clases-presenciales-en-2021\/#primaryimage"},"image":{"@id":"https:\/\/cvinoticias.com\/v3\/mas-de-un-millon-de-chicos-todavia-no-tuvo-un-solo-dia-de-clases-presenciales-en-2021\/#primaryimage"},"thumbnailUrl":"https:\/\/cvinoticias.com\/wp-content\/uploads\/2021\/07\/PicsArt_07-15-08.55.22.jpg","datePublished":"2021-07-15T11:56:35+00:00","breadcrumb":{"@id":"https:\/\/cvinoticias.com\/v3\/mas-de-un-millon-de-chicos-todavia-no-tuvo-un-solo-dia-de-clases-presenciales-en-2021\/#breadcrumb"},"inLanguage":"es","potentialAction":[{"@type":"ReadAction","target":["https:\/\/cvinoticias.com\/v3\/mas-de-un-millon-de-chicos-todavia-no-tuvo-un-solo-dia-de-clases-presenciales-en-2021\/"]}]},{"@type":"ImageObject","inLanguage":"es","@id":"https:\/\/cvinoticias.com\/v3\/mas-de-un-millon-de-chicos-todavia-no-tuvo-un-solo-dia-de-clases-presenciales-en-2021\/#primaryimage","url":"https:\/\/cvinoticias.com\/wp-content\/uploads\/2021\/07\/PicsArt_07-15-08.55.22.jpg","contentUrl":"https:\/\/cvinoticias.com\/wp-content\/uploads\/2021\/07\/PicsArt_07-15-08.55.22.jpg","width":1191,"height":1302},{"@type":"BreadcrumbList","@id":"https:\/\/cvinoticias.com\/v3\/mas-de-un-millon-de-chicos-todavia-no-tuvo-un-solo-dia-de-clases-presenciales-en-2021\/#breadcrumb","itemListElement":[{"@type":"ListItem","position":1,"name":"Portada","item":"https:\/\/cvinoticias.com\/v3\/"},{"@type":"ListItem","position":2,"name":"M\u00e1s de un mill\u00f3n de chicos todav\u00eda no tuvo un solo d\u00eda de clases presenciales en 2021"}]},{"@type":"WebSite","@id":"https:\/\/cvinoticias.com\/v3\/#website","url":"https:\/\/cvinoticias.com\/v3\/","name":"CVI NOTICIAS","description":"","publisher":{"@id":"https:\/\/cvinoticias.com\/v3\/#organization"},"alternateName":"CVI","potentialAction":[{"@type":"SearchAction","target":{"@type":"EntryPoint","urlTemplate":"https:\/\/cvinoticias.com\/v3\/?s={search_term_string}"},"query-input":{"@type":"PropertyValueSpecification","valueRequired":true,"valueName":"search_term_string"}}],"inLanguage":"es"},{"@type":"Organization","@id":"https:\/\/cvinoticias.com\/v3\/#organization","name":"CVI NOTICIAS","url":"https:\/\/cvinoticias.com\/v3\/","logo":{"@type":"ImageObject","inLanguage":"es","@id":"https:\/\/cvinoticias.com\/v3\/#\/schema\/logo\/image\/","url":"https:\/\/cvinoticias.com\/wp-content\/uploads\/2023\/04\/cropped-cropped-cropped-cropped-cropped-3-1.png","contentUrl":"https:\/\/cvinoticias.com\/wp-content\/uploads\/2023\/04\/cropped-cropped-cropped-cropped-cropped-3-1.png","width":95,"height":122,"caption":"CVI NOTICIAS"},"image":{"@id":"https:\/\/cvinoticias.com\/v3\/#\/schema\/logo\/image\/"},"sameAs":["https:\/\/www.facebook.com\/cvinoticias","https:\/\/www.instagram.com\/cvinoticias\/","https:\/\/www.youtube.com\/@CVINOTICIAS"]},{"@type":"Person","@id":"https:\/\/cvinoticias.com\/v3\/#\/schema\/person\/2db77e3c6bc03c538495d7b2b8be9b66","name":"f1000024","image":{"@type":"ImageObject","inLanguage":"es","@id":"https:\/\/secure.gravatar.com\/avatar\/d4fe7459cfc51ff5129ce1a732bbef5928568b8092d412ef95611616376bbeed?s=96&d=mm&r=g","url":"https:\/\/secure.gravatar.com\/avatar\/d4fe7459cfc51ff5129ce1a732bbef5928568b8092d412ef95611616376bbeed?s=96&d=mm&r=g","contentUrl":"https:\/\/secure.gravatar.com\/avatar\/d4fe7459cfc51ff5129ce1a732bbef5928568b8092d412ef95611616376bbeed?s=96&d=mm&r=g","caption":"f1000024"},"url":"https:\/\/cvinoticias.com\/v3\/author\/f1000024\/"}]}},"_links":{"self":[{"href":"https:\/\/cvinoticias.com\/v3\/wp-json\/wp\/v2\/posts\/6833","targetHints":{"allow":["GET"]}}],"collection":[{"href":"https:\/\/cvinoticias.com\/v3\/wp-json\/wp\/v2\/posts"}],"about":[{"href":"https:\/\/cvinoticias.com\/v3\/wp-json\/wp\/v2\/types\/post"}],"author":[{"embeddable":true,"href":"https:\/\/cvinoticias.com\/v3\/wp-json\/wp\/v2\/users\/2"}],"replies":[{"embeddable":true,"href":"https:\/\/cvinoticias.com\/v3\/wp-json\/wp\/v2\/comments?post=6833"}],"version-history":[{"count":1,"href":"https:\/\/cvinoticias.com\/v3\/wp-json\/wp\/v2\/posts\/6833\/revisions"}],"predecessor-version":[{"id":6835,"href":"https:\/\/cvinoticias.com\/v3\/wp-json\/wp\/v2\/posts\/6833\/revisions\/6835"}],"wp:featuredmedia":[{"embeddable":true,"href":"https:\/\/cvinoticias.com\/v3\/wp-json\/wp\/v2\/media\/6834"}],"wp:attachment":[{"href":"https:\/\/cvinoticias.com\/v3\/wp-json\/wp\/v2\/media?parent=6833"}],"wp:term":[{"taxonomy":"category","embeddable":true,"href":"https:\/\/cvinoticias.com\/v3\/wp-json\/wp\/v2\/categories?post=6833"},{"taxonomy":"post_tag","embeddable":true,"href":"https:\/\/cvinoticias.com\/v3\/wp-json\/wp\/v2\/tags?post=6833"}],"curies":[{"name":"wp","href":"https:\/\/api.w.org\/{rel}","templated":true}]}}