{"id":6830,"date":"2021-07-15T11:45:33","date_gmt":"2021-07-15T11:45:33","guid":{"rendered":"https:\/\/cvinoticias.com\/v3\/?p=6830"},"modified":"2021-07-15T11:45:33","modified_gmt":"2021-07-15T11:45:33","slug":"cinco-dias-de-duelo-nacional-en-homenaje-a-los-muertos-por-coronavirus","status":"publish","type":"post","link":"https:\/\/cvinoticias.com\/v3\/cinco-dias-de-duelo-nacional-en-homenaje-a-los-muertos-por-coronavirus\/","title":{"rendered":"Cinco d\u00edas de Duelo Nacional en homenaje a los muertos por coronavirus"},"content":{"rendered":"\n<p><strong><em>\u00abUn dolor inmenso atraviesa al conjunto de la sociedad por todas y cada una de las personas que fueron v\u00edctimas fatales de la pandemia\u00bb, dice el Decreto 459\/2021, firmado por el presidente Alberto Fern\u00e1ndez y el jefe de Gabinete, Santiago Cafiero.<\/em><\/strong><\/p>\n\n\n\n<p>El Gobierno nacional decret\u00f3 cinco d\u00edas de duelo nacional\u00a0como consecuencia del fallecimiento de\u00a0m\u00e1s de 100 mil personas v\u00edctimas del coronavirus\u00a0desde el inicio de la pandemia.<\/p>\n\n\n\n<p>\u00abDecl\u00e1rase Duelo Nacional en todo el territorio de la Rep\u00fablica Argentina por el t\u00e9rmino de cinco d\u00edas, como consecuencia del fallecimiento de m\u00e1s de 100.000 personas, habitantes de nuestro pa\u00eds, v\u00edctimas del Covid-19\u00bb, dice el Decreto 459\/2021 publicado este jueves en el Bolet\u00edn Oficial.<\/p>\n\n\n\n<p>La norma lleva la firma del presidente Alberto Fern\u00e1ndez y del jefe de Gabinete, Santiago Cafiero.<\/p>\n\n\n\n<p>En su art\u00edculo 2,\u00a0el decreto expresa a las familias de las personas fallecidas \u00ablas m\u00e1s sentidas condolencias del Gobierno nacional\u00bb.<\/p>\n\n\n\n<p>Como es de forma, durante los d\u00edas de duelo,\u00a0la Bandera Nacional permanecer\u00e1 izada a media asta en todos los edificios p\u00fablicos.<\/p>\n\n\n\n<p>En los considerandos de la medida, se expresa que \u00abcada una de esas personas ten\u00eda un nombre, una vida, familiares, amigos, amigas y afectos\u00bb y que \u00abun dolor inmenso atraviesa al conjunto de la sociedad\u00a0por todas y cada una de las personas que fueron v\u00edctimas fatales de la pandemia\u00bb.<\/p>\n\n\n\n<p>Asimismo, se\u00f1ala que\u00a0la sociedad argentina \u00abdebe y desea recordar y rendir homenaje a quienes se han ido en este tiempo doloroso\u00bb, y que \u00ablo mejor que podemos hacer como sociedad es que tanto pesar y desconsuelo se vuelva fuerza e impulso para atravesar unidos y unidas el tiempo por venir, avanzando r\u00e1pidamente con la mayor campa\u00f1a de vacunaci\u00f3n de la historia del pa\u00eds\u00bb.<\/p>\n\n\n\n<p>El decreto remarca adem\u00e1s que resulta \u00abfundamental que cada habitante del pa\u00eds tome plena conciencia del riesgo para la salud y la vida que implica el Covid-19 y de la necesidad de atender a los cuidados personales y colectivos\u00bb.<\/p>\n\n\n\n<p>Seg\u00fan los n\u00fameros oficiales notificados\u00a0este mi\u00e9rcoles, la Argentina alcanz\u00f3 los 100.250 muertos v\u00edctimas de coronavirus\u00a0desde el inicio de la pandemia y un total de 4.702.657 de casos notificados.<\/p>\n\n\n\n<p><\/p>\n","protected":false},"excerpt":{"rendered":"<p>\u00abUn dolor inmenso atraviesa al conjunto de la sociedad por todas y cada una de las personas que fueron v\u00edctimas fatales de la pandemia\u00bb, dice el Decreto 459\/2021, firmado por el presidente Alberto Fern\u00e1ndez y el jefe de Gabinete, Santiago Cafiero. El Gobierno nacional decret\u00f3 cinco d\u00edas de duelo nacional\u00a0como consecuencia del fallecimiento de\u00a0m\u00e1s de [&hellip;]<\/p>\n","protected":false},"author":2,"featured_media":6831,"comment_status":"open","ping_status":"open","sticky":false,"template":"","format":"standard","meta":{"footnotes":""},"categories":[47],"tags":[],"class_list":["post-6830","post","type-post","status-publish","format-standard","has-post-thumbnail","hentry","category-sociedad"],"yoast_head":"<!-- This site is optimized with the Yoast SEO plugin v27.5 - https:\/\/yoast.com\/product\/yoast-seo-wordpress\/ -->\n<title>Cinco d\u00edas de Duelo Nacional en homenaje a los muertos por coronavirus | CVI NOTICIAS<\/title>\n<meta name=\"robots\" content=\"index, follow, max-snippet:-1, max-image-preview:large, max-video-preview:-1\" \/>\n<link rel=\"canonical\" href=\"https:\/\/cvinoticias.com\/v3\/cinco-dias-de-duelo-nacional-en-homenaje-a-los-muertos-por-coronavirus\/\" \/>\n<meta property=\"og:locale\" content=\"es_ES\" \/>\n<meta property=\"og:type\" content=\"article\" \/>\n<meta property=\"og:title\" content=\"Cinco d\u00edas de Duelo Nacional en homenaje a los muertos por coronavirus | CVI NOTICIAS\" \/>\n<meta property=\"og:description\" content=\"\u00abUn dolor inmenso atraviesa al conjunto de la sociedad por todas y cada una de las personas que fueron v\u00edctimas fatales de la pandemia\u00bb, dice el Decreto 459\/2021, firmado por el presidente Alberto Fern\u00e1ndez y el jefe de Gabinete, Santiago Cafiero. El Gobierno nacional decret\u00f3 cinco d\u00edas de duelo nacional\u00a0como consecuencia del fallecimiento de\u00a0m\u00e1s de [&hellip;]\" \/>\n<meta property=\"og:url\" content=\"https:\/\/cvinoticias.com\/v3\/cinco-dias-de-duelo-nacional-en-homenaje-a-los-muertos-por-coronavirus\/\" \/>\n<meta property=\"og:site_name\" content=\"CVI NOTICIAS\" \/>\n<meta property=\"article:publisher\" content=\"https:\/\/www.facebook.com\/cvinoticias\" \/>\n<meta property=\"article:published_time\" content=\"2021-07-15T11:45:33+00:00\" \/>\n<meta property=\"og:image\" content=\"https:\/\/cvinoticias.com\/wp-content\/uploads\/2021\/07\/Screenshot_20210715-084357_Facebook.jpg\" \/>\n\t<meta property=\"og:image:width\" content=\"1018\" \/>\n\t<meta property=\"og:image:height\" content=\"572\" \/>\n\t<meta property=\"og:image:type\" content=\"image\/jpeg\" \/>\n<meta name=\"author\" content=\"f1000024\" \/>\n<meta name=\"twitter:card\" content=\"summary_large_image\" \/>\n<meta name=\"twitter:label1\" content=\"Escrito por\" \/>\n\t<meta name=\"twitter:data1\" content=\"f1000024\" \/>\n\t<meta name=\"twitter:label2\" content=\"Tiempo de lectura\" \/>\n\t<meta name=\"twitter:data2\" content=\"2 minutos\" \/>\n<script type=\"application\/ld+json\" class=\"yoast-schema-graph\">{\"@context\":\"https:\\\/\\\/schema.org\",\"@graph\":[{\"@type\":\"Article\",\"@id\":\"https:\\\/\\\/cvinoticias.com\\\/v3\\\/cinco-dias-de-duelo-nacional-en-homenaje-a-los-muertos-por-coronavirus\\\/#article\",\"isPartOf\":{\"@id\":\"https:\\\/\\\/cvinoticias.com\\\/v3\\\/cinco-dias-de-duelo-nacional-en-homenaje-a-los-muertos-por-coronavirus\\\/\"},\"author\":{\"name\":\"f1000024\",\"@id\":\"https:\\\/\\\/cvinoticias.com\\\/v3\\\/#\\\/schema\\\/person\\\/2db77e3c6bc03c538495d7b2b8be9b66\"},\"headline\":\"Cinco d\u00edas de Duelo Nacional en homenaje a los muertos por coronavirus\",\"datePublished\":\"2021-07-15T11:45:33+00:00\",\"mainEntityOfPage\":{\"@id\":\"https:\\\/\\\/cvinoticias.com\\\/v3\\\/cinco-dias-de-duelo-nacional-en-homenaje-a-los-muertos-por-coronavirus\\\/\"},\"wordCount\":392,\"commentCount\":0,\"publisher\":{\"@id\":\"https:\\\/\\\/cvinoticias.com\\\/v3\\\/#organization\"},\"image\":{\"@id\":\"https:\\\/\\\/cvinoticias.com\\\/v3\\\/cinco-dias-de-duelo-nacional-en-homenaje-a-los-muertos-por-coronavirus\\\/#primaryimage\"},\"thumbnailUrl\":\"https:\\\/\\\/cvinoticias.com\\\/wp-content\\\/uploads\\\/2021\\\/07\\\/Screenshot_20210715-084357_Facebook.jpg\",\"articleSection\":[\"Sociedad\"],\"inLanguage\":\"es\",\"potentialAction\":[{\"@type\":\"CommentAction\",\"name\":\"Comment\",\"target\":[\"https:\\\/\\\/cvinoticias.com\\\/v3\\\/cinco-dias-de-duelo-nacional-en-homenaje-a-los-muertos-por-coronavirus\\\/#respond\"]}]},{\"@type\":\"WebPage\",\"@id\":\"https:\\\/\\\/cvinoticias.com\\\/v3\\\/cinco-dias-de-duelo-nacional-en-homenaje-a-los-muertos-por-coronavirus\\\/\",\"url\":\"https:\\\/\\\/cvinoticias.com\\\/v3\\\/cinco-dias-de-duelo-nacional-en-homenaje-a-los-muertos-por-coronavirus\\\/\",\"name\":\"Cinco d\u00edas de Duelo Nacional en homenaje a los muertos por coronavirus | CVI NOTICIAS\",\"isPartOf\":{\"@id\":\"https:\\\/\\\/cvinoticias.com\\\/v3\\\/#website\"},\"primaryImageOfPage\":{\"@id\":\"https:\\\/\\\/cvinoticias.com\\\/v3\\\/cinco-dias-de-duelo-nacional-en-homenaje-a-los-muertos-por-coronavirus\\\/#primaryimage\"},\"image\":{\"@id\":\"https:\\\/\\\/cvinoticias.com\\\/v3\\\/cinco-dias-de-duelo-nacional-en-homenaje-a-los-muertos-por-coronavirus\\\/#primaryimage\"},\"thumbnailUrl\":\"https:\\\/\\\/cvinoticias.com\\\/wp-content\\\/uploads\\\/2021\\\/07\\\/Screenshot_20210715-084357_Facebook.jpg\",\"datePublished\":\"2021-07-15T11:45:33+00:00\",\"breadcrumb\":{\"@id\":\"https:\\\/\\\/cvinoticias.com\\\/v3\\\/cinco-dias-de-duelo-nacional-en-homenaje-a-los-muertos-por-coronavirus\\\/#breadcrumb\"},\"inLanguage\":\"es\",\"potentialAction\":[{\"@type\":\"ReadAction\",\"target\":[\"https:\\\/\\\/cvinoticias.com\\\/v3\\\/cinco-dias-de-duelo-nacional-en-homenaje-a-los-muertos-por-coronavirus\\\/\"]}]},{\"@type\":\"ImageObject\",\"inLanguage\":\"es\",\"@id\":\"https:\\\/\\\/cvinoticias.com\\\/v3\\\/cinco-dias-de-duelo-nacional-en-homenaje-a-los-muertos-por-coronavirus\\\/#primaryimage\",\"url\":\"https:\\\/\\\/cvinoticias.com\\\/wp-content\\\/uploads\\\/2021\\\/07\\\/Screenshot_20210715-084357_Facebook.jpg\",\"contentUrl\":\"https:\\\/\\\/cvinoticias.com\\\/wp-content\\\/uploads\\\/2021\\\/07\\\/Screenshot_20210715-084357_Facebook.jpg\",\"width\":1018,\"height\":572},{\"@type\":\"BreadcrumbList\",\"@id\":\"https:\\\/\\\/cvinoticias.com\\\/v3\\\/cinco-dias-de-duelo-nacional-en-homenaje-a-los-muertos-por-coronavirus\\\/#breadcrumb\",\"itemListElement\":[{\"@type\":\"ListItem\",\"position\":1,\"name\":\"Portada\",\"item\":\"https:\\\/\\\/cvinoticias.com\\\/v3\\\/\"},{\"@type\":\"ListItem\",\"position\":2,\"name\":\"Cinco d\u00edas de Duelo Nacional en homenaje a los muertos por coronavirus\"}]},{\"@type\":\"WebSite\",\"@id\":\"https:\\\/\\\/cvinoticias.com\\\/v3\\\/#website\",\"url\":\"https:\\\/\\\/cvinoticias.com\\\/v3\\\/\",\"name\":\"CVI NOTICIAS\",\"description\":\"\",\"publisher\":{\"@id\":\"https:\\\/\\\/cvinoticias.com\\\/v3\\\/#organization\"},\"alternateName\":\"CVI\",\"potentialAction\":[{\"@type\":\"SearchAction\",\"target\":{\"@type\":\"EntryPoint\",\"urlTemplate\":\"https:\\\/\\\/cvinoticias.com\\\/v3\\\/?s={search_term_string}\"},\"query-input\":{\"@type\":\"PropertyValueSpecification\",\"valueRequired\":true,\"valueName\":\"search_term_string\"}}],\"inLanguage\":\"es\"},{\"@type\":\"Organization\",\"@id\":\"https:\\\/\\\/cvinoticias.com\\\/v3\\\/#organization\",\"name\":\"CVI NOTICIAS\",\"url\":\"https:\\\/\\\/cvinoticias.com\\\/v3\\\/\",\"logo\":{\"@type\":\"ImageObject\",\"inLanguage\":\"es\",\"@id\":\"https:\\\/\\\/cvinoticias.com\\\/v3\\\/#\\\/schema\\\/logo\\\/image\\\/\",\"url\":\"https:\\\/\\\/cvinoticias.com\\\/wp-content\\\/uploads\\\/2023\\\/04\\\/cropped-cropped-cropped-cropped-cropped-3-1.png\",\"contentUrl\":\"https:\\\/\\\/cvinoticias.com\\\/wp-content\\\/uploads\\\/2023\\\/04\\\/cropped-cropped-cropped-cropped-cropped-3-1.png\",\"width\":95,\"height\":122,\"caption\":\"CVI NOTICIAS\"},\"image\":{\"@id\":\"https:\\\/\\\/cvinoticias.com\\\/v3\\\/#\\\/schema\\\/logo\\\/image\\\/\"},\"sameAs\":[\"https:\\\/\\\/www.facebook.com\\\/cvinoticias\",\"https:\\\/\\\/www.instagram.com\\\/cvinoticias\\\/\",\"https:\\\/\\\/www.youtube.com\\\/@CVINOTICIAS\"]},{\"@type\":\"Person\",\"@id\":\"https:\\\/\\\/cvinoticias.com\\\/v3\\\/#\\\/schema\\\/person\\\/2db77e3c6bc03c538495d7b2b8be9b66\",\"name\":\"f1000024\",\"image\":{\"@type\":\"ImageObject\",\"inLanguage\":\"es\",\"@id\":\"https:\\\/\\\/secure.gravatar.com\\\/avatar\\\/d4fe7459cfc51ff5129ce1a732bbef5928568b8092d412ef95611616376bbeed?s=96&d=mm&r=g\",\"url\":\"https:\\\/\\\/secure.gravatar.com\\\/avatar\\\/d4fe7459cfc51ff5129ce1a732bbef5928568b8092d412ef95611616376bbeed?s=96&d=mm&r=g\",\"contentUrl\":\"https:\\\/\\\/secure.gravatar.com\\\/avatar\\\/d4fe7459cfc51ff5129ce1a732bbef5928568b8092d412ef95611616376bbeed?s=96&d=mm&r=g\",\"caption\":\"f1000024\"},\"url\":\"https:\\\/\\\/cvinoticias.com\\\/v3\\\/author\\\/f1000024\\\/\"}]}<\/script>\n<!-- \/ Yoast SEO plugin. -->","yoast_head_json":{"title":"Cinco d\u00edas de Duelo Nacional en homenaje a los muertos por coronavirus | CVI NOTICIAS","robots":{"index":"index","follow":"follow","max-snippet":"max-snippet:-1","max-image-preview":"max-image-preview:large","max-video-preview":"max-video-preview:-1"},"canonical":"https:\/\/cvinoticias.com\/v3\/cinco-dias-de-duelo-nacional-en-homenaje-a-los-muertos-por-coronavirus\/","og_locale":"es_ES","og_type":"article","og_title":"Cinco d\u00edas de Duelo Nacional en homenaje a los muertos por coronavirus | CVI NOTICIAS","og_description":"\u00abUn dolor inmenso atraviesa al conjunto de la sociedad por todas y cada una de las personas que fueron v\u00edctimas fatales de la pandemia\u00bb, dice el Decreto 459\/2021, firmado por el presidente Alberto Fern\u00e1ndez y el jefe de Gabinete, Santiago Cafiero. El Gobierno nacional decret\u00f3 cinco d\u00edas de duelo nacional\u00a0como consecuencia del fallecimiento de\u00a0m\u00e1s de [&hellip;]","og_url":"https:\/\/cvinoticias.com\/v3\/cinco-dias-de-duelo-nacional-en-homenaje-a-los-muertos-por-coronavirus\/","og_site_name":"CVI NOTICIAS","article_publisher":"https:\/\/www.facebook.com\/cvinoticias","article_published_time":"2021-07-15T11:45:33+00:00","og_image":[{"width":1018,"height":572,"url":"https:\/\/cvinoticias.com\/wp-content\/uploads\/2021\/07\/Screenshot_20210715-084357_Facebook.jpg","type":"image\/jpeg"}],"author":"f1000024","twitter_card":"summary_large_image","twitter_misc":{"Escrito por":"f1000024","Tiempo de lectura":"2 minutos"},"schema":{"@context":"https:\/\/schema.org","@graph":[{"@type":"Article","@id":"https:\/\/cvinoticias.com\/v3\/cinco-dias-de-duelo-nacional-en-homenaje-a-los-muertos-por-coronavirus\/#article","isPartOf":{"@id":"https:\/\/cvinoticias.com\/v3\/cinco-dias-de-duelo-nacional-en-homenaje-a-los-muertos-por-coronavirus\/"},"author":{"name":"f1000024","@id":"https:\/\/cvinoticias.com\/v3\/#\/schema\/person\/2db77e3c6bc03c538495d7b2b8be9b66"},"headline":"Cinco d\u00edas de Duelo Nacional en homenaje a los muertos por coronavirus","datePublished":"2021-07-15T11:45:33+00:00","mainEntityOfPage":{"@id":"https:\/\/cvinoticias.com\/v3\/cinco-dias-de-duelo-nacional-en-homenaje-a-los-muertos-por-coronavirus\/"},"wordCount":392,"commentCount":0,"publisher":{"@id":"https:\/\/cvinoticias.com\/v3\/#organization"},"image":{"@id":"https:\/\/cvinoticias.com\/v3\/cinco-dias-de-duelo-nacional-en-homenaje-a-los-muertos-por-coronavirus\/#primaryimage"},"thumbnailUrl":"https:\/\/cvinoticias.com\/wp-content\/uploads\/2021\/07\/Screenshot_20210715-084357_Facebook.jpg","articleSection":["Sociedad"],"inLanguage":"es","potentialAction":[{"@type":"CommentAction","name":"Comment","target":["https:\/\/cvinoticias.com\/v3\/cinco-dias-de-duelo-nacional-en-homenaje-a-los-muertos-por-coronavirus\/#respond"]}]},{"@type":"WebPage","@id":"https:\/\/cvinoticias.com\/v3\/cinco-dias-de-duelo-nacional-en-homenaje-a-los-muertos-por-coronavirus\/","url":"https:\/\/cvinoticias.com\/v3\/cinco-dias-de-duelo-nacional-en-homenaje-a-los-muertos-por-coronavirus\/","name":"Cinco d\u00edas de Duelo Nacional en homenaje a los muertos por coronavirus | CVI NOTICIAS","isPartOf":{"@id":"https:\/\/cvinoticias.com\/v3\/#website"},"primaryImageOfPage":{"@id":"https:\/\/cvinoticias.com\/v3\/cinco-dias-de-duelo-nacional-en-homenaje-a-los-muertos-por-coronavirus\/#primaryimage"},"image":{"@id":"https:\/\/cvinoticias.com\/v3\/cinco-dias-de-duelo-nacional-en-homenaje-a-los-muertos-por-coronavirus\/#primaryimage"},"thumbnailUrl":"https:\/\/cvinoticias.com\/wp-content\/uploads\/2021\/07\/Screenshot_20210715-084357_Facebook.jpg","datePublished":"2021-07-15T11:45:33+00:00","breadcrumb":{"@id":"https:\/\/cvinoticias.com\/v3\/cinco-dias-de-duelo-nacional-en-homenaje-a-los-muertos-por-coronavirus\/#breadcrumb"},"inLanguage":"es","potentialAction":[{"@type":"ReadAction","target":["https:\/\/cvinoticias.com\/v3\/cinco-dias-de-duelo-nacional-en-homenaje-a-los-muertos-por-coronavirus\/"]}]},{"@type":"ImageObject","inLanguage":"es","@id":"https:\/\/cvinoticias.com\/v3\/cinco-dias-de-duelo-nacional-en-homenaje-a-los-muertos-por-coronavirus\/#primaryimage","url":"https:\/\/cvinoticias.com\/wp-content\/uploads\/2021\/07\/Screenshot_20210715-084357_Facebook.jpg","contentUrl":"https:\/\/cvinoticias.com\/wp-content\/uploads\/2021\/07\/Screenshot_20210715-084357_Facebook.jpg","width":1018,"height":572},{"@type":"BreadcrumbList","@id":"https:\/\/cvinoticias.com\/v3\/cinco-dias-de-duelo-nacional-en-homenaje-a-los-muertos-por-coronavirus\/#breadcrumb","itemListElement":[{"@type":"ListItem","position":1,"name":"Portada","item":"https:\/\/cvinoticias.com\/v3\/"},{"@type":"ListItem","position":2,"name":"Cinco d\u00edas de Duelo Nacional en homenaje a los muertos por coronavirus"}]},{"@type":"WebSite","@id":"https:\/\/cvinoticias.com\/v3\/#website","url":"https:\/\/cvinoticias.com\/v3\/","name":"CVI NOTICIAS","description":"","publisher":{"@id":"https:\/\/cvinoticias.com\/v3\/#organization"},"alternateName":"CVI","potentialAction":[{"@type":"SearchAction","target":{"@type":"EntryPoint","urlTemplate":"https:\/\/cvinoticias.com\/v3\/?s={search_term_string}"},"query-input":{"@type":"PropertyValueSpecification","valueRequired":true,"valueName":"search_term_string"}}],"inLanguage":"es"},{"@type":"Organization","@id":"https:\/\/cvinoticias.com\/v3\/#organization","name":"CVI NOTICIAS","url":"https:\/\/cvinoticias.com\/v3\/","logo":{"@type":"ImageObject","inLanguage":"es","@id":"https:\/\/cvinoticias.com\/v3\/#\/schema\/logo\/image\/","url":"https:\/\/cvinoticias.com\/wp-content\/uploads\/2023\/04\/cropped-cropped-cropped-cropped-cropped-3-1.png","contentUrl":"https:\/\/cvinoticias.com\/wp-content\/uploads\/2023\/04\/cropped-cropped-cropped-cropped-cropped-3-1.png","width":95,"height":122,"caption":"CVI NOTICIAS"},"image":{"@id":"https:\/\/cvinoticias.com\/v3\/#\/schema\/logo\/image\/"},"sameAs":["https:\/\/www.facebook.com\/cvinoticias","https:\/\/www.instagram.com\/cvinoticias\/","https:\/\/www.youtube.com\/@CVINOTICIAS"]},{"@type":"Person","@id":"https:\/\/cvinoticias.com\/v3\/#\/schema\/person\/2db77e3c6bc03c538495d7b2b8be9b66","name":"f1000024","image":{"@type":"ImageObject","inLanguage":"es","@id":"https:\/\/secure.gravatar.com\/avatar\/d4fe7459cfc51ff5129ce1a732bbef5928568b8092d412ef95611616376bbeed?s=96&d=mm&r=g","url":"https:\/\/secure.gravatar.com\/avatar\/d4fe7459cfc51ff5129ce1a732bbef5928568b8092d412ef95611616376bbeed?s=96&d=mm&r=g","contentUrl":"https:\/\/secure.gravatar.com\/avatar\/d4fe7459cfc51ff5129ce1a732bbef5928568b8092d412ef95611616376bbeed?s=96&d=mm&r=g","caption":"f1000024"},"url":"https:\/\/cvinoticias.com\/v3\/author\/f1000024\/"}]}},"_links":{"self":[{"href":"https:\/\/cvinoticias.com\/v3\/wp-json\/wp\/v2\/posts\/6830","targetHints":{"allow":["GET"]}}],"collection":[{"href":"https:\/\/cvinoticias.com\/v3\/wp-json\/wp\/v2\/posts"}],"about":[{"href":"https:\/\/cvinoticias.com\/v3\/wp-json\/wp\/v2\/types\/post"}],"author":[{"embeddable":true,"href":"https:\/\/cvinoticias.com\/v3\/wp-json\/wp\/v2\/users\/2"}],"replies":[{"embeddable":true,"href":"https:\/\/cvinoticias.com\/v3\/wp-json\/wp\/v2\/comments?post=6830"}],"version-history":[{"count":1,"href":"https:\/\/cvinoticias.com\/v3\/wp-json\/wp\/v2\/posts\/6830\/revisions"}],"predecessor-version":[{"id":6832,"href":"https:\/\/cvinoticias.com\/v3\/wp-json\/wp\/v2\/posts\/6830\/revisions\/6832"}],"wp:featuredmedia":[{"embeddable":true,"href":"https:\/\/cvinoticias.com\/v3\/wp-json\/wp\/v2\/media\/6831"}],"wp:attachment":[{"href":"https:\/\/cvinoticias.com\/v3\/wp-json\/wp\/v2\/media?parent=6830"}],"wp:term":[{"taxonomy":"category","embeddable":true,"href":"https:\/\/cvinoticias.com\/v3\/wp-json\/wp\/v2\/categories?post=6830"},{"taxonomy":"post_tag","embeddable":true,"href":"https:\/\/cvinoticias.com\/v3\/wp-json\/wp\/v2\/tags?post=6830"}],"curies":[{"name":"wp","href":"https:\/\/api.w.org\/{rel}","templated":true}]}}