{"id":6820,"date":"2021-07-14T23:24:20","date_gmt":"2021-07-14T23:24:20","guid":{"rendered":"https:\/\/cvinoticias.com\/v3\/?p=6820"},"modified":"2021-07-14T23:24:20","modified_gmt":"2021-07-14T23:24:20","slug":"argentina-supero-los-100-mil-muertos-por-covid-19-las-voces-y-los-hechos-de-una-tragedia-sin-precedentes","status":"publish","type":"post","link":"https:\/\/cvinoticias.com\/v3\/argentina-supero-los-100-mil-muertos-por-covid-19-las-voces-y-los-hechos-de-una-tragedia-sin-precedentes\/","title":{"rendered":"Argentina super\u00f3 los 100 mil muertos por COVID-19: las voces y los hechos de una tragedia sin precedentes"},"content":{"rendered":"\n<p><strong><em>Hoy se registraron 614 muertes y 19.697 contagios en el pa\u00eds. Con esa cifra se lleg\u00f3 a 100.250 fallecidos, n\u00famero que supera por algo m\u00e1s de un tercio al peor escenario que el gobierno previ\u00f3 al comenzar la pandemia de coronavirus, que nos ubica en el puesto 11 a nivel mundial en cantidad de decesos<\/em><\/strong>.<\/p>\n\n\n\n<p>Argentina super\u00f3 los 100 mil muertos por COVID-19\u00a0despu\u00e9s de\u00a0494 d\u00edas\u00a0de registrar el primer fallecido. Se ubica en el puesto 11 de este ominoso ranking mundial. En este tiempo hemos visto desde el hero\u00edsmo de los m\u00e9dicos y enfermeros hasta la incre\u00edble mezquindad de quien se aplica una vacuna antes de tiempo. La avalancha de decesos se explican por un c\u00famulo de situaciones. Escal\u00f3n por escal\u00f3n, esto sucedi\u00f3 en la Argentina para trepar a una cifra que no estaba presente, a principios del a\u00f1o pasado, ni en la peor de las pesadillas.<\/p>\n\n\n\n<p>La enfermedad originada en Wuhan, China,\u00a0a finales del 2019,\u00a0lleva un a\u00f1o, cuatro meses y 11 d\u00edas entre nosotros, pero el mundo estaba en alerta ya a principios de enero del 2020.<\/p>\n\n\n\n<p>El 23 de enero de ese a\u00f1o, el entonces ministro de Salud de la Naci\u00f3n,\u00a0Gin\u00e9s Gonz\u00e1lez Garc\u00eda, minimizaba el impacto que el nuevo coronavirus -a\u00fan no hab\u00eda sido declarado pandemia- pod\u00eda tener en nuestro pa\u00eds. <mark> \u00abNo, hasta ahora no tenemos ninguna posibilidad que no sea un caso importado\u201d<\/mark>, dijo. Y poco despu\u00e9s, redobl\u00f3 la apuesta en una entrevista que brind\u00f3 \u00a0\u201cEstoy mucho m\u00e1s preocupado hoy por el dengue en la Argentina que por el coronavirus\u201d.<\/p>\n\n\n\n<p>Pas\u00f3 m\u00e1s de un mes, el virus se hab\u00eda propagado desde China a Europa, donde hac\u00eda estragos, especialmente en Italia y Espa\u00f1a.\u00a0Fue desde Barcelona que lleg\u00f3 el primer caso que tuvo nuestro pa\u00eds.\u00a0El 3 de marzo,\u00a0Claudio Ariel Pazzi fue diagnosticado con COVID-19\u00a0e internado en el hospital Agote, en medio de un enorme operativo de seguridad.<\/p>\n\n\n\n<p>Apenas cuatro d\u00edas despu\u00e9s se produjo la primera muerte.\u00a0La v\u00edctima fue Guillermo Abel G\u00f3mez,\u00a0un recolector de basura y militante peronista que en la d\u00e9cada del \u201970 actu\u00f3 en las villas de emergencia. Para\u00a0<mark>Gin\u00e9s Gonz\u00e1lez Garc\u00eda -seg\u00fan expres\u00f3 al Canal 12 de C\u00f3rdoba tiempo despu\u00e9s- el virus \u201ccomenz\u00f3 con la clase media y media alta que viajaba\u201d.\u00a0<\/mark>La historia de G\u00f3mez indica que al llegar la dictadura militar se exili\u00f3 en Europa junto a Nelly, su pareja, a quien hab\u00edan secuestrado y liberado poco tiempo antes. Con la Democracia retorn\u00f3 a la Argentina, pero parte de su familia permaneci\u00f3 en Francia. Precisamente\u00a0hab\u00eda viajado all\u00ed para visitar a una de sus hijas, nacida en Par\u00eds.\u00a0Regres\u00f3 el 25 de febrero y tres d\u00edas despu\u00e9s comenz\u00f3 a sentir los primeros s\u00edntomas: fiebre y dolor de garganta.\u00a0El 7 de marzo muri\u00f3 en el hospital Argerich.\u00a0Reci\u00e9n en la autopsia se conoci\u00f3 padec\u00eda la enfermedad.<\/p>\n\n\n\n<p>En medio de una gran incertidumbre, sin tratamiento ni vacunas por entonces,\u00a0el presidente Alberto Fern\u00e1ndez dio una improbable receta para combatir el virus.\u00a0El 12 de marzo, se\u00f1al\u00f3 en una entrevista con Radio Mitre: \u201cSeg\u00fan dicen todos los informes m\u00e9dicos del mundo, muere a los 26 grados.\u00a0El calor mata el virus\u2026\u201d.<\/p>\n\n\n\n<p><\/p>\n\n\n\n<p><strong>INFOBAE<\/strong><\/p>\n","protected":false},"excerpt":{"rendered":"<p>Hoy se registraron 614 muertes y 19.697 contagios en el pa\u00eds. Con esa cifra se lleg\u00f3 a 100.250 fallecidos, n\u00famero que supera por algo m\u00e1s de un tercio al peor escenario que el gobierno previ\u00f3 al comenzar la pandemia de coronavirus, que nos ubica en el puesto 11 a nivel mundial en cantidad de decesos. [&hellip;]<\/p>\n","protected":false},"author":2,"featured_media":6821,"comment_status":"open","ping_status":"open","sticky":false,"template":"","format":"standard","meta":{"footnotes":""},"categories":[23],"tags":[],"class_list":["post-6820","post","type-post","status-publish","format-standard","has-post-thumbnail","hentry","category-covid-19"],"yoast_head":"<!-- This site is optimized with the Yoast SEO plugin v27.5 - https:\/\/yoast.com\/product\/yoast-seo-wordpress\/ -->\n<title>Argentina super\u00f3 los 100 mil muertos por COVID-19: las voces y los hechos de una tragedia sin precedentes | CVI NOTICIAS<\/title>\n<meta name=\"robots\" content=\"index, follow, max-snippet:-1, max-image-preview:large, max-video-preview:-1\" \/>\n<link rel=\"canonical\" href=\"https:\/\/cvinoticias.com\/v3\/argentina-supero-los-100-mil-muertos-por-covid-19-las-voces-y-los-hechos-de-una-tragedia-sin-precedentes\/\" \/>\n<meta property=\"og:locale\" content=\"es_ES\" \/>\n<meta property=\"og:type\" content=\"article\" \/>\n<meta property=\"og:title\" content=\"Argentina super\u00f3 los 100 mil muertos por COVID-19: las voces y los hechos de una tragedia sin precedentes | CVI NOTICIAS\" \/>\n<meta property=\"og:description\" content=\"Hoy se registraron 614 muertes y 19.697 contagios en el pa\u00eds. Con esa cifra se lleg\u00f3 a 100.250 fallecidos, n\u00famero que supera por algo m\u00e1s de un tercio al peor escenario que el gobierno previ\u00f3 al comenzar la pandemia de coronavirus, que nos ubica en el puesto 11 a nivel mundial en cantidad de decesos. [&hellip;]\" \/>\n<meta property=\"og:url\" content=\"https:\/\/cvinoticias.com\/v3\/argentina-supero-los-100-mil-muertos-por-covid-19-las-voces-y-los-hechos-de-una-tragedia-sin-precedentes\/\" \/>\n<meta property=\"og:site_name\" content=\"CVI NOTICIAS\" \/>\n<meta property=\"article:publisher\" content=\"https:\/\/www.facebook.com\/cvinoticias\" \/>\n<meta property=\"article:published_time\" content=\"2021-07-14T23:24:20+00:00\" \/>\n<meta property=\"og:image\" content=\"https:\/\/cvinoticias.com\/wp-content\/uploads\/2021\/07\/famosos-muertos-por-covid-19jpg.jpg\" \/>\n\t<meta property=\"og:image:width\" content=\"1200\" \/>\n\t<meta property=\"og:image:height\" content=\"675\" \/>\n\t<meta property=\"og:image:type\" content=\"image\/jpeg\" \/>\n<meta name=\"author\" content=\"f1000024\" \/>\n<meta name=\"twitter:card\" content=\"summary_large_image\" \/>\n<meta name=\"twitter:label1\" content=\"Escrito por\" \/>\n\t<meta name=\"twitter:data1\" content=\"f1000024\" \/>\n\t<meta name=\"twitter:label2\" content=\"Tiempo de lectura\" \/>\n\t<meta name=\"twitter:data2\" content=\"3 minutos\" \/>\n<script type=\"application\/ld+json\" class=\"yoast-schema-graph\">{\"@context\":\"https:\\\/\\\/schema.org\",\"@graph\":[{\"@type\":\"Article\",\"@id\":\"https:\\\/\\\/cvinoticias.com\\\/v3\\\/argentina-supero-los-100-mil-muertos-por-covid-19-las-voces-y-los-hechos-de-una-tragedia-sin-precedentes\\\/#article\",\"isPartOf\":{\"@id\":\"https:\\\/\\\/cvinoticias.com\\\/v3\\\/argentina-supero-los-100-mil-muertos-por-covid-19-las-voces-y-los-hechos-de-una-tragedia-sin-precedentes\\\/\"},\"author\":{\"name\":\"f1000024\",\"@id\":\"https:\\\/\\\/cvinoticias.com\\\/v3\\\/#\\\/schema\\\/person\\\/2db77e3c6bc03c538495d7b2b8be9b66\"},\"headline\":\"Argentina super\u00f3 los 100 mil muertos por COVID-19: las voces y los hechos de una tragedia sin precedentes\",\"datePublished\":\"2021-07-14T23:24:20+00:00\",\"mainEntityOfPage\":{\"@id\":\"https:\\\/\\\/cvinoticias.com\\\/v3\\\/argentina-supero-los-100-mil-muertos-por-covid-19-las-voces-y-los-hechos-de-una-tragedia-sin-precedentes\\\/\"},\"wordCount\":579,\"commentCount\":0,\"publisher\":{\"@id\":\"https:\\\/\\\/cvinoticias.com\\\/v3\\\/#organization\"},\"image\":{\"@id\":\"https:\\\/\\\/cvinoticias.com\\\/v3\\\/argentina-supero-los-100-mil-muertos-por-covid-19-las-voces-y-los-hechos-de-una-tragedia-sin-precedentes\\\/#primaryimage\"},\"thumbnailUrl\":\"https:\\\/\\\/cvinoticias.com\\\/wp-content\\\/uploads\\\/2021\\\/07\\\/famosos-muertos-por-covid-19jpg.jpg\",\"articleSection\":[\"Covid-19\"],\"inLanguage\":\"es\",\"potentialAction\":[{\"@type\":\"CommentAction\",\"name\":\"Comment\",\"target\":[\"https:\\\/\\\/cvinoticias.com\\\/v3\\\/argentina-supero-los-100-mil-muertos-por-covid-19-las-voces-y-los-hechos-de-una-tragedia-sin-precedentes\\\/#respond\"]}]},{\"@type\":\"WebPage\",\"@id\":\"https:\\\/\\\/cvinoticias.com\\\/v3\\\/argentina-supero-los-100-mil-muertos-por-covid-19-las-voces-y-los-hechos-de-una-tragedia-sin-precedentes\\\/\",\"url\":\"https:\\\/\\\/cvinoticias.com\\\/v3\\\/argentina-supero-los-100-mil-muertos-por-covid-19-las-voces-y-los-hechos-de-una-tragedia-sin-precedentes\\\/\",\"name\":\"Argentina super\u00f3 los 100 mil muertos por COVID-19: las voces y los hechos de una tragedia sin precedentes | CVI NOTICIAS\",\"isPartOf\":{\"@id\":\"https:\\\/\\\/cvinoticias.com\\\/v3\\\/#website\"},\"primaryImageOfPage\":{\"@id\":\"https:\\\/\\\/cvinoticias.com\\\/v3\\\/argentina-supero-los-100-mil-muertos-por-covid-19-las-voces-y-los-hechos-de-una-tragedia-sin-precedentes\\\/#primaryimage\"},\"image\":{\"@id\":\"https:\\\/\\\/cvinoticias.com\\\/v3\\\/argentina-supero-los-100-mil-muertos-por-covid-19-las-voces-y-los-hechos-de-una-tragedia-sin-precedentes\\\/#primaryimage\"},\"thumbnailUrl\":\"https:\\\/\\\/cvinoticias.com\\\/wp-content\\\/uploads\\\/2021\\\/07\\\/famosos-muertos-por-covid-19jpg.jpg\",\"datePublished\":\"2021-07-14T23:24:20+00:00\",\"breadcrumb\":{\"@id\":\"https:\\\/\\\/cvinoticias.com\\\/v3\\\/argentina-supero-los-100-mil-muertos-por-covid-19-las-voces-y-los-hechos-de-una-tragedia-sin-precedentes\\\/#breadcrumb\"},\"inLanguage\":\"es\",\"potentialAction\":[{\"@type\":\"ReadAction\",\"target\":[\"https:\\\/\\\/cvinoticias.com\\\/v3\\\/argentina-supero-los-100-mil-muertos-por-covid-19-las-voces-y-los-hechos-de-una-tragedia-sin-precedentes\\\/\"]}]},{\"@type\":\"ImageObject\",\"inLanguage\":\"es\",\"@id\":\"https:\\\/\\\/cvinoticias.com\\\/v3\\\/argentina-supero-los-100-mil-muertos-por-covid-19-las-voces-y-los-hechos-de-una-tragedia-sin-precedentes\\\/#primaryimage\",\"url\":\"https:\\\/\\\/cvinoticias.com\\\/wp-content\\\/uploads\\\/2021\\\/07\\\/famosos-muertos-por-covid-19jpg.jpg\",\"contentUrl\":\"https:\\\/\\\/cvinoticias.com\\\/wp-content\\\/uploads\\\/2021\\\/07\\\/famosos-muertos-por-covid-19jpg.jpg\",\"width\":1200,\"height\":675},{\"@type\":\"BreadcrumbList\",\"@id\":\"https:\\\/\\\/cvinoticias.com\\\/v3\\\/argentina-supero-los-100-mil-muertos-por-covid-19-las-voces-y-los-hechos-de-una-tragedia-sin-precedentes\\\/#breadcrumb\",\"itemListElement\":[{\"@type\":\"ListItem\",\"position\":1,\"name\":\"Portada\",\"item\":\"https:\\\/\\\/cvinoticias.com\\\/v3\\\/\"},{\"@type\":\"ListItem\",\"position\":2,\"name\":\"Argentina super\u00f3 los 100 mil muertos por COVID-19: las voces y los hechos de una tragedia sin precedentes\"}]},{\"@type\":\"WebSite\",\"@id\":\"https:\\\/\\\/cvinoticias.com\\\/v3\\\/#website\",\"url\":\"https:\\\/\\\/cvinoticias.com\\\/v3\\\/\",\"name\":\"CVI NOTICIAS\",\"description\":\"\",\"publisher\":{\"@id\":\"https:\\\/\\\/cvinoticias.com\\\/v3\\\/#organization\"},\"alternateName\":\"CVI\",\"potentialAction\":[{\"@type\":\"SearchAction\",\"target\":{\"@type\":\"EntryPoint\",\"urlTemplate\":\"https:\\\/\\\/cvinoticias.com\\\/v3\\\/?s={search_term_string}\"},\"query-input\":{\"@type\":\"PropertyValueSpecification\",\"valueRequired\":true,\"valueName\":\"search_term_string\"}}],\"inLanguage\":\"es\"},{\"@type\":\"Organization\",\"@id\":\"https:\\\/\\\/cvinoticias.com\\\/v3\\\/#organization\",\"name\":\"CVI NOTICIAS\",\"url\":\"https:\\\/\\\/cvinoticias.com\\\/v3\\\/\",\"logo\":{\"@type\":\"ImageObject\",\"inLanguage\":\"es\",\"@id\":\"https:\\\/\\\/cvinoticias.com\\\/v3\\\/#\\\/schema\\\/logo\\\/image\\\/\",\"url\":\"https:\\\/\\\/cvinoticias.com\\\/wp-content\\\/uploads\\\/2023\\\/04\\\/cropped-cropped-cropped-cropped-cropped-3-1.png\",\"contentUrl\":\"https:\\\/\\\/cvinoticias.com\\\/wp-content\\\/uploads\\\/2023\\\/04\\\/cropped-cropped-cropped-cropped-cropped-3-1.png\",\"width\":95,\"height\":122,\"caption\":\"CVI NOTICIAS\"},\"image\":{\"@id\":\"https:\\\/\\\/cvinoticias.com\\\/v3\\\/#\\\/schema\\\/logo\\\/image\\\/\"},\"sameAs\":[\"https:\\\/\\\/www.facebook.com\\\/cvinoticias\",\"https:\\\/\\\/www.instagram.com\\\/cvinoticias\\\/\",\"https:\\\/\\\/www.youtube.com\\\/@CVINOTICIAS\"]},{\"@type\":\"Person\",\"@id\":\"https:\\\/\\\/cvinoticias.com\\\/v3\\\/#\\\/schema\\\/person\\\/2db77e3c6bc03c538495d7b2b8be9b66\",\"name\":\"f1000024\",\"image\":{\"@type\":\"ImageObject\",\"inLanguage\":\"es\",\"@id\":\"https:\\\/\\\/secure.gravatar.com\\\/avatar\\\/d4fe7459cfc51ff5129ce1a732bbef5928568b8092d412ef95611616376bbeed?s=96&d=mm&r=g\",\"url\":\"https:\\\/\\\/secure.gravatar.com\\\/avatar\\\/d4fe7459cfc51ff5129ce1a732bbef5928568b8092d412ef95611616376bbeed?s=96&d=mm&r=g\",\"contentUrl\":\"https:\\\/\\\/secure.gravatar.com\\\/avatar\\\/d4fe7459cfc51ff5129ce1a732bbef5928568b8092d412ef95611616376bbeed?s=96&d=mm&r=g\",\"caption\":\"f1000024\"},\"url\":\"https:\\\/\\\/cvinoticias.com\\\/v3\\\/author\\\/f1000024\\\/\"}]}<\/script>\n<!-- \/ Yoast SEO plugin. -->","yoast_head_json":{"title":"Argentina super\u00f3 los 100 mil muertos por COVID-19: las voces y los hechos de una tragedia sin precedentes | CVI NOTICIAS","robots":{"index":"index","follow":"follow","max-snippet":"max-snippet:-1","max-image-preview":"max-image-preview:large","max-video-preview":"max-video-preview:-1"},"canonical":"https:\/\/cvinoticias.com\/v3\/argentina-supero-los-100-mil-muertos-por-covid-19-las-voces-y-los-hechos-de-una-tragedia-sin-precedentes\/","og_locale":"es_ES","og_type":"article","og_title":"Argentina super\u00f3 los 100 mil muertos por COVID-19: las voces y los hechos de una tragedia sin precedentes | CVI NOTICIAS","og_description":"Hoy se registraron 614 muertes y 19.697 contagios en el pa\u00eds. Con esa cifra se lleg\u00f3 a 100.250 fallecidos, n\u00famero que supera por algo m\u00e1s de un tercio al peor escenario que el gobierno previ\u00f3 al comenzar la pandemia de coronavirus, que nos ubica en el puesto 11 a nivel mundial en cantidad de decesos. [&hellip;]","og_url":"https:\/\/cvinoticias.com\/v3\/argentina-supero-los-100-mil-muertos-por-covid-19-las-voces-y-los-hechos-de-una-tragedia-sin-precedentes\/","og_site_name":"CVI NOTICIAS","article_publisher":"https:\/\/www.facebook.com\/cvinoticias","article_published_time":"2021-07-14T23:24:20+00:00","og_image":[{"width":1200,"height":675,"url":"https:\/\/cvinoticias.com\/wp-content\/uploads\/2021\/07\/famosos-muertos-por-covid-19jpg.jpg","type":"image\/jpeg"}],"author":"f1000024","twitter_card":"summary_large_image","twitter_misc":{"Escrito por":"f1000024","Tiempo de lectura":"3 minutos"},"schema":{"@context":"https:\/\/schema.org","@graph":[{"@type":"Article","@id":"https:\/\/cvinoticias.com\/v3\/argentina-supero-los-100-mil-muertos-por-covid-19-las-voces-y-los-hechos-de-una-tragedia-sin-precedentes\/#article","isPartOf":{"@id":"https:\/\/cvinoticias.com\/v3\/argentina-supero-los-100-mil-muertos-por-covid-19-las-voces-y-los-hechos-de-una-tragedia-sin-precedentes\/"},"author":{"name":"f1000024","@id":"https:\/\/cvinoticias.com\/v3\/#\/schema\/person\/2db77e3c6bc03c538495d7b2b8be9b66"},"headline":"Argentina super\u00f3 los 100 mil muertos por COVID-19: las voces y los hechos de una tragedia sin precedentes","datePublished":"2021-07-14T23:24:20+00:00","mainEntityOfPage":{"@id":"https:\/\/cvinoticias.com\/v3\/argentina-supero-los-100-mil-muertos-por-covid-19-las-voces-y-los-hechos-de-una-tragedia-sin-precedentes\/"},"wordCount":579,"commentCount":0,"publisher":{"@id":"https:\/\/cvinoticias.com\/v3\/#organization"},"image":{"@id":"https:\/\/cvinoticias.com\/v3\/argentina-supero-los-100-mil-muertos-por-covid-19-las-voces-y-los-hechos-de-una-tragedia-sin-precedentes\/#primaryimage"},"thumbnailUrl":"https:\/\/cvinoticias.com\/wp-content\/uploads\/2021\/07\/famosos-muertos-por-covid-19jpg.jpg","articleSection":["Covid-19"],"inLanguage":"es","potentialAction":[{"@type":"CommentAction","name":"Comment","target":["https:\/\/cvinoticias.com\/v3\/argentina-supero-los-100-mil-muertos-por-covid-19-las-voces-y-los-hechos-de-una-tragedia-sin-precedentes\/#respond"]}]},{"@type":"WebPage","@id":"https:\/\/cvinoticias.com\/v3\/argentina-supero-los-100-mil-muertos-por-covid-19-las-voces-y-los-hechos-de-una-tragedia-sin-precedentes\/","url":"https:\/\/cvinoticias.com\/v3\/argentina-supero-los-100-mil-muertos-por-covid-19-las-voces-y-los-hechos-de-una-tragedia-sin-precedentes\/","name":"Argentina super\u00f3 los 100 mil muertos por COVID-19: las voces y los hechos de una tragedia sin precedentes | CVI NOTICIAS","isPartOf":{"@id":"https:\/\/cvinoticias.com\/v3\/#website"},"primaryImageOfPage":{"@id":"https:\/\/cvinoticias.com\/v3\/argentina-supero-los-100-mil-muertos-por-covid-19-las-voces-y-los-hechos-de-una-tragedia-sin-precedentes\/#primaryimage"},"image":{"@id":"https:\/\/cvinoticias.com\/v3\/argentina-supero-los-100-mil-muertos-por-covid-19-las-voces-y-los-hechos-de-una-tragedia-sin-precedentes\/#primaryimage"},"thumbnailUrl":"https:\/\/cvinoticias.com\/wp-content\/uploads\/2021\/07\/famosos-muertos-por-covid-19jpg.jpg","datePublished":"2021-07-14T23:24:20+00:00","breadcrumb":{"@id":"https:\/\/cvinoticias.com\/v3\/argentina-supero-los-100-mil-muertos-por-covid-19-las-voces-y-los-hechos-de-una-tragedia-sin-precedentes\/#breadcrumb"},"inLanguage":"es","potentialAction":[{"@type":"ReadAction","target":["https:\/\/cvinoticias.com\/v3\/argentina-supero-los-100-mil-muertos-por-covid-19-las-voces-y-los-hechos-de-una-tragedia-sin-precedentes\/"]}]},{"@type":"ImageObject","inLanguage":"es","@id":"https:\/\/cvinoticias.com\/v3\/argentina-supero-los-100-mil-muertos-por-covid-19-las-voces-y-los-hechos-de-una-tragedia-sin-precedentes\/#primaryimage","url":"https:\/\/cvinoticias.com\/wp-content\/uploads\/2021\/07\/famosos-muertos-por-covid-19jpg.jpg","contentUrl":"https:\/\/cvinoticias.com\/wp-content\/uploads\/2021\/07\/famosos-muertos-por-covid-19jpg.jpg","width":1200,"height":675},{"@type":"BreadcrumbList","@id":"https:\/\/cvinoticias.com\/v3\/argentina-supero-los-100-mil-muertos-por-covid-19-las-voces-y-los-hechos-de-una-tragedia-sin-precedentes\/#breadcrumb","itemListElement":[{"@type":"ListItem","position":1,"name":"Portada","item":"https:\/\/cvinoticias.com\/v3\/"},{"@type":"ListItem","position":2,"name":"Argentina super\u00f3 los 100 mil muertos por COVID-19: las voces y los hechos de una tragedia sin precedentes"}]},{"@type":"WebSite","@id":"https:\/\/cvinoticias.com\/v3\/#website","url":"https:\/\/cvinoticias.com\/v3\/","name":"CVI NOTICIAS","description":"","publisher":{"@id":"https:\/\/cvinoticias.com\/v3\/#organization"},"alternateName":"CVI","potentialAction":[{"@type":"SearchAction","target":{"@type":"EntryPoint","urlTemplate":"https:\/\/cvinoticias.com\/v3\/?s={search_term_string}"},"query-input":{"@type":"PropertyValueSpecification","valueRequired":true,"valueName":"search_term_string"}}],"inLanguage":"es"},{"@type":"Organization","@id":"https:\/\/cvinoticias.com\/v3\/#organization","name":"CVI NOTICIAS","url":"https:\/\/cvinoticias.com\/v3\/","logo":{"@type":"ImageObject","inLanguage":"es","@id":"https:\/\/cvinoticias.com\/v3\/#\/schema\/logo\/image\/","url":"https:\/\/cvinoticias.com\/wp-content\/uploads\/2023\/04\/cropped-cropped-cropped-cropped-cropped-3-1.png","contentUrl":"https:\/\/cvinoticias.com\/wp-content\/uploads\/2023\/04\/cropped-cropped-cropped-cropped-cropped-3-1.png","width":95,"height":122,"caption":"CVI NOTICIAS"},"image":{"@id":"https:\/\/cvinoticias.com\/v3\/#\/schema\/logo\/image\/"},"sameAs":["https:\/\/www.facebook.com\/cvinoticias","https:\/\/www.instagram.com\/cvinoticias\/","https:\/\/www.youtube.com\/@CVINOTICIAS"]},{"@type":"Person","@id":"https:\/\/cvinoticias.com\/v3\/#\/schema\/person\/2db77e3c6bc03c538495d7b2b8be9b66","name":"f1000024","image":{"@type":"ImageObject","inLanguage":"es","@id":"https:\/\/secure.gravatar.com\/avatar\/d4fe7459cfc51ff5129ce1a732bbef5928568b8092d412ef95611616376bbeed?s=96&d=mm&r=g","url":"https:\/\/secure.gravatar.com\/avatar\/d4fe7459cfc51ff5129ce1a732bbef5928568b8092d412ef95611616376bbeed?s=96&d=mm&r=g","contentUrl":"https:\/\/secure.gravatar.com\/avatar\/d4fe7459cfc51ff5129ce1a732bbef5928568b8092d412ef95611616376bbeed?s=96&d=mm&r=g","caption":"f1000024"},"url":"https:\/\/cvinoticias.com\/v3\/author\/f1000024\/"}]}},"_links":{"self":[{"href":"https:\/\/cvinoticias.com\/v3\/wp-json\/wp\/v2\/posts\/6820","targetHints":{"allow":["GET"]}}],"collection":[{"href":"https:\/\/cvinoticias.com\/v3\/wp-json\/wp\/v2\/posts"}],"about":[{"href":"https:\/\/cvinoticias.com\/v3\/wp-json\/wp\/v2\/types\/post"}],"author":[{"embeddable":true,"href":"https:\/\/cvinoticias.com\/v3\/wp-json\/wp\/v2\/users\/2"}],"replies":[{"embeddable":true,"href":"https:\/\/cvinoticias.com\/v3\/wp-json\/wp\/v2\/comments?post=6820"}],"version-history":[{"count":1,"href":"https:\/\/cvinoticias.com\/v3\/wp-json\/wp\/v2\/posts\/6820\/revisions"}],"predecessor-version":[{"id":6822,"href":"https:\/\/cvinoticias.com\/v3\/wp-json\/wp\/v2\/posts\/6820\/revisions\/6822"}],"wp:featuredmedia":[{"embeddable":true,"href":"https:\/\/cvinoticias.com\/v3\/wp-json\/wp\/v2\/media\/6821"}],"wp:attachment":[{"href":"https:\/\/cvinoticias.com\/v3\/wp-json\/wp\/v2\/media?parent=6820"}],"wp:term":[{"taxonomy":"category","embeddable":true,"href":"https:\/\/cvinoticias.com\/v3\/wp-json\/wp\/v2\/categories?post=6820"},{"taxonomy":"post_tag","embeddable":true,"href":"https:\/\/cvinoticias.com\/v3\/wp-json\/wp\/v2\/tags?post=6820"}],"curies":[{"name":"wp","href":"https:\/\/api.w.org\/{rel}","templated":true}]}}