{"id":682,"date":"2020-12-15T11:29:24","date_gmt":"2020-12-15T11:29:24","guid":{"rendered":"https:\/\/cvinoticias.com\/v3\/?p=682"},"modified":"2020-12-15T11:29:24","modified_gmt":"2020-12-15T11:29:24","slug":"coronavirus-la-argentina-es-el-segundo-pais-de-america-latina-mas-afectado-por-el-covid-19","status":"publish","type":"post","link":"https:\/\/cvinoticias.com\/v3\/coronavirus-la-argentina-es-el-segundo-pais-de-america-latina-mas-afectado-por-el-covid-19\/","title":{"rendered":"Coronavirus: La Argentina es el segundo pa\u00eds de Am\u00e9rica latina m\u00e1s afectado por el COVID-19"},"content":{"rendered":"\n<p><strong><em>Qued\u00f3 detr\u00e1s de Panam\u00e1 en cantidad de contagios por mill\u00f3n de habitantes, de acuerdo a estad\u00edsticas internacionales.<\/em><\/strong><\/p>\n\n\n\n<p>La Argentina\u00a0<strong>super\u00f3\u00a0<\/strong>el mill\u00f3n y medio\u00a0de casos de\u00a0<strong>coronavirus,<\/strong>\u00a0seg\u00fan el \u00faltimo reporte oficial del ministerio de Salud, y en Am\u00e9rica Latina se ubic\u00f3\u00a0<strong>detr\u00e1s de Panam\u00e1<\/strong>en cantidad de contagios por mill\u00f3n de habitantes.<\/p>\n\n\n\n<p>De acuerdo a la plataforma worldowetets\u00a0 que re\u00fane las estad\u00edsticas de casos de COVID-19 que informan los pa\u00edses, en el caso de Am\u00e9rica latina Panam\u00e1 tiene<strong>\u00a044.787<\/strong>contagios seguido por la Argentina, con<strong>33.122 casos.\u00a0<\/strong>As\u00ed, se ubic\u00f3 como el segundo pa\u00eds de la regi\u00f3n en esta categor\u00eda.<\/p>\n\n\n\n<p>El \u00faltimo reporte del Ministerio de Salud indica que se detectaron 5062 nuevos casos de coronavirus y 275 muertes en 24 horas en la Argentina. Determin\u00f3 que los infectados en todo el pa\u00eds llegaron a 1.503.222, las muertes, a 41.041 y los pacientes dados de alta, a 1.340.120.<\/p>\n\n\n\n<p>A casi nueve meses de iniciada la cuarentena, en el caso de la ciudad de Buenos Aires volvieron a crecer los contagios. Aunque la curva estaba controlada o en baja en los \u00faltimos d\u00edas\u00a0se registr\u00f3 una fuerte ca\u00edda, ya que el viernes se registraron\u00a0<strong>el triple\u00a0<\/strong>de casos que los del martes de la misma semana, que estuvieron cerca de los 160.<\/p>\n\n\n\n<p>En Naci\u00f3n y en el \u00e1rea metropolitana hay preocupaci\u00f3n por la aceleraci\u00f3n de contagios. El ministro de salud porte\u00f1o <strong>Fern\u00e1n Quir\u00f3s<\/strong>\u00a0manifest\u00f3 en varias oportunidades la necesidad de mantener las medidas de prevenci\u00f3n de contagios y expres\u00f3 su preocupaci\u00f3n por la masiva asistencia al velorio de Diego Maradona<strong>\u00a0<\/strong>en Casa Rosada. Mientras que su par bonaerense\u00a0<strong>Daniel Gollan<\/strong>\u00a0pidi\u00f3 evitar que<strong>\u201cse instale el descontrol\u201d,\u00a0<\/strong>en relaci\u00f3n a las fiestas clandestinas, y advirti\u00f3 sobre la llpegada dede una segunda ola. <\/p>\n\n\n\n<p>Con este escenario de fondo el jefe de Gabinete Santiago Cafiero recibe a las 11 hs en Casa de Gobierno al ministro de Salud de la Naci\u00f3n\u00a0<strong>Gin\u00e9s Gonz\u00e1lez Garc\u00eda<\/strong>\u00a0y a sus pares porte\u00f1o,\u00a0<strong>Quir\u00f3s<\/strong>, y bonaerense,\u00a0<strong>Gollan<\/strong>. Participar\u00e1n adem\u00e1s los jefes de Gabinete de ambos distritos\u00a0<strong>Felipe Miguel<\/strong>\u00a0y\u00a0<strong>Carlos Bianco<\/strong>.<\/p>\n\n\n\n<p>Cafiero explic\u00f3 que en el encuentro evaluar\u00e1n \u201cen tiempo real c\u00f3mo est\u00e1n las salas de terapia intensiva\u201d, entre otras cuestiones. Record\u00f3 que desde el Gobierno advirtieron que \u201cla pandemia no est\u00e1 superada\u00a0y que por eso \u201chay que seguir cuid\u00e1ndose y no relajarse\u201d.<\/p>\n","protected":false},"excerpt":{"rendered":"<p>Qued\u00f3 detr\u00e1s de Panam\u00e1 en cantidad de contagios por mill\u00f3n de habitantes, de acuerdo a estad\u00edsticas internacionales. La Argentina\u00a0super\u00f3\u00a0el mill\u00f3n y medio\u00a0de casos de\u00a0coronavirus,\u00a0seg\u00fan el \u00faltimo reporte oficial del ministerio de Salud, y en Am\u00e9rica Latina se ubic\u00f3\u00a0detr\u00e1s de Panam\u00e1en cantidad de contagios por mill\u00f3n de habitantes. De acuerdo a la plataforma worldowetets\u00a0 que re\u00fane [&hellip;]<\/p>\n","protected":false},"author":2,"featured_media":683,"comment_status":"open","ping_status":"open","sticky":false,"template":"","format":"standard","meta":{"footnotes":""},"categories":[22],"tags":[63,64],"class_list":["post-682","post","type-post","status-publish","format-standard","has-post-thumbnail","hentry","category-salud","tag-coronavirus","tag-pandemia"],"yoast_head":"<!-- This site is optimized with the Yoast SEO plugin v27.5 - https:\/\/yoast.com\/product\/yoast-seo-wordpress\/ -->\n<title>Coronavirus: La Argentina es el segundo pa\u00eds de Am\u00e9rica latina m\u00e1s afectado por el COVID-19 | CVI NOTICIAS<\/title>\n<meta name=\"robots\" content=\"index, follow, max-snippet:-1, max-image-preview:large, max-video-preview:-1\" \/>\n<link rel=\"canonical\" href=\"https:\/\/cvinoticias.com\/v3\/coronavirus-la-argentina-es-el-segundo-pais-de-america-latina-mas-afectado-por-el-covid-19\/\" \/>\n<meta property=\"og:locale\" content=\"es_ES\" \/>\n<meta property=\"og:type\" content=\"article\" \/>\n<meta property=\"og:title\" content=\"Coronavirus: La Argentina es el segundo pa\u00eds de Am\u00e9rica latina m\u00e1s afectado por el COVID-19 | CVI NOTICIAS\" \/>\n<meta property=\"og:description\" content=\"Qued\u00f3 detr\u00e1s de Panam\u00e1 en cantidad de contagios por mill\u00f3n de habitantes, de acuerdo a estad\u00edsticas internacionales. La Argentina\u00a0super\u00f3\u00a0el mill\u00f3n y medio\u00a0de casos de\u00a0coronavirus,\u00a0seg\u00fan el \u00faltimo reporte oficial del ministerio de Salud, y en Am\u00e9rica Latina se ubic\u00f3\u00a0detr\u00e1s de Panam\u00e1en cantidad de contagios por mill\u00f3n de habitantes. De acuerdo a la plataforma worldowetets\u00a0 que re\u00fane [&hellip;]\" \/>\n<meta property=\"og:url\" content=\"https:\/\/cvinoticias.com\/v3\/coronavirus-la-argentina-es-el-segundo-pais-de-america-latina-mas-afectado-por-el-covid-19\/\" \/>\n<meta property=\"og:site_name\" content=\"CVI NOTICIAS\" \/>\n<meta property=\"article:publisher\" content=\"https:\/\/www.facebook.com\/cvinoticias\" \/>\n<meta property=\"article:published_time\" content=\"2020-12-15T11:29:24+00:00\" \/>\n<meta property=\"og:image\" content=\"https:\/\/cvinoticias.com\/wp-content\/uploads\/2020\/12\/Coronavirus4-1024x576-1024x576-1.jpg\" \/>\n\t<meta property=\"og:image:width\" content=\"1024\" \/>\n\t<meta property=\"og:image:height\" content=\"576\" \/>\n\t<meta property=\"og:image:type\" content=\"image\/jpeg\" \/>\n<meta name=\"author\" content=\"f1000024\" \/>\n<meta name=\"twitter:card\" content=\"summary_large_image\" \/>\n<meta name=\"twitter:label1\" content=\"Escrito por\" \/>\n\t<meta name=\"twitter:data1\" content=\"f1000024\" \/>\n\t<meta name=\"twitter:label2\" content=\"Tiempo de lectura\" \/>\n\t<meta name=\"twitter:data2\" content=\"2 minutos\" \/>\n<script type=\"application\/ld+json\" class=\"yoast-schema-graph\">{\"@context\":\"https:\\\/\\\/schema.org\",\"@graph\":[{\"@type\":\"Article\",\"@id\":\"https:\\\/\\\/cvinoticias.com\\\/v3\\\/coronavirus-la-argentina-es-el-segundo-pais-de-america-latina-mas-afectado-por-el-covid-19\\\/#article\",\"isPartOf\":{\"@id\":\"https:\\\/\\\/cvinoticias.com\\\/v3\\\/coronavirus-la-argentina-es-el-segundo-pais-de-america-latina-mas-afectado-por-el-covid-19\\\/\"},\"author\":{\"name\":\"f1000024\",\"@id\":\"https:\\\/\\\/cvinoticias.com\\\/v3\\\/#\\\/schema\\\/person\\\/2db77e3c6bc03c538495d7b2b8be9b66\"},\"headline\":\"Coronavirus: La Argentina es el segundo pa\u00eds de Am\u00e9rica latina m\u00e1s afectado por el COVID-19\",\"datePublished\":\"2020-12-15T11:29:24+00:00\",\"mainEntityOfPage\":{\"@id\":\"https:\\\/\\\/cvinoticias.com\\\/v3\\\/coronavirus-la-argentina-es-el-segundo-pais-de-america-latina-mas-afectado-por-el-covid-19\\\/\"},\"wordCount\":436,\"commentCount\":0,\"publisher\":{\"@id\":\"https:\\\/\\\/cvinoticias.com\\\/v3\\\/#organization\"},\"image\":{\"@id\":\"https:\\\/\\\/cvinoticias.com\\\/v3\\\/coronavirus-la-argentina-es-el-segundo-pais-de-america-latina-mas-afectado-por-el-covid-19\\\/#primaryimage\"},\"thumbnailUrl\":\"https:\\\/\\\/cvinoticias.com\\\/wp-content\\\/uploads\\\/2020\\\/12\\\/Coronavirus4-1024x576-1024x576-1.jpg\",\"keywords\":[\"Coronavirus\",\"Pandemia\"],\"articleSection\":[\"Salud\"],\"inLanguage\":\"es\",\"potentialAction\":[{\"@type\":\"CommentAction\",\"name\":\"Comment\",\"target\":[\"https:\\\/\\\/cvinoticias.com\\\/v3\\\/coronavirus-la-argentina-es-el-segundo-pais-de-america-latina-mas-afectado-por-el-covid-19\\\/#respond\"]}]},{\"@type\":\"WebPage\",\"@id\":\"https:\\\/\\\/cvinoticias.com\\\/v3\\\/coronavirus-la-argentina-es-el-segundo-pais-de-america-latina-mas-afectado-por-el-covid-19\\\/\",\"url\":\"https:\\\/\\\/cvinoticias.com\\\/v3\\\/coronavirus-la-argentina-es-el-segundo-pais-de-america-latina-mas-afectado-por-el-covid-19\\\/\",\"name\":\"Coronavirus: La Argentina es el segundo pa\u00eds de Am\u00e9rica latina m\u00e1s afectado por el COVID-19 | CVI NOTICIAS\",\"isPartOf\":{\"@id\":\"https:\\\/\\\/cvinoticias.com\\\/v3\\\/#website\"},\"primaryImageOfPage\":{\"@id\":\"https:\\\/\\\/cvinoticias.com\\\/v3\\\/coronavirus-la-argentina-es-el-segundo-pais-de-america-latina-mas-afectado-por-el-covid-19\\\/#primaryimage\"},\"image\":{\"@id\":\"https:\\\/\\\/cvinoticias.com\\\/v3\\\/coronavirus-la-argentina-es-el-segundo-pais-de-america-latina-mas-afectado-por-el-covid-19\\\/#primaryimage\"},\"thumbnailUrl\":\"https:\\\/\\\/cvinoticias.com\\\/wp-content\\\/uploads\\\/2020\\\/12\\\/Coronavirus4-1024x576-1024x576-1.jpg\",\"datePublished\":\"2020-12-15T11:29:24+00:00\",\"breadcrumb\":{\"@id\":\"https:\\\/\\\/cvinoticias.com\\\/v3\\\/coronavirus-la-argentina-es-el-segundo-pais-de-america-latina-mas-afectado-por-el-covid-19\\\/#breadcrumb\"},\"inLanguage\":\"es\",\"potentialAction\":[{\"@type\":\"ReadAction\",\"target\":[\"https:\\\/\\\/cvinoticias.com\\\/v3\\\/coronavirus-la-argentina-es-el-segundo-pais-de-america-latina-mas-afectado-por-el-covid-19\\\/\"]}]},{\"@type\":\"ImageObject\",\"inLanguage\":\"es\",\"@id\":\"https:\\\/\\\/cvinoticias.com\\\/v3\\\/coronavirus-la-argentina-es-el-segundo-pais-de-america-latina-mas-afectado-por-el-covid-19\\\/#primaryimage\",\"url\":\"https:\\\/\\\/cvinoticias.com\\\/wp-content\\\/uploads\\\/2020\\\/12\\\/Coronavirus4-1024x576-1024x576-1.jpg\",\"contentUrl\":\"https:\\\/\\\/cvinoticias.com\\\/wp-content\\\/uploads\\\/2020\\\/12\\\/Coronavirus4-1024x576-1024x576-1.jpg\",\"width\":1024,\"height\":576},{\"@type\":\"BreadcrumbList\",\"@id\":\"https:\\\/\\\/cvinoticias.com\\\/v3\\\/coronavirus-la-argentina-es-el-segundo-pais-de-america-latina-mas-afectado-por-el-covid-19\\\/#breadcrumb\",\"itemListElement\":[{\"@type\":\"ListItem\",\"position\":1,\"name\":\"Portada\",\"item\":\"https:\\\/\\\/cvinoticias.com\\\/v3\\\/\"},{\"@type\":\"ListItem\",\"position\":2,\"name\":\"Coronavirus: La Argentina es el segundo pa\u00eds de Am\u00e9rica latina m\u00e1s afectado por el COVID-19\"}]},{\"@type\":\"WebSite\",\"@id\":\"https:\\\/\\\/cvinoticias.com\\\/v3\\\/#website\",\"url\":\"https:\\\/\\\/cvinoticias.com\\\/v3\\\/\",\"name\":\"CVI NOTICIAS\",\"description\":\"\",\"publisher\":{\"@id\":\"https:\\\/\\\/cvinoticias.com\\\/v3\\\/#organization\"},\"alternateName\":\"CVI\",\"potentialAction\":[{\"@type\":\"SearchAction\",\"target\":{\"@type\":\"EntryPoint\",\"urlTemplate\":\"https:\\\/\\\/cvinoticias.com\\\/v3\\\/?s={search_term_string}\"},\"query-input\":{\"@type\":\"PropertyValueSpecification\",\"valueRequired\":true,\"valueName\":\"search_term_string\"}}],\"inLanguage\":\"es\"},{\"@type\":\"Organization\",\"@id\":\"https:\\\/\\\/cvinoticias.com\\\/v3\\\/#organization\",\"name\":\"CVI NOTICIAS\",\"url\":\"https:\\\/\\\/cvinoticias.com\\\/v3\\\/\",\"logo\":{\"@type\":\"ImageObject\",\"inLanguage\":\"es\",\"@id\":\"https:\\\/\\\/cvinoticias.com\\\/v3\\\/#\\\/schema\\\/logo\\\/image\\\/\",\"url\":\"https:\\\/\\\/cvinoticias.com\\\/wp-content\\\/uploads\\\/2023\\\/04\\\/cropped-cropped-cropped-cropped-cropped-3-1.png\",\"contentUrl\":\"https:\\\/\\\/cvinoticias.com\\\/wp-content\\\/uploads\\\/2023\\\/04\\\/cropped-cropped-cropped-cropped-cropped-3-1.png\",\"width\":95,\"height\":122,\"caption\":\"CVI NOTICIAS\"},\"image\":{\"@id\":\"https:\\\/\\\/cvinoticias.com\\\/v3\\\/#\\\/schema\\\/logo\\\/image\\\/\"},\"sameAs\":[\"https:\\\/\\\/www.facebook.com\\\/cvinoticias\",\"https:\\\/\\\/www.instagram.com\\\/cvinoticias\\\/\",\"https:\\\/\\\/www.youtube.com\\\/@CVINOTICIAS\"]},{\"@type\":\"Person\",\"@id\":\"https:\\\/\\\/cvinoticias.com\\\/v3\\\/#\\\/schema\\\/person\\\/2db77e3c6bc03c538495d7b2b8be9b66\",\"name\":\"f1000024\",\"image\":{\"@type\":\"ImageObject\",\"inLanguage\":\"es\",\"@id\":\"https:\\\/\\\/secure.gravatar.com\\\/avatar\\\/d4fe7459cfc51ff5129ce1a732bbef5928568b8092d412ef95611616376bbeed?s=96&d=mm&r=g\",\"url\":\"https:\\\/\\\/secure.gravatar.com\\\/avatar\\\/d4fe7459cfc51ff5129ce1a732bbef5928568b8092d412ef95611616376bbeed?s=96&d=mm&r=g\",\"contentUrl\":\"https:\\\/\\\/secure.gravatar.com\\\/avatar\\\/d4fe7459cfc51ff5129ce1a732bbef5928568b8092d412ef95611616376bbeed?s=96&d=mm&r=g\",\"caption\":\"f1000024\"},\"url\":\"https:\\\/\\\/cvinoticias.com\\\/v3\\\/author\\\/f1000024\\\/\"}]}<\/script>\n<!-- \/ Yoast SEO plugin. -->","yoast_head_json":{"title":"Coronavirus: La Argentina es el segundo pa\u00eds de Am\u00e9rica latina m\u00e1s afectado por el COVID-19 | CVI NOTICIAS","robots":{"index":"index","follow":"follow","max-snippet":"max-snippet:-1","max-image-preview":"max-image-preview:large","max-video-preview":"max-video-preview:-1"},"canonical":"https:\/\/cvinoticias.com\/v3\/coronavirus-la-argentina-es-el-segundo-pais-de-america-latina-mas-afectado-por-el-covid-19\/","og_locale":"es_ES","og_type":"article","og_title":"Coronavirus: La Argentina es el segundo pa\u00eds de Am\u00e9rica latina m\u00e1s afectado por el COVID-19 | CVI NOTICIAS","og_description":"Qued\u00f3 detr\u00e1s de Panam\u00e1 en cantidad de contagios por mill\u00f3n de habitantes, de acuerdo a estad\u00edsticas internacionales. La Argentina\u00a0super\u00f3\u00a0el mill\u00f3n y medio\u00a0de casos de\u00a0coronavirus,\u00a0seg\u00fan el \u00faltimo reporte oficial del ministerio de Salud, y en Am\u00e9rica Latina se ubic\u00f3\u00a0detr\u00e1s de Panam\u00e1en cantidad de contagios por mill\u00f3n de habitantes. De acuerdo a la plataforma worldowetets\u00a0 que re\u00fane [&hellip;]","og_url":"https:\/\/cvinoticias.com\/v3\/coronavirus-la-argentina-es-el-segundo-pais-de-america-latina-mas-afectado-por-el-covid-19\/","og_site_name":"CVI NOTICIAS","article_publisher":"https:\/\/www.facebook.com\/cvinoticias","article_published_time":"2020-12-15T11:29:24+00:00","og_image":[{"width":1024,"height":576,"url":"https:\/\/cvinoticias.com\/wp-content\/uploads\/2020\/12\/Coronavirus4-1024x576-1024x576-1.jpg","type":"image\/jpeg"}],"author":"f1000024","twitter_card":"summary_large_image","twitter_misc":{"Escrito por":"f1000024","Tiempo de lectura":"2 minutos"},"schema":{"@context":"https:\/\/schema.org","@graph":[{"@type":"Article","@id":"https:\/\/cvinoticias.com\/v3\/coronavirus-la-argentina-es-el-segundo-pais-de-america-latina-mas-afectado-por-el-covid-19\/#article","isPartOf":{"@id":"https:\/\/cvinoticias.com\/v3\/coronavirus-la-argentina-es-el-segundo-pais-de-america-latina-mas-afectado-por-el-covid-19\/"},"author":{"name":"f1000024","@id":"https:\/\/cvinoticias.com\/v3\/#\/schema\/person\/2db77e3c6bc03c538495d7b2b8be9b66"},"headline":"Coronavirus: La Argentina es el segundo pa\u00eds de Am\u00e9rica latina m\u00e1s afectado por el COVID-19","datePublished":"2020-12-15T11:29:24+00:00","mainEntityOfPage":{"@id":"https:\/\/cvinoticias.com\/v3\/coronavirus-la-argentina-es-el-segundo-pais-de-america-latina-mas-afectado-por-el-covid-19\/"},"wordCount":436,"commentCount":0,"publisher":{"@id":"https:\/\/cvinoticias.com\/v3\/#organization"},"image":{"@id":"https:\/\/cvinoticias.com\/v3\/coronavirus-la-argentina-es-el-segundo-pais-de-america-latina-mas-afectado-por-el-covid-19\/#primaryimage"},"thumbnailUrl":"https:\/\/cvinoticias.com\/wp-content\/uploads\/2020\/12\/Coronavirus4-1024x576-1024x576-1.jpg","keywords":["Coronavirus","Pandemia"],"articleSection":["Salud"],"inLanguage":"es","potentialAction":[{"@type":"CommentAction","name":"Comment","target":["https:\/\/cvinoticias.com\/v3\/coronavirus-la-argentina-es-el-segundo-pais-de-america-latina-mas-afectado-por-el-covid-19\/#respond"]}]},{"@type":"WebPage","@id":"https:\/\/cvinoticias.com\/v3\/coronavirus-la-argentina-es-el-segundo-pais-de-america-latina-mas-afectado-por-el-covid-19\/","url":"https:\/\/cvinoticias.com\/v3\/coronavirus-la-argentina-es-el-segundo-pais-de-america-latina-mas-afectado-por-el-covid-19\/","name":"Coronavirus: La Argentina es el segundo pa\u00eds de Am\u00e9rica latina m\u00e1s afectado por el COVID-19 | CVI NOTICIAS","isPartOf":{"@id":"https:\/\/cvinoticias.com\/v3\/#website"},"primaryImageOfPage":{"@id":"https:\/\/cvinoticias.com\/v3\/coronavirus-la-argentina-es-el-segundo-pais-de-america-latina-mas-afectado-por-el-covid-19\/#primaryimage"},"image":{"@id":"https:\/\/cvinoticias.com\/v3\/coronavirus-la-argentina-es-el-segundo-pais-de-america-latina-mas-afectado-por-el-covid-19\/#primaryimage"},"thumbnailUrl":"https:\/\/cvinoticias.com\/wp-content\/uploads\/2020\/12\/Coronavirus4-1024x576-1024x576-1.jpg","datePublished":"2020-12-15T11:29:24+00:00","breadcrumb":{"@id":"https:\/\/cvinoticias.com\/v3\/coronavirus-la-argentina-es-el-segundo-pais-de-america-latina-mas-afectado-por-el-covid-19\/#breadcrumb"},"inLanguage":"es","potentialAction":[{"@type":"ReadAction","target":["https:\/\/cvinoticias.com\/v3\/coronavirus-la-argentina-es-el-segundo-pais-de-america-latina-mas-afectado-por-el-covid-19\/"]}]},{"@type":"ImageObject","inLanguage":"es","@id":"https:\/\/cvinoticias.com\/v3\/coronavirus-la-argentina-es-el-segundo-pais-de-america-latina-mas-afectado-por-el-covid-19\/#primaryimage","url":"https:\/\/cvinoticias.com\/wp-content\/uploads\/2020\/12\/Coronavirus4-1024x576-1024x576-1.jpg","contentUrl":"https:\/\/cvinoticias.com\/wp-content\/uploads\/2020\/12\/Coronavirus4-1024x576-1024x576-1.jpg","width":1024,"height":576},{"@type":"BreadcrumbList","@id":"https:\/\/cvinoticias.com\/v3\/coronavirus-la-argentina-es-el-segundo-pais-de-america-latina-mas-afectado-por-el-covid-19\/#breadcrumb","itemListElement":[{"@type":"ListItem","position":1,"name":"Portada","item":"https:\/\/cvinoticias.com\/v3\/"},{"@type":"ListItem","position":2,"name":"Coronavirus: La Argentina es el segundo pa\u00eds de Am\u00e9rica latina m\u00e1s afectado por el COVID-19"}]},{"@type":"WebSite","@id":"https:\/\/cvinoticias.com\/v3\/#website","url":"https:\/\/cvinoticias.com\/v3\/","name":"CVI NOTICIAS","description":"","publisher":{"@id":"https:\/\/cvinoticias.com\/v3\/#organization"},"alternateName":"CVI","potentialAction":[{"@type":"SearchAction","target":{"@type":"EntryPoint","urlTemplate":"https:\/\/cvinoticias.com\/v3\/?s={search_term_string}"},"query-input":{"@type":"PropertyValueSpecification","valueRequired":true,"valueName":"search_term_string"}}],"inLanguage":"es"},{"@type":"Organization","@id":"https:\/\/cvinoticias.com\/v3\/#organization","name":"CVI NOTICIAS","url":"https:\/\/cvinoticias.com\/v3\/","logo":{"@type":"ImageObject","inLanguage":"es","@id":"https:\/\/cvinoticias.com\/v3\/#\/schema\/logo\/image\/","url":"https:\/\/cvinoticias.com\/wp-content\/uploads\/2023\/04\/cropped-cropped-cropped-cropped-cropped-3-1.png","contentUrl":"https:\/\/cvinoticias.com\/wp-content\/uploads\/2023\/04\/cropped-cropped-cropped-cropped-cropped-3-1.png","width":95,"height":122,"caption":"CVI NOTICIAS"},"image":{"@id":"https:\/\/cvinoticias.com\/v3\/#\/schema\/logo\/image\/"},"sameAs":["https:\/\/www.facebook.com\/cvinoticias","https:\/\/www.instagram.com\/cvinoticias\/","https:\/\/www.youtube.com\/@CVINOTICIAS"]},{"@type":"Person","@id":"https:\/\/cvinoticias.com\/v3\/#\/schema\/person\/2db77e3c6bc03c538495d7b2b8be9b66","name":"f1000024","image":{"@type":"ImageObject","inLanguage":"es","@id":"https:\/\/secure.gravatar.com\/avatar\/d4fe7459cfc51ff5129ce1a732bbef5928568b8092d412ef95611616376bbeed?s=96&d=mm&r=g","url":"https:\/\/secure.gravatar.com\/avatar\/d4fe7459cfc51ff5129ce1a732bbef5928568b8092d412ef95611616376bbeed?s=96&d=mm&r=g","contentUrl":"https:\/\/secure.gravatar.com\/avatar\/d4fe7459cfc51ff5129ce1a732bbef5928568b8092d412ef95611616376bbeed?s=96&d=mm&r=g","caption":"f1000024"},"url":"https:\/\/cvinoticias.com\/v3\/author\/f1000024\/"}]}},"_links":{"self":[{"href":"https:\/\/cvinoticias.com\/v3\/wp-json\/wp\/v2\/posts\/682","targetHints":{"allow":["GET"]}}],"collection":[{"href":"https:\/\/cvinoticias.com\/v3\/wp-json\/wp\/v2\/posts"}],"about":[{"href":"https:\/\/cvinoticias.com\/v3\/wp-json\/wp\/v2\/types\/post"}],"author":[{"embeddable":true,"href":"https:\/\/cvinoticias.com\/v3\/wp-json\/wp\/v2\/users\/2"}],"replies":[{"embeddable":true,"href":"https:\/\/cvinoticias.com\/v3\/wp-json\/wp\/v2\/comments?post=682"}],"version-history":[{"count":1,"href":"https:\/\/cvinoticias.com\/v3\/wp-json\/wp\/v2\/posts\/682\/revisions"}],"predecessor-version":[{"id":684,"href":"https:\/\/cvinoticias.com\/v3\/wp-json\/wp\/v2\/posts\/682\/revisions\/684"}],"wp:featuredmedia":[{"embeddable":true,"href":"https:\/\/cvinoticias.com\/v3\/wp-json\/wp\/v2\/media\/683"}],"wp:attachment":[{"href":"https:\/\/cvinoticias.com\/v3\/wp-json\/wp\/v2\/media?parent=682"}],"wp:term":[{"taxonomy":"category","embeddable":true,"href":"https:\/\/cvinoticias.com\/v3\/wp-json\/wp\/v2\/categories?post=682"},{"taxonomy":"post_tag","embeddable":true,"href":"https:\/\/cvinoticias.com\/v3\/wp-json\/wp\/v2\/tags?post=682"}],"curies":[{"name":"wp","href":"https:\/\/api.w.org\/{rel}","templated":true}]}}