{"id":6808,"date":"2021-07-14T21:11:01","date_gmt":"2021-07-14T21:11:01","guid":{"rendered":"https:\/\/cvinoticias.com\/v3\/?p=6808"},"modified":"2021-07-14T21:11:01","modified_gmt":"2021-07-14T21:11:01","slug":"firmaron-convenio-para-fortalecer-la-seguridad-fronteriza","status":"publish","type":"post","link":"https:\/\/cvinoticias.com\/v3\/firmaron-convenio-para-fortalecer-la-seguridad-fronteriza\/","title":{"rendered":"Firmaron convenio para fortalecer la seguridad fronteriza"},"content":{"rendered":"\n<p><strong><em>El Gobernador y el Ministro de Gobierno firmaron con la ministra de Seguridad de la Naci\u00f3n Sabina Frederic un convenio que apunta a fortalecer la seguridad y a realizar obras en el Paso Fronterizo Internacional Puerto Iguaz\u00fa &#8211; Puerto Tres Fronteras Paraguay. Herrera Ahuad destac\u00f3 la iniciativa clave en la seguridad de la zona de la Triple Frontera.<\/em><\/strong><\/p>\n\n\n\n<p>Esta tarde, el gobernador Oscar Herrera Ahuad acompa\u00f1ado por el ministro de Gobierno Marcelo P\u00e9rez firm\u00f3 con la ministra de Seguridad de la Naci\u00f3n Sabina Frederic un convenio para remodelar y refaccionar el paso fronterizo Puerto Iguaz\u00fa &#8211; Puerto Tres Fronteras Paraguay, obra que se realizar\u00e1 con fondos del Programa de Desarrollo de Complejos Fronterizos y permitir\u00e1 fortalecer la seguridad nacional en la provincia.<br>Durante el encuentro por videoconferencia, el mandatario expres\u00f3 el apoyo y el acompa\u00f1amiento de Misiones hacia el Ministerio de Seguridad.<\/p>\n\n\n\n<p>Igualmente, destac\u00f3 la responsabilidad en el cuidado de cientos de pasos internacionales que tiene la Rep\u00fablica Argentina y la elecci\u00f3n de \u201cnuestra provincia, sobre todo en las zonas como Puerto Iguaz\u00fa, para realizar una inversi\u00f3n tan importante\u201d. Tambi\u00e9n, remarc\u00f3 que es \u201cla primera vez que se pone en mejorar ese tipo de \u00e1reas en materia de seguridad\u201d.<\/p>\n\n\n\n<p>\u201cEl tema de la seguridad para nosotros es muy importante y es un paso donde por a\u00f1os transitan m\u00e1s de 12 millones de personas\u201d, enfatiz\u00f3 Herrera Ahuad. As\u00ed, asegur\u00f3 que la inversi\u00f3n va a permitir contar una mayor seguridad en toda la zona de la Triple Frontera. Por \u00faltimo, sostuvo que realizar la obra en el actual contexto demuestra que la \u00e9poca de pandemia es tiempo de oportunidades.<br>Por su lado, la ministra Frederic agradeci\u00f3 la disposici\u00f3n de Misiones de \u201cceder esta tierra para poder mejorar el complejo fronterizo de Puerto Iguaz\u00fa\u201d. As\u00ed, asegur\u00f3 que \u201ces una obra que se suma a otras que estamos poniendo en marcha en la zona norte de nuestro pa\u00eds para mejorar la infraestructura de los pasos fronterizos\u201d y el tr\u00e1nsito fronterizo. \u201cSer\u00e1 fundamental esta ayuda de la provincia de Misiones para poder dar inicio al proceso de obras\u201d, agreg\u00f3.<\/p>\n\n\n\n<p>Adem\u00e1s, la funcionaria de Naci\u00f3n coment\u00f3 que \u201ces una alegr\u00eda poder avanzar con este paso\u201d y se\u00f1al\u00f3 que con la firma del convenio ya se podr\u00e1 dar inicio a todas las gestiones para la licitaci\u00f3n. Por \u00faltimo ambos funcionarios coincidieron en visitar la obra cuando inicie su construcci\u00f3n.<\/p>\n\n\n\n<p><strong>El convenio<\/strong><\/p>\n\n\n\n<p>El convenio rubricado hoy entre la Provincia y la Naci\u00f3n tiene por objeto establecer las condiciones para llevar adelante las obras de remodelaci\u00f3n, ampliaci\u00f3n y refacci\u00f3n del Paso Fronterizo Internacional Fluvial Puerto Iguaz\u00fa (Argentina) y Puerto Tres Fronteras (Paraguay), en el marco del Proyecto Ejecutivo para el Paso Internacional Puerto Iguaz\u00fa, con el fin de fortalecer la provisi\u00f3n de servicios de seguridad p\u00fablica. En este contexto, Misiones cede el uso gratuito a favor del ministerio del inmueble y este se compromete a realizar todas las obras de mejoras y refacci\u00f3n con fondos del Programa de Desarrollo de Complejos Fronterizos.<\/p>\n\n\n\n<p>La financiaci\u00f3n se realizar\u00e1 a trav\u00e9s del pr\u00e9stamo FONPLATA ARG del Programa de Desarrollo de Complejo Fronterizo que tiene como prop\u00f3sito contribuir a incrementar la presencia del Estado nacional en los complejos fronterizos con el fin de fortalecer la provisi\u00f3n de servicios de seguridad p\u00fablica. En cuanto a la vigencia del acuerdo se establece el t\u00e9rmino de cinco a\u00f1os, se podr\u00e1 renovar dos veces por per\u00edodos iguales, y autom\u00e1ticamente siempre que alguna de las partes no disponga de lo contrario.<\/p>\n\n\n\n<figure class=\"wp-block-image size-large\"><a href=\"https:\/\/cvinoticias.com\/wp-content\/uploads\/2021\/07\/FB_IMG_1626296604973.jpg\"><img decoding=\"async\" width=\"1024\" height=\"683\" data-src=\"https:\/\/cvinoticias.com\/wp-content\/uploads\/2021\/07\/FB_IMG_1626296604973-1024x683.jpg\" alt=\"\" class=\"wp-image-6811 lazyload\" data-srcset=\"https:\/\/cvinoticias.com\/wp-content\/uploads\/2021\/07\/FB_IMG_1626296604973-1024x683.jpg 1024w, https:\/\/cvinoticias.com\/wp-content\/uploads\/2021\/07\/FB_IMG_1626296604973-300x200.jpg 300w, https:\/\/cvinoticias.com\/wp-content\/uploads\/2021\/07\/FB_IMG_1626296604973-768x512.jpg 768w, https:\/\/cvinoticias.com\/wp-content\/uploads\/2021\/07\/FB_IMG_1626296604973.jpg 1080w\" data-sizes=\"(max-width: 1024px) 100vw, 1024px\" src=\"data:image\/svg+xml;base64,PHN2ZyB3aWR0aD0iMSIgaGVpZ2h0PSIxIiB4bWxucz0iaHR0cDovL3d3dy53My5vcmcvMjAwMC9zdmciPjwvc3ZnPg==\" style=\"--smush-placeholder-width: 1024px; --smush-placeholder-aspect-ratio: 1024\/683;\" \/><\/a><\/figure>\n\n\n\n<figure class=\"wp-block-image size-large\"><a href=\"https:\/\/cvinoticias.com\/wp-content\/uploads\/2021\/07\/FB_IMG_1626296609901-1.jpg\"><img decoding=\"async\" width=\"1024\" height=\"683\" data-src=\"https:\/\/cvinoticias.com\/wp-content\/uploads\/2021\/07\/FB_IMG_1626296609901-1-1024x683.jpg\" alt=\"\" class=\"wp-image-6812 lazyload\" data-srcset=\"https:\/\/cvinoticias.com\/wp-content\/uploads\/2021\/07\/FB_IMG_1626296609901-1-1024x683.jpg 1024w, https:\/\/cvinoticias.com\/wp-content\/uploads\/2021\/07\/FB_IMG_1626296609901-1-300x200.jpg 300w, https:\/\/cvinoticias.com\/wp-content\/uploads\/2021\/07\/FB_IMG_1626296609901-1-768x512.jpg 768w, https:\/\/cvinoticias.com\/wp-content\/uploads\/2021\/07\/FB_IMG_1626296609901-1.jpg 1080w\" data-sizes=\"(max-width: 1024px) 100vw, 1024px\" src=\"data:image\/svg+xml;base64,PHN2ZyB3aWR0aD0iMSIgaGVpZ2h0PSIxIiB4bWxucz0iaHR0cDovL3d3dy53My5vcmcvMjAwMC9zdmciPjwvc3ZnPg==\" style=\"--smush-placeholder-width: 1024px; --smush-placeholder-aspect-ratio: 1024\/683;\" \/><\/a><\/figure>\n","protected":false},"excerpt":{"rendered":"<p>El Gobernador y el Ministro de Gobierno firmaron con la ministra de Seguridad de la Naci\u00f3n Sabina Frederic un convenio que apunta a fortalecer la seguridad y a realizar obras en el Paso Fronterizo Internacional Puerto Iguaz\u00fa &#8211; Puerto Tres Fronteras Paraguay. Herrera Ahuad destac\u00f3 la iniciativa clave en la seguridad de la zona de [&hellip;]<\/p>\n","protected":false},"author":2,"featured_media":6810,"comment_status":"open","ping_status":"open","sticky":false,"template":"","format":"standard","meta":{"footnotes":""},"categories":[35],"tags":[],"class_list":["post-6808","post","type-post","status-publish","format-standard","has-post-thumbnail","hentry","category-informacion-general"],"yoast_head":"<!-- This site is optimized with the Yoast SEO plugin v27.5 - https:\/\/yoast.com\/product\/yoast-seo-wordpress\/ -->\n<title>Firmaron convenio para fortalecer la seguridad fronteriza | CVI NOTICIAS<\/title>\n<meta name=\"robots\" content=\"index, follow, max-snippet:-1, max-image-preview:large, max-video-preview:-1\" \/>\n<link rel=\"canonical\" href=\"https:\/\/cvinoticias.com\/v3\/firmaron-convenio-para-fortalecer-la-seguridad-fronteriza\/\" \/>\n<meta property=\"og:locale\" content=\"es_ES\" \/>\n<meta property=\"og:type\" content=\"article\" \/>\n<meta property=\"og:title\" content=\"Firmaron convenio para fortalecer la seguridad fronteriza | CVI NOTICIAS\" \/>\n<meta property=\"og:description\" content=\"El Gobernador y el Ministro de Gobierno firmaron con la ministra de Seguridad de la Naci\u00f3n Sabina Frederic un convenio que apunta a fortalecer la seguridad y a realizar obras en el Paso Fronterizo Internacional Puerto Iguaz\u00fa &#8211; Puerto Tres Fronteras Paraguay. Herrera Ahuad destac\u00f3 la iniciativa clave en la seguridad de la zona de [&hellip;]\" \/>\n<meta property=\"og:url\" content=\"https:\/\/cvinoticias.com\/v3\/firmaron-convenio-para-fortalecer-la-seguridad-fronteriza\/\" \/>\n<meta property=\"og:site_name\" content=\"CVI NOTICIAS\" \/>\n<meta property=\"article:publisher\" content=\"https:\/\/www.facebook.com\/cvinoticias\" \/>\n<meta property=\"article:published_time\" content=\"2021-07-14T21:11:01+00:00\" \/>\n<meta property=\"og:image\" content=\"https:\/\/cvinoticias.com\/wp-content\/uploads\/2021\/07\/FB_IMG_1626296602006.jpg\" \/>\n\t<meta property=\"og:image:width\" content=\"1080\" \/>\n\t<meta property=\"og:image:height\" content=\"720\" \/>\n\t<meta property=\"og:image:type\" content=\"image\/jpeg\" \/>\n<meta name=\"author\" content=\"f1000024\" \/>\n<meta name=\"twitter:card\" content=\"summary_large_image\" \/>\n<meta name=\"twitter:label1\" content=\"Escrito por\" \/>\n\t<meta name=\"twitter:data1\" content=\"f1000024\" \/>\n\t<meta name=\"twitter:label2\" content=\"Tiempo de lectura\" \/>\n\t<meta name=\"twitter:data2\" content=\"3 minutos\" \/>\n<script type=\"application\/ld+json\" class=\"yoast-schema-graph\">{\"@context\":\"https:\\\/\\\/schema.org\",\"@graph\":[{\"@type\":\"Article\",\"@id\":\"https:\\\/\\\/cvinoticias.com\\\/v3\\\/firmaron-convenio-para-fortalecer-la-seguridad-fronteriza\\\/#article\",\"isPartOf\":{\"@id\":\"https:\\\/\\\/cvinoticias.com\\\/v3\\\/firmaron-convenio-para-fortalecer-la-seguridad-fronteriza\\\/\"},\"author\":{\"name\":\"f1000024\",\"@id\":\"https:\\\/\\\/cvinoticias.com\\\/v3\\\/#\\\/schema\\\/person\\\/2db77e3c6bc03c538495d7b2b8be9b66\"},\"headline\":\"Firmaron convenio para fortalecer la seguridad fronteriza\",\"datePublished\":\"2021-07-14T21:11:01+00:00\",\"mainEntityOfPage\":{\"@id\":\"https:\\\/\\\/cvinoticias.com\\\/v3\\\/firmaron-convenio-para-fortalecer-la-seguridad-fronteriza\\\/\"},\"wordCount\":617,\"commentCount\":0,\"publisher\":{\"@id\":\"https:\\\/\\\/cvinoticias.com\\\/v3\\\/#organization\"},\"image\":{\"@id\":\"https:\\\/\\\/cvinoticias.com\\\/v3\\\/firmaron-convenio-para-fortalecer-la-seguridad-fronteriza\\\/#primaryimage\"},\"thumbnailUrl\":\"https:\\\/\\\/cvinoticias.com\\\/wp-content\\\/uploads\\\/2021\\\/07\\\/FB_IMG_1626296602006.jpg\",\"articleSection\":[\"Informaci\u00f3n General\"],\"inLanguage\":\"es\",\"potentialAction\":[{\"@type\":\"CommentAction\",\"name\":\"Comment\",\"target\":[\"https:\\\/\\\/cvinoticias.com\\\/v3\\\/firmaron-convenio-para-fortalecer-la-seguridad-fronteriza\\\/#respond\"]}]},{\"@type\":\"WebPage\",\"@id\":\"https:\\\/\\\/cvinoticias.com\\\/v3\\\/firmaron-convenio-para-fortalecer-la-seguridad-fronteriza\\\/\",\"url\":\"https:\\\/\\\/cvinoticias.com\\\/v3\\\/firmaron-convenio-para-fortalecer-la-seguridad-fronteriza\\\/\",\"name\":\"Firmaron convenio para fortalecer la seguridad fronteriza | CVI NOTICIAS\",\"isPartOf\":{\"@id\":\"https:\\\/\\\/cvinoticias.com\\\/v3\\\/#website\"},\"primaryImageOfPage\":{\"@id\":\"https:\\\/\\\/cvinoticias.com\\\/v3\\\/firmaron-convenio-para-fortalecer-la-seguridad-fronteriza\\\/#primaryimage\"},\"image\":{\"@id\":\"https:\\\/\\\/cvinoticias.com\\\/v3\\\/firmaron-convenio-para-fortalecer-la-seguridad-fronteriza\\\/#primaryimage\"},\"thumbnailUrl\":\"https:\\\/\\\/cvinoticias.com\\\/wp-content\\\/uploads\\\/2021\\\/07\\\/FB_IMG_1626296602006.jpg\",\"datePublished\":\"2021-07-14T21:11:01+00:00\",\"breadcrumb\":{\"@id\":\"https:\\\/\\\/cvinoticias.com\\\/v3\\\/firmaron-convenio-para-fortalecer-la-seguridad-fronteriza\\\/#breadcrumb\"},\"inLanguage\":\"es\",\"potentialAction\":[{\"@type\":\"ReadAction\",\"target\":[\"https:\\\/\\\/cvinoticias.com\\\/v3\\\/firmaron-convenio-para-fortalecer-la-seguridad-fronteriza\\\/\"]}]},{\"@type\":\"ImageObject\",\"inLanguage\":\"es\",\"@id\":\"https:\\\/\\\/cvinoticias.com\\\/v3\\\/firmaron-convenio-para-fortalecer-la-seguridad-fronteriza\\\/#primaryimage\",\"url\":\"https:\\\/\\\/cvinoticias.com\\\/wp-content\\\/uploads\\\/2021\\\/07\\\/FB_IMG_1626296602006.jpg\",\"contentUrl\":\"https:\\\/\\\/cvinoticias.com\\\/wp-content\\\/uploads\\\/2021\\\/07\\\/FB_IMG_1626296602006.jpg\",\"width\":1080,\"height\":720},{\"@type\":\"BreadcrumbList\",\"@id\":\"https:\\\/\\\/cvinoticias.com\\\/v3\\\/firmaron-convenio-para-fortalecer-la-seguridad-fronteriza\\\/#breadcrumb\",\"itemListElement\":[{\"@type\":\"ListItem\",\"position\":1,\"name\":\"Portada\",\"item\":\"https:\\\/\\\/cvinoticias.com\\\/v3\\\/\"},{\"@type\":\"ListItem\",\"position\":2,\"name\":\"Firmaron convenio para fortalecer la seguridad fronteriza\"}]},{\"@type\":\"WebSite\",\"@id\":\"https:\\\/\\\/cvinoticias.com\\\/v3\\\/#website\",\"url\":\"https:\\\/\\\/cvinoticias.com\\\/v3\\\/\",\"name\":\"CVI NOTICIAS\",\"description\":\"\",\"publisher\":{\"@id\":\"https:\\\/\\\/cvinoticias.com\\\/v3\\\/#organization\"},\"alternateName\":\"CVI\",\"potentialAction\":[{\"@type\":\"SearchAction\",\"target\":{\"@type\":\"EntryPoint\",\"urlTemplate\":\"https:\\\/\\\/cvinoticias.com\\\/v3\\\/?s={search_term_string}\"},\"query-input\":{\"@type\":\"PropertyValueSpecification\",\"valueRequired\":true,\"valueName\":\"search_term_string\"}}],\"inLanguage\":\"es\"},{\"@type\":\"Organization\",\"@id\":\"https:\\\/\\\/cvinoticias.com\\\/v3\\\/#organization\",\"name\":\"CVI NOTICIAS\",\"url\":\"https:\\\/\\\/cvinoticias.com\\\/v3\\\/\",\"logo\":{\"@type\":\"ImageObject\",\"inLanguage\":\"es\",\"@id\":\"https:\\\/\\\/cvinoticias.com\\\/v3\\\/#\\\/schema\\\/logo\\\/image\\\/\",\"url\":\"https:\\\/\\\/cvinoticias.com\\\/wp-content\\\/uploads\\\/2023\\\/04\\\/cropped-cropped-cropped-cropped-cropped-3-1.png\",\"contentUrl\":\"https:\\\/\\\/cvinoticias.com\\\/wp-content\\\/uploads\\\/2023\\\/04\\\/cropped-cropped-cropped-cropped-cropped-3-1.png\",\"width\":95,\"height\":122,\"caption\":\"CVI NOTICIAS\"},\"image\":{\"@id\":\"https:\\\/\\\/cvinoticias.com\\\/v3\\\/#\\\/schema\\\/logo\\\/image\\\/\"},\"sameAs\":[\"https:\\\/\\\/www.facebook.com\\\/cvinoticias\",\"https:\\\/\\\/www.instagram.com\\\/cvinoticias\\\/\",\"https:\\\/\\\/www.youtube.com\\\/@CVINOTICIAS\"]},{\"@type\":\"Person\",\"@id\":\"https:\\\/\\\/cvinoticias.com\\\/v3\\\/#\\\/schema\\\/person\\\/2db77e3c6bc03c538495d7b2b8be9b66\",\"name\":\"f1000024\",\"image\":{\"@type\":\"ImageObject\",\"inLanguage\":\"es\",\"@id\":\"https:\\\/\\\/secure.gravatar.com\\\/avatar\\\/d4fe7459cfc51ff5129ce1a732bbef5928568b8092d412ef95611616376bbeed?s=96&d=mm&r=g\",\"url\":\"https:\\\/\\\/secure.gravatar.com\\\/avatar\\\/d4fe7459cfc51ff5129ce1a732bbef5928568b8092d412ef95611616376bbeed?s=96&d=mm&r=g\",\"contentUrl\":\"https:\\\/\\\/secure.gravatar.com\\\/avatar\\\/d4fe7459cfc51ff5129ce1a732bbef5928568b8092d412ef95611616376bbeed?s=96&d=mm&r=g\",\"caption\":\"f1000024\"},\"url\":\"https:\\\/\\\/cvinoticias.com\\\/v3\\\/author\\\/f1000024\\\/\"}]}<\/script>\n<!-- \/ Yoast SEO plugin. -->","yoast_head_json":{"title":"Firmaron convenio para fortalecer la seguridad fronteriza | CVI NOTICIAS","robots":{"index":"index","follow":"follow","max-snippet":"max-snippet:-1","max-image-preview":"max-image-preview:large","max-video-preview":"max-video-preview:-1"},"canonical":"https:\/\/cvinoticias.com\/v3\/firmaron-convenio-para-fortalecer-la-seguridad-fronteriza\/","og_locale":"es_ES","og_type":"article","og_title":"Firmaron convenio para fortalecer la seguridad fronteriza | CVI NOTICIAS","og_description":"El Gobernador y el Ministro de Gobierno firmaron con la ministra de Seguridad de la Naci\u00f3n Sabina Frederic un convenio que apunta a fortalecer la seguridad y a realizar obras en el Paso Fronterizo Internacional Puerto Iguaz\u00fa &#8211; Puerto Tres Fronteras Paraguay. Herrera Ahuad destac\u00f3 la iniciativa clave en la seguridad de la zona de [&hellip;]","og_url":"https:\/\/cvinoticias.com\/v3\/firmaron-convenio-para-fortalecer-la-seguridad-fronteriza\/","og_site_name":"CVI NOTICIAS","article_publisher":"https:\/\/www.facebook.com\/cvinoticias","article_published_time":"2021-07-14T21:11:01+00:00","og_image":[{"width":1080,"height":720,"url":"https:\/\/cvinoticias.com\/wp-content\/uploads\/2021\/07\/FB_IMG_1626296602006.jpg","type":"image\/jpeg"}],"author":"f1000024","twitter_card":"summary_large_image","twitter_misc":{"Escrito por":"f1000024","Tiempo de lectura":"3 minutos"},"schema":{"@context":"https:\/\/schema.org","@graph":[{"@type":"Article","@id":"https:\/\/cvinoticias.com\/v3\/firmaron-convenio-para-fortalecer-la-seguridad-fronteriza\/#article","isPartOf":{"@id":"https:\/\/cvinoticias.com\/v3\/firmaron-convenio-para-fortalecer-la-seguridad-fronteriza\/"},"author":{"name":"f1000024","@id":"https:\/\/cvinoticias.com\/v3\/#\/schema\/person\/2db77e3c6bc03c538495d7b2b8be9b66"},"headline":"Firmaron convenio para fortalecer la seguridad fronteriza","datePublished":"2021-07-14T21:11:01+00:00","mainEntityOfPage":{"@id":"https:\/\/cvinoticias.com\/v3\/firmaron-convenio-para-fortalecer-la-seguridad-fronteriza\/"},"wordCount":617,"commentCount":0,"publisher":{"@id":"https:\/\/cvinoticias.com\/v3\/#organization"},"image":{"@id":"https:\/\/cvinoticias.com\/v3\/firmaron-convenio-para-fortalecer-la-seguridad-fronteriza\/#primaryimage"},"thumbnailUrl":"https:\/\/cvinoticias.com\/wp-content\/uploads\/2021\/07\/FB_IMG_1626296602006.jpg","articleSection":["Informaci\u00f3n General"],"inLanguage":"es","potentialAction":[{"@type":"CommentAction","name":"Comment","target":["https:\/\/cvinoticias.com\/v3\/firmaron-convenio-para-fortalecer-la-seguridad-fronteriza\/#respond"]}]},{"@type":"WebPage","@id":"https:\/\/cvinoticias.com\/v3\/firmaron-convenio-para-fortalecer-la-seguridad-fronteriza\/","url":"https:\/\/cvinoticias.com\/v3\/firmaron-convenio-para-fortalecer-la-seguridad-fronteriza\/","name":"Firmaron convenio para fortalecer la seguridad fronteriza | CVI NOTICIAS","isPartOf":{"@id":"https:\/\/cvinoticias.com\/v3\/#website"},"primaryImageOfPage":{"@id":"https:\/\/cvinoticias.com\/v3\/firmaron-convenio-para-fortalecer-la-seguridad-fronteriza\/#primaryimage"},"image":{"@id":"https:\/\/cvinoticias.com\/v3\/firmaron-convenio-para-fortalecer-la-seguridad-fronteriza\/#primaryimage"},"thumbnailUrl":"https:\/\/cvinoticias.com\/wp-content\/uploads\/2021\/07\/FB_IMG_1626296602006.jpg","datePublished":"2021-07-14T21:11:01+00:00","breadcrumb":{"@id":"https:\/\/cvinoticias.com\/v3\/firmaron-convenio-para-fortalecer-la-seguridad-fronteriza\/#breadcrumb"},"inLanguage":"es","potentialAction":[{"@type":"ReadAction","target":["https:\/\/cvinoticias.com\/v3\/firmaron-convenio-para-fortalecer-la-seguridad-fronteriza\/"]}]},{"@type":"ImageObject","inLanguage":"es","@id":"https:\/\/cvinoticias.com\/v3\/firmaron-convenio-para-fortalecer-la-seguridad-fronteriza\/#primaryimage","url":"https:\/\/cvinoticias.com\/wp-content\/uploads\/2021\/07\/FB_IMG_1626296602006.jpg","contentUrl":"https:\/\/cvinoticias.com\/wp-content\/uploads\/2021\/07\/FB_IMG_1626296602006.jpg","width":1080,"height":720},{"@type":"BreadcrumbList","@id":"https:\/\/cvinoticias.com\/v3\/firmaron-convenio-para-fortalecer-la-seguridad-fronteriza\/#breadcrumb","itemListElement":[{"@type":"ListItem","position":1,"name":"Portada","item":"https:\/\/cvinoticias.com\/v3\/"},{"@type":"ListItem","position":2,"name":"Firmaron convenio para fortalecer la seguridad fronteriza"}]},{"@type":"WebSite","@id":"https:\/\/cvinoticias.com\/v3\/#website","url":"https:\/\/cvinoticias.com\/v3\/","name":"CVI NOTICIAS","description":"","publisher":{"@id":"https:\/\/cvinoticias.com\/v3\/#organization"},"alternateName":"CVI","potentialAction":[{"@type":"SearchAction","target":{"@type":"EntryPoint","urlTemplate":"https:\/\/cvinoticias.com\/v3\/?s={search_term_string}"},"query-input":{"@type":"PropertyValueSpecification","valueRequired":true,"valueName":"search_term_string"}}],"inLanguage":"es"},{"@type":"Organization","@id":"https:\/\/cvinoticias.com\/v3\/#organization","name":"CVI NOTICIAS","url":"https:\/\/cvinoticias.com\/v3\/","logo":{"@type":"ImageObject","inLanguage":"es","@id":"https:\/\/cvinoticias.com\/v3\/#\/schema\/logo\/image\/","url":"https:\/\/cvinoticias.com\/wp-content\/uploads\/2023\/04\/cropped-cropped-cropped-cropped-cropped-3-1.png","contentUrl":"https:\/\/cvinoticias.com\/wp-content\/uploads\/2023\/04\/cropped-cropped-cropped-cropped-cropped-3-1.png","width":95,"height":122,"caption":"CVI NOTICIAS"},"image":{"@id":"https:\/\/cvinoticias.com\/v3\/#\/schema\/logo\/image\/"},"sameAs":["https:\/\/www.facebook.com\/cvinoticias","https:\/\/www.instagram.com\/cvinoticias\/","https:\/\/www.youtube.com\/@CVINOTICIAS"]},{"@type":"Person","@id":"https:\/\/cvinoticias.com\/v3\/#\/schema\/person\/2db77e3c6bc03c538495d7b2b8be9b66","name":"f1000024","image":{"@type":"ImageObject","inLanguage":"es","@id":"https:\/\/secure.gravatar.com\/avatar\/d4fe7459cfc51ff5129ce1a732bbef5928568b8092d412ef95611616376bbeed?s=96&d=mm&r=g","url":"https:\/\/secure.gravatar.com\/avatar\/d4fe7459cfc51ff5129ce1a732bbef5928568b8092d412ef95611616376bbeed?s=96&d=mm&r=g","contentUrl":"https:\/\/secure.gravatar.com\/avatar\/d4fe7459cfc51ff5129ce1a732bbef5928568b8092d412ef95611616376bbeed?s=96&d=mm&r=g","caption":"f1000024"},"url":"https:\/\/cvinoticias.com\/v3\/author\/f1000024\/"}]}},"_links":{"self":[{"href":"https:\/\/cvinoticias.com\/v3\/wp-json\/wp\/v2\/posts\/6808","targetHints":{"allow":["GET"]}}],"collection":[{"href":"https:\/\/cvinoticias.com\/v3\/wp-json\/wp\/v2\/posts"}],"about":[{"href":"https:\/\/cvinoticias.com\/v3\/wp-json\/wp\/v2\/types\/post"}],"author":[{"embeddable":true,"href":"https:\/\/cvinoticias.com\/v3\/wp-json\/wp\/v2\/users\/2"}],"replies":[{"embeddable":true,"href":"https:\/\/cvinoticias.com\/v3\/wp-json\/wp\/v2\/comments?post=6808"}],"version-history":[{"count":1,"href":"https:\/\/cvinoticias.com\/v3\/wp-json\/wp\/v2\/posts\/6808\/revisions"}],"predecessor-version":[{"id":6813,"href":"https:\/\/cvinoticias.com\/v3\/wp-json\/wp\/v2\/posts\/6808\/revisions\/6813"}],"wp:featuredmedia":[{"embeddable":true,"href":"https:\/\/cvinoticias.com\/v3\/wp-json\/wp\/v2\/media\/6810"}],"wp:attachment":[{"href":"https:\/\/cvinoticias.com\/v3\/wp-json\/wp\/v2\/media?parent=6808"}],"wp:term":[{"taxonomy":"category","embeddable":true,"href":"https:\/\/cvinoticias.com\/v3\/wp-json\/wp\/v2\/categories?post=6808"},{"taxonomy":"post_tag","embeddable":true,"href":"https:\/\/cvinoticias.com\/v3\/wp-json\/wp\/v2\/tags?post=6808"}],"curies":[{"name":"wp","href":"https:\/\/api.w.org\/{rel}","templated":true}]}}