{"id":6805,"date":"2021-07-14T15:18:19","date_gmt":"2021-07-14T15:18:19","guid":{"rendered":"https:\/\/cvinoticias.com\/v3\/?p=6805"},"modified":"2021-07-14T15:18:19","modified_gmt":"2021-07-14T15:18:19","slug":"el-gobierno-nacional-autorizo-una-suba-del-5-en-internet-telefonia-y-tv","status":"publish","type":"post","link":"https:\/\/cvinoticias.com\/v3\/el-gobierno-nacional-autorizo-una-suba-del-5-en-internet-telefonia-y-tv\/","title":{"rendered":"El Gobierno Nacional autoriz\u00f3 una suba del 5% en internet, telefon\u00eda y TV"},"content":{"rendered":"\n<p><strong><em>Se dispuso un aumento de hasta un 5% retroactivo al 1\u00b0 de julio en los servicios de internet, televisi\u00f3n por cable y telefon\u00eda fija, que ser\u00e1 retroactivo al mes de julio.<\/em><\/strong><\/p>\n\n\n\n<p>El Gobierno Nacional autoriz\u00f3 un incremento de 5% para los servicios de internet, televisi\u00f3n por cable y telefon\u00eda fija, que ser\u00e1 retroactivo al mes de julio.\u00a0El Ente Nacional de Comunicaciones (ENACOM), a trav\u00e9s de la Resoluci\u00f3n 862\/2021 publicada este mi\u00e9rcoles en el Bolet\u00edn Oficial, estableci\u00f3 que \u201clas licenciatarias de Servicios de Telefon\u00eda Fija (STF), podr\u00e1n aplicar un aumento, retroactivo al 1\u00b0 de julio de 2021 y de hasta un 5%, en el valor de los precios minoristas de cualquiera de sus planes en las modalidades pospagas y mixtas\u201d.<\/p>\n\n\n\n<p>El Ente tambi\u00e9n fij\u00f3 en $25, con impuestos incluidos, el valor m\u00e1ximo del precio de recarga de 50 MB de datos m\u00f3viles por d\u00eda; en $0,38, con impuestos incluidos, el valor m\u00e1ximo del precio del segundo de voz y en $5 con impuestos incluidos, el valor m\u00e1ximo del precio del SMS, para servicios m\u00f3viles en la modalidad \u201cprepaga pura\u201d.<\/p>\n\n\n\n<p>Asimismo, el Enacom se reserv\u00f3 definir en el futuro los valores m\u00e1ximos de los precios minoristas de los servicios prestados por las licenciatarias en la modalidad \u201cprepaga pura\u201d.<\/p>\n\n\n\n<p>En el Art\u00edculo 3 se determin\u00f3 que los licenciatarios de servicios de acceso a internet (SVA-I), de servicios de telefon\u00eda fija, de radiodifusi\u00f3n por suscripci\u00f3n mediante v\u00ednculo f\u00edsico y radioel\u00e9ctrico y de servicios de comunicaci\u00f3n audiovisual de radiodifusi\u00f3n por suscripci\u00f3n mediante v\u00ednculo satelital, tambi\u00e9n podr\u00e1n incrementar el valor de todos sus precios minoristas hasta un 5% retroactivo al 1\u00b0 de julio de 2021.<\/p>\n\n\n\n<p>Cualquier aumento que hubiese sido aplicado y haya superado los valores expresamente autorizados \u201cdeber\u00e1 ser reintegrado a sus usuarios y usuarias en la pr\u00f3xima factura a emitir, con actualizaci\u00f3n e intereses sujetos a la misma tasa de inter\u00e9s que aplican a sus clientes por mora en el pago de facturas\u201d, dispuso el Enacom.<\/p>\n\n\n\n<p><\/p>\n\n\n\n<h1 class=\"wp-block-heading\"><\/h1>\n","protected":false},"excerpt":{"rendered":"<p>Se dispuso un aumento de hasta un 5% retroactivo al 1\u00b0 de julio en los servicios de internet, televisi\u00f3n por cable y telefon\u00eda fija, que ser\u00e1 retroactivo al mes de julio. El Gobierno Nacional autoriz\u00f3 un incremento de 5% para los servicios de internet, televisi\u00f3n por cable y telefon\u00eda fija, que ser\u00e1 retroactivo al mes [&hellip;]<\/p>\n","protected":false},"author":2,"featured_media":6806,"comment_status":"open","ping_status":"open","sticky":false,"template":"","format":"standard","meta":{"footnotes":""},"categories":[35],"tags":[],"class_list":["post-6805","post","type-post","status-publish","format-standard","has-post-thumbnail","hentry","category-informacion-general"],"yoast_head":"<!-- This site is optimized with the Yoast SEO plugin v27.5 - https:\/\/yoast.com\/product\/yoast-seo-wordpress\/ -->\n<title>El Gobierno Nacional autoriz\u00f3 una suba del 5% en internet, telefon\u00eda y TV | CVI NOTICIAS<\/title>\n<meta name=\"robots\" content=\"index, follow, max-snippet:-1, max-image-preview:large, max-video-preview:-1\" \/>\n<link rel=\"canonical\" href=\"https:\/\/cvinoticias.com\/v3\/el-gobierno-nacional-autorizo-una-suba-del-5-en-internet-telefonia-y-tv\/\" \/>\n<meta property=\"og:locale\" content=\"es_ES\" \/>\n<meta property=\"og:type\" content=\"article\" \/>\n<meta property=\"og:title\" content=\"El Gobierno Nacional autoriz\u00f3 una suba del 5% en internet, telefon\u00eda y TV | CVI NOTICIAS\" \/>\n<meta property=\"og:description\" content=\"Se dispuso un aumento de hasta un 5% retroactivo al 1\u00b0 de julio en los servicios de internet, televisi\u00f3n por cable y telefon\u00eda fija, que ser\u00e1 retroactivo al mes de julio. El Gobierno Nacional autoriz\u00f3 un incremento de 5% para los servicios de internet, televisi\u00f3n por cable y telefon\u00eda fija, que ser\u00e1 retroactivo al mes [&hellip;]\" \/>\n<meta property=\"og:url\" content=\"https:\/\/cvinoticias.com\/v3\/el-gobierno-nacional-autorizo-una-suba-del-5-en-internet-telefonia-y-tv\/\" \/>\n<meta property=\"og:site_name\" content=\"CVI NOTICIAS\" \/>\n<meta property=\"article:publisher\" content=\"https:\/\/www.facebook.com\/cvinoticias\" \/>\n<meta property=\"article:published_time\" content=\"2021-07-14T15:18:19+00:00\" \/>\n<meta property=\"og:image\" content=\"https:\/\/cvinoticias.com\/wp-content\/uploads\/2021\/07\/f608x342-105122_134845_15.jpg\" \/>\n\t<meta property=\"og:image:width\" content=\"608\" \/>\n\t<meta property=\"og:image:height\" content=\"342\" \/>\n\t<meta property=\"og:image:type\" content=\"image\/jpeg\" \/>\n<meta name=\"author\" content=\"f1000024\" \/>\n<meta name=\"twitter:card\" content=\"summary_large_image\" \/>\n<meta name=\"twitter:label1\" content=\"Escrito por\" \/>\n\t<meta name=\"twitter:data1\" content=\"f1000024\" \/>\n\t<meta name=\"twitter:label2\" content=\"Tiempo de lectura\" \/>\n\t<meta name=\"twitter:data2\" content=\"2 minutos\" \/>\n<script type=\"application\/ld+json\" class=\"yoast-schema-graph\">{\"@context\":\"https:\\\/\\\/schema.org\",\"@graph\":[{\"@type\":\"Article\",\"@id\":\"https:\\\/\\\/cvinoticias.com\\\/v3\\\/el-gobierno-nacional-autorizo-una-suba-del-5-en-internet-telefonia-y-tv\\\/#article\",\"isPartOf\":{\"@id\":\"https:\\\/\\\/cvinoticias.com\\\/v3\\\/el-gobierno-nacional-autorizo-una-suba-del-5-en-internet-telefonia-y-tv\\\/\"},\"author\":{\"name\":\"f1000024\",\"@id\":\"https:\\\/\\\/cvinoticias.com\\\/v3\\\/#\\\/schema\\\/person\\\/2db77e3c6bc03c538495d7b2b8be9b66\"},\"headline\":\"El Gobierno Nacional autoriz\u00f3 una suba del 5% en internet, telefon\u00eda y TV\",\"datePublished\":\"2021-07-14T15:18:19+00:00\",\"mainEntityOfPage\":{\"@id\":\"https:\\\/\\\/cvinoticias.com\\\/v3\\\/el-gobierno-nacional-autorizo-una-suba-del-5-en-internet-telefonia-y-tv\\\/\"},\"wordCount\":355,\"commentCount\":3,\"publisher\":{\"@id\":\"https:\\\/\\\/cvinoticias.com\\\/v3\\\/#organization\"},\"image\":{\"@id\":\"https:\\\/\\\/cvinoticias.com\\\/v3\\\/el-gobierno-nacional-autorizo-una-suba-del-5-en-internet-telefonia-y-tv\\\/#primaryimage\"},\"thumbnailUrl\":\"https:\\\/\\\/cvinoticias.com\\\/wp-content\\\/uploads\\\/2021\\\/07\\\/f608x342-105122_134845_15.jpg\",\"articleSection\":[\"Informaci\u00f3n General\"],\"inLanguage\":\"es\",\"potentialAction\":[{\"@type\":\"CommentAction\",\"name\":\"Comment\",\"target\":[\"https:\\\/\\\/cvinoticias.com\\\/v3\\\/el-gobierno-nacional-autorizo-una-suba-del-5-en-internet-telefonia-y-tv\\\/#respond\"]}]},{\"@type\":\"WebPage\",\"@id\":\"https:\\\/\\\/cvinoticias.com\\\/v3\\\/el-gobierno-nacional-autorizo-una-suba-del-5-en-internet-telefonia-y-tv\\\/\",\"url\":\"https:\\\/\\\/cvinoticias.com\\\/v3\\\/el-gobierno-nacional-autorizo-una-suba-del-5-en-internet-telefonia-y-tv\\\/\",\"name\":\"El Gobierno Nacional autoriz\u00f3 una suba del 5% en internet, telefon\u00eda y TV | CVI NOTICIAS\",\"isPartOf\":{\"@id\":\"https:\\\/\\\/cvinoticias.com\\\/v3\\\/#website\"},\"primaryImageOfPage\":{\"@id\":\"https:\\\/\\\/cvinoticias.com\\\/v3\\\/el-gobierno-nacional-autorizo-una-suba-del-5-en-internet-telefonia-y-tv\\\/#primaryimage\"},\"image\":{\"@id\":\"https:\\\/\\\/cvinoticias.com\\\/v3\\\/el-gobierno-nacional-autorizo-una-suba-del-5-en-internet-telefonia-y-tv\\\/#primaryimage\"},\"thumbnailUrl\":\"https:\\\/\\\/cvinoticias.com\\\/wp-content\\\/uploads\\\/2021\\\/07\\\/f608x342-105122_134845_15.jpg\",\"datePublished\":\"2021-07-14T15:18:19+00:00\",\"breadcrumb\":{\"@id\":\"https:\\\/\\\/cvinoticias.com\\\/v3\\\/el-gobierno-nacional-autorizo-una-suba-del-5-en-internet-telefonia-y-tv\\\/#breadcrumb\"},\"inLanguage\":\"es\",\"potentialAction\":[{\"@type\":\"ReadAction\",\"target\":[\"https:\\\/\\\/cvinoticias.com\\\/v3\\\/el-gobierno-nacional-autorizo-una-suba-del-5-en-internet-telefonia-y-tv\\\/\"]}]},{\"@type\":\"ImageObject\",\"inLanguage\":\"es\",\"@id\":\"https:\\\/\\\/cvinoticias.com\\\/v3\\\/el-gobierno-nacional-autorizo-una-suba-del-5-en-internet-telefonia-y-tv\\\/#primaryimage\",\"url\":\"https:\\\/\\\/cvinoticias.com\\\/wp-content\\\/uploads\\\/2021\\\/07\\\/f608x342-105122_134845_15.jpg\",\"contentUrl\":\"https:\\\/\\\/cvinoticias.com\\\/wp-content\\\/uploads\\\/2021\\\/07\\\/f608x342-105122_134845_15.jpg\",\"width\":608,\"height\":342},{\"@type\":\"BreadcrumbList\",\"@id\":\"https:\\\/\\\/cvinoticias.com\\\/v3\\\/el-gobierno-nacional-autorizo-una-suba-del-5-en-internet-telefonia-y-tv\\\/#breadcrumb\",\"itemListElement\":[{\"@type\":\"ListItem\",\"position\":1,\"name\":\"Portada\",\"item\":\"https:\\\/\\\/cvinoticias.com\\\/v3\\\/\"},{\"@type\":\"ListItem\",\"position\":2,\"name\":\"El Gobierno Nacional autoriz\u00f3 una suba del 5% en internet, telefon\u00eda y TV\"}]},{\"@type\":\"WebSite\",\"@id\":\"https:\\\/\\\/cvinoticias.com\\\/v3\\\/#website\",\"url\":\"https:\\\/\\\/cvinoticias.com\\\/v3\\\/\",\"name\":\"CVI NOTICIAS\",\"description\":\"\",\"publisher\":{\"@id\":\"https:\\\/\\\/cvinoticias.com\\\/v3\\\/#organization\"},\"alternateName\":\"CVI\",\"potentialAction\":[{\"@type\":\"SearchAction\",\"target\":{\"@type\":\"EntryPoint\",\"urlTemplate\":\"https:\\\/\\\/cvinoticias.com\\\/v3\\\/?s={search_term_string}\"},\"query-input\":{\"@type\":\"PropertyValueSpecification\",\"valueRequired\":true,\"valueName\":\"search_term_string\"}}],\"inLanguage\":\"es\"},{\"@type\":\"Organization\",\"@id\":\"https:\\\/\\\/cvinoticias.com\\\/v3\\\/#organization\",\"name\":\"CVI NOTICIAS\",\"url\":\"https:\\\/\\\/cvinoticias.com\\\/v3\\\/\",\"logo\":{\"@type\":\"ImageObject\",\"inLanguage\":\"es\",\"@id\":\"https:\\\/\\\/cvinoticias.com\\\/v3\\\/#\\\/schema\\\/logo\\\/image\\\/\",\"url\":\"https:\\\/\\\/cvinoticias.com\\\/wp-content\\\/uploads\\\/2023\\\/04\\\/cropped-cropped-cropped-cropped-cropped-3-1.png\",\"contentUrl\":\"https:\\\/\\\/cvinoticias.com\\\/wp-content\\\/uploads\\\/2023\\\/04\\\/cropped-cropped-cropped-cropped-cropped-3-1.png\",\"width\":95,\"height\":122,\"caption\":\"CVI NOTICIAS\"},\"image\":{\"@id\":\"https:\\\/\\\/cvinoticias.com\\\/v3\\\/#\\\/schema\\\/logo\\\/image\\\/\"},\"sameAs\":[\"https:\\\/\\\/www.facebook.com\\\/cvinoticias\",\"https:\\\/\\\/www.instagram.com\\\/cvinoticias\\\/\",\"https:\\\/\\\/www.youtube.com\\\/@CVINOTICIAS\"]},{\"@type\":\"Person\",\"@id\":\"https:\\\/\\\/cvinoticias.com\\\/v3\\\/#\\\/schema\\\/person\\\/2db77e3c6bc03c538495d7b2b8be9b66\",\"name\":\"f1000024\",\"image\":{\"@type\":\"ImageObject\",\"inLanguage\":\"es\",\"@id\":\"https:\\\/\\\/secure.gravatar.com\\\/avatar\\\/d4fe7459cfc51ff5129ce1a732bbef5928568b8092d412ef95611616376bbeed?s=96&d=mm&r=g\",\"url\":\"https:\\\/\\\/secure.gravatar.com\\\/avatar\\\/d4fe7459cfc51ff5129ce1a732bbef5928568b8092d412ef95611616376bbeed?s=96&d=mm&r=g\",\"contentUrl\":\"https:\\\/\\\/secure.gravatar.com\\\/avatar\\\/d4fe7459cfc51ff5129ce1a732bbef5928568b8092d412ef95611616376bbeed?s=96&d=mm&r=g\",\"caption\":\"f1000024\"},\"url\":\"https:\\\/\\\/cvinoticias.com\\\/v3\\\/author\\\/f1000024\\\/\"}]}<\/script>\n<!-- \/ Yoast SEO plugin. -->","yoast_head_json":{"title":"El Gobierno Nacional autoriz\u00f3 una suba del 5% en internet, telefon\u00eda y TV | CVI NOTICIAS","robots":{"index":"index","follow":"follow","max-snippet":"max-snippet:-1","max-image-preview":"max-image-preview:large","max-video-preview":"max-video-preview:-1"},"canonical":"https:\/\/cvinoticias.com\/v3\/el-gobierno-nacional-autorizo-una-suba-del-5-en-internet-telefonia-y-tv\/","og_locale":"es_ES","og_type":"article","og_title":"El Gobierno Nacional autoriz\u00f3 una suba del 5% en internet, telefon\u00eda y TV | CVI NOTICIAS","og_description":"Se dispuso un aumento de hasta un 5% retroactivo al 1\u00b0 de julio en los servicios de internet, televisi\u00f3n por cable y telefon\u00eda fija, que ser\u00e1 retroactivo al mes de julio. El Gobierno Nacional autoriz\u00f3 un incremento de 5% para los servicios de internet, televisi\u00f3n por cable y telefon\u00eda fija, que ser\u00e1 retroactivo al mes [&hellip;]","og_url":"https:\/\/cvinoticias.com\/v3\/el-gobierno-nacional-autorizo-una-suba-del-5-en-internet-telefonia-y-tv\/","og_site_name":"CVI NOTICIAS","article_publisher":"https:\/\/www.facebook.com\/cvinoticias","article_published_time":"2021-07-14T15:18:19+00:00","og_image":[{"width":608,"height":342,"url":"https:\/\/cvinoticias.com\/wp-content\/uploads\/2021\/07\/f608x342-105122_134845_15.jpg","type":"image\/jpeg"}],"author":"f1000024","twitter_card":"summary_large_image","twitter_misc":{"Escrito por":"f1000024","Tiempo de lectura":"2 minutos"},"schema":{"@context":"https:\/\/schema.org","@graph":[{"@type":"Article","@id":"https:\/\/cvinoticias.com\/v3\/el-gobierno-nacional-autorizo-una-suba-del-5-en-internet-telefonia-y-tv\/#article","isPartOf":{"@id":"https:\/\/cvinoticias.com\/v3\/el-gobierno-nacional-autorizo-una-suba-del-5-en-internet-telefonia-y-tv\/"},"author":{"name":"f1000024","@id":"https:\/\/cvinoticias.com\/v3\/#\/schema\/person\/2db77e3c6bc03c538495d7b2b8be9b66"},"headline":"El Gobierno Nacional autoriz\u00f3 una suba del 5% en internet, telefon\u00eda y TV","datePublished":"2021-07-14T15:18:19+00:00","mainEntityOfPage":{"@id":"https:\/\/cvinoticias.com\/v3\/el-gobierno-nacional-autorizo-una-suba-del-5-en-internet-telefonia-y-tv\/"},"wordCount":355,"commentCount":3,"publisher":{"@id":"https:\/\/cvinoticias.com\/v3\/#organization"},"image":{"@id":"https:\/\/cvinoticias.com\/v3\/el-gobierno-nacional-autorizo-una-suba-del-5-en-internet-telefonia-y-tv\/#primaryimage"},"thumbnailUrl":"https:\/\/cvinoticias.com\/wp-content\/uploads\/2021\/07\/f608x342-105122_134845_15.jpg","articleSection":["Informaci\u00f3n General"],"inLanguage":"es","potentialAction":[{"@type":"CommentAction","name":"Comment","target":["https:\/\/cvinoticias.com\/v3\/el-gobierno-nacional-autorizo-una-suba-del-5-en-internet-telefonia-y-tv\/#respond"]}]},{"@type":"WebPage","@id":"https:\/\/cvinoticias.com\/v3\/el-gobierno-nacional-autorizo-una-suba-del-5-en-internet-telefonia-y-tv\/","url":"https:\/\/cvinoticias.com\/v3\/el-gobierno-nacional-autorizo-una-suba-del-5-en-internet-telefonia-y-tv\/","name":"El Gobierno Nacional autoriz\u00f3 una suba del 5% en internet, telefon\u00eda y TV | CVI NOTICIAS","isPartOf":{"@id":"https:\/\/cvinoticias.com\/v3\/#website"},"primaryImageOfPage":{"@id":"https:\/\/cvinoticias.com\/v3\/el-gobierno-nacional-autorizo-una-suba-del-5-en-internet-telefonia-y-tv\/#primaryimage"},"image":{"@id":"https:\/\/cvinoticias.com\/v3\/el-gobierno-nacional-autorizo-una-suba-del-5-en-internet-telefonia-y-tv\/#primaryimage"},"thumbnailUrl":"https:\/\/cvinoticias.com\/wp-content\/uploads\/2021\/07\/f608x342-105122_134845_15.jpg","datePublished":"2021-07-14T15:18:19+00:00","breadcrumb":{"@id":"https:\/\/cvinoticias.com\/v3\/el-gobierno-nacional-autorizo-una-suba-del-5-en-internet-telefonia-y-tv\/#breadcrumb"},"inLanguage":"es","potentialAction":[{"@type":"ReadAction","target":["https:\/\/cvinoticias.com\/v3\/el-gobierno-nacional-autorizo-una-suba-del-5-en-internet-telefonia-y-tv\/"]}]},{"@type":"ImageObject","inLanguage":"es","@id":"https:\/\/cvinoticias.com\/v3\/el-gobierno-nacional-autorizo-una-suba-del-5-en-internet-telefonia-y-tv\/#primaryimage","url":"https:\/\/cvinoticias.com\/wp-content\/uploads\/2021\/07\/f608x342-105122_134845_15.jpg","contentUrl":"https:\/\/cvinoticias.com\/wp-content\/uploads\/2021\/07\/f608x342-105122_134845_15.jpg","width":608,"height":342},{"@type":"BreadcrumbList","@id":"https:\/\/cvinoticias.com\/v3\/el-gobierno-nacional-autorizo-una-suba-del-5-en-internet-telefonia-y-tv\/#breadcrumb","itemListElement":[{"@type":"ListItem","position":1,"name":"Portada","item":"https:\/\/cvinoticias.com\/v3\/"},{"@type":"ListItem","position":2,"name":"El Gobierno Nacional autoriz\u00f3 una suba del 5% en internet, telefon\u00eda y TV"}]},{"@type":"WebSite","@id":"https:\/\/cvinoticias.com\/v3\/#website","url":"https:\/\/cvinoticias.com\/v3\/","name":"CVI NOTICIAS","description":"","publisher":{"@id":"https:\/\/cvinoticias.com\/v3\/#organization"},"alternateName":"CVI","potentialAction":[{"@type":"SearchAction","target":{"@type":"EntryPoint","urlTemplate":"https:\/\/cvinoticias.com\/v3\/?s={search_term_string}"},"query-input":{"@type":"PropertyValueSpecification","valueRequired":true,"valueName":"search_term_string"}}],"inLanguage":"es"},{"@type":"Organization","@id":"https:\/\/cvinoticias.com\/v3\/#organization","name":"CVI NOTICIAS","url":"https:\/\/cvinoticias.com\/v3\/","logo":{"@type":"ImageObject","inLanguage":"es","@id":"https:\/\/cvinoticias.com\/v3\/#\/schema\/logo\/image\/","url":"https:\/\/cvinoticias.com\/wp-content\/uploads\/2023\/04\/cropped-cropped-cropped-cropped-cropped-3-1.png","contentUrl":"https:\/\/cvinoticias.com\/wp-content\/uploads\/2023\/04\/cropped-cropped-cropped-cropped-cropped-3-1.png","width":95,"height":122,"caption":"CVI NOTICIAS"},"image":{"@id":"https:\/\/cvinoticias.com\/v3\/#\/schema\/logo\/image\/"},"sameAs":["https:\/\/www.facebook.com\/cvinoticias","https:\/\/www.instagram.com\/cvinoticias\/","https:\/\/www.youtube.com\/@CVINOTICIAS"]},{"@type":"Person","@id":"https:\/\/cvinoticias.com\/v3\/#\/schema\/person\/2db77e3c6bc03c538495d7b2b8be9b66","name":"f1000024","image":{"@type":"ImageObject","inLanguage":"es","@id":"https:\/\/secure.gravatar.com\/avatar\/d4fe7459cfc51ff5129ce1a732bbef5928568b8092d412ef95611616376bbeed?s=96&d=mm&r=g","url":"https:\/\/secure.gravatar.com\/avatar\/d4fe7459cfc51ff5129ce1a732bbef5928568b8092d412ef95611616376bbeed?s=96&d=mm&r=g","contentUrl":"https:\/\/secure.gravatar.com\/avatar\/d4fe7459cfc51ff5129ce1a732bbef5928568b8092d412ef95611616376bbeed?s=96&d=mm&r=g","caption":"f1000024"},"url":"https:\/\/cvinoticias.com\/v3\/author\/f1000024\/"}]}},"_links":{"self":[{"href":"https:\/\/cvinoticias.com\/v3\/wp-json\/wp\/v2\/posts\/6805","targetHints":{"allow":["GET"]}}],"collection":[{"href":"https:\/\/cvinoticias.com\/v3\/wp-json\/wp\/v2\/posts"}],"about":[{"href":"https:\/\/cvinoticias.com\/v3\/wp-json\/wp\/v2\/types\/post"}],"author":[{"embeddable":true,"href":"https:\/\/cvinoticias.com\/v3\/wp-json\/wp\/v2\/users\/2"}],"replies":[{"embeddable":true,"href":"https:\/\/cvinoticias.com\/v3\/wp-json\/wp\/v2\/comments?post=6805"}],"version-history":[{"count":1,"href":"https:\/\/cvinoticias.com\/v3\/wp-json\/wp\/v2\/posts\/6805\/revisions"}],"predecessor-version":[{"id":6807,"href":"https:\/\/cvinoticias.com\/v3\/wp-json\/wp\/v2\/posts\/6805\/revisions\/6807"}],"wp:featuredmedia":[{"embeddable":true,"href":"https:\/\/cvinoticias.com\/v3\/wp-json\/wp\/v2\/media\/6806"}],"wp:attachment":[{"href":"https:\/\/cvinoticias.com\/v3\/wp-json\/wp\/v2\/media?parent=6805"}],"wp:term":[{"taxonomy":"category","embeddable":true,"href":"https:\/\/cvinoticias.com\/v3\/wp-json\/wp\/v2\/categories?post=6805"},{"taxonomy":"post_tag","embeddable":true,"href":"https:\/\/cvinoticias.com\/v3\/wp-json\/wp\/v2\/tags?post=6805"}],"curies":[{"name":"wp","href":"https:\/\/api.w.org\/{rel}","templated":true}]}}