{"id":6800,"date":"2021-07-14T10:04:08","date_gmt":"2021-07-14T10:04:08","guid":{"rendered":"https:\/\/cvinoticias.com\/v3\/?p=6800"},"modified":"2021-07-14T10:04:08","modified_gmt":"2021-07-14T10:04:08","slug":"rechazan-al-aumento-del-peaje-en-la-ruta-105","status":"publish","type":"post","link":"https:\/\/cvinoticias.com\/v3\/rechazan-al-aumento-del-peaje-en-la-ruta-105\/","title":{"rendered":"Rechazan al aumento del peaje en la ruta 105"},"content":{"rendered":"\n<p><strong><em>El Comit\u00e9 Nacional de Defensa del Usuario Vial (CONADUV) emiti\u00f3 un comunicado de prensa donde expresa \u201csu m\u00e1s en\u00e9rgico rechazo\u201d a este \u201cnuevo y brutal\u201d aumento y lo calificaron de \u201cilegal, abusivo, inapropiado, injusto y carente de todo fundamento t\u00e9cnico-econ\u00f3mico\u201d.<\/em><\/strong><\/p>\n\n\n\n<p>Seg\u00fan explicaron, las concesiones viales tienen car\u00e1cter de servicio p\u00fablico, motivo por el cual el CONADUV lament\u00f3 \u201cla actitud antidemocr\u00e1tica y de insensatez de las Autoridades correspondientes, ya que ni siquiera se convoc\u00f3 a una Audiencia P\u00fablica para que los usuarios viales directos e indirectos pudieran expresar sus reclamos como as\u00ed tambi\u00e9n las alternativas para evitar este descomunal ajuste\u201d. Adem\u00e1s, agregaron que \u201ctampoco existe Marco Regulatorio ni Ente Regulador\u201d.<\/p>\n\n\n\n<p>En relaci\u00f3n al incremento del peaje, desde CONADUV opinaron que \u201clo \u00fanico que se logra con este tipo de medida es seguir beneficiando y premiando a la Empresa concesionaria, sin importarle al Estado Provincial los graves perjuicios sociales y econ\u00f3micos que se ocasionan a los usuarios viales y a toda la sociedad en su conjunto, por el aumento en el costo de transporte y por ende en todos los precios de la econom\u00eda nacional\u201d.<\/p>\n\n\n\n<p>Finalmente, calificaron al peaje de \u201cinconstitucional por la falta de caminos alternativos libres de pago y la doble imposici\u00f3n; ilegal por no existir un estudio t\u00e9cnico-econ\u00f3mico de fundamentaci\u00f3n de tarifas determinando la relaci\u00f3n beneficio\/costo del usuario; inviable y antiecon\u00f3mico por el bajo caudal de tr\u00e1nsito; injusto porque unos pagan y otros no, de acuerdo al tramo utilizado\u201d.<\/p>\n\n\n\n<p><\/p>\n\n\n\n<p><strong>MC<\/strong> <\/p>\n","protected":false},"excerpt":{"rendered":"<p>El Comit\u00e9 Nacional de Defensa del Usuario Vial (CONADUV) emiti\u00f3 un comunicado de prensa donde expresa \u201csu m\u00e1s en\u00e9rgico rechazo\u201d a este \u201cnuevo y brutal\u201d aumento y lo calificaron de \u201cilegal, abusivo, inapropiado, injusto y carente de todo fundamento t\u00e9cnico-econ\u00f3mico\u201d. Seg\u00fan explicaron, las concesiones viales tienen car\u00e1cter de servicio p\u00fablico, motivo por el cual el [&hellip;]<\/p>\n","protected":false},"author":2,"featured_media":6771,"comment_status":"open","ping_status":"open","sticky":false,"template":"","format":"standard","meta":{"footnotes":""},"categories":[35],"tags":[],"class_list":["post-6800","post","type-post","status-publish","format-standard","has-post-thumbnail","hentry","category-informacion-general"],"yoast_head":"<!-- This site is optimized with the Yoast SEO plugin v27.5 - https:\/\/yoast.com\/product\/yoast-seo-wordpress\/ -->\n<title>Rechazan al aumento del peaje en la ruta 105 | CVI NOTICIAS<\/title>\n<meta name=\"robots\" content=\"index, follow, max-snippet:-1, max-image-preview:large, max-video-preview:-1\" \/>\n<link rel=\"canonical\" href=\"https:\/\/cvinoticias.com\/v3\/rechazan-al-aumento-del-peaje-en-la-ruta-105\/\" \/>\n<meta property=\"og:locale\" content=\"es_ES\" \/>\n<meta property=\"og:type\" content=\"article\" \/>\n<meta property=\"og:title\" content=\"Rechazan al aumento del peaje en la ruta 105 | CVI NOTICIAS\" \/>\n<meta property=\"og:description\" content=\"El Comit\u00e9 Nacional de Defensa del Usuario Vial (CONADUV) emiti\u00f3 un comunicado de prensa donde expresa \u201csu m\u00e1s en\u00e9rgico rechazo\u201d a este \u201cnuevo y brutal\u201d aumento y lo calificaron de \u201cilegal, abusivo, inapropiado, injusto y carente de todo fundamento t\u00e9cnico-econ\u00f3mico\u201d. Seg\u00fan explicaron, las concesiones viales tienen car\u00e1cter de servicio p\u00fablico, motivo por el cual el [&hellip;]\" \/>\n<meta property=\"og:url\" content=\"https:\/\/cvinoticias.com\/v3\/rechazan-al-aumento-del-peaje-en-la-ruta-105\/\" \/>\n<meta property=\"og:site_name\" content=\"CVI NOTICIAS\" \/>\n<meta property=\"article:publisher\" content=\"https:\/\/www.facebook.com\/cvinoticias\" \/>\n<meta property=\"article:published_time\" content=\"2021-07-14T10:04:08+00:00\" \/>\n<meta property=\"og:image\" content=\"https:\/\/cvinoticias.com\/wp-content\/uploads\/2021\/07\/1024_15-1000x600-1.jpg\" \/>\n\t<meta property=\"og:image:width\" content=\"1000\" \/>\n\t<meta property=\"og:image:height\" content=\"600\" \/>\n\t<meta property=\"og:image:type\" content=\"image\/jpeg\" \/>\n<meta name=\"author\" content=\"f1000024\" \/>\n<meta name=\"twitter:card\" content=\"summary_large_image\" \/>\n<meta name=\"twitter:label1\" content=\"Escrito por\" \/>\n\t<meta name=\"twitter:data1\" content=\"f1000024\" \/>\n\t<meta name=\"twitter:label2\" content=\"Tiempo de lectura\" \/>\n\t<meta name=\"twitter:data2\" content=\"1 minuto\" \/>\n<script type=\"application\/ld+json\" class=\"yoast-schema-graph\">{\"@context\":\"https:\\\/\\\/schema.org\",\"@graph\":[{\"@type\":\"Article\",\"@id\":\"https:\\\/\\\/cvinoticias.com\\\/v3\\\/rechazan-al-aumento-del-peaje-en-la-ruta-105\\\/#article\",\"isPartOf\":{\"@id\":\"https:\\\/\\\/cvinoticias.com\\\/v3\\\/rechazan-al-aumento-del-peaje-en-la-ruta-105\\\/\"},\"author\":{\"name\":\"f1000024\",\"@id\":\"https:\\\/\\\/cvinoticias.com\\\/v3\\\/#\\\/schema\\\/person\\\/2db77e3c6bc03c538495d7b2b8be9b66\"},\"headline\":\"Rechazan al aumento del peaje en la ruta 105\",\"datePublished\":\"2021-07-14T10:04:08+00:00\",\"mainEntityOfPage\":{\"@id\":\"https:\\\/\\\/cvinoticias.com\\\/v3\\\/rechazan-al-aumento-del-peaje-en-la-ruta-105\\\/\"},\"wordCount\":271,\"commentCount\":0,\"publisher\":{\"@id\":\"https:\\\/\\\/cvinoticias.com\\\/v3\\\/#organization\"},\"image\":{\"@id\":\"https:\\\/\\\/cvinoticias.com\\\/v3\\\/rechazan-al-aumento-del-peaje-en-la-ruta-105\\\/#primaryimage\"},\"thumbnailUrl\":\"https:\\\/\\\/cvinoticias.com\\\/wp-content\\\/uploads\\\/2021\\\/07\\\/1024_15-1000x600-1.jpg\",\"articleSection\":[\"Informaci\u00f3n General\"],\"inLanguage\":\"es\",\"potentialAction\":[{\"@type\":\"CommentAction\",\"name\":\"Comment\",\"target\":[\"https:\\\/\\\/cvinoticias.com\\\/v3\\\/rechazan-al-aumento-del-peaje-en-la-ruta-105\\\/#respond\"]}]},{\"@type\":\"WebPage\",\"@id\":\"https:\\\/\\\/cvinoticias.com\\\/v3\\\/rechazan-al-aumento-del-peaje-en-la-ruta-105\\\/\",\"url\":\"https:\\\/\\\/cvinoticias.com\\\/v3\\\/rechazan-al-aumento-del-peaje-en-la-ruta-105\\\/\",\"name\":\"Rechazan al aumento del peaje en la ruta 105 | CVI NOTICIAS\",\"isPartOf\":{\"@id\":\"https:\\\/\\\/cvinoticias.com\\\/v3\\\/#website\"},\"primaryImageOfPage\":{\"@id\":\"https:\\\/\\\/cvinoticias.com\\\/v3\\\/rechazan-al-aumento-del-peaje-en-la-ruta-105\\\/#primaryimage\"},\"image\":{\"@id\":\"https:\\\/\\\/cvinoticias.com\\\/v3\\\/rechazan-al-aumento-del-peaje-en-la-ruta-105\\\/#primaryimage\"},\"thumbnailUrl\":\"https:\\\/\\\/cvinoticias.com\\\/wp-content\\\/uploads\\\/2021\\\/07\\\/1024_15-1000x600-1.jpg\",\"datePublished\":\"2021-07-14T10:04:08+00:00\",\"breadcrumb\":{\"@id\":\"https:\\\/\\\/cvinoticias.com\\\/v3\\\/rechazan-al-aumento-del-peaje-en-la-ruta-105\\\/#breadcrumb\"},\"inLanguage\":\"es\",\"potentialAction\":[{\"@type\":\"ReadAction\",\"target\":[\"https:\\\/\\\/cvinoticias.com\\\/v3\\\/rechazan-al-aumento-del-peaje-en-la-ruta-105\\\/\"]}]},{\"@type\":\"ImageObject\",\"inLanguage\":\"es\",\"@id\":\"https:\\\/\\\/cvinoticias.com\\\/v3\\\/rechazan-al-aumento-del-peaje-en-la-ruta-105\\\/#primaryimage\",\"url\":\"https:\\\/\\\/cvinoticias.com\\\/wp-content\\\/uploads\\\/2021\\\/07\\\/1024_15-1000x600-1.jpg\",\"contentUrl\":\"https:\\\/\\\/cvinoticias.com\\\/wp-content\\\/uploads\\\/2021\\\/07\\\/1024_15-1000x600-1.jpg\",\"width\":1000,\"height\":600},{\"@type\":\"BreadcrumbList\",\"@id\":\"https:\\\/\\\/cvinoticias.com\\\/v3\\\/rechazan-al-aumento-del-peaje-en-la-ruta-105\\\/#breadcrumb\",\"itemListElement\":[{\"@type\":\"ListItem\",\"position\":1,\"name\":\"Portada\",\"item\":\"https:\\\/\\\/cvinoticias.com\\\/v3\\\/\"},{\"@type\":\"ListItem\",\"position\":2,\"name\":\"Rechazan al aumento del peaje en la ruta 105\"}]},{\"@type\":\"WebSite\",\"@id\":\"https:\\\/\\\/cvinoticias.com\\\/v3\\\/#website\",\"url\":\"https:\\\/\\\/cvinoticias.com\\\/v3\\\/\",\"name\":\"CVI NOTICIAS\",\"description\":\"\",\"publisher\":{\"@id\":\"https:\\\/\\\/cvinoticias.com\\\/v3\\\/#organization\"},\"alternateName\":\"CVI\",\"potentialAction\":[{\"@type\":\"SearchAction\",\"target\":{\"@type\":\"EntryPoint\",\"urlTemplate\":\"https:\\\/\\\/cvinoticias.com\\\/v3\\\/?s={search_term_string}\"},\"query-input\":{\"@type\":\"PropertyValueSpecification\",\"valueRequired\":true,\"valueName\":\"search_term_string\"}}],\"inLanguage\":\"es\"},{\"@type\":\"Organization\",\"@id\":\"https:\\\/\\\/cvinoticias.com\\\/v3\\\/#organization\",\"name\":\"CVI NOTICIAS\",\"url\":\"https:\\\/\\\/cvinoticias.com\\\/v3\\\/\",\"logo\":{\"@type\":\"ImageObject\",\"inLanguage\":\"es\",\"@id\":\"https:\\\/\\\/cvinoticias.com\\\/v3\\\/#\\\/schema\\\/logo\\\/image\\\/\",\"url\":\"https:\\\/\\\/cvinoticias.com\\\/wp-content\\\/uploads\\\/2023\\\/04\\\/cropped-cropped-cropped-cropped-cropped-3-1.png\",\"contentUrl\":\"https:\\\/\\\/cvinoticias.com\\\/wp-content\\\/uploads\\\/2023\\\/04\\\/cropped-cropped-cropped-cropped-cropped-3-1.png\",\"width\":95,\"height\":122,\"caption\":\"CVI NOTICIAS\"},\"image\":{\"@id\":\"https:\\\/\\\/cvinoticias.com\\\/v3\\\/#\\\/schema\\\/logo\\\/image\\\/\"},\"sameAs\":[\"https:\\\/\\\/www.facebook.com\\\/cvinoticias\",\"https:\\\/\\\/www.instagram.com\\\/cvinoticias\\\/\",\"https:\\\/\\\/www.youtube.com\\\/@CVINOTICIAS\"]},{\"@type\":\"Person\",\"@id\":\"https:\\\/\\\/cvinoticias.com\\\/v3\\\/#\\\/schema\\\/person\\\/2db77e3c6bc03c538495d7b2b8be9b66\",\"name\":\"f1000024\",\"image\":{\"@type\":\"ImageObject\",\"inLanguage\":\"es\",\"@id\":\"https:\\\/\\\/secure.gravatar.com\\\/avatar\\\/d4fe7459cfc51ff5129ce1a732bbef5928568b8092d412ef95611616376bbeed?s=96&d=mm&r=g\",\"url\":\"https:\\\/\\\/secure.gravatar.com\\\/avatar\\\/d4fe7459cfc51ff5129ce1a732bbef5928568b8092d412ef95611616376bbeed?s=96&d=mm&r=g\",\"contentUrl\":\"https:\\\/\\\/secure.gravatar.com\\\/avatar\\\/d4fe7459cfc51ff5129ce1a732bbef5928568b8092d412ef95611616376bbeed?s=96&d=mm&r=g\",\"caption\":\"f1000024\"},\"url\":\"https:\\\/\\\/cvinoticias.com\\\/v3\\\/author\\\/f1000024\\\/\"}]}<\/script>\n<!-- \/ Yoast SEO plugin. -->","yoast_head_json":{"title":"Rechazan al aumento del peaje en la ruta 105 | CVI NOTICIAS","robots":{"index":"index","follow":"follow","max-snippet":"max-snippet:-1","max-image-preview":"max-image-preview:large","max-video-preview":"max-video-preview:-1"},"canonical":"https:\/\/cvinoticias.com\/v3\/rechazan-al-aumento-del-peaje-en-la-ruta-105\/","og_locale":"es_ES","og_type":"article","og_title":"Rechazan al aumento del peaje en la ruta 105 | CVI NOTICIAS","og_description":"El Comit\u00e9 Nacional de Defensa del Usuario Vial (CONADUV) emiti\u00f3 un comunicado de prensa donde expresa \u201csu m\u00e1s en\u00e9rgico rechazo\u201d a este \u201cnuevo y brutal\u201d aumento y lo calificaron de \u201cilegal, abusivo, inapropiado, injusto y carente de todo fundamento t\u00e9cnico-econ\u00f3mico\u201d. Seg\u00fan explicaron, las concesiones viales tienen car\u00e1cter de servicio p\u00fablico, motivo por el cual el [&hellip;]","og_url":"https:\/\/cvinoticias.com\/v3\/rechazan-al-aumento-del-peaje-en-la-ruta-105\/","og_site_name":"CVI NOTICIAS","article_publisher":"https:\/\/www.facebook.com\/cvinoticias","article_published_time":"2021-07-14T10:04:08+00:00","og_image":[{"width":1000,"height":600,"url":"https:\/\/cvinoticias.com\/wp-content\/uploads\/2021\/07\/1024_15-1000x600-1.jpg","type":"image\/jpeg"}],"author":"f1000024","twitter_card":"summary_large_image","twitter_misc":{"Escrito por":"f1000024","Tiempo de lectura":"1 minuto"},"schema":{"@context":"https:\/\/schema.org","@graph":[{"@type":"Article","@id":"https:\/\/cvinoticias.com\/v3\/rechazan-al-aumento-del-peaje-en-la-ruta-105\/#article","isPartOf":{"@id":"https:\/\/cvinoticias.com\/v3\/rechazan-al-aumento-del-peaje-en-la-ruta-105\/"},"author":{"name":"f1000024","@id":"https:\/\/cvinoticias.com\/v3\/#\/schema\/person\/2db77e3c6bc03c538495d7b2b8be9b66"},"headline":"Rechazan al aumento del peaje en la ruta 105","datePublished":"2021-07-14T10:04:08+00:00","mainEntityOfPage":{"@id":"https:\/\/cvinoticias.com\/v3\/rechazan-al-aumento-del-peaje-en-la-ruta-105\/"},"wordCount":271,"commentCount":0,"publisher":{"@id":"https:\/\/cvinoticias.com\/v3\/#organization"},"image":{"@id":"https:\/\/cvinoticias.com\/v3\/rechazan-al-aumento-del-peaje-en-la-ruta-105\/#primaryimage"},"thumbnailUrl":"https:\/\/cvinoticias.com\/wp-content\/uploads\/2021\/07\/1024_15-1000x600-1.jpg","articleSection":["Informaci\u00f3n General"],"inLanguage":"es","potentialAction":[{"@type":"CommentAction","name":"Comment","target":["https:\/\/cvinoticias.com\/v3\/rechazan-al-aumento-del-peaje-en-la-ruta-105\/#respond"]}]},{"@type":"WebPage","@id":"https:\/\/cvinoticias.com\/v3\/rechazan-al-aumento-del-peaje-en-la-ruta-105\/","url":"https:\/\/cvinoticias.com\/v3\/rechazan-al-aumento-del-peaje-en-la-ruta-105\/","name":"Rechazan al aumento del peaje en la ruta 105 | CVI NOTICIAS","isPartOf":{"@id":"https:\/\/cvinoticias.com\/v3\/#website"},"primaryImageOfPage":{"@id":"https:\/\/cvinoticias.com\/v3\/rechazan-al-aumento-del-peaje-en-la-ruta-105\/#primaryimage"},"image":{"@id":"https:\/\/cvinoticias.com\/v3\/rechazan-al-aumento-del-peaje-en-la-ruta-105\/#primaryimage"},"thumbnailUrl":"https:\/\/cvinoticias.com\/wp-content\/uploads\/2021\/07\/1024_15-1000x600-1.jpg","datePublished":"2021-07-14T10:04:08+00:00","breadcrumb":{"@id":"https:\/\/cvinoticias.com\/v3\/rechazan-al-aumento-del-peaje-en-la-ruta-105\/#breadcrumb"},"inLanguage":"es","potentialAction":[{"@type":"ReadAction","target":["https:\/\/cvinoticias.com\/v3\/rechazan-al-aumento-del-peaje-en-la-ruta-105\/"]}]},{"@type":"ImageObject","inLanguage":"es","@id":"https:\/\/cvinoticias.com\/v3\/rechazan-al-aumento-del-peaje-en-la-ruta-105\/#primaryimage","url":"https:\/\/cvinoticias.com\/wp-content\/uploads\/2021\/07\/1024_15-1000x600-1.jpg","contentUrl":"https:\/\/cvinoticias.com\/wp-content\/uploads\/2021\/07\/1024_15-1000x600-1.jpg","width":1000,"height":600},{"@type":"BreadcrumbList","@id":"https:\/\/cvinoticias.com\/v3\/rechazan-al-aumento-del-peaje-en-la-ruta-105\/#breadcrumb","itemListElement":[{"@type":"ListItem","position":1,"name":"Portada","item":"https:\/\/cvinoticias.com\/v3\/"},{"@type":"ListItem","position":2,"name":"Rechazan al aumento del peaje en la ruta 105"}]},{"@type":"WebSite","@id":"https:\/\/cvinoticias.com\/v3\/#website","url":"https:\/\/cvinoticias.com\/v3\/","name":"CVI NOTICIAS","description":"","publisher":{"@id":"https:\/\/cvinoticias.com\/v3\/#organization"},"alternateName":"CVI","potentialAction":[{"@type":"SearchAction","target":{"@type":"EntryPoint","urlTemplate":"https:\/\/cvinoticias.com\/v3\/?s={search_term_string}"},"query-input":{"@type":"PropertyValueSpecification","valueRequired":true,"valueName":"search_term_string"}}],"inLanguage":"es"},{"@type":"Organization","@id":"https:\/\/cvinoticias.com\/v3\/#organization","name":"CVI NOTICIAS","url":"https:\/\/cvinoticias.com\/v3\/","logo":{"@type":"ImageObject","inLanguage":"es","@id":"https:\/\/cvinoticias.com\/v3\/#\/schema\/logo\/image\/","url":"https:\/\/cvinoticias.com\/wp-content\/uploads\/2023\/04\/cropped-cropped-cropped-cropped-cropped-3-1.png","contentUrl":"https:\/\/cvinoticias.com\/wp-content\/uploads\/2023\/04\/cropped-cropped-cropped-cropped-cropped-3-1.png","width":95,"height":122,"caption":"CVI NOTICIAS"},"image":{"@id":"https:\/\/cvinoticias.com\/v3\/#\/schema\/logo\/image\/"},"sameAs":["https:\/\/www.facebook.com\/cvinoticias","https:\/\/www.instagram.com\/cvinoticias\/","https:\/\/www.youtube.com\/@CVINOTICIAS"]},{"@type":"Person","@id":"https:\/\/cvinoticias.com\/v3\/#\/schema\/person\/2db77e3c6bc03c538495d7b2b8be9b66","name":"f1000024","image":{"@type":"ImageObject","inLanguage":"es","@id":"https:\/\/secure.gravatar.com\/avatar\/d4fe7459cfc51ff5129ce1a732bbef5928568b8092d412ef95611616376bbeed?s=96&d=mm&r=g","url":"https:\/\/secure.gravatar.com\/avatar\/d4fe7459cfc51ff5129ce1a732bbef5928568b8092d412ef95611616376bbeed?s=96&d=mm&r=g","contentUrl":"https:\/\/secure.gravatar.com\/avatar\/d4fe7459cfc51ff5129ce1a732bbef5928568b8092d412ef95611616376bbeed?s=96&d=mm&r=g","caption":"f1000024"},"url":"https:\/\/cvinoticias.com\/v3\/author\/f1000024\/"}]}},"_links":{"self":[{"href":"https:\/\/cvinoticias.com\/v3\/wp-json\/wp\/v2\/posts\/6800","targetHints":{"allow":["GET"]}}],"collection":[{"href":"https:\/\/cvinoticias.com\/v3\/wp-json\/wp\/v2\/posts"}],"about":[{"href":"https:\/\/cvinoticias.com\/v3\/wp-json\/wp\/v2\/types\/post"}],"author":[{"embeddable":true,"href":"https:\/\/cvinoticias.com\/v3\/wp-json\/wp\/v2\/users\/2"}],"replies":[{"embeddable":true,"href":"https:\/\/cvinoticias.com\/v3\/wp-json\/wp\/v2\/comments?post=6800"}],"version-history":[{"count":1,"href":"https:\/\/cvinoticias.com\/v3\/wp-json\/wp\/v2\/posts\/6800\/revisions"}],"predecessor-version":[{"id":6801,"href":"https:\/\/cvinoticias.com\/v3\/wp-json\/wp\/v2\/posts\/6800\/revisions\/6801"}],"wp:featuredmedia":[{"embeddable":true,"href":"https:\/\/cvinoticias.com\/v3\/wp-json\/wp\/v2\/media\/6771"}],"wp:attachment":[{"href":"https:\/\/cvinoticias.com\/v3\/wp-json\/wp\/v2\/media?parent=6800"}],"wp:term":[{"taxonomy":"category","embeddable":true,"href":"https:\/\/cvinoticias.com\/v3\/wp-json\/wp\/v2\/categories?post=6800"},{"taxonomy":"post_tag","embeddable":true,"href":"https:\/\/cvinoticias.com\/v3\/wp-json\/wp\/v2\/tags?post=6800"}],"curies":[{"name":"wp","href":"https:\/\/api.w.org\/{rel}","templated":true}]}}