{"id":6797,"date":"2021-07-14T09:50:33","date_gmt":"2021-07-14T09:50:33","guid":{"rendered":"https:\/\/cvinoticias.com\/v3\/?p=6797"},"modified":"2021-07-14T09:50:33","modified_gmt":"2021-07-14T09:50:33","slug":"wanda-joven-motociclista-fallecio-tras-un-choque-en-la-ruta-provincial-no19","status":"publish","type":"post","link":"https:\/\/cvinoticias.com\/v3\/wanda-joven-motociclista-fallecio-tras-un-choque-en-la-ruta-provincial-no19\/","title":{"rendered":"Wanda: Joven motociclista falleci\u00f3 tras un choque en la Ruta Provincial N\u00ba19"},"content":{"rendered":"\n<p><strong><em>El siniestro fatal se registr\u00f3 en la tarde de ayer martes a las 18:30 horas aproximadamente, sobre la Ruta Provincial N\u00ba19 y calle Los Cosecheros. En el lugar, una camioneta Ford Ranger al mando de un hombre de 30 a\u00f1os, fue impactada por una motocicleta Guerrero 110cc guiada por un adolescente de 14 a\u00f1os, identificado como Alcides Olmedo.<\/em><\/strong><\/p>\n\n\n\n<p>Los efectivos de la Comisar\u00eda local tomaron conocimiento de lo sucedido por parte del personal de Salud P\u00fablica. A causa de las lesiones sufridas y producto del choque, el joven perdi\u00f3 la vida camino al Hospital.<\/p>\n\n\n\n<p>Intervino en el hecho el Juzgado de Instrucci\u00f3n N\u00ba3 de Puerto Iguaz\u00fa, quien dispuso el secuestro de ambos veh\u00edculos, la notificaci\u00f3n de la causa al conductor del rodado mayor y que el cuerpo del jovencito sea entregado a sus familiares.<\/p>\n\n\n\n<p>Trabajaron en el lugar peritos de la divisi\u00f3n de Polic\u00eda Cient\u00edfica de la Unidad Regional V quienes realizaron tareas de rigor.<\/p>\n","protected":false},"excerpt":{"rendered":"<p>El siniestro fatal se registr\u00f3 en la tarde de ayer martes a las 18:30 horas aproximadamente, sobre la Ruta Provincial N\u00ba19 y calle Los Cosecheros. En el lugar, una camioneta Ford Ranger al mando de un hombre de 30 a\u00f1os, fue impactada por una motocicleta Guerrero 110cc guiada por un adolescente de 14 a\u00f1os, identificado [&hellip;]<\/p>\n","protected":false},"author":2,"featured_media":6798,"comment_status":"open","ping_status":"open","sticky":false,"template":"","format":"standard","meta":{"footnotes":""},"categories":[41],"tags":[],"class_list":["post-6797","post","type-post","status-publish","format-standard","has-post-thumbnail","hentry","category-policiales"],"yoast_head":"<!-- This site is optimized with the Yoast SEO plugin v27.4 - https:\/\/yoast.com\/product\/yoast-seo-wordpress\/ -->\n<title>Wanda: Joven motociclista falleci\u00f3 tras un choque en la Ruta Provincial N\u00ba19 | CVI NOTICIAS<\/title>\n<meta name=\"robots\" content=\"index, follow, max-snippet:-1, max-image-preview:large, max-video-preview:-1\" \/>\n<link rel=\"canonical\" href=\"https:\/\/cvinoticias.com\/v3\/wanda-joven-motociclista-fallecio-tras-un-choque-en-la-ruta-provincial-no19\/\" \/>\n<meta property=\"og:locale\" content=\"es_ES\" \/>\n<meta property=\"og:type\" content=\"article\" \/>\n<meta property=\"og:title\" content=\"Wanda: Joven motociclista falleci\u00f3 tras un choque en la Ruta Provincial N\u00ba19 | CVI NOTICIAS\" \/>\n<meta property=\"og:description\" content=\"El siniestro fatal se registr\u00f3 en la tarde de ayer martes a las 18:30 horas aproximadamente, sobre la Ruta Provincial N\u00ba19 y calle Los Cosecheros. En el lugar, una camioneta Ford Ranger al mando de un hombre de 30 a\u00f1os, fue impactada por una motocicleta Guerrero 110cc guiada por un adolescente de 14 a\u00f1os, identificado [&hellip;]\" \/>\n<meta property=\"og:url\" content=\"https:\/\/cvinoticias.com\/v3\/wanda-joven-motociclista-fallecio-tras-un-choque-en-la-ruta-provincial-no19\/\" \/>\n<meta property=\"og:site_name\" content=\"CVI NOTICIAS\" \/>\n<meta property=\"article:publisher\" content=\"https:\/\/www.facebook.com\/cvinoticias\" \/>\n<meta property=\"article:published_time\" content=\"2021-07-14T09:50:33+00:00\" \/>\n<meta property=\"og:image\" content=\"https:\/\/cvinoticias.com\/wp-content\/uploads\/2021\/07\/IMG-20210714-WA0003.jpg\" \/>\n\t<meta property=\"og:image:width\" content=\"1599\" \/>\n\t<meta property=\"og:image:height\" content=\"899\" \/>\n\t<meta property=\"og:image:type\" content=\"image\/jpeg\" \/>\n<meta name=\"author\" content=\"f1000024\" \/>\n<meta name=\"twitter:card\" content=\"summary_large_image\" \/>\n<meta name=\"twitter:label1\" content=\"Escrito por\" \/>\n\t<meta name=\"twitter:data1\" content=\"f1000024\" \/>\n\t<meta name=\"twitter:label2\" content=\"Tiempo de lectura\" \/>\n\t<meta name=\"twitter:data2\" content=\"1 minuto\" \/>\n<script type=\"application\/ld+json\" class=\"yoast-schema-graph\">{\"@context\":\"https:\\\/\\\/schema.org\",\"@graph\":[{\"@type\":\"Article\",\"@id\":\"https:\\\/\\\/cvinoticias.com\\\/v3\\\/wanda-joven-motociclista-fallecio-tras-un-choque-en-la-ruta-provincial-no19\\\/#article\",\"isPartOf\":{\"@id\":\"https:\\\/\\\/cvinoticias.com\\\/v3\\\/wanda-joven-motociclista-fallecio-tras-un-choque-en-la-ruta-provincial-no19\\\/\"},\"author\":{\"name\":\"f1000024\",\"@id\":\"https:\\\/\\\/cvinoticias.com\\\/v3\\\/#\\\/schema\\\/person\\\/2db77e3c6bc03c538495d7b2b8be9b66\"},\"headline\":\"Wanda: Joven motociclista falleci\u00f3 tras un choque en la Ruta Provincial N\u00ba19\",\"datePublished\":\"2021-07-14T09:50:33+00:00\",\"mainEntityOfPage\":{\"@id\":\"https:\\\/\\\/cvinoticias.com\\\/v3\\\/wanda-joven-motociclista-fallecio-tras-un-choque-en-la-ruta-provincial-no19\\\/\"},\"wordCount\":174,\"commentCount\":0,\"publisher\":{\"@id\":\"https:\\\/\\\/cvinoticias.com\\\/v3\\\/#organization\"},\"image\":{\"@id\":\"https:\\\/\\\/cvinoticias.com\\\/v3\\\/wanda-joven-motociclista-fallecio-tras-un-choque-en-la-ruta-provincial-no19\\\/#primaryimage\"},\"thumbnailUrl\":\"https:\\\/\\\/cvinoticias.com\\\/wp-content\\\/uploads\\\/2021\\\/07\\\/IMG-20210714-WA0003.jpg\",\"articleSection\":[\"Policiales\"],\"inLanguage\":\"es\",\"potentialAction\":[{\"@type\":\"CommentAction\",\"name\":\"Comment\",\"target\":[\"https:\\\/\\\/cvinoticias.com\\\/v3\\\/wanda-joven-motociclista-fallecio-tras-un-choque-en-la-ruta-provincial-no19\\\/#respond\"]}]},{\"@type\":\"WebPage\",\"@id\":\"https:\\\/\\\/cvinoticias.com\\\/v3\\\/wanda-joven-motociclista-fallecio-tras-un-choque-en-la-ruta-provincial-no19\\\/\",\"url\":\"https:\\\/\\\/cvinoticias.com\\\/v3\\\/wanda-joven-motociclista-fallecio-tras-un-choque-en-la-ruta-provincial-no19\\\/\",\"name\":\"Wanda: Joven motociclista falleci\u00f3 tras un choque en la Ruta Provincial N\u00ba19 | CVI NOTICIAS\",\"isPartOf\":{\"@id\":\"https:\\\/\\\/cvinoticias.com\\\/v3\\\/#website\"},\"primaryImageOfPage\":{\"@id\":\"https:\\\/\\\/cvinoticias.com\\\/v3\\\/wanda-joven-motociclista-fallecio-tras-un-choque-en-la-ruta-provincial-no19\\\/#primaryimage\"},\"image\":{\"@id\":\"https:\\\/\\\/cvinoticias.com\\\/v3\\\/wanda-joven-motociclista-fallecio-tras-un-choque-en-la-ruta-provincial-no19\\\/#primaryimage\"},\"thumbnailUrl\":\"https:\\\/\\\/cvinoticias.com\\\/wp-content\\\/uploads\\\/2021\\\/07\\\/IMG-20210714-WA0003.jpg\",\"datePublished\":\"2021-07-14T09:50:33+00:00\",\"breadcrumb\":{\"@id\":\"https:\\\/\\\/cvinoticias.com\\\/v3\\\/wanda-joven-motociclista-fallecio-tras-un-choque-en-la-ruta-provincial-no19\\\/#breadcrumb\"},\"inLanguage\":\"es\",\"potentialAction\":[{\"@type\":\"ReadAction\",\"target\":[\"https:\\\/\\\/cvinoticias.com\\\/v3\\\/wanda-joven-motociclista-fallecio-tras-un-choque-en-la-ruta-provincial-no19\\\/\"]}]},{\"@type\":\"ImageObject\",\"inLanguage\":\"es\",\"@id\":\"https:\\\/\\\/cvinoticias.com\\\/v3\\\/wanda-joven-motociclista-fallecio-tras-un-choque-en-la-ruta-provincial-no19\\\/#primaryimage\",\"url\":\"https:\\\/\\\/cvinoticias.com\\\/wp-content\\\/uploads\\\/2021\\\/07\\\/IMG-20210714-WA0003.jpg\",\"contentUrl\":\"https:\\\/\\\/cvinoticias.com\\\/wp-content\\\/uploads\\\/2021\\\/07\\\/IMG-20210714-WA0003.jpg\",\"width\":1599,\"height\":899},{\"@type\":\"BreadcrumbList\",\"@id\":\"https:\\\/\\\/cvinoticias.com\\\/v3\\\/wanda-joven-motociclista-fallecio-tras-un-choque-en-la-ruta-provincial-no19\\\/#breadcrumb\",\"itemListElement\":[{\"@type\":\"ListItem\",\"position\":1,\"name\":\"Portada\",\"item\":\"https:\\\/\\\/cvinoticias.com\\\/v3\\\/\"},{\"@type\":\"ListItem\",\"position\":2,\"name\":\"Wanda: Joven motociclista falleci\u00f3 tras un choque en la Ruta Provincial N\u00ba19\"}]},{\"@type\":\"WebSite\",\"@id\":\"https:\\\/\\\/cvinoticias.com\\\/v3\\\/#website\",\"url\":\"https:\\\/\\\/cvinoticias.com\\\/v3\\\/\",\"name\":\"CVI NOTICIAS\",\"description\":\"\",\"publisher\":{\"@id\":\"https:\\\/\\\/cvinoticias.com\\\/v3\\\/#organization\"},\"alternateName\":\"CVI\",\"potentialAction\":[{\"@type\":\"SearchAction\",\"target\":{\"@type\":\"EntryPoint\",\"urlTemplate\":\"https:\\\/\\\/cvinoticias.com\\\/v3\\\/?s={search_term_string}\"},\"query-input\":{\"@type\":\"PropertyValueSpecification\",\"valueRequired\":true,\"valueName\":\"search_term_string\"}}],\"inLanguage\":\"es\"},{\"@type\":\"Organization\",\"@id\":\"https:\\\/\\\/cvinoticias.com\\\/v3\\\/#organization\",\"name\":\"CVI NOTICIAS\",\"url\":\"https:\\\/\\\/cvinoticias.com\\\/v3\\\/\",\"logo\":{\"@type\":\"ImageObject\",\"inLanguage\":\"es\",\"@id\":\"https:\\\/\\\/cvinoticias.com\\\/v3\\\/#\\\/schema\\\/logo\\\/image\\\/\",\"url\":\"https:\\\/\\\/cvinoticias.com\\\/wp-content\\\/uploads\\\/2023\\\/04\\\/cropped-cropped-cropped-cropped-cropped-3-1.png\",\"contentUrl\":\"https:\\\/\\\/cvinoticias.com\\\/wp-content\\\/uploads\\\/2023\\\/04\\\/cropped-cropped-cropped-cropped-cropped-3-1.png\",\"width\":95,\"height\":122,\"caption\":\"CVI NOTICIAS\"},\"image\":{\"@id\":\"https:\\\/\\\/cvinoticias.com\\\/v3\\\/#\\\/schema\\\/logo\\\/image\\\/\"},\"sameAs\":[\"https:\\\/\\\/www.facebook.com\\\/cvinoticias\",\"https:\\\/\\\/www.instagram.com\\\/cvinoticias\\\/\",\"https:\\\/\\\/www.youtube.com\\\/@CVINOTICIAS\"]},{\"@type\":\"Person\",\"@id\":\"https:\\\/\\\/cvinoticias.com\\\/v3\\\/#\\\/schema\\\/person\\\/2db77e3c6bc03c538495d7b2b8be9b66\",\"name\":\"f1000024\",\"image\":{\"@type\":\"ImageObject\",\"inLanguage\":\"es\",\"@id\":\"https:\\\/\\\/secure.gravatar.com\\\/avatar\\\/d4fe7459cfc51ff5129ce1a732bbef5928568b8092d412ef95611616376bbeed?s=96&d=mm&r=g\",\"url\":\"https:\\\/\\\/secure.gravatar.com\\\/avatar\\\/d4fe7459cfc51ff5129ce1a732bbef5928568b8092d412ef95611616376bbeed?s=96&d=mm&r=g\",\"contentUrl\":\"https:\\\/\\\/secure.gravatar.com\\\/avatar\\\/d4fe7459cfc51ff5129ce1a732bbef5928568b8092d412ef95611616376bbeed?s=96&d=mm&r=g\",\"caption\":\"f1000024\"},\"url\":\"https:\\\/\\\/cvinoticias.com\\\/v3\\\/author\\\/f1000024\\\/\"}]}<\/script>\n<!-- \/ Yoast SEO plugin. -->","yoast_head_json":{"title":"Wanda: Joven motociclista falleci\u00f3 tras un choque en la Ruta Provincial N\u00ba19 | CVI NOTICIAS","robots":{"index":"index","follow":"follow","max-snippet":"max-snippet:-1","max-image-preview":"max-image-preview:large","max-video-preview":"max-video-preview:-1"},"canonical":"https:\/\/cvinoticias.com\/v3\/wanda-joven-motociclista-fallecio-tras-un-choque-en-la-ruta-provincial-no19\/","og_locale":"es_ES","og_type":"article","og_title":"Wanda: Joven motociclista falleci\u00f3 tras un choque en la Ruta Provincial N\u00ba19 | CVI NOTICIAS","og_description":"El siniestro fatal se registr\u00f3 en la tarde de ayer martes a las 18:30 horas aproximadamente, sobre la Ruta Provincial N\u00ba19 y calle Los Cosecheros. En el lugar, una camioneta Ford Ranger al mando de un hombre de 30 a\u00f1os, fue impactada por una motocicleta Guerrero 110cc guiada por un adolescente de 14 a\u00f1os, identificado [&hellip;]","og_url":"https:\/\/cvinoticias.com\/v3\/wanda-joven-motociclista-fallecio-tras-un-choque-en-la-ruta-provincial-no19\/","og_site_name":"CVI NOTICIAS","article_publisher":"https:\/\/www.facebook.com\/cvinoticias","article_published_time":"2021-07-14T09:50:33+00:00","og_image":[{"width":1599,"height":899,"url":"https:\/\/cvinoticias.com\/wp-content\/uploads\/2021\/07\/IMG-20210714-WA0003.jpg","type":"image\/jpeg"}],"author":"f1000024","twitter_card":"summary_large_image","twitter_misc":{"Escrito por":"f1000024","Tiempo de lectura":"1 minuto"},"schema":{"@context":"https:\/\/schema.org","@graph":[{"@type":"Article","@id":"https:\/\/cvinoticias.com\/v3\/wanda-joven-motociclista-fallecio-tras-un-choque-en-la-ruta-provincial-no19\/#article","isPartOf":{"@id":"https:\/\/cvinoticias.com\/v3\/wanda-joven-motociclista-fallecio-tras-un-choque-en-la-ruta-provincial-no19\/"},"author":{"name":"f1000024","@id":"https:\/\/cvinoticias.com\/v3\/#\/schema\/person\/2db77e3c6bc03c538495d7b2b8be9b66"},"headline":"Wanda: Joven motociclista falleci\u00f3 tras un choque en la Ruta Provincial N\u00ba19","datePublished":"2021-07-14T09:50:33+00:00","mainEntityOfPage":{"@id":"https:\/\/cvinoticias.com\/v3\/wanda-joven-motociclista-fallecio-tras-un-choque-en-la-ruta-provincial-no19\/"},"wordCount":174,"commentCount":0,"publisher":{"@id":"https:\/\/cvinoticias.com\/v3\/#organization"},"image":{"@id":"https:\/\/cvinoticias.com\/v3\/wanda-joven-motociclista-fallecio-tras-un-choque-en-la-ruta-provincial-no19\/#primaryimage"},"thumbnailUrl":"https:\/\/cvinoticias.com\/wp-content\/uploads\/2021\/07\/IMG-20210714-WA0003.jpg","articleSection":["Policiales"],"inLanguage":"es","potentialAction":[{"@type":"CommentAction","name":"Comment","target":["https:\/\/cvinoticias.com\/v3\/wanda-joven-motociclista-fallecio-tras-un-choque-en-la-ruta-provincial-no19\/#respond"]}]},{"@type":"WebPage","@id":"https:\/\/cvinoticias.com\/v3\/wanda-joven-motociclista-fallecio-tras-un-choque-en-la-ruta-provincial-no19\/","url":"https:\/\/cvinoticias.com\/v3\/wanda-joven-motociclista-fallecio-tras-un-choque-en-la-ruta-provincial-no19\/","name":"Wanda: Joven motociclista falleci\u00f3 tras un choque en la Ruta Provincial N\u00ba19 | CVI NOTICIAS","isPartOf":{"@id":"https:\/\/cvinoticias.com\/v3\/#website"},"primaryImageOfPage":{"@id":"https:\/\/cvinoticias.com\/v3\/wanda-joven-motociclista-fallecio-tras-un-choque-en-la-ruta-provincial-no19\/#primaryimage"},"image":{"@id":"https:\/\/cvinoticias.com\/v3\/wanda-joven-motociclista-fallecio-tras-un-choque-en-la-ruta-provincial-no19\/#primaryimage"},"thumbnailUrl":"https:\/\/cvinoticias.com\/wp-content\/uploads\/2021\/07\/IMG-20210714-WA0003.jpg","datePublished":"2021-07-14T09:50:33+00:00","breadcrumb":{"@id":"https:\/\/cvinoticias.com\/v3\/wanda-joven-motociclista-fallecio-tras-un-choque-en-la-ruta-provincial-no19\/#breadcrumb"},"inLanguage":"es","potentialAction":[{"@type":"ReadAction","target":["https:\/\/cvinoticias.com\/v3\/wanda-joven-motociclista-fallecio-tras-un-choque-en-la-ruta-provincial-no19\/"]}]},{"@type":"ImageObject","inLanguage":"es","@id":"https:\/\/cvinoticias.com\/v3\/wanda-joven-motociclista-fallecio-tras-un-choque-en-la-ruta-provincial-no19\/#primaryimage","url":"https:\/\/cvinoticias.com\/wp-content\/uploads\/2021\/07\/IMG-20210714-WA0003.jpg","contentUrl":"https:\/\/cvinoticias.com\/wp-content\/uploads\/2021\/07\/IMG-20210714-WA0003.jpg","width":1599,"height":899},{"@type":"BreadcrumbList","@id":"https:\/\/cvinoticias.com\/v3\/wanda-joven-motociclista-fallecio-tras-un-choque-en-la-ruta-provincial-no19\/#breadcrumb","itemListElement":[{"@type":"ListItem","position":1,"name":"Portada","item":"https:\/\/cvinoticias.com\/v3\/"},{"@type":"ListItem","position":2,"name":"Wanda: Joven motociclista falleci\u00f3 tras un choque en la Ruta Provincial N\u00ba19"}]},{"@type":"WebSite","@id":"https:\/\/cvinoticias.com\/v3\/#website","url":"https:\/\/cvinoticias.com\/v3\/","name":"CVI NOTICIAS","description":"","publisher":{"@id":"https:\/\/cvinoticias.com\/v3\/#organization"},"alternateName":"CVI","potentialAction":[{"@type":"SearchAction","target":{"@type":"EntryPoint","urlTemplate":"https:\/\/cvinoticias.com\/v3\/?s={search_term_string}"},"query-input":{"@type":"PropertyValueSpecification","valueRequired":true,"valueName":"search_term_string"}}],"inLanguage":"es"},{"@type":"Organization","@id":"https:\/\/cvinoticias.com\/v3\/#organization","name":"CVI NOTICIAS","url":"https:\/\/cvinoticias.com\/v3\/","logo":{"@type":"ImageObject","inLanguage":"es","@id":"https:\/\/cvinoticias.com\/v3\/#\/schema\/logo\/image\/","url":"https:\/\/cvinoticias.com\/wp-content\/uploads\/2023\/04\/cropped-cropped-cropped-cropped-cropped-3-1.png","contentUrl":"https:\/\/cvinoticias.com\/wp-content\/uploads\/2023\/04\/cropped-cropped-cropped-cropped-cropped-3-1.png","width":95,"height":122,"caption":"CVI NOTICIAS"},"image":{"@id":"https:\/\/cvinoticias.com\/v3\/#\/schema\/logo\/image\/"},"sameAs":["https:\/\/www.facebook.com\/cvinoticias","https:\/\/www.instagram.com\/cvinoticias\/","https:\/\/www.youtube.com\/@CVINOTICIAS"]},{"@type":"Person","@id":"https:\/\/cvinoticias.com\/v3\/#\/schema\/person\/2db77e3c6bc03c538495d7b2b8be9b66","name":"f1000024","image":{"@type":"ImageObject","inLanguage":"es","@id":"https:\/\/secure.gravatar.com\/avatar\/d4fe7459cfc51ff5129ce1a732bbef5928568b8092d412ef95611616376bbeed?s=96&d=mm&r=g","url":"https:\/\/secure.gravatar.com\/avatar\/d4fe7459cfc51ff5129ce1a732bbef5928568b8092d412ef95611616376bbeed?s=96&d=mm&r=g","contentUrl":"https:\/\/secure.gravatar.com\/avatar\/d4fe7459cfc51ff5129ce1a732bbef5928568b8092d412ef95611616376bbeed?s=96&d=mm&r=g","caption":"f1000024"},"url":"https:\/\/cvinoticias.com\/v3\/author\/f1000024\/"}]}},"_links":{"self":[{"href":"https:\/\/cvinoticias.com\/v3\/wp-json\/wp\/v2\/posts\/6797","targetHints":{"allow":["GET"]}}],"collection":[{"href":"https:\/\/cvinoticias.com\/v3\/wp-json\/wp\/v2\/posts"}],"about":[{"href":"https:\/\/cvinoticias.com\/v3\/wp-json\/wp\/v2\/types\/post"}],"author":[{"embeddable":true,"href":"https:\/\/cvinoticias.com\/v3\/wp-json\/wp\/v2\/users\/2"}],"replies":[{"embeddable":true,"href":"https:\/\/cvinoticias.com\/v3\/wp-json\/wp\/v2\/comments?post=6797"}],"version-history":[{"count":1,"href":"https:\/\/cvinoticias.com\/v3\/wp-json\/wp\/v2\/posts\/6797\/revisions"}],"predecessor-version":[{"id":6799,"href":"https:\/\/cvinoticias.com\/v3\/wp-json\/wp\/v2\/posts\/6797\/revisions\/6799"}],"wp:featuredmedia":[{"embeddable":true,"href":"https:\/\/cvinoticias.com\/v3\/wp-json\/wp\/v2\/media\/6798"}],"wp:attachment":[{"href":"https:\/\/cvinoticias.com\/v3\/wp-json\/wp\/v2\/media?parent=6797"}],"wp:term":[{"taxonomy":"category","embeddable":true,"href":"https:\/\/cvinoticias.com\/v3\/wp-json\/wp\/v2\/categories?post=6797"},{"taxonomy":"post_tag","embeddable":true,"href":"https:\/\/cvinoticias.com\/v3\/wp-json\/wp\/v2\/tags?post=6797"}],"curies":[{"name":"wp","href":"https:\/\/api.w.org\/{rel}","templated":true}]}}