{"id":679,"date":"2020-12-15T10:58:25","date_gmt":"2020-12-15T10:58:25","guid":{"rendered":"https:\/\/cvinoticias.com\/v3\/?p=679"},"modified":"2020-12-15T10:58:25","modified_gmt":"2020-12-15T10:58:25","slug":"herrera-ahuad-advirtio-que-van-a-insistir-con-un-area-diferencial","status":"publish","type":"post","link":"https:\/\/cvinoticias.com\/v3\/herrera-ahuad-advirtio-que-van-a-insistir-con-un-area-diferencial\/","title":{"rendered":"Herrera Ahuad advirti\u00f3 que van a insistir con un \u00e1rea diferencial"},"content":{"rendered":"\n<p><strong><em>Tras el veto presidencial, el Gobernador de Misiones confirm\u00f3 las comunicaciones que mantuvo con Alberto Fern\u00e1ndez y Mart\u00edn Guzm\u00e1n.<\/em><\/strong><\/p>\n\n\n\n<p>El gobernador&nbsp;<strong>Oscar Herrera Ahuad rompi\u00f3 ayer el silencio<\/strong>, tras conocer el veto al art\u00edculo 123 de la Ley de Presupuesto Nacional que dispon\u00eda la creaci\u00f3n de una Zona Aduanera Especial en Misiones y revel\u00f3 que&nbsp;<strong>la decisi\u00f3n le \u201csorprendi\u00f3 como a todos\u201d<\/strong>.<\/p>\n\n\n\n<p>Asimismo, enfatiz\u00f3 que \u201ctenemos las puertas abiertas para seguir trabajando.&nbsp;<strong>Como todos los misioneros, siento lo mismo que aquellos que tienen grandes expectativas de poder generar un cambio en la igualdad de oportunidades en nuestra provincia con las otras provincias argentinas, esa posibilidad que la hemos buscado durante todo este tiempo, y no pudo ser<\/strong>\u201d, sostuvo.<\/p>\n\n\n\n<p>\u201cSiento esa sensaci\u00f3n de que todav\u00eda no pudimos cumplir con este prop\u00f3sito que es muy necesario para el crecimiento y desarrollo de nuestra provincia y con la satisfacci\u00f3n de que todo el pueblo misionero, todos los esquemas que hacen al pilar econ\u00f3mico-social de nuestra provincia han ayudado y han aportado&nbsp;<strong>para que nuestra provincia haya instalado en la agenda nacional este tema de gran importancia y mucha relevancia<\/strong>\u201d, coment\u00f3.<\/p>\n\n\n\n<p>Destac\u00f3 el hecho que las dos C\u00e1maras de Representantes, tanto de Diputados como de Senadores, hayan acompa\u00f1ado en su mayor\u00eda a este art\u00edculo.<\/p>\n\n\n\n<p><strong>\u201cNo voy a renunciar a lo que buscamos\u201d<\/strong><\/p>\n\n\n\n<p>A su vez, Herrera Ahuad expres\u00f3 que&nbsp;<strong>\u201cdebemos tener la fortaleza para seguir adelante con la gesti\u00f3n y el respeto que se merece a una toma de decisiones\u201d<\/strong>.<\/p>\n\n\n\n<p>\u201cLos intereses deben discutirse en una mesa pol\u00edtica que defina estas cuestiones.&nbsp;<strong>Como Gobernador de la provincia no voy a renunciar en ning\u00fan momento a lo que buscamos, la igualdad de oportunidades<\/strong>&nbsp;de todos los misioneros, vamos a hacerlo con respeto institucional, di\u00e1logo mancomunado entre todos para llevar adelante las pol\u00edticas p\u00fablicas que hagan bien al pueblo misionero\u201c, dijo.<\/p>\n\n\n\n<p>Consultado sobre si esta decisi\u00f3n tens\u00f3 la relaci\u00f3n con el Gobierno nacional, Herrera Ahuad consider\u00f3 que \u201cno, en lo absoluto.&nbsp;<strong>Cada uno de los Gobiernos defiende los intereses que tiene.<\/strong>Las cuestiones del avance que tuvo la ley, y el haber llegado por primera vez en la historia una ley de estas caracter\u00edsticas a tener el voto mayoritario en el Congreso de la Naci\u00f3n&nbsp;<strong>generaba muchas expectativas, pero nosotros debemos seguir trabajando en esa l\u00ednea<\/strong>\u201d, observ\u00f3.<\/p>\n\n\n\n<p>Coment\u00f3 adem\u00e1s que, a partir de ahora, seguir\u00e1n insistiendo en la tem\u00e1tica. Puso de ejemplo el proyecto de las transferencias autom\u00e1ticas del Fondo Especial de Tabaco (FET), que el a\u00f1o pasado no se aprob\u00f3 y sin embargo este a\u00f1o sali\u00f3.<\/p>\n\n\n\n<p>\u201cEn la pol\u00edtica, en la gesti\u00f3n y en el trabajo&nbsp;<strong>uno no debe bajar los brazos<\/strong>, al contrario, debe levantarse a\u00fan m\u00e1s, recorrer a\u00fan m\u00e1s y hacer un esfuerzo a\u00fan mayor para lograr concretar este anhelo del pueblo misionero\u201d, afirm\u00f3.<\/p>\n\n\n\n<p>Indic\u00f3 que\u00a0<strong>no comparte los fundamentos del decreto que vet\u00f3 el art\u00edculo 123<\/strong>. \u201cLas zonas francas no generan un gran problema hacia el Mercosur, porque Brasil ya las tiene implementadas como zona de competitividad en los l\u00edmites de la provincia de Misiones y con otras provincias argentinas\u201d, adujo. \u201cEsto es lo que queda por discutir en las mesas a partir de ahora\u201d, a\u00f1adi\u00f3.<\/p>\n\n\n\n<p><\/p>\n\n\n\n<p><\/p>\n","protected":false},"excerpt":{"rendered":"<p>Tras el veto presidencial, el Gobernador de Misiones confirm\u00f3 las comunicaciones que mantuvo con Alberto Fern\u00e1ndez y Mart\u00edn Guzm\u00e1n. El gobernador&nbsp;Oscar Herrera Ahuad rompi\u00f3 ayer el silencio, tras conocer el veto al art\u00edculo 123 de la Ley de Presupuesto Nacional que dispon\u00eda la creaci\u00f3n de una Zona Aduanera Especial en Misiones y revel\u00f3 que&nbsp;la decisi\u00f3n [&hellip;]<\/p>\n","protected":false},"author":2,"featured_media":680,"comment_status":"open","ping_status":"open","sticky":false,"template":"","format":"standard","meta":{"footnotes":""},"categories":[42],"tags":[220,205],"class_list":["post-679","post","type-post","status-publish","format-standard","has-post-thumbnail","hentry","category-politica","tag-veto-presidencial","tag-zona-aduanera"],"yoast_head":"<!-- This site is optimized with the Yoast SEO plugin v27.5 - https:\/\/yoast.com\/product\/yoast-seo-wordpress\/ -->\n<title>Herrera Ahuad advirti\u00f3 que van a insistir con un \u00e1rea diferencial | CVI NOTICIAS<\/title>\n<meta name=\"robots\" content=\"index, follow, max-snippet:-1, max-image-preview:large, max-video-preview:-1\" \/>\n<link rel=\"canonical\" href=\"https:\/\/cvinoticias.com\/v3\/herrera-ahuad-advirtio-que-van-a-insistir-con-un-area-diferencial\/\" \/>\n<meta property=\"og:locale\" content=\"es_ES\" \/>\n<meta property=\"og:type\" content=\"article\" \/>\n<meta property=\"og:title\" content=\"Herrera Ahuad advirti\u00f3 que van a insistir con un \u00e1rea diferencial | CVI NOTICIAS\" \/>\n<meta property=\"og:description\" content=\"Tras el veto presidencial, el Gobernador de Misiones confirm\u00f3 las comunicaciones que mantuvo con Alberto Fern\u00e1ndez y Mart\u00edn Guzm\u00e1n. El gobernador&nbsp;Oscar Herrera Ahuad rompi\u00f3 ayer el silencio, tras conocer el veto al art\u00edculo 123 de la Ley de Presupuesto Nacional que dispon\u00eda la creaci\u00f3n de una Zona Aduanera Especial en Misiones y revel\u00f3 que&nbsp;la decisi\u00f3n [&hellip;]\" \/>\n<meta property=\"og:url\" content=\"https:\/\/cvinoticias.com\/v3\/herrera-ahuad-advirtio-que-van-a-insistir-con-un-area-diferencial\/\" \/>\n<meta property=\"og:site_name\" content=\"CVI NOTICIAS\" \/>\n<meta property=\"article:publisher\" content=\"https:\/\/www.facebook.com\/cvinoticias\" \/>\n<meta property=\"article:published_time\" content=\"2020-12-15T10:58:25+00:00\" \/>\n<meta property=\"og:image\" content=\"https:\/\/cvinoticias.com\/wp-content\/uploads\/2020\/12\/images.jpeg\" \/>\n\t<meta property=\"og:image:width\" content=\"266\" \/>\n\t<meta property=\"og:image:height\" content=\"190\" \/>\n\t<meta property=\"og:image:type\" content=\"image\/jpeg\" \/>\n<meta name=\"author\" content=\"f1000024\" \/>\n<meta name=\"twitter:card\" content=\"summary_large_image\" \/>\n<meta name=\"twitter:label1\" content=\"Escrito por\" \/>\n\t<meta name=\"twitter:data1\" content=\"f1000024\" \/>\n\t<meta name=\"twitter:label2\" content=\"Tiempo de lectura\" \/>\n\t<meta name=\"twitter:data2\" content=\"3 minutos\" \/>\n<script type=\"application\/ld+json\" class=\"yoast-schema-graph\">{\"@context\":\"https:\\\/\\\/schema.org\",\"@graph\":[{\"@type\":\"Article\",\"@id\":\"https:\\\/\\\/cvinoticias.com\\\/v3\\\/herrera-ahuad-advirtio-que-van-a-insistir-con-un-area-diferencial\\\/#article\",\"isPartOf\":{\"@id\":\"https:\\\/\\\/cvinoticias.com\\\/v3\\\/herrera-ahuad-advirtio-que-van-a-insistir-con-un-area-diferencial\\\/\"},\"author\":{\"name\":\"f1000024\",\"@id\":\"https:\\\/\\\/cvinoticias.com\\\/v3\\\/#\\\/schema\\\/person\\\/2db77e3c6bc03c538495d7b2b8be9b66\"},\"headline\":\"Herrera Ahuad advirti\u00f3 que van a insistir con un \u00e1rea diferencial\",\"datePublished\":\"2020-12-15T10:58:25+00:00\",\"mainEntityOfPage\":{\"@id\":\"https:\\\/\\\/cvinoticias.com\\\/v3\\\/herrera-ahuad-advirtio-que-van-a-insistir-con-un-area-diferencial\\\/\"},\"wordCount\":586,\"commentCount\":0,\"publisher\":{\"@id\":\"https:\\\/\\\/cvinoticias.com\\\/v3\\\/#organization\"},\"image\":{\"@id\":\"https:\\\/\\\/cvinoticias.com\\\/v3\\\/herrera-ahuad-advirtio-que-van-a-insistir-con-un-area-diferencial\\\/#primaryimage\"},\"thumbnailUrl\":\"https:\\\/\\\/cvinoticias.com\\\/wp-content\\\/uploads\\\/2020\\\/12\\\/images.jpeg\",\"keywords\":[\"Veto presidencial\",\"zona aduanera\"],\"articleSection\":[\"Politica\"],\"inLanguage\":\"es\",\"potentialAction\":[{\"@type\":\"CommentAction\",\"name\":\"Comment\",\"target\":[\"https:\\\/\\\/cvinoticias.com\\\/v3\\\/herrera-ahuad-advirtio-que-van-a-insistir-con-un-area-diferencial\\\/#respond\"]}]},{\"@type\":\"WebPage\",\"@id\":\"https:\\\/\\\/cvinoticias.com\\\/v3\\\/herrera-ahuad-advirtio-que-van-a-insistir-con-un-area-diferencial\\\/\",\"url\":\"https:\\\/\\\/cvinoticias.com\\\/v3\\\/herrera-ahuad-advirtio-que-van-a-insistir-con-un-area-diferencial\\\/\",\"name\":\"Herrera Ahuad advirti\u00f3 que van a insistir con un \u00e1rea diferencial | CVI NOTICIAS\",\"isPartOf\":{\"@id\":\"https:\\\/\\\/cvinoticias.com\\\/v3\\\/#website\"},\"primaryImageOfPage\":{\"@id\":\"https:\\\/\\\/cvinoticias.com\\\/v3\\\/herrera-ahuad-advirtio-que-van-a-insistir-con-un-area-diferencial\\\/#primaryimage\"},\"image\":{\"@id\":\"https:\\\/\\\/cvinoticias.com\\\/v3\\\/herrera-ahuad-advirtio-que-van-a-insistir-con-un-area-diferencial\\\/#primaryimage\"},\"thumbnailUrl\":\"https:\\\/\\\/cvinoticias.com\\\/wp-content\\\/uploads\\\/2020\\\/12\\\/images.jpeg\",\"datePublished\":\"2020-12-15T10:58:25+00:00\",\"breadcrumb\":{\"@id\":\"https:\\\/\\\/cvinoticias.com\\\/v3\\\/herrera-ahuad-advirtio-que-van-a-insistir-con-un-area-diferencial\\\/#breadcrumb\"},\"inLanguage\":\"es\",\"potentialAction\":[{\"@type\":\"ReadAction\",\"target\":[\"https:\\\/\\\/cvinoticias.com\\\/v3\\\/herrera-ahuad-advirtio-que-van-a-insistir-con-un-area-diferencial\\\/\"]}]},{\"@type\":\"ImageObject\",\"inLanguage\":\"es\",\"@id\":\"https:\\\/\\\/cvinoticias.com\\\/v3\\\/herrera-ahuad-advirtio-que-van-a-insistir-con-un-area-diferencial\\\/#primaryimage\",\"url\":\"https:\\\/\\\/cvinoticias.com\\\/wp-content\\\/uploads\\\/2020\\\/12\\\/images.jpeg\",\"contentUrl\":\"https:\\\/\\\/cvinoticias.com\\\/wp-content\\\/uploads\\\/2020\\\/12\\\/images.jpeg\",\"width\":266,\"height\":190},{\"@type\":\"BreadcrumbList\",\"@id\":\"https:\\\/\\\/cvinoticias.com\\\/v3\\\/herrera-ahuad-advirtio-que-van-a-insistir-con-un-area-diferencial\\\/#breadcrumb\",\"itemListElement\":[{\"@type\":\"ListItem\",\"position\":1,\"name\":\"Portada\",\"item\":\"https:\\\/\\\/cvinoticias.com\\\/v3\\\/\"},{\"@type\":\"ListItem\",\"position\":2,\"name\":\"Herrera Ahuad advirti\u00f3 que van a insistir con un \u00e1rea diferencial\"}]},{\"@type\":\"WebSite\",\"@id\":\"https:\\\/\\\/cvinoticias.com\\\/v3\\\/#website\",\"url\":\"https:\\\/\\\/cvinoticias.com\\\/v3\\\/\",\"name\":\"CVI NOTICIAS\",\"description\":\"\",\"publisher\":{\"@id\":\"https:\\\/\\\/cvinoticias.com\\\/v3\\\/#organization\"},\"alternateName\":\"CVI\",\"potentialAction\":[{\"@type\":\"SearchAction\",\"target\":{\"@type\":\"EntryPoint\",\"urlTemplate\":\"https:\\\/\\\/cvinoticias.com\\\/v3\\\/?s={search_term_string}\"},\"query-input\":{\"@type\":\"PropertyValueSpecification\",\"valueRequired\":true,\"valueName\":\"search_term_string\"}}],\"inLanguage\":\"es\"},{\"@type\":\"Organization\",\"@id\":\"https:\\\/\\\/cvinoticias.com\\\/v3\\\/#organization\",\"name\":\"CVI NOTICIAS\",\"url\":\"https:\\\/\\\/cvinoticias.com\\\/v3\\\/\",\"logo\":{\"@type\":\"ImageObject\",\"inLanguage\":\"es\",\"@id\":\"https:\\\/\\\/cvinoticias.com\\\/v3\\\/#\\\/schema\\\/logo\\\/image\\\/\",\"url\":\"https:\\\/\\\/cvinoticias.com\\\/wp-content\\\/uploads\\\/2023\\\/04\\\/cropped-cropped-cropped-cropped-cropped-3-1.png\",\"contentUrl\":\"https:\\\/\\\/cvinoticias.com\\\/wp-content\\\/uploads\\\/2023\\\/04\\\/cropped-cropped-cropped-cropped-cropped-3-1.png\",\"width\":95,\"height\":122,\"caption\":\"CVI NOTICIAS\"},\"image\":{\"@id\":\"https:\\\/\\\/cvinoticias.com\\\/v3\\\/#\\\/schema\\\/logo\\\/image\\\/\"},\"sameAs\":[\"https:\\\/\\\/www.facebook.com\\\/cvinoticias\",\"https:\\\/\\\/www.instagram.com\\\/cvinoticias\\\/\",\"https:\\\/\\\/www.youtube.com\\\/@CVINOTICIAS\"]},{\"@type\":\"Person\",\"@id\":\"https:\\\/\\\/cvinoticias.com\\\/v3\\\/#\\\/schema\\\/person\\\/2db77e3c6bc03c538495d7b2b8be9b66\",\"name\":\"f1000024\",\"image\":{\"@type\":\"ImageObject\",\"inLanguage\":\"es\",\"@id\":\"https:\\\/\\\/secure.gravatar.com\\\/avatar\\\/d4fe7459cfc51ff5129ce1a732bbef5928568b8092d412ef95611616376bbeed?s=96&d=mm&r=g\",\"url\":\"https:\\\/\\\/secure.gravatar.com\\\/avatar\\\/d4fe7459cfc51ff5129ce1a732bbef5928568b8092d412ef95611616376bbeed?s=96&d=mm&r=g\",\"contentUrl\":\"https:\\\/\\\/secure.gravatar.com\\\/avatar\\\/d4fe7459cfc51ff5129ce1a732bbef5928568b8092d412ef95611616376bbeed?s=96&d=mm&r=g\",\"caption\":\"f1000024\"},\"url\":\"https:\\\/\\\/cvinoticias.com\\\/v3\\\/author\\\/f1000024\\\/\"}]}<\/script>\n<!-- \/ Yoast SEO plugin. -->","yoast_head_json":{"title":"Herrera Ahuad advirti\u00f3 que van a insistir con un \u00e1rea diferencial | CVI NOTICIAS","robots":{"index":"index","follow":"follow","max-snippet":"max-snippet:-1","max-image-preview":"max-image-preview:large","max-video-preview":"max-video-preview:-1"},"canonical":"https:\/\/cvinoticias.com\/v3\/herrera-ahuad-advirtio-que-van-a-insistir-con-un-area-diferencial\/","og_locale":"es_ES","og_type":"article","og_title":"Herrera Ahuad advirti\u00f3 que van a insistir con un \u00e1rea diferencial | CVI NOTICIAS","og_description":"Tras el veto presidencial, el Gobernador de Misiones confirm\u00f3 las comunicaciones que mantuvo con Alberto Fern\u00e1ndez y Mart\u00edn Guzm\u00e1n. El gobernador&nbsp;Oscar Herrera Ahuad rompi\u00f3 ayer el silencio, tras conocer el veto al art\u00edculo 123 de la Ley de Presupuesto Nacional que dispon\u00eda la creaci\u00f3n de una Zona Aduanera Especial en Misiones y revel\u00f3 que&nbsp;la decisi\u00f3n [&hellip;]","og_url":"https:\/\/cvinoticias.com\/v3\/herrera-ahuad-advirtio-que-van-a-insistir-con-un-area-diferencial\/","og_site_name":"CVI NOTICIAS","article_publisher":"https:\/\/www.facebook.com\/cvinoticias","article_published_time":"2020-12-15T10:58:25+00:00","og_image":[{"width":266,"height":190,"url":"https:\/\/cvinoticias.com\/wp-content\/uploads\/2020\/12\/images.jpeg","type":"image\/jpeg"}],"author":"f1000024","twitter_card":"summary_large_image","twitter_misc":{"Escrito por":"f1000024","Tiempo de lectura":"3 minutos"},"schema":{"@context":"https:\/\/schema.org","@graph":[{"@type":"Article","@id":"https:\/\/cvinoticias.com\/v3\/herrera-ahuad-advirtio-que-van-a-insistir-con-un-area-diferencial\/#article","isPartOf":{"@id":"https:\/\/cvinoticias.com\/v3\/herrera-ahuad-advirtio-que-van-a-insistir-con-un-area-diferencial\/"},"author":{"name":"f1000024","@id":"https:\/\/cvinoticias.com\/v3\/#\/schema\/person\/2db77e3c6bc03c538495d7b2b8be9b66"},"headline":"Herrera Ahuad advirti\u00f3 que van a insistir con un \u00e1rea diferencial","datePublished":"2020-12-15T10:58:25+00:00","mainEntityOfPage":{"@id":"https:\/\/cvinoticias.com\/v3\/herrera-ahuad-advirtio-que-van-a-insistir-con-un-area-diferencial\/"},"wordCount":586,"commentCount":0,"publisher":{"@id":"https:\/\/cvinoticias.com\/v3\/#organization"},"image":{"@id":"https:\/\/cvinoticias.com\/v3\/herrera-ahuad-advirtio-que-van-a-insistir-con-un-area-diferencial\/#primaryimage"},"thumbnailUrl":"https:\/\/cvinoticias.com\/wp-content\/uploads\/2020\/12\/images.jpeg","keywords":["Veto presidencial","zona aduanera"],"articleSection":["Politica"],"inLanguage":"es","potentialAction":[{"@type":"CommentAction","name":"Comment","target":["https:\/\/cvinoticias.com\/v3\/herrera-ahuad-advirtio-que-van-a-insistir-con-un-area-diferencial\/#respond"]}]},{"@type":"WebPage","@id":"https:\/\/cvinoticias.com\/v3\/herrera-ahuad-advirtio-que-van-a-insistir-con-un-area-diferencial\/","url":"https:\/\/cvinoticias.com\/v3\/herrera-ahuad-advirtio-que-van-a-insistir-con-un-area-diferencial\/","name":"Herrera Ahuad advirti\u00f3 que van a insistir con un \u00e1rea diferencial | CVI NOTICIAS","isPartOf":{"@id":"https:\/\/cvinoticias.com\/v3\/#website"},"primaryImageOfPage":{"@id":"https:\/\/cvinoticias.com\/v3\/herrera-ahuad-advirtio-que-van-a-insistir-con-un-area-diferencial\/#primaryimage"},"image":{"@id":"https:\/\/cvinoticias.com\/v3\/herrera-ahuad-advirtio-que-van-a-insistir-con-un-area-diferencial\/#primaryimage"},"thumbnailUrl":"https:\/\/cvinoticias.com\/wp-content\/uploads\/2020\/12\/images.jpeg","datePublished":"2020-12-15T10:58:25+00:00","breadcrumb":{"@id":"https:\/\/cvinoticias.com\/v3\/herrera-ahuad-advirtio-que-van-a-insistir-con-un-area-diferencial\/#breadcrumb"},"inLanguage":"es","potentialAction":[{"@type":"ReadAction","target":["https:\/\/cvinoticias.com\/v3\/herrera-ahuad-advirtio-que-van-a-insistir-con-un-area-diferencial\/"]}]},{"@type":"ImageObject","inLanguage":"es","@id":"https:\/\/cvinoticias.com\/v3\/herrera-ahuad-advirtio-que-van-a-insistir-con-un-area-diferencial\/#primaryimage","url":"https:\/\/cvinoticias.com\/wp-content\/uploads\/2020\/12\/images.jpeg","contentUrl":"https:\/\/cvinoticias.com\/wp-content\/uploads\/2020\/12\/images.jpeg","width":266,"height":190},{"@type":"BreadcrumbList","@id":"https:\/\/cvinoticias.com\/v3\/herrera-ahuad-advirtio-que-van-a-insistir-con-un-area-diferencial\/#breadcrumb","itemListElement":[{"@type":"ListItem","position":1,"name":"Portada","item":"https:\/\/cvinoticias.com\/v3\/"},{"@type":"ListItem","position":2,"name":"Herrera Ahuad advirti\u00f3 que van a insistir con un \u00e1rea diferencial"}]},{"@type":"WebSite","@id":"https:\/\/cvinoticias.com\/v3\/#website","url":"https:\/\/cvinoticias.com\/v3\/","name":"CVI NOTICIAS","description":"","publisher":{"@id":"https:\/\/cvinoticias.com\/v3\/#organization"},"alternateName":"CVI","potentialAction":[{"@type":"SearchAction","target":{"@type":"EntryPoint","urlTemplate":"https:\/\/cvinoticias.com\/v3\/?s={search_term_string}"},"query-input":{"@type":"PropertyValueSpecification","valueRequired":true,"valueName":"search_term_string"}}],"inLanguage":"es"},{"@type":"Organization","@id":"https:\/\/cvinoticias.com\/v3\/#organization","name":"CVI NOTICIAS","url":"https:\/\/cvinoticias.com\/v3\/","logo":{"@type":"ImageObject","inLanguage":"es","@id":"https:\/\/cvinoticias.com\/v3\/#\/schema\/logo\/image\/","url":"https:\/\/cvinoticias.com\/wp-content\/uploads\/2023\/04\/cropped-cropped-cropped-cropped-cropped-3-1.png","contentUrl":"https:\/\/cvinoticias.com\/wp-content\/uploads\/2023\/04\/cropped-cropped-cropped-cropped-cropped-3-1.png","width":95,"height":122,"caption":"CVI NOTICIAS"},"image":{"@id":"https:\/\/cvinoticias.com\/v3\/#\/schema\/logo\/image\/"},"sameAs":["https:\/\/www.facebook.com\/cvinoticias","https:\/\/www.instagram.com\/cvinoticias\/","https:\/\/www.youtube.com\/@CVINOTICIAS"]},{"@type":"Person","@id":"https:\/\/cvinoticias.com\/v3\/#\/schema\/person\/2db77e3c6bc03c538495d7b2b8be9b66","name":"f1000024","image":{"@type":"ImageObject","inLanguage":"es","@id":"https:\/\/secure.gravatar.com\/avatar\/d4fe7459cfc51ff5129ce1a732bbef5928568b8092d412ef95611616376bbeed?s=96&d=mm&r=g","url":"https:\/\/secure.gravatar.com\/avatar\/d4fe7459cfc51ff5129ce1a732bbef5928568b8092d412ef95611616376bbeed?s=96&d=mm&r=g","contentUrl":"https:\/\/secure.gravatar.com\/avatar\/d4fe7459cfc51ff5129ce1a732bbef5928568b8092d412ef95611616376bbeed?s=96&d=mm&r=g","caption":"f1000024"},"url":"https:\/\/cvinoticias.com\/v3\/author\/f1000024\/"}]}},"_links":{"self":[{"href":"https:\/\/cvinoticias.com\/v3\/wp-json\/wp\/v2\/posts\/679","targetHints":{"allow":["GET"]}}],"collection":[{"href":"https:\/\/cvinoticias.com\/v3\/wp-json\/wp\/v2\/posts"}],"about":[{"href":"https:\/\/cvinoticias.com\/v3\/wp-json\/wp\/v2\/types\/post"}],"author":[{"embeddable":true,"href":"https:\/\/cvinoticias.com\/v3\/wp-json\/wp\/v2\/users\/2"}],"replies":[{"embeddable":true,"href":"https:\/\/cvinoticias.com\/v3\/wp-json\/wp\/v2\/comments?post=679"}],"version-history":[{"count":1,"href":"https:\/\/cvinoticias.com\/v3\/wp-json\/wp\/v2\/posts\/679\/revisions"}],"predecessor-version":[{"id":681,"href":"https:\/\/cvinoticias.com\/v3\/wp-json\/wp\/v2\/posts\/679\/revisions\/681"}],"wp:featuredmedia":[{"embeddable":true,"href":"https:\/\/cvinoticias.com\/v3\/wp-json\/wp\/v2\/media\/680"}],"wp:attachment":[{"href":"https:\/\/cvinoticias.com\/v3\/wp-json\/wp\/v2\/media?parent=679"}],"wp:term":[{"taxonomy":"category","embeddable":true,"href":"https:\/\/cvinoticias.com\/v3\/wp-json\/wp\/v2\/categories?post=679"},{"taxonomy":"post_tag","embeddable":true,"href":"https:\/\/cvinoticias.com\/v3\/wp-json\/wp\/v2\/tags?post=679"}],"curies":[{"name":"wp","href":"https:\/\/api.w.org\/{rel}","templated":true}]}}