{"id":6783,"date":"2021-07-13T21:25:10","date_gmt":"2021-07-13T21:25:10","guid":{"rendered":"https:\/\/cvinoticias.com\/v3\/?p=6783"},"modified":"2021-07-13T21:25:10","modified_gmt":"2021-07-13T21:25:10","slug":"presentaron-un-proyecto-de-ley-que-busca-dejar-sin-efecto-las-restricciones-para-los-vuelos","status":"publish","type":"post","link":"https:\/\/cvinoticias.com\/v3\/presentaron-un-proyecto-de-ley-que-busca-dejar-sin-efecto-las-restricciones-para-los-vuelos\/","title":{"rendered":"Presentaron un proyecto de ley que busca dejar sin efecto las restricciones para los vuelos"},"content":{"rendered":"\n<p><strong><em>Tres legisladores de Juntos por el Cambio pidieron medidas para repatriar a quienes desean regresar y consideraron que la norma que fija un cupo diario de pasajeros que pueden ingresar al pa\u00eds es inconstitucional<\/em><\/strong>.<\/p>\n\n\n\n<p>Los diputados nacionales Luis Petri, Jimena Latorre y Alfredo Cornejo (Juntos por el Cambio, Mendoza) presentaron un proyecto de ley que solicita al Poder Ejecutivo dejar sin efecto la Decisi\u00f3n Administrativa (DA) 683\/2021, que ampli\u00f3 levemente el cupo de ingreso al pa\u00eds de pasajeros argentinos desde el exterior, elevando de 4.200 a 5.200 plazas para el ingreso esta semana, junto a un esquema de aumento progresivo que llegar\u00e1 hasta las 7.000 personas semanales para la primera semana de agosto.<\/p>\n\n\n\n<p>Seg\u00fan los legisladores, la norma y sus antecesoras son inconstitucionales por violar lo dispuesto por el art. 14 de la Constituci\u00f3n Nacional, que establece el derecho de todos los habitantes argentinos de entrar, permanecer, transitar y salir del territorio nacional. Del mismo modo, consideran que va en contra del art\u00edculo 22 de la Convenci\u00f3n Americana de Derechos Humanos, que dispone tambi\u00e9n sobre los derechos de permanencia, salida y circulaci\u00f3n territorial.<\/p>\n\n\n\n<p>\u201cEs una prohibici\u00f3n de hecho. Las aerol\u00edneas dijeron que seg\u00fan las disposiciones pueden tardar hasta 5 meses en repatriar a todos los argentinos varados\u201d, resalt\u00f3 Luis Petri.<\/p>\n\n\n\n<p>\u201cEl cepo al ingreso de personas refleja la incapacidad del Gobierno nacional para controlar a la poblaci\u00f3n que regresa del exterior. En ninguna parte de la Decisi\u00f3n explican las razones por las cuales bajaron el cupo de 2.000 pasajeros por d\u00eda, no dan razones cient\u00edficas, t\u00e9cnicas ni epidemiol\u00f3gicas\u201d, continu\u00f3 Petri.<\/p>\n\n\n\n<p>El legislador enfatiz\u00f3: \u201cEstamos frente a un gobierno autoritario que ha utilizado la pandemia como trampol\u00edn para violar la Constituci\u00f3n; pusieron en cuarentena a todos los argentinos pero tambi\u00e9n pusieron en cuarentena a la Constituci\u00f3n Nacional. El cepo al ingreso es el reconocimiento expreso de la inutilidad de un gobierno para controlar, testear y vacunar\u201d.<\/p>\n\n\n\n<p>Por su parte, Alfredo Cornejo dijo que \u201ces inadmisible la desidia con la que manejan este tema, que provoca infinitos problemas sociales y econ\u00f3micos a nuestros compatriotas varados en el extranjero por un mero capricho que no tiene fundamentos y que se basa solo en la ineptitud de una gesti\u00f3n improvisada de la pandemia\u201d.<\/p>\n\n\n\n<p><strong>Cuatro medidas<\/strong><\/p>\n\n\n\n<p>\u201cDesde nuestra \u00f3ptica la \u00faltima Decisi\u00f3n Administrativa as\u00ed como la anterior, demuestran que no aprendieron a gestionar eficientemente, no cumplieron con su propio cronograma de vacunaci\u00f3n, no pueden controlar, solo apadrinan la ineficiencia del gobernador de la provincia de Buenos Aires\u201d, manifest\u00f3 la diputada Latorre.<\/p>\n\n\n\n<p>Petri destac\u00f3 que el objetivo del proyecto es dejar sin efecto la Decisi\u00f3n Administrativa, pero que en caso de no conseguirlo, exigen la implementaci\u00f3n de cuatro medidas. Como primer punto, piden la confecci\u00f3n de un cronograma de vuelos que pueda darle previsibilidad a los varados en el extranjero. Esta exigencia se emparenta con las demandas de los representantes de las aerol\u00edneas que del mismo modo le exigen al Gobierno mayor previsibilidad operacional.<\/p>\n\n\n\n<p>En segundo lugar, proponen la implementaci\u00f3n de un programa de asistencia al viajero que contemple las situaciones de los argentinos que est\u00e1n en el exterior y no saben cu\u00e1ndo podr\u00e1n regresar. Destacaron aqu\u00ed, no comprender por qu\u00e9 el Gobierno no implement\u00f3 ayudas de este tipo como s\u00ed lo hab\u00eda hecho en 2020.<\/p>\n\n\n\n<p>Como tercer punto, exigen la existencia de vuelos especiales de repatriaci\u00f3n, que contemple los casos de personas de riesgo y\/o con situaciones extraordinarias que necesitan volver a la Argentina con urgencia.<\/p>\n\n\n\n<p>En cuarto lugar piden que el cupo que no se haya utilizado de un d\u00eda, pueda ser acumulado y el remanente utilizado en futuros arribos, en busca de repatriar la mayor cantidad de argentinos posible.<\/p>\n","protected":false},"excerpt":{"rendered":"<p>Tres legisladores de Juntos por el Cambio pidieron medidas para repatriar a quienes desean regresar y consideraron que la norma que fija un cupo diario de pasajeros que pueden ingresar al pa\u00eds es inconstitucional. Los diputados nacionales Luis Petri, Jimena Latorre y Alfredo Cornejo (Juntos por el Cambio, Mendoza) presentaron un proyecto de ley que [&hellip;]<\/p>\n","protected":false},"author":2,"featured_media":6784,"comment_status":"open","ping_status":"open","sticky":false,"template":"","format":"standard","meta":{"footnotes":""},"categories":[42],"tags":[],"class_list":["post-6783","post","type-post","status-publish","format-standard","has-post-thumbnail","hentry","category-politica"],"yoast_head":"<!-- This site is optimized with the Yoast SEO plugin v27.5 - https:\/\/yoast.com\/product\/yoast-seo-wordpress\/ -->\n<title>Presentaron un proyecto de ley que busca dejar sin efecto las restricciones para los vuelos | CVI NOTICIAS<\/title>\n<meta name=\"robots\" content=\"index, follow, max-snippet:-1, max-image-preview:large, max-video-preview:-1\" \/>\n<link rel=\"canonical\" href=\"https:\/\/cvinoticias.com\/v3\/presentaron-un-proyecto-de-ley-que-busca-dejar-sin-efecto-las-restricciones-para-los-vuelos\/\" \/>\n<meta property=\"og:locale\" content=\"es_ES\" \/>\n<meta property=\"og:type\" content=\"article\" \/>\n<meta property=\"og:title\" content=\"Presentaron un proyecto de ley que busca dejar sin efecto las restricciones para los vuelos | CVI NOTICIAS\" \/>\n<meta property=\"og:description\" content=\"Tres legisladores de Juntos por el Cambio pidieron medidas para repatriar a quienes desean regresar y consideraron que la norma que fija un cupo diario de pasajeros que pueden ingresar al pa\u00eds es inconstitucional. Los diputados nacionales Luis Petri, Jimena Latorre y Alfredo Cornejo (Juntos por el Cambio, Mendoza) presentaron un proyecto de ley que [&hellip;]\" \/>\n<meta property=\"og:url\" content=\"https:\/\/cvinoticias.com\/v3\/presentaron-un-proyecto-de-ley-que-busca-dejar-sin-efecto-las-restricciones-para-los-vuelos\/\" \/>\n<meta property=\"og:site_name\" content=\"CVI NOTICIAS\" \/>\n<meta property=\"article:publisher\" content=\"https:\/\/www.facebook.com\/cvinoticias\" \/>\n<meta property=\"article:published_time\" content=\"2021-07-13T21:25:10+00:00\" \/>\n<meta property=\"og:image\" content=\"https:\/\/cvinoticias.com\/wp-content\/uploads\/2021\/07\/images-6-1.jpeg\" \/>\n\t<meta property=\"og:image:width\" content=\"275\" \/>\n\t<meta property=\"og:image:height\" content=\"183\" \/>\n\t<meta property=\"og:image:type\" content=\"image\/jpeg\" \/>\n<meta name=\"author\" content=\"f1000024\" \/>\n<meta name=\"twitter:card\" content=\"summary_large_image\" \/>\n<meta name=\"twitter:label1\" content=\"Escrito por\" \/>\n\t<meta name=\"twitter:data1\" content=\"f1000024\" \/>\n\t<meta name=\"twitter:label2\" content=\"Tiempo de lectura\" \/>\n\t<meta name=\"twitter:data2\" content=\"3 minutos\" \/>\n<script type=\"application\/ld+json\" class=\"yoast-schema-graph\">{\"@context\":\"https:\\\/\\\/schema.org\",\"@graph\":[{\"@type\":\"Article\",\"@id\":\"https:\\\/\\\/cvinoticias.com\\\/v3\\\/presentaron-un-proyecto-de-ley-que-busca-dejar-sin-efecto-las-restricciones-para-los-vuelos\\\/#article\",\"isPartOf\":{\"@id\":\"https:\\\/\\\/cvinoticias.com\\\/v3\\\/presentaron-un-proyecto-de-ley-que-busca-dejar-sin-efecto-las-restricciones-para-los-vuelos\\\/\"},\"author\":{\"name\":\"f1000024\",\"@id\":\"https:\\\/\\\/cvinoticias.com\\\/v3\\\/#\\\/schema\\\/person\\\/2db77e3c6bc03c538495d7b2b8be9b66\"},\"headline\":\"Presentaron un proyecto de ley que busca dejar sin efecto las restricciones para los vuelos\",\"datePublished\":\"2021-07-13T21:25:10+00:00\",\"mainEntityOfPage\":{\"@id\":\"https:\\\/\\\/cvinoticias.com\\\/v3\\\/presentaron-un-proyecto-de-ley-que-busca-dejar-sin-efecto-las-restricciones-para-los-vuelos\\\/\"},\"wordCount\":650,\"commentCount\":0,\"publisher\":{\"@id\":\"https:\\\/\\\/cvinoticias.com\\\/v3\\\/#organization\"},\"image\":{\"@id\":\"https:\\\/\\\/cvinoticias.com\\\/v3\\\/presentaron-un-proyecto-de-ley-que-busca-dejar-sin-efecto-las-restricciones-para-los-vuelos\\\/#primaryimage\"},\"thumbnailUrl\":\"https:\\\/\\\/cvinoticias.com\\\/wp-content\\\/uploads\\\/2021\\\/07\\\/images-6-1.jpeg\",\"articleSection\":[\"Politica\"],\"inLanguage\":\"es\",\"potentialAction\":[{\"@type\":\"CommentAction\",\"name\":\"Comment\",\"target\":[\"https:\\\/\\\/cvinoticias.com\\\/v3\\\/presentaron-un-proyecto-de-ley-que-busca-dejar-sin-efecto-las-restricciones-para-los-vuelos\\\/#respond\"]}]},{\"@type\":\"WebPage\",\"@id\":\"https:\\\/\\\/cvinoticias.com\\\/v3\\\/presentaron-un-proyecto-de-ley-que-busca-dejar-sin-efecto-las-restricciones-para-los-vuelos\\\/\",\"url\":\"https:\\\/\\\/cvinoticias.com\\\/v3\\\/presentaron-un-proyecto-de-ley-que-busca-dejar-sin-efecto-las-restricciones-para-los-vuelos\\\/\",\"name\":\"Presentaron un proyecto de ley que busca dejar sin efecto las restricciones para los vuelos | CVI NOTICIAS\",\"isPartOf\":{\"@id\":\"https:\\\/\\\/cvinoticias.com\\\/v3\\\/#website\"},\"primaryImageOfPage\":{\"@id\":\"https:\\\/\\\/cvinoticias.com\\\/v3\\\/presentaron-un-proyecto-de-ley-que-busca-dejar-sin-efecto-las-restricciones-para-los-vuelos\\\/#primaryimage\"},\"image\":{\"@id\":\"https:\\\/\\\/cvinoticias.com\\\/v3\\\/presentaron-un-proyecto-de-ley-que-busca-dejar-sin-efecto-las-restricciones-para-los-vuelos\\\/#primaryimage\"},\"thumbnailUrl\":\"https:\\\/\\\/cvinoticias.com\\\/wp-content\\\/uploads\\\/2021\\\/07\\\/images-6-1.jpeg\",\"datePublished\":\"2021-07-13T21:25:10+00:00\",\"breadcrumb\":{\"@id\":\"https:\\\/\\\/cvinoticias.com\\\/v3\\\/presentaron-un-proyecto-de-ley-que-busca-dejar-sin-efecto-las-restricciones-para-los-vuelos\\\/#breadcrumb\"},\"inLanguage\":\"es\",\"potentialAction\":[{\"@type\":\"ReadAction\",\"target\":[\"https:\\\/\\\/cvinoticias.com\\\/v3\\\/presentaron-un-proyecto-de-ley-que-busca-dejar-sin-efecto-las-restricciones-para-los-vuelos\\\/\"]}]},{\"@type\":\"ImageObject\",\"inLanguage\":\"es\",\"@id\":\"https:\\\/\\\/cvinoticias.com\\\/v3\\\/presentaron-un-proyecto-de-ley-que-busca-dejar-sin-efecto-las-restricciones-para-los-vuelos\\\/#primaryimage\",\"url\":\"https:\\\/\\\/cvinoticias.com\\\/wp-content\\\/uploads\\\/2021\\\/07\\\/images-6-1.jpeg\",\"contentUrl\":\"https:\\\/\\\/cvinoticias.com\\\/wp-content\\\/uploads\\\/2021\\\/07\\\/images-6-1.jpeg\",\"width\":275,\"height\":183},{\"@type\":\"BreadcrumbList\",\"@id\":\"https:\\\/\\\/cvinoticias.com\\\/v3\\\/presentaron-un-proyecto-de-ley-que-busca-dejar-sin-efecto-las-restricciones-para-los-vuelos\\\/#breadcrumb\",\"itemListElement\":[{\"@type\":\"ListItem\",\"position\":1,\"name\":\"Portada\",\"item\":\"https:\\\/\\\/cvinoticias.com\\\/v3\\\/\"},{\"@type\":\"ListItem\",\"position\":2,\"name\":\"Presentaron un proyecto de ley que busca dejar sin efecto las restricciones para los vuelos\"}]},{\"@type\":\"WebSite\",\"@id\":\"https:\\\/\\\/cvinoticias.com\\\/v3\\\/#website\",\"url\":\"https:\\\/\\\/cvinoticias.com\\\/v3\\\/\",\"name\":\"CVI NOTICIAS\",\"description\":\"\",\"publisher\":{\"@id\":\"https:\\\/\\\/cvinoticias.com\\\/v3\\\/#organization\"},\"alternateName\":\"CVI\",\"potentialAction\":[{\"@type\":\"SearchAction\",\"target\":{\"@type\":\"EntryPoint\",\"urlTemplate\":\"https:\\\/\\\/cvinoticias.com\\\/v3\\\/?s={search_term_string}\"},\"query-input\":{\"@type\":\"PropertyValueSpecification\",\"valueRequired\":true,\"valueName\":\"search_term_string\"}}],\"inLanguage\":\"es\"},{\"@type\":\"Organization\",\"@id\":\"https:\\\/\\\/cvinoticias.com\\\/v3\\\/#organization\",\"name\":\"CVI NOTICIAS\",\"url\":\"https:\\\/\\\/cvinoticias.com\\\/v3\\\/\",\"logo\":{\"@type\":\"ImageObject\",\"inLanguage\":\"es\",\"@id\":\"https:\\\/\\\/cvinoticias.com\\\/v3\\\/#\\\/schema\\\/logo\\\/image\\\/\",\"url\":\"https:\\\/\\\/cvinoticias.com\\\/wp-content\\\/uploads\\\/2023\\\/04\\\/cropped-cropped-cropped-cropped-cropped-3-1.png\",\"contentUrl\":\"https:\\\/\\\/cvinoticias.com\\\/wp-content\\\/uploads\\\/2023\\\/04\\\/cropped-cropped-cropped-cropped-cropped-3-1.png\",\"width\":95,\"height\":122,\"caption\":\"CVI NOTICIAS\"},\"image\":{\"@id\":\"https:\\\/\\\/cvinoticias.com\\\/v3\\\/#\\\/schema\\\/logo\\\/image\\\/\"},\"sameAs\":[\"https:\\\/\\\/www.facebook.com\\\/cvinoticias\",\"https:\\\/\\\/www.instagram.com\\\/cvinoticias\\\/\",\"https:\\\/\\\/www.youtube.com\\\/@CVINOTICIAS\"]},{\"@type\":\"Person\",\"@id\":\"https:\\\/\\\/cvinoticias.com\\\/v3\\\/#\\\/schema\\\/person\\\/2db77e3c6bc03c538495d7b2b8be9b66\",\"name\":\"f1000024\",\"image\":{\"@type\":\"ImageObject\",\"inLanguage\":\"es\",\"@id\":\"https:\\\/\\\/secure.gravatar.com\\\/avatar\\\/d4fe7459cfc51ff5129ce1a732bbef5928568b8092d412ef95611616376bbeed?s=96&d=mm&r=g\",\"url\":\"https:\\\/\\\/secure.gravatar.com\\\/avatar\\\/d4fe7459cfc51ff5129ce1a732bbef5928568b8092d412ef95611616376bbeed?s=96&d=mm&r=g\",\"contentUrl\":\"https:\\\/\\\/secure.gravatar.com\\\/avatar\\\/d4fe7459cfc51ff5129ce1a732bbef5928568b8092d412ef95611616376bbeed?s=96&d=mm&r=g\",\"caption\":\"f1000024\"},\"url\":\"https:\\\/\\\/cvinoticias.com\\\/v3\\\/author\\\/f1000024\\\/\"}]}<\/script>\n<!-- \/ Yoast SEO plugin. -->","yoast_head_json":{"title":"Presentaron un proyecto de ley que busca dejar sin efecto las restricciones para los vuelos | CVI NOTICIAS","robots":{"index":"index","follow":"follow","max-snippet":"max-snippet:-1","max-image-preview":"max-image-preview:large","max-video-preview":"max-video-preview:-1"},"canonical":"https:\/\/cvinoticias.com\/v3\/presentaron-un-proyecto-de-ley-que-busca-dejar-sin-efecto-las-restricciones-para-los-vuelos\/","og_locale":"es_ES","og_type":"article","og_title":"Presentaron un proyecto de ley que busca dejar sin efecto las restricciones para los vuelos | CVI NOTICIAS","og_description":"Tres legisladores de Juntos por el Cambio pidieron medidas para repatriar a quienes desean regresar y consideraron que la norma que fija un cupo diario de pasajeros que pueden ingresar al pa\u00eds es inconstitucional. Los diputados nacionales Luis Petri, Jimena Latorre y Alfredo Cornejo (Juntos por el Cambio, Mendoza) presentaron un proyecto de ley que [&hellip;]","og_url":"https:\/\/cvinoticias.com\/v3\/presentaron-un-proyecto-de-ley-que-busca-dejar-sin-efecto-las-restricciones-para-los-vuelos\/","og_site_name":"CVI NOTICIAS","article_publisher":"https:\/\/www.facebook.com\/cvinoticias","article_published_time":"2021-07-13T21:25:10+00:00","og_image":[{"width":275,"height":183,"url":"https:\/\/cvinoticias.com\/wp-content\/uploads\/2021\/07\/images-6-1.jpeg","type":"image\/jpeg"}],"author":"f1000024","twitter_card":"summary_large_image","twitter_misc":{"Escrito por":"f1000024","Tiempo de lectura":"3 minutos"},"schema":{"@context":"https:\/\/schema.org","@graph":[{"@type":"Article","@id":"https:\/\/cvinoticias.com\/v3\/presentaron-un-proyecto-de-ley-que-busca-dejar-sin-efecto-las-restricciones-para-los-vuelos\/#article","isPartOf":{"@id":"https:\/\/cvinoticias.com\/v3\/presentaron-un-proyecto-de-ley-que-busca-dejar-sin-efecto-las-restricciones-para-los-vuelos\/"},"author":{"name":"f1000024","@id":"https:\/\/cvinoticias.com\/v3\/#\/schema\/person\/2db77e3c6bc03c538495d7b2b8be9b66"},"headline":"Presentaron un proyecto de ley que busca dejar sin efecto las restricciones para los vuelos","datePublished":"2021-07-13T21:25:10+00:00","mainEntityOfPage":{"@id":"https:\/\/cvinoticias.com\/v3\/presentaron-un-proyecto-de-ley-que-busca-dejar-sin-efecto-las-restricciones-para-los-vuelos\/"},"wordCount":650,"commentCount":0,"publisher":{"@id":"https:\/\/cvinoticias.com\/v3\/#organization"},"image":{"@id":"https:\/\/cvinoticias.com\/v3\/presentaron-un-proyecto-de-ley-que-busca-dejar-sin-efecto-las-restricciones-para-los-vuelos\/#primaryimage"},"thumbnailUrl":"https:\/\/cvinoticias.com\/wp-content\/uploads\/2021\/07\/images-6-1.jpeg","articleSection":["Politica"],"inLanguage":"es","potentialAction":[{"@type":"CommentAction","name":"Comment","target":["https:\/\/cvinoticias.com\/v3\/presentaron-un-proyecto-de-ley-que-busca-dejar-sin-efecto-las-restricciones-para-los-vuelos\/#respond"]}]},{"@type":"WebPage","@id":"https:\/\/cvinoticias.com\/v3\/presentaron-un-proyecto-de-ley-que-busca-dejar-sin-efecto-las-restricciones-para-los-vuelos\/","url":"https:\/\/cvinoticias.com\/v3\/presentaron-un-proyecto-de-ley-que-busca-dejar-sin-efecto-las-restricciones-para-los-vuelos\/","name":"Presentaron un proyecto de ley que busca dejar sin efecto las restricciones para los vuelos | CVI NOTICIAS","isPartOf":{"@id":"https:\/\/cvinoticias.com\/v3\/#website"},"primaryImageOfPage":{"@id":"https:\/\/cvinoticias.com\/v3\/presentaron-un-proyecto-de-ley-que-busca-dejar-sin-efecto-las-restricciones-para-los-vuelos\/#primaryimage"},"image":{"@id":"https:\/\/cvinoticias.com\/v3\/presentaron-un-proyecto-de-ley-que-busca-dejar-sin-efecto-las-restricciones-para-los-vuelos\/#primaryimage"},"thumbnailUrl":"https:\/\/cvinoticias.com\/wp-content\/uploads\/2021\/07\/images-6-1.jpeg","datePublished":"2021-07-13T21:25:10+00:00","breadcrumb":{"@id":"https:\/\/cvinoticias.com\/v3\/presentaron-un-proyecto-de-ley-que-busca-dejar-sin-efecto-las-restricciones-para-los-vuelos\/#breadcrumb"},"inLanguage":"es","potentialAction":[{"@type":"ReadAction","target":["https:\/\/cvinoticias.com\/v3\/presentaron-un-proyecto-de-ley-que-busca-dejar-sin-efecto-las-restricciones-para-los-vuelos\/"]}]},{"@type":"ImageObject","inLanguage":"es","@id":"https:\/\/cvinoticias.com\/v3\/presentaron-un-proyecto-de-ley-que-busca-dejar-sin-efecto-las-restricciones-para-los-vuelos\/#primaryimage","url":"https:\/\/cvinoticias.com\/wp-content\/uploads\/2021\/07\/images-6-1.jpeg","contentUrl":"https:\/\/cvinoticias.com\/wp-content\/uploads\/2021\/07\/images-6-1.jpeg","width":275,"height":183},{"@type":"BreadcrumbList","@id":"https:\/\/cvinoticias.com\/v3\/presentaron-un-proyecto-de-ley-que-busca-dejar-sin-efecto-las-restricciones-para-los-vuelos\/#breadcrumb","itemListElement":[{"@type":"ListItem","position":1,"name":"Portada","item":"https:\/\/cvinoticias.com\/v3\/"},{"@type":"ListItem","position":2,"name":"Presentaron un proyecto de ley que busca dejar sin efecto las restricciones para los vuelos"}]},{"@type":"WebSite","@id":"https:\/\/cvinoticias.com\/v3\/#website","url":"https:\/\/cvinoticias.com\/v3\/","name":"CVI NOTICIAS","description":"","publisher":{"@id":"https:\/\/cvinoticias.com\/v3\/#organization"},"alternateName":"CVI","potentialAction":[{"@type":"SearchAction","target":{"@type":"EntryPoint","urlTemplate":"https:\/\/cvinoticias.com\/v3\/?s={search_term_string}"},"query-input":{"@type":"PropertyValueSpecification","valueRequired":true,"valueName":"search_term_string"}}],"inLanguage":"es"},{"@type":"Organization","@id":"https:\/\/cvinoticias.com\/v3\/#organization","name":"CVI NOTICIAS","url":"https:\/\/cvinoticias.com\/v3\/","logo":{"@type":"ImageObject","inLanguage":"es","@id":"https:\/\/cvinoticias.com\/v3\/#\/schema\/logo\/image\/","url":"https:\/\/cvinoticias.com\/wp-content\/uploads\/2023\/04\/cropped-cropped-cropped-cropped-cropped-3-1.png","contentUrl":"https:\/\/cvinoticias.com\/wp-content\/uploads\/2023\/04\/cropped-cropped-cropped-cropped-cropped-3-1.png","width":95,"height":122,"caption":"CVI NOTICIAS"},"image":{"@id":"https:\/\/cvinoticias.com\/v3\/#\/schema\/logo\/image\/"},"sameAs":["https:\/\/www.facebook.com\/cvinoticias","https:\/\/www.instagram.com\/cvinoticias\/","https:\/\/www.youtube.com\/@CVINOTICIAS"]},{"@type":"Person","@id":"https:\/\/cvinoticias.com\/v3\/#\/schema\/person\/2db77e3c6bc03c538495d7b2b8be9b66","name":"f1000024","image":{"@type":"ImageObject","inLanguage":"es","@id":"https:\/\/secure.gravatar.com\/avatar\/d4fe7459cfc51ff5129ce1a732bbef5928568b8092d412ef95611616376bbeed?s=96&d=mm&r=g","url":"https:\/\/secure.gravatar.com\/avatar\/d4fe7459cfc51ff5129ce1a732bbef5928568b8092d412ef95611616376bbeed?s=96&d=mm&r=g","contentUrl":"https:\/\/secure.gravatar.com\/avatar\/d4fe7459cfc51ff5129ce1a732bbef5928568b8092d412ef95611616376bbeed?s=96&d=mm&r=g","caption":"f1000024"},"url":"https:\/\/cvinoticias.com\/v3\/author\/f1000024\/"}]}},"_links":{"self":[{"href":"https:\/\/cvinoticias.com\/v3\/wp-json\/wp\/v2\/posts\/6783","targetHints":{"allow":["GET"]}}],"collection":[{"href":"https:\/\/cvinoticias.com\/v3\/wp-json\/wp\/v2\/posts"}],"about":[{"href":"https:\/\/cvinoticias.com\/v3\/wp-json\/wp\/v2\/types\/post"}],"author":[{"embeddable":true,"href":"https:\/\/cvinoticias.com\/v3\/wp-json\/wp\/v2\/users\/2"}],"replies":[{"embeddable":true,"href":"https:\/\/cvinoticias.com\/v3\/wp-json\/wp\/v2\/comments?post=6783"}],"version-history":[{"count":1,"href":"https:\/\/cvinoticias.com\/v3\/wp-json\/wp\/v2\/posts\/6783\/revisions"}],"predecessor-version":[{"id":6785,"href":"https:\/\/cvinoticias.com\/v3\/wp-json\/wp\/v2\/posts\/6783\/revisions\/6785"}],"wp:featuredmedia":[{"embeddable":true,"href":"https:\/\/cvinoticias.com\/v3\/wp-json\/wp\/v2\/media\/6784"}],"wp:attachment":[{"href":"https:\/\/cvinoticias.com\/v3\/wp-json\/wp\/v2\/media?parent=6783"}],"wp:term":[{"taxonomy":"category","embeddable":true,"href":"https:\/\/cvinoticias.com\/v3\/wp-json\/wp\/v2\/categories?post=6783"},{"taxonomy":"post_tag","embeddable":true,"href":"https:\/\/cvinoticias.com\/v3\/wp-json\/wp\/v2\/tags?post=6783"}],"curies":[{"name":"wp","href":"https:\/\/api.w.org\/{rel}","templated":true}]}}