{"id":6776,"date":"2021-07-13T14:14:32","date_gmt":"2021-07-13T14:14:32","guid":{"rendered":"https:\/\/cvinoticias.com\/v3\/?p=6776"},"modified":"2021-07-13T14:14:32","modified_gmt":"2021-07-13T14:14:32","slug":"localizaron-al-hombre-de-60-anos-oriundo-de-san-juan","status":"publish","type":"post","link":"https:\/\/cvinoticias.com\/v3\/localizaron-al-hombre-de-60-anos-oriundo-de-san-juan\/","title":{"rendered":"Localizaron al hombre de 60 a\u00f1os oriundo de San Juan"},"content":{"rendered":"\n<p><strong><em>Se trata de Juan Antonio M. quien, desde hace aproximadamente un mes, se ausent\u00f3 de su domicilio ubicado en el barrio Nueva Palermo de la capital de San Juan, conforme lo hab\u00eda denunciado un familiar en la Comisar\u00eda 4ta de esa provincia.<\/em><\/strong><\/p>\n\n\n\n<p>En base a una serie de averiguaciones de que posiblemente el hombre se encontraba en Misiones, diferentes dependencias policiales iniciaron su b\u00fasqueda y fue ayer por la noche que, mediante comunicaciones telef\u00f3nicas realizadas con una empresa de \u00f3mnibus de larga distancia y personal de Gendarmer\u00eda Nacional, establecieron que arrib\u00f3 un colectivo que detuvo su marcha en un control en el puesto centinela de la Asociaci\u00f3n Tributaria de Misiones.<\/p>\n\n\n\n<p>Entonces, una comisi\u00f3n de la Comisar\u00eda de San Jos\u00e9 fue inmediatamente hasta el lugar, dialog\u00f3 con Juan Antonio quien afirm\u00f3 que se encontraba en buen estado de salud. Posteriormente sigui\u00f3 su viaje hasta la ciudad de Buenos Aires, donde luego regresar\u00e1 con su familia.<\/p>\n\n\n\n<figure class=\"wp-block-image size-large\"><a href=\"https:\/\/cvinoticias.com\/wp-content\/uploads\/2021\/07\/IMG-20210713-WA0022.jpg\"><img decoding=\"async\" width=\"960\" height=\"784\" data-src=\"https:\/\/cvinoticias.com\/wp-content\/uploads\/2021\/07\/IMG-20210713-WA0022.jpg\" alt=\"\" class=\"wp-image-6777 lazyload\" data-srcset=\"https:\/\/cvinoticias.com\/wp-content\/uploads\/2021\/07\/IMG-20210713-WA0022.jpg 960w, https:\/\/cvinoticias.com\/wp-content\/uploads\/2021\/07\/IMG-20210713-WA0022-300x245.jpg 300w, https:\/\/cvinoticias.com\/wp-content\/uploads\/2021\/07\/IMG-20210713-WA0022-768x627.jpg 768w\" data-sizes=\"(max-width: 960px) 100vw, 960px\" src=\"data:image\/svg+xml;base64,PHN2ZyB3aWR0aD0iMSIgaGVpZ2h0PSIxIiB4bWxucz0iaHR0cDovL3d3dy53My5vcmcvMjAwMC9zdmciPjwvc3ZnPg==\" style=\"--smush-placeholder-width: 960px; --smush-placeholder-aspect-ratio: 960\/784;\" \/><\/a><\/figure>\n","protected":false},"excerpt":{"rendered":"<p>Se trata de Juan Antonio M. quien, desde hace aproximadamente un mes, se ausent\u00f3 de su domicilio ubicado en el barrio Nueva Palermo de la capital de San Juan, conforme lo hab\u00eda denunciado un familiar en la Comisar\u00eda 4ta de esa provincia. En base a una serie de averiguaciones de que posiblemente el hombre se [&hellip;]<\/p>\n","protected":false},"author":2,"featured_media":6778,"comment_status":"open","ping_status":"open","sticky":false,"template":"","format":"standard","meta":{"footnotes":""},"categories":[35],"tags":[],"class_list":["post-6776","post","type-post","status-publish","format-standard","has-post-thumbnail","hentry","category-informacion-general"],"yoast_head":"<!-- This site is optimized with the Yoast SEO plugin v27.5 - https:\/\/yoast.com\/product\/yoast-seo-wordpress\/ -->\n<title>Localizaron al hombre de 60 a\u00f1os oriundo de San Juan | CVI NOTICIAS<\/title>\n<meta name=\"robots\" content=\"index, follow, max-snippet:-1, max-image-preview:large, max-video-preview:-1\" \/>\n<link rel=\"canonical\" href=\"https:\/\/cvinoticias.com\/v3\/localizaron-al-hombre-de-60-anos-oriundo-de-san-juan\/\" \/>\n<meta property=\"og:locale\" content=\"es_ES\" \/>\n<meta property=\"og:type\" content=\"article\" \/>\n<meta property=\"og:title\" content=\"Localizaron al hombre de 60 a\u00f1os oriundo de San Juan | CVI NOTICIAS\" \/>\n<meta property=\"og:description\" content=\"Se trata de Juan Antonio M. quien, desde hace aproximadamente un mes, se ausent\u00f3 de su domicilio ubicado en el barrio Nueva Palermo de la capital de San Juan, conforme lo hab\u00eda denunciado un familiar en la Comisar\u00eda 4ta de esa provincia. En base a una serie de averiguaciones de que posiblemente el hombre se [&hellip;]\" \/>\n<meta property=\"og:url\" content=\"https:\/\/cvinoticias.com\/v3\/localizaron-al-hombre-de-60-anos-oriundo-de-san-juan\/\" \/>\n<meta property=\"og:site_name\" content=\"CVI NOTICIAS\" \/>\n<meta property=\"article:publisher\" content=\"https:\/\/www.facebook.com\/cvinoticias\" \/>\n<meta property=\"article:published_time\" content=\"2021-07-13T14:14:32+00:00\" \/>\n<meta property=\"og:image\" content=\"https:\/\/cvinoticias.com\/wp-content\/uploads\/2021\/07\/FB_IMG_1626185450021.jpg\" \/>\n\t<meta property=\"og:image:width\" content=\"606\" \/>\n\t<meta property=\"og:image:height\" content=\"606\" \/>\n\t<meta property=\"og:image:type\" content=\"image\/jpeg\" \/>\n<meta name=\"author\" content=\"f1000024\" \/>\n<meta name=\"twitter:card\" content=\"summary_large_image\" \/>\n<meta name=\"twitter:label1\" content=\"Escrito por\" \/>\n\t<meta name=\"twitter:data1\" content=\"f1000024\" \/>\n\t<meta name=\"twitter:label2\" content=\"Tiempo de lectura\" \/>\n\t<meta name=\"twitter:data2\" content=\"1 minuto\" \/>\n<script type=\"application\/ld+json\" class=\"yoast-schema-graph\">{\"@context\":\"https:\\\/\\\/schema.org\",\"@graph\":[{\"@type\":\"Article\",\"@id\":\"https:\\\/\\\/cvinoticias.com\\\/v3\\\/localizaron-al-hombre-de-60-anos-oriundo-de-san-juan\\\/#article\",\"isPartOf\":{\"@id\":\"https:\\\/\\\/cvinoticias.com\\\/v3\\\/localizaron-al-hombre-de-60-anos-oriundo-de-san-juan\\\/\"},\"author\":{\"name\":\"f1000024\",\"@id\":\"https:\\\/\\\/cvinoticias.com\\\/v3\\\/#\\\/schema\\\/person\\\/2db77e3c6bc03c538495d7b2b8be9b66\"},\"headline\":\"Localizaron al hombre de 60 a\u00f1os oriundo de San Juan\",\"datePublished\":\"2021-07-13T14:14:32+00:00\",\"mainEntityOfPage\":{\"@id\":\"https:\\\/\\\/cvinoticias.com\\\/v3\\\/localizaron-al-hombre-de-60-anos-oriundo-de-san-juan\\\/\"},\"wordCount\":172,\"commentCount\":1,\"publisher\":{\"@id\":\"https:\\\/\\\/cvinoticias.com\\\/v3\\\/#organization\"},\"image\":{\"@id\":\"https:\\\/\\\/cvinoticias.com\\\/v3\\\/localizaron-al-hombre-de-60-anos-oriundo-de-san-juan\\\/#primaryimage\"},\"thumbnailUrl\":\"https:\\\/\\\/cvinoticias.com\\\/wp-content\\\/uploads\\\/2021\\\/07\\\/FB_IMG_1626185450021.jpg\",\"articleSection\":[\"Informaci\u00f3n General\"],\"inLanguage\":\"es\",\"potentialAction\":[{\"@type\":\"CommentAction\",\"name\":\"Comment\",\"target\":[\"https:\\\/\\\/cvinoticias.com\\\/v3\\\/localizaron-al-hombre-de-60-anos-oriundo-de-san-juan\\\/#respond\"]}]},{\"@type\":\"WebPage\",\"@id\":\"https:\\\/\\\/cvinoticias.com\\\/v3\\\/localizaron-al-hombre-de-60-anos-oriundo-de-san-juan\\\/\",\"url\":\"https:\\\/\\\/cvinoticias.com\\\/v3\\\/localizaron-al-hombre-de-60-anos-oriundo-de-san-juan\\\/\",\"name\":\"Localizaron al hombre de 60 a\u00f1os oriundo de San Juan | CVI NOTICIAS\",\"isPartOf\":{\"@id\":\"https:\\\/\\\/cvinoticias.com\\\/v3\\\/#website\"},\"primaryImageOfPage\":{\"@id\":\"https:\\\/\\\/cvinoticias.com\\\/v3\\\/localizaron-al-hombre-de-60-anos-oriundo-de-san-juan\\\/#primaryimage\"},\"image\":{\"@id\":\"https:\\\/\\\/cvinoticias.com\\\/v3\\\/localizaron-al-hombre-de-60-anos-oriundo-de-san-juan\\\/#primaryimage\"},\"thumbnailUrl\":\"https:\\\/\\\/cvinoticias.com\\\/wp-content\\\/uploads\\\/2021\\\/07\\\/FB_IMG_1626185450021.jpg\",\"datePublished\":\"2021-07-13T14:14:32+00:00\",\"breadcrumb\":{\"@id\":\"https:\\\/\\\/cvinoticias.com\\\/v3\\\/localizaron-al-hombre-de-60-anos-oriundo-de-san-juan\\\/#breadcrumb\"},\"inLanguage\":\"es\",\"potentialAction\":[{\"@type\":\"ReadAction\",\"target\":[\"https:\\\/\\\/cvinoticias.com\\\/v3\\\/localizaron-al-hombre-de-60-anos-oriundo-de-san-juan\\\/\"]}]},{\"@type\":\"ImageObject\",\"inLanguage\":\"es\",\"@id\":\"https:\\\/\\\/cvinoticias.com\\\/v3\\\/localizaron-al-hombre-de-60-anos-oriundo-de-san-juan\\\/#primaryimage\",\"url\":\"https:\\\/\\\/cvinoticias.com\\\/wp-content\\\/uploads\\\/2021\\\/07\\\/FB_IMG_1626185450021.jpg\",\"contentUrl\":\"https:\\\/\\\/cvinoticias.com\\\/wp-content\\\/uploads\\\/2021\\\/07\\\/FB_IMG_1626185450021.jpg\",\"width\":606,\"height\":606},{\"@type\":\"BreadcrumbList\",\"@id\":\"https:\\\/\\\/cvinoticias.com\\\/v3\\\/localizaron-al-hombre-de-60-anos-oriundo-de-san-juan\\\/#breadcrumb\",\"itemListElement\":[{\"@type\":\"ListItem\",\"position\":1,\"name\":\"Portada\",\"item\":\"https:\\\/\\\/cvinoticias.com\\\/v3\\\/\"},{\"@type\":\"ListItem\",\"position\":2,\"name\":\"Localizaron al hombre de 60 a\u00f1os oriundo de San Juan\"}]},{\"@type\":\"WebSite\",\"@id\":\"https:\\\/\\\/cvinoticias.com\\\/v3\\\/#website\",\"url\":\"https:\\\/\\\/cvinoticias.com\\\/v3\\\/\",\"name\":\"CVI NOTICIAS\",\"description\":\"\",\"publisher\":{\"@id\":\"https:\\\/\\\/cvinoticias.com\\\/v3\\\/#organization\"},\"alternateName\":\"CVI\",\"potentialAction\":[{\"@type\":\"SearchAction\",\"target\":{\"@type\":\"EntryPoint\",\"urlTemplate\":\"https:\\\/\\\/cvinoticias.com\\\/v3\\\/?s={search_term_string}\"},\"query-input\":{\"@type\":\"PropertyValueSpecification\",\"valueRequired\":true,\"valueName\":\"search_term_string\"}}],\"inLanguage\":\"es\"},{\"@type\":\"Organization\",\"@id\":\"https:\\\/\\\/cvinoticias.com\\\/v3\\\/#organization\",\"name\":\"CVI NOTICIAS\",\"url\":\"https:\\\/\\\/cvinoticias.com\\\/v3\\\/\",\"logo\":{\"@type\":\"ImageObject\",\"inLanguage\":\"es\",\"@id\":\"https:\\\/\\\/cvinoticias.com\\\/v3\\\/#\\\/schema\\\/logo\\\/image\\\/\",\"url\":\"https:\\\/\\\/cvinoticias.com\\\/wp-content\\\/uploads\\\/2023\\\/04\\\/cropped-cropped-cropped-cropped-cropped-3-1.png\",\"contentUrl\":\"https:\\\/\\\/cvinoticias.com\\\/wp-content\\\/uploads\\\/2023\\\/04\\\/cropped-cropped-cropped-cropped-cropped-3-1.png\",\"width\":95,\"height\":122,\"caption\":\"CVI NOTICIAS\"},\"image\":{\"@id\":\"https:\\\/\\\/cvinoticias.com\\\/v3\\\/#\\\/schema\\\/logo\\\/image\\\/\"},\"sameAs\":[\"https:\\\/\\\/www.facebook.com\\\/cvinoticias\",\"https:\\\/\\\/www.instagram.com\\\/cvinoticias\\\/\",\"https:\\\/\\\/www.youtube.com\\\/@CVINOTICIAS\"]},{\"@type\":\"Person\",\"@id\":\"https:\\\/\\\/cvinoticias.com\\\/v3\\\/#\\\/schema\\\/person\\\/2db77e3c6bc03c538495d7b2b8be9b66\",\"name\":\"f1000024\",\"image\":{\"@type\":\"ImageObject\",\"inLanguage\":\"es\",\"@id\":\"https:\\\/\\\/secure.gravatar.com\\\/avatar\\\/d4fe7459cfc51ff5129ce1a732bbef5928568b8092d412ef95611616376bbeed?s=96&d=mm&r=g\",\"url\":\"https:\\\/\\\/secure.gravatar.com\\\/avatar\\\/d4fe7459cfc51ff5129ce1a732bbef5928568b8092d412ef95611616376bbeed?s=96&d=mm&r=g\",\"contentUrl\":\"https:\\\/\\\/secure.gravatar.com\\\/avatar\\\/d4fe7459cfc51ff5129ce1a732bbef5928568b8092d412ef95611616376bbeed?s=96&d=mm&r=g\",\"caption\":\"f1000024\"},\"url\":\"https:\\\/\\\/cvinoticias.com\\\/v3\\\/author\\\/f1000024\\\/\"}]}<\/script>\n<!-- \/ Yoast SEO plugin. -->","yoast_head_json":{"title":"Localizaron al hombre de 60 a\u00f1os oriundo de San Juan | CVI NOTICIAS","robots":{"index":"index","follow":"follow","max-snippet":"max-snippet:-1","max-image-preview":"max-image-preview:large","max-video-preview":"max-video-preview:-1"},"canonical":"https:\/\/cvinoticias.com\/v3\/localizaron-al-hombre-de-60-anos-oriundo-de-san-juan\/","og_locale":"es_ES","og_type":"article","og_title":"Localizaron al hombre de 60 a\u00f1os oriundo de San Juan | CVI NOTICIAS","og_description":"Se trata de Juan Antonio M. quien, desde hace aproximadamente un mes, se ausent\u00f3 de su domicilio ubicado en el barrio Nueva Palermo de la capital de San Juan, conforme lo hab\u00eda denunciado un familiar en la Comisar\u00eda 4ta de esa provincia. En base a una serie de averiguaciones de que posiblemente el hombre se [&hellip;]","og_url":"https:\/\/cvinoticias.com\/v3\/localizaron-al-hombre-de-60-anos-oriundo-de-san-juan\/","og_site_name":"CVI NOTICIAS","article_publisher":"https:\/\/www.facebook.com\/cvinoticias","article_published_time":"2021-07-13T14:14:32+00:00","og_image":[{"width":606,"height":606,"url":"https:\/\/cvinoticias.com\/wp-content\/uploads\/2021\/07\/FB_IMG_1626185450021.jpg","type":"image\/jpeg"}],"author":"f1000024","twitter_card":"summary_large_image","twitter_misc":{"Escrito por":"f1000024","Tiempo de lectura":"1 minuto"},"schema":{"@context":"https:\/\/schema.org","@graph":[{"@type":"Article","@id":"https:\/\/cvinoticias.com\/v3\/localizaron-al-hombre-de-60-anos-oriundo-de-san-juan\/#article","isPartOf":{"@id":"https:\/\/cvinoticias.com\/v3\/localizaron-al-hombre-de-60-anos-oriundo-de-san-juan\/"},"author":{"name":"f1000024","@id":"https:\/\/cvinoticias.com\/v3\/#\/schema\/person\/2db77e3c6bc03c538495d7b2b8be9b66"},"headline":"Localizaron al hombre de 60 a\u00f1os oriundo de San Juan","datePublished":"2021-07-13T14:14:32+00:00","mainEntityOfPage":{"@id":"https:\/\/cvinoticias.com\/v3\/localizaron-al-hombre-de-60-anos-oriundo-de-san-juan\/"},"wordCount":172,"commentCount":1,"publisher":{"@id":"https:\/\/cvinoticias.com\/v3\/#organization"},"image":{"@id":"https:\/\/cvinoticias.com\/v3\/localizaron-al-hombre-de-60-anos-oriundo-de-san-juan\/#primaryimage"},"thumbnailUrl":"https:\/\/cvinoticias.com\/wp-content\/uploads\/2021\/07\/FB_IMG_1626185450021.jpg","articleSection":["Informaci\u00f3n General"],"inLanguage":"es","potentialAction":[{"@type":"CommentAction","name":"Comment","target":["https:\/\/cvinoticias.com\/v3\/localizaron-al-hombre-de-60-anos-oriundo-de-san-juan\/#respond"]}]},{"@type":"WebPage","@id":"https:\/\/cvinoticias.com\/v3\/localizaron-al-hombre-de-60-anos-oriundo-de-san-juan\/","url":"https:\/\/cvinoticias.com\/v3\/localizaron-al-hombre-de-60-anos-oriundo-de-san-juan\/","name":"Localizaron al hombre de 60 a\u00f1os oriundo de San Juan | CVI NOTICIAS","isPartOf":{"@id":"https:\/\/cvinoticias.com\/v3\/#website"},"primaryImageOfPage":{"@id":"https:\/\/cvinoticias.com\/v3\/localizaron-al-hombre-de-60-anos-oriundo-de-san-juan\/#primaryimage"},"image":{"@id":"https:\/\/cvinoticias.com\/v3\/localizaron-al-hombre-de-60-anos-oriundo-de-san-juan\/#primaryimage"},"thumbnailUrl":"https:\/\/cvinoticias.com\/wp-content\/uploads\/2021\/07\/FB_IMG_1626185450021.jpg","datePublished":"2021-07-13T14:14:32+00:00","breadcrumb":{"@id":"https:\/\/cvinoticias.com\/v3\/localizaron-al-hombre-de-60-anos-oriundo-de-san-juan\/#breadcrumb"},"inLanguage":"es","potentialAction":[{"@type":"ReadAction","target":["https:\/\/cvinoticias.com\/v3\/localizaron-al-hombre-de-60-anos-oriundo-de-san-juan\/"]}]},{"@type":"ImageObject","inLanguage":"es","@id":"https:\/\/cvinoticias.com\/v3\/localizaron-al-hombre-de-60-anos-oriundo-de-san-juan\/#primaryimage","url":"https:\/\/cvinoticias.com\/wp-content\/uploads\/2021\/07\/FB_IMG_1626185450021.jpg","contentUrl":"https:\/\/cvinoticias.com\/wp-content\/uploads\/2021\/07\/FB_IMG_1626185450021.jpg","width":606,"height":606},{"@type":"BreadcrumbList","@id":"https:\/\/cvinoticias.com\/v3\/localizaron-al-hombre-de-60-anos-oriundo-de-san-juan\/#breadcrumb","itemListElement":[{"@type":"ListItem","position":1,"name":"Portada","item":"https:\/\/cvinoticias.com\/v3\/"},{"@type":"ListItem","position":2,"name":"Localizaron al hombre de 60 a\u00f1os oriundo de San Juan"}]},{"@type":"WebSite","@id":"https:\/\/cvinoticias.com\/v3\/#website","url":"https:\/\/cvinoticias.com\/v3\/","name":"CVI NOTICIAS","description":"","publisher":{"@id":"https:\/\/cvinoticias.com\/v3\/#organization"},"alternateName":"CVI","potentialAction":[{"@type":"SearchAction","target":{"@type":"EntryPoint","urlTemplate":"https:\/\/cvinoticias.com\/v3\/?s={search_term_string}"},"query-input":{"@type":"PropertyValueSpecification","valueRequired":true,"valueName":"search_term_string"}}],"inLanguage":"es"},{"@type":"Organization","@id":"https:\/\/cvinoticias.com\/v3\/#organization","name":"CVI NOTICIAS","url":"https:\/\/cvinoticias.com\/v3\/","logo":{"@type":"ImageObject","inLanguage":"es","@id":"https:\/\/cvinoticias.com\/v3\/#\/schema\/logo\/image\/","url":"https:\/\/cvinoticias.com\/wp-content\/uploads\/2023\/04\/cropped-cropped-cropped-cropped-cropped-3-1.png","contentUrl":"https:\/\/cvinoticias.com\/wp-content\/uploads\/2023\/04\/cropped-cropped-cropped-cropped-cropped-3-1.png","width":95,"height":122,"caption":"CVI NOTICIAS"},"image":{"@id":"https:\/\/cvinoticias.com\/v3\/#\/schema\/logo\/image\/"},"sameAs":["https:\/\/www.facebook.com\/cvinoticias","https:\/\/www.instagram.com\/cvinoticias\/","https:\/\/www.youtube.com\/@CVINOTICIAS"]},{"@type":"Person","@id":"https:\/\/cvinoticias.com\/v3\/#\/schema\/person\/2db77e3c6bc03c538495d7b2b8be9b66","name":"f1000024","image":{"@type":"ImageObject","inLanguage":"es","@id":"https:\/\/secure.gravatar.com\/avatar\/d4fe7459cfc51ff5129ce1a732bbef5928568b8092d412ef95611616376bbeed?s=96&d=mm&r=g","url":"https:\/\/secure.gravatar.com\/avatar\/d4fe7459cfc51ff5129ce1a732bbef5928568b8092d412ef95611616376bbeed?s=96&d=mm&r=g","contentUrl":"https:\/\/secure.gravatar.com\/avatar\/d4fe7459cfc51ff5129ce1a732bbef5928568b8092d412ef95611616376bbeed?s=96&d=mm&r=g","caption":"f1000024"},"url":"https:\/\/cvinoticias.com\/v3\/author\/f1000024\/"}]}},"_links":{"self":[{"href":"https:\/\/cvinoticias.com\/v3\/wp-json\/wp\/v2\/posts\/6776","targetHints":{"allow":["GET"]}}],"collection":[{"href":"https:\/\/cvinoticias.com\/v3\/wp-json\/wp\/v2\/posts"}],"about":[{"href":"https:\/\/cvinoticias.com\/v3\/wp-json\/wp\/v2\/types\/post"}],"author":[{"embeddable":true,"href":"https:\/\/cvinoticias.com\/v3\/wp-json\/wp\/v2\/users\/2"}],"replies":[{"embeddable":true,"href":"https:\/\/cvinoticias.com\/v3\/wp-json\/wp\/v2\/comments?post=6776"}],"version-history":[{"count":1,"href":"https:\/\/cvinoticias.com\/v3\/wp-json\/wp\/v2\/posts\/6776\/revisions"}],"predecessor-version":[{"id":6779,"href":"https:\/\/cvinoticias.com\/v3\/wp-json\/wp\/v2\/posts\/6776\/revisions\/6779"}],"wp:featuredmedia":[{"embeddable":true,"href":"https:\/\/cvinoticias.com\/v3\/wp-json\/wp\/v2\/media\/6778"}],"wp:attachment":[{"href":"https:\/\/cvinoticias.com\/v3\/wp-json\/wp\/v2\/media?parent=6776"}],"wp:term":[{"taxonomy":"category","embeddable":true,"href":"https:\/\/cvinoticias.com\/v3\/wp-json\/wp\/v2\/categories?post=6776"},{"taxonomy":"post_tag","embeddable":true,"href":"https:\/\/cvinoticias.com\/v3\/wp-json\/wp\/v2\/tags?post=6776"}],"curies":[{"name":"wp","href":"https:\/\/api.w.org\/{rel}","templated":true}]}}