{"id":6770,"date":"2021-07-13T13:56:43","date_gmt":"2021-07-13T13:56:43","guid":{"rendered":"https:\/\/cvinoticias.com\/v3\/?p=6770"},"modified":"2021-07-13T13:56:43","modified_gmt":"2021-07-13T13:56:43","slug":"a-partir-del-15-de-julio-se-actualizan-las-tarifas-del-peaje-de-la-ruta-provincial-105","status":"publish","type":"post","link":"https:\/\/cvinoticias.com\/v3\/a-partir-del-15-de-julio-se-actualizan-las-tarifas-del-peaje-de-la-ruta-provincial-105\/","title":{"rendered":"A partir del 15 de julio se actualizan las tarifas del peaje de la Ruta Provincial 105"},"content":{"rendered":"\n<p><strong><em>Desde el pr\u00f3ximo jueves 15 de julio comenzar\u00e1 a regir un nuevo tarifario para los valores del peaje de la Ruta Provincial 105.<\/em><\/strong><\/p>\n\n\n\n<p>Se trata de la primera actualizaci\u00f3n tarifaria que se realiza en este servicio desde febrero de 2019. Las tarifas ir\u00e1n de $30 a $180 de acuerdo al tipo de rodado. Estos montos siguen siendo sensiblemente inferiores a las tarifas de los peajes nacionales en la provincia, cuyo valor comienza en $77.<\/p>\n\n\n\n<p>La resoluci\u00f3n provincial busc\u00f3 establecer el redondeo de las cifras para facilitar el pago de los usuarios del servicio e incluye el compromiso de la empresa constructora Enriquez Albano UTE de llevar adelante las obras viales en la traza que va desde Posadas hasta San Javier, conforme al convenio suscripto entre dicha empresa, la Direcci\u00f3n Provincial de Vialidad y Ministerio de Hacienda.<\/p>\n\n\n\n<p>Los nuevos valores que comenzar\u00e1n a regir a partir del pr\u00f3ximo 15 de julio:<\/p>\n\n\n\n<p>-Categor\u00eda 1: $30 (corresponde a un vehiculo tradicional sedan 4\/5 puertas)<br>-Categor\u00edas 2 y 3: $60<br>-Categor\u00eda 4: $120<br>-Categor\u00eda 5: $150<br>-Categor\u00eda 6: $180<br>-Categor\u00eda 7: $40<\/p>\n\n\n\n<p>ANG<\/p>\n","protected":false},"excerpt":{"rendered":"<p>Desde el pr\u00f3ximo jueves 15 de julio comenzar\u00e1 a regir un nuevo tarifario para los valores del peaje de la Ruta Provincial 105. Se trata de la primera actualizaci\u00f3n tarifaria que se realiza en este servicio desde febrero de 2019. Las tarifas ir\u00e1n de $30 a $180 de acuerdo al tipo de rodado. Estos montos [&hellip;]<\/p>\n","protected":false},"author":2,"featured_media":6771,"comment_status":"open","ping_status":"open","sticky":false,"template":"","format":"standard","meta":{"footnotes":""},"categories":[35],"tags":[],"class_list":["post-6770","post","type-post","status-publish","format-standard","has-post-thumbnail","hentry","category-informacion-general"],"yoast_head":"<!-- This site is optimized with the Yoast SEO plugin v27.5 - https:\/\/yoast.com\/product\/yoast-seo-wordpress\/ -->\n<title>A partir del 15 de julio se actualizan las tarifas del peaje de la Ruta Provincial 105 | CVI NOTICIAS<\/title>\n<meta name=\"robots\" content=\"index, follow, max-snippet:-1, max-image-preview:large, max-video-preview:-1\" \/>\n<link rel=\"canonical\" href=\"https:\/\/cvinoticias.com\/v3\/a-partir-del-15-de-julio-se-actualizan-las-tarifas-del-peaje-de-la-ruta-provincial-105\/\" \/>\n<meta property=\"og:locale\" content=\"es_ES\" \/>\n<meta property=\"og:type\" content=\"article\" \/>\n<meta property=\"og:title\" content=\"A partir del 15 de julio se actualizan las tarifas del peaje de la Ruta Provincial 105 | CVI NOTICIAS\" \/>\n<meta property=\"og:description\" content=\"Desde el pr\u00f3ximo jueves 15 de julio comenzar\u00e1 a regir un nuevo tarifario para los valores del peaje de la Ruta Provincial 105. Se trata de la primera actualizaci\u00f3n tarifaria que se realiza en este servicio desde febrero de 2019. Las tarifas ir\u00e1n de $30 a $180 de acuerdo al tipo de rodado. Estos montos [&hellip;]\" \/>\n<meta property=\"og:url\" content=\"https:\/\/cvinoticias.com\/v3\/a-partir-del-15-de-julio-se-actualizan-las-tarifas-del-peaje-de-la-ruta-provincial-105\/\" \/>\n<meta property=\"og:site_name\" content=\"CVI NOTICIAS\" \/>\n<meta property=\"article:publisher\" content=\"https:\/\/www.facebook.com\/cvinoticias\" \/>\n<meta property=\"article:published_time\" content=\"2021-07-13T13:56:43+00:00\" \/>\n<meta property=\"og:image\" content=\"https:\/\/cvinoticias.com\/wp-content\/uploads\/2021\/07\/1024_15-1000x600-1.jpg\" \/>\n\t<meta property=\"og:image:width\" content=\"1000\" \/>\n\t<meta property=\"og:image:height\" content=\"600\" \/>\n\t<meta property=\"og:image:type\" content=\"image\/jpeg\" \/>\n<meta name=\"author\" content=\"f1000024\" \/>\n<meta name=\"twitter:card\" content=\"summary_large_image\" \/>\n<meta name=\"twitter:label1\" content=\"Escrito por\" \/>\n\t<meta name=\"twitter:data1\" content=\"f1000024\" \/>\n\t<meta name=\"twitter:label2\" content=\"Tiempo de lectura\" \/>\n\t<meta name=\"twitter:data2\" content=\"1 minuto\" \/>\n<script type=\"application\/ld+json\" class=\"yoast-schema-graph\">{\"@context\":\"https:\\\/\\\/schema.org\",\"@graph\":[{\"@type\":\"Article\",\"@id\":\"https:\\\/\\\/cvinoticias.com\\\/v3\\\/a-partir-del-15-de-julio-se-actualizan-las-tarifas-del-peaje-de-la-ruta-provincial-105\\\/#article\",\"isPartOf\":{\"@id\":\"https:\\\/\\\/cvinoticias.com\\\/v3\\\/a-partir-del-15-de-julio-se-actualizan-las-tarifas-del-peaje-de-la-ruta-provincial-105\\\/\"},\"author\":{\"name\":\"f1000024\",\"@id\":\"https:\\\/\\\/cvinoticias.com\\\/v3\\\/#\\\/schema\\\/person\\\/2db77e3c6bc03c538495d7b2b8be9b66\"},\"headline\":\"A partir del 15 de julio se actualizan las tarifas del peaje de la Ruta Provincial 105\",\"datePublished\":\"2021-07-13T13:56:43+00:00\",\"mainEntityOfPage\":{\"@id\":\"https:\\\/\\\/cvinoticias.com\\\/v3\\\/a-partir-del-15-de-julio-se-actualizan-las-tarifas-del-peaje-de-la-ruta-provincial-105\\\/\"},\"wordCount\":186,\"commentCount\":1,\"publisher\":{\"@id\":\"https:\\\/\\\/cvinoticias.com\\\/v3\\\/#organization\"},\"image\":{\"@id\":\"https:\\\/\\\/cvinoticias.com\\\/v3\\\/a-partir-del-15-de-julio-se-actualizan-las-tarifas-del-peaje-de-la-ruta-provincial-105\\\/#primaryimage\"},\"thumbnailUrl\":\"https:\\\/\\\/cvinoticias.com\\\/wp-content\\\/uploads\\\/2021\\\/07\\\/1024_15-1000x600-1.jpg\",\"articleSection\":[\"Informaci\u00f3n General\"],\"inLanguage\":\"es\",\"potentialAction\":[{\"@type\":\"CommentAction\",\"name\":\"Comment\",\"target\":[\"https:\\\/\\\/cvinoticias.com\\\/v3\\\/a-partir-del-15-de-julio-se-actualizan-las-tarifas-del-peaje-de-la-ruta-provincial-105\\\/#respond\"]}]},{\"@type\":\"WebPage\",\"@id\":\"https:\\\/\\\/cvinoticias.com\\\/v3\\\/a-partir-del-15-de-julio-se-actualizan-las-tarifas-del-peaje-de-la-ruta-provincial-105\\\/\",\"url\":\"https:\\\/\\\/cvinoticias.com\\\/v3\\\/a-partir-del-15-de-julio-se-actualizan-las-tarifas-del-peaje-de-la-ruta-provincial-105\\\/\",\"name\":\"A partir del 15 de julio se actualizan las tarifas del peaje de la Ruta Provincial 105 | CVI NOTICIAS\",\"isPartOf\":{\"@id\":\"https:\\\/\\\/cvinoticias.com\\\/v3\\\/#website\"},\"primaryImageOfPage\":{\"@id\":\"https:\\\/\\\/cvinoticias.com\\\/v3\\\/a-partir-del-15-de-julio-se-actualizan-las-tarifas-del-peaje-de-la-ruta-provincial-105\\\/#primaryimage\"},\"image\":{\"@id\":\"https:\\\/\\\/cvinoticias.com\\\/v3\\\/a-partir-del-15-de-julio-se-actualizan-las-tarifas-del-peaje-de-la-ruta-provincial-105\\\/#primaryimage\"},\"thumbnailUrl\":\"https:\\\/\\\/cvinoticias.com\\\/wp-content\\\/uploads\\\/2021\\\/07\\\/1024_15-1000x600-1.jpg\",\"datePublished\":\"2021-07-13T13:56:43+00:00\",\"breadcrumb\":{\"@id\":\"https:\\\/\\\/cvinoticias.com\\\/v3\\\/a-partir-del-15-de-julio-se-actualizan-las-tarifas-del-peaje-de-la-ruta-provincial-105\\\/#breadcrumb\"},\"inLanguage\":\"es\",\"potentialAction\":[{\"@type\":\"ReadAction\",\"target\":[\"https:\\\/\\\/cvinoticias.com\\\/v3\\\/a-partir-del-15-de-julio-se-actualizan-las-tarifas-del-peaje-de-la-ruta-provincial-105\\\/\"]}]},{\"@type\":\"ImageObject\",\"inLanguage\":\"es\",\"@id\":\"https:\\\/\\\/cvinoticias.com\\\/v3\\\/a-partir-del-15-de-julio-se-actualizan-las-tarifas-del-peaje-de-la-ruta-provincial-105\\\/#primaryimage\",\"url\":\"https:\\\/\\\/cvinoticias.com\\\/wp-content\\\/uploads\\\/2021\\\/07\\\/1024_15-1000x600-1.jpg\",\"contentUrl\":\"https:\\\/\\\/cvinoticias.com\\\/wp-content\\\/uploads\\\/2021\\\/07\\\/1024_15-1000x600-1.jpg\",\"width\":1000,\"height\":600},{\"@type\":\"BreadcrumbList\",\"@id\":\"https:\\\/\\\/cvinoticias.com\\\/v3\\\/a-partir-del-15-de-julio-se-actualizan-las-tarifas-del-peaje-de-la-ruta-provincial-105\\\/#breadcrumb\",\"itemListElement\":[{\"@type\":\"ListItem\",\"position\":1,\"name\":\"Portada\",\"item\":\"https:\\\/\\\/cvinoticias.com\\\/v3\\\/\"},{\"@type\":\"ListItem\",\"position\":2,\"name\":\"A partir del 15 de julio se actualizan las tarifas del peaje de la Ruta Provincial 105\"}]},{\"@type\":\"WebSite\",\"@id\":\"https:\\\/\\\/cvinoticias.com\\\/v3\\\/#website\",\"url\":\"https:\\\/\\\/cvinoticias.com\\\/v3\\\/\",\"name\":\"CVI NOTICIAS\",\"description\":\"\",\"publisher\":{\"@id\":\"https:\\\/\\\/cvinoticias.com\\\/v3\\\/#organization\"},\"alternateName\":\"CVI\",\"potentialAction\":[{\"@type\":\"SearchAction\",\"target\":{\"@type\":\"EntryPoint\",\"urlTemplate\":\"https:\\\/\\\/cvinoticias.com\\\/v3\\\/?s={search_term_string}\"},\"query-input\":{\"@type\":\"PropertyValueSpecification\",\"valueRequired\":true,\"valueName\":\"search_term_string\"}}],\"inLanguage\":\"es\"},{\"@type\":\"Organization\",\"@id\":\"https:\\\/\\\/cvinoticias.com\\\/v3\\\/#organization\",\"name\":\"CVI NOTICIAS\",\"url\":\"https:\\\/\\\/cvinoticias.com\\\/v3\\\/\",\"logo\":{\"@type\":\"ImageObject\",\"inLanguage\":\"es\",\"@id\":\"https:\\\/\\\/cvinoticias.com\\\/v3\\\/#\\\/schema\\\/logo\\\/image\\\/\",\"url\":\"https:\\\/\\\/cvinoticias.com\\\/wp-content\\\/uploads\\\/2023\\\/04\\\/cropped-cropped-cropped-cropped-cropped-3-1.png\",\"contentUrl\":\"https:\\\/\\\/cvinoticias.com\\\/wp-content\\\/uploads\\\/2023\\\/04\\\/cropped-cropped-cropped-cropped-cropped-3-1.png\",\"width\":95,\"height\":122,\"caption\":\"CVI NOTICIAS\"},\"image\":{\"@id\":\"https:\\\/\\\/cvinoticias.com\\\/v3\\\/#\\\/schema\\\/logo\\\/image\\\/\"},\"sameAs\":[\"https:\\\/\\\/www.facebook.com\\\/cvinoticias\",\"https:\\\/\\\/www.instagram.com\\\/cvinoticias\\\/\",\"https:\\\/\\\/www.youtube.com\\\/@CVINOTICIAS\"]},{\"@type\":\"Person\",\"@id\":\"https:\\\/\\\/cvinoticias.com\\\/v3\\\/#\\\/schema\\\/person\\\/2db77e3c6bc03c538495d7b2b8be9b66\",\"name\":\"f1000024\",\"image\":{\"@type\":\"ImageObject\",\"inLanguage\":\"es\",\"@id\":\"https:\\\/\\\/secure.gravatar.com\\\/avatar\\\/d4fe7459cfc51ff5129ce1a732bbef5928568b8092d412ef95611616376bbeed?s=96&d=mm&r=g\",\"url\":\"https:\\\/\\\/secure.gravatar.com\\\/avatar\\\/d4fe7459cfc51ff5129ce1a732bbef5928568b8092d412ef95611616376bbeed?s=96&d=mm&r=g\",\"contentUrl\":\"https:\\\/\\\/secure.gravatar.com\\\/avatar\\\/d4fe7459cfc51ff5129ce1a732bbef5928568b8092d412ef95611616376bbeed?s=96&d=mm&r=g\",\"caption\":\"f1000024\"},\"url\":\"https:\\\/\\\/cvinoticias.com\\\/v3\\\/author\\\/f1000024\\\/\"}]}<\/script>\n<!-- \/ Yoast SEO plugin. -->","yoast_head_json":{"title":"A partir del 15 de julio se actualizan las tarifas del peaje de la Ruta Provincial 105 | CVI NOTICIAS","robots":{"index":"index","follow":"follow","max-snippet":"max-snippet:-1","max-image-preview":"max-image-preview:large","max-video-preview":"max-video-preview:-1"},"canonical":"https:\/\/cvinoticias.com\/v3\/a-partir-del-15-de-julio-se-actualizan-las-tarifas-del-peaje-de-la-ruta-provincial-105\/","og_locale":"es_ES","og_type":"article","og_title":"A partir del 15 de julio se actualizan las tarifas del peaje de la Ruta Provincial 105 | CVI NOTICIAS","og_description":"Desde el pr\u00f3ximo jueves 15 de julio comenzar\u00e1 a regir un nuevo tarifario para los valores del peaje de la Ruta Provincial 105. Se trata de la primera actualizaci\u00f3n tarifaria que se realiza en este servicio desde febrero de 2019. Las tarifas ir\u00e1n de $30 a $180 de acuerdo al tipo de rodado. Estos montos [&hellip;]","og_url":"https:\/\/cvinoticias.com\/v3\/a-partir-del-15-de-julio-se-actualizan-las-tarifas-del-peaje-de-la-ruta-provincial-105\/","og_site_name":"CVI NOTICIAS","article_publisher":"https:\/\/www.facebook.com\/cvinoticias","article_published_time":"2021-07-13T13:56:43+00:00","og_image":[{"width":1000,"height":600,"url":"https:\/\/cvinoticias.com\/wp-content\/uploads\/2021\/07\/1024_15-1000x600-1.jpg","type":"image\/jpeg"}],"author":"f1000024","twitter_card":"summary_large_image","twitter_misc":{"Escrito por":"f1000024","Tiempo de lectura":"1 minuto"},"schema":{"@context":"https:\/\/schema.org","@graph":[{"@type":"Article","@id":"https:\/\/cvinoticias.com\/v3\/a-partir-del-15-de-julio-se-actualizan-las-tarifas-del-peaje-de-la-ruta-provincial-105\/#article","isPartOf":{"@id":"https:\/\/cvinoticias.com\/v3\/a-partir-del-15-de-julio-se-actualizan-las-tarifas-del-peaje-de-la-ruta-provincial-105\/"},"author":{"name":"f1000024","@id":"https:\/\/cvinoticias.com\/v3\/#\/schema\/person\/2db77e3c6bc03c538495d7b2b8be9b66"},"headline":"A partir del 15 de julio se actualizan las tarifas del peaje de la Ruta Provincial 105","datePublished":"2021-07-13T13:56:43+00:00","mainEntityOfPage":{"@id":"https:\/\/cvinoticias.com\/v3\/a-partir-del-15-de-julio-se-actualizan-las-tarifas-del-peaje-de-la-ruta-provincial-105\/"},"wordCount":186,"commentCount":1,"publisher":{"@id":"https:\/\/cvinoticias.com\/v3\/#organization"},"image":{"@id":"https:\/\/cvinoticias.com\/v3\/a-partir-del-15-de-julio-se-actualizan-las-tarifas-del-peaje-de-la-ruta-provincial-105\/#primaryimage"},"thumbnailUrl":"https:\/\/cvinoticias.com\/wp-content\/uploads\/2021\/07\/1024_15-1000x600-1.jpg","articleSection":["Informaci\u00f3n General"],"inLanguage":"es","potentialAction":[{"@type":"CommentAction","name":"Comment","target":["https:\/\/cvinoticias.com\/v3\/a-partir-del-15-de-julio-se-actualizan-las-tarifas-del-peaje-de-la-ruta-provincial-105\/#respond"]}]},{"@type":"WebPage","@id":"https:\/\/cvinoticias.com\/v3\/a-partir-del-15-de-julio-se-actualizan-las-tarifas-del-peaje-de-la-ruta-provincial-105\/","url":"https:\/\/cvinoticias.com\/v3\/a-partir-del-15-de-julio-se-actualizan-las-tarifas-del-peaje-de-la-ruta-provincial-105\/","name":"A partir del 15 de julio se actualizan las tarifas del peaje de la Ruta Provincial 105 | CVI NOTICIAS","isPartOf":{"@id":"https:\/\/cvinoticias.com\/v3\/#website"},"primaryImageOfPage":{"@id":"https:\/\/cvinoticias.com\/v3\/a-partir-del-15-de-julio-se-actualizan-las-tarifas-del-peaje-de-la-ruta-provincial-105\/#primaryimage"},"image":{"@id":"https:\/\/cvinoticias.com\/v3\/a-partir-del-15-de-julio-se-actualizan-las-tarifas-del-peaje-de-la-ruta-provincial-105\/#primaryimage"},"thumbnailUrl":"https:\/\/cvinoticias.com\/wp-content\/uploads\/2021\/07\/1024_15-1000x600-1.jpg","datePublished":"2021-07-13T13:56:43+00:00","breadcrumb":{"@id":"https:\/\/cvinoticias.com\/v3\/a-partir-del-15-de-julio-se-actualizan-las-tarifas-del-peaje-de-la-ruta-provincial-105\/#breadcrumb"},"inLanguage":"es","potentialAction":[{"@type":"ReadAction","target":["https:\/\/cvinoticias.com\/v3\/a-partir-del-15-de-julio-se-actualizan-las-tarifas-del-peaje-de-la-ruta-provincial-105\/"]}]},{"@type":"ImageObject","inLanguage":"es","@id":"https:\/\/cvinoticias.com\/v3\/a-partir-del-15-de-julio-se-actualizan-las-tarifas-del-peaje-de-la-ruta-provincial-105\/#primaryimage","url":"https:\/\/cvinoticias.com\/wp-content\/uploads\/2021\/07\/1024_15-1000x600-1.jpg","contentUrl":"https:\/\/cvinoticias.com\/wp-content\/uploads\/2021\/07\/1024_15-1000x600-1.jpg","width":1000,"height":600},{"@type":"BreadcrumbList","@id":"https:\/\/cvinoticias.com\/v3\/a-partir-del-15-de-julio-se-actualizan-las-tarifas-del-peaje-de-la-ruta-provincial-105\/#breadcrumb","itemListElement":[{"@type":"ListItem","position":1,"name":"Portada","item":"https:\/\/cvinoticias.com\/v3\/"},{"@type":"ListItem","position":2,"name":"A partir del 15 de julio se actualizan las tarifas del peaje de la Ruta Provincial 105"}]},{"@type":"WebSite","@id":"https:\/\/cvinoticias.com\/v3\/#website","url":"https:\/\/cvinoticias.com\/v3\/","name":"CVI NOTICIAS","description":"","publisher":{"@id":"https:\/\/cvinoticias.com\/v3\/#organization"},"alternateName":"CVI","potentialAction":[{"@type":"SearchAction","target":{"@type":"EntryPoint","urlTemplate":"https:\/\/cvinoticias.com\/v3\/?s={search_term_string}"},"query-input":{"@type":"PropertyValueSpecification","valueRequired":true,"valueName":"search_term_string"}}],"inLanguage":"es"},{"@type":"Organization","@id":"https:\/\/cvinoticias.com\/v3\/#organization","name":"CVI NOTICIAS","url":"https:\/\/cvinoticias.com\/v3\/","logo":{"@type":"ImageObject","inLanguage":"es","@id":"https:\/\/cvinoticias.com\/v3\/#\/schema\/logo\/image\/","url":"https:\/\/cvinoticias.com\/wp-content\/uploads\/2023\/04\/cropped-cropped-cropped-cropped-cropped-3-1.png","contentUrl":"https:\/\/cvinoticias.com\/wp-content\/uploads\/2023\/04\/cropped-cropped-cropped-cropped-cropped-3-1.png","width":95,"height":122,"caption":"CVI NOTICIAS"},"image":{"@id":"https:\/\/cvinoticias.com\/v3\/#\/schema\/logo\/image\/"},"sameAs":["https:\/\/www.facebook.com\/cvinoticias","https:\/\/www.instagram.com\/cvinoticias\/","https:\/\/www.youtube.com\/@CVINOTICIAS"]},{"@type":"Person","@id":"https:\/\/cvinoticias.com\/v3\/#\/schema\/person\/2db77e3c6bc03c538495d7b2b8be9b66","name":"f1000024","image":{"@type":"ImageObject","inLanguage":"es","@id":"https:\/\/secure.gravatar.com\/avatar\/d4fe7459cfc51ff5129ce1a732bbef5928568b8092d412ef95611616376bbeed?s=96&d=mm&r=g","url":"https:\/\/secure.gravatar.com\/avatar\/d4fe7459cfc51ff5129ce1a732bbef5928568b8092d412ef95611616376bbeed?s=96&d=mm&r=g","contentUrl":"https:\/\/secure.gravatar.com\/avatar\/d4fe7459cfc51ff5129ce1a732bbef5928568b8092d412ef95611616376bbeed?s=96&d=mm&r=g","caption":"f1000024"},"url":"https:\/\/cvinoticias.com\/v3\/author\/f1000024\/"}]}},"_links":{"self":[{"href":"https:\/\/cvinoticias.com\/v3\/wp-json\/wp\/v2\/posts\/6770","targetHints":{"allow":["GET"]}}],"collection":[{"href":"https:\/\/cvinoticias.com\/v3\/wp-json\/wp\/v2\/posts"}],"about":[{"href":"https:\/\/cvinoticias.com\/v3\/wp-json\/wp\/v2\/types\/post"}],"author":[{"embeddable":true,"href":"https:\/\/cvinoticias.com\/v3\/wp-json\/wp\/v2\/users\/2"}],"replies":[{"embeddable":true,"href":"https:\/\/cvinoticias.com\/v3\/wp-json\/wp\/v2\/comments?post=6770"}],"version-history":[{"count":1,"href":"https:\/\/cvinoticias.com\/v3\/wp-json\/wp\/v2\/posts\/6770\/revisions"}],"predecessor-version":[{"id":6772,"href":"https:\/\/cvinoticias.com\/v3\/wp-json\/wp\/v2\/posts\/6770\/revisions\/6772"}],"wp:featuredmedia":[{"embeddable":true,"href":"https:\/\/cvinoticias.com\/v3\/wp-json\/wp\/v2\/media\/6771"}],"wp:attachment":[{"href":"https:\/\/cvinoticias.com\/v3\/wp-json\/wp\/v2\/media?parent=6770"}],"wp:term":[{"taxonomy":"category","embeddable":true,"href":"https:\/\/cvinoticias.com\/v3\/wp-json\/wp\/v2\/categories?post=6770"},{"taxonomy":"post_tag","embeddable":true,"href":"https:\/\/cvinoticias.com\/v3\/wp-json\/wp\/v2\/tags?post=6770"}],"curies":[{"name":"wp","href":"https:\/\/api.w.org\/{rel}","templated":true}]}}