{"id":6764,"date":"2021-07-13T13:18:07","date_gmt":"2021-07-13T13:18:07","guid":{"rendered":"https:\/\/cvinoticias.com\/v3\/?p=6764"},"modified":"2021-07-13T13:18:07","modified_gmt":"2021-07-13T13:18:07","slug":"iguazu-detuvieron-a-un-joven-por-danar-el-vehiculo-de-la-pareja-de-su-vecina","status":"publish","type":"post","link":"https:\/\/cvinoticias.com\/v3\/iguazu-detuvieron-a-un-joven-por-danar-el-vehiculo-de-la-pareja-de-su-vecina\/","title":{"rendered":"Iguaz\u00fa: Detuvieron a un joven por da\u00f1ar el veh\u00edculo de la pareja de su vecina"},"content":{"rendered":"\n<p><strong><em>Ocurri\u00f3 anoche, alrededor de las 23.00 horas, sobre una calle interna del barrio Bicentenario de esta ciudad, donde efectivos de la comisar\u00eda seccional Cuarta detuvieron a un joven de 24 a\u00f1os, acusado de da\u00f1ar el veh\u00edculo de la pareja de su vecina que se hallaba estacionado en el mismo barrio.<\/em><\/strong><\/p>\n\n\n\n<p>Los polic\u00edas fueron alertados del hecho por parte de una joven quien inform\u00f3 que su vecino, sin mediar palabras, arroj\u00f3 piedras sobre el rodado. Fue as\u00ed que r\u00e1pidamente fueron hasta el lugar y detuvieron al involucrado.<\/p>\n\n\n\n<p>El se\u00f1alado termin\u00f3 alojado en sede policial a disposici\u00f3n de la justicia en averiguaci\u00f3n del hecho.<\/p>\n","protected":false},"excerpt":{"rendered":"<p>Ocurri\u00f3 anoche, alrededor de las 23.00 horas, sobre una calle interna del barrio Bicentenario de esta ciudad, donde efectivos de la comisar\u00eda seccional Cuarta detuvieron a un joven de 24 a\u00f1os, acusado de da\u00f1ar el veh\u00edculo de la pareja de su vecina que se hallaba estacionado en el mismo barrio. Los polic\u00edas fueron alertados del [&hellip;]<\/p>\n","protected":false},"author":2,"featured_media":6765,"comment_status":"open","ping_status":"open","sticky":false,"template":"","format":"standard","meta":{"footnotes":""},"categories":[41],"tags":[],"class_list":["post-6764","post","type-post","status-publish","format-standard","has-post-thumbnail","hentry","category-policiales"],"yoast_head":"<!-- This site is optimized with the Yoast SEO plugin v27.4 - https:\/\/yoast.com\/product\/yoast-seo-wordpress\/ -->\n<title>Iguaz\u00fa: Detuvieron a un joven por da\u00f1ar el veh\u00edculo de la pareja de su vecina | CVI NOTICIAS<\/title>\n<meta name=\"robots\" content=\"index, follow, max-snippet:-1, max-image-preview:large, max-video-preview:-1\" \/>\n<link rel=\"canonical\" href=\"https:\/\/cvinoticias.com\/v3\/iguazu-detuvieron-a-un-joven-por-danar-el-vehiculo-de-la-pareja-de-su-vecina\/\" \/>\n<meta property=\"og:locale\" content=\"es_ES\" \/>\n<meta property=\"og:type\" content=\"article\" \/>\n<meta property=\"og:title\" content=\"Iguaz\u00fa: Detuvieron a un joven por da\u00f1ar el veh\u00edculo de la pareja de su vecina | CVI NOTICIAS\" \/>\n<meta property=\"og:description\" content=\"Ocurri\u00f3 anoche, alrededor de las 23.00 horas, sobre una calle interna del barrio Bicentenario de esta ciudad, donde efectivos de la comisar\u00eda seccional Cuarta detuvieron a un joven de 24 a\u00f1os, acusado de da\u00f1ar el veh\u00edculo de la pareja de su vecina que se hallaba estacionado en el mismo barrio. Los polic\u00edas fueron alertados del [&hellip;]\" \/>\n<meta property=\"og:url\" content=\"https:\/\/cvinoticias.com\/v3\/iguazu-detuvieron-a-un-joven-por-danar-el-vehiculo-de-la-pareja-de-su-vecina\/\" \/>\n<meta property=\"og:site_name\" content=\"CVI NOTICIAS\" \/>\n<meta property=\"article:publisher\" content=\"https:\/\/www.facebook.com\/cvinoticias\" \/>\n<meta property=\"article:published_time\" content=\"2021-07-13T13:18:07+00:00\" \/>\n<meta property=\"og:image\" content=\"https:\/\/cvinoticias.com\/wp-content\/uploads\/2021\/07\/FB_IMG_1626182149848.jpg\" \/>\n\t<meta property=\"og:image:width\" content=\"780\" \/>\n\t<meta property=\"og:image:height\" content=\"1040\" \/>\n\t<meta property=\"og:image:type\" content=\"image\/jpeg\" \/>\n<meta name=\"author\" content=\"f1000024\" \/>\n<meta name=\"twitter:card\" content=\"summary_large_image\" \/>\n<meta name=\"twitter:label1\" content=\"Escrito por\" \/>\n\t<meta name=\"twitter:data1\" content=\"f1000024\" \/>\n\t<meta name=\"twitter:label2\" content=\"Tiempo de lectura\" \/>\n\t<meta name=\"twitter:data2\" content=\"1 minuto\" \/>\n<script type=\"application\/ld+json\" class=\"yoast-schema-graph\">{\"@context\":\"https:\\\/\\\/schema.org\",\"@graph\":[{\"@type\":\"Article\",\"@id\":\"https:\\\/\\\/cvinoticias.com\\\/v3\\\/iguazu-detuvieron-a-un-joven-por-danar-el-vehiculo-de-la-pareja-de-su-vecina\\\/#article\",\"isPartOf\":{\"@id\":\"https:\\\/\\\/cvinoticias.com\\\/v3\\\/iguazu-detuvieron-a-un-joven-por-danar-el-vehiculo-de-la-pareja-de-su-vecina\\\/\"},\"author\":{\"name\":\"f1000024\",\"@id\":\"https:\\\/\\\/cvinoticias.com\\\/v3\\\/#\\\/schema\\\/person\\\/2db77e3c6bc03c538495d7b2b8be9b66\"},\"headline\":\"Iguaz\u00fa: Detuvieron a un joven por da\u00f1ar el veh\u00edculo de la pareja de su vecina\",\"datePublished\":\"2021-07-13T13:18:07+00:00\",\"mainEntityOfPage\":{\"@id\":\"https:\\\/\\\/cvinoticias.com\\\/v3\\\/iguazu-detuvieron-a-un-joven-por-danar-el-vehiculo-de-la-pareja-de-su-vecina\\\/\"},\"wordCount\":126,\"commentCount\":0,\"publisher\":{\"@id\":\"https:\\\/\\\/cvinoticias.com\\\/v3\\\/#organization\"},\"image\":{\"@id\":\"https:\\\/\\\/cvinoticias.com\\\/v3\\\/iguazu-detuvieron-a-un-joven-por-danar-el-vehiculo-de-la-pareja-de-su-vecina\\\/#primaryimage\"},\"thumbnailUrl\":\"https:\\\/\\\/cvinoticias.com\\\/wp-content\\\/uploads\\\/2021\\\/07\\\/FB_IMG_1626182149848.jpg\",\"articleSection\":[\"Policiales\"],\"inLanguage\":\"es\",\"potentialAction\":[{\"@type\":\"CommentAction\",\"name\":\"Comment\",\"target\":[\"https:\\\/\\\/cvinoticias.com\\\/v3\\\/iguazu-detuvieron-a-un-joven-por-danar-el-vehiculo-de-la-pareja-de-su-vecina\\\/#respond\"]}]},{\"@type\":\"WebPage\",\"@id\":\"https:\\\/\\\/cvinoticias.com\\\/v3\\\/iguazu-detuvieron-a-un-joven-por-danar-el-vehiculo-de-la-pareja-de-su-vecina\\\/\",\"url\":\"https:\\\/\\\/cvinoticias.com\\\/v3\\\/iguazu-detuvieron-a-un-joven-por-danar-el-vehiculo-de-la-pareja-de-su-vecina\\\/\",\"name\":\"Iguaz\u00fa: Detuvieron a un joven por da\u00f1ar el veh\u00edculo de la pareja de su vecina | CVI NOTICIAS\",\"isPartOf\":{\"@id\":\"https:\\\/\\\/cvinoticias.com\\\/v3\\\/#website\"},\"primaryImageOfPage\":{\"@id\":\"https:\\\/\\\/cvinoticias.com\\\/v3\\\/iguazu-detuvieron-a-un-joven-por-danar-el-vehiculo-de-la-pareja-de-su-vecina\\\/#primaryimage\"},\"image\":{\"@id\":\"https:\\\/\\\/cvinoticias.com\\\/v3\\\/iguazu-detuvieron-a-un-joven-por-danar-el-vehiculo-de-la-pareja-de-su-vecina\\\/#primaryimage\"},\"thumbnailUrl\":\"https:\\\/\\\/cvinoticias.com\\\/wp-content\\\/uploads\\\/2021\\\/07\\\/FB_IMG_1626182149848.jpg\",\"datePublished\":\"2021-07-13T13:18:07+00:00\",\"breadcrumb\":{\"@id\":\"https:\\\/\\\/cvinoticias.com\\\/v3\\\/iguazu-detuvieron-a-un-joven-por-danar-el-vehiculo-de-la-pareja-de-su-vecina\\\/#breadcrumb\"},\"inLanguage\":\"es\",\"potentialAction\":[{\"@type\":\"ReadAction\",\"target\":[\"https:\\\/\\\/cvinoticias.com\\\/v3\\\/iguazu-detuvieron-a-un-joven-por-danar-el-vehiculo-de-la-pareja-de-su-vecina\\\/\"]}]},{\"@type\":\"ImageObject\",\"inLanguage\":\"es\",\"@id\":\"https:\\\/\\\/cvinoticias.com\\\/v3\\\/iguazu-detuvieron-a-un-joven-por-danar-el-vehiculo-de-la-pareja-de-su-vecina\\\/#primaryimage\",\"url\":\"https:\\\/\\\/cvinoticias.com\\\/wp-content\\\/uploads\\\/2021\\\/07\\\/FB_IMG_1626182149848.jpg\",\"contentUrl\":\"https:\\\/\\\/cvinoticias.com\\\/wp-content\\\/uploads\\\/2021\\\/07\\\/FB_IMG_1626182149848.jpg\",\"width\":780,\"height\":1040},{\"@type\":\"BreadcrumbList\",\"@id\":\"https:\\\/\\\/cvinoticias.com\\\/v3\\\/iguazu-detuvieron-a-un-joven-por-danar-el-vehiculo-de-la-pareja-de-su-vecina\\\/#breadcrumb\",\"itemListElement\":[{\"@type\":\"ListItem\",\"position\":1,\"name\":\"Portada\",\"item\":\"https:\\\/\\\/cvinoticias.com\\\/v3\\\/\"},{\"@type\":\"ListItem\",\"position\":2,\"name\":\"Iguaz\u00fa: Detuvieron a un joven por da\u00f1ar el veh\u00edculo de la pareja de su vecina\"}]},{\"@type\":\"WebSite\",\"@id\":\"https:\\\/\\\/cvinoticias.com\\\/v3\\\/#website\",\"url\":\"https:\\\/\\\/cvinoticias.com\\\/v3\\\/\",\"name\":\"CVI NOTICIAS\",\"description\":\"\",\"publisher\":{\"@id\":\"https:\\\/\\\/cvinoticias.com\\\/v3\\\/#organization\"},\"alternateName\":\"CVI\",\"potentialAction\":[{\"@type\":\"SearchAction\",\"target\":{\"@type\":\"EntryPoint\",\"urlTemplate\":\"https:\\\/\\\/cvinoticias.com\\\/v3\\\/?s={search_term_string}\"},\"query-input\":{\"@type\":\"PropertyValueSpecification\",\"valueRequired\":true,\"valueName\":\"search_term_string\"}}],\"inLanguage\":\"es\"},{\"@type\":\"Organization\",\"@id\":\"https:\\\/\\\/cvinoticias.com\\\/v3\\\/#organization\",\"name\":\"CVI NOTICIAS\",\"url\":\"https:\\\/\\\/cvinoticias.com\\\/v3\\\/\",\"logo\":{\"@type\":\"ImageObject\",\"inLanguage\":\"es\",\"@id\":\"https:\\\/\\\/cvinoticias.com\\\/v3\\\/#\\\/schema\\\/logo\\\/image\\\/\",\"url\":\"https:\\\/\\\/cvinoticias.com\\\/wp-content\\\/uploads\\\/2023\\\/04\\\/cropped-cropped-cropped-cropped-cropped-3-1.png\",\"contentUrl\":\"https:\\\/\\\/cvinoticias.com\\\/wp-content\\\/uploads\\\/2023\\\/04\\\/cropped-cropped-cropped-cropped-cropped-3-1.png\",\"width\":95,\"height\":122,\"caption\":\"CVI NOTICIAS\"},\"image\":{\"@id\":\"https:\\\/\\\/cvinoticias.com\\\/v3\\\/#\\\/schema\\\/logo\\\/image\\\/\"},\"sameAs\":[\"https:\\\/\\\/www.facebook.com\\\/cvinoticias\",\"https:\\\/\\\/www.instagram.com\\\/cvinoticias\\\/\",\"https:\\\/\\\/www.youtube.com\\\/@CVINOTICIAS\"]},{\"@type\":\"Person\",\"@id\":\"https:\\\/\\\/cvinoticias.com\\\/v3\\\/#\\\/schema\\\/person\\\/2db77e3c6bc03c538495d7b2b8be9b66\",\"name\":\"f1000024\",\"image\":{\"@type\":\"ImageObject\",\"inLanguage\":\"es\",\"@id\":\"https:\\\/\\\/secure.gravatar.com\\\/avatar\\\/d4fe7459cfc51ff5129ce1a732bbef5928568b8092d412ef95611616376bbeed?s=96&d=mm&r=g\",\"url\":\"https:\\\/\\\/secure.gravatar.com\\\/avatar\\\/d4fe7459cfc51ff5129ce1a732bbef5928568b8092d412ef95611616376bbeed?s=96&d=mm&r=g\",\"contentUrl\":\"https:\\\/\\\/secure.gravatar.com\\\/avatar\\\/d4fe7459cfc51ff5129ce1a732bbef5928568b8092d412ef95611616376bbeed?s=96&d=mm&r=g\",\"caption\":\"f1000024\"},\"url\":\"https:\\\/\\\/cvinoticias.com\\\/v3\\\/author\\\/f1000024\\\/\"}]}<\/script>\n<!-- \/ Yoast SEO plugin. -->","yoast_head_json":{"title":"Iguaz\u00fa: Detuvieron a un joven por da\u00f1ar el veh\u00edculo de la pareja de su vecina | CVI NOTICIAS","robots":{"index":"index","follow":"follow","max-snippet":"max-snippet:-1","max-image-preview":"max-image-preview:large","max-video-preview":"max-video-preview:-1"},"canonical":"https:\/\/cvinoticias.com\/v3\/iguazu-detuvieron-a-un-joven-por-danar-el-vehiculo-de-la-pareja-de-su-vecina\/","og_locale":"es_ES","og_type":"article","og_title":"Iguaz\u00fa: Detuvieron a un joven por da\u00f1ar el veh\u00edculo de la pareja de su vecina | CVI NOTICIAS","og_description":"Ocurri\u00f3 anoche, alrededor de las 23.00 horas, sobre una calle interna del barrio Bicentenario de esta ciudad, donde efectivos de la comisar\u00eda seccional Cuarta detuvieron a un joven de 24 a\u00f1os, acusado de da\u00f1ar el veh\u00edculo de la pareja de su vecina que se hallaba estacionado en el mismo barrio. Los polic\u00edas fueron alertados del [&hellip;]","og_url":"https:\/\/cvinoticias.com\/v3\/iguazu-detuvieron-a-un-joven-por-danar-el-vehiculo-de-la-pareja-de-su-vecina\/","og_site_name":"CVI NOTICIAS","article_publisher":"https:\/\/www.facebook.com\/cvinoticias","article_published_time":"2021-07-13T13:18:07+00:00","og_image":[{"width":780,"height":1040,"url":"https:\/\/cvinoticias.com\/wp-content\/uploads\/2021\/07\/FB_IMG_1626182149848.jpg","type":"image\/jpeg"}],"author":"f1000024","twitter_card":"summary_large_image","twitter_misc":{"Escrito por":"f1000024","Tiempo de lectura":"1 minuto"},"schema":{"@context":"https:\/\/schema.org","@graph":[{"@type":"Article","@id":"https:\/\/cvinoticias.com\/v3\/iguazu-detuvieron-a-un-joven-por-danar-el-vehiculo-de-la-pareja-de-su-vecina\/#article","isPartOf":{"@id":"https:\/\/cvinoticias.com\/v3\/iguazu-detuvieron-a-un-joven-por-danar-el-vehiculo-de-la-pareja-de-su-vecina\/"},"author":{"name":"f1000024","@id":"https:\/\/cvinoticias.com\/v3\/#\/schema\/person\/2db77e3c6bc03c538495d7b2b8be9b66"},"headline":"Iguaz\u00fa: Detuvieron a un joven por da\u00f1ar el veh\u00edculo de la pareja de su vecina","datePublished":"2021-07-13T13:18:07+00:00","mainEntityOfPage":{"@id":"https:\/\/cvinoticias.com\/v3\/iguazu-detuvieron-a-un-joven-por-danar-el-vehiculo-de-la-pareja-de-su-vecina\/"},"wordCount":126,"commentCount":0,"publisher":{"@id":"https:\/\/cvinoticias.com\/v3\/#organization"},"image":{"@id":"https:\/\/cvinoticias.com\/v3\/iguazu-detuvieron-a-un-joven-por-danar-el-vehiculo-de-la-pareja-de-su-vecina\/#primaryimage"},"thumbnailUrl":"https:\/\/cvinoticias.com\/wp-content\/uploads\/2021\/07\/FB_IMG_1626182149848.jpg","articleSection":["Policiales"],"inLanguage":"es","potentialAction":[{"@type":"CommentAction","name":"Comment","target":["https:\/\/cvinoticias.com\/v3\/iguazu-detuvieron-a-un-joven-por-danar-el-vehiculo-de-la-pareja-de-su-vecina\/#respond"]}]},{"@type":"WebPage","@id":"https:\/\/cvinoticias.com\/v3\/iguazu-detuvieron-a-un-joven-por-danar-el-vehiculo-de-la-pareja-de-su-vecina\/","url":"https:\/\/cvinoticias.com\/v3\/iguazu-detuvieron-a-un-joven-por-danar-el-vehiculo-de-la-pareja-de-su-vecina\/","name":"Iguaz\u00fa: Detuvieron a un joven por da\u00f1ar el veh\u00edculo de la pareja de su vecina | CVI NOTICIAS","isPartOf":{"@id":"https:\/\/cvinoticias.com\/v3\/#website"},"primaryImageOfPage":{"@id":"https:\/\/cvinoticias.com\/v3\/iguazu-detuvieron-a-un-joven-por-danar-el-vehiculo-de-la-pareja-de-su-vecina\/#primaryimage"},"image":{"@id":"https:\/\/cvinoticias.com\/v3\/iguazu-detuvieron-a-un-joven-por-danar-el-vehiculo-de-la-pareja-de-su-vecina\/#primaryimage"},"thumbnailUrl":"https:\/\/cvinoticias.com\/wp-content\/uploads\/2021\/07\/FB_IMG_1626182149848.jpg","datePublished":"2021-07-13T13:18:07+00:00","breadcrumb":{"@id":"https:\/\/cvinoticias.com\/v3\/iguazu-detuvieron-a-un-joven-por-danar-el-vehiculo-de-la-pareja-de-su-vecina\/#breadcrumb"},"inLanguage":"es","potentialAction":[{"@type":"ReadAction","target":["https:\/\/cvinoticias.com\/v3\/iguazu-detuvieron-a-un-joven-por-danar-el-vehiculo-de-la-pareja-de-su-vecina\/"]}]},{"@type":"ImageObject","inLanguage":"es","@id":"https:\/\/cvinoticias.com\/v3\/iguazu-detuvieron-a-un-joven-por-danar-el-vehiculo-de-la-pareja-de-su-vecina\/#primaryimage","url":"https:\/\/cvinoticias.com\/wp-content\/uploads\/2021\/07\/FB_IMG_1626182149848.jpg","contentUrl":"https:\/\/cvinoticias.com\/wp-content\/uploads\/2021\/07\/FB_IMG_1626182149848.jpg","width":780,"height":1040},{"@type":"BreadcrumbList","@id":"https:\/\/cvinoticias.com\/v3\/iguazu-detuvieron-a-un-joven-por-danar-el-vehiculo-de-la-pareja-de-su-vecina\/#breadcrumb","itemListElement":[{"@type":"ListItem","position":1,"name":"Portada","item":"https:\/\/cvinoticias.com\/v3\/"},{"@type":"ListItem","position":2,"name":"Iguaz\u00fa: Detuvieron a un joven por da\u00f1ar el veh\u00edculo de la pareja de su vecina"}]},{"@type":"WebSite","@id":"https:\/\/cvinoticias.com\/v3\/#website","url":"https:\/\/cvinoticias.com\/v3\/","name":"CVI NOTICIAS","description":"","publisher":{"@id":"https:\/\/cvinoticias.com\/v3\/#organization"},"alternateName":"CVI","potentialAction":[{"@type":"SearchAction","target":{"@type":"EntryPoint","urlTemplate":"https:\/\/cvinoticias.com\/v3\/?s={search_term_string}"},"query-input":{"@type":"PropertyValueSpecification","valueRequired":true,"valueName":"search_term_string"}}],"inLanguage":"es"},{"@type":"Organization","@id":"https:\/\/cvinoticias.com\/v3\/#organization","name":"CVI NOTICIAS","url":"https:\/\/cvinoticias.com\/v3\/","logo":{"@type":"ImageObject","inLanguage":"es","@id":"https:\/\/cvinoticias.com\/v3\/#\/schema\/logo\/image\/","url":"https:\/\/cvinoticias.com\/wp-content\/uploads\/2023\/04\/cropped-cropped-cropped-cropped-cropped-3-1.png","contentUrl":"https:\/\/cvinoticias.com\/wp-content\/uploads\/2023\/04\/cropped-cropped-cropped-cropped-cropped-3-1.png","width":95,"height":122,"caption":"CVI NOTICIAS"},"image":{"@id":"https:\/\/cvinoticias.com\/v3\/#\/schema\/logo\/image\/"},"sameAs":["https:\/\/www.facebook.com\/cvinoticias","https:\/\/www.instagram.com\/cvinoticias\/","https:\/\/www.youtube.com\/@CVINOTICIAS"]},{"@type":"Person","@id":"https:\/\/cvinoticias.com\/v3\/#\/schema\/person\/2db77e3c6bc03c538495d7b2b8be9b66","name":"f1000024","image":{"@type":"ImageObject","inLanguage":"es","@id":"https:\/\/secure.gravatar.com\/avatar\/d4fe7459cfc51ff5129ce1a732bbef5928568b8092d412ef95611616376bbeed?s=96&d=mm&r=g","url":"https:\/\/secure.gravatar.com\/avatar\/d4fe7459cfc51ff5129ce1a732bbef5928568b8092d412ef95611616376bbeed?s=96&d=mm&r=g","contentUrl":"https:\/\/secure.gravatar.com\/avatar\/d4fe7459cfc51ff5129ce1a732bbef5928568b8092d412ef95611616376bbeed?s=96&d=mm&r=g","caption":"f1000024"},"url":"https:\/\/cvinoticias.com\/v3\/author\/f1000024\/"}]}},"_links":{"self":[{"href":"https:\/\/cvinoticias.com\/v3\/wp-json\/wp\/v2\/posts\/6764","targetHints":{"allow":["GET"]}}],"collection":[{"href":"https:\/\/cvinoticias.com\/v3\/wp-json\/wp\/v2\/posts"}],"about":[{"href":"https:\/\/cvinoticias.com\/v3\/wp-json\/wp\/v2\/types\/post"}],"author":[{"embeddable":true,"href":"https:\/\/cvinoticias.com\/v3\/wp-json\/wp\/v2\/users\/2"}],"replies":[{"embeddable":true,"href":"https:\/\/cvinoticias.com\/v3\/wp-json\/wp\/v2\/comments?post=6764"}],"version-history":[{"count":1,"href":"https:\/\/cvinoticias.com\/v3\/wp-json\/wp\/v2\/posts\/6764\/revisions"}],"predecessor-version":[{"id":6766,"href":"https:\/\/cvinoticias.com\/v3\/wp-json\/wp\/v2\/posts\/6764\/revisions\/6766"}],"wp:featuredmedia":[{"embeddable":true,"href":"https:\/\/cvinoticias.com\/v3\/wp-json\/wp\/v2\/media\/6765"}],"wp:attachment":[{"href":"https:\/\/cvinoticias.com\/v3\/wp-json\/wp\/v2\/media?parent=6764"}],"wp:term":[{"taxonomy":"category","embeddable":true,"href":"https:\/\/cvinoticias.com\/v3\/wp-json\/wp\/v2\/categories?post=6764"},{"taxonomy":"post_tag","embeddable":true,"href":"https:\/\/cvinoticias.com\/v3\/wp-json\/wp\/v2\/tags?post=6764"}],"curies":[{"name":"wp","href":"https:\/\/api.w.org\/{rel}","templated":true}]}}