{"id":6761,"date":"2021-07-13T09:33:44","date_gmt":"2021-07-13T09:33:44","guid":{"rendered":"https:\/\/cvinoticias.com\/v3\/?p=6761"},"modified":"2021-07-13T09:33:44","modified_gmt":"2021-07-13T09:33:44","slug":"ciclo-lectivo-2021-el-gobierno-aclaro-que-no-va-a-haber-promocion-escolar-automatica","status":"publish","type":"post","link":"https:\/\/cvinoticias.com\/v3\/ciclo-lectivo-2021-el-gobierno-aclaro-que-no-va-a-haber-promocion-escolar-automatica\/","title":{"rendered":"Ciclo lectivo 2021: el gobierno aclar\u00f3 que \u00abno va a haber promoci\u00f3n escolar autom\u00e1tica\u00bb"},"content":{"rendered":"\n<p><strong><em>El funcionario explic\u00f3 c\u00f3mo ser\u00e1 la evaluaci\u00f3n en los estudiantes para que pasen de a\u00f1o en un contexto adverso como fue la pandemia.<\/em><\/strong><\/p>\n\n\n\n<p>El ministro de Educaci\u00f3n, Nicol\u00e1s Trotta, aclar\u00f3 que \u00abno va haber promoci\u00f3n escolar autom\u00e1tica\u00bb del ciclo lectivo 2021, mientras que se mostr\u00f3 confiado en que \u00abla vacunaci\u00f3n de los estudiantes permitir\u00e1 recuperar la presencialidad absoluta en el 2022\u00bb.<\/p>\n\n\n\n<p>El funcionario precis\u00f3 que \u00abpara la promoci\u00f3n escolar se viene desarrollando una estrategia com\u00fan con todas las jurisdicciones, y los caminos los va a terminar de definir el Consejo Federal de Educaci\u00f3n\u00bb, pero reafirm\u00f3 que \u00abno va a haber promoci\u00f3n autom\u00e1tica. No hubo el a\u00f1o pasado y mucho menos este a\u00f1o\u00bb.<\/p>\n\n\n\n<p>Tras la disminuci\u00f3n de casos, el Gobierno habilit\u00f3 las clases semipresenciales siguiendo un estricto plan jurisdiccional para evitar contagios y garantizar de la mejor manera la continuidad pedag\u00f3gica.\u00a0<\/p>\n\n\n\n<p><\/p>\n","protected":false},"excerpt":{"rendered":"<p>El funcionario explic\u00f3 c\u00f3mo ser\u00e1 la evaluaci\u00f3n en los estudiantes para que pasen de a\u00f1o en un contexto adverso como fue la pandemia. El ministro de Educaci\u00f3n, Nicol\u00e1s Trotta, aclar\u00f3 que \u00abno va haber promoci\u00f3n escolar autom\u00e1tica\u00bb del ciclo lectivo 2021, mientras que se mostr\u00f3 confiado en que \u00abla vacunaci\u00f3n de los estudiantes permitir\u00e1 recuperar [&hellip;]<\/p>\n","protected":false},"author":2,"featured_media":6762,"comment_status":"open","ping_status":"open","sticky":false,"template":"","format":"standard","meta":{"footnotes":""},"categories":[26],"tags":[],"class_list":["post-6761","post","type-post","status-publish","format-standard","has-post-thumbnail","hentry","category-educacion"],"yoast_head":"<!-- This site is optimized with the Yoast SEO plugin v27.5 - https:\/\/yoast.com\/product\/yoast-seo-wordpress\/ -->\n<title>Ciclo lectivo 2021: el gobierno aclar\u00f3 que &quot;no va a haber promoci\u00f3n escolar autom\u00e1tica&quot; | CVI NOTICIAS<\/title>\n<meta name=\"robots\" content=\"index, follow, max-snippet:-1, max-image-preview:large, max-video-preview:-1\" \/>\n<link rel=\"canonical\" href=\"https:\/\/cvinoticias.com\/v3\/ciclo-lectivo-2021-el-gobierno-aclaro-que-no-va-a-haber-promocion-escolar-automatica\/\" \/>\n<meta property=\"og:locale\" content=\"es_ES\" \/>\n<meta property=\"og:type\" content=\"article\" \/>\n<meta property=\"og:title\" content=\"Ciclo lectivo 2021: el gobierno aclar\u00f3 que &quot;no va a haber promoci\u00f3n escolar autom\u00e1tica&quot; | CVI NOTICIAS\" \/>\n<meta property=\"og:description\" content=\"El funcionario explic\u00f3 c\u00f3mo ser\u00e1 la evaluaci\u00f3n en los estudiantes para que pasen de a\u00f1o en un contexto adverso como fue la pandemia. El ministro de Educaci\u00f3n, Nicol\u00e1s Trotta, aclar\u00f3 que \u00abno va haber promoci\u00f3n escolar autom\u00e1tica\u00bb del ciclo lectivo 2021, mientras que se mostr\u00f3 confiado en que \u00abla vacunaci\u00f3n de los estudiantes permitir\u00e1 recuperar [&hellip;]\" \/>\n<meta property=\"og:url\" content=\"https:\/\/cvinoticias.com\/v3\/ciclo-lectivo-2021-el-gobierno-aclaro-que-no-va-a-haber-promocion-escolar-automatica\/\" \/>\n<meta property=\"og:site_name\" content=\"CVI NOTICIAS\" \/>\n<meta property=\"article:publisher\" content=\"https:\/\/www.facebook.com\/cvinoticias\" \/>\n<meta property=\"article:published_time\" content=\"2021-07-13T09:33:44+00:00\" \/>\n<meta property=\"og:image\" content=\"https:\/\/cvinoticias.com\/wp-content\/uploads\/2021\/07\/26dc4f02f20398379187b903655d6a2b_XL.jpg\" \/>\n\t<meta property=\"og:image:width\" content=\"918\" \/>\n\t<meta property=\"og:image:height\" content=\"821\" \/>\n\t<meta property=\"og:image:type\" content=\"image\/jpeg\" \/>\n<meta name=\"author\" content=\"f1000024\" \/>\n<meta name=\"twitter:card\" content=\"summary_large_image\" \/>\n<meta name=\"twitter:label1\" content=\"Escrito por\" \/>\n\t<meta name=\"twitter:data1\" content=\"f1000024\" \/>\n\t<meta name=\"twitter:label2\" content=\"Tiempo de lectura\" \/>\n\t<meta name=\"twitter:data2\" content=\"1 minuto\" \/>\n<script type=\"application\/ld+json\" class=\"yoast-schema-graph\">{\"@context\":\"https:\\\/\\\/schema.org\",\"@graph\":[{\"@type\":\"Article\",\"@id\":\"https:\\\/\\\/cvinoticias.com\\\/v3\\\/ciclo-lectivo-2021-el-gobierno-aclaro-que-no-va-a-haber-promocion-escolar-automatica\\\/#article\",\"isPartOf\":{\"@id\":\"https:\\\/\\\/cvinoticias.com\\\/v3\\\/ciclo-lectivo-2021-el-gobierno-aclaro-que-no-va-a-haber-promocion-escolar-automatica\\\/\"},\"author\":{\"name\":\"f1000024\",\"@id\":\"https:\\\/\\\/cvinoticias.com\\\/v3\\\/#\\\/schema\\\/person\\\/2db77e3c6bc03c538495d7b2b8be9b66\"},\"headline\":\"Ciclo lectivo 2021: el gobierno aclar\u00f3 que \u00abno va a haber promoci\u00f3n escolar autom\u00e1tica\u00bb\",\"datePublished\":\"2021-07-13T09:33:44+00:00\",\"mainEntityOfPage\":{\"@id\":\"https:\\\/\\\/cvinoticias.com\\\/v3\\\/ciclo-lectivo-2021-el-gobierno-aclaro-que-no-va-a-haber-promocion-escolar-automatica\\\/\"},\"wordCount\":170,\"commentCount\":0,\"publisher\":{\"@id\":\"https:\\\/\\\/cvinoticias.com\\\/v3\\\/#organization\"},\"image\":{\"@id\":\"https:\\\/\\\/cvinoticias.com\\\/v3\\\/ciclo-lectivo-2021-el-gobierno-aclaro-que-no-va-a-haber-promocion-escolar-automatica\\\/#primaryimage\"},\"thumbnailUrl\":\"https:\\\/\\\/cvinoticias.com\\\/wp-content\\\/uploads\\\/2021\\\/07\\\/26dc4f02f20398379187b903655d6a2b_XL.jpg\",\"articleSection\":[\"Educacion\"],\"inLanguage\":\"es\",\"potentialAction\":[{\"@type\":\"CommentAction\",\"name\":\"Comment\",\"target\":[\"https:\\\/\\\/cvinoticias.com\\\/v3\\\/ciclo-lectivo-2021-el-gobierno-aclaro-que-no-va-a-haber-promocion-escolar-automatica\\\/#respond\"]}]},{\"@type\":\"WebPage\",\"@id\":\"https:\\\/\\\/cvinoticias.com\\\/v3\\\/ciclo-lectivo-2021-el-gobierno-aclaro-que-no-va-a-haber-promocion-escolar-automatica\\\/\",\"url\":\"https:\\\/\\\/cvinoticias.com\\\/v3\\\/ciclo-lectivo-2021-el-gobierno-aclaro-que-no-va-a-haber-promocion-escolar-automatica\\\/\",\"name\":\"Ciclo lectivo 2021: el gobierno aclar\u00f3 que \\\"no va a haber promoci\u00f3n escolar autom\u00e1tica\\\" | CVI NOTICIAS\",\"isPartOf\":{\"@id\":\"https:\\\/\\\/cvinoticias.com\\\/v3\\\/#website\"},\"primaryImageOfPage\":{\"@id\":\"https:\\\/\\\/cvinoticias.com\\\/v3\\\/ciclo-lectivo-2021-el-gobierno-aclaro-que-no-va-a-haber-promocion-escolar-automatica\\\/#primaryimage\"},\"image\":{\"@id\":\"https:\\\/\\\/cvinoticias.com\\\/v3\\\/ciclo-lectivo-2021-el-gobierno-aclaro-que-no-va-a-haber-promocion-escolar-automatica\\\/#primaryimage\"},\"thumbnailUrl\":\"https:\\\/\\\/cvinoticias.com\\\/wp-content\\\/uploads\\\/2021\\\/07\\\/26dc4f02f20398379187b903655d6a2b_XL.jpg\",\"datePublished\":\"2021-07-13T09:33:44+00:00\",\"breadcrumb\":{\"@id\":\"https:\\\/\\\/cvinoticias.com\\\/v3\\\/ciclo-lectivo-2021-el-gobierno-aclaro-que-no-va-a-haber-promocion-escolar-automatica\\\/#breadcrumb\"},\"inLanguage\":\"es\",\"potentialAction\":[{\"@type\":\"ReadAction\",\"target\":[\"https:\\\/\\\/cvinoticias.com\\\/v3\\\/ciclo-lectivo-2021-el-gobierno-aclaro-que-no-va-a-haber-promocion-escolar-automatica\\\/\"]}]},{\"@type\":\"ImageObject\",\"inLanguage\":\"es\",\"@id\":\"https:\\\/\\\/cvinoticias.com\\\/v3\\\/ciclo-lectivo-2021-el-gobierno-aclaro-que-no-va-a-haber-promocion-escolar-automatica\\\/#primaryimage\",\"url\":\"https:\\\/\\\/cvinoticias.com\\\/wp-content\\\/uploads\\\/2021\\\/07\\\/26dc4f02f20398379187b903655d6a2b_XL.jpg\",\"contentUrl\":\"https:\\\/\\\/cvinoticias.com\\\/wp-content\\\/uploads\\\/2021\\\/07\\\/26dc4f02f20398379187b903655d6a2b_XL.jpg\",\"width\":918,\"height\":821},{\"@type\":\"BreadcrumbList\",\"@id\":\"https:\\\/\\\/cvinoticias.com\\\/v3\\\/ciclo-lectivo-2021-el-gobierno-aclaro-que-no-va-a-haber-promocion-escolar-automatica\\\/#breadcrumb\",\"itemListElement\":[{\"@type\":\"ListItem\",\"position\":1,\"name\":\"Portada\",\"item\":\"https:\\\/\\\/cvinoticias.com\\\/v3\\\/\"},{\"@type\":\"ListItem\",\"position\":2,\"name\":\"Ciclo lectivo 2021: el gobierno aclar\u00f3 que \u00abno va a haber promoci\u00f3n escolar autom\u00e1tica\u00bb\"}]},{\"@type\":\"WebSite\",\"@id\":\"https:\\\/\\\/cvinoticias.com\\\/v3\\\/#website\",\"url\":\"https:\\\/\\\/cvinoticias.com\\\/v3\\\/\",\"name\":\"CVI NOTICIAS\",\"description\":\"\",\"publisher\":{\"@id\":\"https:\\\/\\\/cvinoticias.com\\\/v3\\\/#organization\"},\"alternateName\":\"CVI\",\"potentialAction\":[{\"@type\":\"SearchAction\",\"target\":{\"@type\":\"EntryPoint\",\"urlTemplate\":\"https:\\\/\\\/cvinoticias.com\\\/v3\\\/?s={search_term_string}\"},\"query-input\":{\"@type\":\"PropertyValueSpecification\",\"valueRequired\":true,\"valueName\":\"search_term_string\"}}],\"inLanguage\":\"es\"},{\"@type\":\"Organization\",\"@id\":\"https:\\\/\\\/cvinoticias.com\\\/v3\\\/#organization\",\"name\":\"CVI NOTICIAS\",\"url\":\"https:\\\/\\\/cvinoticias.com\\\/v3\\\/\",\"logo\":{\"@type\":\"ImageObject\",\"inLanguage\":\"es\",\"@id\":\"https:\\\/\\\/cvinoticias.com\\\/v3\\\/#\\\/schema\\\/logo\\\/image\\\/\",\"url\":\"https:\\\/\\\/cvinoticias.com\\\/wp-content\\\/uploads\\\/2023\\\/04\\\/cropped-cropped-cropped-cropped-cropped-3-1.png\",\"contentUrl\":\"https:\\\/\\\/cvinoticias.com\\\/wp-content\\\/uploads\\\/2023\\\/04\\\/cropped-cropped-cropped-cropped-cropped-3-1.png\",\"width\":95,\"height\":122,\"caption\":\"CVI NOTICIAS\"},\"image\":{\"@id\":\"https:\\\/\\\/cvinoticias.com\\\/v3\\\/#\\\/schema\\\/logo\\\/image\\\/\"},\"sameAs\":[\"https:\\\/\\\/www.facebook.com\\\/cvinoticias\",\"https:\\\/\\\/www.instagram.com\\\/cvinoticias\\\/\",\"https:\\\/\\\/www.youtube.com\\\/@CVINOTICIAS\"]},{\"@type\":\"Person\",\"@id\":\"https:\\\/\\\/cvinoticias.com\\\/v3\\\/#\\\/schema\\\/person\\\/2db77e3c6bc03c538495d7b2b8be9b66\",\"name\":\"f1000024\",\"image\":{\"@type\":\"ImageObject\",\"inLanguage\":\"es\",\"@id\":\"https:\\\/\\\/secure.gravatar.com\\\/avatar\\\/d4fe7459cfc51ff5129ce1a732bbef5928568b8092d412ef95611616376bbeed?s=96&d=mm&r=g\",\"url\":\"https:\\\/\\\/secure.gravatar.com\\\/avatar\\\/d4fe7459cfc51ff5129ce1a732bbef5928568b8092d412ef95611616376bbeed?s=96&d=mm&r=g\",\"contentUrl\":\"https:\\\/\\\/secure.gravatar.com\\\/avatar\\\/d4fe7459cfc51ff5129ce1a732bbef5928568b8092d412ef95611616376bbeed?s=96&d=mm&r=g\",\"caption\":\"f1000024\"},\"url\":\"https:\\\/\\\/cvinoticias.com\\\/v3\\\/author\\\/f1000024\\\/\"}]}<\/script>\n<!-- \/ Yoast SEO plugin. -->","yoast_head_json":{"title":"Ciclo lectivo 2021: el gobierno aclar\u00f3 que \"no va a haber promoci\u00f3n escolar autom\u00e1tica\" | CVI NOTICIAS","robots":{"index":"index","follow":"follow","max-snippet":"max-snippet:-1","max-image-preview":"max-image-preview:large","max-video-preview":"max-video-preview:-1"},"canonical":"https:\/\/cvinoticias.com\/v3\/ciclo-lectivo-2021-el-gobierno-aclaro-que-no-va-a-haber-promocion-escolar-automatica\/","og_locale":"es_ES","og_type":"article","og_title":"Ciclo lectivo 2021: el gobierno aclar\u00f3 que \"no va a haber promoci\u00f3n escolar autom\u00e1tica\" | CVI NOTICIAS","og_description":"El funcionario explic\u00f3 c\u00f3mo ser\u00e1 la evaluaci\u00f3n en los estudiantes para que pasen de a\u00f1o en un contexto adverso como fue la pandemia. El ministro de Educaci\u00f3n, Nicol\u00e1s Trotta, aclar\u00f3 que \u00abno va haber promoci\u00f3n escolar autom\u00e1tica\u00bb del ciclo lectivo 2021, mientras que se mostr\u00f3 confiado en que \u00abla vacunaci\u00f3n de los estudiantes permitir\u00e1 recuperar [&hellip;]","og_url":"https:\/\/cvinoticias.com\/v3\/ciclo-lectivo-2021-el-gobierno-aclaro-que-no-va-a-haber-promocion-escolar-automatica\/","og_site_name":"CVI NOTICIAS","article_publisher":"https:\/\/www.facebook.com\/cvinoticias","article_published_time":"2021-07-13T09:33:44+00:00","og_image":[{"width":918,"height":821,"url":"https:\/\/cvinoticias.com\/wp-content\/uploads\/2021\/07\/26dc4f02f20398379187b903655d6a2b_XL.jpg","type":"image\/jpeg"}],"author":"f1000024","twitter_card":"summary_large_image","twitter_misc":{"Escrito por":"f1000024","Tiempo de lectura":"1 minuto"},"schema":{"@context":"https:\/\/schema.org","@graph":[{"@type":"Article","@id":"https:\/\/cvinoticias.com\/v3\/ciclo-lectivo-2021-el-gobierno-aclaro-que-no-va-a-haber-promocion-escolar-automatica\/#article","isPartOf":{"@id":"https:\/\/cvinoticias.com\/v3\/ciclo-lectivo-2021-el-gobierno-aclaro-que-no-va-a-haber-promocion-escolar-automatica\/"},"author":{"name":"f1000024","@id":"https:\/\/cvinoticias.com\/v3\/#\/schema\/person\/2db77e3c6bc03c538495d7b2b8be9b66"},"headline":"Ciclo lectivo 2021: el gobierno aclar\u00f3 que \u00abno va a haber promoci\u00f3n escolar autom\u00e1tica\u00bb","datePublished":"2021-07-13T09:33:44+00:00","mainEntityOfPage":{"@id":"https:\/\/cvinoticias.com\/v3\/ciclo-lectivo-2021-el-gobierno-aclaro-que-no-va-a-haber-promocion-escolar-automatica\/"},"wordCount":170,"commentCount":0,"publisher":{"@id":"https:\/\/cvinoticias.com\/v3\/#organization"},"image":{"@id":"https:\/\/cvinoticias.com\/v3\/ciclo-lectivo-2021-el-gobierno-aclaro-que-no-va-a-haber-promocion-escolar-automatica\/#primaryimage"},"thumbnailUrl":"https:\/\/cvinoticias.com\/wp-content\/uploads\/2021\/07\/26dc4f02f20398379187b903655d6a2b_XL.jpg","articleSection":["Educacion"],"inLanguage":"es","potentialAction":[{"@type":"CommentAction","name":"Comment","target":["https:\/\/cvinoticias.com\/v3\/ciclo-lectivo-2021-el-gobierno-aclaro-que-no-va-a-haber-promocion-escolar-automatica\/#respond"]}]},{"@type":"WebPage","@id":"https:\/\/cvinoticias.com\/v3\/ciclo-lectivo-2021-el-gobierno-aclaro-que-no-va-a-haber-promocion-escolar-automatica\/","url":"https:\/\/cvinoticias.com\/v3\/ciclo-lectivo-2021-el-gobierno-aclaro-que-no-va-a-haber-promocion-escolar-automatica\/","name":"Ciclo lectivo 2021: el gobierno aclar\u00f3 que \"no va a haber promoci\u00f3n escolar autom\u00e1tica\" | CVI NOTICIAS","isPartOf":{"@id":"https:\/\/cvinoticias.com\/v3\/#website"},"primaryImageOfPage":{"@id":"https:\/\/cvinoticias.com\/v3\/ciclo-lectivo-2021-el-gobierno-aclaro-que-no-va-a-haber-promocion-escolar-automatica\/#primaryimage"},"image":{"@id":"https:\/\/cvinoticias.com\/v3\/ciclo-lectivo-2021-el-gobierno-aclaro-que-no-va-a-haber-promocion-escolar-automatica\/#primaryimage"},"thumbnailUrl":"https:\/\/cvinoticias.com\/wp-content\/uploads\/2021\/07\/26dc4f02f20398379187b903655d6a2b_XL.jpg","datePublished":"2021-07-13T09:33:44+00:00","breadcrumb":{"@id":"https:\/\/cvinoticias.com\/v3\/ciclo-lectivo-2021-el-gobierno-aclaro-que-no-va-a-haber-promocion-escolar-automatica\/#breadcrumb"},"inLanguage":"es","potentialAction":[{"@type":"ReadAction","target":["https:\/\/cvinoticias.com\/v3\/ciclo-lectivo-2021-el-gobierno-aclaro-que-no-va-a-haber-promocion-escolar-automatica\/"]}]},{"@type":"ImageObject","inLanguage":"es","@id":"https:\/\/cvinoticias.com\/v3\/ciclo-lectivo-2021-el-gobierno-aclaro-que-no-va-a-haber-promocion-escolar-automatica\/#primaryimage","url":"https:\/\/cvinoticias.com\/wp-content\/uploads\/2021\/07\/26dc4f02f20398379187b903655d6a2b_XL.jpg","contentUrl":"https:\/\/cvinoticias.com\/wp-content\/uploads\/2021\/07\/26dc4f02f20398379187b903655d6a2b_XL.jpg","width":918,"height":821},{"@type":"BreadcrumbList","@id":"https:\/\/cvinoticias.com\/v3\/ciclo-lectivo-2021-el-gobierno-aclaro-que-no-va-a-haber-promocion-escolar-automatica\/#breadcrumb","itemListElement":[{"@type":"ListItem","position":1,"name":"Portada","item":"https:\/\/cvinoticias.com\/v3\/"},{"@type":"ListItem","position":2,"name":"Ciclo lectivo 2021: el gobierno aclar\u00f3 que \u00abno va a haber promoci\u00f3n escolar autom\u00e1tica\u00bb"}]},{"@type":"WebSite","@id":"https:\/\/cvinoticias.com\/v3\/#website","url":"https:\/\/cvinoticias.com\/v3\/","name":"CVI NOTICIAS","description":"","publisher":{"@id":"https:\/\/cvinoticias.com\/v3\/#organization"},"alternateName":"CVI","potentialAction":[{"@type":"SearchAction","target":{"@type":"EntryPoint","urlTemplate":"https:\/\/cvinoticias.com\/v3\/?s={search_term_string}"},"query-input":{"@type":"PropertyValueSpecification","valueRequired":true,"valueName":"search_term_string"}}],"inLanguage":"es"},{"@type":"Organization","@id":"https:\/\/cvinoticias.com\/v3\/#organization","name":"CVI NOTICIAS","url":"https:\/\/cvinoticias.com\/v3\/","logo":{"@type":"ImageObject","inLanguage":"es","@id":"https:\/\/cvinoticias.com\/v3\/#\/schema\/logo\/image\/","url":"https:\/\/cvinoticias.com\/wp-content\/uploads\/2023\/04\/cropped-cropped-cropped-cropped-cropped-3-1.png","contentUrl":"https:\/\/cvinoticias.com\/wp-content\/uploads\/2023\/04\/cropped-cropped-cropped-cropped-cropped-3-1.png","width":95,"height":122,"caption":"CVI NOTICIAS"},"image":{"@id":"https:\/\/cvinoticias.com\/v3\/#\/schema\/logo\/image\/"},"sameAs":["https:\/\/www.facebook.com\/cvinoticias","https:\/\/www.instagram.com\/cvinoticias\/","https:\/\/www.youtube.com\/@CVINOTICIAS"]},{"@type":"Person","@id":"https:\/\/cvinoticias.com\/v3\/#\/schema\/person\/2db77e3c6bc03c538495d7b2b8be9b66","name":"f1000024","image":{"@type":"ImageObject","inLanguage":"es","@id":"https:\/\/secure.gravatar.com\/avatar\/d4fe7459cfc51ff5129ce1a732bbef5928568b8092d412ef95611616376bbeed?s=96&d=mm&r=g","url":"https:\/\/secure.gravatar.com\/avatar\/d4fe7459cfc51ff5129ce1a732bbef5928568b8092d412ef95611616376bbeed?s=96&d=mm&r=g","contentUrl":"https:\/\/secure.gravatar.com\/avatar\/d4fe7459cfc51ff5129ce1a732bbef5928568b8092d412ef95611616376bbeed?s=96&d=mm&r=g","caption":"f1000024"},"url":"https:\/\/cvinoticias.com\/v3\/author\/f1000024\/"}]}},"_links":{"self":[{"href":"https:\/\/cvinoticias.com\/v3\/wp-json\/wp\/v2\/posts\/6761","targetHints":{"allow":["GET"]}}],"collection":[{"href":"https:\/\/cvinoticias.com\/v3\/wp-json\/wp\/v2\/posts"}],"about":[{"href":"https:\/\/cvinoticias.com\/v3\/wp-json\/wp\/v2\/types\/post"}],"author":[{"embeddable":true,"href":"https:\/\/cvinoticias.com\/v3\/wp-json\/wp\/v2\/users\/2"}],"replies":[{"embeddable":true,"href":"https:\/\/cvinoticias.com\/v3\/wp-json\/wp\/v2\/comments?post=6761"}],"version-history":[{"count":1,"href":"https:\/\/cvinoticias.com\/v3\/wp-json\/wp\/v2\/posts\/6761\/revisions"}],"predecessor-version":[{"id":6763,"href":"https:\/\/cvinoticias.com\/v3\/wp-json\/wp\/v2\/posts\/6761\/revisions\/6763"}],"wp:featuredmedia":[{"embeddable":true,"href":"https:\/\/cvinoticias.com\/v3\/wp-json\/wp\/v2\/media\/6762"}],"wp:attachment":[{"href":"https:\/\/cvinoticias.com\/v3\/wp-json\/wp\/v2\/media?parent=6761"}],"wp:term":[{"taxonomy":"category","embeddable":true,"href":"https:\/\/cvinoticias.com\/v3\/wp-json\/wp\/v2\/categories?post=6761"},{"taxonomy":"post_tag","embeddable":true,"href":"https:\/\/cvinoticias.com\/v3\/wp-json\/wp\/v2\/tags?post=6761"}],"curies":[{"name":"wp","href":"https:\/\/api.w.org\/{rel}","templated":true}]}}