{"id":6755,"date":"2021-07-13T09:13:39","date_gmt":"2021-07-13T09:13:39","guid":{"rendered":"https:\/\/cvinoticias.com\/v3\/?p=6755"},"modified":"2021-07-13T09:13:39","modified_gmt":"2021-07-13T09:13:39","slug":"iguazu-la-policia-recupero-otra-motocicleta-robada-en-operativos-de-seguridad-rural","status":"publish","type":"post","link":"https:\/\/cvinoticias.com\/v3\/iguazu-la-policia-recupero-otra-motocicleta-robada-en-operativos-de-seguridad-rural\/","title":{"rendered":"Iguaz\u00fa: La Polic\u00eda recuper\u00f3 otra motocicleta robada en operativos de seguridad rural"},"content":{"rendered":"\n<p><strong><em>Fueron los efectivos de la Divisi\u00f3n Investigaciones de la Unidad Regional V, quienes en las \u00faltimas horas y en el marco de los operativos de prevenci\u00f3n secuestraron una motocicleta marca Guerrero de 110c.c., que fue hallada escondida en la zona de las 2000 hect\u00e1reas.<\/em><\/strong><\/p>\n\n\n\n<p>Los efectivos se encontraban realizando trabajos investigativos por la zona, cuando encontraron el rodado oculto. Posteriormente, tras compulsas efectuadas se estableci\u00f3 que la moto fue denunciada como sustra\u00edda el pasado 25 de Mayo, cuando desconocidos se la llevaron de la Avenida Rep\u00fablica Argentina a metros de la calle Bernab\u00e9 M\u00e9ndez de esta ciudad.<\/p>\n\n\n\n<p>Finalmente, luego de los tr\u00e1mites de rigor fue restituido al damnificado.<\/p>\n","protected":false},"excerpt":{"rendered":"<p>Fueron los efectivos de la Divisi\u00f3n Investigaciones de la Unidad Regional V, quienes en las \u00faltimas horas y en el marco de los operativos de prevenci\u00f3n secuestraron una motocicleta marca Guerrero de 110c.c., que fue hallada escondida en la zona de las 2000 hect\u00e1reas. Los efectivos se encontraban realizando trabajos investigativos por la zona, cuando [&hellip;]<\/p>\n","protected":false},"author":2,"featured_media":6756,"comment_status":"open","ping_status":"open","sticky":false,"template":"","format":"standard","meta":{"footnotes":""},"categories":[41],"tags":[],"class_list":["post-6755","post","type-post","status-publish","format-standard","has-post-thumbnail","hentry","category-policiales"],"yoast_head":"<!-- This site is optimized with the Yoast SEO plugin v27.4 - https:\/\/yoast.com\/product\/yoast-seo-wordpress\/ -->\n<title>Iguaz\u00fa: La Polic\u00eda recuper\u00f3 otra motocicleta robada en operativos de seguridad rural | CVI NOTICIAS<\/title>\n<meta name=\"robots\" content=\"index, follow, max-snippet:-1, max-image-preview:large, max-video-preview:-1\" \/>\n<link rel=\"canonical\" href=\"https:\/\/cvinoticias.com\/v3\/iguazu-la-policia-recupero-otra-motocicleta-robada-en-operativos-de-seguridad-rural\/\" \/>\n<meta property=\"og:locale\" content=\"es_ES\" \/>\n<meta property=\"og:type\" content=\"article\" \/>\n<meta property=\"og:title\" content=\"Iguaz\u00fa: La Polic\u00eda recuper\u00f3 otra motocicleta robada en operativos de seguridad rural | CVI NOTICIAS\" \/>\n<meta property=\"og:description\" content=\"Fueron los efectivos de la Divisi\u00f3n Investigaciones de la Unidad Regional V, quienes en las \u00faltimas horas y en el marco de los operativos de prevenci\u00f3n secuestraron una motocicleta marca Guerrero de 110c.c., que fue hallada escondida en la zona de las 2000 hect\u00e1reas. Los efectivos se encontraban realizando trabajos investigativos por la zona, cuando [&hellip;]\" \/>\n<meta property=\"og:url\" content=\"https:\/\/cvinoticias.com\/v3\/iguazu-la-policia-recupero-otra-motocicleta-robada-en-operativos-de-seguridad-rural\/\" \/>\n<meta property=\"og:site_name\" content=\"CVI NOTICIAS\" \/>\n<meta property=\"article:publisher\" content=\"https:\/\/www.facebook.com\/cvinoticias\" \/>\n<meta property=\"article:published_time\" content=\"2021-07-13T09:13:39+00:00\" \/>\n<meta property=\"og:image\" content=\"https:\/\/cvinoticias.com\/wp-content\/uploads\/2021\/07\/FB_IMG_1626167258866.jpg\" \/>\n\t<meta property=\"og:image:width\" content=\"819\" \/>\n\t<meta property=\"og:image:height\" content=\"836\" \/>\n\t<meta property=\"og:image:type\" content=\"image\/jpeg\" \/>\n<meta name=\"author\" content=\"f1000024\" \/>\n<meta name=\"twitter:card\" content=\"summary_large_image\" \/>\n<meta name=\"twitter:label1\" content=\"Escrito por\" \/>\n\t<meta name=\"twitter:data1\" content=\"f1000024\" \/>\n\t<meta name=\"twitter:label2\" content=\"Tiempo de lectura\" \/>\n\t<meta name=\"twitter:data2\" content=\"1 minuto\" \/>\n<script type=\"application\/ld+json\" class=\"yoast-schema-graph\">{\"@context\":\"https:\\\/\\\/schema.org\",\"@graph\":[{\"@type\":\"Article\",\"@id\":\"https:\\\/\\\/cvinoticias.com\\\/v3\\\/iguazu-la-policia-recupero-otra-motocicleta-robada-en-operativos-de-seguridad-rural\\\/#article\",\"isPartOf\":{\"@id\":\"https:\\\/\\\/cvinoticias.com\\\/v3\\\/iguazu-la-policia-recupero-otra-motocicleta-robada-en-operativos-de-seguridad-rural\\\/\"},\"author\":{\"name\":\"f1000024\",\"@id\":\"https:\\\/\\\/cvinoticias.com\\\/v3\\\/#\\\/schema\\\/person\\\/2db77e3c6bc03c538495d7b2b8be9b66\"},\"headline\":\"Iguaz\u00fa: La Polic\u00eda recuper\u00f3 otra motocicleta robada en operativos de seguridad rural\",\"datePublished\":\"2021-07-13T09:13:39+00:00\",\"mainEntityOfPage\":{\"@id\":\"https:\\\/\\\/cvinoticias.com\\\/v3\\\/iguazu-la-policia-recupero-otra-motocicleta-robada-en-operativos-de-seguridad-rural\\\/\"},\"wordCount\":127,\"commentCount\":1,\"publisher\":{\"@id\":\"https:\\\/\\\/cvinoticias.com\\\/v3\\\/#organization\"},\"image\":{\"@id\":\"https:\\\/\\\/cvinoticias.com\\\/v3\\\/iguazu-la-policia-recupero-otra-motocicleta-robada-en-operativos-de-seguridad-rural\\\/#primaryimage\"},\"thumbnailUrl\":\"https:\\\/\\\/cvinoticias.com\\\/wp-content\\\/uploads\\\/2021\\\/07\\\/FB_IMG_1626167258866.jpg\",\"articleSection\":[\"Policiales\"],\"inLanguage\":\"es\",\"potentialAction\":[{\"@type\":\"CommentAction\",\"name\":\"Comment\",\"target\":[\"https:\\\/\\\/cvinoticias.com\\\/v3\\\/iguazu-la-policia-recupero-otra-motocicleta-robada-en-operativos-de-seguridad-rural\\\/#respond\"]}]},{\"@type\":\"WebPage\",\"@id\":\"https:\\\/\\\/cvinoticias.com\\\/v3\\\/iguazu-la-policia-recupero-otra-motocicleta-robada-en-operativos-de-seguridad-rural\\\/\",\"url\":\"https:\\\/\\\/cvinoticias.com\\\/v3\\\/iguazu-la-policia-recupero-otra-motocicleta-robada-en-operativos-de-seguridad-rural\\\/\",\"name\":\"Iguaz\u00fa: La Polic\u00eda recuper\u00f3 otra motocicleta robada en operativos de seguridad rural | CVI NOTICIAS\",\"isPartOf\":{\"@id\":\"https:\\\/\\\/cvinoticias.com\\\/v3\\\/#website\"},\"primaryImageOfPage\":{\"@id\":\"https:\\\/\\\/cvinoticias.com\\\/v3\\\/iguazu-la-policia-recupero-otra-motocicleta-robada-en-operativos-de-seguridad-rural\\\/#primaryimage\"},\"image\":{\"@id\":\"https:\\\/\\\/cvinoticias.com\\\/v3\\\/iguazu-la-policia-recupero-otra-motocicleta-robada-en-operativos-de-seguridad-rural\\\/#primaryimage\"},\"thumbnailUrl\":\"https:\\\/\\\/cvinoticias.com\\\/wp-content\\\/uploads\\\/2021\\\/07\\\/FB_IMG_1626167258866.jpg\",\"datePublished\":\"2021-07-13T09:13:39+00:00\",\"breadcrumb\":{\"@id\":\"https:\\\/\\\/cvinoticias.com\\\/v3\\\/iguazu-la-policia-recupero-otra-motocicleta-robada-en-operativos-de-seguridad-rural\\\/#breadcrumb\"},\"inLanguage\":\"es\",\"potentialAction\":[{\"@type\":\"ReadAction\",\"target\":[\"https:\\\/\\\/cvinoticias.com\\\/v3\\\/iguazu-la-policia-recupero-otra-motocicleta-robada-en-operativos-de-seguridad-rural\\\/\"]}]},{\"@type\":\"ImageObject\",\"inLanguage\":\"es\",\"@id\":\"https:\\\/\\\/cvinoticias.com\\\/v3\\\/iguazu-la-policia-recupero-otra-motocicleta-robada-en-operativos-de-seguridad-rural\\\/#primaryimage\",\"url\":\"https:\\\/\\\/cvinoticias.com\\\/wp-content\\\/uploads\\\/2021\\\/07\\\/FB_IMG_1626167258866.jpg\",\"contentUrl\":\"https:\\\/\\\/cvinoticias.com\\\/wp-content\\\/uploads\\\/2021\\\/07\\\/FB_IMG_1626167258866.jpg\",\"width\":819,\"height\":836},{\"@type\":\"BreadcrumbList\",\"@id\":\"https:\\\/\\\/cvinoticias.com\\\/v3\\\/iguazu-la-policia-recupero-otra-motocicleta-robada-en-operativos-de-seguridad-rural\\\/#breadcrumb\",\"itemListElement\":[{\"@type\":\"ListItem\",\"position\":1,\"name\":\"Portada\",\"item\":\"https:\\\/\\\/cvinoticias.com\\\/v3\\\/\"},{\"@type\":\"ListItem\",\"position\":2,\"name\":\"Iguaz\u00fa: La Polic\u00eda recuper\u00f3 otra motocicleta robada en operativos de seguridad rural\"}]},{\"@type\":\"WebSite\",\"@id\":\"https:\\\/\\\/cvinoticias.com\\\/v3\\\/#website\",\"url\":\"https:\\\/\\\/cvinoticias.com\\\/v3\\\/\",\"name\":\"CVI NOTICIAS\",\"description\":\"\",\"publisher\":{\"@id\":\"https:\\\/\\\/cvinoticias.com\\\/v3\\\/#organization\"},\"alternateName\":\"CVI\",\"potentialAction\":[{\"@type\":\"SearchAction\",\"target\":{\"@type\":\"EntryPoint\",\"urlTemplate\":\"https:\\\/\\\/cvinoticias.com\\\/v3\\\/?s={search_term_string}\"},\"query-input\":{\"@type\":\"PropertyValueSpecification\",\"valueRequired\":true,\"valueName\":\"search_term_string\"}}],\"inLanguage\":\"es\"},{\"@type\":\"Organization\",\"@id\":\"https:\\\/\\\/cvinoticias.com\\\/v3\\\/#organization\",\"name\":\"CVI NOTICIAS\",\"url\":\"https:\\\/\\\/cvinoticias.com\\\/v3\\\/\",\"logo\":{\"@type\":\"ImageObject\",\"inLanguage\":\"es\",\"@id\":\"https:\\\/\\\/cvinoticias.com\\\/v3\\\/#\\\/schema\\\/logo\\\/image\\\/\",\"url\":\"https:\\\/\\\/cvinoticias.com\\\/wp-content\\\/uploads\\\/2023\\\/04\\\/cropped-cropped-cropped-cropped-cropped-3-1.png\",\"contentUrl\":\"https:\\\/\\\/cvinoticias.com\\\/wp-content\\\/uploads\\\/2023\\\/04\\\/cropped-cropped-cropped-cropped-cropped-3-1.png\",\"width\":95,\"height\":122,\"caption\":\"CVI NOTICIAS\"},\"image\":{\"@id\":\"https:\\\/\\\/cvinoticias.com\\\/v3\\\/#\\\/schema\\\/logo\\\/image\\\/\"},\"sameAs\":[\"https:\\\/\\\/www.facebook.com\\\/cvinoticias\",\"https:\\\/\\\/www.instagram.com\\\/cvinoticias\\\/\",\"https:\\\/\\\/www.youtube.com\\\/@CVINOTICIAS\"]},{\"@type\":\"Person\",\"@id\":\"https:\\\/\\\/cvinoticias.com\\\/v3\\\/#\\\/schema\\\/person\\\/2db77e3c6bc03c538495d7b2b8be9b66\",\"name\":\"f1000024\",\"image\":{\"@type\":\"ImageObject\",\"inLanguage\":\"es\",\"@id\":\"https:\\\/\\\/secure.gravatar.com\\\/avatar\\\/d4fe7459cfc51ff5129ce1a732bbef5928568b8092d412ef95611616376bbeed?s=96&d=mm&r=g\",\"url\":\"https:\\\/\\\/secure.gravatar.com\\\/avatar\\\/d4fe7459cfc51ff5129ce1a732bbef5928568b8092d412ef95611616376bbeed?s=96&d=mm&r=g\",\"contentUrl\":\"https:\\\/\\\/secure.gravatar.com\\\/avatar\\\/d4fe7459cfc51ff5129ce1a732bbef5928568b8092d412ef95611616376bbeed?s=96&d=mm&r=g\",\"caption\":\"f1000024\"},\"url\":\"https:\\\/\\\/cvinoticias.com\\\/v3\\\/author\\\/f1000024\\\/\"}]}<\/script>\n<!-- \/ Yoast SEO plugin. -->","yoast_head_json":{"title":"Iguaz\u00fa: La Polic\u00eda recuper\u00f3 otra motocicleta robada en operativos de seguridad rural | CVI NOTICIAS","robots":{"index":"index","follow":"follow","max-snippet":"max-snippet:-1","max-image-preview":"max-image-preview:large","max-video-preview":"max-video-preview:-1"},"canonical":"https:\/\/cvinoticias.com\/v3\/iguazu-la-policia-recupero-otra-motocicleta-robada-en-operativos-de-seguridad-rural\/","og_locale":"es_ES","og_type":"article","og_title":"Iguaz\u00fa: La Polic\u00eda recuper\u00f3 otra motocicleta robada en operativos de seguridad rural | CVI NOTICIAS","og_description":"Fueron los efectivos de la Divisi\u00f3n Investigaciones de la Unidad Regional V, quienes en las \u00faltimas horas y en el marco de los operativos de prevenci\u00f3n secuestraron una motocicleta marca Guerrero de 110c.c., que fue hallada escondida en la zona de las 2000 hect\u00e1reas. Los efectivos se encontraban realizando trabajos investigativos por la zona, cuando [&hellip;]","og_url":"https:\/\/cvinoticias.com\/v3\/iguazu-la-policia-recupero-otra-motocicleta-robada-en-operativos-de-seguridad-rural\/","og_site_name":"CVI NOTICIAS","article_publisher":"https:\/\/www.facebook.com\/cvinoticias","article_published_time":"2021-07-13T09:13:39+00:00","og_image":[{"width":819,"height":836,"url":"https:\/\/cvinoticias.com\/wp-content\/uploads\/2021\/07\/FB_IMG_1626167258866.jpg","type":"image\/jpeg"}],"author":"f1000024","twitter_card":"summary_large_image","twitter_misc":{"Escrito por":"f1000024","Tiempo de lectura":"1 minuto"},"schema":{"@context":"https:\/\/schema.org","@graph":[{"@type":"Article","@id":"https:\/\/cvinoticias.com\/v3\/iguazu-la-policia-recupero-otra-motocicleta-robada-en-operativos-de-seguridad-rural\/#article","isPartOf":{"@id":"https:\/\/cvinoticias.com\/v3\/iguazu-la-policia-recupero-otra-motocicleta-robada-en-operativos-de-seguridad-rural\/"},"author":{"name":"f1000024","@id":"https:\/\/cvinoticias.com\/v3\/#\/schema\/person\/2db77e3c6bc03c538495d7b2b8be9b66"},"headline":"Iguaz\u00fa: La Polic\u00eda recuper\u00f3 otra motocicleta robada en operativos de seguridad rural","datePublished":"2021-07-13T09:13:39+00:00","mainEntityOfPage":{"@id":"https:\/\/cvinoticias.com\/v3\/iguazu-la-policia-recupero-otra-motocicleta-robada-en-operativos-de-seguridad-rural\/"},"wordCount":127,"commentCount":1,"publisher":{"@id":"https:\/\/cvinoticias.com\/v3\/#organization"},"image":{"@id":"https:\/\/cvinoticias.com\/v3\/iguazu-la-policia-recupero-otra-motocicleta-robada-en-operativos-de-seguridad-rural\/#primaryimage"},"thumbnailUrl":"https:\/\/cvinoticias.com\/wp-content\/uploads\/2021\/07\/FB_IMG_1626167258866.jpg","articleSection":["Policiales"],"inLanguage":"es","potentialAction":[{"@type":"CommentAction","name":"Comment","target":["https:\/\/cvinoticias.com\/v3\/iguazu-la-policia-recupero-otra-motocicleta-robada-en-operativos-de-seguridad-rural\/#respond"]}]},{"@type":"WebPage","@id":"https:\/\/cvinoticias.com\/v3\/iguazu-la-policia-recupero-otra-motocicleta-robada-en-operativos-de-seguridad-rural\/","url":"https:\/\/cvinoticias.com\/v3\/iguazu-la-policia-recupero-otra-motocicleta-robada-en-operativos-de-seguridad-rural\/","name":"Iguaz\u00fa: La Polic\u00eda recuper\u00f3 otra motocicleta robada en operativos de seguridad rural | CVI NOTICIAS","isPartOf":{"@id":"https:\/\/cvinoticias.com\/v3\/#website"},"primaryImageOfPage":{"@id":"https:\/\/cvinoticias.com\/v3\/iguazu-la-policia-recupero-otra-motocicleta-robada-en-operativos-de-seguridad-rural\/#primaryimage"},"image":{"@id":"https:\/\/cvinoticias.com\/v3\/iguazu-la-policia-recupero-otra-motocicleta-robada-en-operativos-de-seguridad-rural\/#primaryimage"},"thumbnailUrl":"https:\/\/cvinoticias.com\/wp-content\/uploads\/2021\/07\/FB_IMG_1626167258866.jpg","datePublished":"2021-07-13T09:13:39+00:00","breadcrumb":{"@id":"https:\/\/cvinoticias.com\/v3\/iguazu-la-policia-recupero-otra-motocicleta-robada-en-operativos-de-seguridad-rural\/#breadcrumb"},"inLanguage":"es","potentialAction":[{"@type":"ReadAction","target":["https:\/\/cvinoticias.com\/v3\/iguazu-la-policia-recupero-otra-motocicleta-robada-en-operativos-de-seguridad-rural\/"]}]},{"@type":"ImageObject","inLanguage":"es","@id":"https:\/\/cvinoticias.com\/v3\/iguazu-la-policia-recupero-otra-motocicleta-robada-en-operativos-de-seguridad-rural\/#primaryimage","url":"https:\/\/cvinoticias.com\/wp-content\/uploads\/2021\/07\/FB_IMG_1626167258866.jpg","contentUrl":"https:\/\/cvinoticias.com\/wp-content\/uploads\/2021\/07\/FB_IMG_1626167258866.jpg","width":819,"height":836},{"@type":"BreadcrumbList","@id":"https:\/\/cvinoticias.com\/v3\/iguazu-la-policia-recupero-otra-motocicleta-robada-en-operativos-de-seguridad-rural\/#breadcrumb","itemListElement":[{"@type":"ListItem","position":1,"name":"Portada","item":"https:\/\/cvinoticias.com\/v3\/"},{"@type":"ListItem","position":2,"name":"Iguaz\u00fa: La Polic\u00eda recuper\u00f3 otra motocicleta robada en operativos de seguridad rural"}]},{"@type":"WebSite","@id":"https:\/\/cvinoticias.com\/v3\/#website","url":"https:\/\/cvinoticias.com\/v3\/","name":"CVI NOTICIAS","description":"","publisher":{"@id":"https:\/\/cvinoticias.com\/v3\/#organization"},"alternateName":"CVI","potentialAction":[{"@type":"SearchAction","target":{"@type":"EntryPoint","urlTemplate":"https:\/\/cvinoticias.com\/v3\/?s={search_term_string}"},"query-input":{"@type":"PropertyValueSpecification","valueRequired":true,"valueName":"search_term_string"}}],"inLanguage":"es"},{"@type":"Organization","@id":"https:\/\/cvinoticias.com\/v3\/#organization","name":"CVI NOTICIAS","url":"https:\/\/cvinoticias.com\/v3\/","logo":{"@type":"ImageObject","inLanguage":"es","@id":"https:\/\/cvinoticias.com\/v3\/#\/schema\/logo\/image\/","url":"https:\/\/cvinoticias.com\/wp-content\/uploads\/2023\/04\/cropped-cropped-cropped-cropped-cropped-3-1.png","contentUrl":"https:\/\/cvinoticias.com\/wp-content\/uploads\/2023\/04\/cropped-cropped-cropped-cropped-cropped-3-1.png","width":95,"height":122,"caption":"CVI NOTICIAS"},"image":{"@id":"https:\/\/cvinoticias.com\/v3\/#\/schema\/logo\/image\/"},"sameAs":["https:\/\/www.facebook.com\/cvinoticias","https:\/\/www.instagram.com\/cvinoticias\/","https:\/\/www.youtube.com\/@CVINOTICIAS"]},{"@type":"Person","@id":"https:\/\/cvinoticias.com\/v3\/#\/schema\/person\/2db77e3c6bc03c538495d7b2b8be9b66","name":"f1000024","image":{"@type":"ImageObject","inLanguage":"es","@id":"https:\/\/secure.gravatar.com\/avatar\/d4fe7459cfc51ff5129ce1a732bbef5928568b8092d412ef95611616376bbeed?s=96&d=mm&r=g","url":"https:\/\/secure.gravatar.com\/avatar\/d4fe7459cfc51ff5129ce1a732bbef5928568b8092d412ef95611616376bbeed?s=96&d=mm&r=g","contentUrl":"https:\/\/secure.gravatar.com\/avatar\/d4fe7459cfc51ff5129ce1a732bbef5928568b8092d412ef95611616376bbeed?s=96&d=mm&r=g","caption":"f1000024"},"url":"https:\/\/cvinoticias.com\/v3\/author\/f1000024\/"}]}},"_links":{"self":[{"href":"https:\/\/cvinoticias.com\/v3\/wp-json\/wp\/v2\/posts\/6755","targetHints":{"allow":["GET"]}}],"collection":[{"href":"https:\/\/cvinoticias.com\/v3\/wp-json\/wp\/v2\/posts"}],"about":[{"href":"https:\/\/cvinoticias.com\/v3\/wp-json\/wp\/v2\/types\/post"}],"author":[{"embeddable":true,"href":"https:\/\/cvinoticias.com\/v3\/wp-json\/wp\/v2\/users\/2"}],"replies":[{"embeddable":true,"href":"https:\/\/cvinoticias.com\/v3\/wp-json\/wp\/v2\/comments?post=6755"}],"version-history":[{"count":1,"href":"https:\/\/cvinoticias.com\/v3\/wp-json\/wp\/v2\/posts\/6755\/revisions"}],"predecessor-version":[{"id":6757,"href":"https:\/\/cvinoticias.com\/v3\/wp-json\/wp\/v2\/posts\/6755\/revisions\/6757"}],"wp:featuredmedia":[{"embeddable":true,"href":"https:\/\/cvinoticias.com\/v3\/wp-json\/wp\/v2\/media\/6756"}],"wp:attachment":[{"href":"https:\/\/cvinoticias.com\/v3\/wp-json\/wp\/v2\/media?parent=6755"}],"wp:term":[{"taxonomy":"category","embeddable":true,"href":"https:\/\/cvinoticias.com\/v3\/wp-json\/wp\/v2\/categories?post=6755"},{"taxonomy":"post_tag","embeddable":true,"href":"https:\/\/cvinoticias.com\/v3\/wp-json\/wp\/v2\/tags?post=6755"}],"curies":[{"name":"wp","href":"https:\/\/api.w.org\/{rel}","templated":true}]}}