{"id":6711,"date":"2021-07-09T12:34:32","date_gmt":"2021-07-09T12:34:32","guid":{"rendered":"https:\/\/cvinoticias.com\/v3\/?p=6711"},"modified":"2021-07-09T12:34:32","modified_gmt":"2021-07-09T12:34:32","slug":"en-un-ambiente-solemne-se-desarrolla-el-te-deum-en-la-catedral-de-virgen-del-carmen","status":"publish","type":"post","link":"https:\/\/cvinoticias.com\/v3\/en-un-ambiente-solemne-se-desarrolla-el-te-deum-en-la-catedral-de-virgen-del-carmen\/","title":{"rendered":"En un ambiente solemne se desarrolla el Te Deum en la Catedral de Virgen del Carmen"},"content":{"rendered":"\n<p><strong><em>La ceremonia lo preside el Monse\u00f1or Nicol\u00e1s Baisi, con la presencia de las m\u00e1ximas autoridades regionales, encabezadas por el Gobernador Oscar Herrera Ahuad, el intendente Claudio Ra\u00fal Filippa, autoridades locales, las Fuerzas Armadas entre otros invitados .<\/em><\/strong><\/p>\n\n\n\n<figure class=\"wp-block-embed is-type-video is-provider-youtube wp-block-embed-youtube wp-embed-aspect-16-9 wp-has-aspect-ratio\"><div class=\"wp-block-embed__wrapper\">\nhttps:\/\/youtu.be\/DoyLASjVn_Y\n<\/div><\/figure>\n","protected":false},"excerpt":{"rendered":"<p>La ceremonia lo preside el Monse\u00f1or Nicol\u00e1s Baisi, con la presencia de las m\u00e1ximas autoridades regionales, encabezadas por el Gobernador Oscar Herrera Ahuad, el intendente Claudio Ra\u00fal Filippa, autoridades locales, las Fuerzas Armadas entre otros invitados .<\/p>\n","protected":false},"author":2,"featured_media":6712,"comment_status":"open","ping_status":"open","sticky":false,"template":"","format":"standard","meta":{"footnotes":""},"categories":[47],"tags":[],"class_list":["post-6711","post","type-post","status-publish","format-standard","has-post-thumbnail","hentry","category-sociedad"],"yoast_head":"<!-- This site is optimized with the Yoast SEO plugin v27.5 - https:\/\/yoast.com\/product\/yoast-seo-wordpress\/ -->\n<title>En un ambiente solemne se desarrolla el Te Deum en la Catedral de Virgen del Carmen | CVI NOTICIAS<\/title>\n<meta name=\"robots\" content=\"index, follow, max-snippet:-1, max-image-preview:large, max-video-preview:-1\" \/>\n<link rel=\"canonical\" href=\"https:\/\/cvinoticias.com\/v3\/en-un-ambiente-solemne-se-desarrolla-el-te-deum-en-la-catedral-de-virgen-del-carmen\/\" \/>\n<meta property=\"og:locale\" content=\"es_ES\" \/>\n<meta property=\"og:type\" content=\"article\" \/>\n<meta property=\"og:title\" content=\"En un ambiente solemne se desarrolla el Te Deum en la Catedral de Virgen del Carmen | CVI NOTICIAS\" \/>\n<meta property=\"og:description\" content=\"La ceremonia lo preside el Monse\u00f1or Nicol\u00e1s Baisi, con la presencia de las m\u00e1ximas autoridades regionales, encabezadas por el Gobernador Oscar Herrera Ahuad, el intendente Claudio Ra\u00fal Filippa, autoridades locales, las Fuerzas Armadas entre otros invitados .\" \/>\n<meta property=\"og:url\" content=\"https:\/\/cvinoticias.com\/v3\/en-un-ambiente-solemne-se-desarrolla-el-te-deum-en-la-catedral-de-virgen-del-carmen\/\" \/>\n<meta property=\"og:site_name\" content=\"CVI NOTICIAS\" \/>\n<meta property=\"article:publisher\" content=\"https:\/\/www.facebook.com\/cvinoticias\" \/>\n<meta property=\"article:published_time\" content=\"2021-07-09T12:34:32+00:00\" \/>\n<meta property=\"og:image\" content=\"https:\/\/cvinoticias.com\/wp-content\/uploads\/2021\/07\/IMG-20210709-WA0011.jpg\" \/>\n\t<meta property=\"og:image:width\" content=\"777\" \/>\n\t<meta property=\"og:image:height\" content=\"1600\" \/>\n\t<meta property=\"og:image:type\" content=\"image\/jpeg\" \/>\n<meta name=\"author\" content=\"f1000024\" \/>\n<meta name=\"twitter:card\" content=\"summary_large_image\" \/>\n<meta name=\"twitter:label1\" content=\"Escrito por\" \/>\n\t<meta name=\"twitter:data1\" content=\"f1000024\" \/>\n<script type=\"application\/ld+json\" class=\"yoast-schema-graph\">{\"@context\":\"https:\\\/\\\/schema.org\",\"@graph\":[{\"@type\":\"Article\",\"@id\":\"https:\\\/\\\/cvinoticias.com\\\/v3\\\/en-un-ambiente-solemne-se-desarrolla-el-te-deum-en-la-catedral-de-virgen-del-carmen\\\/#article\",\"isPartOf\":{\"@id\":\"https:\\\/\\\/cvinoticias.com\\\/v3\\\/en-un-ambiente-solemne-se-desarrolla-el-te-deum-en-la-catedral-de-virgen-del-carmen\\\/\"},\"author\":{\"name\":\"f1000024\",\"@id\":\"https:\\\/\\\/cvinoticias.com\\\/v3\\\/#\\\/schema\\\/person\\\/2db77e3c6bc03c538495d7b2b8be9b66\"},\"headline\":\"En un ambiente solemne se desarrolla el Te Deum en la Catedral de Virgen del Carmen\",\"datePublished\":\"2021-07-09T12:34:32+00:00\",\"mainEntityOfPage\":{\"@id\":\"https:\\\/\\\/cvinoticias.com\\\/v3\\\/en-un-ambiente-solemne-se-desarrolla-el-te-deum-en-la-catedral-de-virgen-del-carmen\\\/\"},\"wordCount\":61,\"commentCount\":0,\"publisher\":{\"@id\":\"https:\\\/\\\/cvinoticias.com\\\/v3\\\/#organization\"},\"image\":{\"@id\":\"https:\\\/\\\/cvinoticias.com\\\/v3\\\/en-un-ambiente-solemne-se-desarrolla-el-te-deum-en-la-catedral-de-virgen-del-carmen\\\/#primaryimage\"},\"thumbnailUrl\":\"https:\\\/\\\/cvinoticias.com\\\/wp-content\\\/uploads\\\/2021\\\/07\\\/IMG-20210709-WA0011.jpg\",\"articleSection\":[\"Sociedad\"],\"inLanguage\":\"es\",\"potentialAction\":[{\"@type\":\"CommentAction\",\"name\":\"Comment\",\"target\":[\"https:\\\/\\\/cvinoticias.com\\\/v3\\\/en-un-ambiente-solemne-se-desarrolla-el-te-deum-en-la-catedral-de-virgen-del-carmen\\\/#respond\"]}]},{\"@type\":\"WebPage\",\"@id\":\"https:\\\/\\\/cvinoticias.com\\\/v3\\\/en-un-ambiente-solemne-se-desarrolla-el-te-deum-en-la-catedral-de-virgen-del-carmen\\\/\",\"url\":\"https:\\\/\\\/cvinoticias.com\\\/v3\\\/en-un-ambiente-solemne-se-desarrolla-el-te-deum-en-la-catedral-de-virgen-del-carmen\\\/\",\"name\":\"En un ambiente solemne se desarrolla el Te Deum en la Catedral de Virgen del Carmen | CVI NOTICIAS\",\"isPartOf\":{\"@id\":\"https:\\\/\\\/cvinoticias.com\\\/v3\\\/#website\"},\"primaryImageOfPage\":{\"@id\":\"https:\\\/\\\/cvinoticias.com\\\/v3\\\/en-un-ambiente-solemne-se-desarrolla-el-te-deum-en-la-catedral-de-virgen-del-carmen\\\/#primaryimage\"},\"image\":{\"@id\":\"https:\\\/\\\/cvinoticias.com\\\/v3\\\/en-un-ambiente-solemne-se-desarrolla-el-te-deum-en-la-catedral-de-virgen-del-carmen\\\/#primaryimage\"},\"thumbnailUrl\":\"https:\\\/\\\/cvinoticias.com\\\/wp-content\\\/uploads\\\/2021\\\/07\\\/IMG-20210709-WA0011.jpg\",\"datePublished\":\"2021-07-09T12:34:32+00:00\",\"breadcrumb\":{\"@id\":\"https:\\\/\\\/cvinoticias.com\\\/v3\\\/en-un-ambiente-solemne-se-desarrolla-el-te-deum-en-la-catedral-de-virgen-del-carmen\\\/#breadcrumb\"},\"inLanguage\":\"es\",\"potentialAction\":[{\"@type\":\"ReadAction\",\"target\":[\"https:\\\/\\\/cvinoticias.com\\\/v3\\\/en-un-ambiente-solemne-se-desarrolla-el-te-deum-en-la-catedral-de-virgen-del-carmen\\\/\"]}]},{\"@type\":\"ImageObject\",\"inLanguage\":\"es\",\"@id\":\"https:\\\/\\\/cvinoticias.com\\\/v3\\\/en-un-ambiente-solemne-se-desarrolla-el-te-deum-en-la-catedral-de-virgen-del-carmen\\\/#primaryimage\",\"url\":\"https:\\\/\\\/cvinoticias.com\\\/wp-content\\\/uploads\\\/2021\\\/07\\\/IMG-20210709-WA0011.jpg\",\"contentUrl\":\"https:\\\/\\\/cvinoticias.com\\\/wp-content\\\/uploads\\\/2021\\\/07\\\/IMG-20210709-WA0011.jpg\",\"width\":777,\"height\":1600},{\"@type\":\"BreadcrumbList\",\"@id\":\"https:\\\/\\\/cvinoticias.com\\\/v3\\\/en-un-ambiente-solemne-se-desarrolla-el-te-deum-en-la-catedral-de-virgen-del-carmen\\\/#breadcrumb\",\"itemListElement\":[{\"@type\":\"ListItem\",\"position\":1,\"name\":\"Portada\",\"item\":\"https:\\\/\\\/cvinoticias.com\\\/v3\\\/\"},{\"@type\":\"ListItem\",\"position\":2,\"name\":\"En un ambiente solemne se desarrolla el Te Deum en la Catedral de Virgen del Carmen\"}]},{\"@type\":\"WebSite\",\"@id\":\"https:\\\/\\\/cvinoticias.com\\\/v3\\\/#website\",\"url\":\"https:\\\/\\\/cvinoticias.com\\\/v3\\\/\",\"name\":\"CVI NOTICIAS\",\"description\":\"\",\"publisher\":{\"@id\":\"https:\\\/\\\/cvinoticias.com\\\/v3\\\/#organization\"},\"alternateName\":\"CVI\",\"potentialAction\":[{\"@type\":\"SearchAction\",\"target\":{\"@type\":\"EntryPoint\",\"urlTemplate\":\"https:\\\/\\\/cvinoticias.com\\\/v3\\\/?s={search_term_string}\"},\"query-input\":{\"@type\":\"PropertyValueSpecification\",\"valueRequired\":true,\"valueName\":\"search_term_string\"}}],\"inLanguage\":\"es\"},{\"@type\":\"Organization\",\"@id\":\"https:\\\/\\\/cvinoticias.com\\\/v3\\\/#organization\",\"name\":\"CVI NOTICIAS\",\"url\":\"https:\\\/\\\/cvinoticias.com\\\/v3\\\/\",\"logo\":{\"@type\":\"ImageObject\",\"inLanguage\":\"es\",\"@id\":\"https:\\\/\\\/cvinoticias.com\\\/v3\\\/#\\\/schema\\\/logo\\\/image\\\/\",\"url\":\"https:\\\/\\\/cvinoticias.com\\\/wp-content\\\/uploads\\\/2023\\\/04\\\/cropped-cropped-cropped-cropped-cropped-3-1.png\",\"contentUrl\":\"https:\\\/\\\/cvinoticias.com\\\/wp-content\\\/uploads\\\/2023\\\/04\\\/cropped-cropped-cropped-cropped-cropped-3-1.png\",\"width\":95,\"height\":122,\"caption\":\"CVI NOTICIAS\"},\"image\":{\"@id\":\"https:\\\/\\\/cvinoticias.com\\\/v3\\\/#\\\/schema\\\/logo\\\/image\\\/\"},\"sameAs\":[\"https:\\\/\\\/www.facebook.com\\\/cvinoticias\",\"https:\\\/\\\/www.instagram.com\\\/cvinoticias\\\/\",\"https:\\\/\\\/www.youtube.com\\\/@CVINOTICIAS\"]},{\"@type\":\"Person\",\"@id\":\"https:\\\/\\\/cvinoticias.com\\\/v3\\\/#\\\/schema\\\/person\\\/2db77e3c6bc03c538495d7b2b8be9b66\",\"name\":\"f1000024\",\"image\":{\"@type\":\"ImageObject\",\"inLanguage\":\"es\",\"@id\":\"https:\\\/\\\/secure.gravatar.com\\\/avatar\\\/d4fe7459cfc51ff5129ce1a732bbef5928568b8092d412ef95611616376bbeed?s=96&d=mm&r=g\",\"url\":\"https:\\\/\\\/secure.gravatar.com\\\/avatar\\\/d4fe7459cfc51ff5129ce1a732bbef5928568b8092d412ef95611616376bbeed?s=96&d=mm&r=g\",\"contentUrl\":\"https:\\\/\\\/secure.gravatar.com\\\/avatar\\\/d4fe7459cfc51ff5129ce1a732bbef5928568b8092d412ef95611616376bbeed?s=96&d=mm&r=g\",\"caption\":\"f1000024\"},\"url\":\"https:\\\/\\\/cvinoticias.com\\\/v3\\\/author\\\/f1000024\\\/\"}]}<\/script>\n<!-- \/ Yoast SEO plugin. -->","yoast_head_json":{"title":"En un ambiente solemne se desarrolla el Te Deum en la Catedral de Virgen del Carmen | CVI NOTICIAS","robots":{"index":"index","follow":"follow","max-snippet":"max-snippet:-1","max-image-preview":"max-image-preview:large","max-video-preview":"max-video-preview:-1"},"canonical":"https:\/\/cvinoticias.com\/v3\/en-un-ambiente-solemne-se-desarrolla-el-te-deum-en-la-catedral-de-virgen-del-carmen\/","og_locale":"es_ES","og_type":"article","og_title":"En un ambiente solemne se desarrolla el Te Deum en la Catedral de Virgen del Carmen | CVI NOTICIAS","og_description":"La ceremonia lo preside el Monse\u00f1or Nicol\u00e1s Baisi, con la presencia de las m\u00e1ximas autoridades regionales, encabezadas por el Gobernador Oscar Herrera Ahuad, el intendente Claudio Ra\u00fal Filippa, autoridades locales, las Fuerzas Armadas entre otros invitados .","og_url":"https:\/\/cvinoticias.com\/v3\/en-un-ambiente-solemne-se-desarrolla-el-te-deum-en-la-catedral-de-virgen-del-carmen\/","og_site_name":"CVI NOTICIAS","article_publisher":"https:\/\/www.facebook.com\/cvinoticias","article_published_time":"2021-07-09T12:34:32+00:00","og_image":[{"width":777,"height":1600,"url":"https:\/\/cvinoticias.com\/wp-content\/uploads\/2021\/07\/IMG-20210709-WA0011.jpg","type":"image\/jpeg"}],"author":"f1000024","twitter_card":"summary_large_image","twitter_misc":{"Escrito por":"f1000024"},"schema":{"@context":"https:\/\/schema.org","@graph":[{"@type":"Article","@id":"https:\/\/cvinoticias.com\/v3\/en-un-ambiente-solemne-se-desarrolla-el-te-deum-en-la-catedral-de-virgen-del-carmen\/#article","isPartOf":{"@id":"https:\/\/cvinoticias.com\/v3\/en-un-ambiente-solemne-se-desarrolla-el-te-deum-en-la-catedral-de-virgen-del-carmen\/"},"author":{"name":"f1000024","@id":"https:\/\/cvinoticias.com\/v3\/#\/schema\/person\/2db77e3c6bc03c538495d7b2b8be9b66"},"headline":"En un ambiente solemne se desarrolla el Te Deum en la Catedral de Virgen del Carmen","datePublished":"2021-07-09T12:34:32+00:00","mainEntityOfPage":{"@id":"https:\/\/cvinoticias.com\/v3\/en-un-ambiente-solemne-se-desarrolla-el-te-deum-en-la-catedral-de-virgen-del-carmen\/"},"wordCount":61,"commentCount":0,"publisher":{"@id":"https:\/\/cvinoticias.com\/v3\/#organization"},"image":{"@id":"https:\/\/cvinoticias.com\/v3\/en-un-ambiente-solemne-se-desarrolla-el-te-deum-en-la-catedral-de-virgen-del-carmen\/#primaryimage"},"thumbnailUrl":"https:\/\/cvinoticias.com\/wp-content\/uploads\/2021\/07\/IMG-20210709-WA0011.jpg","articleSection":["Sociedad"],"inLanguage":"es","potentialAction":[{"@type":"CommentAction","name":"Comment","target":["https:\/\/cvinoticias.com\/v3\/en-un-ambiente-solemne-se-desarrolla-el-te-deum-en-la-catedral-de-virgen-del-carmen\/#respond"]}]},{"@type":"WebPage","@id":"https:\/\/cvinoticias.com\/v3\/en-un-ambiente-solemne-se-desarrolla-el-te-deum-en-la-catedral-de-virgen-del-carmen\/","url":"https:\/\/cvinoticias.com\/v3\/en-un-ambiente-solemne-se-desarrolla-el-te-deum-en-la-catedral-de-virgen-del-carmen\/","name":"En un ambiente solemne se desarrolla el Te Deum en la Catedral de Virgen del Carmen | CVI NOTICIAS","isPartOf":{"@id":"https:\/\/cvinoticias.com\/v3\/#website"},"primaryImageOfPage":{"@id":"https:\/\/cvinoticias.com\/v3\/en-un-ambiente-solemne-se-desarrolla-el-te-deum-en-la-catedral-de-virgen-del-carmen\/#primaryimage"},"image":{"@id":"https:\/\/cvinoticias.com\/v3\/en-un-ambiente-solemne-se-desarrolla-el-te-deum-en-la-catedral-de-virgen-del-carmen\/#primaryimage"},"thumbnailUrl":"https:\/\/cvinoticias.com\/wp-content\/uploads\/2021\/07\/IMG-20210709-WA0011.jpg","datePublished":"2021-07-09T12:34:32+00:00","breadcrumb":{"@id":"https:\/\/cvinoticias.com\/v3\/en-un-ambiente-solemne-se-desarrolla-el-te-deum-en-la-catedral-de-virgen-del-carmen\/#breadcrumb"},"inLanguage":"es","potentialAction":[{"@type":"ReadAction","target":["https:\/\/cvinoticias.com\/v3\/en-un-ambiente-solemne-se-desarrolla-el-te-deum-en-la-catedral-de-virgen-del-carmen\/"]}]},{"@type":"ImageObject","inLanguage":"es","@id":"https:\/\/cvinoticias.com\/v3\/en-un-ambiente-solemne-se-desarrolla-el-te-deum-en-la-catedral-de-virgen-del-carmen\/#primaryimage","url":"https:\/\/cvinoticias.com\/wp-content\/uploads\/2021\/07\/IMG-20210709-WA0011.jpg","contentUrl":"https:\/\/cvinoticias.com\/wp-content\/uploads\/2021\/07\/IMG-20210709-WA0011.jpg","width":777,"height":1600},{"@type":"BreadcrumbList","@id":"https:\/\/cvinoticias.com\/v3\/en-un-ambiente-solemne-se-desarrolla-el-te-deum-en-la-catedral-de-virgen-del-carmen\/#breadcrumb","itemListElement":[{"@type":"ListItem","position":1,"name":"Portada","item":"https:\/\/cvinoticias.com\/v3\/"},{"@type":"ListItem","position":2,"name":"En un ambiente solemne se desarrolla el Te Deum en la Catedral de Virgen del Carmen"}]},{"@type":"WebSite","@id":"https:\/\/cvinoticias.com\/v3\/#website","url":"https:\/\/cvinoticias.com\/v3\/","name":"CVI NOTICIAS","description":"","publisher":{"@id":"https:\/\/cvinoticias.com\/v3\/#organization"},"alternateName":"CVI","potentialAction":[{"@type":"SearchAction","target":{"@type":"EntryPoint","urlTemplate":"https:\/\/cvinoticias.com\/v3\/?s={search_term_string}"},"query-input":{"@type":"PropertyValueSpecification","valueRequired":true,"valueName":"search_term_string"}}],"inLanguage":"es"},{"@type":"Organization","@id":"https:\/\/cvinoticias.com\/v3\/#organization","name":"CVI NOTICIAS","url":"https:\/\/cvinoticias.com\/v3\/","logo":{"@type":"ImageObject","inLanguage":"es","@id":"https:\/\/cvinoticias.com\/v3\/#\/schema\/logo\/image\/","url":"https:\/\/cvinoticias.com\/wp-content\/uploads\/2023\/04\/cropped-cropped-cropped-cropped-cropped-3-1.png","contentUrl":"https:\/\/cvinoticias.com\/wp-content\/uploads\/2023\/04\/cropped-cropped-cropped-cropped-cropped-3-1.png","width":95,"height":122,"caption":"CVI NOTICIAS"},"image":{"@id":"https:\/\/cvinoticias.com\/v3\/#\/schema\/logo\/image\/"},"sameAs":["https:\/\/www.facebook.com\/cvinoticias","https:\/\/www.instagram.com\/cvinoticias\/","https:\/\/www.youtube.com\/@CVINOTICIAS"]},{"@type":"Person","@id":"https:\/\/cvinoticias.com\/v3\/#\/schema\/person\/2db77e3c6bc03c538495d7b2b8be9b66","name":"f1000024","image":{"@type":"ImageObject","inLanguage":"es","@id":"https:\/\/secure.gravatar.com\/avatar\/d4fe7459cfc51ff5129ce1a732bbef5928568b8092d412ef95611616376bbeed?s=96&d=mm&r=g","url":"https:\/\/secure.gravatar.com\/avatar\/d4fe7459cfc51ff5129ce1a732bbef5928568b8092d412ef95611616376bbeed?s=96&d=mm&r=g","contentUrl":"https:\/\/secure.gravatar.com\/avatar\/d4fe7459cfc51ff5129ce1a732bbef5928568b8092d412ef95611616376bbeed?s=96&d=mm&r=g","caption":"f1000024"},"url":"https:\/\/cvinoticias.com\/v3\/author\/f1000024\/"}]}},"_links":{"self":[{"href":"https:\/\/cvinoticias.com\/v3\/wp-json\/wp\/v2\/posts\/6711","targetHints":{"allow":["GET"]}}],"collection":[{"href":"https:\/\/cvinoticias.com\/v3\/wp-json\/wp\/v2\/posts"}],"about":[{"href":"https:\/\/cvinoticias.com\/v3\/wp-json\/wp\/v2\/types\/post"}],"author":[{"embeddable":true,"href":"https:\/\/cvinoticias.com\/v3\/wp-json\/wp\/v2\/users\/2"}],"replies":[{"embeddable":true,"href":"https:\/\/cvinoticias.com\/v3\/wp-json\/wp\/v2\/comments?post=6711"}],"version-history":[{"count":1,"href":"https:\/\/cvinoticias.com\/v3\/wp-json\/wp\/v2\/posts\/6711\/revisions"}],"predecessor-version":[{"id":6713,"href":"https:\/\/cvinoticias.com\/v3\/wp-json\/wp\/v2\/posts\/6711\/revisions\/6713"}],"wp:featuredmedia":[{"embeddable":true,"href":"https:\/\/cvinoticias.com\/v3\/wp-json\/wp\/v2\/media\/6712"}],"wp:attachment":[{"href":"https:\/\/cvinoticias.com\/v3\/wp-json\/wp\/v2\/media?parent=6711"}],"wp:term":[{"taxonomy":"category","embeddable":true,"href":"https:\/\/cvinoticias.com\/v3\/wp-json\/wp\/v2\/categories?post=6711"},{"taxonomy":"post_tag","embeddable":true,"href":"https:\/\/cvinoticias.com\/v3\/wp-json\/wp\/v2\/tags?post=6711"}],"curies":[{"name":"wp","href":"https:\/\/api.w.org\/{rel}","templated":true}]}}