{"id":6708,"date":"2021-07-08T16:48:00","date_gmt":"2021-07-08T16:48:00","guid":{"rendered":"https:\/\/cvinoticias.com\/v3\/?p=6708"},"modified":"2021-07-08T16:48:00","modified_gmt":"2021-07-08T16:48:00","slug":"en-10-dias-hubo-mas-vuelos-privados-desde-y-hacia-paraguay-que-en-seis-meses","status":"publish","type":"post","link":"https:\/\/cvinoticias.com\/v3\/en-10-dias-hubo-mas-vuelos-privados-desde-y-hacia-paraguay-que-en-seis-meses\/","title":{"rendered":"En 10 d\u00edas hubo m\u00e1s vuelos privados desde y hacia Paraguay que en seis meses"},"content":{"rendered":"\n<p><strong><em>El fen\u00f3meno se da por las nuevas restricciones para frenar la variante Delta de coronavirus. Los aviones conectan San Fernando con Asunci\u00f3n.<\/em><\/strong><\/p>\n\n\n\n<p>Las nuevas restricciones por la\u00a0pandemia\u00a0llevaron de 2.000 a 600 el l\u00edmite de personas que pueden entrar por d\u00eda desde el exterior del pa\u00eds y derivaron en\u00a0reprogramaciones y cancelaciones\u00a0de cientos de vuelos que operan a trav\u00e9s del\u00a0Aeropuerto de Ezeiza. La medida busca frenar el ingreso de la\u00a0variante Delta\u00a0de\u00a0Covid\u00a0al pa\u00eds.<\/p>\n\n\n\n<p>Desde que est\u00e1 en vigencia el decreto que vence este\u00a0viernes,\u00a0los vuelos privadosentre la Argentina y\u00a0Paraguay\u00a0se incrementaron, admitieron fuentes de la Direcci\u00f3n de Migraciones del vecino pa\u00eds en Asunci\u00f3n.<\/p>\n\n\n\n<p>Seg\u00fan los datos oficiales de un medio nacional, en lo que va del a\u00f1o hubo\u00a0<strong>96 viajes<\/strong>\u00a0de aeronaves chicas que conectaron a la capital paraguaya con\u00a0nuestro pa\u00eds. Pero 49 de ellos,\u00a0<strong>el 51%, fue entre el 26 de junio y el 6 de julio<\/strong>. Es decir,\u00a0en los \u00faltimos 10 d\u00edas se produjo m\u00e1s de la mitad de los vuelos del semestre.<\/p>\n\n\n\n<p>\u00abEn el \u00e1rea de Movimiento Migratorio\u00a0se nota un incremento, sobre todo en los \u00faltimos d\u00edas desde la restricci\u00f3n de la cantidad de pasajeros en Ezeiza\u00bb, expres\u00f3 a este diario una portavoz de Migraciones de Paraguay, dirigida por Mar\u00eda de los Angeles Arriola.<\/p>\n\n\n\n<p>Los vuelos salen en su mayor\u00eda desde el Aeropuerto de\u00a0San Fernando.\u00a0\u00abDe 49 ingresos de vuelos a Paraguay desde enero al 25 de junio, pas\u00f3 a 20 vuelos desde el 26 de junio a la fecha\u00bb, dijo la vocera de la repartici\u00f3n, Lilian Gonz\u00e1lez Ortega,y agreg\u00f3: \u00abEn cantidad total no es mucho pero se nota el incremento\u00bb&#8230; <\/p>\n\n\n\n<p>Muchos argentinos hacen uso de los vuelos privados para\u00a0eludir el cepo impuesto a los vuelos al exterior. La cabeza de puente utilizada es el aeropuerto internacional \u00abSilvio Pettirossi\u00bb de Asunci\u00f3n.<\/p>\n\n\n\n<p>De los 49 vuelos de los \u00faltimos diez d\u00edas, 20 fueron desde la Argentina hacia Paraguay y 29 desde el vecino pa\u00eds al nuestro. En ellos viajaron\u00a0180 personas, 74 salieron y 106 entraron.<\/p>\n\n\n\n<p>El modus operandi es el contrato de peque\u00f1os aviones que aterrizan en la capital paraguaya para que los pasajeros puedan tomar sus vuelos comerciales a otros destinos, confirm\u00f3 Douglas Cubillas, el presidente de la Direcci\u00f3n Nacional de Aeron\u00e1utica Civil (DINAC), de Paraguay.<\/p>\n\n\n\n<p>Reconoci\u00f3 que se esperan solo dos vuelos de Aerol\u00edneas Argentinas en julio y que pr\u00e1cticamente se cancelaron los vuelos de Paranair.<\/p>\n\n\n\n<p>\u00abEsto est\u00e1 para peor. No hay condiciones de mejorar\u00bb, remarc\u00f3 el funcionario.<\/p>\n\n\n\n<p><\/p>\n","protected":false},"excerpt":{"rendered":"<p>El fen\u00f3meno se da por las nuevas restricciones para frenar la variante Delta de coronavirus. Los aviones conectan San Fernando con Asunci\u00f3n. Las nuevas restricciones por la\u00a0pandemia\u00a0llevaron de 2.000 a 600 el l\u00edmite de personas que pueden entrar por d\u00eda desde el exterior del pa\u00eds y derivaron en\u00a0reprogramaciones y cancelaciones\u00a0de cientos de vuelos que operan [&hellip;]<\/p>\n","protected":false},"author":2,"featured_media":6709,"comment_status":"open","ping_status":"open","sticky":false,"template":"","format":"standard","meta":{"footnotes":""},"categories":[35],"tags":[],"class_list":["post-6708","post","type-post","status-publish","format-standard","has-post-thumbnail","hentry","category-informacion-general"],"yoast_head":"<!-- This site is optimized with the Yoast SEO plugin v27.5 - https:\/\/yoast.com\/product\/yoast-seo-wordpress\/ -->\n<title>En 10 d\u00edas hubo m\u00e1s vuelos privados desde y hacia Paraguay que en seis meses | CVI NOTICIAS<\/title>\n<meta name=\"robots\" content=\"index, follow, max-snippet:-1, max-image-preview:large, max-video-preview:-1\" \/>\n<link rel=\"canonical\" href=\"https:\/\/cvinoticias.com\/v3\/en-10-dias-hubo-mas-vuelos-privados-desde-y-hacia-paraguay-que-en-seis-meses\/\" \/>\n<meta property=\"og:locale\" content=\"es_ES\" \/>\n<meta property=\"og:type\" content=\"article\" \/>\n<meta property=\"og:title\" content=\"En 10 d\u00edas hubo m\u00e1s vuelos privados desde y hacia Paraguay que en seis meses | CVI NOTICIAS\" \/>\n<meta property=\"og:description\" content=\"El fen\u00f3meno se da por las nuevas restricciones para frenar la variante Delta de coronavirus. Los aviones conectan San Fernando con Asunci\u00f3n. Las nuevas restricciones por la\u00a0pandemia\u00a0llevaron de 2.000 a 600 el l\u00edmite de personas que pueden entrar por d\u00eda desde el exterior del pa\u00eds y derivaron en\u00a0reprogramaciones y cancelaciones\u00a0de cientos de vuelos que operan [&hellip;]\" \/>\n<meta property=\"og:url\" content=\"https:\/\/cvinoticias.com\/v3\/en-10-dias-hubo-mas-vuelos-privados-desde-y-hacia-paraguay-que-en-seis-meses\/\" \/>\n<meta property=\"og:site_name\" content=\"CVI NOTICIAS\" \/>\n<meta property=\"article:publisher\" content=\"https:\/\/www.facebook.com\/cvinoticias\" \/>\n<meta property=\"article:published_time\" content=\"2021-07-08T16:48:00+00:00\" \/>\n<meta property=\"og:image\" content=\"https:\/\/cvinoticias.com\/wp-content\/uploads\/2021\/07\/L_235626_arg2.jpg\" \/>\n\t<meta property=\"og:image:width\" content=\"1024\" \/>\n\t<meta property=\"og:image:height\" content=\"576\" \/>\n\t<meta property=\"og:image:type\" content=\"image\/jpeg\" \/>\n<meta name=\"author\" content=\"f1000024\" \/>\n<meta name=\"twitter:card\" content=\"summary_large_image\" \/>\n<meta name=\"twitter:label1\" content=\"Escrito por\" \/>\n\t<meta name=\"twitter:data1\" content=\"f1000024\" \/>\n\t<meta name=\"twitter:label2\" content=\"Tiempo de lectura\" \/>\n\t<meta name=\"twitter:data2\" content=\"2 minutos\" \/>\n<script type=\"application\/ld+json\" class=\"yoast-schema-graph\">{\"@context\":\"https:\\\/\\\/schema.org\",\"@graph\":[{\"@type\":\"Article\",\"@id\":\"https:\\\/\\\/cvinoticias.com\\\/v3\\\/en-10-dias-hubo-mas-vuelos-privados-desde-y-hacia-paraguay-que-en-seis-meses\\\/#article\",\"isPartOf\":{\"@id\":\"https:\\\/\\\/cvinoticias.com\\\/v3\\\/en-10-dias-hubo-mas-vuelos-privados-desde-y-hacia-paraguay-que-en-seis-meses\\\/\"},\"author\":{\"name\":\"f1000024\",\"@id\":\"https:\\\/\\\/cvinoticias.com\\\/v3\\\/#\\\/schema\\\/person\\\/2db77e3c6bc03c538495d7b2b8be9b66\"},\"headline\":\"En 10 d\u00edas hubo m\u00e1s vuelos privados desde y hacia Paraguay que en seis meses\",\"datePublished\":\"2021-07-08T16:48:00+00:00\",\"mainEntityOfPage\":{\"@id\":\"https:\\\/\\\/cvinoticias.com\\\/v3\\\/en-10-dias-hubo-mas-vuelos-privados-desde-y-hacia-paraguay-que-en-seis-meses\\\/\"},\"wordCount\":444,\"commentCount\":0,\"publisher\":{\"@id\":\"https:\\\/\\\/cvinoticias.com\\\/v3\\\/#organization\"},\"image\":{\"@id\":\"https:\\\/\\\/cvinoticias.com\\\/v3\\\/en-10-dias-hubo-mas-vuelos-privados-desde-y-hacia-paraguay-que-en-seis-meses\\\/#primaryimage\"},\"thumbnailUrl\":\"https:\\\/\\\/cvinoticias.com\\\/wp-content\\\/uploads\\\/2021\\\/07\\\/L_235626_arg2.jpg\",\"articleSection\":[\"Informaci\u00f3n General\"],\"inLanguage\":\"es\",\"potentialAction\":[{\"@type\":\"CommentAction\",\"name\":\"Comment\",\"target\":[\"https:\\\/\\\/cvinoticias.com\\\/v3\\\/en-10-dias-hubo-mas-vuelos-privados-desde-y-hacia-paraguay-que-en-seis-meses\\\/#respond\"]}]},{\"@type\":\"WebPage\",\"@id\":\"https:\\\/\\\/cvinoticias.com\\\/v3\\\/en-10-dias-hubo-mas-vuelos-privados-desde-y-hacia-paraguay-que-en-seis-meses\\\/\",\"url\":\"https:\\\/\\\/cvinoticias.com\\\/v3\\\/en-10-dias-hubo-mas-vuelos-privados-desde-y-hacia-paraguay-que-en-seis-meses\\\/\",\"name\":\"En 10 d\u00edas hubo m\u00e1s vuelos privados desde y hacia Paraguay que en seis meses | CVI NOTICIAS\",\"isPartOf\":{\"@id\":\"https:\\\/\\\/cvinoticias.com\\\/v3\\\/#website\"},\"primaryImageOfPage\":{\"@id\":\"https:\\\/\\\/cvinoticias.com\\\/v3\\\/en-10-dias-hubo-mas-vuelos-privados-desde-y-hacia-paraguay-que-en-seis-meses\\\/#primaryimage\"},\"image\":{\"@id\":\"https:\\\/\\\/cvinoticias.com\\\/v3\\\/en-10-dias-hubo-mas-vuelos-privados-desde-y-hacia-paraguay-que-en-seis-meses\\\/#primaryimage\"},\"thumbnailUrl\":\"https:\\\/\\\/cvinoticias.com\\\/wp-content\\\/uploads\\\/2021\\\/07\\\/L_235626_arg2.jpg\",\"datePublished\":\"2021-07-08T16:48:00+00:00\",\"breadcrumb\":{\"@id\":\"https:\\\/\\\/cvinoticias.com\\\/v3\\\/en-10-dias-hubo-mas-vuelos-privados-desde-y-hacia-paraguay-que-en-seis-meses\\\/#breadcrumb\"},\"inLanguage\":\"es\",\"potentialAction\":[{\"@type\":\"ReadAction\",\"target\":[\"https:\\\/\\\/cvinoticias.com\\\/v3\\\/en-10-dias-hubo-mas-vuelos-privados-desde-y-hacia-paraguay-que-en-seis-meses\\\/\"]}]},{\"@type\":\"ImageObject\",\"inLanguage\":\"es\",\"@id\":\"https:\\\/\\\/cvinoticias.com\\\/v3\\\/en-10-dias-hubo-mas-vuelos-privados-desde-y-hacia-paraguay-que-en-seis-meses\\\/#primaryimage\",\"url\":\"https:\\\/\\\/cvinoticias.com\\\/wp-content\\\/uploads\\\/2021\\\/07\\\/L_235626_arg2.jpg\",\"contentUrl\":\"https:\\\/\\\/cvinoticias.com\\\/wp-content\\\/uploads\\\/2021\\\/07\\\/L_235626_arg2.jpg\",\"width\":1024,\"height\":576},{\"@type\":\"BreadcrumbList\",\"@id\":\"https:\\\/\\\/cvinoticias.com\\\/v3\\\/en-10-dias-hubo-mas-vuelos-privados-desde-y-hacia-paraguay-que-en-seis-meses\\\/#breadcrumb\",\"itemListElement\":[{\"@type\":\"ListItem\",\"position\":1,\"name\":\"Portada\",\"item\":\"https:\\\/\\\/cvinoticias.com\\\/v3\\\/\"},{\"@type\":\"ListItem\",\"position\":2,\"name\":\"En 10 d\u00edas hubo m\u00e1s vuelos privados desde y hacia Paraguay que en seis meses\"}]},{\"@type\":\"WebSite\",\"@id\":\"https:\\\/\\\/cvinoticias.com\\\/v3\\\/#website\",\"url\":\"https:\\\/\\\/cvinoticias.com\\\/v3\\\/\",\"name\":\"CVI NOTICIAS\",\"description\":\"\",\"publisher\":{\"@id\":\"https:\\\/\\\/cvinoticias.com\\\/v3\\\/#organization\"},\"alternateName\":\"CVI\",\"potentialAction\":[{\"@type\":\"SearchAction\",\"target\":{\"@type\":\"EntryPoint\",\"urlTemplate\":\"https:\\\/\\\/cvinoticias.com\\\/v3\\\/?s={search_term_string}\"},\"query-input\":{\"@type\":\"PropertyValueSpecification\",\"valueRequired\":true,\"valueName\":\"search_term_string\"}}],\"inLanguage\":\"es\"},{\"@type\":\"Organization\",\"@id\":\"https:\\\/\\\/cvinoticias.com\\\/v3\\\/#organization\",\"name\":\"CVI NOTICIAS\",\"url\":\"https:\\\/\\\/cvinoticias.com\\\/v3\\\/\",\"logo\":{\"@type\":\"ImageObject\",\"inLanguage\":\"es\",\"@id\":\"https:\\\/\\\/cvinoticias.com\\\/v3\\\/#\\\/schema\\\/logo\\\/image\\\/\",\"url\":\"https:\\\/\\\/cvinoticias.com\\\/wp-content\\\/uploads\\\/2023\\\/04\\\/cropped-cropped-cropped-cropped-cropped-3-1.png\",\"contentUrl\":\"https:\\\/\\\/cvinoticias.com\\\/wp-content\\\/uploads\\\/2023\\\/04\\\/cropped-cropped-cropped-cropped-cropped-3-1.png\",\"width\":95,\"height\":122,\"caption\":\"CVI NOTICIAS\"},\"image\":{\"@id\":\"https:\\\/\\\/cvinoticias.com\\\/v3\\\/#\\\/schema\\\/logo\\\/image\\\/\"},\"sameAs\":[\"https:\\\/\\\/www.facebook.com\\\/cvinoticias\",\"https:\\\/\\\/www.instagram.com\\\/cvinoticias\\\/\",\"https:\\\/\\\/www.youtube.com\\\/@CVINOTICIAS\"]},{\"@type\":\"Person\",\"@id\":\"https:\\\/\\\/cvinoticias.com\\\/v3\\\/#\\\/schema\\\/person\\\/2db77e3c6bc03c538495d7b2b8be9b66\",\"name\":\"f1000024\",\"image\":{\"@type\":\"ImageObject\",\"inLanguage\":\"es\",\"@id\":\"https:\\\/\\\/secure.gravatar.com\\\/avatar\\\/d4fe7459cfc51ff5129ce1a732bbef5928568b8092d412ef95611616376bbeed?s=96&d=mm&r=g\",\"url\":\"https:\\\/\\\/secure.gravatar.com\\\/avatar\\\/d4fe7459cfc51ff5129ce1a732bbef5928568b8092d412ef95611616376bbeed?s=96&d=mm&r=g\",\"contentUrl\":\"https:\\\/\\\/secure.gravatar.com\\\/avatar\\\/d4fe7459cfc51ff5129ce1a732bbef5928568b8092d412ef95611616376bbeed?s=96&d=mm&r=g\",\"caption\":\"f1000024\"},\"url\":\"https:\\\/\\\/cvinoticias.com\\\/v3\\\/author\\\/f1000024\\\/\"}]}<\/script>\n<!-- \/ Yoast SEO plugin. -->","yoast_head_json":{"title":"En 10 d\u00edas hubo m\u00e1s vuelos privados desde y hacia Paraguay que en seis meses | CVI NOTICIAS","robots":{"index":"index","follow":"follow","max-snippet":"max-snippet:-1","max-image-preview":"max-image-preview:large","max-video-preview":"max-video-preview:-1"},"canonical":"https:\/\/cvinoticias.com\/v3\/en-10-dias-hubo-mas-vuelos-privados-desde-y-hacia-paraguay-que-en-seis-meses\/","og_locale":"es_ES","og_type":"article","og_title":"En 10 d\u00edas hubo m\u00e1s vuelos privados desde y hacia Paraguay que en seis meses | CVI NOTICIAS","og_description":"El fen\u00f3meno se da por las nuevas restricciones para frenar la variante Delta de coronavirus. Los aviones conectan San Fernando con Asunci\u00f3n. Las nuevas restricciones por la\u00a0pandemia\u00a0llevaron de 2.000 a 600 el l\u00edmite de personas que pueden entrar por d\u00eda desde el exterior del pa\u00eds y derivaron en\u00a0reprogramaciones y cancelaciones\u00a0de cientos de vuelos que operan [&hellip;]","og_url":"https:\/\/cvinoticias.com\/v3\/en-10-dias-hubo-mas-vuelos-privados-desde-y-hacia-paraguay-que-en-seis-meses\/","og_site_name":"CVI NOTICIAS","article_publisher":"https:\/\/www.facebook.com\/cvinoticias","article_published_time":"2021-07-08T16:48:00+00:00","og_image":[{"width":1024,"height":576,"url":"https:\/\/cvinoticias.com\/wp-content\/uploads\/2021\/07\/L_235626_arg2.jpg","type":"image\/jpeg"}],"author":"f1000024","twitter_card":"summary_large_image","twitter_misc":{"Escrito por":"f1000024","Tiempo de lectura":"2 minutos"},"schema":{"@context":"https:\/\/schema.org","@graph":[{"@type":"Article","@id":"https:\/\/cvinoticias.com\/v3\/en-10-dias-hubo-mas-vuelos-privados-desde-y-hacia-paraguay-que-en-seis-meses\/#article","isPartOf":{"@id":"https:\/\/cvinoticias.com\/v3\/en-10-dias-hubo-mas-vuelos-privados-desde-y-hacia-paraguay-que-en-seis-meses\/"},"author":{"name":"f1000024","@id":"https:\/\/cvinoticias.com\/v3\/#\/schema\/person\/2db77e3c6bc03c538495d7b2b8be9b66"},"headline":"En 10 d\u00edas hubo m\u00e1s vuelos privados desde y hacia Paraguay que en seis meses","datePublished":"2021-07-08T16:48:00+00:00","mainEntityOfPage":{"@id":"https:\/\/cvinoticias.com\/v3\/en-10-dias-hubo-mas-vuelos-privados-desde-y-hacia-paraguay-que-en-seis-meses\/"},"wordCount":444,"commentCount":0,"publisher":{"@id":"https:\/\/cvinoticias.com\/v3\/#organization"},"image":{"@id":"https:\/\/cvinoticias.com\/v3\/en-10-dias-hubo-mas-vuelos-privados-desde-y-hacia-paraguay-que-en-seis-meses\/#primaryimage"},"thumbnailUrl":"https:\/\/cvinoticias.com\/wp-content\/uploads\/2021\/07\/L_235626_arg2.jpg","articleSection":["Informaci\u00f3n General"],"inLanguage":"es","potentialAction":[{"@type":"CommentAction","name":"Comment","target":["https:\/\/cvinoticias.com\/v3\/en-10-dias-hubo-mas-vuelos-privados-desde-y-hacia-paraguay-que-en-seis-meses\/#respond"]}]},{"@type":"WebPage","@id":"https:\/\/cvinoticias.com\/v3\/en-10-dias-hubo-mas-vuelos-privados-desde-y-hacia-paraguay-que-en-seis-meses\/","url":"https:\/\/cvinoticias.com\/v3\/en-10-dias-hubo-mas-vuelos-privados-desde-y-hacia-paraguay-que-en-seis-meses\/","name":"En 10 d\u00edas hubo m\u00e1s vuelos privados desde y hacia Paraguay que en seis meses | CVI NOTICIAS","isPartOf":{"@id":"https:\/\/cvinoticias.com\/v3\/#website"},"primaryImageOfPage":{"@id":"https:\/\/cvinoticias.com\/v3\/en-10-dias-hubo-mas-vuelos-privados-desde-y-hacia-paraguay-que-en-seis-meses\/#primaryimage"},"image":{"@id":"https:\/\/cvinoticias.com\/v3\/en-10-dias-hubo-mas-vuelos-privados-desde-y-hacia-paraguay-que-en-seis-meses\/#primaryimage"},"thumbnailUrl":"https:\/\/cvinoticias.com\/wp-content\/uploads\/2021\/07\/L_235626_arg2.jpg","datePublished":"2021-07-08T16:48:00+00:00","breadcrumb":{"@id":"https:\/\/cvinoticias.com\/v3\/en-10-dias-hubo-mas-vuelos-privados-desde-y-hacia-paraguay-que-en-seis-meses\/#breadcrumb"},"inLanguage":"es","potentialAction":[{"@type":"ReadAction","target":["https:\/\/cvinoticias.com\/v3\/en-10-dias-hubo-mas-vuelos-privados-desde-y-hacia-paraguay-que-en-seis-meses\/"]}]},{"@type":"ImageObject","inLanguage":"es","@id":"https:\/\/cvinoticias.com\/v3\/en-10-dias-hubo-mas-vuelos-privados-desde-y-hacia-paraguay-que-en-seis-meses\/#primaryimage","url":"https:\/\/cvinoticias.com\/wp-content\/uploads\/2021\/07\/L_235626_arg2.jpg","contentUrl":"https:\/\/cvinoticias.com\/wp-content\/uploads\/2021\/07\/L_235626_arg2.jpg","width":1024,"height":576},{"@type":"BreadcrumbList","@id":"https:\/\/cvinoticias.com\/v3\/en-10-dias-hubo-mas-vuelos-privados-desde-y-hacia-paraguay-que-en-seis-meses\/#breadcrumb","itemListElement":[{"@type":"ListItem","position":1,"name":"Portada","item":"https:\/\/cvinoticias.com\/v3\/"},{"@type":"ListItem","position":2,"name":"En 10 d\u00edas hubo m\u00e1s vuelos privados desde y hacia Paraguay que en seis meses"}]},{"@type":"WebSite","@id":"https:\/\/cvinoticias.com\/v3\/#website","url":"https:\/\/cvinoticias.com\/v3\/","name":"CVI NOTICIAS","description":"","publisher":{"@id":"https:\/\/cvinoticias.com\/v3\/#organization"},"alternateName":"CVI","potentialAction":[{"@type":"SearchAction","target":{"@type":"EntryPoint","urlTemplate":"https:\/\/cvinoticias.com\/v3\/?s={search_term_string}"},"query-input":{"@type":"PropertyValueSpecification","valueRequired":true,"valueName":"search_term_string"}}],"inLanguage":"es"},{"@type":"Organization","@id":"https:\/\/cvinoticias.com\/v3\/#organization","name":"CVI NOTICIAS","url":"https:\/\/cvinoticias.com\/v3\/","logo":{"@type":"ImageObject","inLanguage":"es","@id":"https:\/\/cvinoticias.com\/v3\/#\/schema\/logo\/image\/","url":"https:\/\/cvinoticias.com\/wp-content\/uploads\/2023\/04\/cropped-cropped-cropped-cropped-cropped-3-1.png","contentUrl":"https:\/\/cvinoticias.com\/wp-content\/uploads\/2023\/04\/cropped-cropped-cropped-cropped-cropped-3-1.png","width":95,"height":122,"caption":"CVI NOTICIAS"},"image":{"@id":"https:\/\/cvinoticias.com\/v3\/#\/schema\/logo\/image\/"},"sameAs":["https:\/\/www.facebook.com\/cvinoticias","https:\/\/www.instagram.com\/cvinoticias\/","https:\/\/www.youtube.com\/@CVINOTICIAS"]},{"@type":"Person","@id":"https:\/\/cvinoticias.com\/v3\/#\/schema\/person\/2db77e3c6bc03c538495d7b2b8be9b66","name":"f1000024","image":{"@type":"ImageObject","inLanguage":"es","@id":"https:\/\/secure.gravatar.com\/avatar\/d4fe7459cfc51ff5129ce1a732bbef5928568b8092d412ef95611616376bbeed?s=96&d=mm&r=g","url":"https:\/\/secure.gravatar.com\/avatar\/d4fe7459cfc51ff5129ce1a732bbef5928568b8092d412ef95611616376bbeed?s=96&d=mm&r=g","contentUrl":"https:\/\/secure.gravatar.com\/avatar\/d4fe7459cfc51ff5129ce1a732bbef5928568b8092d412ef95611616376bbeed?s=96&d=mm&r=g","caption":"f1000024"},"url":"https:\/\/cvinoticias.com\/v3\/author\/f1000024\/"}]}},"_links":{"self":[{"href":"https:\/\/cvinoticias.com\/v3\/wp-json\/wp\/v2\/posts\/6708","targetHints":{"allow":["GET"]}}],"collection":[{"href":"https:\/\/cvinoticias.com\/v3\/wp-json\/wp\/v2\/posts"}],"about":[{"href":"https:\/\/cvinoticias.com\/v3\/wp-json\/wp\/v2\/types\/post"}],"author":[{"embeddable":true,"href":"https:\/\/cvinoticias.com\/v3\/wp-json\/wp\/v2\/users\/2"}],"replies":[{"embeddable":true,"href":"https:\/\/cvinoticias.com\/v3\/wp-json\/wp\/v2\/comments?post=6708"}],"version-history":[{"count":1,"href":"https:\/\/cvinoticias.com\/v3\/wp-json\/wp\/v2\/posts\/6708\/revisions"}],"predecessor-version":[{"id":6710,"href":"https:\/\/cvinoticias.com\/v3\/wp-json\/wp\/v2\/posts\/6708\/revisions\/6710"}],"wp:featuredmedia":[{"embeddable":true,"href":"https:\/\/cvinoticias.com\/v3\/wp-json\/wp\/v2\/media\/6709"}],"wp:attachment":[{"href":"https:\/\/cvinoticias.com\/v3\/wp-json\/wp\/v2\/media?parent=6708"}],"wp:term":[{"taxonomy":"category","embeddable":true,"href":"https:\/\/cvinoticias.com\/v3\/wp-json\/wp\/v2\/categories?post=6708"},{"taxonomy":"post_tag","embeddable":true,"href":"https:\/\/cvinoticias.com\/v3\/wp-json\/wp\/v2\/tags?post=6708"}],"curies":[{"name":"wp","href":"https:\/\/api.w.org\/{rel}","templated":true}]}}