{"id":6693,"date":"2021-07-08T11:19:28","date_gmt":"2021-07-08T11:19:28","guid":{"rendered":"https:\/\/cvinoticias.com\/v3\/?p=6693"},"modified":"2021-07-08T11:19:28","modified_gmt":"2021-07-08T11:19:28","slug":"detuvieron-a-un-hombre-que-intentaba-viajar-con-la-valija-cargada-de-marihuana-en-puerto-iguazu","status":"publish","type":"post","link":"https:\/\/cvinoticias.com\/v3\/detuvieron-a-un-hombre-que-intentaba-viajar-con-la-valija-cargada-de-marihuana-en-puerto-iguazu\/","title":{"rendered":"Detuvieron a un hombre que intentaba viajar con la valija cargada de marihuana en Puerto Iguaz\u00fa"},"content":{"rendered":"\n<p><strong><em>La Polic\u00eda de Misiones detuvo esta madrugada a un hombre de 38 a\u00f1os de nacionalidad Paraguaya que trasportaba una valija con m\u00e1s de 10 kilos de cogollos de marihuana.<\/em><\/strong><\/p>\n\n\n\n<p>El procedimiento fue llevado a cabo por efectivos de la Comisar\u00eda 4ta con el apoyo de la divisi\u00f3n Drogas Peligrosas de la Unidad Regional V en el marco de tareas preventivas desarrolladas en la jurisdicci\u00f3n.<\/p>\n\n\n\n<p>Alrededor 01:15, en el barrio Cataratas m\u00e1s precisamente sobre la avenida Almafuerte intersecci\u00f3n con la calle Victoria Ocampo, los uniformados notaron la presencia del hombre que cargaba un bolso en sus hombros. Este al notar el m\u00f3vil policial descart\u00f3 la maleta en la v\u00eda p\u00fablica, intent\u00f3 darse a la fuga pero fue aprehendido. Al solicitarle que exhibiera el equipaje, constataron una bolsa negra y en su interior se encontraba el estupefaciente.<\/p>\n\n\n\n<p>Con intervenci\u00f3n del Juzgado Federal de Eldorado y en presencia de testigos se procedi\u00f3 a realizar el test orientativo de rigor y el pesaje de la sustancia, el cual fue positivo para Cannabis Sativa y pes\u00f3 10,080 kilogramos.<\/p>\n\n\n\n<p>El hombre identificado fue notificado de la causa por transporte de estupefacientes y permanece detenido a disposici\u00f3n del Juzgado Federal.<\/p>\n\n\n\n<figure class=\"wp-block-image size-large\"><a href=\"https:\/\/cvinoticias.com\/wp-content\/uploads\/2021\/07\/FB_IMG_1625742988150.jpg\"><img decoding=\"async\" width=\"960\" height=\"719\" data-src=\"https:\/\/cvinoticias.com\/wp-content\/uploads\/2021\/07\/FB_IMG_1625742988150.jpg\" alt=\"\" class=\"wp-image-6694 lazyload\" data-srcset=\"https:\/\/cvinoticias.com\/wp-content\/uploads\/2021\/07\/FB_IMG_1625742988150.jpg 960w, https:\/\/cvinoticias.com\/wp-content\/uploads\/2021\/07\/FB_IMG_1625742988150-300x225.jpg 300w, https:\/\/cvinoticias.com\/wp-content\/uploads\/2021\/07\/FB_IMG_1625742988150-768x575.jpg 768w\" data-sizes=\"(max-width: 960px) 100vw, 960px\" src=\"data:image\/svg+xml;base64,PHN2ZyB3aWR0aD0iMSIgaGVpZ2h0PSIxIiB4bWxucz0iaHR0cDovL3d3dy53My5vcmcvMjAwMC9zdmciPjwvc3ZnPg==\" style=\"--smush-placeholder-width: 960px; --smush-placeholder-aspect-ratio: 960\/719;\" \/><\/a><\/figure>\n","protected":false},"excerpt":{"rendered":"<p>La Polic\u00eda de Misiones detuvo esta madrugada a un hombre de 38 a\u00f1os de nacionalidad Paraguaya que trasportaba una valija con m\u00e1s de 10 kilos de cogollos de marihuana. El procedimiento fue llevado a cabo por efectivos de la Comisar\u00eda 4ta con el apoyo de la divisi\u00f3n Drogas Peligrosas de la Unidad Regional V en [&hellip;]<\/p>\n","protected":false},"author":2,"featured_media":6695,"comment_status":"open","ping_status":"open","sticky":false,"template":"","format":"standard","meta":{"footnotes":""},"categories":[41],"tags":[],"class_list":["post-6693","post","type-post","status-publish","format-standard","has-post-thumbnail","hentry","category-policiales"],"yoast_head":"<!-- This site is optimized with the Yoast SEO plugin v27.4 - https:\/\/yoast.com\/product\/yoast-seo-wordpress\/ -->\n<title>Detuvieron a un hombre que intentaba viajar con la valija cargada de marihuana en Puerto Iguaz\u00fa | CVI NOTICIAS<\/title>\n<meta name=\"robots\" content=\"index, follow, max-snippet:-1, max-image-preview:large, max-video-preview:-1\" \/>\n<link rel=\"canonical\" href=\"https:\/\/cvinoticias.com\/v3\/detuvieron-a-un-hombre-que-intentaba-viajar-con-la-valija-cargada-de-marihuana-en-puerto-iguazu\/\" \/>\n<meta property=\"og:locale\" content=\"es_ES\" \/>\n<meta property=\"og:type\" content=\"article\" \/>\n<meta property=\"og:title\" content=\"Detuvieron a un hombre que intentaba viajar con la valija cargada de marihuana en Puerto Iguaz\u00fa | CVI NOTICIAS\" \/>\n<meta property=\"og:description\" content=\"La Polic\u00eda de Misiones detuvo esta madrugada a un hombre de 38 a\u00f1os de nacionalidad Paraguaya que trasportaba una valija con m\u00e1s de 10 kilos de cogollos de marihuana. El procedimiento fue llevado a cabo por efectivos de la Comisar\u00eda 4ta con el apoyo de la divisi\u00f3n Drogas Peligrosas de la Unidad Regional V en [&hellip;]\" \/>\n<meta property=\"og:url\" content=\"https:\/\/cvinoticias.com\/v3\/detuvieron-a-un-hombre-que-intentaba-viajar-con-la-valija-cargada-de-marihuana-en-puerto-iguazu\/\" \/>\n<meta property=\"og:site_name\" content=\"CVI NOTICIAS\" \/>\n<meta property=\"article:publisher\" content=\"https:\/\/www.facebook.com\/cvinoticias\" \/>\n<meta property=\"article:published_time\" content=\"2021-07-08T11:19:28+00:00\" \/>\n<meta property=\"og:image\" content=\"https:\/\/cvinoticias.com\/wp-content\/uploads\/2021\/07\/FB_IMG_1625742985262.jpg\" \/>\n\t<meta property=\"og:image:width\" content=\"813\" \/>\n\t<meta property=\"og:image:height\" content=\"751\" \/>\n\t<meta property=\"og:image:type\" content=\"image\/jpeg\" \/>\n<meta name=\"author\" content=\"f1000024\" \/>\n<meta name=\"twitter:card\" content=\"summary_large_image\" \/>\n<meta name=\"twitter:label1\" content=\"Escrito por\" \/>\n\t<meta name=\"twitter:data1\" content=\"f1000024\" \/>\n\t<meta name=\"twitter:label2\" content=\"Tiempo de lectura\" \/>\n\t<meta name=\"twitter:data2\" content=\"1 minuto\" \/>\n<script type=\"application\/ld+json\" class=\"yoast-schema-graph\">{\"@context\":\"https:\\\/\\\/schema.org\",\"@graph\":[{\"@type\":\"Article\",\"@id\":\"https:\\\/\\\/cvinoticias.com\\\/v3\\\/detuvieron-a-un-hombre-que-intentaba-viajar-con-la-valija-cargada-de-marihuana-en-puerto-iguazu\\\/#article\",\"isPartOf\":{\"@id\":\"https:\\\/\\\/cvinoticias.com\\\/v3\\\/detuvieron-a-un-hombre-que-intentaba-viajar-con-la-valija-cargada-de-marihuana-en-puerto-iguazu\\\/\"},\"author\":{\"name\":\"f1000024\",\"@id\":\"https:\\\/\\\/cvinoticias.com\\\/v3\\\/#\\\/schema\\\/person\\\/2db77e3c6bc03c538495d7b2b8be9b66\"},\"headline\":\"Detuvieron a un hombre que intentaba viajar con la valija cargada de marihuana en Puerto Iguaz\u00fa\",\"datePublished\":\"2021-07-08T11:19:28+00:00\",\"mainEntityOfPage\":{\"@id\":\"https:\\\/\\\/cvinoticias.com\\\/v3\\\/detuvieron-a-un-hombre-que-intentaba-viajar-con-la-valija-cargada-de-marihuana-en-puerto-iguazu\\\/\"},\"wordCount\":218,\"commentCount\":0,\"publisher\":{\"@id\":\"https:\\\/\\\/cvinoticias.com\\\/v3\\\/#organization\"},\"image\":{\"@id\":\"https:\\\/\\\/cvinoticias.com\\\/v3\\\/detuvieron-a-un-hombre-que-intentaba-viajar-con-la-valija-cargada-de-marihuana-en-puerto-iguazu\\\/#primaryimage\"},\"thumbnailUrl\":\"https:\\\/\\\/cvinoticias.com\\\/wp-content\\\/uploads\\\/2021\\\/07\\\/FB_IMG_1625742985262.jpg\",\"articleSection\":[\"Policiales\"],\"inLanguage\":\"es\",\"potentialAction\":[{\"@type\":\"CommentAction\",\"name\":\"Comment\",\"target\":[\"https:\\\/\\\/cvinoticias.com\\\/v3\\\/detuvieron-a-un-hombre-que-intentaba-viajar-con-la-valija-cargada-de-marihuana-en-puerto-iguazu\\\/#respond\"]}]},{\"@type\":\"WebPage\",\"@id\":\"https:\\\/\\\/cvinoticias.com\\\/v3\\\/detuvieron-a-un-hombre-que-intentaba-viajar-con-la-valija-cargada-de-marihuana-en-puerto-iguazu\\\/\",\"url\":\"https:\\\/\\\/cvinoticias.com\\\/v3\\\/detuvieron-a-un-hombre-que-intentaba-viajar-con-la-valija-cargada-de-marihuana-en-puerto-iguazu\\\/\",\"name\":\"Detuvieron a un hombre que intentaba viajar con la valija cargada de marihuana en Puerto Iguaz\u00fa | CVI NOTICIAS\",\"isPartOf\":{\"@id\":\"https:\\\/\\\/cvinoticias.com\\\/v3\\\/#website\"},\"primaryImageOfPage\":{\"@id\":\"https:\\\/\\\/cvinoticias.com\\\/v3\\\/detuvieron-a-un-hombre-que-intentaba-viajar-con-la-valija-cargada-de-marihuana-en-puerto-iguazu\\\/#primaryimage\"},\"image\":{\"@id\":\"https:\\\/\\\/cvinoticias.com\\\/v3\\\/detuvieron-a-un-hombre-que-intentaba-viajar-con-la-valija-cargada-de-marihuana-en-puerto-iguazu\\\/#primaryimage\"},\"thumbnailUrl\":\"https:\\\/\\\/cvinoticias.com\\\/wp-content\\\/uploads\\\/2021\\\/07\\\/FB_IMG_1625742985262.jpg\",\"datePublished\":\"2021-07-08T11:19:28+00:00\",\"breadcrumb\":{\"@id\":\"https:\\\/\\\/cvinoticias.com\\\/v3\\\/detuvieron-a-un-hombre-que-intentaba-viajar-con-la-valija-cargada-de-marihuana-en-puerto-iguazu\\\/#breadcrumb\"},\"inLanguage\":\"es\",\"potentialAction\":[{\"@type\":\"ReadAction\",\"target\":[\"https:\\\/\\\/cvinoticias.com\\\/v3\\\/detuvieron-a-un-hombre-que-intentaba-viajar-con-la-valija-cargada-de-marihuana-en-puerto-iguazu\\\/\"]}]},{\"@type\":\"ImageObject\",\"inLanguage\":\"es\",\"@id\":\"https:\\\/\\\/cvinoticias.com\\\/v3\\\/detuvieron-a-un-hombre-que-intentaba-viajar-con-la-valija-cargada-de-marihuana-en-puerto-iguazu\\\/#primaryimage\",\"url\":\"https:\\\/\\\/cvinoticias.com\\\/wp-content\\\/uploads\\\/2021\\\/07\\\/FB_IMG_1625742985262.jpg\",\"contentUrl\":\"https:\\\/\\\/cvinoticias.com\\\/wp-content\\\/uploads\\\/2021\\\/07\\\/FB_IMG_1625742985262.jpg\",\"width\":813,\"height\":751},{\"@type\":\"BreadcrumbList\",\"@id\":\"https:\\\/\\\/cvinoticias.com\\\/v3\\\/detuvieron-a-un-hombre-que-intentaba-viajar-con-la-valija-cargada-de-marihuana-en-puerto-iguazu\\\/#breadcrumb\",\"itemListElement\":[{\"@type\":\"ListItem\",\"position\":1,\"name\":\"Portada\",\"item\":\"https:\\\/\\\/cvinoticias.com\\\/v3\\\/\"},{\"@type\":\"ListItem\",\"position\":2,\"name\":\"Detuvieron a un hombre que intentaba viajar con la valija cargada de marihuana en Puerto Iguaz\u00fa\"}]},{\"@type\":\"WebSite\",\"@id\":\"https:\\\/\\\/cvinoticias.com\\\/v3\\\/#website\",\"url\":\"https:\\\/\\\/cvinoticias.com\\\/v3\\\/\",\"name\":\"CVI NOTICIAS\",\"description\":\"\",\"publisher\":{\"@id\":\"https:\\\/\\\/cvinoticias.com\\\/v3\\\/#organization\"},\"alternateName\":\"CVI\",\"potentialAction\":[{\"@type\":\"SearchAction\",\"target\":{\"@type\":\"EntryPoint\",\"urlTemplate\":\"https:\\\/\\\/cvinoticias.com\\\/v3\\\/?s={search_term_string}\"},\"query-input\":{\"@type\":\"PropertyValueSpecification\",\"valueRequired\":true,\"valueName\":\"search_term_string\"}}],\"inLanguage\":\"es\"},{\"@type\":\"Organization\",\"@id\":\"https:\\\/\\\/cvinoticias.com\\\/v3\\\/#organization\",\"name\":\"CVI NOTICIAS\",\"url\":\"https:\\\/\\\/cvinoticias.com\\\/v3\\\/\",\"logo\":{\"@type\":\"ImageObject\",\"inLanguage\":\"es\",\"@id\":\"https:\\\/\\\/cvinoticias.com\\\/v3\\\/#\\\/schema\\\/logo\\\/image\\\/\",\"url\":\"https:\\\/\\\/cvinoticias.com\\\/wp-content\\\/uploads\\\/2023\\\/04\\\/cropped-cropped-cropped-cropped-cropped-3-1.png\",\"contentUrl\":\"https:\\\/\\\/cvinoticias.com\\\/wp-content\\\/uploads\\\/2023\\\/04\\\/cropped-cropped-cropped-cropped-cropped-3-1.png\",\"width\":95,\"height\":122,\"caption\":\"CVI NOTICIAS\"},\"image\":{\"@id\":\"https:\\\/\\\/cvinoticias.com\\\/v3\\\/#\\\/schema\\\/logo\\\/image\\\/\"},\"sameAs\":[\"https:\\\/\\\/www.facebook.com\\\/cvinoticias\",\"https:\\\/\\\/www.instagram.com\\\/cvinoticias\\\/\",\"https:\\\/\\\/www.youtube.com\\\/@CVINOTICIAS\"]},{\"@type\":\"Person\",\"@id\":\"https:\\\/\\\/cvinoticias.com\\\/v3\\\/#\\\/schema\\\/person\\\/2db77e3c6bc03c538495d7b2b8be9b66\",\"name\":\"f1000024\",\"image\":{\"@type\":\"ImageObject\",\"inLanguage\":\"es\",\"@id\":\"https:\\\/\\\/secure.gravatar.com\\\/avatar\\\/d4fe7459cfc51ff5129ce1a732bbef5928568b8092d412ef95611616376bbeed?s=96&d=mm&r=g\",\"url\":\"https:\\\/\\\/secure.gravatar.com\\\/avatar\\\/d4fe7459cfc51ff5129ce1a732bbef5928568b8092d412ef95611616376bbeed?s=96&d=mm&r=g\",\"contentUrl\":\"https:\\\/\\\/secure.gravatar.com\\\/avatar\\\/d4fe7459cfc51ff5129ce1a732bbef5928568b8092d412ef95611616376bbeed?s=96&d=mm&r=g\",\"caption\":\"f1000024\"},\"url\":\"https:\\\/\\\/cvinoticias.com\\\/v3\\\/author\\\/f1000024\\\/\"}]}<\/script>\n<!-- \/ Yoast SEO plugin. -->","yoast_head_json":{"title":"Detuvieron a un hombre que intentaba viajar con la valija cargada de marihuana en Puerto Iguaz\u00fa | CVI NOTICIAS","robots":{"index":"index","follow":"follow","max-snippet":"max-snippet:-1","max-image-preview":"max-image-preview:large","max-video-preview":"max-video-preview:-1"},"canonical":"https:\/\/cvinoticias.com\/v3\/detuvieron-a-un-hombre-que-intentaba-viajar-con-la-valija-cargada-de-marihuana-en-puerto-iguazu\/","og_locale":"es_ES","og_type":"article","og_title":"Detuvieron a un hombre que intentaba viajar con la valija cargada de marihuana en Puerto Iguaz\u00fa | CVI NOTICIAS","og_description":"La Polic\u00eda de Misiones detuvo esta madrugada a un hombre de 38 a\u00f1os de nacionalidad Paraguaya que trasportaba una valija con m\u00e1s de 10 kilos de cogollos de marihuana. El procedimiento fue llevado a cabo por efectivos de la Comisar\u00eda 4ta con el apoyo de la divisi\u00f3n Drogas Peligrosas de la Unidad Regional V en [&hellip;]","og_url":"https:\/\/cvinoticias.com\/v3\/detuvieron-a-un-hombre-que-intentaba-viajar-con-la-valija-cargada-de-marihuana-en-puerto-iguazu\/","og_site_name":"CVI NOTICIAS","article_publisher":"https:\/\/www.facebook.com\/cvinoticias","article_published_time":"2021-07-08T11:19:28+00:00","og_image":[{"width":813,"height":751,"url":"https:\/\/cvinoticias.com\/wp-content\/uploads\/2021\/07\/FB_IMG_1625742985262.jpg","type":"image\/jpeg"}],"author":"f1000024","twitter_card":"summary_large_image","twitter_misc":{"Escrito por":"f1000024","Tiempo de lectura":"1 minuto"},"schema":{"@context":"https:\/\/schema.org","@graph":[{"@type":"Article","@id":"https:\/\/cvinoticias.com\/v3\/detuvieron-a-un-hombre-que-intentaba-viajar-con-la-valija-cargada-de-marihuana-en-puerto-iguazu\/#article","isPartOf":{"@id":"https:\/\/cvinoticias.com\/v3\/detuvieron-a-un-hombre-que-intentaba-viajar-con-la-valija-cargada-de-marihuana-en-puerto-iguazu\/"},"author":{"name":"f1000024","@id":"https:\/\/cvinoticias.com\/v3\/#\/schema\/person\/2db77e3c6bc03c538495d7b2b8be9b66"},"headline":"Detuvieron a un hombre que intentaba viajar con la valija cargada de marihuana en Puerto Iguaz\u00fa","datePublished":"2021-07-08T11:19:28+00:00","mainEntityOfPage":{"@id":"https:\/\/cvinoticias.com\/v3\/detuvieron-a-un-hombre-que-intentaba-viajar-con-la-valija-cargada-de-marihuana-en-puerto-iguazu\/"},"wordCount":218,"commentCount":0,"publisher":{"@id":"https:\/\/cvinoticias.com\/v3\/#organization"},"image":{"@id":"https:\/\/cvinoticias.com\/v3\/detuvieron-a-un-hombre-que-intentaba-viajar-con-la-valija-cargada-de-marihuana-en-puerto-iguazu\/#primaryimage"},"thumbnailUrl":"https:\/\/cvinoticias.com\/wp-content\/uploads\/2021\/07\/FB_IMG_1625742985262.jpg","articleSection":["Policiales"],"inLanguage":"es","potentialAction":[{"@type":"CommentAction","name":"Comment","target":["https:\/\/cvinoticias.com\/v3\/detuvieron-a-un-hombre-que-intentaba-viajar-con-la-valija-cargada-de-marihuana-en-puerto-iguazu\/#respond"]}]},{"@type":"WebPage","@id":"https:\/\/cvinoticias.com\/v3\/detuvieron-a-un-hombre-que-intentaba-viajar-con-la-valija-cargada-de-marihuana-en-puerto-iguazu\/","url":"https:\/\/cvinoticias.com\/v3\/detuvieron-a-un-hombre-que-intentaba-viajar-con-la-valija-cargada-de-marihuana-en-puerto-iguazu\/","name":"Detuvieron a un hombre que intentaba viajar con la valija cargada de marihuana en Puerto Iguaz\u00fa | CVI NOTICIAS","isPartOf":{"@id":"https:\/\/cvinoticias.com\/v3\/#website"},"primaryImageOfPage":{"@id":"https:\/\/cvinoticias.com\/v3\/detuvieron-a-un-hombre-que-intentaba-viajar-con-la-valija-cargada-de-marihuana-en-puerto-iguazu\/#primaryimage"},"image":{"@id":"https:\/\/cvinoticias.com\/v3\/detuvieron-a-un-hombre-que-intentaba-viajar-con-la-valija-cargada-de-marihuana-en-puerto-iguazu\/#primaryimage"},"thumbnailUrl":"https:\/\/cvinoticias.com\/wp-content\/uploads\/2021\/07\/FB_IMG_1625742985262.jpg","datePublished":"2021-07-08T11:19:28+00:00","breadcrumb":{"@id":"https:\/\/cvinoticias.com\/v3\/detuvieron-a-un-hombre-que-intentaba-viajar-con-la-valija-cargada-de-marihuana-en-puerto-iguazu\/#breadcrumb"},"inLanguage":"es","potentialAction":[{"@type":"ReadAction","target":["https:\/\/cvinoticias.com\/v3\/detuvieron-a-un-hombre-que-intentaba-viajar-con-la-valija-cargada-de-marihuana-en-puerto-iguazu\/"]}]},{"@type":"ImageObject","inLanguage":"es","@id":"https:\/\/cvinoticias.com\/v3\/detuvieron-a-un-hombre-que-intentaba-viajar-con-la-valija-cargada-de-marihuana-en-puerto-iguazu\/#primaryimage","url":"https:\/\/cvinoticias.com\/wp-content\/uploads\/2021\/07\/FB_IMG_1625742985262.jpg","contentUrl":"https:\/\/cvinoticias.com\/wp-content\/uploads\/2021\/07\/FB_IMG_1625742985262.jpg","width":813,"height":751},{"@type":"BreadcrumbList","@id":"https:\/\/cvinoticias.com\/v3\/detuvieron-a-un-hombre-que-intentaba-viajar-con-la-valija-cargada-de-marihuana-en-puerto-iguazu\/#breadcrumb","itemListElement":[{"@type":"ListItem","position":1,"name":"Portada","item":"https:\/\/cvinoticias.com\/v3\/"},{"@type":"ListItem","position":2,"name":"Detuvieron a un hombre que intentaba viajar con la valija cargada de marihuana en Puerto Iguaz\u00fa"}]},{"@type":"WebSite","@id":"https:\/\/cvinoticias.com\/v3\/#website","url":"https:\/\/cvinoticias.com\/v3\/","name":"CVI NOTICIAS","description":"","publisher":{"@id":"https:\/\/cvinoticias.com\/v3\/#organization"},"alternateName":"CVI","potentialAction":[{"@type":"SearchAction","target":{"@type":"EntryPoint","urlTemplate":"https:\/\/cvinoticias.com\/v3\/?s={search_term_string}"},"query-input":{"@type":"PropertyValueSpecification","valueRequired":true,"valueName":"search_term_string"}}],"inLanguage":"es"},{"@type":"Organization","@id":"https:\/\/cvinoticias.com\/v3\/#organization","name":"CVI NOTICIAS","url":"https:\/\/cvinoticias.com\/v3\/","logo":{"@type":"ImageObject","inLanguage":"es","@id":"https:\/\/cvinoticias.com\/v3\/#\/schema\/logo\/image\/","url":"https:\/\/cvinoticias.com\/wp-content\/uploads\/2023\/04\/cropped-cropped-cropped-cropped-cropped-3-1.png","contentUrl":"https:\/\/cvinoticias.com\/wp-content\/uploads\/2023\/04\/cropped-cropped-cropped-cropped-cropped-3-1.png","width":95,"height":122,"caption":"CVI NOTICIAS"},"image":{"@id":"https:\/\/cvinoticias.com\/v3\/#\/schema\/logo\/image\/"},"sameAs":["https:\/\/www.facebook.com\/cvinoticias","https:\/\/www.instagram.com\/cvinoticias\/","https:\/\/www.youtube.com\/@CVINOTICIAS"]},{"@type":"Person","@id":"https:\/\/cvinoticias.com\/v3\/#\/schema\/person\/2db77e3c6bc03c538495d7b2b8be9b66","name":"f1000024","image":{"@type":"ImageObject","inLanguage":"es","@id":"https:\/\/secure.gravatar.com\/avatar\/d4fe7459cfc51ff5129ce1a732bbef5928568b8092d412ef95611616376bbeed?s=96&d=mm&r=g","url":"https:\/\/secure.gravatar.com\/avatar\/d4fe7459cfc51ff5129ce1a732bbef5928568b8092d412ef95611616376bbeed?s=96&d=mm&r=g","contentUrl":"https:\/\/secure.gravatar.com\/avatar\/d4fe7459cfc51ff5129ce1a732bbef5928568b8092d412ef95611616376bbeed?s=96&d=mm&r=g","caption":"f1000024"},"url":"https:\/\/cvinoticias.com\/v3\/author\/f1000024\/"}]}},"_links":{"self":[{"href":"https:\/\/cvinoticias.com\/v3\/wp-json\/wp\/v2\/posts\/6693","targetHints":{"allow":["GET"]}}],"collection":[{"href":"https:\/\/cvinoticias.com\/v3\/wp-json\/wp\/v2\/posts"}],"about":[{"href":"https:\/\/cvinoticias.com\/v3\/wp-json\/wp\/v2\/types\/post"}],"author":[{"embeddable":true,"href":"https:\/\/cvinoticias.com\/v3\/wp-json\/wp\/v2\/users\/2"}],"replies":[{"embeddable":true,"href":"https:\/\/cvinoticias.com\/v3\/wp-json\/wp\/v2\/comments?post=6693"}],"version-history":[{"count":1,"href":"https:\/\/cvinoticias.com\/v3\/wp-json\/wp\/v2\/posts\/6693\/revisions"}],"predecessor-version":[{"id":6696,"href":"https:\/\/cvinoticias.com\/v3\/wp-json\/wp\/v2\/posts\/6693\/revisions\/6696"}],"wp:featuredmedia":[{"embeddable":true,"href":"https:\/\/cvinoticias.com\/v3\/wp-json\/wp\/v2\/media\/6695"}],"wp:attachment":[{"href":"https:\/\/cvinoticias.com\/v3\/wp-json\/wp\/v2\/media?parent=6693"}],"wp:term":[{"taxonomy":"category","embeddable":true,"href":"https:\/\/cvinoticias.com\/v3\/wp-json\/wp\/v2\/categories?post=6693"},{"taxonomy":"post_tag","embeddable":true,"href":"https:\/\/cvinoticias.com\/v3\/wp-json\/wp\/v2\/tags?post=6693"}],"curies":[{"name":"wp","href":"https:\/\/api.w.org\/{rel}","templated":true}]}}