{"id":6683,"date":"2021-07-08T09:39:41","date_gmt":"2021-07-08T09:39:41","guid":{"rendered":"https:\/\/cvinoticias.com\/v3\/?p=6683"},"modified":"2021-07-08T09:39:41","modified_gmt":"2021-07-08T09:39:41","slug":"el-gobierno-provincial-anuncio-medidas-para-el-desarrollo-productivo","status":"publish","type":"post","link":"https:\/\/cvinoticias.com\/v3\/el-gobierno-provincial-anuncio-medidas-para-el-desarrollo-productivo\/","title":{"rendered":"El Gobierno provincial anunci\u00f3 medidas para el desarrollo productivo"},"content":{"rendered":"\n<p><strong><em>Este mi\u00e9rcoles el gobernador Oscar Herrera Ahuad visit\u00f3 la f\u00e1brica del Grupo Dass, en el Eldorado, donde anunci\u00f3 la renovaci\u00f3n de la alianza comercial y el reinicio de la fabricaci\u00f3n de la marca NIKE que generar\u00e1 nuevos puestos de trabajo.<\/em><\/strong><\/p>\n\n\n\n<p>Por videoconferencia se sum\u00f3 el ministro de Desarrollo Productivo de la Naci\u00f3n, Mat\u00edas Kulfas y juntos brindaron detalles de una serie de medidas que beneficiar\u00e1n a la producci\u00f3n misionera.<\/p>\n\n\n\n<p>Esta ma\u00f1ana, el gobernador Oscar Herrera Ahuad visit\u00f3 la planta productiva de Grupo Dass ubicada en la ciudad de Eldorado, una empresa que recientemente reinici\u00f3 la fabricaci\u00f3n de una reconocida marca internacional de zapatillas que generar\u00e1 80 nuevos puestos de trabajo, en lo inmediato. Tambi\u00e9n, recorri\u00f3 las instalaciones, conoci\u00f3 detalles de su funcionamiento y celebr\u00f3 la puesta en marcha de la producci\u00f3n de zapatillas marca NIKE en Misiones.<\/p>\n\n\n\n<p>Mediante videoconferencia, el ministro de Desarrollo Productivo de la Naci\u00f3n, Mat\u00edas Kulfas, se sum\u00f3 para el anuncio de una serie de medidas adoptadas con el fin de impulsar el desarrollo productivo de Misiones.<\/p>\n\n\n\n<p>En la ocasi\u00f3n, Herrera Ahuad agradeci\u00f3 al ministro Kulfas \u201cpor el compromiso evidenciado de siempre con la provincia de Misiones, con el sector productivo\u201d. Con el mismo \u00e9nfasis, dio las gracias a la empresa \u201cpor confiar en Misiones, por creer que desde ac\u00e1 se puede producir tambi\u00e9n, con inversiones, confianza y decisi\u00f3n de llevar adelante pol\u00edticas p\u00fablicas para todos los argentinos\u201d<\/p>\n\n\n\n<p>Del mismo, el Gobernador brind\u00f3 detalles de otros anuncios de importancia para los misioneros, como la l\u00ednea de financiamiento para c\u00e1maras de secado para madera, el Programa Nacional para el Desarrollo de Parques Industriales, la reactivaci\u00f3n de la Econom\u00eda del Conocimiento, el \u201cAhora Misiones +15\u201d, entre otros. Remarc\u00f3 que las medidas se inscriben en el marco de \u201cla decisi\u00f3n pol\u00edtica de conservar el trabajo y el empleo argentino, la producci\u00f3n argentina, en un pa\u00eds federal\u201d. Agradeci\u00f3 al presidente Alberto Fern\u00e1ndez por la recuperaci\u00f3n del empleo con producci\u00f3n y con incremento de la producci\u00f3n en nuestra provincia. A ello agreg\u00f3 que \u201cestas pol\u00edticas p\u00fablicas llegan a donde tienen que llegar, que es a la gente, con quienes nosotros nos comprometimos a gestionar y concretar esas acciones\u201d.<\/p>\n\n\n\n<p>Por \u00faltimo, Herrera Ahuad destac\u00f3 el papel de la f\u00e1brica que en plena pandemia adecuo su producci\u00f3n y continu\u00f3 con su labor. \u201cEsto tiene mucho valor, porque tambi\u00e9n genera confianza en las pol\u00edticas p\u00fablicas del Gobierno provincial, que est\u00e1 para ayudar y acompa\u00f1ar junto con el gobierno municipal\u201d, puntualiz\u00f3.<\/p>\n\n\n\n<p>En tanto, el ministro Kulfas expres\u00f3 que \u00abrealmente estamos contentos con el trabajo realizado con el Gobierno de Misiones\u00bb,&nbsp; &nbsp; &nbsp;que va de la mano de pol\u00edticas nacionales para impulsar el sector industrial\u201d, poniendo el acento en que a pesar de la pandemia siguieron con acciones para poner en marcha el \u00e1rea. \u00abGobernar es generar trabajo\u00bb, remarc\u00f3, y valor\u00f3 la labor conjunta entre la Naci\u00f3n y la provincia.&nbsp; En relaci\u00f3n a las medidas anunciadas dijo que son en beneficio de la poblaci\u00f3n misionera, en producci\u00f3n, trabajo y consumo.<\/p>\n\n\n\n<p>En el evento tambi\u00e9n estuvieron presentes, el secretario de Industria, Econom\u00eda del Conocimiento y Gesti\u00f3n Comercial Externa de la Naci\u00f3n, Ariel Schale, el intendente de Eldorado, Fabio Mart\u00ednez; el ministro de Industria de Misiones, Nicol\u00e1s Trevis\u00e1n, el ministro de Hacienda, Adolfo Safr\u00e1n; el diputado nacional Ricardo Wellbach; entre otros funcionarios. En tanto, desde el sector privado estuvieron el CEO del Grupo Dass Argentina, Brian Handley; el gerente general de Nike Cono Sur, Jeffrey Mitchell y otros representantes privados del sector empresarial internacional.<\/p>\n\n\n\n<p>Nuevo Inicio de producci\u00f3n de zapatillas Nike en Grupo Dass<\/p>\n\n\n\n<p>En el mismo evento, se anunci\u00f3 la renovaci\u00f3n de la alianza comercial y el reinicio de la fabricaci\u00f3n de la marca NIKE en la planta del Grupo DASS Argentina en el Eldorado, Provincia de Misiones, con la puesta en marcha de 2 l\u00edneas de producci\u00f3n, generando 80 nuevos puestos de trabajo. Mientras tanto, en la planta productiva de Eldorado ya se est\u00e1 fabricando una l\u00ednea de la marca Nike, se realizan 1000 pares por d\u00eda. En agosto ya estar\u00e1 en marcha la fabricaci\u00f3n de la segunda l\u00ednea y se duplicar\u00e1 la cantidad por d\u00eda. Y hace poco la empresa incorpor\u00f3 m\u00e1s trabajadores a la planta y la ampliaci\u00f3n de la l\u00ednea de producci\u00f3n en la tierra colorada a trav\u00e9s de la marca Nike.<\/p>\n\n\n\n<p>En cuanto a la empresa tiene dos plantas funcionando en Argentina, una en Buenos Aires y la del Eldorado, consolid\u00e1ndose como el mayor empleador del sector. Es propietaria de la licencia perpetua de la marca FILA para todo Latinoam\u00e9rica, la licencia de la marca Umbro para Argentina, Brasil y Paraguay y recientemente alcanz\u00f3 un acuerdo con la marca ASICS.<\/p>\n\n\n\n<p>L\u00ednea de financiamiento para c\u00e1maras de secado para madera<\/p>\n\n\n\n<p>Entre otros anuncios, hoy se inform\u00f3 sobre la nueva l\u00ednea de financiamiento por $1000 millones, destinada a peque\u00f1os y medianos aserraderos de la Provincia de Misiones para la tecnificaci\u00f3n, incremento de capacidad de secado de madera. Esta l\u00ednea se enmarca en los resultados obtenidos en las mesas sectoriales del Acuerdo Econ\u00f3mico y Social del Ministerio de Desarrollo Productivo.<\/p>\n\n\n\n<p>La medida est\u00e1 dirigida a las PyMEs misioneras foresto-industriales y tienen entre sus principales desaf\u00edos el de mejorar su capital tecnol\u00f3gico. Este apoyo financiero permitir\u00e1 mejorar la tecnolog\u00eda de los aserraderos misioneros que reportar\u00e1 en beneficios como reducci\u00f3n de tiempos de secado, disminuci\u00f3n de costos, mejora en precios de venta, calidad, rentabilidad y aspectos log\u00edsticos. Todo permitir\u00e1 fortalecer la oferta para el mercado interno y los mercados de exportaci\u00f3n, optimizando as\u00ed la calidad de las maderas aserradas, reduciendo su humedad y densidad, con impacto ambiental positivo y reduciendo huella de carbono.<\/p>\n\n\n\n<p>Programa Nacional para el Desarrollo de Parques Industriales<\/p>\n\n\n\n<p>Tambi\u00e9n, en el d\u00eda de la fecha se dieron a conocer detalles de este programa que ya asisti\u00f3 a 36 parques industriales de 16 provincias en todo el pa\u00eds por m\u00e1s de $1.900 millones. En este aspecto, en la provincia de Misiones se entregaron Aportes No Reembolsables (ANR) al Parque Industrial Campo Grande. El financiamiento se destina a obras intramuros para la apertura de calles internas, cerco perimetral, distribuci\u00f3n de agua, alumbrado p\u00fablico y desag\u00fces cloacales.<\/p>\n\n\n\n<p>Programa Soluciona: Reactivaci\u00f3n de la Econom\u00eda del Conocimiento<\/p>\n\n\n\n<p>Entre las medidas anunciadas, tambi\u00e9n se encuentra la l\u00ednea que otorga ANR de hasta $15 millones para el desarrollo y\/o la implementaci\u00f3n de soluciones, productos y\/o servicios innovadores generados por los sectores de la econom\u00eda del conocimiento. As\u00ed, el programa asisti\u00f3 durante 2020 a 135 proyectos en todo el pa\u00eds por $1.400 millones.&nbsp; Y en la provincia de Misiones ya se entregaron aportes por un total de $28,5 millones a las empresas Genofeed SA. y WK1 SA.<\/p>\n\n\n\n<p>Asimismo, se brindaron detalles sobre la l\u00ednea que brinda aportes no reembolsables (ANR) para municipios con el objeto de financiar proyectos que promuevan la adopci\u00f3n y desarrollo de la Econom\u00eda del Conocimiento. Como antecedente, el programa asisti\u00f3 durante 2020 a 152 municipios de todo el pa\u00eds por $41 millones, y para el a\u00f1o en curso se destinar\u00e1n $60 millones. En Misiones se entregan ANR a los municipios de Eldorado, Ober\u00e1, Posadas, El Soberbio, Ap\u00f3stoles, Puerto Rico, Campo Grande.<\/p>\n\n\n\n<p>Igualmente, en la videoconferencia, se reiter\u00f3 la implementaci\u00f3n de la L\u00ednea de Desarrollo Federal para Pymes de la provincia con una ampliaci\u00f3n de $ 400 millones de cupo. A todo esto, se suma el programa \u201cAhora Misiones +15\u201d a partir de un aporte del Fondo Nacional de Desarrollo Productivo (FONDEP) que permite un descuento de 35%.<\/p>\n\n\n\n<figure class=\"wp-block-image size-large\"><a href=\"https:\/\/cvinoticias.com\/wp-content\/uploads\/2021\/07\/Screenshot_20210708-063813_Facebook.jpg\"><img decoding=\"async\" width=\"968\" height=\"646\" data-src=\"https:\/\/cvinoticias.com\/wp-content\/uploads\/2021\/07\/Screenshot_20210708-063813_Facebook.jpg\" alt=\"\" class=\"wp-image-6685 lazyload\" data-srcset=\"https:\/\/cvinoticias.com\/wp-content\/uploads\/2021\/07\/Screenshot_20210708-063813_Facebook.jpg 968w, https:\/\/cvinoticias.com\/wp-content\/uploads\/2021\/07\/Screenshot_20210708-063813_Facebook-300x200.jpg 300w, https:\/\/cvinoticias.com\/wp-content\/uploads\/2021\/07\/Screenshot_20210708-063813_Facebook-768x513.jpg 768w\" data-sizes=\"(max-width: 968px) 100vw, 968px\" src=\"data:image\/svg+xml;base64,PHN2ZyB3aWR0aD0iMSIgaGVpZ2h0PSIxIiB4bWxucz0iaHR0cDovL3d3dy53My5vcmcvMjAwMC9zdmciPjwvc3ZnPg==\" style=\"--smush-placeholder-width: 968px; --smush-placeholder-aspect-ratio: 968\/646;\" \/><\/a><\/figure>\n","protected":false},"excerpt":{"rendered":"<p>Este mi\u00e9rcoles el gobernador Oscar Herrera Ahuad visit\u00f3 la f\u00e1brica del Grupo Dass, en el Eldorado, donde anunci\u00f3 la renovaci\u00f3n de la alianza comercial y el reinicio de la fabricaci\u00f3n de la marca NIKE que generar\u00e1 nuevos puestos de trabajo. Por videoconferencia se sum\u00f3 el ministro de Desarrollo Productivo de la Naci\u00f3n, Mat\u00edas Kulfas y [&hellip;]<\/p>\n","protected":false},"author":2,"featured_media":6684,"comment_status":"open","ping_status":"open","sticky":false,"template":"","format":"standard","meta":{"footnotes":""},"categories":[35],"tags":[],"class_list":["post-6683","post","type-post","status-publish","format-standard","has-post-thumbnail","hentry","category-informacion-general"],"yoast_head":"<!-- This site is optimized with the Yoast SEO plugin v27.5 - https:\/\/yoast.com\/product\/yoast-seo-wordpress\/ -->\n<title>El Gobierno provincial anunci\u00f3 medidas para el desarrollo productivo | CVI NOTICIAS<\/title>\n<meta name=\"robots\" content=\"index, follow, max-snippet:-1, max-image-preview:large, max-video-preview:-1\" \/>\n<link rel=\"canonical\" href=\"https:\/\/cvinoticias.com\/v3\/el-gobierno-provincial-anuncio-medidas-para-el-desarrollo-productivo\/\" \/>\n<meta property=\"og:locale\" content=\"es_ES\" \/>\n<meta property=\"og:type\" content=\"article\" \/>\n<meta property=\"og:title\" content=\"El Gobierno provincial anunci\u00f3 medidas para el desarrollo productivo | CVI NOTICIAS\" \/>\n<meta property=\"og:description\" content=\"Este mi\u00e9rcoles el gobernador Oscar Herrera Ahuad visit\u00f3 la f\u00e1brica del Grupo Dass, en el Eldorado, donde anunci\u00f3 la renovaci\u00f3n de la alianza comercial y el reinicio de la fabricaci\u00f3n de la marca NIKE que generar\u00e1 nuevos puestos de trabajo. Por videoconferencia se sum\u00f3 el ministro de Desarrollo Productivo de la Naci\u00f3n, Mat\u00edas Kulfas y [&hellip;]\" \/>\n<meta property=\"og:url\" content=\"https:\/\/cvinoticias.com\/v3\/el-gobierno-provincial-anuncio-medidas-para-el-desarrollo-productivo\/\" \/>\n<meta property=\"og:site_name\" content=\"CVI NOTICIAS\" \/>\n<meta property=\"article:publisher\" content=\"https:\/\/www.facebook.com\/cvinoticias\" \/>\n<meta property=\"article:published_time\" content=\"2021-07-08T09:39:41+00:00\" \/>\n<meta property=\"og:image\" content=\"https:\/\/cvinoticias.com\/wp-content\/uploads\/2021\/07\/Screenshot_20210708-063631_Facebook.jpg\" \/>\n\t<meta property=\"og:image:width\" content=\"970\" \/>\n\t<meta property=\"og:image:height\" content=\"647\" \/>\n\t<meta property=\"og:image:type\" content=\"image\/jpeg\" \/>\n<meta name=\"author\" content=\"f1000024\" \/>\n<meta name=\"twitter:card\" content=\"summary_large_image\" \/>\n<meta name=\"twitter:label1\" content=\"Escrito por\" \/>\n\t<meta name=\"twitter:data1\" content=\"f1000024\" \/>\n\t<meta name=\"twitter:label2\" content=\"Tiempo de lectura\" \/>\n\t<meta name=\"twitter:data2\" content=\"7 minutos\" \/>\n<script type=\"application\/ld+json\" class=\"yoast-schema-graph\">{\"@context\":\"https:\\\/\\\/schema.org\",\"@graph\":[{\"@type\":\"Article\",\"@id\":\"https:\\\/\\\/cvinoticias.com\\\/v3\\\/el-gobierno-provincial-anuncio-medidas-para-el-desarrollo-productivo\\\/#article\",\"isPartOf\":{\"@id\":\"https:\\\/\\\/cvinoticias.com\\\/v3\\\/el-gobierno-provincial-anuncio-medidas-para-el-desarrollo-productivo\\\/\"},\"author\":{\"name\":\"f1000024\",\"@id\":\"https:\\\/\\\/cvinoticias.com\\\/v3\\\/#\\\/schema\\\/person\\\/2db77e3c6bc03c538495d7b2b8be9b66\"},\"headline\":\"El Gobierno provincial anunci\u00f3 medidas para el desarrollo productivo\",\"datePublished\":\"2021-07-08T09:39:41+00:00\",\"mainEntityOfPage\":{\"@id\":\"https:\\\/\\\/cvinoticias.com\\\/v3\\\/el-gobierno-provincial-anuncio-medidas-para-el-desarrollo-productivo\\\/\"},\"wordCount\":1328,\"commentCount\":0,\"publisher\":{\"@id\":\"https:\\\/\\\/cvinoticias.com\\\/v3\\\/#organization\"},\"image\":{\"@id\":\"https:\\\/\\\/cvinoticias.com\\\/v3\\\/el-gobierno-provincial-anuncio-medidas-para-el-desarrollo-productivo\\\/#primaryimage\"},\"thumbnailUrl\":\"https:\\\/\\\/cvinoticias.com\\\/wp-content\\\/uploads\\\/2021\\\/07\\\/Screenshot_20210708-063631_Facebook.jpg\",\"articleSection\":[\"Informaci\u00f3n General\"],\"inLanguage\":\"es\",\"potentialAction\":[{\"@type\":\"CommentAction\",\"name\":\"Comment\",\"target\":[\"https:\\\/\\\/cvinoticias.com\\\/v3\\\/el-gobierno-provincial-anuncio-medidas-para-el-desarrollo-productivo\\\/#respond\"]}]},{\"@type\":\"WebPage\",\"@id\":\"https:\\\/\\\/cvinoticias.com\\\/v3\\\/el-gobierno-provincial-anuncio-medidas-para-el-desarrollo-productivo\\\/\",\"url\":\"https:\\\/\\\/cvinoticias.com\\\/v3\\\/el-gobierno-provincial-anuncio-medidas-para-el-desarrollo-productivo\\\/\",\"name\":\"El Gobierno provincial anunci\u00f3 medidas para el desarrollo productivo | CVI NOTICIAS\",\"isPartOf\":{\"@id\":\"https:\\\/\\\/cvinoticias.com\\\/v3\\\/#website\"},\"primaryImageOfPage\":{\"@id\":\"https:\\\/\\\/cvinoticias.com\\\/v3\\\/el-gobierno-provincial-anuncio-medidas-para-el-desarrollo-productivo\\\/#primaryimage\"},\"image\":{\"@id\":\"https:\\\/\\\/cvinoticias.com\\\/v3\\\/el-gobierno-provincial-anuncio-medidas-para-el-desarrollo-productivo\\\/#primaryimage\"},\"thumbnailUrl\":\"https:\\\/\\\/cvinoticias.com\\\/wp-content\\\/uploads\\\/2021\\\/07\\\/Screenshot_20210708-063631_Facebook.jpg\",\"datePublished\":\"2021-07-08T09:39:41+00:00\",\"breadcrumb\":{\"@id\":\"https:\\\/\\\/cvinoticias.com\\\/v3\\\/el-gobierno-provincial-anuncio-medidas-para-el-desarrollo-productivo\\\/#breadcrumb\"},\"inLanguage\":\"es\",\"potentialAction\":[{\"@type\":\"ReadAction\",\"target\":[\"https:\\\/\\\/cvinoticias.com\\\/v3\\\/el-gobierno-provincial-anuncio-medidas-para-el-desarrollo-productivo\\\/\"]}]},{\"@type\":\"ImageObject\",\"inLanguage\":\"es\",\"@id\":\"https:\\\/\\\/cvinoticias.com\\\/v3\\\/el-gobierno-provincial-anuncio-medidas-para-el-desarrollo-productivo\\\/#primaryimage\",\"url\":\"https:\\\/\\\/cvinoticias.com\\\/wp-content\\\/uploads\\\/2021\\\/07\\\/Screenshot_20210708-063631_Facebook.jpg\",\"contentUrl\":\"https:\\\/\\\/cvinoticias.com\\\/wp-content\\\/uploads\\\/2021\\\/07\\\/Screenshot_20210708-063631_Facebook.jpg\",\"width\":970,\"height\":647},{\"@type\":\"BreadcrumbList\",\"@id\":\"https:\\\/\\\/cvinoticias.com\\\/v3\\\/el-gobierno-provincial-anuncio-medidas-para-el-desarrollo-productivo\\\/#breadcrumb\",\"itemListElement\":[{\"@type\":\"ListItem\",\"position\":1,\"name\":\"Portada\",\"item\":\"https:\\\/\\\/cvinoticias.com\\\/v3\\\/\"},{\"@type\":\"ListItem\",\"position\":2,\"name\":\"El Gobierno provincial anunci\u00f3 medidas para el desarrollo productivo\"}]},{\"@type\":\"WebSite\",\"@id\":\"https:\\\/\\\/cvinoticias.com\\\/v3\\\/#website\",\"url\":\"https:\\\/\\\/cvinoticias.com\\\/v3\\\/\",\"name\":\"CVI NOTICIAS\",\"description\":\"\",\"publisher\":{\"@id\":\"https:\\\/\\\/cvinoticias.com\\\/v3\\\/#organization\"},\"alternateName\":\"CVI\",\"potentialAction\":[{\"@type\":\"SearchAction\",\"target\":{\"@type\":\"EntryPoint\",\"urlTemplate\":\"https:\\\/\\\/cvinoticias.com\\\/v3\\\/?s={search_term_string}\"},\"query-input\":{\"@type\":\"PropertyValueSpecification\",\"valueRequired\":true,\"valueName\":\"search_term_string\"}}],\"inLanguage\":\"es\"},{\"@type\":\"Organization\",\"@id\":\"https:\\\/\\\/cvinoticias.com\\\/v3\\\/#organization\",\"name\":\"CVI NOTICIAS\",\"url\":\"https:\\\/\\\/cvinoticias.com\\\/v3\\\/\",\"logo\":{\"@type\":\"ImageObject\",\"inLanguage\":\"es\",\"@id\":\"https:\\\/\\\/cvinoticias.com\\\/v3\\\/#\\\/schema\\\/logo\\\/image\\\/\",\"url\":\"https:\\\/\\\/cvinoticias.com\\\/wp-content\\\/uploads\\\/2023\\\/04\\\/cropped-cropped-cropped-cropped-cropped-3-1.png\",\"contentUrl\":\"https:\\\/\\\/cvinoticias.com\\\/wp-content\\\/uploads\\\/2023\\\/04\\\/cropped-cropped-cropped-cropped-cropped-3-1.png\",\"width\":95,\"height\":122,\"caption\":\"CVI NOTICIAS\"},\"image\":{\"@id\":\"https:\\\/\\\/cvinoticias.com\\\/v3\\\/#\\\/schema\\\/logo\\\/image\\\/\"},\"sameAs\":[\"https:\\\/\\\/www.facebook.com\\\/cvinoticias\",\"https:\\\/\\\/www.instagram.com\\\/cvinoticias\\\/\",\"https:\\\/\\\/www.youtube.com\\\/@CVINOTICIAS\"]},{\"@type\":\"Person\",\"@id\":\"https:\\\/\\\/cvinoticias.com\\\/v3\\\/#\\\/schema\\\/person\\\/2db77e3c6bc03c538495d7b2b8be9b66\",\"name\":\"f1000024\",\"image\":{\"@type\":\"ImageObject\",\"inLanguage\":\"es\",\"@id\":\"https:\\\/\\\/secure.gravatar.com\\\/avatar\\\/d4fe7459cfc51ff5129ce1a732bbef5928568b8092d412ef95611616376bbeed?s=96&d=mm&r=g\",\"url\":\"https:\\\/\\\/secure.gravatar.com\\\/avatar\\\/d4fe7459cfc51ff5129ce1a732bbef5928568b8092d412ef95611616376bbeed?s=96&d=mm&r=g\",\"contentUrl\":\"https:\\\/\\\/secure.gravatar.com\\\/avatar\\\/d4fe7459cfc51ff5129ce1a732bbef5928568b8092d412ef95611616376bbeed?s=96&d=mm&r=g\",\"caption\":\"f1000024\"},\"url\":\"https:\\\/\\\/cvinoticias.com\\\/v3\\\/author\\\/f1000024\\\/\"}]}<\/script>\n<!-- \/ Yoast SEO plugin. -->","yoast_head_json":{"title":"El Gobierno provincial anunci\u00f3 medidas para el desarrollo productivo | CVI NOTICIAS","robots":{"index":"index","follow":"follow","max-snippet":"max-snippet:-1","max-image-preview":"max-image-preview:large","max-video-preview":"max-video-preview:-1"},"canonical":"https:\/\/cvinoticias.com\/v3\/el-gobierno-provincial-anuncio-medidas-para-el-desarrollo-productivo\/","og_locale":"es_ES","og_type":"article","og_title":"El Gobierno provincial anunci\u00f3 medidas para el desarrollo productivo | CVI NOTICIAS","og_description":"Este mi\u00e9rcoles el gobernador Oscar Herrera Ahuad visit\u00f3 la f\u00e1brica del Grupo Dass, en el Eldorado, donde anunci\u00f3 la renovaci\u00f3n de la alianza comercial y el reinicio de la fabricaci\u00f3n de la marca NIKE que generar\u00e1 nuevos puestos de trabajo. Por videoconferencia se sum\u00f3 el ministro de Desarrollo Productivo de la Naci\u00f3n, Mat\u00edas Kulfas y [&hellip;]","og_url":"https:\/\/cvinoticias.com\/v3\/el-gobierno-provincial-anuncio-medidas-para-el-desarrollo-productivo\/","og_site_name":"CVI NOTICIAS","article_publisher":"https:\/\/www.facebook.com\/cvinoticias","article_published_time":"2021-07-08T09:39:41+00:00","og_image":[{"width":970,"height":647,"url":"https:\/\/cvinoticias.com\/wp-content\/uploads\/2021\/07\/Screenshot_20210708-063631_Facebook.jpg","type":"image\/jpeg"}],"author":"f1000024","twitter_card":"summary_large_image","twitter_misc":{"Escrito por":"f1000024","Tiempo de lectura":"7 minutos"},"schema":{"@context":"https:\/\/schema.org","@graph":[{"@type":"Article","@id":"https:\/\/cvinoticias.com\/v3\/el-gobierno-provincial-anuncio-medidas-para-el-desarrollo-productivo\/#article","isPartOf":{"@id":"https:\/\/cvinoticias.com\/v3\/el-gobierno-provincial-anuncio-medidas-para-el-desarrollo-productivo\/"},"author":{"name":"f1000024","@id":"https:\/\/cvinoticias.com\/v3\/#\/schema\/person\/2db77e3c6bc03c538495d7b2b8be9b66"},"headline":"El Gobierno provincial anunci\u00f3 medidas para el desarrollo productivo","datePublished":"2021-07-08T09:39:41+00:00","mainEntityOfPage":{"@id":"https:\/\/cvinoticias.com\/v3\/el-gobierno-provincial-anuncio-medidas-para-el-desarrollo-productivo\/"},"wordCount":1328,"commentCount":0,"publisher":{"@id":"https:\/\/cvinoticias.com\/v3\/#organization"},"image":{"@id":"https:\/\/cvinoticias.com\/v3\/el-gobierno-provincial-anuncio-medidas-para-el-desarrollo-productivo\/#primaryimage"},"thumbnailUrl":"https:\/\/cvinoticias.com\/wp-content\/uploads\/2021\/07\/Screenshot_20210708-063631_Facebook.jpg","articleSection":["Informaci\u00f3n General"],"inLanguage":"es","potentialAction":[{"@type":"CommentAction","name":"Comment","target":["https:\/\/cvinoticias.com\/v3\/el-gobierno-provincial-anuncio-medidas-para-el-desarrollo-productivo\/#respond"]}]},{"@type":"WebPage","@id":"https:\/\/cvinoticias.com\/v3\/el-gobierno-provincial-anuncio-medidas-para-el-desarrollo-productivo\/","url":"https:\/\/cvinoticias.com\/v3\/el-gobierno-provincial-anuncio-medidas-para-el-desarrollo-productivo\/","name":"El Gobierno provincial anunci\u00f3 medidas para el desarrollo productivo | CVI NOTICIAS","isPartOf":{"@id":"https:\/\/cvinoticias.com\/v3\/#website"},"primaryImageOfPage":{"@id":"https:\/\/cvinoticias.com\/v3\/el-gobierno-provincial-anuncio-medidas-para-el-desarrollo-productivo\/#primaryimage"},"image":{"@id":"https:\/\/cvinoticias.com\/v3\/el-gobierno-provincial-anuncio-medidas-para-el-desarrollo-productivo\/#primaryimage"},"thumbnailUrl":"https:\/\/cvinoticias.com\/wp-content\/uploads\/2021\/07\/Screenshot_20210708-063631_Facebook.jpg","datePublished":"2021-07-08T09:39:41+00:00","breadcrumb":{"@id":"https:\/\/cvinoticias.com\/v3\/el-gobierno-provincial-anuncio-medidas-para-el-desarrollo-productivo\/#breadcrumb"},"inLanguage":"es","potentialAction":[{"@type":"ReadAction","target":["https:\/\/cvinoticias.com\/v3\/el-gobierno-provincial-anuncio-medidas-para-el-desarrollo-productivo\/"]}]},{"@type":"ImageObject","inLanguage":"es","@id":"https:\/\/cvinoticias.com\/v3\/el-gobierno-provincial-anuncio-medidas-para-el-desarrollo-productivo\/#primaryimage","url":"https:\/\/cvinoticias.com\/wp-content\/uploads\/2021\/07\/Screenshot_20210708-063631_Facebook.jpg","contentUrl":"https:\/\/cvinoticias.com\/wp-content\/uploads\/2021\/07\/Screenshot_20210708-063631_Facebook.jpg","width":970,"height":647},{"@type":"BreadcrumbList","@id":"https:\/\/cvinoticias.com\/v3\/el-gobierno-provincial-anuncio-medidas-para-el-desarrollo-productivo\/#breadcrumb","itemListElement":[{"@type":"ListItem","position":1,"name":"Portada","item":"https:\/\/cvinoticias.com\/v3\/"},{"@type":"ListItem","position":2,"name":"El Gobierno provincial anunci\u00f3 medidas para el desarrollo productivo"}]},{"@type":"WebSite","@id":"https:\/\/cvinoticias.com\/v3\/#website","url":"https:\/\/cvinoticias.com\/v3\/","name":"CVI NOTICIAS","description":"","publisher":{"@id":"https:\/\/cvinoticias.com\/v3\/#organization"},"alternateName":"CVI","potentialAction":[{"@type":"SearchAction","target":{"@type":"EntryPoint","urlTemplate":"https:\/\/cvinoticias.com\/v3\/?s={search_term_string}"},"query-input":{"@type":"PropertyValueSpecification","valueRequired":true,"valueName":"search_term_string"}}],"inLanguage":"es"},{"@type":"Organization","@id":"https:\/\/cvinoticias.com\/v3\/#organization","name":"CVI NOTICIAS","url":"https:\/\/cvinoticias.com\/v3\/","logo":{"@type":"ImageObject","inLanguage":"es","@id":"https:\/\/cvinoticias.com\/v3\/#\/schema\/logo\/image\/","url":"https:\/\/cvinoticias.com\/wp-content\/uploads\/2023\/04\/cropped-cropped-cropped-cropped-cropped-3-1.png","contentUrl":"https:\/\/cvinoticias.com\/wp-content\/uploads\/2023\/04\/cropped-cropped-cropped-cropped-cropped-3-1.png","width":95,"height":122,"caption":"CVI NOTICIAS"},"image":{"@id":"https:\/\/cvinoticias.com\/v3\/#\/schema\/logo\/image\/"},"sameAs":["https:\/\/www.facebook.com\/cvinoticias","https:\/\/www.instagram.com\/cvinoticias\/","https:\/\/www.youtube.com\/@CVINOTICIAS"]},{"@type":"Person","@id":"https:\/\/cvinoticias.com\/v3\/#\/schema\/person\/2db77e3c6bc03c538495d7b2b8be9b66","name":"f1000024","image":{"@type":"ImageObject","inLanguage":"es","@id":"https:\/\/secure.gravatar.com\/avatar\/d4fe7459cfc51ff5129ce1a732bbef5928568b8092d412ef95611616376bbeed?s=96&d=mm&r=g","url":"https:\/\/secure.gravatar.com\/avatar\/d4fe7459cfc51ff5129ce1a732bbef5928568b8092d412ef95611616376bbeed?s=96&d=mm&r=g","contentUrl":"https:\/\/secure.gravatar.com\/avatar\/d4fe7459cfc51ff5129ce1a732bbef5928568b8092d412ef95611616376bbeed?s=96&d=mm&r=g","caption":"f1000024"},"url":"https:\/\/cvinoticias.com\/v3\/author\/f1000024\/"}]}},"_links":{"self":[{"href":"https:\/\/cvinoticias.com\/v3\/wp-json\/wp\/v2\/posts\/6683","targetHints":{"allow":["GET"]}}],"collection":[{"href":"https:\/\/cvinoticias.com\/v3\/wp-json\/wp\/v2\/posts"}],"about":[{"href":"https:\/\/cvinoticias.com\/v3\/wp-json\/wp\/v2\/types\/post"}],"author":[{"embeddable":true,"href":"https:\/\/cvinoticias.com\/v3\/wp-json\/wp\/v2\/users\/2"}],"replies":[{"embeddable":true,"href":"https:\/\/cvinoticias.com\/v3\/wp-json\/wp\/v2\/comments?post=6683"}],"version-history":[{"count":1,"href":"https:\/\/cvinoticias.com\/v3\/wp-json\/wp\/v2\/posts\/6683\/revisions"}],"predecessor-version":[{"id":6686,"href":"https:\/\/cvinoticias.com\/v3\/wp-json\/wp\/v2\/posts\/6683\/revisions\/6686"}],"wp:featuredmedia":[{"embeddable":true,"href":"https:\/\/cvinoticias.com\/v3\/wp-json\/wp\/v2\/media\/6684"}],"wp:attachment":[{"href":"https:\/\/cvinoticias.com\/v3\/wp-json\/wp\/v2\/media?parent=6683"}],"wp:term":[{"taxonomy":"category","embeddable":true,"href":"https:\/\/cvinoticias.com\/v3\/wp-json\/wp\/v2\/categories?post=6683"},{"taxonomy":"post_tag","embeddable":true,"href":"https:\/\/cvinoticias.com\/v3\/wp-json\/wp\/v2\/tags?post=6683"}],"curies":[{"name":"wp","href":"https:\/\/api.w.org\/{rel}","templated":true}]}}