{"id":6674,"date":"2021-07-07T17:50:41","date_gmt":"2021-07-07T17:50:41","guid":{"rendered":"https:\/\/cvinoticias.com\/v3\/?p=6674"},"modified":"2021-07-07T17:52:56","modified_gmt":"2021-07-07T17:52:56","slug":"por-decreto-no-se-podra-elegir-la-obra-social-durante-un-ano-cuando-se-cambia-o-empieza-a-trabajar","status":"publish","type":"post","link":"https:\/\/cvinoticias.com\/v3\/por-decreto-no-se-podra-elegir-la-obra-social-durante-un-ano-cuando-se-cambia-o-empieza-a-trabajar\/","title":{"rendered":"Por decreto, no se podra elegir la Obra Social, durante un a\u00f1o, cuando se cambia o empieza a trabajar."},"content":{"rendered":"\n<p><strong><em>El Gobierno Nacional, anoche dispuso modificaciones en el sistema de\u00a0libre elecci\u00f3n de las obras sociales\u00a0de los trabajadores entre las cuales, quienes inicien un v\u00ednculo laboral \u00abdeber\u00e1n mantener durante al menos un a\u00f1o la prestadora m\u00e9dica de su actividad antes de disponer de la opci\u00f3n de cambio\u00bb, o sea se le quita a quien empieza a trabajar o cambia de trabajo la posibilidad de elegir qu\u00e9 cobertura de salud le parece mejor.<\/em><\/strong><br><br>De esta forma, el art\u00edculo 4\u00b0 del Decreto 438\/2021 publicado hoy en el\u00a0Bolet\u00edn Oficial, sustituye al Decreto N\u00b0 1400\/01 que permit\u00eda que la opci\u00f3n se ejerza desde el momento mismo del inicio de la relaci\u00f3n laboral.<br><br>En el decreto publicado hoy se indica que los trabajadores y las trabajadoras que inicien una relaci\u00f3n laboral \u00abdeber\u00e1n permanecer un a\u00f1o en la obra social correspondiente a la rama de su actividad antes de poder ejercer el derecho de opci\u00f3n de cambio\u00bb.<br><br>Las modificaciones al sistema fueron publicadas en la norma firmada por el presidente\u00a0Alberto Fern\u00e1ndez; del jefe de Gabinete, Santiago Cafiero y de la ministra de Salud, Carla Vizzotti.<br><br>All\u00ed se indica tambi\u00e9n que \u00abla opci\u00f3n de cambio podr\u00e1 ejercerse solo una vez al a\u00f1o y se har\u00e1 efectiva a partir del primer d\u00eda del mes siguiente a la formalizaci\u00f3n de la solicitud\u00bb.<br><br>En tanto, ese derecho \u00abdeber\u00e1 ejercerse de manera individual y personal por el interesado a trav\u00e9s de las modalidades dispuestas\u00bb por la Superintendencia de Servicios de Salud<strong>.<\/strong><br><br>Asimismo, \u00abel derecho de opci\u00f3n deber\u00e1 hacerlo con todos los beneficiarios comprendidos o todas las beneficiarias comprendidas en el art\u00edculo 9\u00ba de la Ley N\u00ba 23.660 y en las condiciones en \u00e9l establecidas\u00bb.<br><br>Por otra parte, las\u00a0obras sociales\u00a0deber\u00e1n \u00abgarantizar el acceso a la informaci\u00f3n detallada, completa y adecuada a los beneficiarios y a las beneficiarias respecto de la cobertura prestacional brindada\u00bb.<br><br>\u00abDeber\u00e1n garantizar, como m\u00ednimo, que los beneficiarios y las beneficiarias puedan acceder en todo momento a la cartilla completa, con los planes y programas de cobertura, a trav\u00e9s del Sitio web institucional de la entidad y otros canales que la entidad brinde\u00bb, precisa la norma.<\/p>\n\n\n\n<p>Esta medida premia a las peores obras sociales ya que ahora mantendr\u00e1n cautivo al trabajador nuevo durante un a\u00f1o recibiendo as\u00ed sus aportes y castiga a las obras sociales que se esfuerzan por ofrecer mejores servicios ya que no pueden competir por ese a\u00f1o inicial de aportes.<\/p>\n\n\n\n<p>Tambien abre una gran duda sobre qu\u00e9 suceder\u00e1 con los tratamientos m\u00e9dicos en curso ante un cambio de trabajo. Al obligar a cambiar de obra social, habr\u00e1 que suspender el tratamiento? Cambiar de m\u00e9dico?<\/p>\n","protected":false},"excerpt":{"rendered":"<p>El Gobierno Nacional, anoche dispuso modificaciones en el sistema de\u00a0libre elecci\u00f3n de las obras sociales\u00a0de los trabajadores entre las cuales, quienes inicien un v\u00ednculo laboral \u00abdeber\u00e1n mantener durante al menos un a\u00f1o la prestadora m\u00e9dica de su actividad antes de disponer de la opci\u00f3n de cambio\u00bb, o sea se le quita a quien empieza a [&hellip;]<\/p>\n","protected":false},"author":2,"featured_media":6679,"comment_status":"open","ping_status":"open","sticky":false,"template":"","format":"standard","meta":{"footnotes":""},"categories":[35],"tags":[],"class_list":["post-6674","post","type-post","status-publish","format-standard","has-post-thumbnail","hentry","category-informacion-general"],"yoast_head":"<!-- This site is optimized with the Yoast SEO plugin v27.5 - https:\/\/yoast.com\/product\/yoast-seo-wordpress\/ -->\n<title>Por decreto, no se podra elegir la Obra Social, durante un a\u00f1o, cuando se cambia o empieza a trabajar. | CVI NOTICIAS<\/title>\n<meta name=\"robots\" content=\"index, follow, max-snippet:-1, max-image-preview:large, max-video-preview:-1\" \/>\n<link rel=\"canonical\" href=\"https:\/\/cvinoticias.com\/v3\/por-decreto-no-se-podra-elegir-la-obra-social-durante-un-ano-cuando-se-cambia-o-empieza-a-trabajar\/\" \/>\n<meta property=\"og:locale\" content=\"es_ES\" \/>\n<meta property=\"og:type\" content=\"article\" \/>\n<meta property=\"og:title\" content=\"Por decreto, no se podra elegir la Obra Social, durante un a\u00f1o, cuando se cambia o empieza a trabajar. | CVI NOTICIAS\" \/>\n<meta property=\"og:description\" content=\"El Gobierno Nacional, anoche dispuso modificaciones en el sistema de\u00a0libre elecci\u00f3n de las obras sociales\u00a0de los trabajadores entre las cuales, quienes inicien un v\u00ednculo laboral \u00abdeber\u00e1n mantener durante al menos un a\u00f1o la prestadora m\u00e9dica de su actividad antes de disponer de la opci\u00f3n de cambio\u00bb, o sea se le quita a quien empieza a [&hellip;]\" \/>\n<meta property=\"og:url\" content=\"https:\/\/cvinoticias.com\/v3\/por-decreto-no-se-podra-elegir-la-obra-social-durante-un-ano-cuando-se-cambia-o-empieza-a-trabajar\/\" \/>\n<meta property=\"og:site_name\" content=\"CVI NOTICIAS\" \/>\n<meta property=\"article:publisher\" content=\"https:\/\/www.facebook.com\/cvinoticias\" \/>\n<meta property=\"article:published_time\" content=\"2021-07-07T17:50:41+00:00\" \/>\n<meta property=\"article:modified_time\" content=\"2021-07-07T17:52:56+00:00\" \/>\n<meta property=\"og:image\" content=\"https:\/\/cvinoticias.com\/wp-content\/uploads\/2021\/07\/481382.jpg\" \/>\n\t<meta property=\"og:image:width\" content=\"630\" \/>\n\t<meta property=\"og:image:height\" content=\"331\" \/>\n\t<meta property=\"og:image:type\" content=\"image\/jpeg\" \/>\n<meta name=\"author\" content=\"f1000024\" \/>\n<meta name=\"twitter:card\" content=\"summary_large_image\" \/>\n<meta name=\"twitter:label1\" content=\"Escrito por\" \/>\n\t<meta name=\"twitter:data1\" content=\"f1000024\" \/>\n\t<meta name=\"twitter:label2\" content=\"Tiempo de lectura\" \/>\n\t<meta name=\"twitter:data2\" content=\"2 minutos\" \/>\n<script type=\"application\/ld+json\" class=\"yoast-schema-graph\">{\"@context\":\"https:\\\/\\\/schema.org\",\"@graph\":[{\"@type\":\"Article\",\"@id\":\"https:\\\/\\\/cvinoticias.com\\\/v3\\\/por-decreto-no-se-podra-elegir-la-obra-social-durante-un-ano-cuando-se-cambia-o-empieza-a-trabajar\\\/#article\",\"isPartOf\":{\"@id\":\"https:\\\/\\\/cvinoticias.com\\\/v3\\\/por-decreto-no-se-podra-elegir-la-obra-social-durante-un-ano-cuando-se-cambia-o-empieza-a-trabajar\\\/\"},\"author\":{\"name\":\"f1000024\",\"@id\":\"https:\\\/\\\/cvinoticias.com\\\/v3\\\/#\\\/schema\\\/person\\\/2db77e3c6bc03c538495d7b2b8be9b66\"},\"headline\":\"Por decreto, no se podra elegir la Obra Social, durante un a\u00f1o, cuando se cambia o empieza a trabajar.\",\"datePublished\":\"2021-07-07T17:50:41+00:00\",\"dateModified\":\"2021-07-07T17:52:56+00:00\",\"mainEntityOfPage\":{\"@id\":\"https:\\\/\\\/cvinoticias.com\\\/v3\\\/por-decreto-no-se-podra-elegir-la-obra-social-durante-un-ano-cuando-se-cambia-o-empieza-a-trabajar\\\/\"},\"wordCount\":481,\"commentCount\":0,\"publisher\":{\"@id\":\"https:\\\/\\\/cvinoticias.com\\\/v3\\\/#organization\"},\"image\":{\"@id\":\"https:\\\/\\\/cvinoticias.com\\\/v3\\\/por-decreto-no-se-podra-elegir-la-obra-social-durante-un-ano-cuando-se-cambia-o-empieza-a-trabajar\\\/#primaryimage\"},\"thumbnailUrl\":\"https:\\\/\\\/cvinoticias.com\\\/wp-content\\\/uploads\\\/2021\\\/07\\\/481382.jpg\",\"articleSection\":[\"Informaci\u00f3n General\"],\"inLanguage\":\"es\",\"potentialAction\":[{\"@type\":\"CommentAction\",\"name\":\"Comment\",\"target\":[\"https:\\\/\\\/cvinoticias.com\\\/v3\\\/por-decreto-no-se-podra-elegir-la-obra-social-durante-un-ano-cuando-se-cambia-o-empieza-a-trabajar\\\/#respond\"]}]},{\"@type\":\"WebPage\",\"@id\":\"https:\\\/\\\/cvinoticias.com\\\/v3\\\/por-decreto-no-se-podra-elegir-la-obra-social-durante-un-ano-cuando-se-cambia-o-empieza-a-trabajar\\\/\",\"url\":\"https:\\\/\\\/cvinoticias.com\\\/v3\\\/por-decreto-no-se-podra-elegir-la-obra-social-durante-un-ano-cuando-se-cambia-o-empieza-a-trabajar\\\/\",\"name\":\"Por decreto, no se podra elegir la Obra Social, durante un a\u00f1o, cuando se cambia o empieza a trabajar. | CVI NOTICIAS\",\"isPartOf\":{\"@id\":\"https:\\\/\\\/cvinoticias.com\\\/v3\\\/#website\"},\"primaryImageOfPage\":{\"@id\":\"https:\\\/\\\/cvinoticias.com\\\/v3\\\/por-decreto-no-se-podra-elegir-la-obra-social-durante-un-ano-cuando-se-cambia-o-empieza-a-trabajar\\\/#primaryimage\"},\"image\":{\"@id\":\"https:\\\/\\\/cvinoticias.com\\\/v3\\\/por-decreto-no-se-podra-elegir-la-obra-social-durante-un-ano-cuando-se-cambia-o-empieza-a-trabajar\\\/#primaryimage\"},\"thumbnailUrl\":\"https:\\\/\\\/cvinoticias.com\\\/wp-content\\\/uploads\\\/2021\\\/07\\\/481382.jpg\",\"datePublished\":\"2021-07-07T17:50:41+00:00\",\"dateModified\":\"2021-07-07T17:52:56+00:00\",\"breadcrumb\":{\"@id\":\"https:\\\/\\\/cvinoticias.com\\\/v3\\\/por-decreto-no-se-podra-elegir-la-obra-social-durante-un-ano-cuando-se-cambia-o-empieza-a-trabajar\\\/#breadcrumb\"},\"inLanguage\":\"es\",\"potentialAction\":[{\"@type\":\"ReadAction\",\"target\":[\"https:\\\/\\\/cvinoticias.com\\\/v3\\\/por-decreto-no-se-podra-elegir-la-obra-social-durante-un-ano-cuando-se-cambia-o-empieza-a-trabajar\\\/\"]}]},{\"@type\":\"ImageObject\",\"inLanguage\":\"es\",\"@id\":\"https:\\\/\\\/cvinoticias.com\\\/v3\\\/por-decreto-no-se-podra-elegir-la-obra-social-durante-un-ano-cuando-se-cambia-o-empieza-a-trabajar\\\/#primaryimage\",\"url\":\"https:\\\/\\\/cvinoticias.com\\\/wp-content\\\/uploads\\\/2021\\\/07\\\/481382.jpg\",\"contentUrl\":\"https:\\\/\\\/cvinoticias.com\\\/wp-content\\\/uploads\\\/2021\\\/07\\\/481382.jpg\",\"width\":630,\"height\":331},{\"@type\":\"BreadcrumbList\",\"@id\":\"https:\\\/\\\/cvinoticias.com\\\/v3\\\/por-decreto-no-se-podra-elegir-la-obra-social-durante-un-ano-cuando-se-cambia-o-empieza-a-trabajar\\\/#breadcrumb\",\"itemListElement\":[{\"@type\":\"ListItem\",\"position\":1,\"name\":\"Portada\",\"item\":\"https:\\\/\\\/cvinoticias.com\\\/v3\\\/\"},{\"@type\":\"ListItem\",\"position\":2,\"name\":\"Por decreto, no se podra elegir la Obra Social, durante un a\u00f1o, cuando se cambia o empieza a trabajar.\"}]},{\"@type\":\"WebSite\",\"@id\":\"https:\\\/\\\/cvinoticias.com\\\/v3\\\/#website\",\"url\":\"https:\\\/\\\/cvinoticias.com\\\/v3\\\/\",\"name\":\"CVI NOTICIAS\",\"description\":\"\",\"publisher\":{\"@id\":\"https:\\\/\\\/cvinoticias.com\\\/v3\\\/#organization\"},\"alternateName\":\"CVI\",\"potentialAction\":[{\"@type\":\"SearchAction\",\"target\":{\"@type\":\"EntryPoint\",\"urlTemplate\":\"https:\\\/\\\/cvinoticias.com\\\/v3\\\/?s={search_term_string}\"},\"query-input\":{\"@type\":\"PropertyValueSpecification\",\"valueRequired\":true,\"valueName\":\"search_term_string\"}}],\"inLanguage\":\"es\"},{\"@type\":\"Organization\",\"@id\":\"https:\\\/\\\/cvinoticias.com\\\/v3\\\/#organization\",\"name\":\"CVI NOTICIAS\",\"url\":\"https:\\\/\\\/cvinoticias.com\\\/v3\\\/\",\"logo\":{\"@type\":\"ImageObject\",\"inLanguage\":\"es\",\"@id\":\"https:\\\/\\\/cvinoticias.com\\\/v3\\\/#\\\/schema\\\/logo\\\/image\\\/\",\"url\":\"https:\\\/\\\/cvinoticias.com\\\/wp-content\\\/uploads\\\/2023\\\/04\\\/cropped-cropped-cropped-cropped-cropped-3-1.png\",\"contentUrl\":\"https:\\\/\\\/cvinoticias.com\\\/wp-content\\\/uploads\\\/2023\\\/04\\\/cropped-cropped-cropped-cropped-cropped-3-1.png\",\"width\":95,\"height\":122,\"caption\":\"CVI NOTICIAS\"},\"image\":{\"@id\":\"https:\\\/\\\/cvinoticias.com\\\/v3\\\/#\\\/schema\\\/logo\\\/image\\\/\"},\"sameAs\":[\"https:\\\/\\\/www.facebook.com\\\/cvinoticias\",\"https:\\\/\\\/www.instagram.com\\\/cvinoticias\\\/\",\"https:\\\/\\\/www.youtube.com\\\/@CVINOTICIAS\"]},{\"@type\":\"Person\",\"@id\":\"https:\\\/\\\/cvinoticias.com\\\/v3\\\/#\\\/schema\\\/person\\\/2db77e3c6bc03c538495d7b2b8be9b66\",\"name\":\"f1000024\",\"image\":{\"@type\":\"ImageObject\",\"inLanguage\":\"es\",\"@id\":\"https:\\\/\\\/secure.gravatar.com\\\/avatar\\\/d4fe7459cfc51ff5129ce1a732bbef5928568b8092d412ef95611616376bbeed?s=96&d=mm&r=g\",\"url\":\"https:\\\/\\\/secure.gravatar.com\\\/avatar\\\/d4fe7459cfc51ff5129ce1a732bbef5928568b8092d412ef95611616376bbeed?s=96&d=mm&r=g\",\"contentUrl\":\"https:\\\/\\\/secure.gravatar.com\\\/avatar\\\/d4fe7459cfc51ff5129ce1a732bbef5928568b8092d412ef95611616376bbeed?s=96&d=mm&r=g\",\"caption\":\"f1000024\"},\"url\":\"https:\\\/\\\/cvinoticias.com\\\/v3\\\/author\\\/f1000024\\\/\"}]}<\/script>\n<!-- \/ Yoast SEO plugin. -->","yoast_head_json":{"title":"Por decreto, no se podra elegir la Obra Social, durante un a\u00f1o, cuando se cambia o empieza a trabajar. | CVI NOTICIAS","robots":{"index":"index","follow":"follow","max-snippet":"max-snippet:-1","max-image-preview":"max-image-preview:large","max-video-preview":"max-video-preview:-1"},"canonical":"https:\/\/cvinoticias.com\/v3\/por-decreto-no-se-podra-elegir-la-obra-social-durante-un-ano-cuando-se-cambia-o-empieza-a-trabajar\/","og_locale":"es_ES","og_type":"article","og_title":"Por decreto, no se podra elegir la Obra Social, durante un a\u00f1o, cuando se cambia o empieza a trabajar. | CVI NOTICIAS","og_description":"El Gobierno Nacional, anoche dispuso modificaciones en el sistema de\u00a0libre elecci\u00f3n de las obras sociales\u00a0de los trabajadores entre las cuales, quienes inicien un v\u00ednculo laboral \u00abdeber\u00e1n mantener durante al menos un a\u00f1o la prestadora m\u00e9dica de su actividad antes de disponer de la opci\u00f3n de cambio\u00bb, o sea se le quita a quien empieza a [&hellip;]","og_url":"https:\/\/cvinoticias.com\/v3\/por-decreto-no-se-podra-elegir-la-obra-social-durante-un-ano-cuando-se-cambia-o-empieza-a-trabajar\/","og_site_name":"CVI NOTICIAS","article_publisher":"https:\/\/www.facebook.com\/cvinoticias","article_published_time":"2021-07-07T17:50:41+00:00","article_modified_time":"2021-07-07T17:52:56+00:00","og_image":[{"width":630,"height":331,"url":"https:\/\/cvinoticias.com\/wp-content\/uploads\/2021\/07\/481382.jpg","type":"image\/jpeg"}],"author":"f1000024","twitter_card":"summary_large_image","twitter_misc":{"Escrito por":"f1000024","Tiempo de lectura":"2 minutos"},"schema":{"@context":"https:\/\/schema.org","@graph":[{"@type":"Article","@id":"https:\/\/cvinoticias.com\/v3\/por-decreto-no-se-podra-elegir-la-obra-social-durante-un-ano-cuando-se-cambia-o-empieza-a-trabajar\/#article","isPartOf":{"@id":"https:\/\/cvinoticias.com\/v3\/por-decreto-no-se-podra-elegir-la-obra-social-durante-un-ano-cuando-se-cambia-o-empieza-a-trabajar\/"},"author":{"name":"f1000024","@id":"https:\/\/cvinoticias.com\/v3\/#\/schema\/person\/2db77e3c6bc03c538495d7b2b8be9b66"},"headline":"Por decreto, no se podra elegir la Obra Social, durante un a\u00f1o, cuando se cambia o empieza a trabajar.","datePublished":"2021-07-07T17:50:41+00:00","dateModified":"2021-07-07T17:52:56+00:00","mainEntityOfPage":{"@id":"https:\/\/cvinoticias.com\/v3\/por-decreto-no-se-podra-elegir-la-obra-social-durante-un-ano-cuando-se-cambia-o-empieza-a-trabajar\/"},"wordCount":481,"commentCount":0,"publisher":{"@id":"https:\/\/cvinoticias.com\/v3\/#organization"},"image":{"@id":"https:\/\/cvinoticias.com\/v3\/por-decreto-no-se-podra-elegir-la-obra-social-durante-un-ano-cuando-se-cambia-o-empieza-a-trabajar\/#primaryimage"},"thumbnailUrl":"https:\/\/cvinoticias.com\/wp-content\/uploads\/2021\/07\/481382.jpg","articleSection":["Informaci\u00f3n General"],"inLanguage":"es","potentialAction":[{"@type":"CommentAction","name":"Comment","target":["https:\/\/cvinoticias.com\/v3\/por-decreto-no-se-podra-elegir-la-obra-social-durante-un-ano-cuando-se-cambia-o-empieza-a-trabajar\/#respond"]}]},{"@type":"WebPage","@id":"https:\/\/cvinoticias.com\/v3\/por-decreto-no-se-podra-elegir-la-obra-social-durante-un-ano-cuando-se-cambia-o-empieza-a-trabajar\/","url":"https:\/\/cvinoticias.com\/v3\/por-decreto-no-se-podra-elegir-la-obra-social-durante-un-ano-cuando-se-cambia-o-empieza-a-trabajar\/","name":"Por decreto, no se podra elegir la Obra Social, durante un a\u00f1o, cuando se cambia o empieza a trabajar. | CVI NOTICIAS","isPartOf":{"@id":"https:\/\/cvinoticias.com\/v3\/#website"},"primaryImageOfPage":{"@id":"https:\/\/cvinoticias.com\/v3\/por-decreto-no-se-podra-elegir-la-obra-social-durante-un-ano-cuando-se-cambia-o-empieza-a-trabajar\/#primaryimage"},"image":{"@id":"https:\/\/cvinoticias.com\/v3\/por-decreto-no-se-podra-elegir-la-obra-social-durante-un-ano-cuando-se-cambia-o-empieza-a-trabajar\/#primaryimage"},"thumbnailUrl":"https:\/\/cvinoticias.com\/wp-content\/uploads\/2021\/07\/481382.jpg","datePublished":"2021-07-07T17:50:41+00:00","dateModified":"2021-07-07T17:52:56+00:00","breadcrumb":{"@id":"https:\/\/cvinoticias.com\/v3\/por-decreto-no-se-podra-elegir-la-obra-social-durante-un-ano-cuando-se-cambia-o-empieza-a-trabajar\/#breadcrumb"},"inLanguage":"es","potentialAction":[{"@type":"ReadAction","target":["https:\/\/cvinoticias.com\/v3\/por-decreto-no-se-podra-elegir-la-obra-social-durante-un-ano-cuando-se-cambia-o-empieza-a-trabajar\/"]}]},{"@type":"ImageObject","inLanguage":"es","@id":"https:\/\/cvinoticias.com\/v3\/por-decreto-no-se-podra-elegir-la-obra-social-durante-un-ano-cuando-se-cambia-o-empieza-a-trabajar\/#primaryimage","url":"https:\/\/cvinoticias.com\/wp-content\/uploads\/2021\/07\/481382.jpg","contentUrl":"https:\/\/cvinoticias.com\/wp-content\/uploads\/2021\/07\/481382.jpg","width":630,"height":331},{"@type":"BreadcrumbList","@id":"https:\/\/cvinoticias.com\/v3\/por-decreto-no-se-podra-elegir-la-obra-social-durante-un-ano-cuando-se-cambia-o-empieza-a-trabajar\/#breadcrumb","itemListElement":[{"@type":"ListItem","position":1,"name":"Portada","item":"https:\/\/cvinoticias.com\/v3\/"},{"@type":"ListItem","position":2,"name":"Por decreto, no se podra elegir la Obra Social, durante un a\u00f1o, cuando se cambia o empieza a trabajar."}]},{"@type":"WebSite","@id":"https:\/\/cvinoticias.com\/v3\/#website","url":"https:\/\/cvinoticias.com\/v3\/","name":"CVI NOTICIAS","description":"","publisher":{"@id":"https:\/\/cvinoticias.com\/v3\/#organization"},"alternateName":"CVI","potentialAction":[{"@type":"SearchAction","target":{"@type":"EntryPoint","urlTemplate":"https:\/\/cvinoticias.com\/v3\/?s={search_term_string}"},"query-input":{"@type":"PropertyValueSpecification","valueRequired":true,"valueName":"search_term_string"}}],"inLanguage":"es"},{"@type":"Organization","@id":"https:\/\/cvinoticias.com\/v3\/#organization","name":"CVI NOTICIAS","url":"https:\/\/cvinoticias.com\/v3\/","logo":{"@type":"ImageObject","inLanguage":"es","@id":"https:\/\/cvinoticias.com\/v3\/#\/schema\/logo\/image\/","url":"https:\/\/cvinoticias.com\/wp-content\/uploads\/2023\/04\/cropped-cropped-cropped-cropped-cropped-3-1.png","contentUrl":"https:\/\/cvinoticias.com\/wp-content\/uploads\/2023\/04\/cropped-cropped-cropped-cropped-cropped-3-1.png","width":95,"height":122,"caption":"CVI NOTICIAS"},"image":{"@id":"https:\/\/cvinoticias.com\/v3\/#\/schema\/logo\/image\/"},"sameAs":["https:\/\/www.facebook.com\/cvinoticias","https:\/\/www.instagram.com\/cvinoticias\/","https:\/\/www.youtube.com\/@CVINOTICIAS"]},{"@type":"Person","@id":"https:\/\/cvinoticias.com\/v3\/#\/schema\/person\/2db77e3c6bc03c538495d7b2b8be9b66","name":"f1000024","image":{"@type":"ImageObject","inLanguage":"es","@id":"https:\/\/secure.gravatar.com\/avatar\/d4fe7459cfc51ff5129ce1a732bbef5928568b8092d412ef95611616376bbeed?s=96&d=mm&r=g","url":"https:\/\/secure.gravatar.com\/avatar\/d4fe7459cfc51ff5129ce1a732bbef5928568b8092d412ef95611616376bbeed?s=96&d=mm&r=g","contentUrl":"https:\/\/secure.gravatar.com\/avatar\/d4fe7459cfc51ff5129ce1a732bbef5928568b8092d412ef95611616376bbeed?s=96&d=mm&r=g","caption":"f1000024"},"url":"https:\/\/cvinoticias.com\/v3\/author\/f1000024\/"}]}},"_links":{"self":[{"href":"https:\/\/cvinoticias.com\/v3\/wp-json\/wp\/v2\/posts\/6674","targetHints":{"allow":["GET"]}}],"collection":[{"href":"https:\/\/cvinoticias.com\/v3\/wp-json\/wp\/v2\/posts"}],"about":[{"href":"https:\/\/cvinoticias.com\/v3\/wp-json\/wp\/v2\/types\/post"}],"author":[{"embeddable":true,"href":"https:\/\/cvinoticias.com\/v3\/wp-json\/wp\/v2\/users\/2"}],"replies":[{"embeddable":true,"href":"https:\/\/cvinoticias.com\/v3\/wp-json\/wp\/v2\/comments?post=6674"}],"version-history":[{"count":3,"href":"https:\/\/cvinoticias.com\/v3\/wp-json\/wp\/v2\/posts\/6674\/revisions"}],"predecessor-version":[{"id":6682,"href":"https:\/\/cvinoticias.com\/v3\/wp-json\/wp\/v2\/posts\/6674\/revisions\/6682"}],"wp:featuredmedia":[{"embeddable":true,"href":"https:\/\/cvinoticias.com\/v3\/wp-json\/wp\/v2\/media\/6679"}],"wp:attachment":[{"href":"https:\/\/cvinoticias.com\/v3\/wp-json\/wp\/v2\/media?parent=6674"}],"wp:term":[{"taxonomy":"category","embeddable":true,"href":"https:\/\/cvinoticias.com\/v3\/wp-json\/wp\/v2\/categories?post=6674"},{"taxonomy":"post_tag","embeddable":true,"href":"https:\/\/cvinoticias.com\/v3\/wp-json\/wp\/v2\/tags?post=6674"}],"curies":[{"name":"wp","href":"https:\/\/api.w.org\/{rel}","templated":true}]}}