{"id":6659,"date":"2021-07-07T11:36:46","date_gmt":"2021-07-07T11:36:46","guid":{"rendered":"https:\/\/cvinoticias.com\/v3\/?p=6659"},"modified":"2021-07-07T11:36:46","modified_gmt":"2021-07-07T11:36:46","slug":"nacion-incremento-el-sueldo-a-gendarmes-prefectos-y-policias-federales","status":"publish","type":"post","link":"https:\/\/cvinoticias.com\/v3\/nacion-incremento-el-sueldo-a-gendarmes-prefectos-y-policias-federales\/","title":{"rendered":"Naci\u00f3n increment\u00f3 el sueldo a gendarmes, prefectos y polic\u00edas federales"},"content":{"rendered":"\n<p><strong><em>La suba alcanza tanto a los haberes mensuales como a los distintos adicionales que cobran los efectivos de cada una de las fuerzas de Seguridad que dependen de Naci\u00f3n.<\/em><\/strong><\/p>\n\n\n\n<p>El gobierno de Alberto Fern\u00e1ndez dispuso este martes una nueva suba en los haberes de los integrantes de las distintas fuerzas de Seguridad Federales. Por medio de la Resoluci\u00f3n 312\/2021 publicada este martes en el Bolet\u00edn Oficial con la firma de la ministra de Seguridad de la Naci\u00f3n, Sabina Frederic, se otorg\u00f3 un aumento del 23,8% que alcanza a los miembros activos de Gendarmer\u00eda, Prefectura Naval, Polic\u00eda Federal y Polic\u00eda de Seguridad Aeroportuaria.<\/p>\n\n\n\n<p>Seg\u00fan lo dispuesto por la cartera que conduce Frederic la suba alcanza a los haberes mensuales como as\u00ed tambi\u00e9n a los distintos adicionales que cobran los efectivos de cada una de esas fuerzas de Seguridad.<\/p>\n\n\n\n<p>Entre los considerandos de la medida se recuerda que en octubre del a\u00f1o pasado se \u201ccomenz\u00f3 un proceso de regularizaci\u00f3n y reordenamiento de las estructuras salariales del personal de las Fuerzas Policiales y de Seguridad, en distintas etapas, comenzando la primera de ellas en el a\u00f1o 2020; previ\u00e9ndose la conclusi\u00f3n de dicho proceso durante el primer trimestre del a\u00f1o 2022\u201d.<\/p>\n","protected":false},"excerpt":{"rendered":"<p>La suba alcanza tanto a los haberes mensuales como a los distintos adicionales que cobran los efectivos de cada una de las fuerzas de Seguridad que dependen de Naci\u00f3n. El gobierno de Alberto Fern\u00e1ndez dispuso este martes una nueva suba en los haberes de los integrantes de las distintas fuerzas de Seguridad Federales. Por medio [&hellip;]<\/p>\n","protected":false},"author":2,"featured_media":6660,"comment_status":"open","ping_status":"open","sticky":false,"template":"","format":"standard","meta":{"footnotes":""},"categories":[35],"tags":[],"class_list":["post-6659","post","type-post","status-publish","format-standard","has-post-thumbnail","hentry","category-informacion-general"],"yoast_head":"<!-- This site is optimized with the Yoast SEO plugin v27.4 - https:\/\/yoast.com\/product\/yoast-seo-wordpress\/ -->\n<title>Naci\u00f3n increment\u00f3 el sueldo a gendarmes, prefectos y polic\u00edas federales | CVI NOTICIAS<\/title>\n<meta name=\"robots\" content=\"index, follow, max-snippet:-1, max-image-preview:large, max-video-preview:-1\" \/>\n<link rel=\"canonical\" href=\"https:\/\/cvinoticias.com\/v3\/nacion-incremento-el-sueldo-a-gendarmes-prefectos-y-policias-federales\/\" \/>\n<meta property=\"og:locale\" content=\"es_ES\" \/>\n<meta property=\"og:type\" content=\"article\" \/>\n<meta property=\"og:title\" content=\"Naci\u00f3n increment\u00f3 el sueldo a gendarmes, prefectos y polic\u00edas federales | CVI NOTICIAS\" \/>\n<meta property=\"og:description\" content=\"La suba alcanza tanto a los haberes mensuales como a los distintos adicionales que cobran los efectivos de cada una de las fuerzas de Seguridad que dependen de Naci\u00f3n. El gobierno de Alberto Fern\u00e1ndez dispuso este martes una nueva suba en los haberes de los integrantes de las distintas fuerzas de Seguridad Federales. Por medio [&hellip;]\" \/>\n<meta property=\"og:url\" content=\"https:\/\/cvinoticias.com\/v3\/nacion-incremento-el-sueldo-a-gendarmes-prefectos-y-policias-federales\/\" \/>\n<meta property=\"og:site_name\" content=\"CVI NOTICIAS\" \/>\n<meta property=\"article:publisher\" content=\"https:\/\/www.facebook.com\/cvinoticias\" \/>\n<meta property=\"article:published_time\" content=\"2021-07-07T11:36:46+00:00\" \/>\n<meta property=\"og:image\" content=\"https:\/\/cvinoticias.com\/wp-content\/uploads\/2021\/07\/gendarme-gendarmeria.jpg\" \/>\n\t<meta property=\"og:image:width\" content=\"929\" \/>\n\t<meta property=\"og:image:height\" content=\"522\" \/>\n\t<meta property=\"og:image:type\" content=\"image\/jpeg\" \/>\n<meta name=\"author\" content=\"f1000024\" \/>\n<meta name=\"twitter:card\" content=\"summary_large_image\" \/>\n<meta name=\"twitter:label1\" content=\"Escrito por\" \/>\n\t<meta name=\"twitter:data1\" content=\"f1000024\" \/>\n\t<meta name=\"twitter:label2\" content=\"Tiempo de lectura\" \/>\n\t<meta name=\"twitter:data2\" content=\"1 minuto\" \/>\n<script type=\"application\/ld+json\" class=\"yoast-schema-graph\">{\"@context\":\"https:\\\/\\\/schema.org\",\"@graph\":[{\"@type\":\"Article\",\"@id\":\"https:\\\/\\\/cvinoticias.com\\\/v3\\\/nacion-incremento-el-sueldo-a-gendarmes-prefectos-y-policias-federales\\\/#article\",\"isPartOf\":{\"@id\":\"https:\\\/\\\/cvinoticias.com\\\/v3\\\/nacion-incremento-el-sueldo-a-gendarmes-prefectos-y-policias-federales\\\/\"},\"author\":{\"name\":\"f1000024\",\"@id\":\"https:\\\/\\\/cvinoticias.com\\\/v3\\\/#\\\/schema\\\/person\\\/2db77e3c6bc03c538495d7b2b8be9b66\"},\"headline\":\"Naci\u00f3n increment\u00f3 el sueldo a gendarmes, prefectos y polic\u00edas federales\",\"datePublished\":\"2021-07-07T11:36:46+00:00\",\"mainEntityOfPage\":{\"@id\":\"https:\\\/\\\/cvinoticias.com\\\/v3\\\/nacion-incremento-el-sueldo-a-gendarmes-prefectos-y-policias-federales\\\/\"},\"wordCount\":221,\"commentCount\":0,\"publisher\":{\"@id\":\"https:\\\/\\\/cvinoticias.com\\\/v3\\\/#organization\"},\"image\":{\"@id\":\"https:\\\/\\\/cvinoticias.com\\\/v3\\\/nacion-incremento-el-sueldo-a-gendarmes-prefectos-y-policias-federales\\\/#primaryimage\"},\"thumbnailUrl\":\"https:\\\/\\\/cvinoticias.com\\\/wp-content\\\/uploads\\\/2021\\\/07\\\/gendarme-gendarmeria.jpg\",\"articleSection\":[\"Informaci\u00f3n General\"],\"inLanguage\":\"es\",\"potentialAction\":[{\"@type\":\"CommentAction\",\"name\":\"Comment\",\"target\":[\"https:\\\/\\\/cvinoticias.com\\\/v3\\\/nacion-incremento-el-sueldo-a-gendarmes-prefectos-y-policias-federales\\\/#respond\"]}]},{\"@type\":\"WebPage\",\"@id\":\"https:\\\/\\\/cvinoticias.com\\\/v3\\\/nacion-incremento-el-sueldo-a-gendarmes-prefectos-y-policias-federales\\\/\",\"url\":\"https:\\\/\\\/cvinoticias.com\\\/v3\\\/nacion-incremento-el-sueldo-a-gendarmes-prefectos-y-policias-federales\\\/\",\"name\":\"Naci\u00f3n increment\u00f3 el sueldo a gendarmes, prefectos y polic\u00edas federales | CVI NOTICIAS\",\"isPartOf\":{\"@id\":\"https:\\\/\\\/cvinoticias.com\\\/v3\\\/#website\"},\"primaryImageOfPage\":{\"@id\":\"https:\\\/\\\/cvinoticias.com\\\/v3\\\/nacion-incremento-el-sueldo-a-gendarmes-prefectos-y-policias-federales\\\/#primaryimage\"},\"image\":{\"@id\":\"https:\\\/\\\/cvinoticias.com\\\/v3\\\/nacion-incremento-el-sueldo-a-gendarmes-prefectos-y-policias-federales\\\/#primaryimage\"},\"thumbnailUrl\":\"https:\\\/\\\/cvinoticias.com\\\/wp-content\\\/uploads\\\/2021\\\/07\\\/gendarme-gendarmeria.jpg\",\"datePublished\":\"2021-07-07T11:36:46+00:00\",\"breadcrumb\":{\"@id\":\"https:\\\/\\\/cvinoticias.com\\\/v3\\\/nacion-incremento-el-sueldo-a-gendarmes-prefectos-y-policias-federales\\\/#breadcrumb\"},\"inLanguage\":\"es\",\"potentialAction\":[{\"@type\":\"ReadAction\",\"target\":[\"https:\\\/\\\/cvinoticias.com\\\/v3\\\/nacion-incremento-el-sueldo-a-gendarmes-prefectos-y-policias-federales\\\/\"]}]},{\"@type\":\"ImageObject\",\"inLanguage\":\"es\",\"@id\":\"https:\\\/\\\/cvinoticias.com\\\/v3\\\/nacion-incremento-el-sueldo-a-gendarmes-prefectos-y-policias-federales\\\/#primaryimage\",\"url\":\"https:\\\/\\\/cvinoticias.com\\\/wp-content\\\/uploads\\\/2021\\\/07\\\/gendarme-gendarmeria.jpg\",\"contentUrl\":\"https:\\\/\\\/cvinoticias.com\\\/wp-content\\\/uploads\\\/2021\\\/07\\\/gendarme-gendarmeria.jpg\",\"width\":929,\"height\":522},{\"@type\":\"BreadcrumbList\",\"@id\":\"https:\\\/\\\/cvinoticias.com\\\/v3\\\/nacion-incremento-el-sueldo-a-gendarmes-prefectos-y-policias-federales\\\/#breadcrumb\",\"itemListElement\":[{\"@type\":\"ListItem\",\"position\":1,\"name\":\"Portada\",\"item\":\"https:\\\/\\\/cvinoticias.com\\\/v3\\\/\"},{\"@type\":\"ListItem\",\"position\":2,\"name\":\"Naci\u00f3n increment\u00f3 el sueldo a gendarmes, prefectos y polic\u00edas federales\"}]},{\"@type\":\"WebSite\",\"@id\":\"https:\\\/\\\/cvinoticias.com\\\/v3\\\/#website\",\"url\":\"https:\\\/\\\/cvinoticias.com\\\/v3\\\/\",\"name\":\"CVI NOTICIAS\",\"description\":\"\",\"publisher\":{\"@id\":\"https:\\\/\\\/cvinoticias.com\\\/v3\\\/#organization\"},\"alternateName\":\"CVI\",\"potentialAction\":[{\"@type\":\"SearchAction\",\"target\":{\"@type\":\"EntryPoint\",\"urlTemplate\":\"https:\\\/\\\/cvinoticias.com\\\/v3\\\/?s={search_term_string}\"},\"query-input\":{\"@type\":\"PropertyValueSpecification\",\"valueRequired\":true,\"valueName\":\"search_term_string\"}}],\"inLanguage\":\"es\"},{\"@type\":\"Organization\",\"@id\":\"https:\\\/\\\/cvinoticias.com\\\/v3\\\/#organization\",\"name\":\"CVI NOTICIAS\",\"url\":\"https:\\\/\\\/cvinoticias.com\\\/v3\\\/\",\"logo\":{\"@type\":\"ImageObject\",\"inLanguage\":\"es\",\"@id\":\"https:\\\/\\\/cvinoticias.com\\\/v3\\\/#\\\/schema\\\/logo\\\/image\\\/\",\"url\":\"https:\\\/\\\/cvinoticias.com\\\/wp-content\\\/uploads\\\/2023\\\/04\\\/cropped-cropped-cropped-cropped-cropped-3-1.png\",\"contentUrl\":\"https:\\\/\\\/cvinoticias.com\\\/wp-content\\\/uploads\\\/2023\\\/04\\\/cropped-cropped-cropped-cropped-cropped-3-1.png\",\"width\":95,\"height\":122,\"caption\":\"CVI NOTICIAS\"},\"image\":{\"@id\":\"https:\\\/\\\/cvinoticias.com\\\/v3\\\/#\\\/schema\\\/logo\\\/image\\\/\"},\"sameAs\":[\"https:\\\/\\\/www.facebook.com\\\/cvinoticias\",\"https:\\\/\\\/www.instagram.com\\\/cvinoticias\\\/\",\"https:\\\/\\\/www.youtube.com\\\/@CVINOTICIAS\"]},{\"@type\":\"Person\",\"@id\":\"https:\\\/\\\/cvinoticias.com\\\/v3\\\/#\\\/schema\\\/person\\\/2db77e3c6bc03c538495d7b2b8be9b66\",\"name\":\"f1000024\",\"image\":{\"@type\":\"ImageObject\",\"inLanguage\":\"es\",\"@id\":\"https:\\\/\\\/secure.gravatar.com\\\/avatar\\\/d4fe7459cfc51ff5129ce1a732bbef5928568b8092d412ef95611616376bbeed?s=96&d=mm&r=g\",\"url\":\"https:\\\/\\\/secure.gravatar.com\\\/avatar\\\/d4fe7459cfc51ff5129ce1a732bbef5928568b8092d412ef95611616376bbeed?s=96&d=mm&r=g\",\"contentUrl\":\"https:\\\/\\\/secure.gravatar.com\\\/avatar\\\/d4fe7459cfc51ff5129ce1a732bbef5928568b8092d412ef95611616376bbeed?s=96&d=mm&r=g\",\"caption\":\"f1000024\"},\"url\":\"https:\\\/\\\/cvinoticias.com\\\/v3\\\/author\\\/f1000024\\\/\"}]}<\/script>\n<!-- \/ Yoast SEO plugin. -->","yoast_head_json":{"title":"Naci\u00f3n increment\u00f3 el sueldo a gendarmes, prefectos y polic\u00edas federales | CVI NOTICIAS","robots":{"index":"index","follow":"follow","max-snippet":"max-snippet:-1","max-image-preview":"max-image-preview:large","max-video-preview":"max-video-preview:-1"},"canonical":"https:\/\/cvinoticias.com\/v3\/nacion-incremento-el-sueldo-a-gendarmes-prefectos-y-policias-federales\/","og_locale":"es_ES","og_type":"article","og_title":"Naci\u00f3n increment\u00f3 el sueldo a gendarmes, prefectos y polic\u00edas federales | CVI NOTICIAS","og_description":"La suba alcanza tanto a los haberes mensuales como a los distintos adicionales que cobran los efectivos de cada una de las fuerzas de Seguridad que dependen de Naci\u00f3n. El gobierno de Alberto Fern\u00e1ndez dispuso este martes una nueva suba en los haberes de los integrantes de las distintas fuerzas de Seguridad Federales. Por medio [&hellip;]","og_url":"https:\/\/cvinoticias.com\/v3\/nacion-incremento-el-sueldo-a-gendarmes-prefectos-y-policias-federales\/","og_site_name":"CVI NOTICIAS","article_publisher":"https:\/\/www.facebook.com\/cvinoticias","article_published_time":"2021-07-07T11:36:46+00:00","og_image":[{"width":929,"height":522,"url":"https:\/\/cvinoticias.com\/wp-content\/uploads\/2021\/07\/gendarme-gendarmeria.jpg","type":"image\/jpeg"}],"author":"f1000024","twitter_card":"summary_large_image","twitter_misc":{"Escrito por":"f1000024","Tiempo de lectura":"1 minuto"},"schema":{"@context":"https:\/\/schema.org","@graph":[{"@type":"Article","@id":"https:\/\/cvinoticias.com\/v3\/nacion-incremento-el-sueldo-a-gendarmes-prefectos-y-policias-federales\/#article","isPartOf":{"@id":"https:\/\/cvinoticias.com\/v3\/nacion-incremento-el-sueldo-a-gendarmes-prefectos-y-policias-federales\/"},"author":{"name":"f1000024","@id":"https:\/\/cvinoticias.com\/v3\/#\/schema\/person\/2db77e3c6bc03c538495d7b2b8be9b66"},"headline":"Naci\u00f3n increment\u00f3 el sueldo a gendarmes, prefectos y polic\u00edas federales","datePublished":"2021-07-07T11:36:46+00:00","mainEntityOfPage":{"@id":"https:\/\/cvinoticias.com\/v3\/nacion-incremento-el-sueldo-a-gendarmes-prefectos-y-policias-federales\/"},"wordCount":221,"commentCount":0,"publisher":{"@id":"https:\/\/cvinoticias.com\/v3\/#organization"},"image":{"@id":"https:\/\/cvinoticias.com\/v3\/nacion-incremento-el-sueldo-a-gendarmes-prefectos-y-policias-federales\/#primaryimage"},"thumbnailUrl":"https:\/\/cvinoticias.com\/wp-content\/uploads\/2021\/07\/gendarme-gendarmeria.jpg","articleSection":["Informaci\u00f3n General"],"inLanguage":"es","potentialAction":[{"@type":"CommentAction","name":"Comment","target":["https:\/\/cvinoticias.com\/v3\/nacion-incremento-el-sueldo-a-gendarmes-prefectos-y-policias-federales\/#respond"]}]},{"@type":"WebPage","@id":"https:\/\/cvinoticias.com\/v3\/nacion-incremento-el-sueldo-a-gendarmes-prefectos-y-policias-federales\/","url":"https:\/\/cvinoticias.com\/v3\/nacion-incremento-el-sueldo-a-gendarmes-prefectos-y-policias-federales\/","name":"Naci\u00f3n increment\u00f3 el sueldo a gendarmes, prefectos y polic\u00edas federales | CVI NOTICIAS","isPartOf":{"@id":"https:\/\/cvinoticias.com\/v3\/#website"},"primaryImageOfPage":{"@id":"https:\/\/cvinoticias.com\/v3\/nacion-incremento-el-sueldo-a-gendarmes-prefectos-y-policias-federales\/#primaryimage"},"image":{"@id":"https:\/\/cvinoticias.com\/v3\/nacion-incremento-el-sueldo-a-gendarmes-prefectos-y-policias-federales\/#primaryimage"},"thumbnailUrl":"https:\/\/cvinoticias.com\/wp-content\/uploads\/2021\/07\/gendarme-gendarmeria.jpg","datePublished":"2021-07-07T11:36:46+00:00","breadcrumb":{"@id":"https:\/\/cvinoticias.com\/v3\/nacion-incremento-el-sueldo-a-gendarmes-prefectos-y-policias-federales\/#breadcrumb"},"inLanguage":"es","potentialAction":[{"@type":"ReadAction","target":["https:\/\/cvinoticias.com\/v3\/nacion-incremento-el-sueldo-a-gendarmes-prefectos-y-policias-federales\/"]}]},{"@type":"ImageObject","inLanguage":"es","@id":"https:\/\/cvinoticias.com\/v3\/nacion-incremento-el-sueldo-a-gendarmes-prefectos-y-policias-federales\/#primaryimage","url":"https:\/\/cvinoticias.com\/wp-content\/uploads\/2021\/07\/gendarme-gendarmeria.jpg","contentUrl":"https:\/\/cvinoticias.com\/wp-content\/uploads\/2021\/07\/gendarme-gendarmeria.jpg","width":929,"height":522},{"@type":"BreadcrumbList","@id":"https:\/\/cvinoticias.com\/v3\/nacion-incremento-el-sueldo-a-gendarmes-prefectos-y-policias-federales\/#breadcrumb","itemListElement":[{"@type":"ListItem","position":1,"name":"Portada","item":"https:\/\/cvinoticias.com\/v3\/"},{"@type":"ListItem","position":2,"name":"Naci\u00f3n increment\u00f3 el sueldo a gendarmes, prefectos y polic\u00edas federales"}]},{"@type":"WebSite","@id":"https:\/\/cvinoticias.com\/v3\/#website","url":"https:\/\/cvinoticias.com\/v3\/","name":"CVI NOTICIAS","description":"","publisher":{"@id":"https:\/\/cvinoticias.com\/v3\/#organization"},"alternateName":"CVI","potentialAction":[{"@type":"SearchAction","target":{"@type":"EntryPoint","urlTemplate":"https:\/\/cvinoticias.com\/v3\/?s={search_term_string}"},"query-input":{"@type":"PropertyValueSpecification","valueRequired":true,"valueName":"search_term_string"}}],"inLanguage":"es"},{"@type":"Organization","@id":"https:\/\/cvinoticias.com\/v3\/#organization","name":"CVI NOTICIAS","url":"https:\/\/cvinoticias.com\/v3\/","logo":{"@type":"ImageObject","inLanguage":"es","@id":"https:\/\/cvinoticias.com\/v3\/#\/schema\/logo\/image\/","url":"https:\/\/cvinoticias.com\/wp-content\/uploads\/2023\/04\/cropped-cropped-cropped-cropped-cropped-3-1.png","contentUrl":"https:\/\/cvinoticias.com\/wp-content\/uploads\/2023\/04\/cropped-cropped-cropped-cropped-cropped-3-1.png","width":95,"height":122,"caption":"CVI NOTICIAS"},"image":{"@id":"https:\/\/cvinoticias.com\/v3\/#\/schema\/logo\/image\/"},"sameAs":["https:\/\/www.facebook.com\/cvinoticias","https:\/\/www.instagram.com\/cvinoticias\/","https:\/\/www.youtube.com\/@CVINOTICIAS"]},{"@type":"Person","@id":"https:\/\/cvinoticias.com\/v3\/#\/schema\/person\/2db77e3c6bc03c538495d7b2b8be9b66","name":"f1000024","image":{"@type":"ImageObject","inLanguage":"es","@id":"https:\/\/secure.gravatar.com\/avatar\/d4fe7459cfc51ff5129ce1a732bbef5928568b8092d412ef95611616376bbeed?s=96&d=mm&r=g","url":"https:\/\/secure.gravatar.com\/avatar\/d4fe7459cfc51ff5129ce1a732bbef5928568b8092d412ef95611616376bbeed?s=96&d=mm&r=g","contentUrl":"https:\/\/secure.gravatar.com\/avatar\/d4fe7459cfc51ff5129ce1a732bbef5928568b8092d412ef95611616376bbeed?s=96&d=mm&r=g","caption":"f1000024"},"url":"https:\/\/cvinoticias.com\/v3\/author\/f1000024\/"}]}},"_links":{"self":[{"href":"https:\/\/cvinoticias.com\/v3\/wp-json\/wp\/v2\/posts\/6659","targetHints":{"allow":["GET"]}}],"collection":[{"href":"https:\/\/cvinoticias.com\/v3\/wp-json\/wp\/v2\/posts"}],"about":[{"href":"https:\/\/cvinoticias.com\/v3\/wp-json\/wp\/v2\/types\/post"}],"author":[{"embeddable":true,"href":"https:\/\/cvinoticias.com\/v3\/wp-json\/wp\/v2\/users\/2"}],"replies":[{"embeddable":true,"href":"https:\/\/cvinoticias.com\/v3\/wp-json\/wp\/v2\/comments?post=6659"}],"version-history":[{"count":1,"href":"https:\/\/cvinoticias.com\/v3\/wp-json\/wp\/v2\/posts\/6659\/revisions"}],"predecessor-version":[{"id":6661,"href":"https:\/\/cvinoticias.com\/v3\/wp-json\/wp\/v2\/posts\/6659\/revisions\/6661"}],"wp:featuredmedia":[{"embeddable":true,"href":"https:\/\/cvinoticias.com\/v3\/wp-json\/wp\/v2\/media\/6660"}],"wp:attachment":[{"href":"https:\/\/cvinoticias.com\/v3\/wp-json\/wp\/v2\/media?parent=6659"}],"wp:term":[{"taxonomy":"category","embeddable":true,"href":"https:\/\/cvinoticias.com\/v3\/wp-json\/wp\/v2\/categories?post=6659"},{"taxonomy":"post_tag","embeddable":true,"href":"https:\/\/cvinoticias.com\/v3\/wp-json\/wp\/v2\/tags?post=6659"}],"curies":[{"name":"wp","href":"https:\/\/api.w.org\/{rel}","templated":true}]}}