{"id":6647,"date":"2021-07-07T11:07:20","date_gmt":"2021-07-07T11:07:20","guid":{"rendered":"https:\/\/cvinoticias.com\/v3\/?p=6647"},"modified":"2021-07-07T11:07:20","modified_gmt":"2021-07-07T11:07:20","slug":"el-automovilismo-misionero-volvera-a-la-competencia-este-fin-de-semana","status":"publish","type":"post","link":"https:\/\/cvinoticias.com\/v3\/el-automovilismo-misionero-volvera-a-la-competencia-este-fin-de-semana\/","title":{"rendered":"El automovilismo misionero volver\u00e1 a la competencia este fin de semana"},"content":{"rendered":"\n<p><strong><em>Los motores vuelven a encenderse. Luego del esc\u00e1ndalo que deriv\u00f3 en la clausura del aut\u00f3dromo de Posadas por la presencia de cerca de un millar de espectadores y la suspensi\u00f3n del protocolo para el automovilismo, el pr\u00f3ximo finde se reiniciar\u00e1 la actividad. Ser\u00e1 en Ober\u00e1 y con la cuarta fecha del Campeonato Misionero de karting.<\/em><\/strong><\/p>\n\n\n\n<p>El finde se cumplir\u00e1n exactamente cuatro semanas de aquel domingo 13 de junio, cuando el Gobierno provincial resolvi\u00f3 parar los motores luego de la bochornosa tercera fecha del Misionero de Pista, que desemboc\u00f3 incluso en la intervenci\u00f3n del Autom\u00f3vil Club Misiones (ACM).<\/p>\n\n\n\n<p>Borr\u00f3n y cuenta nueva. Bajo otro \u00edmpetu, la Federaci\u00f3n Misionera de Automovilismo Deportivo (FeMAD) confirm\u00f3 que el s\u00e1bado se reiniciar\u00e1 la actividad del karting, esta vez en Ober\u00e1, con el protocolo m\u00e1s r\u00edgido que nunca: sin la presencia de espectadores y con inscripciones y datos detallados de los cuatro acompa\u00f1antes permitidos por piloto.<\/p>\n\n\n\n<p>La fecha, organizada por el Autom\u00f3vil Club Ober\u00e1 (ACO), tendr\u00e1 como novedad el desdoblamiento en dos d\u00edas, tal como se hab\u00eda anunciado semanas atr\u00e1s. Esto quiere decir que, tal como suced\u00eda en la \u00e9poca prepandemia, la actividad oficial arrancar\u00e1 el s\u00e1bado venidero con los entrenamientos y clasificaciones, mientras que el domingo ser\u00e1 el turno de las series y finales.<\/p>\n\n\n\n<p>Justamente fue la Capital del Monte el \u00faltimo escenario en el que corri\u00f3 el karting, aquel domingo 16 de mayo. De hecho, esta cuarta fecha deb\u00eda disputarse el 20 de junio en Posadas pero, por todo lo mencionado anteriormente, finalmente qued\u00f3 postergada y ahora vuelve pero ya en Ober\u00e1, el \u00fanico aut\u00f3dromo asfaltado de la provincia que por el momento cuenta con autorizaci\u00f3n para recibir competencia federada.<\/p>\n\n\n\n<p>Por lo pronto, la FeMAD inform\u00f3 ayer que ya se encuentran abiertas las inscripciones para la fecha, que se realizan de manera virtual y con el jueves a las 14 como plazo l\u00edmite para el registro. En el mismo, el piloto deber\u00e1 ingresar sus datos y los de las cuatro personas autorizadas para acompa\u00f1arlo.<\/p>\n\n\n\n<p>Desde la entidad, ante lo sucedido en el Pista en Posadas, subrayaron a los protagonistas la obligaci\u00f3n de utilizar tapabocas y mantener el distanciamiento social \u201cpara seguir adelante con las fechas programadas\u201d.<\/p>\n\n\n\n<p>Fuente: Primera Edici\u00f3n<\/p>\n","protected":false},"excerpt":{"rendered":"<p>Los motores vuelven a encenderse. Luego del esc\u00e1ndalo que deriv\u00f3 en la clausura del aut\u00f3dromo de Posadas por la presencia de cerca de un millar de espectadores y la suspensi\u00f3n del protocolo para el automovilismo, el pr\u00f3ximo finde se reiniciar\u00e1 la actividad. Ser\u00e1 en Ober\u00e1 y con la cuarta fecha del Campeonato Misionero de karting. [&hellip;]<\/p>\n","protected":false},"author":2,"featured_media":6648,"comment_status":"open","ping_status":"open","sticky":false,"template":"","format":"standard","meta":{"footnotes":""},"categories":[24],"tags":[],"class_list":["post-6647","post","type-post","status-publish","format-standard","has-post-thumbnail","hentry","category-deportes"],"yoast_head":"<!-- This site is optimized with the Yoast SEO plugin v27.5 - https:\/\/yoast.com\/product\/yoast-seo-wordpress\/ -->\n<title>El automovilismo misionero volver\u00e1 a la competencia este fin de semana | CVI NOTICIAS<\/title>\n<meta name=\"robots\" content=\"index, follow, max-snippet:-1, max-image-preview:large, max-video-preview:-1\" \/>\n<link rel=\"canonical\" href=\"https:\/\/cvinoticias.com\/v3\/el-automovilismo-misionero-volvera-a-la-competencia-este-fin-de-semana\/\" \/>\n<meta property=\"og:locale\" content=\"es_ES\" \/>\n<meta property=\"og:type\" content=\"article\" \/>\n<meta property=\"og:title\" content=\"El automovilismo misionero volver\u00e1 a la competencia este fin de semana | CVI NOTICIAS\" \/>\n<meta property=\"og:description\" content=\"Los motores vuelven a encenderse. Luego del esc\u00e1ndalo que deriv\u00f3 en la clausura del aut\u00f3dromo de Posadas por la presencia de cerca de un millar de espectadores y la suspensi\u00f3n del protocolo para el automovilismo, el pr\u00f3ximo finde se reiniciar\u00e1 la actividad. Ser\u00e1 en Ober\u00e1 y con la cuarta fecha del Campeonato Misionero de karting. [&hellip;]\" \/>\n<meta property=\"og:url\" content=\"https:\/\/cvinoticias.com\/v3\/el-automovilismo-misionero-volvera-a-la-competencia-este-fin-de-semana\/\" \/>\n<meta property=\"og:site_name\" content=\"CVI NOTICIAS\" \/>\n<meta property=\"article:publisher\" content=\"https:\/\/www.facebook.com\/cvinoticias\" \/>\n<meta property=\"article:published_time\" content=\"2021-07-07T11:07:20+00:00\" \/>\n<meta property=\"og:image\" content=\"https:\/\/cvinoticias.com\/wp-content\/uploads\/2021\/07\/DSC_3213-730x486-1.jpg\" \/>\n\t<meta property=\"og:image:width\" content=\"730\" \/>\n\t<meta property=\"og:image:height\" content=\"486\" \/>\n\t<meta property=\"og:image:type\" content=\"image\/jpeg\" \/>\n<meta name=\"author\" content=\"f1000024\" \/>\n<meta name=\"twitter:card\" content=\"summary_large_image\" \/>\n<meta name=\"twitter:label1\" content=\"Escrito por\" \/>\n\t<meta name=\"twitter:data1\" content=\"f1000024\" \/>\n\t<meta name=\"twitter:label2\" content=\"Tiempo de lectura\" \/>\n\t<meta name=\"twitter:data2\" content=\"2 minutos\" \/>\n<script type=\"application\/ld+json\" class=\"yoast-schema-graph\">{\"@context\":\"https:\\\/\\\/schema.org\",\"@graph\":[{\"@type\":\"Article\",\"@id\":\"https:\\\/\\\/cvinoticias.com\\\/v3\\\/el-automovilismo-misionero-volvera-a-la-competencia-este-fin-de-semana\\\/#article\",\"isPartOf\":{\"@id\":\"https:\\\/\\\/cvinoticias.com\\\/v3\\\/el-automovilismo-misionero-volvera-a-la-competencia-este-fin-de-semana\\\/\"},\"author\":{\"name\":\"f1000024\",\"@id\":\"https:\\\/\\\/cvinoticias.com\\\/v3\\\/#\\\/schema\\\/person\\\/2db77e3c6bc03c538495d7b2b8be9b66\"},\"headline\":\"El automovilismo misionero volver\u00e1 a la competencia este fin de semana\",\"datePublished\":\"2021-07-07T11:07:20+00:00\",\"mainEntityOfPage\":{\"@id\":\"https:\\\/\\\/cvinoticias.com\\\/v3\\\/el-automovilismo-misionero-volvera-a-la-competencia-este-fin-de-semana\\\/\"},\"wordCount\":398,\"commentCount\":0,\"publisher\":{\"@id\":\"https:\\\/\\\/cvinoticias.com\\\/v3\\\/#organization\"},\"image\":{\"@id\":\"https:\\\/\\\/cvinoticias.com\\\/v3\\\/el-automovilismo-misionero-volvera-a-la-competencia-este-fin-de-semana\\\/#primaryimage\"},\"thumbnailUrl\":\"https:\\\/\\\/cvinoticias.com\\\/wp-content\\\/uploads\\\/2021\\\/07\\\/DSC_3213-730x486-1.jpg\",\"articleSection\":[\"Deportes\"],\"inLanguage\":\"es\",\"potentialAction\":[{\"@type\":\"CommentAction\",\"name\":\"Comment\",\"target\":[\"https:\\\/\\\/cvinoticias.com\\\/v3\\\/el-automovilismo-misionero-volvera-a-la-competencia-este-fin-de-semana\\\/#respond\"]}]},{\"@type\":\"WebPage\",\"@id\":\"https:\\\/\\\/cvinoticias.com\\\/v3\\\/el-automovilismo-misionero-volvera-a-la-competencia-este-fin-de-semana\\\/\",\"url\":\"https:\\\/\\\/cvinoticias.com\\\/v3\\\/el-automovilismo-misionero-volvera-a-la-competencia-este-fin-de-semana\\\/\",\"name\":\"El automovilismo misionero volver\u00e1 a la competencia este fin de semana | CVI NOTICIAS\",\"isPartOf\":{\"@id\":\"https:\\\/\\\/cvinoticias.com\\\/v3\\\/#website\"},\"primaryImageOfPage\":{\"@id\":\"https:\\\/\\\/cvinoticias.com\\\/v3\\\/el-automovilismo-misionero-volvera-a-la-competencia-este-fin-de-semana\\\/#primaryimage\"},\"image\":{\"@id\":\"https:\\\/\\\/cvinoticias.com\\\/v3\\\/el-automovilismo-misionero-volvera-a-la-competencia-este-fin-de-semana\\\/#primaryimage\"},\"thumbnailUrl\":\"https:\\\/\\\/cvinoticias.com\\\/wp-content\\\/uploads\\\/2021\\\/07\\\/DSC_3213-730x486-1.jpg\",\"datePublished\":\"2021-07-07T11:07:20+00:00\",\"breadcrumb\":{\"@id\":\"https:\\\/\\\/cvinoticias.com\\\/v3\\\/el-automovilismo-misionero-volvera-a-la-competencia-este-fin-de-semana\\\/#breadcrumb\"},\"inLanguage\":\"es\",\"potentialAction\":[{\"@type\":\"ReadAction\",\"target\":[\"https:\\\/\\\/cvinoticias.com\\\/v3\\\/el-automovilismo-misionero-volvera-a-la-competencia-este-fin-de-semana\\\/\"]}]},{\"@type\":\"ImageObject\",\"inLanguage\":\"es\",\"@id\":\"https:\\\/\\\/cvinoticias.com\\\/v3\\\/el-automovilismo-misionero-volvera-a-la-competencia-este-fin-de-semana\\\/#primaryimage\",\"url\":\"https:\\\/\\\/cvinoticias.com\\\/wp-content\\\/uploads\\\/2021\\\/07\\\/DSC_3213-730x486-1.jpg\",\"contentUrl\":\"https:\\\/\\\/cvinoticias.com\\\/wp-content\\\/uploads\\\/2021\\\/07\\\/DSC_3213-730x486-1.jpg\",\"width\":730,\"height\":486},{\"@type\":\"BreadcrumbList\",\"@id\":\"https:\\\/\\\/cvinoticias.com\\\/v3\\\/el-automovilismo-misionero-volvera-a-la-competencia-este-fin-de-semana\\\/#breadcrumb\",\"itemListElement\":[{\"@type\":\"ListItem\",\"position\":1,\"name\":\"Portada\",\"item\":\"https:\\\/\\\/cvinoticias.com\\\/v3\\\/\"},{\"@type\":\"ListItem\",\"position\":2,\"name\":\"El automovilismo misionero volver\u00e1 a la competencia este fin de semana\"}]},{\"@type\":\"WebSite\",\"@id\":\"https:\\\/\\\/cvinoticias.com\\\/v3\\\/#website\",\"url\":\"https:\\\/\\\/cvinoticias.com\\\/v3\\\/\",\"name\":\"CVI NOTICIAS\",\"description\":\"\",\"publisher\":{\"@id\":\"https:\\\/\\\/cvinoticias.com\\\/v3\\\/#organization\"},\"alternateName\":\"CVI\",\"potentialAction\":[{\"@type\":\"SearchAction\",\"target\":{\"@type\":\"EntryPoint\",\"urlTemplate\":\"https:\\\/\\\/cvinoticias.com\\\/v3\\\/?s={search_term_string}\"},\"query-input\":{\"@type\":\"PropertyValueSpecification\",\"valueRequired\":true,\"valueName\":\"search_term_string\"}}],\"inLanguage\":\"es\"},{\"@type\":\"Organization\",\"@id\":\"https:\\\/\\\/cvinoticias.com\\\/v3\\\/#organization\",\"name\":\"CVI NOTICIAS\",\"url\":\"https:\\\/\\\/cvinoticias.com\\\/v3\\\/\",\"logo\":{\"@type\":\"ImageObject\",\"inLanguage\":\"es\",\"@id\":\"https:\\\/\\\/cvinoticias.com\\\/v3\\\/#\\\/schema\\\/logo\\\/image\\\/\",\"url\":\"https:\\\/\\\/cvinoticias.com\\\/wp-content\\\/uploads\\\/2023\\\/04\\\/cropped-cropped-cropped-cropped-cropped-3-1.png\",\"contentUrl\":\"https:\\\/\\\/cvinoticias.com\\\/wp-content\\\/uploads\\\/2023\\\/04\\\/cropped-cropped-cropped-cropped-cropped-3-1.png\",\"width\":95,\"height\":122,\"caption\":\"CVI NOTICIAS\"},\"image\":{\"@id\":\"https:\\\/\\\/cvinoticias.com\\\/v3\\\/#\\\/schema\\\/logo\\\/image\\\/\"},\"sameAs\":[\"https:\\\/\\\/www.facebook.com\\\/cvinoticias\",\"https:\\\/\\\/www.instagram.com\\\/cvinoticias\\\/\",\"https:\\\/\\\/www.youtube.com\\\/@CVINOTICIAS\"]},{\"@type\":\"Person\",\"@id\":\"https:\\\/\\\/cvinoticias.com\\\/v3\\\/#\\\/schema\\\/person\\\/2db77e3c6bc03c538495d7b2b8be9b66\",\"name\":\"f1000024\",\"image\":{\"@type\":\"ImageObject\",\"inLanguage\":\"es\",\"@id\":\"https:\\\/\\\/secure.gravatar.com\\\/avatar\\\/d4fe7459cfc51ff5129ce1a732bbef5928568b8092d412ef95611616376bbeed?s=96&d=mm&r=g\",\"url\":\"https:\\\/\\\/secure.gravatar.com\\\/avatar\\\/d4fe7459cfc51ff5129ce1a732bbef5928568b8092d412ef95611616376bbeed?s=96&d=mm&r=g\",\"contentUrl\":\"https:\\\/\\\/secure.gravatar.com\\\/avatar\\\/d4fe7459cfc51ff5129ce1a732bbef5928568b8092d412ef95611616376bbeed?s=96&d=mm&r=g\",\"caption\":\"f1000024\"},\"url\":\"https:\\\/\\\/cvinoticias.com\\\/v3\\\/author\\\/f1000024\\\/\"}]}<\/script>\n<!-- \/ Yoast SEO plugin. -->","yoast_head_json":{"title":"El automovilismo misionero volver\u00e1 a la competencia este fin de semana | CVI NOTICIAS","robots":{"index":"index","follow":"follow","max-snippet":"max-snippet:-1","max-image-preview":"max-image-preview:large","max-video-preview":"max-video-preview:-1"},"canonical":"https:\/\/cvinoticias.com\/v3\/el-automovilismo-misionero-volvera-a-la-competencia-este-fin-de-semana\/","og_locale":"es_ES","og_type":"article","og_title":"El automovilismo misionero volver\u00e1 a la competencia este fin de semana | CVI NOTICIAS","og_description":"Los motores vuelven a encenderse. Luego del esc\u00e1ndalo que deriv\u00f3 en la clausura del aut\u00f3dromo de Posadas por la presencia de cerca de un millar de espectadores y la suspensi\u00f3n del protocolo para el automovilismo, el pr\u00f3ximo finde se reiniciar\u00e1 la actividad. Ser\u00e1 en Ober\u00e1 y con la cuarta fecha del Campeonato Misionero de karting. [&hellip;]","og_url":"https:\/\/cvinoticias.com\/v3\/el-automovilismo-misionero-volvera-a-la-competencia-este-fin-de-semana\/","og_site_name":"CVI NOTICIAS","article_publisher":"https:\/\/www.facebook.com\/cvinoticias","article_published_time":"2021-07-07T11:07:20+00:00","og_image":[{"width":730,"height":486,"url":"https:\/\/cvinoticias.com\/wp-content\/uploads\/2021\/07\/DSC_3213-730x486-1.jpg","type":"image\/jpeg"}],"author":"f1000024","twitter_card":"summary_large_image","twitter_misc":{"Escrito por":"f1000024","Tiempo de lectura":"2 minutos"},"schema":{"@context":"https:\/\/schema.org","@graph":[{"@type":"Article","@id":"https:\/\/cvinoticias.com\/v3\/el-automovilismo-misionero-volvera-a-la-competencia-este-fin-de-semana\/#article","isPartOf":{"@id":"https:\/\/cvinoticias.com\/v3\/el-automovilismo-misionero-volvera-a-la-competencia-este-fin-de-semana\/"},"author":{"name":"f1000024","@id":"https:\/\/cvinoticias.com\/v3\/#\/schema\/person\/2db77e3c6bc03c538495d7b2b8be9b66"},"headline":"El automovilismo misionero volver\u00e1 a la competencia este fin de semana","datePublished":"2021-07-07T11:07:20+00:00","mainEntityOfPage":{"@id":"https:\/\/cvinoticias.com\/v3\/el-automovilismo-misionero-volvera-a-la-competencia-este-fin-de-semana\/"},"wordCount":398,"commentCount":0,"publisher":{"@id":"https:\/\/cvinoticias.com\/v3\/#organization"},"image":{"@id":"https:\/\/cvinoticias.com\/v3\/el-automovilismo-misionero-volvera-a-la-competencia-este-fin-de-semana\/#primaryimage"},"thumbnailUrl":"https:\/\/cvinoticias.com\/wp-content\/uploads\/2021\/07\/DSC_3213-730x486-1.jpg","articleSection":["Deportes"],"inLanguage":"es","potentialAction":[{"@type":"CommentAction","name":"Comment","target":["https:\/\/cvinoticias.com\/v3\/el-automovilismo-misionero-volvera-a-la-competencia-este-fin-de-semana\/#respond"]}]},{"@type":"WebPage","@id":"https:\/\/cvinoticias.com\/v3\/el-automovilismo-misionero-volvera-a-la-competencia-este-fin-de-semana\/","url":"https:\/\/cvinoticias.com\/v3\/el-automovilismo-misionero-volvera-a-la-competencia-este-fin-de-semana\/","name":"El automovilismo misionero volver\u00e1 a la competencia este fin de semana | CVI NOTICIAS","isPartOf":{"@id":"https:\/\/cvinoticias.com\/v3\/#website"},"primaryImageOfPage":{"@id":"https:\/\/cvinoticias.com\/v3\/el-automovilismo-misionero-volvera-a-la-competencia-este-fin-de-semana\/#primaryimage"},"image":{"@id":"https:\/\/cvinoticias.com\/v3\/el-automovilismo-misionero-volvera-a-la-competencia-este-fin-de-semana\/#primaryimage"},"thumbnailUrl":"https:\/\/cvinoticias.com\/wp-content\/uploads\/2021\/07\/DSC_3213-730x486-1.jpg","datePublished":"2021-07-07T11:07:20+00:00","breadcrumb":{"@id":"https:\/\/cvinoticias.com\/v3\/el-automovilismo-misionero-volvera-a-la-competencia-este-fin-de-semana\/#breadcrumb"},"inLanguage":"es","potentialAction":[{"@type":"ReadAction","target":["https:\/\/cvinoticias.com\/v3\/el-automovilismo-misionero-volvera-a-la-competencia-este-fin-de-semana\/"]}]},{"@type":"ImageObject","inLanguage":"es","@id":"https:\/\/cvinoticias.com\/v3\/el-automovilismo-misionero-volvera-a-la-competencia-este-fin-de-semana\/#primaryimage","url":"https:\/\/cvinoticias.com\/wp-content\/uploads\/2021\/07\/DSC_3213-730x486-1.jpg","contentUrl":"https:\/\/cvinoticias.com\/wp-content\/uploads\/2021\/07\/DSC_3213-730x486-1.jpg","width":730,"height":486},{"@type":"BreadcrumbList","@id":"https:\/\/cvinoticias.com\/v3\/el-automovilismo-misionero-volvera-a-la-competencia-este-fin-de-semana\/#breadcrumb","itemListElement":[{"@type":"ListItem","position":1,"name":"Portada","item":"https:\/\/cvinoticias.com\/v3\/"},{"@type":"ListItem","position":2,"name":"El automovilismo misionero volver\u00e1 a la competencia este fin de semana"}]},{"@type":"WebSite","@id":"https:\/\/cvinoticias.com\/v3\/#website","url":"https:\/\/cvinoticias.com\/v3\/","name":"CVI NOTICIAS","description":"","publisher":{"@id":"https:\/\/cvinoticias.com\/v3\/#organization"},"alternateName":"CVI","potentialAction":[{"@type":"SearchAction","target":{"@type":"EntryPoint","urlTemplate":"https:\/\/cvinoticias.com\/v3\/?s={search_term_string}"},"query-input":{"@type":"PropertyValueSpecification","valueRequired":true,"valueName":"search_term_string"}}],"inLanguage":"es"},{"@type":"Organization","@id":"https:\/\/cvinoticias.com\/v3\/#organization","name":"CVI NOTICIAS","url":"https:\/\/cvinoticias.com\/v3\/","logo":{"@type":"ImageObject","inLanguage":"es","@id":"https:\/\/cvinoticias.com\/v3\/#\/schema\/logo\/image\/","url":"https:\/\/cvinoticias.com\/wp-content\/uploads\/2023\/04\/cropped-cropped-cropped-cropped-cropped-3-1.png","contentUrl":"https:\/\/cvinoticias.com\/wp-content\/uploads\/2023\/04\/cropped-cropped-cropped-cropped-cropped-3-1.png","width":95,"height":122,"caption":"CVI NOTICIAS"},"image":{"@id":"https:\/\/cvinoticias.com\/v3\/#\/schema\/logo\/image\/"},"sameAs":["https:\/\/www.facebook.com\/cvinoticias","https:\/\/www.instagram.com\/cvinoticias\/","https:\/\/www.youtube.com\/@CVINOTICIAS"]},{"@type":"Person","@id":"https:\/\/cvinoticias.com\/v3\/#\/schema\/person\/2db77e3c6bc03c538495d7b2b8be9b66","name":"f1000024","image":{"@type":"ImageObject","inLanguage":"es","@id":"https:\/\/secure.gravatar.com\/avatar\/d4fe7459cfc51ff5129ce1a732bbef5928568b8092d412ef95611616376bbeed?s=96&d=mm&r=g","url":"https:\/\/secure.gravatar.com\/avatar\/d4fe7459cfc51ff5129ce1a732bbef5928568b8092d412ef95611616376bbeed?s=96&d=mm&r=g","contentUrl":"https:\/\/secure.gravatar.com\/avatar\/d4fe7459cfc51ff5129ce1a732bbef5928568b8092d412ef95611616376bbeed?s=96&d=mm&r=g","caption":"f1000024"},"url":"https:\/\/cvinoticias.com\/v3\/author\/f1000024\/"}]}},"_links":{"self":[{"href":"https:\/\/cvinoticias.com\/v3\/wp-json\/wp\/v2\/posts\/6647","targetHints":{"allow":["GET"]}}],"collection":[{"href":"https:\/\/cvinoticias.com\/v3\/wp-json\/wp\/v2\/posts"}],"about":[{"href":"https:\/\/cvinoticias.com\/v3\/wp-json\/wp\/v2\/types\/post"}],"author":[{"embeddable":true,"href":"https:\/\/cvinoticias.com\/v3\/wp-json\/wp\/v2\/users\/2"}],"replies":[{"embeddable":true,"href":"https:\/\/cvinoticias.com\/v3\/wp-json\/wp\/v2\/comments?post=6647"}],"version-history":[{"count":1,"href":"https:\/\/cvinoticias.com\/v3\/wp-json\/wp\/v2\/posts\/6647\/revisions"}],"predecessor-version":[{"id":6649,"href":"https:\/\/cvinoticias.com\/v3\/wp-json\/wp\/v2\/posts\/6647\/revisions\/6649"}],"wp:featuredmedia":[{"embeddable":true,"href":"https:\/\/cvinoticias.com\/v3\/wp-json\/wp\/v2\/media\/6648"}],"wp:attachment":[{"href":"https:\/\/cvinoticias.com\/v3\/wp-json\/wp\/v2\/media?parent=6647"}],"wp:term":[{"taxonomy":"category","embeddable":true,"href":"https:\/\/cvinoticias.com\/v3\/wp-json\/wp\/v2\/categories?post=6647"},{"taxonomy":"post_tag","embeddable":true,"href":"https:\/\/cvinoticias.com\/v3\/wp-json\/wp\/v2\/tags?post=6647"}],"curies":[{"name":"wp","href":"https:\/\/api.w.org\/{rel}","templated":true}]}}