{"id":6626,"date":"2021-07-06T10:16:01","date_gmt":"2021-07-06T10:16:01","guid":{"rendered":"https:\/\/cvinoticias.com\/v3\/?p=6626"},"modified":"2021-07-06T10:16:01","modified_gmt":"2021-07-06T10:16:01","slug":"este-martes-se-abonara-la-primera-cuota-del-bono-de-salud","status":"publish","type":"post","link":"https:\/\/cvinoticias.com\/v3\/este-martes-se-abonara-la-primera-cuota-del-bono-de-salud\/","title":{"rendered":"Este martes se abonar\u00e1 la primera cuota del bono de Salud"},"content":{"rendered":"\n<p><strong><em>Ser\u00e1 la primera de las tres cuotas de $ 6.500 que se establecieron como una ampliaci\u00f3n del bono que otorg\u00f3 el a\u00f1o pasado el Ministerio de Salud para 725 mil trabajadores en todo el pa\u00eds.<\/em><\/strong><\/p>\n\n\n\n<p>La Administraci\u00f3n Nacional de la Seguridad Social (ANSeS)\u00a0confirm\u00f3 que este martes, 6 de julio, cobrar\u00e1n la primera cuota del Bono Salud unos 725.000 trabajadores del sistema de salud p\u00fablico, privado y de la seguridad social, en retribuci\u00f3n al esfuerzo para combatir la pandemia de COVID-19.<\/p>\n\n\n\n<p>Ser\u00e1 la primera de las tres cuotas de $ 6.500\u00a0que se establecieron como una ampliaci\u00f3n del bono que otorg\u00f3 el a\u00f1o pasado el Ministerio de Salud, cuya inversi\u00f3n total alcanzar\u00e1 los 4.633 millones de pesos, asegur\u00f3 hoy la ANSeS.<\/p>\n\n\n\n<p>Asimismo, el organismo a cargo de Fernanda Raverta inform\u00f3 que\u00a0este martes tambi\u00e9n se abonan Pensiones No Contributivas (PNC) en las sucursales bancarias habilitadas, que atender\u00e1n por ventanilla solo a titulares con documentos terminados en 6 y 7.<\/p>\n\n\n\n<p>\u201cEn este sentido, si bien estas personas no tienen que solicitar turno previo para cobrar este beneficio, deben acercarse a la sucursal bancaria \u00fanicamente en la fecha asignada. Cabe recordar que los haberes permanecer\u00e1n depositados en sus cuentas\u201d, record\u00f3 la Anses.<\/p>\n\n\n\n<p>En 2020, el Gobierno otorg\u00f3 cuatro bonos de $ 5.000 cada uno, de los cuales el primero abarc\u00f3 a cerca de 600.000 trabajadores mientras que, a partir de septiembre, las \u00faltimas tres asignaciones llegaron a unos 700.000 empleados de la salud.<\/p>\n\n\n\n<p>\u201cHemos incluido a 100.000 trabajadores m\u00e1s de aquellos que lo cobraban en octubre de 2020\u201d,\u00a0detall\u00f3 el presidente Alberto Fern\u00e1ndez, al anunciar aquella ampliaci\u00f3n.<\/p>\n\n\n\n<p><\/p>\n\n\n\n<p><strong>Fuente: Primera Edici\u00f3n <\/strong><\/p>\n\n\n\n<p><\/p>\n","protected":false},"excerpt":{"rendered":"<p>Ser\u00e1 la primera de las tres cuotas de $ 6.500 que se establecieron como una ampliaci\u00f3n del bono que otorg\u00f3 el a\u00f1o pasado el Ministerio de Salud para 725 mil trabajadores en todo el pa\u00eds. La Administraci\u00f3n Nacional de la Seguridad Social (ANSeS)\u00a0confirm\u00f3 que este martes, 6 de julio, cobrar\u00e1n la primera cuota del Bono [&hellip;]<\/p>\n","protected":false},"author":2,"featured_media":6627,"comment_status":"open","ping_status":"open","sticky":false,"template":"","format":"standard","meta":{"footnotes":""},"categories":[43],"tags":[],"class_list":["post-6626","post","type-post","status-publish","format-standard","has-post-thumbnail","hentry","category-provinciales"],"yoast_head":"<!-- This site is optimized with the Yoast SEO plugin v27.5 - https:\/\/yoast.com\/product\/yoast-seo-wordpress\/ -->\n<title>Este martes se abonar\u00e1 la primera cuota del bono de Salud | CVI NOTICIAS<\/title>\n<meta name=\"robots\" content=\"index, follow, max-snippet:-1, max-image-preview:large, max-video-preview:-1\" \/>\n<link rel=\"canonical\" href=\"https:\/\/cvinoticias.com\/v3\/este-martes-se-abonara-la-primera-cuota-del-bono-de-salud\/\" \/>\n<meta property=\"og:locale\" content=\"es_ES\" \/>\n<meta property=\"og:type\" content=\"article\" \/>\n<meta property=\"og:title\" content=\"Este martes se abonar\u00e1 la primera cuota del bono de Salud | CVI NOTICIAS\" \/>\n<meta property=\"og:description\" content=\"Ser\u00e1 la primera de las tres cuotas de $ 6.500 que se establecieron como una ampliaci\u00f3n del bono que otorg\u00f3 el a\u00f1o pasado el Ministerio de Salud para 725 mil trabajadores en todo el pa\u00eds. La Administraci\u00f3n Nacional de la Seguridad Social (ANSeS)\u00a0confirm\u00f3 que este martes, 6 de julio, cobrar\u00e1n la primera cuota del Bono [&hellip;]\" \/>\n<meta property=\"og:url\" content=\"https:\/\/cvinoticias.com\/v3\/este-martes-se-abonara-la-primera-cuota-del-bono-de-salud\/\" \/>\n<meta property=\"og:site_name\" content=\"CVI NOTICIAS\" \/>\n<meta property=\"article:publisher\" content=\"https:\/\/www.facebook.com\/cvinoticias\" \/>\n<meta property=\"article:published_time\" content=\"2021-07-06T10:16:01+00:00\" \/>\n<meta property=\"og:image\" content=\"https:\/\/cvinoticias.com\/wp-content\/uploads\/2021\/07\/images-2.jpeg\" \/>\n\t<meta property=\"og:image:width\" content=\"275\" \/>\n\t<meta property=\"og:image:height\" content=\"183\" \/>\n\t<meta property=\"og:image:type\" content=\"image\/jpeg\" \/>\n<meta name=\"author\" content=\"f1000024\" \/>\n<meta name=\"twitter:card\" content=\"summary_large_image\" \/>\n<meta name=\"twitter:label1\" content=\"Escrito por\" \/>\n\t<meta name=\"twitter:data1\" content=\"f1000024\" \/>\n\t<meta name=\"twitter:label2\" content=\"Tiempo de lectura\" \/>\n\t<meta name=\"twitter:data2\" content=\"1 minuto\" \/>\n<script type=\"application\/ld+json\" class=\"yoast-schema-graph\">{\"@context\":\"https:\\\/\\\/schema.org\",\"@graph\":[{\"@type\":\"Article\",\"@id\":\"https:\\\/\\\/cvinoticias.com\\\/v3\\\/este-martes-se-abonara-la-primera-cuota-del-bono-de-salud\\\/#article\",\"isPartOf\":{\"@id\":\"https:\\\/\\\/cvinoticias.com\\\/v3\\\/este-martes-se-abonara-la-primera-cuota-del-bono-de-salud\\\/\"},\"author\":{\"name\":\"f1000024\",\"@id\":\"https:\\\/\\\/cvinoticias.com\\\/v3\\\/#\\\/schema\\\/person\\\/2db77e3c6bc03c538495d7b2b8be9b66\"},\"headline\":\"Este martes se abonar\u00e1 la primera cuota del bono de Salud\",\"datePublished\":\"2021-07-06T10:16:01+00:00\",\"mainEntityOfPage\":{\"@id\":\"https:\\\/\\\/cvinoticias.com\\\/v3\\\/este-martes-se-abonara-la-primera-cuota-del-bono-de-salud\\\/\"},\"wordCount\":279,\"commentCount\":0,\"publisher\":{\"@id\":\"https:\\\/\\\/cvinoticias.com\\\/v3\\\/#organization\"},\"image\":{\"@id\":\"https:\\\/\\\/cvinoticias.com\\\/v3\\\/este-martes-se-abonara-la-primera-cuota-del-bono-de-salud\\\/#primaryimage\"},\"thumbnailUrl\":\"https:\\\/\\\/cvinoticias.com\\\/wp-content\\\/uploads\\\/2021\\\/07\\\/images-2.jpeg\",\"articleSection\":[\"Provinciales\"],\"inLanguage\":\"es\",\"potentialAction\":[{\"@type\":\"CommentAction\",\"name\":\"Comment\",\"target\":[\"https:\\\/\\\/cvinoticias.com\\\/v3\\\/este-martes-se-abonara-la-primera-cuota-del-bono-de-salud\\\/#respond\"]}]},{\"@type\":\"WebPage\",\"@id\":\"https:\\\/\\\/cvinoticias.com\\\/v3\\\/este-martes-se-abonara-la-primera-cuota-del-bono-de-salud\\\/\",\"url\":\"https:\\\/\\\/cvinoticias.com\\\/v3\\\/este-martes-se-abonara-la-primera-cuota-del-bono-de-salud\\\/\",\"name\":\"Este martes se abonar\u00e1 la primera cuota del bono de Salud | CVI NOTICIAS\",\"isPartOf\":{\"@id\":\"https:\\\/\\\/cvinoticias.com\\\/v3\\\/#website\"},\"primaryImageOfPage\":{\"@id\":\"https:\\\/\\\/cvinoticias.com\\\/v3\\\/este-martes-se-abonara-la-primera-cuota-del-bono-de-salud\\\/#primaryimage\"},\"image\":{\"@id\":\"https:\\\/\\\/cvinoticias.com\\\/v3\\\/este-martes-se-abonara-la-primera-cuota-del-bono-de-salud\\\/#primaryimage\"},\"thumbnailUrl\":\"https:\\\/\\\/cvinoticias.com\\\/wp-content\\\/uploads\\\/2021\\\/07\\\/images-2.jpeg\",\"datePublished\":\"2021-07-06T10:16:01+00:00\",\"breadcrumb\":{\"@id\":\"https:\\\/\\\/cvinoticias.com\\\/v3\\\/este-martes-se-abonara-la-primera-cuota-del-bono-de-salud\\\/#breadcrumb\"},\"inLanguage\":\"es\",\"potentialAction\":[{\"@type\":\"ReadAction\",\"target\":[\"https:\\\/\\\/cvinoticias.com\\\/v3\\\/este-martes-se-abonara-la-primera-cuota-del-bono-de-salud\\\/\"]}]},{\"@type\":\"ImageObject\",\"inLanguage\":\"es\",\"@id\":\"https:\\\/\\\/cvinoticias.com\\\/v3\\\/este-martes-se-abonara-la-primera-cuota-del-bono-de-salud\\\/#primaryimage\",\"url\":\"https:\\\/\\\/cvinoticias.com\\\/wp-content\\\/uploads\\\/2021\\\/07\\\/images-2.jpeg\",\"contentUrl\":\"https:\\\/\\\/cvinoticias.com\\\/wp-content\\\/uploads\\\/2021\\\/07\\\/images-2.jpeg\",\"width\":275,\"height\":183},{\"@type\":\"BreadcrumbList\",\"@id\":\"https:\\\/\\\/cvinoticias.com\\\/v3\\\/este-martes-se-abonara-la-primera-cuota-del-bono-de-salud\\\/#breadcrumb\",\"itemListElement\":[{\"@type\":\"ListItem\",\"position\":1,\"name\":\"Portada\",\"item\":\"https:\\\/\\\/cvinoticias.com\\\/v3\\\/\"},{\"@type\":\"ListItem\",\"position\":2,\"name\":\"Este martes se abonar\u00e1 la primera cuota del bono de Salud\"}]},{\"@type\":\"WebSite\",\"@id\":\"https:\\\/\\\/cvinoticias.com\\\/v3\\\/#website\",\"url\":\"https:\\\/\\\/cvinoticias.com\\\/v3\\\/\",\"name\":\"CVI NOTICIAS\",\"description\":\"\",\"publisher\":{\"@id\":\"https:\\\/\\\/cvinoticias.com\\\/v3\\\/#organization\"},\"alternateName\":\"CVI\",\"potentialAction\":[{\"@type\":\"SearchAction\",\"target\":{\"@type\":\"EntryPoint\",\"urlTemplate\":\"https:\\\/\\\/cvinoticias.com\\\/v3\\\/?s={search_term_string}\"},\"query-input\":{\"@type\":\"PropertyValueSpecification\",\"valueRequired\":true,\"valueName\":\"search_term_string\"}}],\"inLanguage\":\"es\"},{\"@type\":\"Organization\",\"@id\":\"https:\\\/\\\/cvinoticias.com\\\/v3\\\/#organization\",\"name\":\"CVI NOTICIAS\",\"url\":\"https:\\\/\\\/cvinoticias.com\\\/v3\\\/\",\"logo\":{\"@type\":\"ImageObject\",\"inLanguage\":\"es\",\"@id\":\"https:\\\/\\\/cvinoticias.com\\\/v3\\\/#\\\/schema\\\/logo\\\/image\\\/\",\"url\":\"https:\\\/\\\/cvinoticias.com\\\/wp-content\\\/uploads\\\/2023\\\/04\\\/cropped-cropped-cropped-cropped-cropped-3-1.png\",\"contentUrl\":\"https:\\\/\\\/cvinoticias.com\\\/wp-content\\\/uploads\\\/2023\\\/04\\\/cropped-cropped-cropped-cropped-cropped-3-1.png\",\"width\":95,\"height\":122,\"caption\":\"CVI NOTICIAS\"},\"image\":{\"@id\":\"https:\\\/\\\/cvinoticias.com\\\/v3\\\/#\\\/schema\\\/logo\\\/image\\\/\"},\"sameAs\":[\"https:\\\/\\\/www.facebook.com\\\/cvinoticias\",\"https:\\\/\\\/www.instagram.com\\\/cvinoticias\\\/\",\"https:\\\/\\\/www.youtube.com\\\/@CVINOTICIAS\"]},{\"@type\":\"Person\",\"@id\":\"https:\\\/\\\/cvinoticias.com\\\/v3\\\/#\\\/schema\\\/person\\\/2db77e3c6bc03c538495d7b2b8be9b66\",\"name\":\"f1000024\",\"image\":{\"@type\":\"ImageObject\",\"inLanguage\":\"es\",\"@id\":\"https:\\\/\\\/secure.gravatar.com\\\/avatar\\\/d4fe7459cfc51ff5129ce1a732bbef5928568b8092d412ef95611616376bbeed?s=96&d=mm&r=g\",\"url\":\"https:\\\/\\\/secure.gravatar.com\\\/avatar\\\/d4fe7459cfc51ff5129ce1a732bbef5928568b8092d412ef95611616376bbeed?s=96&d=mm&r=g\",\"contentUrl\":\"https:\\\/\\\/secure.gravatar.com\\\/avatar\\\/d4fe7459cfc51ff5129ce1a732bbef5928568b8092d412ef95611616376bbeed?s=96&d=mm&r=g\",\"caption\":\"f1000024\"},\"url\":\"https:\\\/\\\/cvinoticias.com\\\/v3\\\/author\\\/f1000024\\\/\"}]}<\/script>\n<!-- \/ Yoast SEO plugin. -->","yoast_head_json":{"title":"Este martes se abonar\u00e1 la primera cuota del bono de Salud | CVI NOTICIAS","robots":{"index":"index","follow":"follow","max-snippet":"max-snippet:-1","max-image-preview":"max-image-preview:large","max-video-preview":"max-video-preview:-1"},"canonical":"https:\/\/cvinoticias.com\/v3\/este-martes-se-abonara-la-primera-cuota-del-bono-de-salud\/","og_locale":"es_ES","og_type":"article","og_title":"Este martes se abonar\u00e1 la primera cuota del bono de Salud | CVI NOTICIAS","og_description":"Ser\u00e1 la primera de las tres cuotas de $ 6.500 que se establecieron como una ampliaci\u00f3n del bono que otorg\u00f3 el a\u00f1o pasado el Ministerio de Salud para 725 mil trabajadores en todo el pa\u00eds. La Administraci\u00f3n Nacional de la Seguridad Social (ANSeS)\u00a0confirm\u00f3 que este martes, 6 de julio, cobrar\u00e1n la primera cuota del Bono [&hellip;]","og_url":"https:\/\/cvinoticias.com\/v3\/este-martes-se-abonara-la-primera-cuota-del-bono-de-salud\/","og_site_name":"CVI NOTICIAS","article_publisher":"https:\/\/www.facebook.com\/cvinoticias","article_published_time":"2021-07-06T10:16:01+00:00","og_image":[{"width":275,"height":183,"url":"https:\/\/cvinoticias.com\/wp-content\/uploads\/2021\/07\/images-2.jpeg","type":"image\/jpeg"}],"author":"f1000024","twitter_card":"summary_large_image","twitter_misc":{"Escrito por":"f1000024","Tiempo de lectura":"1 minuto"},"schema":{"@context":"https:\/\/schema.org","@graph":[{"@type":"Article","@id":"https:\/\/cvinoticias.com\/v3\/este-martes-se-abonara-la-primera-cuota-del-bono-de-salud\/#article","isPartOf":{"@id":"https:\/\/cvinoticias.com\/v3\/este-martes-se-abonara-la-primera-cuota-del-bono-de-salud\/"},"author":{"name":"f1000024","@id":"https:\/\/cvinoticias.com\/v3\/#\/schema\/person\/2db77e3c6bc03c538495d7b2b8be9b66"},"headline":"Este martes se abonar\u00e1 la primera cuota del bono de Salud","datePublished":"2021-07-06T10:16:01+00:00","mainEntityOfPage":{"@id":"https:\/\/cvinoticias.com\/v3\/este-martes-se-abonara-la-primera-cuota-del-bono-de-salud\/"},"wordCount":279,"commentCount":0,"publisher":{"@id":"https:\/\/cvinoticias.com\/v3\/#organization"},"image":{"@id":"https:\/\/cvinoticias.com\/v3\/este-martes-se-abonara-la-primera-cuota-del-bono-de-salud\/#primaryimage"},"thumbnailUrl":"https:\/\/cvinoticias.com\/wp-content\/uploads\/2021\/07\/images-2.jpeg","articleSection":["Provinciales"],"inLanguage":"es","potentialAction":[{"@type":"CommentAction","name":"Comment","target":["https:\/\/cvinoticias.com\/v3\/este-martes-se-abonara-la-primera-cuota-del-bono-de-salud\/#respond"]}]},{"@type":"WebPage","@id":"https:\/\/cvinoticias.com\/v3\/este-martes-se-abonara-la-primera-cuota-del-bono-de-salud\/","url":"https:\/\/cvinoticias.com\/v3\/este-martes-se-abonara-la-primera-cuota-del-bono-de-salud\/","name":"Este martes se abonar\u00e1 la primera cuota del bono de Salud | CVI NOTICIAS","isPartOf":{"@id":"https:\/\/cvinoticias.com\/v3\/#website"},"primaryImageOfPage":{"@id":"https:\/\/cvinoticias.com\/v3\/este-martes-se-abonara-la-primera-cuota-del-bono-de-salud\/#primaryimage"},"image":{"@id":"https:\/\/cvinoticias.com\/v3\/este-martes-se-abonara-la-primera-cuota-del-bono-de-salud\/#primaryimage"},"thumbnailUrl":"https:\/\/cvinoticias.com\/wp-content\/uploads\/2021\/07\/images-2.jpeg","datePublished":"2021-07-06T10:16:01+00:00","breadcrumb":{"@id":"https:\/\/cvinoticias.com\/v3\/este-martes-se-abonara-la-primera-cuota-del-bono-de-salud\/#breadcrumb"},"inLanguage":"es","potentialAction":[{"@type":"ReadAction","target":["https:\/\/cvinoticias.com\/v3\/este-martes-se-abonara-la-primera-cuota-del-bono-de-salud\/"]}]},{"@type":"ImageObject","inLanguage":"es","@id":"https:\/\/cvinoticias.com\/v3\/este-martes-se-abonara-la-primera-cuota-del-bono-de-salud\/#primaryimage","url":"https:\/\/cvinoticias.com\/wp-content\/uploads\/2021\/07\/images-2.jpeg","contentUrl":"https:\/\/cvinoticias.com\/wp-content\/uploads\/2021\/07\/images-2.jpeg","width":275,"height":183},{"@type":"BreadcrumbList","@id":"https:\/\/cvinoticias.com\/v3\/este-martes-se-abonara-la-primera-cuota-del-bono-de-salud\/#breadcrumb","itemListElement":[{"@type":"ListItem","position":1,"name":"Portada","item":"https:\/\/cvinoticias.com\/v3\/"},{"@type":"ListItem","position":2,"name":"Este martes se abonar\u00e1 la primera cuota del bono de Salud"}]},{"@type":"WebSite","@id":"https:\/\/cvinoticias.com\/v3\/#website","url":"https:\/\/cvinoticias.com\/v3\/","name":"CVI NOTICIAS","description":"","publisher":{"@id":"https:\/\/cvinoticias.com\/v3\/#organization"},"alternateName":"CVI","potentialAction":[{"@type":"SearchAction","target":{"@type":"EntryPoint","urlTemplate":"https:\/\/cvinoticias.com\/v3\/?s={search_term_string}"},"query-input":{"@type":"PropertyValueSpecification","valueRequired":true,"valueName":"search_term_string"}}],"inLanguage":"es"},{"@type":"Organization","@id":"https:\/\/cvinoticias.com\/v3\/#organization","name":"CVI NOTICIAS","url":"https:\/\/cvinoticias.com\/v3\/","logo":{"@type":"ImageObject","inLanguage":"es","@id":"https:\/\/cvinoticias.com\/v3\/#\/schema\/logo\/image\/","url":"https:\/\/cvinoticias.com\/wp-content\/uploads\/2023\/04\/cropped-cropped-cropped-cropped-cropped-3-1.png","contentUrl":"https:\/\/cvinoticias.com\/wp-content\/uploads\/2023\/04\/cropped-cropped-cropped-cropped-cropped-3-1.png","width":95,"height":122,"caption":"CVI NOTICIAS"},"image":{"@id":"https:\/\/cvinoticias.com\/v3\/#\/schema\/logo\/image\/"},"sameAs":["https:\/\/www.facebook.com\/cvinoticias","https:\/\/www.instagram.com\/cvinoticias\/","https:\/\/www.youtube.com\/@CVINOTICIAS"]},{"@type":"Person","@id":"https:\/\/cvinoticias.com\/v3\/#\/schema\/person\/2db77e3c6bc03c538495d7b2b8be9b66","name":"f1000024","image":{"@type":"ImageObject","inLanguage":"es","@id":"https:\/\/secure.gravatar.com\/avatar\/d4fe7459cfc51ff5129ce1a732bbef5928568b8092d412ef95611616376bbeed?s=96&d=mm&r=g","url":"https:\/\/secure.gravatar.com\/avatar\/d4fe7459cfc51ff5129ce1a732bbef5928568b8092d412ef95611616376bbeed?s=96&d=mm&r=g","contentUrl":"https:\/\/secure.gravatar.com\/avatar\/d4fe7459cfc51ff5129ce1a732bbef5928568b8092d412ef95611616376bbeed?s=96&d=mm&r=g","caption":"f1000024"},"url":"https:\/\/cvinoticias.com\/v3\/author\/f1000024\/"}]}},"_links":{"self":[{"href":"https:\/\/cvinoticias.com\/v3\/wp-json\/wp\/v2\/posts\/6626","targetHints":{"allow":["GET"]}}],"collection":[{"href":"https:\/\/cvinoticias.com\/v3\/wp-json\/wp\/v2\/posts"}],"about":[{"href":"https:\/\/cvinoticias.com\/v3\/wp-json\/wp\/v2\/types\/post"}],"author":[{"embeddable":true,"href":"https:\/\/cvinoticias.com\/v3\/wp-json\/wp\/v2\/users\/2"}],"replies":[{"embeddable":true,"href":"https:\/\/cvinoticias.com\/v3\/wp-json\/wp\/v2\/comments?post=6626"}],"version-history":[{"count":1,"href":"https:\/\/cvinoticias.com\/v3\/wp-json\/wp\/v2\/posts\/6626\/revisions"}],"predecessor-version":[{"id":6628,"href":"https:\/\/cvinoticias.com\/v3\/wp-json\/wp\/v2\/posts\/6626\/revisions\/6628"}],"wp:featuredmedia":[{"embeddable":true,"href":"https:\/\/cvinoticias.com\/v3\/wp-json\/wp\/v2\/media\/6627"}],"wp:attachment":[{"href":"https:\/\/cvinoticias.com\/v3\/wp-json\/wp\/v2\/media?parent=6626"}],"wp:term":[{"taxonomy":"category","embeddable":true,"href":"https:\/\/cvinoticias.com\/v3\/wp-json\/wp\/v2\/categories?post=6626"},{"taxonomy":"post_tag","embeddable":true,"href":"https:\/\/cvinoticias.com\/v3\/wp-json\/wp\/v2\/tags?post=6626"}],"curies":[{"name":"wp","href":"https:\/\/api.w.org\/{rel}","templated":true}]}}