{"id":6623,"date":"2021-07-06T10:05:55","date_gmt":"2021-07-06T10:05:55","guid":{"rendered":"https:\/\/cvinoticias.com\/v3\/?p=6623"},"modified":"2021-07-06T10:05:55","modified_gmt":"2021-07-06T10:05:55","slug":"por-la-aceleracion-de-la-inflacion-adelantan-la-suba-del-salario-minimo-que-quedara-en-27-216-pesos-en-julio","status":"publish","type":"post","link":"https:\/\/cvinoticias.com\/v3\/por-la-aceleracion-de-la-inflacion-adelantan-la-suba-del-salario-minimo-que-quedara-en-27-216-pesos-en-julio\/","title":{"rendered":"Por la aceleraci\u00f3n de la inflaci\u00f3n, adelantan la suba del salario m\u00ednimo que quedar\u00e1 en 27.216 pesos en julio"},"content":{"rendered":"\n<p><strong><em>La suba del 35% se realizar\u00e1 en tres tramos hasta septiembre. El acuerdo original implicaba siete incrementos que terminaban en febrero de 2022. La decisi\u00f3n ser\u00e1 publicada en un decreto presidencial<\/em><\/strong><\/p>\n\n\n\n<p>Ante la aceleraci\u00f3n inflacionaria, el Gobierno decidi\u00f3 acelerar la actualizaci\u00f3n del salario m\u00ednimo, vital y m\u00f3vil y determin\u00f3 que el aumento de 35% que estaba previsto en siete tramos hasta febrero de 2022 se realizar\u00e1 m\u00e1s r\u00e1pido: ser\u00e1n tres reajustes en total que terminar\u00e1n en septiembre. Ese mes, adem\u00e1s, habr\u00e1 una revisi\u00f3n.<\/p>\n\n\n\n<p>Seg\u00fan confirmaron fuentes oficiales a Infobae, la decisi\u00f3n ser\u00e1 materializada en un decreto que ser\u00e1 publicado este martes en el Bolet\u00edn Oficial. En julio el piso de remuneraciones ser\u00e1 de $27.216. Este monto, adem\u00e1s de ser una referencia para los asalariados del sector privado, impacta en prestaciones sociales como el plan Potenciar Trabajo, las becas Progresar y las jubilaciones sin aportes.<\/p>\n\n\n\n<p>Entre los considerandos del decreto que se publicar\u00e1 ma\u00f1ana, el Gobierno consider\u00f3 que \u201cla recuperaci\u00f3n del salario es una prioridad y constituye una condici\u00f3n necesaria para que la econom\u00eda sostenga la reactivaci\u00f3n en marcha\u201d, y que \u201cque para ello deben generarse todos los instrumentos necesarios para que el ingreso de los trabajadores y las trabajadoras crezca en t\u00e9rminos reales\u201d.<\/p>\n\n\n\n<p>Por otra parte, apunta que \u201cen esa inteligencia que corresponde variar sobre uno de los elementos contenidos en el acuerdo arribado entre las partes, anticipando los plazos fijados de modo que ellos acompa\u00f1en el proceso en marcha que puede advertirse\u201d.<\/p>\n\n\n\n<p>Con el nuevo esquema, los tres tramos de aumentos ser\u00e1n de 6% en julio (el que se aplica para calcular el piso salarial de $27.216 vigente), un reajuste de 4% adicional en agosto, que llevar\u00e1 el ingreso m\u00ednimo hasta $28.080 y una \u00faltima suba de 1% en septiembre. Con este \u00faltimo porcentaje el monto alcanzar\u00e1 los $29.160. De esa manera, la suma final ser\u00e1 la misma que en el acuerdo firmado en abril, pero llegar\u00e1 cinco meses antes.<\/p>\n\n\n\n<p>La medida fue adelantada por la conducci\u00f3n de la CGT, que explic\u00f3 en un comunicado que \u201cante el avance sostenido de la inflaci\u00f3n se han realizado gestiones ante el Ministerio de Trabajo, y se ha decidido adelantar la vigencia de los aumentos del Salario M\u00ednimo, Vital y M\u00f3vil\u201d, explic\u00f3 la plana mayor cegetista.<\/p>\n\n\n\n<p>Seg\u00fan coincidieron desde la central obrera y fuentes oficiales consultadas por Infobae, el anticipo de los incrementos para el piso de remuneraciones volver\u00e1 a ponerse en discusi\u00f3n en septiembre.<\/p>\n\n\n\n<p>\u201cEl Salario M\u00ednimo, Vital y M\u00f3vil es la principal referencia para los trabajadores informales e independientes, y su actualizaci\u00f3n est\u00e1 ligada tambi\u00e9n a los haberes jubilatorios y las prestaciones sociales que brinda el Estado\u201d, continu\u00f3 el comunicado cegetista.<\/p>\n\n\n\n<p>\u201cPor todo esto, el adelantamiento de los aumentos del Salario M\u00ednimo es de suma importancia para mantener el poder de adquisitivo y fundamental en la batalla contra la inflaci\u00f3n, que golpea los ingresos de millones de trabajadores y trabajadoras todos los d\u00edas\u201d, cuestion\u00f3 la central gremial.<\/p>\n\n\n\n<p><\/p>\n\n\n\n<p><strong>Fuente: Infobae<\/strong><\/p>\n","protected":false},"excerpt":{"rendered":"<p>La suba del 35% se realizar\u00e1 en tres tramos hasta septiembre. El acuerdo original implicaba siete incrementos que terminaban en febrero de 2022. La decisi\u00f3n ser\u00e1 publicada en un decreto presidencial Ante la aceleraci\u00f3n inflacionaria, el Gobierno decidi\u00f3 acelerar la actualizaci\u00f3n del salario m\u00ednimo, vital y m\u00f3vil y determin\u00f3 que el aumento de 35% que [&hellip;]<\/p>\n","protected":false},"author":2,"featured_media":6624,"comment_status":"open","ping_status":"open","sticky":false,"template":"","format":"standard","meta":{"footnotes":""},"categories":[32],"tags":[],"class_list":["post-6623","post","type-post","status-publish","format-standard","has-post-thumbnail","hentry","category-economia"],"yoast_head":"<!-- This site is optimized with the Yoast SEO plugin v27.5 - https:\/\/yoast.com\/product\/yoast-seo-wordpress\/ -->\n<title>Por la aceleraci\u00f3n de la inflaci\u00f3n, adelantan la suba del salario m\u00ednimo que quedar\u00e1 en 27.216 pesos en julio | CVI NOTICIAS<\/title>\n<meta name=\"robots\" content=\"index, follow, max-snippet:-1, max-image-preview:large, max-video-preview:-1\" \/>\n<link rel=\"canonical\" href=\"https:\/\/cvinoticias.com\/v3\/por-la-aceleracion-de-la-inflacion-adelantan-la-suba-del-salario-minimo-que-quedara-en-27-216-pesos-en-julio\/\" \/>\n<meta property=\"og:locale\" content=\"es_ES\" \/>\n<meta property=\"og:type\" content=\"article\" \/>\n<meta property=\"og:title\" content=\"Por la aceleraci\u00f3n de la inflaci\u00f3n, adelantan la suba del salario m\u00ednimo que quedar\u00e1 en 27.216 pesos en julio | CVI NOTICIAS\" \/>\n<meta property=\"og:description\" content=\"La suba del 35% se realizar\u00e1 en tres tramos hasta septiembre. El acuerdo original implicaba siete incrementos que terminaban en febrero de 2022. La decisi\u00f3n ser\u00e1 publicada en un decreto presidencial Ante la aceleraci\u00f3n inflacionaria, el Gobierno decidi\u00f3 acelerar la actualizaci\u00f3n del salario m\u00ednimo, vital y m\u00f3vil y determin\u00f3 que el aumento de 35% que [&hellip;]\" \/>\n<meta property=\"og:url\" content=\"https:\/\/cvinoticias.com\/v3\/por-la-aceleracion-de-la-inflacion-adelantan-la-suba-del-salario-minimo-que-quedara-en-27-216-pesos-en-julio\/\" \/>\n<meta property=\"og:site_name\" content=\"CVI NOTICIAS\" \/>\n<meta property=\"article:publisher\" content=\"https:\/\/www.facebook.com\/cvinoticias\" \/>\n<meta property=\"article:published_time\" content=\"2021-07-06T10:05:55+00:00\" \/>\n<meta property=\"og:image\" content=\"https:\/\/cvinoticias.com\/wp-content\/uploads\/2021\/07\/aguinaldo.jpg\" \/>\n\t<meta property=\"og:image:width\" content=\"1200\" \/>\n\t<meta property=\"og:image:height\" content=\"675\" \/>\n\t<meta property=\"og:image:type\" content=\"image\/jpeg\" \/>\n<meta name=\"author\" content=\"f1000024\" \/>\n<meta name=\"twitter:card\" content=\"summary_large_image\" \/>\n<meta name=\"twitter:label1\" content=\"Escrito por\" \/>\n\t<meta name=\"twitter:data1\" content=\"f1000024\" \/>\n\t<meta name=\"twitter:label2\" content=\"Tiempo de lectura\" \/>\n\t<meta name=\"twitter:data2\" content=\"3 minutos\" \/>\n<script type=\"application\/ld+json\" class=\"yoast-schema-graph\">{\"@context\":\"https:\\\/\\\/schema.org\",\"@graph\":[{\"@type\":\"Article\",\"@id\":\"https:\\\/\\\/cvinoticias.com\\\/v3\\\/por-la-aceleracion-de-la-inflacion-adelantan-la-suba-del-salario-minimo-que-quedara-en-27-216-pesos-en-julio\\\/#article\",\"isPartOf\":{\"@id\":\"https:\\\/\\\/cvinoticias.com\\\/v3\\\/por-la-aceleracion-de-la-inflacion-adelantan-la-suba-del-salario-minimo-que-quedara-en-27-216-pesos-en-julio\\\/\"},\"author\":{\"name\":\"f1000024\",\"@id\":\"https:\\\/\\\/cvinoticias.com\\\/v3\\\/#\\\/schema\\\/person\\\/2db77e3c6bc03c538495d7b2b8be9b66\"},\"headline\":\"Por la aceleraci\u00f3n de la inflaci\u00f3n, adelantan la suba del salario m\u00ednimo que quedar\u00e1 en 27.216 pesos en julio\",\"datePublished\":\"2021-07-06T10:05:55+00:00\",\"mainEntityOfPage\":{\"@id\":\"https:\\\/\\\/cvinoticias.com\\\/v3\\\/por-la-aceleracion-de-la-inflacion-adelantan-la-suba-del-salario-minimo-que-quedara-en-27-216-pesos-en-julio\\\/\"},\"wordCount\":536,\"commentCount\":1,\"publisher\":{\"@id\":\"https:\\\/\\\/cvinoticias.com\\\/v3\\\/#organization\"},\"image\":{\"@id\":\"https:\\\/\\\/cvinoticias.com\\\/v3\\\/por-la-aceleracion-de-la-inflacion-adelantan-la-suba-del-salario-minimo-que-quedara-en-27-216-pesos-en-julio\\\/#primaryimage\"},\"thumbnailUrl\":\"https:\\\/\\\/cvinoticias.com\\\/wp-content\\\/uploads\\\/2021\\\/07\\\/aguinaldo.jpg\",\"articleSection\":[\"Econom\u00eda\"],\"inLanguage\":\"es\",\"potentialAction\":[{\"@type\":\"CommentAction\",\"name\":\"Comment\",\"target\":[\"https:\\\/\\\/cvinoticias.com\\\/v3\\\/por-la-aceleracion-de-la-inflacion-adelantan-la-suba-del-salario-minimo-que-quedara-en-27-216-pesos-en-julio\\\/#respond\"]}]},{\"@type\":\"WebPage\",\"@id\":\"https:\\\/\\\/cvinoticias.com\\\/v3\\\/por-la-aceleracion-de-la-inflacion-adelantan-la-suba-del-salario-minimo-que-quedara-en-27-216-pesos-en-julio\\\/\",\"url\":\"https:\\\/\\\/cvinoticias.com\\\/v3\\\/por-la-aceleracion-de-la-inflacion-adelantan-la-suba-del-salario-minimo-que-quedara-en-27-216-pesos-en-julio\\\/\",\"name\":\"Por la aceleraci\u00f3n de la inflaci\u00f3n, adelantan la suba del salario m\u00ednimo que quedar\u00e1 en 27.216 pesos en julio | CVI NOTICIAS\",\"isPartOf\":{\"@id\":\"https:\\\/\\\/cvinoticias.com\\\/v3\\\/#website\"},\"primaryImageOfPage\":{\"@id\":\"https:\\\/\\\/cvinoticias.com\\\/v3\\\/por-la-aceleracion-de-la-inflacion-adelantan-la-suba-del-salario-minimo-que-quedara-en-27-216-pesos-en-julio\\\/#primaryimage\"},\"image\":{\"@id\":\"https:\\\/\\\/cvinoticias.com\\\/v3\\\/por-la-aceleracion-de-la-inflacion-adelantan-la-suba-del-salario-minimo-que-quedara-en-27-216-pesos-en-julio\\\/#primaryimage\"},\"thumbnailUrl\":\"https:\\\/\\\/cvinoticias.com\\\/wp-content\\\/uploads\\\/2021\\\/07\\\/aguinaldo.jpg\",\"datePublished\":\"2021-07-06T10:05:55+00:00\",\"breadcrumb\":{\"@id\":\"https:\\\/\\\/cvinoticias.com\\\/v3\\\/por-la-aceleracion-de-la-inflacion-adelantan-la-suba-del-salario-minimo-que-quedara-en-27-216-pesos-en-julio\\\/#breadcrumb\"},\"inLanguage\":\"es\",\"potentialAction\":[{\"@type\":\"ReadAction\",\"target\":[\"https:\\\/\\\/cvinoticias.com\\\/v3\\\/por-la-aceleracion-de-la-inflacion-adelantan-la-suba-del-salario-minimo-que-quedara-en-27-216-pesos-en-julio\\\/\"]}]},{\"@type\":\"ImageObject\",\"inLanguage\":\"es\",\"@id\":\"https:\\\/\\\/cvinoticias.com\\\/v3\\\/por-la-aceleracion-de-la-inflacion-adelantan-la-suba-del-salario-minimo-que-quedara-en-27-216-pesos-en-julio\\\/#primaryimage\",\"url\":\"https:\\\/\\\/cvinoticias.com\\\/wp-content\\\/uploads\\\/2021\\\/07\\\/aguinaldo.jpg\",\"contentUrl\":\"https:\\\/\\\/cvinoticias.com\\\/wp-content\\\/uploads\\\/2021\\\/07\\\/aguinaldo.jpg\",\"width\":1200,\"height\":675},{\"@type\":\"BreadcrumbList\",\"@id\":\"https:\\\/\\\/cvinoticias.com\\\/v3\\\/por-la-aceleracion-de-la-inflacion-adelantan-la-suba-del-salario-minimo-que-quedara-en-27-216-pesos-en-julio\\\/#breadcrumb\",\"itemListElement\":[{\"@type\":\"ListItem\",\"position\":1,\"name\":\"Portada\",\"item\":\"https:\\\/\\\/cvinoticias.com\\\/v3\\\/\"},{\"@type\":\"ListItem\",\"position\":2,\"name\":\"Por la aceleraci\u00f3n de la inflaci\u00f3n, adelantan la suba del salario m\u00ednimo que quedar\u00e1 en 27.216 pesos en julio\"}]},{\"@type\":\"WebSite\",\"@id\":\"https:\\\/\\\/cvinoticias.com\\\/v3\\\/#website\",\"url\":\"https:\\\/\\\/cvinoticias.com\\\/v3\\\/\",\"name\":\"CVI NOTICIAS\",\"description\":\"\",\"publisher\":{\"@id\":\"https:\\\/\\\/cvinoticias.com\\\/v3\\\/#organization\"},\"alternateName\":\"CVI\",\"potentialAction\":[{\"@type\":\"SearchAction\",\"target\":{\"@type\":\"EntryPoint\",\"urlTemplate\":\"https:\\\/\\\/cvinoticias.com\\\/v3\\\/?s={search_term_string}\"},\"query-input\":{\"@type\":\"PropertyValueSpecification\",\"valueRequired\":true,\"valueName\":\"search_term_string\"}}],\"inLanguage\":\"es\"},{\"@type\":\"Organization\",\"@id\":\"https:\\\/\\\/cvinoticias.com\\\/v3\\\/#organization\",\"name\":\"CVI NOTICIAS\",\"url\":\"https:\\\/\\\/cvinoticias.com\\\/v3\\\/\",\"logo\":{\"@type\":\"ImageObject\",\"inLanguage\":\"es\",\"@id\":\"https:\\\/\\\/cvinoticias.com\\\/v3\\\/#\\\/schema\\\/logo\\\/image\\\/\",\"url\":\"https:\\\/\\\/cvinoticias.com\\\/wp-content\\\/uploads\\\/2023\\\/04\\\/cropped-cropped-cropped-cropped-cropped-3-1.png\",\"contentUrl\":\"https:\\\/\\\/cvinoticias.com\\\/wp-content\\\/uploads\\\/2023\\\/04\\\/cropped-cropped-cropped-cropped-cropped-3-1.png\",\"width\":95,\"height\":122,\"caption\":\"CVI NOTICIAS\"},\"image\":{\"@id\":\"https:\\\/\\\/cvinoticias.com\\\/v3\\\/#\\\/schema\\\/logo\\\/image\\\/\"},\"sameAs\":[\"https:\\\/\\\/www.facebook.com\\\/cvinoticias\",\"https:\\\/\\\/www.instagram.com\\\/cvinoticias\\\/\",\"https:\\\/\\\/www.youtube.com\\\/@CVINOTICIAS\"]},{\"@type\":\"Person\",\"@id\":\"https:\\\/\\\/cvinoticias.com\\\/v3\\\/#\\\/schema\\\/person\\\/2db77e3c6bc03c538495d7b2b8be9b66\",\"name\":\"f1000024\",\"image\":{\"@type\":\"ImageObject\",\"inLanguage\":\"es\",\"@id\":\"https:\\\/\\\/secure.gravatar.com\\\/avatar\\\/d4fe7459cfc51ff5129ce1a732bbef5928568b8092d412ef95611616376bbeed?s=96&d=mm&r=g\",\"url\":\"https:\\\/\\\/secure.gravatar.com\\\/avatar\\\/d4fe7459cfc51ff5129ce1a732bbef5928568b8092d412ef95611616376bbeed?s=96&d=mm&r=g\",\"contentUrl\":\"https:\\\/\\\/secure.gravatar.com\\\/avatar\\\/d4fe7459cfc51ff5129ce1a732bbef5928568b8092d412ef95611616376bbeed?s=96&d=mm&r=g\",\"caption\":\"f1000024\"},\"url\":\"https:\\\/\\\/cvinoticias.com\\\/v3\\\/author\\\/f1000024\\\/\"}]}<\/script>\n<!-- \/ Yoast SEO plugin. -->","yoast_head_json":{"title":"Por la aceleraci\u00f3n de la inflaci\u00f3n, adelantan la suba del salario m\u00ednimo que quedar\u00e1 en 27.216 pesos en julio | CVI NOTICIAS","robots":{"index":"index","follow":"follow","max-snippet":"max-snippet:-1","max-image-preview":"max-image-preview:large","max-video-preview":"max-video-preview:-1"},"canonical":"https:\/\/cvinoticias.com\/v3\/por-la-aceleracion-de-la-inflacion-adelantan-la-suba-del-salario-minimo-que-quedara-en-27-216-pesos-en-julio\/","og_locale":"es_ES","og_type":"article","og_title":"Por la aceleraci\u00f3n de la inflaci\u00f3n, adelantan la suba del salario m\u00ednimo que quedar\u00e1 en 27.216 pesos en julio | CVI NOTICIAS","og_description":"La suba del 35% se realizar\u00e1 en tres tramos hasta septiembre. El acuerdo original implicaba siete incrementos que terminaban en febrero de 2022. La decisi\u00f3n ser\u00e1 publicada en un decreto presidencial Ante la aceleraci\u00f3n inflacionaria, el Gobierno decidi\u00f3 acelerar la actualizaci\u00f3n del salario m\u00ednimo, vital y m\u00f3vil y determin\u00f3 que el aumento de 35% que [&hellip;]","og_url":"https:\/\/cvinoticias.com\/v3\/por-la-aceleracion-de-la-inflacion-adelantan-la-suba-del-salario-minimo-que-quedara-en-27-216-pesos-en-julio\/","og_site_name":"CVI NOTICIAS","article_publisher":"https:\/\/www.facebook.com\/cvinoticias","article_published_time":"2021-07-06T10:05:55+00:00","og_image":[{"width":1200,"height":675,"url":"https:\/\/cvinoticias.com\/wp-content\/uploads\/2021\/07\/aguinaldo.jpg","type":"image\/jpeg"}],"author":"f1000024","twitter_card":"summary_large_image","twitter_misc":{"Escrito por":"f1000024","Tiempo de lectura":"3 minutos"},"schema":{"@context":"https:\/\/schema.org","@graph":[{"@type":"Article","@id":"https:\/\/cvinoticias.com\/v3\/por-la-aceleracion-de-la-inflacion-adelantan-la-suba-del-salario-minimo-que-quedara-en-27-216-pesos-en-julio\/#article","isPartOf":{"@id":"https:\/\/cvinoticias.com\/v3\/por-la-aceleracion-de-la-inflacion-adelantan-la-suba-del-salario-minimo-que-quedara-en-27-216-pesos-en-julio\/"},"author":{"name":"f1000024","@id":"https:\/\/cvinoticias.com\/v3\/#\/schema\/person\/2db77e3c6bc03c538495d7b2b8be9b66"},"headline":"Por la aceleraci\u00f3n de la inflaci\u00f3n, adelantan la suba del salario m\u00ednimo que quedar\u00e1 en 27.216 pesos en julio","datePublished":"2021-07-06T10:05:55+00:00","mainEntityOfPage":{"@id":"https:\/\/cvinoticias.com\/v3\/por-la-aceleracion-de-la-inflacion-adelantan-la-suba-del-salario-minimo-que-quedara-en-27-216-pesos-en-julio\/"},"wordCount":536,"commentCount":1,"publisher":{"@id":"https:\/\/cvinoticias.com\/v3\/#organization"},"image":{"@id":"https:\/\/cvinoticias.com\/v3\/por-la-aceleracion-de-la-inflacion-adelantan-la-suba-del-salario-minimo-que-quedara-en-27-216-pesos-en-julio\/#primaryimage"},"thumbnailUrl":"https:\/\/cvinoticias.com\/wp-content\/uploads\/2021\/07\/aguinaldo.jpg","articleSection":["Econom\u00eda"],"inLanguage":"es","potentialAction":[{"@type":"CommentAction","name":"Comment","target":["https:\/\/cvinoticias.com\/v3\/por-la-aceleracion-de-la-inflacion-adelantan-la-suba-del-salario-minimo-que-quedara-en-27-216-pesos-en-julio\/#respond"]}]},{"@type":"WebPage","@id":"https:\/\/cvinoticias.com\/v3\/por-la-aceleracion-de-la-inflacion-adelantan-la-suba-del-salario-minimo-que-quedara-en-27-216-pesos-en-julio\/","url":"https:\/\/cvinoticias.com\/v3\/por-la-aceleracion-de-la-inflacion-adelantan-la-suba-del-salario-minimo-que-quedara-en-27-216-pesos-en-julio\/","name":"Por la aceleraci\u00f3n de la inflaci\u00f3n, adelantan la suba del salario m\u00ednimo que quedar\u00e1 en 27.216 pesos en julio | CVI NOTICIAS","isPartOf":{"@id":"https:\/\/cvinoticias.com\/v3\/#website"},"primaryImageOfPage":{"@id":"https:\/\/cvinoticias.com\/v3\/por-la-aceleracion-de-la-inflacion-adelantan-la-suba-del-salario-minimo-que-quedara-en-27-216-pesos-en-julio\/#primaryimage"},"image":{"@id":"https:\/\/cvinoticias.com\/v3\/por-la-aceleracion-de-la-inflacion-adelantan-la-suba-del-salario-minimo-que-quedara-en-27-216-pesos-en-julio\/#primaryimage"},"thumbnailUrl":"https:\/\/cvinoticias.com\/wp-content\/uploads\/2021\/07\/aguinaldo.jpg","datePublished":"2021-07-06T10:05:55+00:00","breadcrumb":{"@id":"https:\/\/cvinoticias.com\/v3\/por-la-aceleracion-de-la-inflacion-adelantan-la-suba-del-salario-minimo-que-quedara-en-27-216-pesos-en-julio\/#breadcrumb"},"inLanguage":"es","potentialAction":[{"@type":"ReadAction","target":["https:\/\/cvinoticias.com\/v3\/por-la-aceleracion-de-la-inflacion-adelantan-la-suba-del-salario-minimo-que-quedara-en-27-216-pesos-en-julio\/"]}]},{"@type":"ImageObject","inLanguage":"es","@id":"https:\/\/cvinoticias.com\/v3\/por-la-aceleracion-de-la-inflacion-adelantan-la-suba-del-salario-minimo-que-quedara-en-27-216-pesos-en-julio\/#primaryimage","url":"https:\/\/cvinoticias.com\/wp-content\/uploads\/2021\/07\/aguinaldo.jpg","contentUrl":"https:\/\/cvinoticias.com\/wp-content\/uploads\/2021\/07\/aguinaldo.jpg","width":1200,"height":675},{"@type":"BreadcrumbList","@id":"https:\/\/cvinoticias.com\/v3\/por-la-aceleracion-de-la-inflacion-adelantan-la-suba-del-salario-minimo-que-quedara-en-27-216-pesos-en-julio\/#breadcrumb","itemListElement":[{"@type":"ListItem","position":1,"name":"Portada","item":"https:\/\/cvinoticias.com\/v3\/"},{"@type":"ListItem","position":2,"name":"Por la aceleraci\u00f3n de la inflaci\u00f3n, adelantan la suba del salario m\u00ednimo que quedar\u00e1 en 27.216 pesos en julio"}]},{"@type":"WebSite","@id":"https:\/\/cvinoticias.com\/v3\/#website","url":"https:\/\/cvinoticias.com\/v3\/","name":"CVI NOTICIAS","description":"","publisher":{"@id":"https:\/\/cvinoticias.com\/v3\/#organization"},"alternateName":"CVI","potentialAction":[{"@type":"SearchAction","target":{"@type":"EntryPoint","urlTemplate":"https:\/\/cvinoticias.com\/v3\/?s={search_term_string}"},"query-input":{"@type":"PropertyValueSpecification","valueRequired":true,"valueName":"search_term_string"}}],"inLanguage":"es"},{"@type":"Organization","@id":"https:\/\/cvinoticias.com\/v3\/#organization","name":"CVI NOTICIAS","url":"https:\/\/cvinoticias.com\/v3\/","logo":{"@type":"ImageObject","inLanguage":"es","@id":"https:\/\/cvinoticias.com\/v3\/#\/schema\/logo\/image\/","url":"https:\/\/cvinoticias.com\/wp-content\/uploads\/2023\/04\/cropped-cropped-cropped-cropped-cropped-3-1.png","contentUrl":"https:\/\/cvinoticias.com\/wp-content\/uploads\/2023\/04\/cropped-cropped-cropped-cropped-cropped-3-1.png","width":95,"height":122,"caption":"CVI NOTICIAS"},"image":{"@id":"https:\/\/cvinoticias.com\/v3\/#\/schema\/logo\/image\/"},"sameAs":["https:\/\/www.facebook.com\/cvinoticias","https:\/\/www.instagram.com\/cvinoticias\/","https:\/\/www.youtube.com\/@CVINOTICIAS"]},{"@type":"Person","@id":"https:\/\/cvinoticias.com\/v3\/#\/schema\/person\/2db77e3c6bc03c538495d7b2b8be9b66","name":"f1000024","image":{"@type":"ImageObject","inLanguage":"es","@id":"https:\/\/secure.gravatar.com\/avatar\/d4fe7459cfc51ff5129ce1a732bbef5928568b8092d412ef95611616376bbeed?s=96&d=mm&r=g","url":"https:\/\/secure.gravatar.com\/avatar\/d4fe7459cfc51ff5129ce1a732bbef5928568b8092d412ef95611616376bbeed?s=96&d=mm&r=g","contentUrl":"https:\/\/secure.gravatar.com\/avatar\/d4fe7459cfc51ff5129ce1a732bbef5928568b8092d412ef95611616376bbeed?s=96&d=mm&r=g","caption":"f1000024"},"url":"https:\/\/cvinoticias.com\/v3\/author\/f1000024\/"}]}},"_links":{"self":[{"href":"https:\/\/cvinoticias.com\/v3\/wp-json\/wp\/v2\/posts\/6623","targetHints":{"allow":["GET"]}}],"collection":[{"href":"https:\/\/cvinoticias.com\/v3\/wp-json\/wp\/v2\/posts"}],"about":[{"href":"https:\/\/cvinoticias.com\/v3\/wp-json\/wp\/v2\/types\/post"}],"author":[{"embeddable":true,"href":"https:\/\/cvinoticias.com\/v3\/wp-json\/wp\/v2\/users\/2"}],"replies":[{"embeddable":true,"href":"https:\/\/cvinoticias.com\/v3\/wp-json\/wp\/v2\/comments?post=6623"}],"version-history":[{"count":1,"href":"https:\/\/cvinoticias.com\/v3\/wp-json\/wp\/v2\/posts\/6623\/revisions"}],"predecessor-version":[{"id":6625,"href":"https:\/\/cvinoticias.com\/v3\/wp-json\/wp\/v2\/posts\/6623\/revisions\/6625"}],"wp:featuredmedia":[{"embeddable":true,"href":"https:\/\/cvinoticias.com\/v3\/wp-json\/wp\/v2\/media\/6624"}],"wp:attachment":[{"href":"https:\/\/cvinoticias.com\/v3\/wp-json\/wp\/v2\/media?parent=6623"}],"wp:term":[{"taxonomy":"category","embeddable":true,"href":"https:\/\/cvinoticias.com\/v3\/wp-json\/wp\/v2\/categories?post=6623"},{"taxonomy":"post_tag","embeddable":true,"href":"https:\/\/cvinoticias.com\/v3\/wp-json\/wp\/v2\/tags?post=6623"}],"curies":[{"name":"wp","href":"https:\/\/api.w.org\/{rel}","templated":true}]}}