{"id":6617,"date":"2021-07-06T09:47:31","date_gmt":"2021-07-06T09:47:31","guid":{"rendered":"https:\/\/cvinoticias.com\/v3\/?p=6617"},"modified":"2021-07-06T09:47:31","modified_gmt":"2021-07-06T09:47:31","slug":"desafio-exportador-inscriben-a-empresas-y-cooperativas-en-el-programa-de-asistencia-federal-2021","status":"publish","type":"post","link":"https:\/\/cvinoticias.com\/v3\/desafio-exportador-inscriben-a-empresas-y-cooperativas-en-el-programa-de-asistencia-federal-2021\/","title":{"rendered":"Desaf\u00edo exportador: Inscriben a empresas y cooperativas en el programa de Asistencia Federal 2021"},"content":{"rendered":"\n<p><strong><em>El Ministerio de Acci\u00f3n Cooperativa, Mutual, Comercio e Integraci\u00f3n que administra Karina Aguirre, convoca a PyMEs y cooperativas a inscribirse a la nueva edici\u00f3n de Desaf\u00edo Exportador del Programa de Asistencia T\u00e9cnica que organiza la Agencia Argentina de Inversiones y Comercio Internacional (AAICI) y se coordina en la provincia a trav\u00e9s de la Direcci\u00f3n General de Comercio e Integraci\u00f3n.<\/em><\/strong><\/p>\n\n\n\n<p>El Programa federal fue desarrollado para apoyar el proceso exportador e incorporar al comercio internacional nuevos actores y productos. Posee cuatro l\u00edneas de asistencia, las cuales se implementar\u00e1n de acuerdo al perfil y la necesidad de cada una de las empresas que se incorporen.<\/p>\n\n\n\n<p>Se inicia con un diagn\u00f3stico, el cual revelar\u00e1 las instancias en las que se encuentre cada empresa, y la elaboraci\u00f3n de un plan de acci\u00f3n para la asistencia de cada una de ellas.<\/p>\n\n\n\n<p>El plan de acci\u00f3n que prev\u00e9 el programa consiste en:<\/p>\n\n\n\n<p>\u00b7 Asistencia inicial, pensado para empresas en etapa embrionaria de exportaci\u00f3n y busca crear las bases para encarar procesos de exportaci\u00f3n<\/p>\n\n\n\n<p>\u00b7 Asistencia en confecci\u00f3n del plan de exportaci\u00f3n.<\/p>\n\n\n\n<p>\u00b7 Asistencia en promoci\u00f3n internacional.<\/p>\n\n\n\n<p>\u00b7 Desarrollo de proyectos especiales.<\/p>\n\n\n\n<p>Las empresas y cooperativas interesadas en participar del Programa Desaf\u00edo Exportador 2021 pueden acceder al &nbsp;<a href=\"http:\/\/formulario%20de%20registro\/\">Formulario de registro<\/a>&nbsp; en<a href=\"https:\/\/www.inversionycomercio.org.ar\/pfat\/form.php\">https:\/\/www.inversionycomercio.org.ar\/pfat\/form.php<\/a><\/p>\n\n\n\n<p>Una vez inscriptas se trabajar\u00e1 en la selecci\u00f3n de empresa y designaci\u00f3n del Asesor T\u00e9cnico.<\/p>\n\n\n\n<p><strong>Comercio Exterior<\/strong><\/p>\n\n\n\n<p>Para asesoramiento e informaci\u00f3n gratuita sobre comercio internacional, el Ministerio de Acci\u00f3n Cooperativa, MCI a trav\u00e9s de la Subsecretar\u00eda de Comercio e Integraci\u00f3n, habilit\u00f3 el correo electr\u00f3nico<a href=\"http:\/\/misionesopina.com.ar\/portal\/2021\/07\/05\/desafio-exportador-inscriben-a-empresas-y-cooperativas-en-el-programa-de-asistencia-federal-2021\/dicomext@misiones.gov.ar\">dicomext@misiones.gov.ar<\/a>&nbsp; y los tel\u00e9fonos (0376) 4447511 \u2013 4447624 de la Direcci\u00f3n General de Comercio Exterior a cargo de Mar\u00eda Martha Oria<\/p>\n","protected":false},"excerpt":{"rendered":"<p>El Ministerio de Acci\u00f3n Cooperativa, Mutual, Comercio e Integraci\u00f3n que administra Karina Aguirre, convoca a PyMEs y cooperativas a inscribirse a la nueva edici\u00f3n de Desaf\u00edo Exportador del Programa de Asistencia T\u00e9cnica que organiza la Agencia Argentina de Inversiones y Comercio Internacional (AAICI) y se coordina en la provincia a trav\u00e9s de la Direcci\u00f3n General [&hellip;]<\/p>\n","protected":false},"author":2,"featured_media":6618,"comment_status":"open","ping_status":"open","sticky":false,"template":"","format":"standard","meta":{"footnotes":""},"categories":[35],"tags":[],"class_list":["post-6617","post","type-post","status-publish","format-standard","has-post-thumbnail","hentry","category-informacion-general"],"yoast_head":"<!-- This site is optimized with the Yoast SEO plugin v27.4 - https:\/\/yoast.com\/product\/yoast-seo-wordpress\/ -->\n<title>Desaf\u00edo exportador: Inscriben a empresas y cooperativas en el programa de Asistencia Federal 2021 | CVI NOTICIAS<\/title>\n<meta name=\"robots\" content=\"index, follow, max-snippet:-1, max-image-preview:large, max-video-preview:-1\" \/>\n<link rel=\"canonical\" href=\"https:\/\/cvinoticias.com\/v3\/desafio-exportador-inscriben-a-empresas-y-cooperativas-en-el-programa-de-asistencia-federal-2021\/\" \/>\n<meta property=\"og:locale\" content=\"es_ES\" \/>\n<meta property=\"og:type\" content=\"article\" \/>\n<meta property=\"og:title\" content=\"Desaf\u00edo exportador: Inscriben a empresas y cooperativas en el programa de Asistencia Federal 2021 | CVI NOTICIAS\" \/>\n<meta property=\"og:description\" content=\"El Ministerio de Acci\u00f3n Cooperativa, Mutual, Comercio e Integraci\u00f3n que administra Karina Aguirre, convoca a PyMEs y cooperativas a inscribirse a la nueva edici\u00f3n de Desaf\u00edo Exportador del Programa de Asistencia T\u00e9cnica que organiza la Agencia Argentina de Inversiones y Comercio Internacional (AAICI) y se coordina en la provincia a trav\u00e9s de la Direcci\u00f3n General [&hellip;]\" \/>\n<meta property=\"og:url\" content=\"https:\/\/cvinoticias.com\/v3\/desafio-exportador-inscriben-a-empresas-y-cooperativas-en-el-programa-de-asistencia-federal-2021\/\" \/>\n<meta property=\"og:site_name\" content=\"CVI NOTICIAS\" \/>\n<meta property=\"article:publisher\" content=\"https:\/\/www.facebook.com\/cvinoticias\" \/>\n<meta property=\"article:published_time\" content=\"2021-07-06T09:47:31+00:00\" \/>\n<meta property=\"og:image\" content=\"https:\/\/cvinoticias.com\/wp-content\/uploads\/2021\/07\/Screenshot_20210706-064645_Facebook.jpg\" \/>\n\t<meta property=\"og:image:width\" content=\"956\" \/>\n\t<meta property=\"og:image:height\" content=\"518\" \/>\n\t<meta property=\"og:image:type\" content=\"image\/jpeg\" \/>\n<meta name=\"author\" content=\"f1000024\" \/>\n<meta name=\"twitter:card\" content=\"summary_large_image\" \/>\n<meta name=\"twitter:label1\" content=\"Escrito por\" \/>\n\t<meta name=\"twitter:data1\" content=\"f1000024\" \/>\n\t<meta name=\"twitter:label2\" content=\"Tiempo de lectura\" \/>\n\t<meta name=\"twitter:data2\" content=\"2 minutos\" \/>\n<script type=\"application\/ld+json\" class=\"yoast-schema-graph\">{\"@context\":\"https:\\\/\\\/schema.org\",\"@graph\":[{\"@type\":\"Article\",\"@id\":\"https:\\\/\\\/cvinoticias.com\\\/v3\\\/desafio-exportador-inscriben-a-empresas-y-cooperativas-en-el-programa-de-asistencia-federal-2021\\\/#article\",\"isPartOf\":{\"@id\":\"https:\\\/\\\/cvinoticias.com\\\/v3\\\/desafio-exportador-inscriben-a-empresas-y-cooperativas-en-el-programa-de-asistencia-federal-2021\\\/\"},\"author\":{\"name\":\"f1000024\",\"@id\":\"https:\\\/\\\/cvinoticias.com\\\/v3\\\/#\\\/schema\\\/person\\\/2db77e3c6bc03c538495d7b2b8be9b66\"},\"headline\":\"Desaf\u00edo exportador: Inscriben a empresas y cooperativas en el programa de Asistencia Federal 2021\",\"datePublished\":\"2021-07-06T09:47:31+00:00\",\"mainEntityOfPage\":{\"@id\":\"https:\\\/\\\/cvinoticias.com\\\/v3\\\/desafio-exportador-inscriben-a-empresas-y-cooperativas-en-el-programa-de-asistencia-federal-2021\\\/\"},\"wordCount\":318,\"commentCount\":0,\"publisher\":{\"@id\":\"https:\\\/\\\/cvinoticias.com\\\/v3\\\/#organization\"},\"image\":{\"@id\":\"https:\\\/\\\/cvinoticias.com\\\/v3\\\/desafio-exportador-inscriben-a-empresas-y-cooperativas-en-el-programa-de-asistencia-federal-2021\\\/#primaryimage\"},\"thumbnailUrl\":\"https:\\\/\\\/cvinoticias.com\\\/wp-content\\\/uploads\\\/2021\\\/07\\\/Screenshot_20210706-064645_Facebook.jpg\",\"articleSection\":[\"Informaci\u00f3n General\"],\"inLanguage\":\"es\",\"potentialAction\":[{\"@type\":\"CommentAction\",\"name\":\"Comment\",\"target\":[\"https:\\\/\\\/cvinoticias.com\\\/v3\\\/desafio-exportador-inscriben-a-empresas-y-cooperativas-en-el-programa-de-asistencia-federal-2021\\\/#respond\"]}]},{\"@type\":\"WebPage\",\"@id\":\"https:\\\/\\\/cvinoticias.com\\\/v3\\\/desafio-exportador-inscriben-a-empresas-y-cooperativas-en-el-programa-de-asistencia-federal-2021\\\/\",\"url\":\"https:\\\/\\\/cvinoticias.com\\\/v3\\\/desafio-exportador-inscriben-a-empresas-y-cooperativas-en-el-programa-de-asistencia-federal-2021\\\/\",\"name\":\"Desaf\u00edo exportador: Inscriben a empresas y cooperativas en el programa de Asistencia Federal 2021 | CVI NOTICIAS\",\"isPartOf\":{\"@id\":\"https:\\\/\\\/cvinoticias.com\\\/v3\\\/#website\"},\"primaryImageOfPage\":{\"@id\":\"https:\\\/\\\/cvinoticias.com\\\/v3\\\/desafio-exportador-inscriben-a-empresas-y-cooperativas-en-el-programa-de-asistencia-federal-2021\\\/#primaryimage\"},\"image\":{\"@id\":\"https:\\\/\\\/cvinoticias.com\\\/v3\\\/desafio-exportador-inscriben-a-empresas-y-cooperativas-en-el-programa-de-asistencia-federal-2021\\\/#primaryimage\"},\"thumbnailUrl\":\"https:\\\/\\\/cvinoticias.com\\\/wp-content\\\/uploads\\\/2021\\\/07\\\/Screenshot_20210706-064645_Facebook.jpg\",\"datePublished\":\"2021-07-06T09:47:31+00:00\",\"breadcrumb\":{\"@id\":\"https:\\\/\\\/cvinoticias.com\\\/v3\\\/desafio-exportador-inscriben-a-empresas-y-cooperativas-en-el-programa-de-asistencia-federal-2021\\\/#breadcrumb\"},\"inLanguage\":\"es\",\"potentialAction\":[{\"@type\":\"ReadAction\",\"target\":[\"https:\\\/\\\/cvinoticias.com\\\/v3\\\/desafio-exportador-inscriben-a-empresas-y-cooperativas-en-el-programa-de-asistencia-federal-2021\\\/\"]}]},{\"@type\":\"ImageObject\",\"inLanguage\":\"es\",\"@id\":\"https:\\\/\\\/cvinoticias.com\\\/v3\\\/desafio-exportador-inscriben-a-empresas-y-cooperativas-en-el-programa-de-asistencia-federal-2021\\\/#primaryimage\",\"url\":\"https:\\\/\\\/cvinoticias.com\\\/wp-content\\\/uploads\\\/2021\\\/07\\\/Screenshot_20210706-064645_Facebook.jpg\",\"contentUrl\":\"https:\\\/\\\/cvinoticias.com\\\/wp-content\\\/uploads\\\/2021\\\/07\\\/Screenshot_20210706-064645_Facebook.jpg\",\"width\":956,\"height\":518},{\"@type\":\"BreadcrumbList\",\"@id\":\"https:\\\/\\\/cvinoticias.com\\\/v3\\\/desafio-exportador-inscriben-a-empresas-y-cooperativas-en-el-programa-de-asistencia-federal-2021\\\/#breadcrumb\",\"itemListElement\":[{\"@type\":\"ListItem\",\"position\":1,\"name\":\"Portada\",\"item\":\"https:\\\/\\\/cvinoticias.com\\\/v3\\\/\"},{\"@type\":\"ListItem\",\"position\":2,\"name\":\"Desaf\u00edo exportador: Inscriben a empresas y cooperativas en el programa de Asistencia Federal 2021\"}]},{\"@type\":\"WebSite\",\"@id\":\"https:\\\/\\\/cvinoticias.com\\\/v3\\\/#website\",\"url\":\"https:\\\/\\\/cvinoticias.com\\\/v3\\\/\",\"name\":\"CVI NOTICIAS\",\"description\":\"\",\"publisher\":{\"@id\":\"https:\\\/\\\/cvinoticias.com\\\/v3\\\/#organization\"},\"alternateName\":\"CVI\",\"potentialAction\":[{\"@type\":\"SearchAction\",\"target\":{\"@type\":\"EntryPoint\",\"urlTemplate\":\"https:\\\/\\\/cvinoticias.com\\\/v3\\\/?s={search_term_string}\"},\"query-input\":{\"@type\":\"PropertyValueSpecification\",\"valueRequired\":true,\"valueName\":\"search_term_string\"}}],\"inLanguage\":\"es\"},{\"@type\":\"Organization\",\"@id\":\"https:\\\/\\\/cvinoticias.com\\\/v3\\\/#organization\",\"name\":\"CVI NOTICIAS\",\"url\":\"https:\\\/\\\/cvinoticias.com\\\/v3\\\/\",\"logo\":{\"@type\":\"ImageObject\",\"inLanguage\":\"es\",\"@id\":\"https:\\\/\\\/cvinoticias.com\\\/v3\\\/#\\\/schema\\\/logo\\\/image\\\/\",\"url\":\"https:\\\/\\\/cvinoticias.com\\\/wp-content\\\/uploads\\\/2023\\\/04\\\/cropped-cropped-cropped-cropped-cropped-3-1.png\",\"contentUrl\":\"https:\\\/\\\/cvinoticias.com\\\/wp-content\\\/uploads\\\/2023\\\/04\\\/cropped-cropped-cropped-cropped-cropped-3-1.png\",\"width\":95,\"height\":122,\"caption\":\"CVI NOTICIAS\"},\"image\":{\"@id\":\"https:\\\/\\\/cvinoticias.com\\\/v3\\\/#\\\/schema\\\/logo\\\/image\\\/\"},\"sameAs\":[\"https:\\\/\\\/www.facebook.com\\\/cvinoticias\",\"https:\\\/\\\/www.instagram.com\\\/cvinoticias\\\/\",\"https:\\\/\\\/www.youtube.com\\\/@CVINOTICIAS\"]},{\"@type\":\"Person\",\"@id\":\"https:\\\/\\\/cvinoticias.com\\\/v3\\\/#\\\/schema\\\/person\\\/2db77e3c6bc03c538495d7b2b8be9b66\",\"name\":\"f1000024\",\"image\":{\"@type\":\"ImageObject\",\"inLanguage\":\"es\",\"@id\":\"https:\\\/\\\/secure.gravatar.com\\\/avatar\\\/d4fe7459cfc51ff5129ce1a732bbef5928568b8092d412ef95611616376bbeed?s=96&d=mm&r=g\",\"url\":\"https:\\\/\\\/secure.gravatar.com\\\/avatar\\\/d4fe7459cfc51ff5129ce1a732bbef5928568b8092d412ef95611616376bbeed?s=96&d=mm&r=g\",\"contentUrl\":\"https:\\\/\\\/secure.gravatar.com\\\/avatar\\\/d4fe7459cfc51ff5129ce1a732bbef5928568b8092d412ef95611616376bbeed?s=96&d=mm&r=g\",\"caption\":\"f1000024\"},\"url\":\"https:\\\/\\\/cvinoticias.com\\\/v3\\\/author\\\/f1000024\\\/\"}]}<\/script>\n<!-- \/ Yoast SEO plugin. -->","yoast_head_json":{"title":"Desaf\u00edo exportador: Inscriben a empresas y cooperativas en el programa de Asistencia Federal 2021 | CVI NOTICIAS","robots":{"index":"index","follow":"follow","max-snippet":"max-snippet:-1","max-image-preview":"max-image-preview:large","max-video-preview":"max-video-preview:-1"},"canonical":"https:\/\/cvinoticias.com\/v3\/desafio-exportador-inscriben-a-empresas-y-cooperativas-en-el-programa-de-asistencia-federal-2021\/","og_locale":"es_ES","og_type":"article","og_title":"Desaf\u00edo exportador: Inscriben a empresas y cooperativas en el programa de Asistencia Federal 2021 | CVI NOTICIAS","og_description":"El Ministerio de Acci\u00f3n Cooperativa, Mutual, Comercio e Integraci\u00f3n que administra Karina Aguirre, convoca a PyMEs y cooperativas a inscribirse a la nueva edici\u00f3n de Desaf\u00edo Exportador del Programa de Asistencia T\u00e9cnica que organiza la Agencia Argentina de Inversiones y Comercio Internacional (AAICI) y se coordina en la provincia a trav\u00e9s de la Direcci\u00f3n General [&hellip;]","og_url":"https:\/\/cvinoticias.com\/v3\/desafio-exportador-inscriben-a-empresas-y-cooperativas-en-el-programa-de-asistencia-federal-2021\/","og_site_name":"CVI NOTICIAS","article_publisher":"https:\/\/www.facebook.com\/cvinoticias","article_published_time":"2021-07-06T09:47:31+00:00","og_image":[{"width":956,"height":518,"url":"https:\/\/cvinoticias.com\/wp-content\/uploads\/2021\/07\/Screenshot_20210706-064645_Facebook.jpg","type":"image\/jpeg"}],"author":"f1000024","twitter_card":"summary_large_image","twitter_misc":{"Escrito por":"f1000024","Tiempo de lectura":"2 minutos"},"schema":{"@context":"https:\/\/schema.org","@graph":[{"@type":"Article","@id":"https:\/\/cvinoticias.com\/v3\/desafio-exportador-inscriben-a-empresas-y-cooperativas-en-el-programa-de-asistencia-federal-2021\/#article","isPartOf":{"@id":"https:\/\/cvinoticias.com\/v3\/desafio-exportador-inscriben-a-empresas-y-cooperativas-en-el-programa-de-asistencia-federal-2021\/"},"author":{"name":"f1000024","@id":"https:\/\/cvinoticias.com\/v3\/#\/schema\/person\/2db77e3c6bc03c538495d7b2b8be9b66"},"headline":"Desaf\u00edo exportador: Inscriben a empresas y cooperativas en el programa de Asistencia Federal 2021","datePublished":"2021-07-06T09:47:31+00:00","mainEntityOfPage":{"@id":"https:\/\/cvinoticias.com\/v3\/desafio-exportador-inscriben-a-empresas-y-cooperativas-en-el-programa-de-asistencia-federal-2021\/"},"wordCount":318,"commentCount":0,"publisher":{"@id":"https:\/\/cvinoticias.com\/v3\/#organization"},"image":{"@id":"https:\/\/cvinoticias.com\/v3\/desafio-exportador-inscriben-a-empresas-y-cooperativas-en-el-programa-de-asistencia-federal-2021\/#primaryimage"},"thumbnailUrl":"https:\/\/cvinoticias.com\/wp-content\/uploads\/2021\/07\/Screenshot_20210706-064645_Facebook.jpg","articleSection":["Informaci\u00f3n General"],"inLanguage":"es","potentialAction":[{"@type":"CommentAction","name":"Comment","target":["https:\/\/cvinoticias.com\/v3\/desafio-exportador-inscriben-a-empresas-y-cooperativas-en-el-programa-de-asistencia-federal-2021\/#respond"]}]},{"@type":"WebPage","@id":"https:\/\/cvinoticias.com\/v3\/desafio-exportador-inscriben-a-empresas-y-cooperativas-en-el-programa-de-asistencia-federal-2021\/","url":"https:\/\/cvinoticias.com\/v3\/desafio-exportador-inscriben-a-empresas-y-cooperativas-en-el-programa-de-asistencia-federal-2021\/","name":"Desaf\u00edo exportador: Inscriben a empresas y cooperativas en el programa de Asistencia Federal 2021 | CVI NOTICIAS","isPartOf":{"@id":"https:\/\/cvinoticias.com\/v3\/#website"},"primaryImageOfPage":{"@id":"https:\/\/cvinoticias.com\/v3\/desafio-exportador-inscriben-a-empresas-y-cooperativas-en-el-programa-de-asistencia-federal-2021\/#primaryimage"},"image":{"@id":"https:\/\/cvinoticias.com\/v3\/desafio-exportador-inscriben-a-empresas-y-cooperativas-en-el-programa-de-asistencia-federal-2021\/#primaryimage"},"thumbnailUrl":"https:\/\/cvinoticias.com\/wp-content\/uploads\/2021\/07\/Screenshot_20210706-064645_Facebook.jpg","datePublished":"2021-07-06T09:47:31+00:00","breadcrumb":{"@id":"https:\/\/cvinoticias.com\/v3\/desafio-exportador-inscriben-a-empresas-y-cooperativas-en-el-programa-de-asistencia-federal-2021\/#breadcrumb"},"inLanguage":"es","potentialAction":[{"@type":"ReadAction","target":["https:\/\/cvinoticias.com\/v3\/desafio-exportador-inscriben-a-empresas-y-cooperativas-en-el-programa-de-asistencia-federal-2021\/"]}]},{"@type":"ImageObject","inLanguage":"es","@id":"https:\/\/cvinoticias.com\/v3\/desafio-exportador-inscriben-a-empresas-y-cooperativas-en-el-programa-de-asistencia-federal-2021\/#primaryimage","url":"https:\/\/cvinoticias.com\/wp-content\/uploads\/2021\/07\/Screenshot_20210706-064645_Facebook.jpg","contentUrl":"https:\/\/cvinoticias.com\/wp-content\/uploads\/2021\/07\/Screenshot_20210706-064645_Facebook.jpg","width":956,"height":518},{"@type":"BreadcrumbList","@id":"https:\/\/cvinoticias.com\/v3\/desafio-exportador-inscriben-a-empresas-y-cooperativas-en-el-programa-de-asistencia-federal-2021\/#breadcrumb","itemListElement":[{"@type":"ListItem","position":1,"name":"Portada","item":"https:\/\/cvinoticias.com\/v3\/"},{"@type":"ListItem","position":2,"name":"Desaf\u00edo exportador: Inscriben a empresas y cooperativas en el programa de Asistencia Federal 2021"}]},{"@type":"WebSite","@id":"https:\/\/cvinoticias.com\/v3\/#website","url":"https:\/\/cvinoticias.com\/v3\/","name":"CVI NOTICIAS","description":"","publisher":{"@id":"https:\/\/cvinoticias.com\/v3\/#organization"},"alternateName":"CVI","potentialAction":[{"@type":"SearchAction","target":{"@type":"EntryPoint","urlTemplate":"https:\/\/cvinoticias.com\/v3\/?s={search_term_string}"},"query-input":{"@type":"PropertyValueSpecification","valueRequired":true,"valueName":"search_term_string"}}],"inLanguage":"es"},{"@type":"Organization","@id":"https:\/\/cvinoticias.com\/v3\/#organization","name":"CVI NOTICIAS","url":"https:\/\/cvinoticias.com\/v3\/","logo":{"@type":"ImageObject","inLanguage":"es","@id":"https:\/\/cvinoticias.com\/v3\/#\/schema\/logo\/image\/","url":"https:\/\/cvinoticias.com\/wp-content\/uploads\/2023\/04\/cropped-cropped-cropped-cropped-cropped-3-1.png","contentUrl":"https:\/\/cvinoticias.com\/wp-content\/uploads\/2023\/04\/cropped-cropped-cropped-cropped-cropped-3-1.png","width":95,"height":122,"caption":"CVI NOTICIAS"},"image":{"@id":"https:\/\/cvinoticias.com\/v3\/#\/schema\/logo\/image\/"},"sameAs":["https:\/\/www.facebook.com\/cvinoticias","https:\/\/www.instagram.com\/cvinoticias\/","https:\/\/www.youtube.com\/@CVINOTICIAS"]},{"@type":"Person","@id":"https:\/\/cvinoticias.com\/v3\/#\/schema\/person\/2db77e3c6bc03c538495d7b2b8be9b66","name":"f1000024","image":{"@type":"ImageObject","inLanguage":"es","@id":"https:\/\/secure.gravatar.com\/avatar\/d4fe7459cfc51ff5129ce1a732bbef5928568b8092d412ef95611616376bbeed?s=96&d=mm&r=g","url":"https:\/\/secure.gravatar.com\/avatar\/d4fe7459cfc51ff5129ce1a732bbef5928568b8092d412ef95611616376bbeed?s=96&d=mm&r=g","contentUrl":"https:\/\/secure.gravatar.com\/avatar\/d4fe7459cfc51ff5129ce1a732bbef5928568b8092d412ef95611616376bbeed?s=96&d=mm&r=g","caption":"f1000024"},"url":"https:\/\/cvinoticias.com\/v3\/author\/f1000024\/"}]}},"_links":{"self":[{"href":"https:\/\/cvinoticias.com\/v3\/wp-json\/wp\/v2\/posts\/6617","targetHints":{"allow":["GET"]}}],"collection":[{"href":"https:\/\/cvinoticias.com\/v3\/wp-json\/wp\/v2\/posts"}],"about":[{"href":"https:\/\/cvinoticias.com\/v3\/wp-json\/wp\/v2\/types\/post"}],"author":[{"embeddable":true,"href":"https:\/\/cvinoticias.com\/v3\/wp-json\/wp\/v2\/users\/2"}],"replies":[{"embeddable":true,"href":"https:\/\/cvinoticias.com\/v3\/wp-json\/wp\/v2\/comments?post=6617"}],"version-history":[{"count":1,"href":"https:\/\/cvinoticias.com\/v3\/wp-json\/wp\/v2\/posts\/6617\/revisions"}],"predecessor-version":[{"id":6619,"href":"https:\/\/cvinoticias.com\/v3\/wp-json\/wp\/v2\/posts\/6617\/revisions\/6619"}],"wp:featuredmedia":[{"embeddable":true,"href":"https:\/\/cvinoticias.com\/v3\/wp-json\/wp\/v2\/media\/6618"}],"wp:attachment":[{"href":"https:\/\/cvinoticias.com\/v3\/wp-json\/wp\/v2\/media?parent=6617"}],"wp:term":[{"taxonomy":"category","embeddable":true,"href":"https:\/\/cvinoticias.com\/v3\/wp-json\/wp\/v2\/categories?post=6617"},{"taxonomy":"post_tag","embeddable":true,"href":"https:\/\/cvinoticias.com\/v3\/wp-json\/wp\/v2\/tags?post=6617"}],"curies":[{"name":"wp","href":"https:\/\/api.w.org\/{rel}","templated":true}]}}