{"id":6614,"date":"2021-07-06T09:40:30","date_gmt":"2021-07-06T09:40:30","guid":{"rendered":"https:\/\/cvinoticias.com\/v3\/?p=6614"},"modified":"2021-07-06T09:40:30","modified_gmt":"2021-07-06T09:40:30","slug":"la-recaudacion-provincial-crecio-un-891-interanual-en-junio","status":"publish","type":"post","link":"https:\/\/cvinoticias.com\/v3\/la-recaudacion-provincial-crecio-un-891-interanual-en-junio\/","title":{"rendered":"La recaudaci\u00f3n provincial creci\u00f3 un 89,1% interanual en junio"},"content":{"rendered":"\n<p><em><strong>Los $5.110,3 millones recaudados por la provincia de Misiones en el sexto mes del a\u00f1o marcan un nuevo r\u00e9cord en valores nominales, superando al del mes previo.<\/strong><\/em><\/p>\n\n\n\n<p>Durante el mes de junio, la provincia de Misiones volvi\u00f3 a mostrar buenos resultados en su recaudaci\u00f3n propia, y rompi\u00f3 su r\u00e9cord en valores absolutos: totaliz\u00f3 $5.110,3 millones, superando por segunda vez consecutiva el techo de los cinco mil millones de pesos, y creci\u00f3 89,1% interanual medido a pesos corrientes. A su vez, descontando el efecto de la inflaci\u00f3n, el alza en moneda constante fue del 24,4%.<br><br>As\u00ed, la Provincia acumula ya catorce meses de expansi\u00f3n real de sus recursos propios, y contin\u00faa siendo l\u00edder nacional en este punto, seg\u00fan un informe publicado por la consultora Politikon Chaco en base a datos de la Agencia Tributaria de Misiones.<br><br><em><strong>Detalles de la recaudaci\u00f3n de junio 2021<\/strong><\/em><br><br>Los $5.110,3 millones recaudados por la provincia de Misiones marcan un nuevo r\u00e9cord en valores nominales, superando al del mes previo, que fue donde se hab\u00eda observado por primera vez una cifra por encima de los cinco mil millones de pesos. En esta oportunidad, no solo sostuvo esa condici\u00f3n, sino que creci\u00f3 a\u00fan m\u00e1s (+16,2 millones contra mayo), estableciendo, como se dijo, un nuevo r\u00e9cord nominal.<br><br>Analizando las variaciones nominales y reales de junio a nivel interanual, se observa que son menores son menores a las registradas los meses previos. En los tres meses previos (marzo, abril y mayo), los incrementos nominales fueron superiores al 100%, y en junio la expansi\u00f3n de la recaudaci\u00f3n fue menor (+89,1%).<br><br>Sin embargo, hay un factor fundamental a considerar en este aspecto: la comparaci\u00f3n de junio 2021 contra el mismo mes del a\u00f1o anterior implica comparar un mes bueno contra otro mes bueno, diferente a lo observado en los meses previos. De hecho, en junio 2020, la recaudaci\u00f3n de Misiones ya hab\u00eda mostrado un crecimiento real importante (+19%), por lo cual volver a crecer en t\u00e9rminos reales en junio 2021 (+24,4%) significa una notable performance que va en l\u00ednea con el in\u00e9dito proceso de crecimiento que experimenta la provincia desde hace poco m\u00e1s de un a\u00f1o.<br><br>De este modo, Misiones cierra el primer semestre del 2021 con una recaudaci\u00f3n total de $27.997,5 millones: 111,5% m\u00e1s que en igual per\u00edodo del 2020 a pesos corrientes; y en moneda constante, el alza acumulada es del 42,9%.<br><br>Desagregando los datos por tributo, el impuesto a los Ingresos Brutos mostr\u00f3 un incremento del 88,4% interanual a pesos corrientes, con un total recaudado de $4.793,7 millones, participando del 93,8% del total de la recaudaci\u00f3n provincial.<br><br>Debe considerarse que el alza de este tributo esta apenas por debajo de la expansi\u00f3n del total de la recaudaci\u00f3n y que, en valores absolutos, la recaudaci\u00f3n fue algo menor a la del mes pasado. Pero no debe dejarse de recordar que, en mayo, la ATM misionera increment\u00f3 el monto m\u00ednimo de agente de retenci\u00f3n de Ingresos Brutos, por lo cual naturalmente hizo caer la recaudaci\u00f3n, en niveles m\u00ednimos, por aplicaci\u00f3n de beneficios a empresas y emprendedores.<br><br>El resto de los drivers de recaudaci\u00f3n provincial tambi\u00e9n mostraron buenos desempe\u00f1os en la variaci\u00f3n interanual: el impuesto Inmobiliario creci\u00f3 61,9% nominal; el impuesto a los Sellos un 100,4%; y el impuesto Automotor lo hizo en un 67,6%. A su vez, el conjunto de tasas tuvo un alza del 405% (pero de poco impacto en el total general por tratarse de valores marginales, ya que participan apenas del 0,4% del total recaudado por la provincia)<\/p>\n","protected":false},"excerpt":{"rendered":"<p>Los $5.110,3 millones recaudados por la provincia de Misiones en el sexto mes del a\u00f1o marcan un nuevo r\u00e9cord en valores nominales, superando al del mes previo. Durante el mes de junio, la provincia de Misiones volvi\u00f3 a mostrar buenos resultados en su recaudaci\u00f3n propia, y rompi\u00f3 su r\u00e9cord en valores absolutos: totaliz\u00f3 $5.110,3 millones, [&hellip;]<\/p>\n","protected":false},"author":2,"featured_media":6615,"comment_status":"open","ping_status":"open","sticky":false,"template":"","format":"standard","meta":{"footnotes":""},"categories":[32],"tags":[],"class_list":["post-6614","post","type-post","status-publish","format-standard","has-post-thumbnail","hentry","category-economia"],"yoast_head":"<!-- This site is optimized with the Yoast SEO plugin v27.5 - https:\/\/yoast.com\/product\/yoast-seo-wordpress\/ -->\n<title>La recaudaci\u00f3n provincial creci\u00f3 un 89,1% interanual en junio | CVI NOTICIAS<\/title>\n<meta name=\"robots\" content=\"index, follow, max-snippet:-1, max-image-preview:large, max-video-preview:-1\" \/>\n<link rel=\"canonical\" href=\"https:\/\/cvinoticias.com\/v3\/la-recaudacion-provincial-crecio-un-891-interanual-en-junio\/\" \/>\n<meta property=\"og:locale\" content=\"es_ES\" \/>\n<meta property=\"og:type\" content=\"article\" \/>\n<meta property=\"og:title\" content=\"La recaudaci\u00f3n provincial creci\u00f3 un 89,1% interanual en junio | CVI NOTICIAS\" \/>\n<meta property=\"og:description\" content=\"Los $5.110,3 millones recaudados por la provincia de Misiones en el sexto mes del a\u00f1o marcan un nuevo r\u00e9cord en valores nominales, superando al del mes previo. Durante el mes de junio, la provincia de Misiones volvi\u00f3 a mostrar buenos resultados en su recaudaci\u00f3n propia, y rompi\u00f3 su r\u00e9cord en valores absolutos: totaliz\u00f3 $5.110,3 millones, [&hellip;]\" \/>\n<meta property=\"og:url\" content=\"https:\/\/cvinoticias.com\/v3\/la-recaudacion-provincial-crecio-un-891-interanual-en-junio\/\" \/>\n<meta property=\"og:site_name\" content=\"CVI NOTICIAS\" \/>\n<meta property=\"article:publisher\" content=\"https:\/\/www.facebook.com\/cvinoticias\" \/>\n<meta property=\"article:published_time\" content=\"2021-07-06T09:40:30+00:00\" \/>\n<meta property=\"og:image\" content=\"https:\/\/cvinoticias.com\/wp-content\/uploads\/2021\/07\/Screenshot_20210706-063953_Facebook.jpg\" \/>\n\t<meta property=\"og:image:width\" content=\"775\" \/>\n\t<meta property=\"og:image:height\" content=\"660\" \/>\n\t<meta property=\"og:image:type\" content=\"image\/jpeg\" \/>\n<meta name=\"author\" content=\"f1000024\" \/>\n<meta name=\"twitter:card\" content=\"summary_large_image\" \/>\n<meta name=\"twitter:label1\" content=\"Escrito por\" \/>\n\t<meta name=\"twitter:data1\" content=\"f1000024\" \/>\n\t<meta name=\"twitter:label2\" content=\"Tiempo de lectura\" \/>\n\t<meta name=\"twitter:data2\" content=\"3 minutos\" \/>\n<script type=\"application\/ld+json\" class=\"yoast-schema-graph\">{\"@context\":\"https:\\\/\\\/schema.org\",\"@graph\":[{\"@type\":\"Article\",\"@id\":\"https:\\\/\\\/cvinoticias.com\\\/v3\\\/la-recaudacion-provincial-crecio-un-891-interanual-en-junio\\\/#article\",\"isPartOf\":{\"@id\":\"https:\\\/\\\/cvinoticias.com\\\/v3\\\/la-recaudacion-provincial-crecio-un-891-interanual-en-junio\\\/\"},\"author\":{\"name\":\"f1000024\",\"@id\":\"https:\\\/\\\/cvinoticias.com\\\/v3\\\/#\\\/schema\\\/person\\\/2db77e3c6bc03c538495d7b2b8be9b66\"},\"headline\":\"La recaudaci\u00f3n provincial creci\u00f3 un 89,1% interanual en junio\",\"datePublished\":\"2021-07-06T09:40:30+00:00\",\"mainEntityOfPage\":{\"@id\":\"https:\\\/\\\/cvinoticias.com\\\/v3\\\/la-recaudacion-provincial-crecio-un-891-interanual-en-junio\\\/\"},\"wordCount\":605,\"commentCount\":0,\"publisher\":{\"@id\":\"https:\\\/\\\/cvinoticias.com\\\/v3\\\/#organization\"},\"image\":{\"@id\":\"https:\\\/\\\/cvinoticias.com\\\/v3\\\/la-recaudacion-provincial-crecio-un-891-interanual-en-junio\\\/#primaryimage\"},\"thumbnailUrl\":\"https:\\\/\\\/cvinoticias.com\\\/wp-content\\\/uploads\\\/2021\\\/07\\\/Screenshot_20210706-063953_Facebook.jpg\",\"articleSection\":[\"Econom\u00eda\"],\"inLanguage\":\"es\",\"potentialAction\":[{\"@type\":\"CommentAction\",\"name\":\"Comment\",\"target\":[\"https:\\\/\\\/cvinoticias.com\\\/v3\\\/la-recaudacion-provincial-crecio-un-891-interanual-en-junio\\\/#respond\"]}]},{\"@type\":\"WebPage\",\"@id\":\"https:\\\/\\\/cvinoticias.com\\\/v3\\\/la-recaudacion-provincial-crecio-un-891-interanual-en-junio\\\/\",\"url\":\"https:\\\/\\\/cvinoticias.com\\\/v3\\\/la-recaudacion-provincial-crecio-un-891-interanual-en-junio\\\/\",\"name\":\"La recaudaci\u00f3n provincial creci\u00f3 un 89,1% interanual en junio | CVI NOTICIAS\",\"isPartOf\":{\"@id\":\"https:\\\/\\\/cvinoticias.com\\\/v3\\\/#website\"},\"primaryImageOfPage\":{\"@id\":\"https:\\\/\\\/cvinoticias.com\\\/v3\\\/la-recaudacion-provincial-crecio-un-891-interanual-en-junio\\\/#primaryimage\"},\"image\":{\"@id\":\"https:\\\/\\\/cvinoticias.com\\\/v3\\\/la-recaudacion-provincial-crecio-un-891-interanual-en-junio\\\/#primaryimage\"},\"thumbnailUrl\":\"https:\\\/\\\/cvinoticias.com\\\/wp-content\\\/uploads\\\/2021\\\/07\\\/Screenshot_20210706-063953_Facebook.jpg\",\"datePublished\":\"2021-07-06T09:40:30+00:00\",\"breadcrumb\":{\"@id\":\"https:\\\/\\\/cvinoticias.com\\\/v3\\\/la-recaudacion-provincial-crecio-un-891-interanual-en-junio\\\/#breadcrumb\"},\"inLanguage\":\"es\",\"potentialAction\":[{\"@type\":\"ReadAction\",\"target\":[\"https:\\\/\\\/cvinoticias.com\\\/v3\\\/la-recaudacion-provincial-crecio-un-891-interanual-en-junio\\\/\"]}]},{\"@type\":\"ImageObject\",\"inLanguage\":\"es\",\"@id\":\"https:\\\/\\\/cvinoticias.com\\\/v3\\\/la-recaudacion-provincial-crecio-un-891-interanual-en-junio\\\/#primaryimage\",\"url\":\"https:\\\/\\\/cvinoticias.com\\\/wp-content\\\/uploads\\\/2021\\\/07\\\/Screenshot_20210706-063953_Facebook.jpg\",\"contentUrl\":\"https:\\\/\\\/cvinoticias.com\\\/wp-content\\\/uploads\\\/2021\\\/07\\\/Screenshot_20210706-063953_Facebook.jpg\",\"width\":775,\"height\":660},{\"@type\":\"BreadcrumbList\",\"@id\":\"https:\\\/\\\/cvinoticias.com\\\/v3\\\/la-recaudacion-provincial-crecio-un-891-interanual-en-junio\\\/#breadcrumb\",\"itemListElement\":[{\"@type\":\"ListItem\",\"position\":1,\"name\":\"Portada\",\"item\":\"https:\\\/\\\/cvinoticias.com\\\/v3\\\/\"},{\"@type\":\"ListItem\",\"position\":2,\"name\":\"La recaudaci\u00f3n provincial creci\u00f3 un 89,1% interanual en junio\"}]},{\"@type\":\"WebSite\",\"@id\":\"https:\\\/\\\/cvinoticias.com\\\/v3\\\/#website\",\"url\":\"https:\\\/\\\/cvinoticias.com\\\/v3\\\/\",\"name\":\"CVI NOTICIAS\",\"description\":\"\",\"publisher\":{\"@id\":\"https:\\\/\\\/cvinoticias.com\\\/v3\\\/#organization\"},\"alternateName\":\"CVI\",\"potentialAction\":[{\"@type\":\"SearchAction\",\"target\":{\"@type\":\"EntryPoint\",\"urlTemplate\":\"https:\\\/\\\/cvinoticias.com\\\/v3\\\/?s={search_term_string}\"},\"query-input\":{\"@type\":\"PropertyValueSpecification\",\"valueRequired\":true,\"valueName\":\"search_term_string\"}}],\"inLanguage\":\"es\"},{\"@type\":\"Organization\",\"@id\":\"https:\\\/\\\/cvinoticias.com\\\/v3\\\/#organization\",\"name\":\"CVI NOTICIAS\",\"url\":\"https:\\\/\\\/cvinoticias.com\\\/v3\\\/\",\"logo\":{\"@type\":\"ImageObject\",\"inLanguage\":\"es\",\"@id\":\"https:\\\/\\\/cvinoticias.com\\\/v3\\\/#\\\/schema\\\/logo\\\/image\\\/\",\"url\":\"https:\\\/\\\/cvinoticias.com\\\/wp-content\\\/uploads\\\/2023\\\/04\\\/cropped-cropped-cropped-cropped-cropped-3-1.png\",\"contentUrl\":\"https:\\\/\\\/cvinoticias.com\\\/wp-content\\\/uploads\\\/2023\\\/04\\\/cropped-cropped-cropped-cropped-cropped-3-1.png\",\"width\":95,\"height\":122,\"caption\":\"CVI NOTICIAS\"},\"image\":{\"@id\":\"https:\\\/\\\/cvinoticias.com\\\/v3\\\/#\\\/schema\\\/logo\\\/image\\\/\"},\"sameAs\":[\"https:\\\/\\\/www.facebook.com\\\/cvinoticias\",\"https:\\\/\\\/www.instagram.com\\\/cvinoticias\\\/\",\"https:\\\/\\\/www.youtube.com\\\/@CVINOTICIAS\"]},{\"@type\":\"Person\",\"@id\":\"https:\\\/\\\/cvinoticias.com\\\/v3\\\/#\\\/schema\\\/person\\\/2db77e3c6bc03c538495d7b2b8be9b66\",\"name\":\"f1000024\",\"image\":{\"@type\":\"ImageObject\",\"inLanguage\":\"es\",\"@id\":\"https:\\\/\\\/secure.gravatar.com\\\/avatar\\\/d4fe7459cfc51ff5129ce1a732bbef5928568b8092d412ef95611616376bbeed?s=96&d=mm&r=g\",\"url\":\"https:\\\/\\\/secure.gravatar.com\\\/avatar\\\/d4fe7459cfc51ff5129ce1a732bbef5928568b8092d412ef95611616376bbeed?s=96&d=mm&r=g\",\"contentUrl\":\"https:\\\/\\\/secure.gravatar.com\\\/avatar\\\/d4fe7459cfc51ff5129ce1a732bbef5928568b8092d412ef95611616376bbeed?s=96&d=mm&r=g\",\"caption\":\"f1000024\"},\"url\":\"https:\\\/\\\/cvinoticias.com\\\/v3\\\/author\\\/f1000024\\\/\"}]}<\/script>\n<!-- \/ Yoast SEO plugin. -->","yoast_head_json":{"title":"La recaudaci\u00f3n provincial creci\u00f3 un 89,1% interanual en junio | CVI NOTICIAS","robots":{"index":"index","follow":"follow","max-snippet":"max-snippet:-1","max-image-preview":"max-image-preview:large","max-video-preview":"max-video-preview:-1"},"canonical":"https:\/\/cvinoticias.com\/v3\/la-recaudacion-provincial-crecio-un-891-interanual-en-junio\/","og_locale":"es_ES","og_type":"article","og_title":"La recaudaci\u00f3n provincial creci\u00f3 un 89,1% interanual en junio | CVI NOTICIAS","og_description":"Los $5.110,3 millones recaudados por la provincia de Misiones en el sexto mes del a\u00f1o marcan un nuevo r\u00e9cord en valores nominales, superando al del mes previo. Durante el mes de junio, la provincia de Misiones volvi\u00f3 a mostrar buenos resultados en su recaudaci\u00f3n propia, y rompi\u00f3 su r\u00e9cord en valores absolutos: totaliz\u00f3 $5.110,3 millones, [&hellip;]","og_url":"https:\/\/cvinoticias.com\/v3\/la-recaudacion-provincial-crecio-un-891-interanual-en-junio\/","og_site_name":"CVI NOTICIAS","article_publisher":"https:\/\/www.facebook.com\/cvinoticias","article_published_time":"2021-07-06T09:40:30+00:00","og_image":[{"width":775,"height":660,"url":"https:\/\/cvinoticias.com\/wp-content\/uploads\/2021\/07\/Screenshot_20210706-063953_Facebook.jpg","type":"image\/jpeg"}],"author":"f1000024","twitter_card":"summary_large_image","twitter_misc":{"Escrito por":"f1000024","Tiempo de lectura":"3 minutos"},"schema":{"@context":"https:\/\/schema.org","@graph":[{"@type":"Article","@id":"https:\/\/cvinoticias.com\/v3\/la-recaudacion-provincial-crecio-un-891-interanual-en-junio\/#article","isPartOf":{"@id":"https:\/\/cvinoticias.com\/v3\/la-recaudacion-provincial-crecio-un-891-interanual-en-junio\/"},"author":{"name":"f1000024","@id":"https:\/\/cvinoticias.com\/v3\/#\/schema\/person\/2db77e3c6bc03c538495d7b2b8be9b66"},"headline":"La recaudaci\u00f3n provincial creci\u00f3 un 89,1% interanual en junio","datePublished":"2021-07-06T09:40:30+00:00","mainEntityOfPage":{"@id":"https:\/\/cvinoticias.com\/v3\/la-recaudacion-provincial-crecio-un-891-interanual-en-junio\/"},"wordCount":605,"commentCount":0,"publisher":{"@id":"https:\/\/cvinoticias.com\/v3\/#organization"},"image":{"@id":"https:\/\/cvinoticias.com\/v3\/la-recaudacion-provincial-crecio-un-891-interanual-en-junio\/#primaryimage"},"thumbnailUrl":"https:\/\/cvinoticias.com\/wp-content\/uploads\/2021\/07\/Screenshot_20210706-063953_Facebook.jpg","articleSection":["Econom\u00eda"],"inLanguage":"es","potentialAction":[{"@type":"CommentAction","name":"Comment","target":["https:\/\/cvinoticias.com\/v3\/la-recaudacion-provincial-crecio-un-891-interanual-en-junio\/#respond"]}]},{"@type":"WebPage","@id":"https:\/\/cvinoticias.com\/v3\/la-recaudacion-provincial-crecio-un-891-interanual-en-junio\/","url":"https:\/\/cvinoticias.com\/v3\/la-recaudacion-provincial-crecio-un-891-interanual-en-junio\/","name":"La recaudaci\u00f3n provincial creci\u00f3 un 89,1% interanual en junio | CVI NOTICIAS","isPartOf":{"@id":"https:\/\/cvinoticias.com\/v3\/#website"},"primaryImageOfPage":{"@id":"https:\/\/cvinoticias.com\/v3\/la-recaudacion-provincial-crecio-un-891-interanual-en-junio\/#primaryimage"},"image":{"@id":"https:\/\/cvinoticias.com\/v3\/la-recaudacion-provincial-crecio-un-891-interanual-en-junio\/#primaryimage"},"thumbnailUrl":"https:\/\/cvinoticias.com\/wp-content\/uploads\/2021\/07\/Screenshot_20210706-063953_Facebook.jpg","datePublished":"2021-07-06T09:40:30+00:00","breadcrumb":{"@id":"https:\/\/cvinoticias.com\/v3\/la-recaudacion-provincial-crecio-un-891-interanual-en-junio\/#breadcrumb"},"inLanguage":"es","potentialAction":[{"@type":"ReadAction","target":["https:\/\/cvinoticias.com\/v3\/la-recaudacion-provincial-crecio-un-891-interanual-en-junio\/"]}]},{"@type":"ImageObject","inLanguage":"es","@id":"https:\/\/cvinoticias.com\/v3\/la-recaudacion-provincial-crecio-un-891-interanual-en-junio\/#primaryimage","url":"https:\/\/cvinoticias.com\/wp-content\/uploads\/2021\/07\/Screenshot_20210706-063953_Facebook.jpg","contentUrl":"https:\/\/cvinoticias.com\/wp-content\/uploads\/2021\/07\/Screenshot_20210706-063953_Facebook.jpg","width":775,"height":660},{"@type":"BreadcrumbList","@id":"https:\/\/cvinoticias.com\/v3\/la-recaudacion-provincial-crecio-un-891-interanual-en-junio\/#breadcrumb","itemListElement":[{"@type":"ListItem","position":1,"name":"Portada","item":"https:\/\/cvinoticias.com\/v3\/"},{"@type":"ListItem","position":2,"name":"La recaudaci\u00f3n provincial creci\u00f3 un 89,1% interanual en junio"}]},{"@type":"WebSite","@id":"https:\/\/cvinoticias.com\/v3\/#website","url":"https:\/\/cvinoticias.com\/v3\/","name":"CVI NOTICIAS","description":"","publisher":{"@id":"https:\/\/cvinoticias.com\/v3\/#organization"},"alternateName":"CVI","potentialAction":[{"@type":"SearchAction","target":{"@type":"EntryPoint","urlTemplate":"https:\/\/cvinoticias.com\/v3\/?s={search_term_string}"},"query-input":{"@type":"PropertyValueSpecification","valueRequired":true,"valueName":"search_term_string"}}],"inLanguage":"es"},{"@type":"Organization","@id":"https:\/\/cvinoticias.com\/v3\/#organization","name":"CVI NOTICIAS","url":"https:\/\/cvinoticias.com\/v3\/","logo":{"@type":"ImageObject","inLanguage":"es","@id":"https:\/\/cvinoticias.com\/v3\/#\/schema\/logo\/image\/","url":"https:\/\/cvinoticias.com\/wp-content\/uploads\/2023\/04\/cropped-cropped-cropped-cropped-cropped-3-1.png","contentUrl":"https:\/\/cvinoticias.com\/wp-content\/uploads\/2023\/04\/cropped-cropped-cropped-cropped-cropped-3-1.png","width":95,"height":122,"caption":"CVI NOTICIAS"},"image":{"@id":"https:\/\/cvinoticias.com\/v3\/#\/schema\/logo\/image\/"},"sameAs":["https:\/\/www.facebook.com\/cvinoticias","https:\/\/www.instagram.com\/cvinoticias\/","https:\/\/www.youtube.com\/@CVINOTICIAS"]},{"@type":"Person","@id":"https:\/\/cvinoticias.com\/v3\/#\/schema\/person\/2db77e3c6bc03c538495d7b2b8be9b66","name":"f1000024","image":{"@type":"ImageObject","inLanguage":"es","@id":"https:\/\/secure.gravatar.com\/avatar\/d4fe7459cfc51ff5129ce1a732bbef5928568b8092d412ef95611616376bbeed?s=96&d=mm&r=g","url":"https:\/\/secure.gravatar.com\/avatar\/d4fe7459cfc51ff5129ce1a732bbef5928568b8092d412ef95611616376bbeed?s=96&d=mm&r=g","contentUrl":"https:\/\/secure.gravatar.com\/avatar\/d4fe7459cfc51ff5129ce1a732bbef5928568b8092d412ef95611616376bbeed?s=96&d=mm&r=g","caption":"f1000024"},"url":"https:\/\/cvinoticias.com\/v3\/author\/f1000024\/"}]}},"_links":{"self":[{"href":"https:\/\/cvinoticias.com\/v3\/wp-json\/wp\/v2\/posts\/6614","targetHints":{"allow":["GET"]}}],"collection":[{"href":"https:\/\/cvinoticias.com\/v3\/wp-json\/wp\/v2\/posts"}],"about":[{"href":"https:\/\/cvinoticias.com\/v3\/wp-json\/wp\/v2\/types\/post"}],"author":[{"embeddable":true,"href":"https:\/\/cvinoticias.com\/v3\/wp-json\/wp\/v2\/users\/2"}],"replies":[{"embeddable":true,"href":"https:\/\/cvinoticias.com\/v3\/wp-json\/wp\/v2\/comments?post=6614"}],"version-history":[{"count":1,"href":"https:\/\/cvinoticias.com\/v3\/wp-json\/wp\/v2\/posts\/6614\/revisions"}],"predecessor-version":[{"id":6616,"href":"https:\/\/cvinoticias.com\/v3\/wp-json\/wp\/v2\/posts\/6614\/revisions\/6616"}],"wp:featuredmedia":[{"embeddable":true,"href":"https:\/\/cvinoticias.com\/v3\/wp-json\/wp\/v2\/media\/6615"}],"wp:attachment":[{"href":"https:\/\/cvinoticias.com\/v3\/wp-json\/wp\/v2\/media?parent=6614"}],"wp:term":[{"taxonomy":"category","embeddable":true,"href":"https:\/\/cvinoticias.com\/v3\/wp-json\/wp\/v2\/categories?post=6614"},{"taxonomy":"post_tag","embeddable":true,"href":"https:\/\/cvinoticias.com\/v3\/wp-json\/wp\/v2\/tags?post=6614"}],"curies":[{"name":"wp","href":"https:\/\/api.w.org\/{rel}","templated":true}]}}