{"id":6593,"date":"2021-07-05T20:09:01","date_gmt":"2021-07-05T20:09:01","guid":{"rendered":"https:\/\/cvinoticias.com\/v3\/?p=6593"},"modified":"2021-07-05T20:09:01","modified_gmt":"2021-07-05T20:09:01","slug":"arroyo-planteo-la-necesidad-de-un-ingreso-universal-de-base-con-contraprestacion-laboral","status":"publish","type":"post","link":"https:\/\/cvinoticias.com\/v3\/arroyo-planteo-la-necesidad-de-un-ingreso-universal-de-base-con-contraprestacion-laboral\/","title":{"rendered":"Arroyo plante\u00f3 la necesidad de \u00abun ingreso universal de base con contraprestaci\u00f3n laboral\u00bb"},"content":{"rendered":"\n<p><strong><em>El ministro de Desarrollo Social dio a conocer que es un tema de debate en el Mercosur. Dijo que hay cerca de 3 millones de personas con dificultades y remarc\u00f3 la importancia del precio de los alimentos.<\/em><\/strong><\/p>\n\n\n\n<p>El ministro de Desarrollo Social,\u00a0Daniel Arroyo, afirm\u00f3 que el\u00a0ingreso universal\u00a0es un \u00abdebate que hay que darse para los pr\u00f3ximos a\u00f1os\u00bb, con la idea de que incluya \u00abuna contraprestaci\u00f3n laboral\u00bb.<\/p>\n\n\n\n<p>\u00abHay cerca de 3 millones de personas con dificultades de trabajo. La Argentina tiene que ir a un ingreso universal de base con contraprestaci\u00f3n laboral\u00bb, sostuvo Arroyo esta ma\u00f1ana en declaraciones emitidas a un medio radial nacional.<\/p>\n\n\n\n<p>Agreg\u00f3 que hoy no est\u00e1n dadas las \u00abcondiciones fiscales\u00bb para llevarlo a la pr\u00e1ctica, pero asumi\u00f3 que \u00abes un debate que hay que darse para los pr\u00f3ximos a\u00f1os, partiendo de la idea de que\u00a0todo apoyo econ\u00f3mico que da el Estado tiene que tener contraprestaci\u00f3n laboral\u00bb.<\/p>\n\n\n\n<p>Arroyo mencion\u00f3 el\u00a0Programa Potenciar Trabajo, que es una pol\u00edtica acorde con esta idea de la contraprestaci\u00f3n laboral, y tambi\u00e9n se refiri\u00f3 otro objetivo que se busca que es el impulso a la actividad comercial local, lo que se logra tambi\u00e9n a trav\u00e9s de la\u00a0Tarjeta Alimentar.<\/p>\n\n\n\n<p>\u00abEstamos yendo por ah\u00ed. La semana pasada tuvimos reuni\u00f3n con los\u00a0ministros del Mercosur\u00a0y ese fue uno de los puntos de debate\u00bb, indic\u00f3 el funcionario.<\/p>\n\n\n\n<p>A su vez, realiz\u00f3 un desglose de la situaci\u00f3n de los\u00a09 millones de argentinos\u00a0que cobraron el\u00a0Ingreso Familiar de Emergencia (IFE)\u00a0durante los meses m\u00e1s cr\u00edticos de aislamiento social a causa de la pandemia de coronavirus y destac\u00f3 que \u00abhay 3 millones de personas que recuperaron la actividad anterior\u00bb, en tanto que \u00abotros 3 millones van en camino y otros 3 millones tienen muchos problemas, ya sea porque perdieron sus trabajos y no lo pudieron recuperar\u00bb.<\/p>\n\n\n\n<p>\u00abEsa es la base del problema social argentino\u00bb, manifest\u00f3 el ministro, quien, a su vez, insisti\u00f3 en la importancia del precio de los alimentos.<\/p>\n\n\n\n<p>\u00abNuestro gran desaf\u00edo es el precio de los alimentos, porque\u00a0si suben los alimentos sube la pobreza\u00bb, declar\u00f3 Arroyo, y agreg\u00f3 que se est\u00e1n \u00abencarando varias pol\u00edticas para que el productor le venda directamente al consumidor\u00bb como los espacios en ferias locales.<\/p>\n\n\n\n<p>\u00abEstamos trabajando y reconstruyendo una situaci\u00f3n muy cr\u00edtica. A cuatro a\u00f1os desastrosos econ\u00f3micos le sigui\u00f3 luego la pandemia, pero donde antes hab\u00eda solo angustia, ahora hay\u00a0angustia y esperanza\u00bb, concluy\u00f3 el ministro.<\/p>\n","protected":false},"excerpt":{"rendered":"<p>El ministro de Desarrollo Social dio a conocer que es un tema de debate en el Mercosur. Dijo que hay cerca de 3 millones de personas con dificultades y remarc\u00f3 la importancia del precio de los alimentos. El ministro de Desarrollo Social,\u00a0Daniel Arroyo, afirm\u00f3 que el\u00a0ingreso universal\u00a0es un \u00abdebate que hay que darse para los [&hellip;]<\/p>\n","protected":false},"author":2,"featured_media":6594,"comment_status":"open","ping_status":"open","sticky":false,"template":"","format":"standard","meta":{"footnotes":""},"categories":[35],"tags":[],"class_list":["post-6593","post","type-post","status-publish","format-standard","has-post-thumbnail","hentry","category-informacion-general"],"yoast_head":"<!-- This site is optimized with the Yoast SEO plugin v27.4 - https:\/\/yoast.com\/product\/yoast-seo-wordpress\/ -->\n<title>Arroyo plante\u00f3 la necesidad de &quot;un ingreso universal de base con contraprestaci\u00f3n laboral&quot; | CVI NOTICIAS<\/title>\n<meta name=\"robots\" content=\"index, follow, max-snippet:-1, max-image-preview:large, max-video-preview:-1\" \/>\n<link rel=\"canonical\" href=\"https:\/\/cvinoticias.com\/v3\/arroyo-planteo-la-necesidad-de-un-ingreso-universal-de-base-con-contraprestacion-laboral\/\" \/>\n<meta property=\"og:locale\" content=\"es_ES\" \/>\n<meta property=\"og:type\" content=\"article\" \/>\n<meta property=\"og:title\" content=\"Arroyo plante\u00f3 la necesidad de &quot;un ingreso universal de base con contraprestaci\u00f3n laboral&quot; | CVI NOTICIAS\" \/>\n<meta property=\"og:description\" content=\"El ministro de Desarrollo Social dio a conocer que es un tema de debate en el Mercosur. Dijo que hay cerca de 3 millones de personas con dificultades y remarc\u00f3 la importancia del precio de los alimentos. El ministro de Desarrollo Social,\u00a0Daniel Arroyo, afirm\u00f3 que el\u00a0ingreso universal\u00a0es un \u00abdebate que hay que darse para los [&hellip;]\" \/>\n<meta property=\"og:url\" content=\"https:\/\/cvinoticias.com\/v3\/arroyo-planteo-la-necesidad-de-un-ingreso-universal-de-base-con-contraprestacion-laboral\/\" \/>\n<meta property=\"og:site_name\" content=\"CVI NOTICIAS\" \/>\n<meta property=\"article:publisher\" content=\"https:\/\/www.facebook.com\/cvinoticias\" \/>\n<meta property=\"article:published_time\" content=\"2021-07-05T20:09:01+00:00\" \/>\n<meta property=\"og:image\" content=\"https:\/\/cvinoticias.com\/wp-content\/uploads\/2021\/07\/images-9.jpeg\" \/>\n\t<meta property=\"og:image:width\" content=\"300\" \/>\n\t<meta property=\"og:image:height\" content=\"168\" \/>\n\t<meta property=\"og:image:type\" content=\"image\/jpeg\" \/>\n<meta name=\"author\" content=\"f1000024\" \/>\n<meta name=\"twitter:card\" content=\"summary_large_image\" \/>\n<meta name=\"twitter:label1\" content=\"Escrito por\" \/>\n\t<meta name=\"twitter:data1\" content=\"f1000024\" \/>\n\t<meta name=\"twitter:label2\" content=\"Tiempo de lectura\" \/>\n\t<meta name=\"twitter:data2\" content=\"2 minutos\" \/>\n<script type=\"application\/ld+json\" class=\"yoast-schema-graph\">{\"@context\":\"https:\\\/\\\/schema.org\",\"@graph\":[{\"@type\":\"Article\",\"@id\":\"https:\\\/\\\/cvinoticias.com\\\/v3\\\/arroyo-planteo-la-necesidad-de-un-ingreso-universal-de-base-con-contraprestacion-laboral\\\/#article\",\"isPartOf\":{\"@id\":\"https:\\\/\\\/cvinoticias.com\\\/v3\\\/arroyo-planteo-la-necesidad-de-un-ingreso-universal-de-base-con-contraprestacion-laboral\\\/\"},\"author\":{\"name\":\"f1000024\",\"@id\":\"https:\\\/\\\/cvinoticias.com\\\/v3\\\/#\\\/schema\\\/person\\\/2db77e3c6bc03c538495d7b2b8be9b66\"},\"headline\":\"Arroyo plante\u00f3 la necesidad de \u00abun ingreso universal de base con contraprestaci\u00f3n laboral\u00bb\",\"datePublished\":\"2021-07-05T20:09:01+00:00\",\"mainEntityOfPage\":{\"@id\":\"https:\\\/\\\/cvinoticias.com\\\/v3\\\/arroyo-planteo-la-necesidad-de-un-ingreso-universal-de-base-con-contraprestacion-laboral\\\/\"},\"wordCount\":437,\"commentCount\":1,\"publisher\":{\"@id\":\"https:\\\/\\\/cvinoticias.com\\\/v3\\\/#organization\"},\"image\":{\"@id\":\"https:\\\/\\\/cvinoticias.com\\\/v3\\\/arroyo-planteo-la-necesidad-de-un-ingreso-universal-de-base-con-contraprestacion-laboral\\\/#primaryimage\"},\"thumbnailUrl\":\"https:\\\/\\\/cvinoticias.com\\\/wp-content\\\/uploads\\\/2021\\\/07\\\/images-9.jpeg\",\"articleSection\":[\"Informaci\u00f3n General\"],\"inLanguage\":\"es\",\"potentialAction\":[{\"@type\":\"CommentAction\",\"name\":\"Comment\",\"target\":[\"https:\\\/\\\/cvinoticias.com\\\/v3\\\/arroyo-planteo-la-necesidad-de-un-ingreso-universal-de-base-con-contraprestacion-laboral\\\/#respond\"]}]},{\"@type\":\"WebPage\",\"@id\":\"https:\\\/\\\/cvinoticias.com\\\/v3\\\/arroyo-planteo-la-necesidad-de-un-ingreso-universal-de-base-con-contraprestacion-laboral\\\/\",\"url\":\"https:\\\/\\\/cvinoticias.com\\\/v3\\\/arroyo-planteo-la-necesidad-de-un-ingreso-universal-de-base-con-contraprestacion-laboral\\\/\",\"name\":\"Arroyo plante\u00f3 la necesidad de \\\"un ingreso universal de base con contraprestaci\u00f3n laboral\\\" | CVI NOTICIAS\",\"isPartOf\":{\"@id\":\"https:\\\/\\\/cvinoticias.com\\\/v3\\\/#website\"},\"primaryImageOfPage\":{\"@id\":\"https:\\\/\\\/cvinoticias.com\\\/v3\\\/arroyo-planteo-la-necesidad-de-un-ingreso-universal-de-base-con-contraprestacion-laboral\\\/#primaryimage\"},\"image\":{\"@id\":\"https:\\\/\\\/cvinoticias.com\\\/v3\\\/arroyo-planteo-la-necesidad-de-un-ingreso-universal-de-base-con-contraprestacion-laboral\\\/#primaryimage\"},\"thumbnailUrl\":\"https:\\\/\\\/cvinoticias.com\\\/wp-content\\\/uploads\\\/2021\\\/07\\\/images-9.jpeg\",\"datePublished\":\"2021-07-05T20:09:01+00:00\",\"breadcrumb\":{\"@id\":\"https:\\\/\\\/cvinoticias.com\\\/v3\\\/arroyo-planteo-la-necesidad-de-un-ingreso-universal-de-base-con-contraprestacion-laboral\\\/#breadcrumb\"},\"inLanguage\":\"es\",\"potentialAction\":[{\"@type\":\"ReadAction\",\"target\":[\"https:\\\/\\\/cvinoticias.com\\\/v3\\\/arroyo-planteo-la-necesidad-de-un-ingreso-universal-de-base-con-contraprestacion-laboral\\\/\"]}]},{\"@type\":\"ImageObject\",\"inLanguage\":\"es\",\"@id\":\"https:\\\/\\\/cvinoticias.com\\\/v3\\\/arroyo-planteo-la-necesidad-de-un-ingreso-universal-de-base-con-contraprestacion-laboral\\\/#primaryimage\",\"url\":\"https:\\\/\\\/cvinoticias.com\\\/wp-content\\\/uploads\\\/2021\\\/07\\\/images-9.jpeg\",\"contentUrl\":\"https:\\\/\\\/cvinoticias.com\\\/wp-content\\\/uploads\\\/2021\\\/07\\\/images-9.jpeg\",\"width\":300,\"height\":168},{\"@type\":\"BreadcrumbList\",\"@id\":\"https:\\\/\\\/cvinoticias.com\\\/v3\\\/arroyo-planteo-la-necesidad-de-un-ingreso-universal-de-base-con-contraprestacion-laboral\\\/#breadcrumb\",\"itemListElement\":[{\"@type\":\"ListItem\",\"position\":1,\"name\":\"Portada\",\"item\":\"https:\\\/\\\/cvinoticias.com\\\/v3\\\/\"},{\"@type\":\"ListItem\",\"position\":2,\"name\":\"Arroyo plante\u00f3 la necesidad de \u00abun ingreso universal de base con contraprestaci\u00f3n laboral\u00bb\"}]},{\"@type\":\"WebSite\",\"@id\":\"https:\\\/\\\/cvinoticias.com\\\/v3\\\/#website\",\"url\":\"https:\\\/\\\/cvinoticias.com\\\/v3\\\/\",\"name\":\"CVI NOTICIAS\",\"description\":\"\",\"publisher\":{\"@id\":\"https:\\\/\\\/cvinoticias.com\\\/v3\\\/#organization\"},\"alternateName\":\"CVI\",\"potentialAction\":[{\"@type\":\"SearchAction\",\"target\":{\"@type\":\"EntryPoint\",\"urlTemplate\":\"https:\\\/\\\/cvinoticias.com\\\/v3\\\/?s={search_term_string}\"},\"query-input\":{\"@type\":\"PropertyValueSpecification\",\"valueRequired\":true,\"valueName\":\"search_term_string\"}}],\"inLanguage\":\"es\"},{\"@type\":\"Organization\",\"@id\":\"https:\\\/\\\/cvinoticias.com\\\/v3\\\/#organization\",\"name\":\"CVI NOTICIAS\",\"url\":\"https:\\\/\\\/cvinoticias.com\\\/v3\\\/\",\"logo\":{\"@type\":\"ImageObject\",\"inLanguage\":\"es\",\"@id\":\"https:\\\/\\\/cvinoticias.com\\\/v3\\\/#\\\/schema\\\/logo\\\/image\\\/\",\"url\":\"https:\\\/\\\/cvinoticias.com\\\/wp-content\\\/uploads\\\/2023\\\/04\\\/cropped-cropped-cropped-cropped-cropped-3-1.png\",\"contentUrl\":\"https:\\\/\\\/cvinoticias.com\\\/wp-content\\\/uploads\\\/2023\\\/04\\\/cropped-cropped-cropped-cropped-cropped-3-1.png\",\"width\":95,\"height\":122,\"caption\":\"CVI NOTICIAS\"},\"image\":{\"@id\":\"https:\\\/\\\/cvinoticias.com\\\/v3\\\/#\\\/schema\\\/logo\\\/image\\\/\"},\"sameAs\":[\"https:\\\/\\\/www.facebook.com\\\/cvinoticias\",\"https:\\\/\\\/www.instagram.com\\\/cvinoticias\\\/\",\"https:\\\/\\\/www.youtube.com\\\/@CVINOTICIAS\"]},{\"@type\":\"Person\",\"@id\":\"https:\\\/\\\/cvinoticias.com\\\/v3\\\/#\\\/schema\\\/person\\\/2db77e3c6bc03c538495d7b2b8be9b66\",\"name\":\"f1000024\",\"image\":{\"@type\":\"ImageObject\",\"inLanguage\":\"es\",\"@id\":\"https:\\\/\\\/secure.gravatar.com\\\/avatar\\\/d4fe7459cfc51ff5129ce1a732bbef5928568b8092d412ef95611616376bbeed?s=96&d=mm&r=g\",\"url\":\"https:\\\/\\\/secure.gravatar.com\\\/avatar\\\/d4fe7459cfc51ff5129ce1a732bbef5928568b8092d412ef95611616376bbeed?s=96&d=mm&r=g\",\"contentUrl\":\"https:\\\/\\\/secure.gravatar.com\\\/avatar\\\/d4fe7459cfc51ff5129ce1a732bbef5928568b8092d412ef95611616376bbeed?s=96&d=mm&r=g\",\"caption\":\"f1000024\"},\"url\":\"https:\\\/\\\/cvinoticias.com\\\/v3\\\/author\\\/f1000024\\\/\"}]}<\/script>\n<!-- \/ Yoast SEO plugin. -->","yoast_head_json":{"title":"Arroyo plante\u00f3 la necesidad de \"un ingreso universal de base con contraprestaci\u00f3n laboral\" | CVI NOTICIAS","robots":{"index":"index","follow":"follow","max-snippet":"max-snippet:-1","max-image-preview":"max-image-preview:large","max-video-preview":"max-video-preview:-1"},"canonical":"https:\/\/cvinoticias.com\/v3\/arroyo-planteo-la-necesidad-de-un-ingreso-universal-de-base-con-contraprestacion-laboral\/","og_locale":"es_ES","og_type":"article","og_title":"Arroyo plante\u00f3 la necesidad de \"un ingreso universal de base con contraprestaci\u00f3n laboral\" | CVI NOTICIAS","og_description":"El ministro de Desarrollo Social dio a conocer que es un tema de debate en el Mercosur. Dijo que hay cerca de 3 millones de personas con dificultades y remarc\u00f3 la importancia del precio de los alimentos. El ministro de Desarrollo Social,\u00a0Daniel Arroyo, afirm\u00f3 que el\u00a0ingreso universal\u00a0es un \u00abdebate que hay que darse para los [&hellip;]","og_url":"https:\/\/cvinoticias.com\/v3\/arroyo-planteo-la-necesidad-de-un-ingreso-universal-de-base-con-contraprestacion-laboral\/","og_site_name":"CVI NOTICIAS","article_publisher":"https:\/\/www.facebook.com\/cvinoticias","article_published_time":"2021-07-05T20:09:01+00:00","og_image":[{"width":300,"height":168,"url":"https:\/\/cvinoticias.com\/wp-content\/uploads\/2021\/07\/images-9.jpeg","type":"image\/jpeg"}],"author":"f1000024","twitter_card":"summary_large_image","twitter_misc":{"Escrito por":"f1000024","Tiempo de lectura":"2 minutos"},"schema":{"@context":"https:\/\/schema.org","@graph":[{"@type":"Article","@id":"https:\/\/cvinoticias.com\/v3\/arroyo-planteo-la-necesidad-de-un-ingreso-universal-de-base-con-contraprestacion-laboral\/#article","isPartOf":{"@id":"https:\/\/cvinoticias.com\/v3\/arroyo-planteo-la-necesidad-de-un-ingreso-universal-de-base-con-contraprestacion-laboral\/"},"author":{"name":"f1000024","@id":"https:\/\/cvinoticias.com\/v3\/#\/schema\/person\/2db77e3c6bc03c538495d7b2b8be9b66"},"headline":"Arroyo plante\u00f3 la necesidad de \u00abun ingreso universal de base con contraprestaci\u00f3n laboral\u00bb","datePublished":"2021-07-05T20:09:01+00:00","mainEntityOfPage":{"@id":"https:\/\/cvinoticias.com\/v3\/arroyo-planteo-la-necesidad-de-un-ingreso-universal-de-base-con-contraprestacion-laboral\/"},"wordCount":437,"commentCount":1,"publisher":{"@id":"https:\/\/cvinoticias.com\/v3\/#organization"},"image":{"@id":"https:\/\/cvinoticias.com\/v3\/arroyo-planteo-la-necesidad-de-un-ingreso-universal-de-base-con-contraprestacion-laboral\/#primaryimage"},"thumbnailUrl":"https:\/\/cvinoticias.com\/wp-content\/uploads\/2021\/07\/images-9.jpeg","articleSection":["Informaci\u00f3n General"],"inLanguage":"es","potentialAction":[{"@type":"CommentAction","name":"Comment","target":["https:\/\/cvinoticias.com\/v3\/arroyo-planteo-la-necesidad-de-un-ingreso-universal-de-base-con-contraprestacion-laboral\/#respond"]}]},{"@type":"WebPage","@id":"https:\/\/cvinoticias.com\/v3\/arroyo-planteo-la-necesidad-de-un-ingreso-universal-de-base-con-contraprestacion-laboral\/","url":"https:\/\/cvinoticias.com\/v3\/arroyo-planteo-la-necesidad-de-un-ingreso-universal-de-base-con-contraprestacion-laboral\/","name":"Arroyo plante\u00f3 la necesidad de \"un ingreso universal de base con contraprestaci\u00f3n laboral\" | CVI NOTICIAS","isPartOf":{"@id":"https:\/\/cvinoticias.com\/v3\/#website"},"primaryImageOfPage":{"@id":"https:\/\/cvinoticias.com\/v3\/arroyo-planteo-la-necesidad-de-un-ingreso-universal-de-base-con-contraprestacion-laboral\/#primaryimage"},"image":{"@id":"https:\/\/cvinoticias.com\/v3\/arroyo-planteo-la-necesidad-de-un-ingreso-universal-de-base-con-contraprestacion-laboral\/#primaryimage"},"thumbnailUrl":"https:\/\/cvinoticias.com\/wp-content\/uploads\/2021\/07\/images-9.jpeg","datePublished":"2021-07-05T20:09:01+00:00","breadcrumb":{"@id":"https:\/\/cvinoticias.com\/v3\/arroyo-planteo-la-necesidad-de-un-ingreso-universal-de-base-con-contraprestacion-laboral\/#breadcrumb"},"inLanguage":"es","potentialAction":[{"@type":"ReadAction","target":["https:\/\/cvinoticias.com\/v3\/arroyo-planteo-la-necesidad-de-un-ingreso-universal-de-base-con-contraprestacion-laboral\/"]}]},{"@type":"ImageObject","inLanguage":"es","@id":"https:\/\/cvinoticias.com\/v3\/arroyo-planteo-la-necesidad-de-un-ingreso-universal-de-base-con-contraprestacion-laboral\/#primaryimage","url":"https:\/\/cvinoticias.com\/wp-content\/uploads\/2021\/07\/images-9.jpeg","contentUrl":"https:\/\/cvinoticias.com\/wp-content\/uploads\/2021\/07\/images-9.jpeg","width":300,"height":168},{"@type":"BreadcrumbList","@id":"https:\/\/cvinoticias.com\/v3\/arroyo-planteo-la-necesidad-de-un-ingreso-universal-de-base-con-contraprestacion-laboral\/#breadcrumb","itemListElement":[{"@type":"ListItem","position":1,"name":"Portada","item":"https:\/\/cvinoticias.com\/v3\/"},{"@type":"ListItem","position":2,"name":"Arroyo plante\u00f3 la necesidad de \u00abun ingreso universal de base con contraprestaci\u00f3n laboral\u00bb"}]},{"@type":"WebSite","@id":"https:\/\/cvinoticias.com\/v3\/#website","url":"https:\/\/cvinoticias.com\/v3\/","name":"CVI NOTICIAS","description":"","publisher":{"@id":"https:\/\/cvinoticias.com\/v3\/#organization"},"alternateName":"CVI","potentialAction":[{"@type":"SearchAction","target":{"@type":"EntryPoint","urlTemplate":"https:\/\/cvinoticias.com\/v3\/?s={search_term_string}"},"query-input":{"@type":"PropertyValueSpecification","valueRequired":true,"valueName":"search_term_string"}}],"inLanguage":"es"},{"@type":"Organization","@id":"https:\/\/cvinoticias.com\/v3\/#organization","name":"CVI NOTICIAS","url":"https:\/\/cvinoticias.com\/v3\/","logo":{"@type":"ImageObject","inLanguage":"es","@id":"https:\/\/cvinoticias.com\/v3\/#\/schema\/logo\/image\/","url":"https:\/\/cvinoticias.com\/wp-content\/uploads\/2023\/04\/cropped-cropped-cropped-cropped-cropped-3-1.png","contentUrl":"https:\/\/cvinoticias.com\/wp-content\/uploads\/2023\/04\/cropped-cropped-cropped-cropped-cropped-3-1.png","width":95,"height":122,"caption":"CVI NOTICIAS"},"image":{"@id":"https:\/\/cvinoticias.com\/v3\/#\/schema\/logo\/image\/"},"sameAs":["https:\/\/www.facebook.com\/cvinoticias","https:\/\/www.instagram.com\/cvinoticias\/","https:\/\/www.youtube.com\/@CVINOTICIAS"]},{"@type":"Person","@id":"https:\/\/cvinoticias.com\/v3\/#\/schema\/person\/2db77e3c6bc03c538495d7b2b8be9b66","name":"f1000024","image":{"@type":"ImageObject","inLanguage":"es","@id":"https:\/\/secure.gravatar.com\/avatar\/d4fe7459cfc51ff5129ce1a732bbef5928568b8092d412ef95611616376bbeed?s=96&d=mm&r=g","url":"https:\/\/secure.gravatar.com\/avatar\/d4fe7459cfc51ff5129ce1a732bbef5928568b8092d412ef95611616376bbeed?s=96&d=mm&r=g","contentUrl":"https:\/\/secure.gravatar.com\/avatar\/d4fe7459cfc51ff5129ce1a732bbef5928568b8092d412ef95611616376bbeed?s=96&d=mm&r=g","caption":"f1000024"},"url":"https:\/\/cvinoticias.com\/v3\/author\/f1000024\/"}]}},"_links":{"self":[{"href":"https:\/\/cvinoticias.com\/v3\/wp-json\/wp\/v2\/posts\/6593","targetHints":{"allow":["GET"]}}],"collection":[{"href":"https:\/\/cvinoticias.com\/v3\/wp-json\/wp\/v2\/posts"}],"about":[{"href":"https:\/\/cvinoticias.com\/v3\/wp-json\/wp\/v2\/types\/post"}],"author":[{"embeddable":true,"href":"https:\/\/cvinoticias.com\/v3\/wp-json\/wp\/v2\/users\/2"}],"replies":[{"embeddable":true,"href":"https:\/\/cvinoticias.com\/v3\/wp-json\/wp\/v2\/comments?post=6593"}],"version-history":[{"count":1,"href":"https:\/\/cvinoticias.com\/v3\/wp-json\/wp\/v2\/posts\/6593\/revisions"}],"predecessor-version":[{"id":6595,"href":"https:\/\/cvinoticias.com\/v3\/wp-json\/wp\/v2\/posts\/6593\/revisions\/6595"}],"wp:featuredmedia":[{"embeddable":true,"href":"https:\/\/cvinoticias.com\/v3\/wp-json\/wp\/v2\/media\/6594"}],"wp:attachment":[{"href":"https:\/\/cvinoticias.com\/v3\/wp-json\/wp\/v2\/media?parent=6593"}],"wp:term":[{"taxonomy":"category","embeddable":true,"href":"https:\/\/cvinoticias.com\/v3\/wp-json\/wp\/v2\/categories?post=6593"},{"taxonomy":"post_tag","embeddable":true,"href":"https:\/\/cvinoticias.com\/v3\/wp-json\/wp\/v2\/tags?post=6593"}],"curies":[{"name":"wp","href":"https:\/\/api.w.org\/{rel}","templated":true}]}}