{"id":6590,"date":"2021-07-05T19:35:42","date_gmt":"2021-07-05T19:35:42","guid":{"rendered":"https:\/\/cvinoticias.com\/v3\/?p=6590"},"modified":"2021-07-05T19:35:42","modified_gmt":"2021-07-05T19:35:42","slug":"imas-finalizo-los-trabajos-del-sellado-del-carcamo-y-se-espera-que-en-las-proximas-horas-se-normalice-la-distribucion-de-agua","status":"publish","type":"post","link":"https:\/\/cvinoticias.com\/v3\/imas-finalizo-los-trabajos-del-sellado-del-carcamo-y-se-espera-que-en-las-proximas-horas-se-normalice-la-distribucion-de-agua\/","title":{"rendered":"Imas finaliz\u00f3 los trabajos del sellado del c\u00e1rcamo y se espera que en las pr\u00f3ximas horas se normalice la distribuci\u00f3n de agua"},"content":{"rendered":"\n<p><strong><em>El Instituto Misionero de Agua y Saneamiento (IMAS) concluy\u00f3 con los trabajos de sellado definitivo del c\u00e1rcamo, ubicado en la toma de agua sobre el r\u00edo Iguaz\u00fa,\u00a0actividad que comenz\u00f3 el pasado mi\u00e9rcoles. <\/em><\/strong><\/p>\n\n\n\n<p>En primera instancia se estim\u00f3 que las tareas durar\u00edan 12 horas, pero se presentaron algunos imprevistos por la crecida del r\u00edo Iguaz\u00fa, que retrasaron las mismas. Ahora que ya se concret\u00f3 la\u00a0modificaci\u00f3n en el sistema de captaci\u00f3n de agua en dicho r\u00edo, permitir\u00e1 aumentar la producci\u00f3n de agua potable y normalizar el servicio de distribuci\u00f3n.<\/p>\n\n\n\n<p>En declaraciones, Ulises Espinoza, Director Ejecutivo del IMAS, indic\u00f3 que \u201cun grupo de ingenieros el\u00e9ctricos, metal\u00fargicos y electromec\u00e1nicos trabaj\u00f3 en todos los detalles. Ayer (por el domingo) bajamos el equipo grande, se hicieron las pruebas y anduvieron bien\u201d.\u00a0Agreg\u00f3 que \u201cuna vez que finalice todo se probar\u00e1 si se puede trabajar con dos equipos\u201d.<\/p>\n\n\n\n<p>\u201cLuego de que se hagan las pruebas, la producci\u00f3n ya estar\u00eda al 100%; pero se debe tener en cuenta que la distribuci\u00f3n demora un poco m\u00e1s\u201d, apunt\u00f3, aclarando que este lunes la planta est\u00e1 trabajando al 60%.<\/p>\n\n\n\n<p>Por su parte,\u00a0M\u00f3nica Borr\u00e1s,\u00a0vecina que forma parte del Comit\u00e9 de Crisis de Iguaz\u00fa, dijo al diario Primera Edici\u00f3n que\u00a0\u201cgran parte de la ciudad tiene agua desde hace un par de d\u00edas; a pesar de que no se hab\u00eda terminado de solucionar el tema del c\u00e1rcamo\u201d. Pero, apunt\u00f3 que\u00a0los barrios que est\u00e1n ubicados en zonas altas todav\u00eda padecen de la falta de l\u00edquido.<\/p>\n\n\n\n<p>Record\u00f3 que los bomberos voluntarios asistieron a los vecinos con la entrega de agua d\u00edas atr\u00e1s cuando comenz\u00f3 el trabajo en el c\u00e1rcamo.<\/p>\n\n\n\n<p>Expuso que -seg\u00fan lo explicado por los t\u00e9cnicos-\u00a0\u201cel problema fue que empez\u00f3 a subir el r\u00edo y comenz\u00f3 a entrar agua por debajo; por lo cual no pod\u00edan terminar de sellar\u201d.<\/p>\n\n\n\n<p>\u201cEsto ser\u00eda lo m\u00e1s urgente, pero quedamos a la espera del inicio de las obras definitivas\u201d, sostuvo.<\/p>\n\n\n\n<p><\/p>\n\n\n\n<p><strong>Fuente: El Independiente <\/strong><\/p>\n","protected":false},"excerpt":{"rendered":"<p>El Instituto Misionero de Agua y Saneamiento (IMAS) concluy\u00f3 con los trabajos de sellado definitivo del c\u00e1rcamo, ubicado en la toma de agua sobre el r\u00edo Iguaz\u00fa,\u00a0actividad que comenz\u00f3 el pasado mi\u00e9rcoles. En primera instancia se estim\u00f3 que las tareas durar\u00edan 12 horas, pero se presentaron algunos imprevistos por la crecida del r\u00edo Iguaz\u00fa, que [&hellip;]<\/p>\n","protected":false},"author":2,"featured_media":6591,"comment_status":"open","ping_status":"open","sticky":false,"template":"","format":"standard","meta":{"footnotes":""},"categories":[29],"tags":[],"class_list":["post-6590","post","type-post","status-publish","format-standard","has-post-thumbnail","hentry","category-locales"],"yoast_head":"<!-- This site is optimized with the Yoast SEO plugin v27.5 - https:\/\/yoast.com\/product\/yoast-seo-wordpress\/ -->\n<title>Imas finaliz\u00f3 los trabajos del sellado del c\u00e1rcamo y se espera que en las pr\u00f3ximas horas se normalice la distribuci\u00f3n de agua | CVI NOTICIAS<\/title>\n<meta name=\"robots\" content=\"index, follow, max-snippet:-1, max-image-preview:large, max-video-preview:-1\" \/>\n<link rel=\"canonical\" href=\"https:\/\/cvinoticias.com\/v3\/imas-finalizo-los-trabajos-del-sellado-del-carcamo-y-se-espera-que-en-las-proximas-horas-se-normalice-la-distribucion-de-agua\/\" \/>\n<meta property=\"og:locale\" content=\"es_ES\" \/>\n<meta property=\"og:type\" content=\"article\" \/>\n<meta property=\"og:title\" content=\"Imas finaliz\u00f3 los trabajos del sellado del c\u00e1rcamo y se espera que en las pr\u00f3ximas horas se normalice la distribuci\u00f3n de agua | CVI NOTICIAS\" \/>\n<meta property=\"og:description\" content=\"El Instituto Misionero de Agua y Saneamiento (IMAS) concluy\u00f3 con los trabajos de sellado definitivo del c\u00e1rcamo, ubicado en la toma de agua sobre el r\u00edo Iguaz\u00fa,\u00a0actividad que comenz\u00f3 el pasado mi\u00e9rcoles. En primera instancia se estim\u00f3 que las tareas durar\u00edan 12 horas, pero se presentaron algunos imprevistos por la crecida del r\u00edo Iguaz\u00fa, que [&hellip;]\" \/>\n<meta property=\"og:url\" content=\"https:\/\/cvinoticias.com\/v3\/imas-finalizo-los-trabajos-del-sellado-del-carcamo-y-se-espera-que-en-las-proximas-horas-se-normalice-la-distribucion-de-agua\/\" \/>\n<meta property=\"og:site_name\" content=\"CVI NOTICIAS\" \/>\n<meta property=\"article:publisher\" content=\"https:\/\/www.facebook.com\/cvinoticias\" \/>\n<meta property=\"article:published_time\" content=\"2021-07-05T19:35:42+00:00\" \/>\n<meta property=\"og:image\" content=\"https:\/\/cvinoticias.com\/wp-content\/uploads\/2021\/07\/IMG-20210613-WA0130.jpg\" \/>\n\t<meta property=\"og:image:width\" content=\"1280\" \/>\n\t<meta property=\"og:image:height\" content=\"720\" \/>\n\t<meta property=\"og:image:type\" content=\"image\/jpeg\" \/>\n<meta name=\"author\" content=\"f1000024\" \/>\n<meta name=\"twitter:card\" content=\"summary_large_image\" \/>\n<meta name=\"twitter:label1\" content=\"Escrito por\" \/>\n\t<meta name=\"twitter:data1\" content=\"f1000024\" \/>\n\t<meta name=\"twitter:label2\" content=\"Tiempo de lectura\" \/>\n\t<meta name=\"twitter:data2\" content=\"2 minutos\" \/>\n<script type=\"application\/ld+json\" class=\"yoast-schema-graph\">{\"@context\":\"https:\\\/\\\/schema.org\",\"@graph\":[{\"@type\":\"Article\",\"@id\":\"https:\\\/\\\/cvinoticias.com\\\/v3\\\/imas-finalizo-los-trabajos-del-sellado-del-carcamo-y-se-espera-que-en-las-proximas-horas-se-normalice-la-distribucion-de-agua\\\/#article\",\"isPartOf\":{\"@id\":\"https:\\\/\\\/cvinoticias.com\\\/v3\\\/imas-finalizo-los-trabajos-del-sellado-del-carcamo-y-se-espera-que-en-las-proximas-horas-se-normalice-la-distribucion-de-agua\\\/\"},\"author\":{\"name\":\"f1000024\",\"@id\":\"https:\\\/\\\/cvinoticias.com\\\/v3\\\/#\\\/schema\\\/person\\\/2db77e3c6bc03c538495d7b2b8be9b66\"},\"headline\":\"Imas finaliz\u00f3 los trabajos del sellado del c\u00e1rcamo y se espera que en las pr\u00f3ximas horas se normalice la distribuci\u00f3n de agua\",\"datePublished\":\"2021-07-05T19:35:42+00:00\",\"mainEntityOfPage\":{\"@id\":\"https:\\\/\\\/cvinoticias.com\\\/v3\\\/imas-finalizo-los-trabajos-del-sellado-del-carcamo-y-se-espera-que-en-las-proximas-horas-se-normalice-la-distribucion-de-agua\\\/\"},\"wordCount\":378,\"commentCount\":0,\"publisher\":{\"@id\":\"https:\\\/\\\/cvinoticias.com\\\/v3\\\/#organization\"},\"image\":{\"@id\":\"https:\\\/\\\/cvinoticias.com\\\/v3\\\/imas-finalizo-los-trabajos-del-sellado-del-carcamo-y-se-espera-que-en-las-proximas-horas-se-normalice-la-distribucion-de-agua\\\/#primaryimage\"},\"thumbnailUrl\":\"https:\\\/\\\/cvinoticias.com\\\/wp-content\\\/uploads\\\/2021\\\/07\\\/IMG-20210613-WA0130.jpg\",\"articleSection\":[\"Locales\"],\"inLanguage\":\"es\",\"potentialAction\":[{\"@type\":\"CommentAction\",\"name\":\"Comment\",\"target\":[\"https:\\\/\\\/cvinoticias.com\\\/v3\\\/imas-finalizo-los-trabajos-del-sellado-del-carcamo-y-se-espera-que-en-las-proximas-horas-se-normalice-la-distribucion-de-agua\\\/#respond\"]}]},{\"@type\":\"WebPage\",\"@id\":\"https:\\\/\\\/cvinoticias.com\\\/v3\\\/imas-finalizo-los-trabajos-del-sellado-del-carcamo-y-se-espera-que-en-las-proximas-horas-se-normalice-la-distribucion-de-agua\\\/\",\"url\":\"https:\\\/\\\/cvinoticias.com\\\/v3\\\/imas-finalizo-los-trabajos-del-sellado-del-carcamo-y-se-espera-que-en-las-proximas-horas-se-normalice-la-distribucion-de-agua\\\/\",\"name\":\"Imas finaliz\u00f3 los trabajos del sellado del c\u00e1rcamo y se espera que en las pr\u00f3ximas horas se normalice la distribuci\u00f3n de agua | CVI NOTICIAS\",\"isPartOf\":{\"@id\":\"https:\\\/\\\/cvinoticias.com\\\/v3\\\/#website\"},\"primaryImageOfPage\":{\"@id\":\"https:\\\/\\\/cvinoticias.com\\\/v3\\\/imas-finalizo-los-trabajos-del-sellado-del-carcamo-y-se-espera-que-en-las-proximas-horas-se-normalice-la-distribucion-de-agua\\\/#primaryimage\"},\"image\":{\"@id\":\"https:\\\/\\\/cvinoticias.com\\\/v3\\\/imas-finalizo-los-trabajos-del-sellado-del-carcamo-y-se-espera-que-en-las-proximas-horas-se-normalice-la-distribucion-de-agua\\\/#primaryimage\"},\"thumbnailUrl\":\"https:\\\/\\\/cvinoticias.com\\\/wp-content\\\/uploads\\\/2021\\\/07\\\/IMG-20210613-WA0130.jpg\",\"datePublished\":\"2021-07-05T19:35:42+00:00\",\"breadcrumb\":{\"@id\":\"https:\\\/\\\/cvinoticias.com\\\/v3\\\/imas-finalizo-los-trabajos-del-sellado-del-carcamo-y-se-espera-que-en-las-proximas-horas-se-normalice-la-distribucion-de-agua\\\/#breadcrumb\"},\"inLanguage\":\"es\",\"potentialAction\":[{\"@type\":\"ReadAction\",\"target\":[\"https:\\\/\\\/cvinoticias.com\\\/v3\\\/imas-finalizo-los-trabajos-del-sellado-del-carcamo-y-se-espera-que-en-las-proximas-horas-se-normalice-la-distribucion-de-agua\\\/\"]}]},{\"@type\":\"ImageObject\",\"inLanguage\":\"es\",\"@id\":\"https:\\\/\\\/cvinoticias.com\\\/v3\\\/imas-finalizo-los-trabajos-del-sellado-del-carcamo-y-se-espera-que-en-las-proximas-horas-se-normalice-la-distribucion-de-agua\\\/#primaryimage\",\"url\":\"https:\\\/\\\/cvinoticias.com\\\/wp-content\\\/uploads\\\/2021\\\/07\\\/IMG-20210613-WA0130.jpg\",\"contentUrl\":\"https:\\\/\\\/cvinoticias.com\\\/wp-content\\\/uploads\\\/2021\\\/07\\\/IMG-20210613-WA0130.jpg\",\"width\":1280,\"height\":720},{\"@type\":\"BreadcrumbList\",\"@id\":\"https:\\\/\\\/cvinoticias.com\\\/v3\\\/imas-finalizo-los-trabajos-del-sellado-del-carcamo-y-se-espera-que-en-las-proximas-horas-se-normalice-la-distribucion-de-agua\\\/#breadcrumb\",\"itemListElement\":[{\"@type\":\"ListItem\",\"position\":1,\"name\":\"Portada\",\"item\":\"https:\\\/\\\/cvinoticias.com\\\/v3\\\/\"},{\"@type\":\"ListItem\",\"position\":2,\"name\":\"Imas finaliz\u00f3 los trabajos del sellado del c\u00e1rcamo y se espera que en las pr\u00f3ximas horas se normalice la distribuci\u00f3n de agua\"}]},{\"@type\":\"WebSite\",\"@id\":\"https:\\\/\\\/cvinoticias.com\\\/v3\\\/#website\",\"url\":\"https:\\\/\\\/cvinoticias.com\\\/v3\\\/\",\"name\":\"CVI NOTICIAS\",\"description\":\"\",\"publisher\":{\"@id\":\"https:\\\/\\\/cvinoticias.com\\\/v3\\\/#organization\"},\"alternateName\":\"CVI\",\"potentialAction\":[{\"@type\":\"SearchAction\",\"target\":{\"@type\":\"EntryPoint\",\"urlTemplate\":\"https:\\\/\\\/cvinoticias.com\\\/v3\\\/?s={search_term_string}\"},\"query-input\":{\"@type\":\"PropertyValueSpecification\",\"valueRequired\":true,\"valueName\":\"search_term_string\"}}],\"inLanguage\":\"es\"},{\"@type\":\"Organization\",\"@id\":\"https:\\\/\\\/cvinoticias.com\\\/v3\\\/#organization\",\"name\":\"CVI NOTICIAS\",\"url\":\"https:\\\/\\\/cvinoticias.com\\\/v3\\\/\",\"logo\":{\"@type\":\"ImageObject\",\"inLanguage\":\"es\",\"@id\":\"https:\\\/\\\/cvinoticias.com\\\/v3\\\/#\\\/schema\\\/logo\\\/image\\\/\",\"url\":\"https:\\\/\\\/cvinoticias.com\\\/wp-content\\\/uploads\\\/2023\\\/04\\\/cropped-cropped-cropped-cropped-cropped-3-1.png\",\"contentUrl\":\"https:\\\/\\\/cvinoticias.com\\\/wp-content\\\/uploads\\\/2023\\\/04\\\/cropped-cropped-cropped-cropped-cropped-3-1.png\",\"width\":95,\"height\":122,\"caption\":\"CVI NOTICIAS\"},\"image\":{\"@id\":\"https:\\\/\\\/cvinoticias.com\\\/v3\\\/#\\\/schema\\\/logo\\\/image\\\/\"},\"sameAs\":[\"https:\\\/\\\/www.facebook.com\\\/cvinoticias\",\"https:\\\/\\\/www.instagram.com\\\/cvinoticias\\\/\",\"https:\\\/\\\/www.youtube.com\\\/@CVINOTICIAS\"]},{\"@type\":\"Person\",\"@id\":\"https:\\\/\\\/cvinoticias.com\\\/v3\\\/#\\\/schema\\\/person\\\/2db77e3c6bc03c538495d7b2b8be9b66\",\"name\":\"f1000024\",\"image\":{\"@type\":\"ImageObject\",\"inLanguage\":\"es\",\"@id\":\"https:\\\/\\\/secure.gravatar.com\\\/avatar\\\/d4fe7459cfc51ff5129ce1a732bbef5928568b8092d412ef95611616376bbeed?s=96&d=mm&r=g\",\"url\":\"https:\\\/\\\/secure.gravatar.com\\\/avatar\\\/d4fe7459cfc51ff5129ce1a732bbef5928568b8092d412ef95611616376bbeed?s=96&d=mm&r=g\",\"contentUrl\":\"https:\\\/\\\/secure.gravatar.com\\\/avatar\\\/d4fe7459cfc51ff5129ce1a732bbef5928568b8092d412ef95611616376bbeed?s=96&d=mm&r=g\",\"caption\":\"f1000024\"},\"url\":\"https:\\\/\\\/cvinoticias.com\\\/v3\\\/author\\\/f1000024\\\/\"}]}<\/script>\n<!-- \/ Yoast SEO plugin. -->","yoast_head_json":{"title":"Imas finaliz\u00f3 los trabajos del sellado del c\u00e1rcamo y se espera que en las pr\u00f3ximas horas se normalice la distribuci\u00f3n de agua | CVI NOTICIAS","robots":{"index":"index","follow":"follow","max-snippet":"max-snippet:-1","max-image-preview":"max-image-preview:large","max-video-preview":"max-video-preview:-1"},"canonical":"https:\/\/cvinoticias.com\/v3\/imas-finalizo-los-trabajos-del-sellado-del-carcamo-y-se-espera-que-en-las-proximas-horas-se-normalice-la-distribucion-de-agua\/","og_locale":"es_ES","og_type":"article","og_title":"Imas finaliz\u00f3 los trabajos del sellado del c\u00e1rcamo y se espera que en las pr\u00f3ximas horas se normalice la distribuci\u00f3n de agua | CVI NOTICIAS","og_description":"El Instituto Misionero de Agua y Saneamiento (IMAS) concluy\u00f3 con los trabajos de sellado definitivo del c\u00e1rcamo, ubicado en la toma de agua sobre el r\u00edo Iguaz\u00fa,\u00a0actividad que comenz\u00f3 el pasado mi\u00e9rcoles. En primera instancia se estim\u00f3 que las tareas durar\u00edan 12 horas, pero se presentaron algunos imprevistos por la crecida del r\u00edo Iguaz\u00fa, que [&hellip;]","og_url":"https:\/\/cvinoticias.com\/v3\/imas-finalizo-los-trabajos-del-sellado-del-carcamo-y-se-espera-que-en-las-proximas-horas-se-normalice-la-distribucion-de-agua\/","og_site_name":"CVI NOTICIAS","article_publisher":"https:\/\/www.facebook.com\/cvinoticias","article_published_time":"2021-07-05T19:35:42+00:00","og_image":[{"width":1280,"height":720,"url":"https:\/\/cvinoticias.com\/wp-content\/uploads\/2021\/07\/IMG-20210613-WA0130.jpg","type":"image\/jpeg"}],"author":"f1000024","twitter_card":"summary_large_image","twitter_misc":{"Escrito por":"f1000024","Tiempo de lectura":"2 minutos"},"schema":{"@context":"https:\/\/schema.org","@graph":[{"@type":"Article","@id":"https:\/\/cvinoticias.com\/v3\/imas-finalizo-los-trabajos-del-sellado-del-carcamo-y-se-espera-que-en-las-proximas-horas-se-normalice-la-distribucion-de-agua\/#article","isPartOf":{"@id":"https:\/\/cvinoticias.com\/v3\/imas-finalizo-los-trabajos-del-sellado-del-carcamo-y-se-espera-que-en-las-proximas-horas-se-normalice-la-distribucion-de-agua\/"},"author":{"name":"f1000024","@id":"https:\/\/cvinoticias.com\/v3\/#\/schema\/person\/2db77e3c6bc03c538495d7b2b8be9b66"},"headline":"Imas finaliz\u00f3 los trabajos del sellado del c\u00e1rcamo y se espera que en las pr\u00f3ximas horas se normalice la distribuci\u00f3n de agua","datePublished":"2021-07-05T19:35:42+00:00","mainEntityOfPage":{"@id":"https:\/\/cvinoticias.com\/v3\/imas-finalizo-los-trabajos-del-sellado-del-carcamo-y-se-espera-que-en-las-proximas-horas-se-normalice-la-distribucion-de-agua\/"},"wordCount":378,"commentCount":0,"publisher":{"@id":"https:\/\/cvinoticias.com\/v3\/#organization"},"image":{"@id":"https:\/\/cvinoticias.com\/v3\/imas-finalizo-los-trabajos-del-sellado-del-carcamo-y-se-espera-que-en-las-proximas-horas-se-normalice-la-distribucion-de-agua\/#primaryimage"},"thumbnailUrl":"https:\/\/cvinoticias.com\/wp-content\/uploads\/2021\/07\/IMG-20210613-WA0130.jpg","articleSection":["Locales"],"inLanguage":"es","potentialAction":[{"@type":"CommentAction","name":"Comment","target":["https:\/\/cvinoticias.com\/v3\/imas-finalizo-los-trabajos-del-sellado-del-carcamo-y-se-espera-que-en-las-proximas-horas-se-normalice-la-distribucion-de-agua\/#respond"]}]},{"@type":"WebPage","@id":"https:\/\/cvinoticias.com\/v3\/imas-finalizo-los-trabajos-del-sellado-del-carcamo-y-se-espera-que-en-las-proximas-horas-se-normalice-la-distribucion-de-agua\/","url":"https:\/\/cvinoticias.com\/v3\/imas-finalizo-los-trabajos-del-sellado-del-carcamo-y-se-espera-que-en-las-proximas-horas-se-normalice-la-distribucion-de-agua\/","name":"Imas finaliz\u00f3 los trabajos del sellado del c\u00e1rcamo y se espera que en las pr\u00f3ximas horas se normalice la distribuci\u00f3n de agua | CVI NOTICIAS","isPartOf":{"@id":"https:\/\/cvinoticias.com\/v3\/#website"},"primaryImageOfPage":{"@id":"https:\/\/cvinoticias.com\/v3\/imas-finalizo-los-trabajos-del-sellado-del-carcamo-y-se-espera-que-en-las-proximas-horas-se-normalice-la-distribucion-de-agua\/#primaryimage"},"image":{"@id":"https:\/\/cvinoticias.com\/v3\/imas-finalizo-los-trabajos-del-sellado-del-carcamo-y-se-espera-que-en-las-proximas-horas-se-normalice-la-distribucion-de-agua\/#primaryimage"},"thumbnailUrl":"https:\/\/cvinoticias.com\/wp-content\/uploads\/2021\/07\/IMG-20210613-WA0130.jpg","datePublished":"2021-07-05T19:35:42+00:00","breadcrumb":{"@id":"https:\/\/cvinoticias.com\/v3\/imas-finalizo-los-trabajos-del-sellado-del-carcamo-y-se-espera-que-en-las-proximas-horas-se-normalice-la-distribucion-de-agua\/#breadcrumb"},"inLanguage":"es","potentialAction":[{"@type":"ReadAction","target":["https:\/\/cvinoticias.com\/v3\/imas-finalizo-los-trabajos-del-sellado-del-carcamo-y-se-espera-que-en-las-proximas-horas-se-normalice-la-distribucion-de-agua\/"]}]},{"@type":"ImageObject","inLanguage":"es","@id":"https:\/\/cvinoticias.com\/v3\/imas-finalizo-los-trabajos-del-sellado-del-carcamo-y-se-espera-que-en-las-proximas-horas-se-normalice-la-distribucion-de-agua\/#primaryimage","url":"https:\/\/cvinoticias.com\/wp-content\/uploads\/2021\/07\/IMG-20210613-WA0130.jpg","contentUrl":"https:\/\/cvinoticias.com\/wp-content\/uploads\/2021\/07\/IMG-20210613-WA0130.jpg","width":1280,"height":720},{"@type":"BreadcrumbList","@id":"https:\/\/cvinoticias.com\/v3\/imas-finalizo-los-trabajos-del-sellado-del-carcamo-y-se-espera-que-en-las-proximas-horas-se-normalice-la-distribucion-de-agua\/#breadcrumb","itemListElement":[{"@type":"ListItem","position":1,"name":"Portada","item":"https:\/\/cvinoticias.com\/v3\/"},{"@type":"ListItem","position":2,"name":"Imas finaliz\u00f3 los trabajos del sellado del c\u00e1rcamo y se espera que en las pr\u00f3ximas horas se normalice la distribuci\u00f3n de agua"}]},{"@type":"WebSite","@id":"https:\/\/cvinoticias.com\/v3\/#website","url":"https:\/\/cvinoticias.com\/v3\/","name":"CVI NOTICIAS","description":"","publisher":{"@id":"https:\/\/cvinoticias.com\/v3\/#organization"},"alternateName":"CVI","potentialAction":[{"@type":"SearchAction","target":{"@type":"EntryPoint","urlTemplate":"https:\/\/cvinoticias.com\/v3\/?s={search_term_string}"},"query-input":{"@type":"PropertyValueSpecification","valueRequired":true,"valueName":"search_term_string"}}],"inLanguage":"es"},{"@type":"Organization","@id":"https:\/\/cvinoticias.com\/v3\/#organization","name":"CVI NOTICIAS","url":"https:\/\/cvinoticias.com\/v3\/","logo":{"@type":"ImageObject","inLanguage":"es","@id":"https:\/\/cvinoticias.com\/v3\/#\/schema\/logo\/image\/","url":"https:\/\/cvinoticias.com\/wp-content\/uploads\/2023\/04\/cropped-cropped-cropped-cropped-cropped-3-1.png","contentUrl":"https:\/\/cvinoticias.com\/wp-content\/uploads\/2023\/04\/cropped-cropped-cropped-cropped-cropped-3-1.png","width":95,"height":122,"caption":"CVI NOTICIAS"},"image":{"@id":"https:\/\/cvinoticias.com\/v3\/#\/schema\/logo\/image\/"},"sameAs":["https:\/\/www.facebook.com\/cvinoticias","https:\/\/www.instagram.com\/cvinoticias\/","https:\/\/www.youtube.com\/@CVINOTICIAS"]},{"@type":"Person","@id":"https:\/\/cvinoticias.com\/v3\/#\/schema\/person\/2db77e3c6bc03c538495d7b2b8be9b66","name":"f1000024","image":{"@type":"ImageObject","inLanguage":"es","@id":"https:\/\/secure.gravatar.com\/avatar\/d4fe7459cfc51ff5129ce1a732bbef5928568b8092d412ef95611616376bbeed?s=96&d=mm&r=g","url":"https:\/\/secure.gravatar.com\/avatar\/d4fe7459cfc51ff5129ce1a732bbef5928568b8092d412ef95611616376bbeed?s=96&d=mm&r=g","contentUrl":"https:\/\/secure.gravatar.com\/avatar\/d4fe7459cfc51ff5129ce1a732bbef5928568b8092d412ef95611616376bbeed?s=96&d=mm&r=g","caption":"f1000024"},"url":"https:\/\/cvinoticias.com\/v3\/author\/f1000024\/"}]}},"_links":{"self":[{"href":"https:\/\/cvinoticias.com\/v3\/wp-json\/wp\/v2\/posts\/6590","targetHints":{"allow":["GET"]}}],"collection":[{"href":"https:\/\/cvinoticias.com\/v3\/wp-json\/wp\/v2\/posts"}],"about":[{"href":"https:\/\/cvinoticias.com\/v3\/wp-json\/wp\/v2\/types\/post"}],"author":[{"embeddable":true,"href":"https:\/\/cvinoticias.com\/v3\/wp-json\/wp\/v2\/users\/2"}],"replies":[{"embeddable":true,"href":"https:\/\/cvinoticias.com\/v3\/wp-json\/wp\/v2\/comments?post=6590"}],"version-history":[{"count":1,"href":"https:\/\/cvinoticias.com\/v3\/wp-json\/wp\/v2\/posts\/6590\/revisions"}],"predecessor-version":[{"id":6592,"href":"https:\/\/cvinoticias.com\/v3\/wp-json\/wp\/v2\/posts\/6590\/revisions\/6592"}],"wp:featuredmedia":[{"embeddable":true,"href":"https:\/\/cvinoticias.com\/v3\/wp-json\/wp\/v2\/media\/6591"}],"wp:attachment":[{"href":"https:\/\/cvinoticias.com\/v3\/wp-json\/wp\/v2\/media?parent=6590"}],"wp:term":[{"taxonomy":"category","embeddable":true,"href":"https:\/\/cvinoticias.com\/v3\/wp-json\/wp\/v2\/categories?post=6590"},{"taxonomy":"post_tag","embeddable":true,"href":"https:\/\/cvinoticias.com\/v3\/wp-json\/wp\/v2\/tags?post=6590"}],"curies":[{"name":"wp","href":"https:\/\/api.w.org\/{rel}","templated":true}]}}