{"id":6580,"date":"2021-07-05T15:27:49","date_gmt":"2021-07-05T15:27:49","guid":{"rendered":"https:\/\/cvinoticias.com\/v3\/?p=6580"},"modified":"2021-07-05T15:27:49","modified_gmt":"2021-07-05T15:27:49","slug":"muere-a-los-78-anos-la-iconica-cantante-italiana-raffaella-carra","status":"publish","type":"post","link":"https:\/\/cvinoticias.com\/v3\/muere-a-los-78-anos-la-iconica-cantante-italiana-raffaella-carra\/","title":{"rendered":"Muere a los 78 a\u00f1os la ic\u00f3nica cantante italiana Raffaella Carr\u00e0"},"content":{"rendered":"\n<p><strong><em>Muere a los 78 a\u00f1os la actriz y cantante italiana Raffaella Carr\u00e0, conocida por grandes \u00e9xitos como \u00abHay que venir al sur\u00bb. Raffaella Maria Roberta Pelloni, nombre real de Carr\u00e0, ha fallecido este lunes cinco de julio de una enfermedad que padec\u00eda hace ya tiempo, seg\u00fan explicaban sus familiares a medios italianos.<\/em><\/strong><\/p>\n\n\n\n<p>La noticia la ha dado el que fuera su pareja Sergio Japino, que ha se\u00f1alado en un mensaje: \u00abRaffaella nos ha dejado, nos ha dejado. Se ha ido a un mundo mejor, donde su humanidad, su inconfundible risa y su extraordinario talento brillar\u00e1n para siempre\u00bb, seg\u00fan las mismas informaciones.<\/p>\n","protected":false},"excerpt":{"rendered":"<p>Muere a los 78 a\u00f1os la actriz y cantante italiana Raffaella Carr\u00e0, conocida por grandes \u00e9xitos como \u00abHay que venir al sur\u00bb. Raffaella Maria Roberta Pelloni, nombre real de Carr\u00e0, ha fallecido este lunes cinco de julio de una enfermedad que padec\u00eda hace ya tiempo, seg\u00fan explicaban sus familiares a medios italianos. La noticia la [&hellip;]<\/p>\n","protected":false},"author":2,"featured_media":6581,"comment_status":"open","ping_status":"open","sticky":false,"template":"","format":"standard","meta":{"footnotes":""},"categories":[47],"tags":[],"class_list":["post-6580","post","type-post","status-publish","format-standard","has-post-thumbnail","hentry","category-sociedad"],"yoast_head":"<!-- This site is optimized with the Yoast SEO plugin v27.5 - https:\/\/yoast.com\/product\/yoast-seo-wordpress\/ -->\n<title>Muere a los 78 a\u00f1os la ic\u00f3nica cantante italiana Raffaella Carr\u00e0 | CVI NOTICIAS<\/title>\n<meta name=\"robots\" content=\"index, follow, max-snippet:-1, max-image-preview:large, max-video-preview:-1\" \/>\n<link rel=\"canonical\" href=\"https:\/\/cvinoticias.com\/v3\/muere-a-los-78-anos-la-iconica-cantante-italiana-raffaella-carra\/\" \/>\n<meta property=\"og:locale\" content=\"es_ES\" \/>\n<meta property=\"og:type\" content=\"article\" \/>\n<meta property=\"og:title\" content=\"Muere a los 78 a\u00f1os la ic\u00f3nica cantante italiana Raffaella Carr\u00e0 | CVI NOTICIAS\" \/>\n<meta property=\"og:description\" content=\"Muere a los 78 a\u00f1os la actriz y cantante italiana Raffaella Carr\u00e0, conocida por grandes \u00e9xitos como \u00abHay que venir al sur\u00bb. Raffaella Maria Roberta Pelloni, nombre real de Carr\u00e0, ha fallecido este lunes cinco de julio de una enfermedad que padec\u00eda hace ya tiempo, seg\u00fan explicaban sus familiares a medios italianos. La noticia la [&hellip;]\" \/>\n<meta property=\"og:url\" content=\"https:\/\/cvinoticias.com\/v3\/muere-a-los-78-anos-la-iconica-cantante-italiana-raffaella-carra\/\" \/>\n<meta property=\"og:site_name\" content=\"CVI NOTICIAS\" \/>\n<meta property=\"article:publisher\" content=\"https:\/\/www.facebook.com\/cvinoticias\" \/>\n<meta property=\"article:published_time\" content=\"2021-07-05T15:27:49+00:00\" \/>\n<meta property=\"og:image\" content=\"https:\/\/cvinoticias.com\/wp-content\/uploads\/2021\/07\/images-6.jpeg\" \/>\n\t<meta property=\"og:image:width\" content=\"318\" \/>\n\t<meta property=\"og:image:height\" content=\"159\" \/>\n\t<meta property=\"og:image:type\" content=\"image\/jpeg\" \/>\n<meta name=\"author\" content=\"f1000024\" \/>\n<meta name=\"twitter:card\" content=\"summary_large_image\" \/>\n<meta name=\"twitter:label1\" content=\"Escrito por\" \/>\n\t<meta name=\"twitter:data1\" content=\"f1000024\" \/>\n\t<meta name=\"twitter:label2\" content=\"Tiempo de lectura\" \/>\n\t<meta name=\"twitter:data2\" content=\"1 minuto\" \/>\n<script type=\"application\/ld+json\" class=\"yoast-schema-graph\">{\"@context\":\"https:\\\/\\\/schema.org\",\"@graph\":[{\"@type\":\"Article\",\"@id\":\"https:\\\/\\\/cvinoticias.com\\\/v3\\\/muere-a-los-78-anos-la-iconica-cantante-italiana-raffaella-carra\\\/#article\",\"isPartOf\":{\"@id\":\"https:\\\/\\\/cvinoticias.com\\\/v3\\\/muere-a-los-78-anos-la-iconica-cantante-italiana-raffaella-carra\\\/\"},\"author\":{\"name\":\"f1000024\",\"@id\":\"https:\\\/\\\/cvinoticias.com\\\/v3\\\/#\\\/schema\\\/person\\\/2db77e3c6bc03c538495d7b2b8be9b66\"},\"headline\":\"Muere a los 78 a\u00f1os la ic\u00f3nica cantante italiana Raffaella Carr\u00e0\",\"datePublished\":\"2021-07-05T15:27:49+00:00\",\"mainEntityOfPage\":{\"@id\":\"https:\\\/\\\/cvinoticias.com\\\/v3\\\/muere-a-los-78-anos-la-iconica-cantante-italiana-raffaella-carra\\\/\"},\"wordCount\":118,\"commentCount\":0,\"publisher\":{\"@id\":\"https:\\\/\\\/cvinoticias.com\\\/v3\\\/#organization\"},\"image\":{\"@id\":\"https:\\\/\\\/cvinoticias.com\\\/v3\\\/muere-a-los-78-anos-la-iconica-cantante-italiana-raffaella-carra\\\/#primaryimage\"},\"thumbnailUrl\":\"https:\\\/\\\/cvinoticias.com\\\/wp-content\\\/uploads\\\/2021\\\/07\\\/images-6.jpeg\",\"articleSection\":[\"Sociedad\"],\"inLanguage\":\"es\",\"potentialAction\":[{\"@type\":\"CommentAction\",\"name\":\"Comment\",\"target\":[\"https:\\\/\\\/cvinoticias.com\\\/v3\\\/muere-a-los-78-anos-la-iconica-cantante-italiana-raffaella-carra\\\/#respond\"]}]},{\"@type\":\"WebPage\",\"@id\":\"https:\\\/\\\/cvinoticias.com\\\/v3\\\/muere-a-los-78-anos-la-iconica-cantante-italiana-raffaella-carra\\\/\",\"url\":\"https:\\\/\\\/cvinoticias.com\\\/v3\\\/muere-a-los-78-anos-la-iconica-cantante-italiana-raffaella-carra\\\/\",\"name\":\"Muere a los 78 a\u00f1os la ic\u00f3nica cantante italiana Raffaella Carr\u00e0 | CVI NOTICIAS\",\"isPartOf\":{\"@id\":\"https:\\\/\\\/cvinoticias.com\\\/v3\\\/#website\"},\"primaryImageOfPage\":{\"@id\":\"https:\\\/\\\/cvinoticias.com\\\/v3\\\/muere-a-los-78-anos-la-iconica-cantante-italiana-raffaella-carra\\\/#primaryimage\"},\"image\":{\"@id\":\"https:\\\/\\\/cvinoticias.com\\\/v3\\\/muere-a-los-78-anos-la-iconica-cantante-italiana-raffaella-carra\\\/#primaryimage\"},\"thumbnailUrl\":\"https:\\\/\\\/cvinoticias.com\\\/wp-content\\\/uploads\\\/2021\\\/07\\\/images-6.jpeg\",\"datePublished\":\"2021-07-05T15:27:49+00:00\",\"breadcrumb\":{\"@id\":\"https:\\\/\\\/cvinoticias.com\\\/v3\\\/muere-a-los-78-anos-la-iconica-cantante-italiana-raffaella-carra\\\/#breadcrumb\"},\"inLanguage\":\"es\",\"potentialAction\":[{\"@type\":\"ReadAction\",\"target\":[\"https:\\\/\\\/cvinoticias.com\\\/v3\\\/muere-a-los-78-anos-la-iconica-cantante-italiana-raffaella-carra\\\/\"]}]},{\"@type\":\"ImageObject\",\"inLanguage\":\"es\",\"@id\":\"https:\\\/\\\/cvinoticias.com\\\/v3\\\/muere-a-los-78-anos-la-iconica-cantante-italiana-raffaella-carra\\\/#primaryimage\",\"url\":\"https:\\\/\\\/cvinoticias.com\\\/wp-content\\\/uploads\\\/2021\\\/07\\\/images-6.jpeg\",\"contentUrl\":\"https:\\\/\\\/cvinoticias.com\\\/wp-content\\\/uploads\\\/2021\\\/07\\\/images-6.jpeg\",\"width\":318,\"height\":159},{\"@type\":\"BreadcrumbList\",\"@id\":\"https:\\\/\\\/cvinoticias.com\\\/v3\\\/muere-a-los-78-anos-la-iconica-cantante-italiana-raffaella-carra\\\/#breadcrumb\",\"itemListElement\":[{\"@type\":\"ListItem\",\"position\":1,\"name\":\"Portada\",\"item\":\"https:\\\/\\\/cvinoticias.com\\\/v3\\\/\"},{\"@type\":\"ListItem\",\"position\":2,\"name\":\"Muere a los 78 a\u00f1os la ic\u00f3nica cantante italiana Raffaella Carr\u00e0\"}]},{\"@type\":\"WebSite\",\"@id\":\"https:\\\/\\\/cvinoticias.com\\\/v3\\\/#website\",\"url\":\"https:\\\/\\\/cvinoticias.com\\\/v3\\\/\",\"name\":\"CVI NOTICIAS\",\"description\":\"\",\"publisher\":{\"@id\":\"https:\\\/\\\/cvinoticias.com\\\/v3\\\/#organization\"},\"alternateName\":\"CVI\",\"potentialAction\":[{\"@type\":\"SearchAction\",\"target\":{\"@type\":\"EntryPoint\",\"urlTemplate\":\"https:\\\/\\\/cvinoticias.com\\\/v3\\\/?s={search_term_string}\"},\"query-input\":{\"@type\":\"PropertyValueSpecification\",\"valueRequired\":true,\"valueName\":\"search_term_string\"}}],\"inLanguage\":\"es\"},{\"@type\":\"Organization\",\"@id\":\"https:\\\/\\\/cvinoticias.com\\\/v3\\\/#organization\",\"name\":\"CVI NOTICIAS\",\"url\":\"https:\\\/\\\/cvinoticias.com\\\/v3\\\/\",\"logo\":{\"@type\":\"ImageObject\",\"inLanguage\":\"es\",\"@id\":\"https:\\\/\\\/cvinoticias.com\\\/v3\\\/#\\\/schema\\\/logo\\\/image\\\/\",\"url\":\"https:\\\/\\\/cvinoticias.com\\\/wp-content\\\/uploads\\\/2023\\\/04\\\/cropped-cropped-cropped-cropped-cropped-3-1.png\",\"contentUrl\":\"https:\\\/\\\/cvinoticias.com\\\/wp-content\\\/uploads\\\/2023\\\/04\\\/cropped-cropped-cropped-cropped-cropped-3-1.png\",\"width\":95,\"height\":122,\"caption\":\"CVI NOTICIAS\"},\"image\":{\"@id\":\"https:\\\/\\\/cvinoticias.com\\\/v3\\\/#\\\/schema\\\/logo\\\/image\\\/\"},\"sameAs\":[\"https:\\\/\\\/www.facebook.com\\\/cvinoticias\",\"https:\\\/\\\/www.instagram.com\\\/cvinoticias\\\/\",\"https:\\\/\\\/www.youtube.com\\\/@CVINOTICIAS\"]},{\"@type\":\"Person\",\"@id\":\"https:\\\/\\\/cvinoticias.com\\\/v3\\\/#\\\/schema\\\/person\\\/2db77e3c6bc03c538495d7b2b8be9b66\",\"name\":\"f1000024\",\"image\":{\"@type\":\"ImageObject\",\"inLanguage\":\"es\",\"@id\":\"https:\\\/\\\/secure.gravatar.com\\\/avatar\\\/d4fe7459cfc51ff5129ce1a732bbef5928568b8092d412ef95611616376bbeed?s=96&d=mm&r=g\",\"url\":\"https:\\\/\\\/secure.gravatar.com\\\/avatar\\\/d4fe7459cfc51ff5129ce1a732bbef5928568b8092d412ef95611616376bbeed?s=96&d=mm&r=g\",\"contentUrl\":\"https:\\\/\\\/secure.gravatar.com\\\/avatar\\\/d4fe7459cfc51ff5129ce1a732bbef5928568b8092d412ef95611616376bbeed?s=96&d=mm&r=g\",\"caption\":\"f1000024\"},\"url\":\"https:\\\/\\\/cvinoticias.com\\\/v3\\\/author\\\/f1000024\\\/\"}]}<\/script>\n<!-- \/ Yoast SEO plugin. -->","yoast_head_json":{"title":"Muere a los 78 a\u00f1os la ic\u00f3nica cantante italiana Raffaella Carr\u00e0 | CVI NOTICIAS","robots":{"index":"index","follow":"follow","max-snippet":"max-snippet:-1","max-image-preview":"max-image-preview:large","max-video-preview":"max-video-preview:-1"},"canonical":"https:\/\/cvinoticias.com\/v3\/muere-a-los-78-anos-la-iconica-cantante-italiana-raffaella-carra\/","og_locale":"es_ES","og_type":"article","og_title":"Muere a los 78 a\u00f1os la ic\u00f3nica cantante italiana Raffaella Carr\u00e0 | CVI NOTICIAS","og_description":"Muere a los 78 a\u00f1os la actriz y cantante italiana Raffaella Carr\u00e0, conocida por grandes \u00e9xitos como \u00abHay que venir al sur\u00bb. Raffaella Maria Roberta Pelloni, nombre real de Carr\u00e0, ha fallecido este lunes cinco de julio de una enfermedad que padec\u00eda hace ya tiempo, seg\u00fan explicaban sus familiares a medios italianos. La noticia la [&hellip;]","og_url":"https:\/\/cvinoticias.com\/v3\/muere-a-los-78-anos-la-iconica-cantante-italiana-raffaella-carra\/","og_site_name":"CVI NOTICIAS","article_publisher":"https:\/\/www.facebook.com\/cvinoticias","article_published_time":"2021-07-05T15:27:49+00:00","og_image":[{"width":318,"height":159,"url":"https:\/\/cvinoticias.com\/wp-content\/uploads\/2021\/07\/images-6.jpeg","type":"image\/jpeg"}],"author":"f1000024","twitter_card":"summary_large_image","twitter_misc":{"Escrito por":"f1000024","Tiempo de lectura":"1 minuto"},"schema":{"@context":"https:\/\/schema.org","@graph":[{"@type":"Article","@id":"https:\/\/cvinoticias.com\/v3\/muere-a-los-78-anos-la-iconica-cantante-italiana-raffaella-carra\/#article","isPartOf":{"@id":"https:\/\/cvinoticias.com\/v3\/muere-a-los-78-anos-la-iconica-cantante-italiana-raffaella-carra\/"},"author":{"name":"f1000024","@id":"https:\/\/cvinoticias.com\/v3\/#\/schema\/person\/2db77e3c6bc03c538495d7b2b8be9b66"},"headline":"Muere a los 78 a\u00f1os la ic\u00f3nica cantante italiana Raffaella Carr\u00e0","datePublished":"2021-07-05T15:27:49+00:00","mainEntityOfPage":{"@id":"https:\/\/cvinoticias.com\/v3\/muere-a-los-78-anos-la-iconica-cantante-italiana-raffaella-carra\/"},"wordCount":118,"commentCount":0,"publisher":{"@id":"https:\/\/cvinoticias.com\/v3\/#organization"},"image":{"@id":"https:\/\/cvinoticias.com\/v3\/muere-a-los-78-anos-la-iconica-cantante-italiana-raffaella-carra\/#primaryimage"},"thumbnailUrl":"https:\/\/cvinoticias.com\/wp-content\/uploads\/2021\/07\/images-6.jpeg","articleSection":["Sociedad"],"inLanguage":"es","potentialAction":[{"@type":"CommentAction","name":"Comment","target":["https:\/\/cvinoticias.com\/v3\/muere-a-los-78-anos-la-iconica-cantante-italiana-raffaella-carra\/#respond"]}]},{"@type":"WebPage","@id":"https:\/\/cvinoticias.com\/v3\/muere-a-los-78-anos-la-iconica-cantante-italiana-raffaella-carra\/","url":"https:\/\/cvinoticias.com\/v3\/muere-a-los-78-anos-la-iconica-cantante-italiana-raffaella-carra\/","name":"Muere a los 78 a\u00f1os la ic\u00f3nica cantante italiana Raffaella Carr\u00e0 | CVI NOTICIAS","isPartOf":{"@id":"https:\/\/cvinoticias.com\/v3\/#website"},"primaryImageOfPage":{"@id":"https:\/\/cvinoticias.com\/v3\/muere-a-los-78-anos-la-iconica-cantante-italiana-raffaella-carra\/#primaryimage"},"image":{"@id":"https:\/\/cvinoticias.com\/v3\/muere-a-los-78-anos-la-iconica-cantante-italiana-raffaella-carra\/#primaryimage"},"thumbnailUrl":"https:\/\/cvinoticias.com\/wp-content\/uploads\/2021\/07\/images-6.jpeg","datePublished":"2021-07-05T15:27:49+00:00","breadcrumb":{"@id":"https:\/\/cvinoticias.com\/v3\/muere-a-los-78-anos-la-iconica-cantante-italiana-raffaella-carra\/#breadcrumb"},"inLanguage":"es","potentialAction":[{"@type":"ReadAction","target":["https:\/\/cvinoticias.com\/v3\/muere-a-los-78-anos-la-iconica-cantante-italiana-raffaella-carra\/"]}]},{"@type":"ImageObject","inLanguage":"es","@id":"https:\/\/cvinoticias.com\/v3\/muere-a-los-78-anos-la-iconica-cantante-italiana-raffaella-carra\/#primaryimage","url":"https:\/\/cvinoticias.com\/wp-content\/uploads\/2021\/07\/images-6.jpeg","contentUrl":"https:\/\/cvinoticias.com\/wp-content\/uploads\/2021\/07\/images-6.jpeg","width":318,"height":159},{"@type":"BreadcrumbList","@id":"https:\/\/cvinoticias.com\/v3\/muere-a-los-78-anos-la-iconica-cantante-italiana-raffaella-carra\/#breadcrumb","itemListElement":[{"@type":"ListItem","position":1,"name":"Portada","item":"https:\/\/cvinoticias.com\/v3\/"},{"@type":"ListItem","position":2,"name":"Muere a los 78 a\u00f1os la ic\u00f3nica cantante italiana Raffaella Carr\u00e0"}]},{"@type":"WebSite","@id":"https:\/\/cvinoticias.com\/v3\/#website","url":"https:\/\/cvinoticias.com\/v3\/","name":"CVI NOTICIAS","description":"","publisher":{"@id":"https:\/\/cvinoticias.com\/v3\/#organization"},"alternateName":"CVI","potentialAction":[{"@type":"SearchAction","target":{"@type":"EntryPoint","urlTemplate":"https:\/\/cvinoticias.com\/v3\/?s={search_term_string}"},"query-input":{"@type":"PropertyValueSpecification","valueRequired":true,"valueName":"search_term_string"}}],"inLanguage":"es"},{"@type":"Organization","@id":"https:\/\/cvinoticias.com\/v3\/#organization","name":"CVI NOTICIAS","url":"https:\/\/cvinoticias.com\/v3\/","logo":{"@type":"ImageObject","inLanguage":"es","@id":"https:\/\/cvinoticias.com\/v3\/#\/schema\/logo\/image\/","url":"https:\/\/cvinoticias.com\/wp-content\/uploads\/2023\/04\/cropped-cropped-cropped-cropped-cropped-3-1.png","contentUrl":"https:\/\/cvinoticias.com\/wp-content\/uploads\/2023\/04\/cropped-cropped-cropped-cropped-cropped-3-1.png","width":95,"height":122,"caption":"CVI NOTICIAS"},"image":{"@id":"https:\/\/cvinoticias.com\/v3\/#\/schema\/logo\/image\/"},"sameAs":["https:\/\/www.facebook.com\/cvinoticias","https:\/\/www.instagram.com\/cvinoticias\/","https:\/\/www.youtube.com\/@CVINOTICIAS"]},{"@type":"Person","@id":"https:\/\/cvinoticias.com\/v3\/#\/schema\/person\/2db77e3c6bc03c538495d7b2b8be9b66","name":"f1000024","image":{"@type":"ImageObject","inLanguage":"es","@id":"https:\/\/secure.gravatar.com\/avatar\/d4fe7459cfc51ff5129ce1a732bbef5928568b8092d412ef95611616376bbeed?s=96&d=mm&r=g","url":"https:\/\/secure.gravatar.com\/avatar\/d4fe7459cfc51ff5129ce1a732bbef5928568b8092d412ef95611616376bbeed?s=96&d=mm&r=g","contentUrl":"https:\/\/secure.gravatar.com\/avatar\/d4fe7459cfc51ff5129ce1a732bbef5928568b8092d412ef95611616376bbeed?s=96&d=mm&r=g","caption":"f1000024"},"url":"https:\/\/cvinoticias.com\/v3\/author\/f1000024\/"}]}},"_links":{"self":[{"href":"https:\/\/cvinoticias.com\/v3\/wp-json\/wp\/v2\/posts\/6580","targetHints":{"allow":["GET"]}}],"collection":[{"href":"https:\/\/cvinoticias.com\/v3\/wp-json\/wp\/v2\/posts"}],"about":[{"href":"https:\/\/cvinoticias.com\/v3\/wp-json\/wp\/v2\/types\/post"}],"author":[{"embeddable":true,"href":"https:\/\/cvinoticias.com\/v3\/wp-json\/wp\/v2\/users\/2"}],"replies":[{"embeddable":true,"href":"https:\/\/cvinoticias.com\/v3\/wp-json\/wp\/v2\/comments?post=6580"}],"version-history":[{"count":1,"href":"https:\/\/cvinoticias.com\/v3\/wp-json\/wp\/v2\/posts\/6580\/revisions"}],"predecessor-version":[{"id":6582,"href":"https:\/\/cvinoticias.com\/v3\/wp-json\/wp\/v2\/posts\/6580\/revisions\/6582"}],"wp:featuredmedia":[{"embeddable":true,"href":"https:\/\/cvinoticias.com\/v3\/wp-json\/wp\/v2\/media\/6581"}],"wp:attachment":[{"href":"https:\/\/cvinoticias.com\/v3\/wp-json\/wp\/v2\/media?parent=6580"}],"wp:term":[{"taxonomy":"category","embeddable":true,"href":"https:\/\/cvinoticias.com\/v3\/wp-json\/wp\/v2\/categories?post=6580"},{"taxonomy":"post_tag","embeddable":true,"href":"https:\/\/cvinoticias.com\/v3\/wp-json\/wp\/v2\/tags?post=6580"}],"curies":[{"name":"wp","href":"https:\/\/api.w.org\/{rel}","templated":true}]}}