{"id":6572,"date":"2021-07-05T09:41:06","date_gmt":"2021-07-05T09:41:06","guid":{"rendered":"https:\/\/cvinoticias.com\/v3\/?p=6572"},"modified":"2021-07-05T09:41:06","modified_gmt":"2021-07-05T09:41:06","slug":"advierten-que-las-jubilaciones-siguen-perdiendo-frente-a-la-inflacion","status":"publish","type":"post","link":"https:\/\/cvinoticias.com\/v3\/advierten-que-las-jubilaciones-siguen-perdiendo-frente-a-la-inflacion\/","title":{"rendered":"Advierten que las jubilaciones siguen perdiendo frente a la inflaci\u00f3n"},"content":{"rendered":"\n<p><strong><em>La jubilaci\u00f3n m\u00ednima en el primer trimestre registr\u00f3 una ca\u00edda del 5% en t\u00e9rminos reales, mientras que en abril y mayo la tendencia a la baja se profundiz\u00f3, en un a\u00f1o electoral en el que el Gobierno tiene \u00abescasas\u00bb herramientas para que los salarios le ganen a la inflaci\u00f3n, sostuvo un informe privado.<\/em><\/strong><\/p>\n\n\n\n<p>El an\u00e1lisis elaborado por la consultora PwC Argentina indic\u00f3 que, si bien los resultados electorales responden a m\u00faltiples variables y circunstancias, no s\u00f3lo ligadas con las econ\u00f3micas, \u00abun hecho de la realidad es que, excepto para 2015, cuando los oficialismos ganaron la trayectoria del salario real en los meses previos fue positiva y nula o negativa cuando perdieron\u00bb.<\/p>\n\n\n\n<p>Afirm\u00f3 tambi\u00e9n que la ca\u00edda de los salarios en t\u00e9rminos reales \u00abtambi\u00e9n ha sucedido en los ingresos de los jubilados, que en un 60%, aproximadamente, perciben la jubilaci\u00f3n m\u00ednima\u00bb.<\/p>\n\n\n\n<p>Calcul\u00f3 as\u00ed que a lo largo de los primeros tres meses del a\u00f1o tuvieron una ca\u00edda equivalente a un 5% en t\u00e9rminos reales respecto del mismo per\u00edodo de 2020.<\/p>\n\n\n\n<p>Luego la situaci\u00f3n se agrav\u00f3 porque durante abril y mayo, con la aceleraci\u00f3n de la inflaci\u00f3n, la variaci\u00f3n interanual expuso una p\u00e9rdida real del 12% y 13% respectivamente.<\/p>\n\n\n\n<p>\u00abEs relevante preguntarse, a la luz de lo que ha mostrado la historia reciente, qu\u00e9 podr\u00eda ocurrir hacia adelante con la variable salarial\u00bb, dado que se trata de un a\u00f1o electoral.<\/p>\n\n\n\n<p>En ese sentido, evalu\u00f3 que si se toman las \u00faltimas cinco elecciones nacionales, en las presidenciales de 2011 y 2015 los salarios mostraron crecimientos reales en los meses previos a los comicios, mientras que en 2019 hubo ca\u00edda real.<\/p>\n\n\n\n<p>\u00abEn 2013 y 2017, a\u00f1os de elecciones legislativas, hubo, en el primer caso, un crecimiento casi nulo y en el segundo uno de mayor magnitud\u00bb, se\u00f1al\u00f3.<\/p>\n\n\n\n<p>La consultora subray\u00f3 que, si se tiene en cuenta el largo per\u00edodo de ca\u00edda del salario real, y si se considera que en el corto plazo \u00abno es esperable que se genere una recuperaci\u00f3n por las propias fuerzas del mercado\u00bb por el nivel de nuevas inversiones y actividad, es posible esperar \u00abalguna reacci\u00f3n de pol\u00edtica econ\u00f3mica por parte del Gobierno para intentar generar y sostener una trayectoria creciente del salario real.<\/p>\n\n\n\n<p>\u00abHasta el momento ha habido manifestaciones verbales del Gobierno expresando la intenci\u00f3n de que los salarios le ganen a la inflaci\u00f3n, sin embargo las herramientas con las que cuenta para llevar adelante dicho cometido lucen escasas\u00bb, advirti\u00f3.<\/p>\n\n\n\n<p>El sondeo analiz\u00f3 que \u00ablo que se debe monitorear es si la contracci\u00f3n real del d\u00e9ficit del Gobierno nacional alcanzada en estos meses del a\u00f1o (94%) se sostendr\u00e1 o si, por el contrario, se morigerar\u00e1 para aumentar las partidas destinadas a recomponer ingresos\u00bb.<\/p>\n\n\n\n<p>\u00abEn este caso, la pregunta que r\u00e1pidamente surge es c\u00f3mo se financiar\u00eda ese gasto adicional\u00bb, apunt\u00f3 y resalt\u00f3 que \u00ablo que se ha observado hasta el momento es la habilitaci\u00f3n para renegociar paritarias, con el caso de camioneros que acord\u00f3 aumentos para julio (20%), noviembre (12,5%), y marzo 2022 (12,5%) como referencia\u00bb, se\u00f1al\u00f3. A su vez, cuestion\u00f3 \u00abcu\u00e1l ser\u00e1 el impacto, si se generaliza ese comportamiento\u00bb.<\/p>\n\n\n\n<p>\u00abNo pudiendo ajustar por cantidad (despidos) y forzados a un aumento por precio (salarios), es de esperar que la inflaci\u00f3n sume un nuevo componente al monetario: inflaci\u00f3n de costos\u00bb, manifest\u00f3.<\/p>\n","protected":false},"excerpt":{"rendered":"<p>La jubilaci\u00f3n m\u00ednima en el primer trimestre registr\u00f3 una ca\u00edda del 5% en t\u00e9rminos reales, mientras que en abril y mayo la tendencia a la baja se profundiz\u00f3, en un a\u00f1o electoral en el que el Gobierno tiene \u00abescasas\u00bb herramientas para que los salarios le ganen a la inflaci\u00f3n, sostuvo un informe privado. El an\u00e1lisis [&hellip;]<\/p>\n","protected":false},"author":2,"featured_media":6573,"comment_status":"open","ping_status":"open","sticky":false,"template":"","format":"standard","meta":{"footnotes":""},"categories":[35],"tags":[],"class_list":["post-6572","post","type-post","status-publish","format-standard","has-post-thumbnail","hentry","category-informacion-general"],"yoast_head":"<!-- This site is optimized with the Yoast SEO plugin v27.4 - https:\/\/yoast.com\/product\/yoast-seo-wordpress\/ -->\n<title>Advierten que las jubilaciones siguen perdiendo frente a la inflaci\u00f3n | CVI NOTICIAS<\/title>\n<meta name=\"robots\" content=\"index, follow, max-snippet:-1, max-image-preview:large, max-video-preview:-1\" \/>\n<link rel=\"canonical\" href=\"https:\/\/cvinoticias.com\/v3\/advierten-que-las-jubilaciones-siguen-perdiendo-frente-a-la-inflacion\/\" \/>\n<meta property=\"og:locale\" content=\"es_ES\" \/>\n<meta property=\"og:type\" content=\"article\" \/>\n<meta property=\"og:title\" content=\"Advierten que las jubilaciones siguen perdiendo frente a la inflaci\u00f3n | CVI NOTICIAS\" \/>\n<meta property=\"og:description\" content=\"La jubilaci\u00f3n m\u00ednima en el primer trimestre registr\u00f3 una ca\u00edda del 5% en t\u00e9rminos reales, mientras que en abril y mayo la tendencia a la baja se profundiz\u00f3, en un a\u00f1o electoral en el que el Gobierno tiene \u00abescasas\u00bb herramientas para que los salarios le ganen a la inflaci\u00f3n, sostuvo un informe privado. El an\u00e1lisis [&hellip;]\" \/>\n<meta property=\"og:url\" content=\"https:\/\/cvinoticias.com\/v3\/advierten-que-las-jubilaciones-siguen-perdiendo-frente-a-la-inflacion\/\" \/>\n<meta property=\"og:site_name\" content=\"CVI NOTICIAS\" \/>\n<meta property=\"article:publisher\" content=\"https:\/\/www.facebook.com\/cvinoticias\" \/>\n<meta property=\"article:published_time\" content=\"2021-07-05T09:41:06+00:00\" \/>\n<meta property=\"og:image\" content=\"https:\/\/cvinoticias.com\/wp-content\/uploads\/2021\/07\/jubilados-1170711.jpg\" \/>\n\t<meta property=\"og:image:width\" content=\"950\" \/>\n\t<meta property=\"og:image:height\" content=\"534\" \/>\n\t<meta property=\"og:image:type\" content=\"image\/jpeg\" \/>\n<meta name=\"author\" content=\"f1000024\" \/>\n<meta name=\"twitter:card\" content=\"summary_large_image\" \/>\n<meta name=\"twitter:label1\" content=\"Escrito por\" \/>\n\t<meta name=\"twitter:data1\" content=\"f1000024\" \/>\n\t<meta name=\"twitter:label2\" content=\"Tiempo de lectura\" \/>\n\t<meta name=\"twitter:data2\" content=\"3 minutos\" \/>\n<script type=\"application\/ld+json\" class=\"yoast-schema-graph\">{\"@context\":\"https:\\\/\\\/schema.org\",\"@graph\":[{\"@type\":\"Article\",\"@id\":\"https:\\\/\\\/cvinoticias.com\\\/v3\\\/advierten-que-las-jubilaciones-siguen-perdiendo-frente-a-la-inflacion\\\/#article\",\"isPartOf\":{\"@id\":\"https:\\\/\\\/cvinoticias.com\\\/v3\\\/advierten-que-las-jubilaciones-siguen-perdiendo-frente-a-la-inflacion\\\/\"},\"author\":{\"name\":\"f1000024\",\"@id\":\"https:\\\/\\\/cvinoticias.com\\\/v3\\\/#\\\/schema\\\/person\\\/2db77e3c6bc03c538495d7b2b8be9b66\"},\"headline\":\"Advierten que las jubilaciones siguen perdiendo frente a la inflaci\u00f3n\",\"datePublished\":\"2021-07-05T09:41:06+00:00\",\"mainEntityOfPage\":{\"@id\":\"https:\\\/\\\/cvinoticias.com\\\/v3\\\/advierten-que-las-jubilaciones-siguen-perdiendo-frente-a-la-inflacion\\\/\"},\"wordCount\":583,\"commentCount\":0,\"publisher\":{\"@id\":\"https:\\\/\\\/cvinoticias.com\\\/v3\\\/#organization\"},\"image\":{\"@id\":\"https:\\\/\\\/cvinoticias.com\\\/v3\\\/advierten-que-las-jubilaciones-siguen-perdiendo-frente-a-la-inflacion\\\/#primaryimage\"},\"thumbnailUrl\":\"https:\\\/\\\/cvinoticias.com\\\/wp-content\\\/uploads\\\/2021\\\/07\\\/jubilados-1170711.jpg\",\"articleSection\":[\"Informaci\u00f3n General\"],\"inLanguage\":\"es\",\"potentialAction\":[{\"@type\":\"CommentAction\",\"name\":\"Comment\",\"target\":[\"https:\\\/\\\/cvinoticias.com\\\/v3\\\/advierten-que-las-jubilaciones-siguen-perdiendo-frente-a-la-inflacion\\\/#respond\"]}]},{\"@type\":\"WebPage\",\"@id\":\"https:\\\/\\\/cvinoticias.com\\\/v3\\\/advierten-que-las-jubilaciones-siguen-perdiendo-frente-a-la-inflacion\\\/\",\"url\":\"https:\\\/\\\/cvinoticias.com\\\/v3\\\/advierten-que-las-jubilaciones-siguen-perdiendo-frente-a-la-inflacion\\\/\",\"name\":\"Advierten que las jubilaciones siguen perdiendo frente a la inflaci\u00f3n | CVI NOTICIAS\",\"isPartOf\":{\"@id\":\"https:\\\/\\\/cvinoticias.com\\\/v3\\\/#website\"},\"primaryImageOfPage\":{\"@id\":\"https:\\\/\\\/cvinoticias.com\\\/v3\\\/advierten-que-las-jubilaciones-siguen-perdiendo-frente-a-la-inflacion\\\/#primaryimage\"},\"image\":{\"@id\":\"https:\\\/\\\/cvinoticias.com\\\/v3\\\/advierten-que-las-jubilaciones-siguen-perdiendo-frente-a-la-inflacion\\\/#primaryimage\"},\"thumbnailUrl\":\"https:\\\/\\\/cvinoticias.com\\\/wp-content\\\/uploads\\\/2021\\\/07\\\/jubilados-1170711.jpg\",\"datePublished\":\"2021-07-05T09:41:06+00:00\",\"breadcrumb\":{\"@id\":\"https:\\\/\\\/cvinoticias.com\\\/v3\\\/advierten-que-las-jubilaciones-siguen-perdiendo-frente-a-la-inflacion\\\/#breadcrumb\"},\"inLanguage\":\"es\",\"potentialAction\":[{\"@type\":\"ReadAction\",\"target\":[\"https:\\\/\\\/cvinoticias.com\\\/v3\\\/advierten-que-las-jubilaciones-siguen-perdiendo-frente-a-la-inflacion\\\/\"]}]},{\"@type\":\"ImageObject\",\"inLanguage\":\"es\",\"@id\":\"https:\\\/\\\/cvinoticias.com\\\/v3\\\/advierten-que-las-jubilaciones-siguen-perdiendo-frente-a-la-inflacion\\\/#primaryimage\",\"url\":\"https:\\\/\\\/cvinoticias.com\\\/wp-content\\\/uploads\\\/2021\\\/07\\\/jubilados-1170711.jpg\",\"contentUrl\":\"https:\\\/\\\/cvinoticias.com\\\/wp-content\\\/uploads\\\/2021\\\/07\\\/jubilados-1170711.jpg\",\"width\":950,\"height\":534},{\"@type\":\"BreadcrumbList\",\"@id\":\"https:\\\/\\\/cvinoticias.com\\\/v3\\\/advierten-que-las-jubilaciones-siguen-perdiendo-frente-a-la-inflacion\\\/#breadcrumb\",\"itemListElement\":[{\"@type\":\"ListItem\",\"position\":1,\"name\":\"Portada\",\"item\":\"https:\\\/\\\/cvinoticias.com\\\/v3\\\/\"},{\"@type\":\"ListItem\",\"position\":2,\"name\":\"Advierten que las jubilaciones siguen perdiendo frente a la inflaci\u00f3n\"}]},{\"@type\":\"WebSite\",\"@id\":\"https:\\\/\\\/cvinoticias.com\\\/v3\\\/#website\",\"url\":\"https:\\\/\\\/cvinoticias.com\\\/v3\\\/\",\"name\":\"CVI NOTICIAS\",\"description\":\"\",\"publisher\":{\"@id\":\"https:\\\/\\\/cvinoticias.com\\\/v3\\\/#organization\"},\"alternateName\":\"CVI\",\"potentialAction\":[{\"@type\":\"SearchAction\",\"target\":{\"@type\":\"EntryPoint\",\"urlTemplate\":\"https:\\\/\\\/cvinoticias.com\\\/v3\\\/?s={search_term_string}\"},\"query-input\":{\"@type\":\"PropertyValueSpecification\",\"valueRequired\":true,\"valueName\":\"search_term_string\"}}],\"inLanguage\":\"es\"},{\"@type\":\"Organization\",\"@id\":\"https:\\\/\\\/cvinoticias.com\\\/v3\\\/#organization\",\"name\":\"CVI NOTICIAS\",\"url\":\"https:\\\/\\\/cvinoticias.com\\\/v3\\\/\",\"logo\":{\"@type\":\"ImageObject\",\"inLanguage\":\"es\",\"@id\":\"https:\\\/\\\/cvinoticias.com\\\/v3\\\/#\\\/schema\\\/logo\\\/image\\\/\",\"url\":\"https:\\\/\\\/cvinoticias.com\\\/wp-content\\\/uploads\\\/2023\\\/04\\\/cropped-cropped-cropped-cropped-cropped-3-1.png\",\"contentUrl\":\"https:\\\/\\\/cvinoticias.com\\\/wp-content\\\/uploads\\\/2023\\\/04\\\/cropped-cropped-cropped-cropped-cropped-3-1.png\",\"width\":95,\"height\":122,\"caption\":\"CVI NOTICIAS\"},\"image\":{\"@id\":\"https:\\\/\\\/cvinoticias.com\\\/v3\\\/#\\\/schema\\\/logo\\\/image\\\/\"},\"sameAs\":[\"https:\\\/\\\/www.facebook.com\\\/cvinoticias\",\"https:\\\/\\\/www.instagram.com\\\/cvinoticias\\\/\",\"https:\\\/\\\/www.youtube.com\\\/@CVINOTICIAS\"]},{\"@type\":\"Person\",\"@id\":\"https:\\\/\\\/cvinoticias.com\\\/v3\\\/#\\\/schema\\\/person\\\/2db77e3c6bc03c538495d7b2b8be9b66\",\"name\":\"f1000024\",\"image\":{\"@type\":\"ImageObject\",\"inLanguage\":\"es\",\"@id\":\"https:\\\/\\\/secure.gravatar.com\\\/avatar\\\/d4fe7459cfc51ff5129ce1a732bbef5928568b8092d412ef95611616376bbeed?s=96&d=mm&r=g\",\"url\":\"https:\\\/\\\/secure.gravatar.com\\\/avatar\\\/d4fe7459cfc51ff5129ce1a732bbef5928568b8092d412ef95611616376bbeed?s=96&d=mm&r=g\",\"contentUrl\":\"https:\\\/\\\/secure.gravatar.com\\\/avatar\\\/d4fe7459cfc51ff5129ce1a732bbef5928568b8092d412ef95611616376bbeed?s=96&d=mm&r=g\",\"caption\":\"f1000024\"},\"url\":\"https:\\\/\\\/cvinoticias.com\\\/v3\\\/author\\\/f1000024\\\/\"}]}<\/script>\n<!-- \/ Yoast SEO plugin. -->","yoast_head_json":{"title":"Advierten que las jubilaciones siguen perdiendo frente a la inflaci\u00f3n | CVI NOTICIAS","robots":{"index":"index","follow":"follow","max-snippet":"max-snippet:-1","max-image-preview":"max-image-preview:large","max-video-preview":"max-video-preview:-1"},"canonical":"https:\/\/cvinoticias.com\/v3\/advierten-que-las-jubilaciones-siguen-perdiendo-frente-a-la-inflacion\/","og_locale":"es_ES","og_type":"article","og_title":"Advierten que las jubilaciones siguen perdiendo frente a la inflaci\u00f3n | CVI NOTICIAS","og_description":"La jubilaci\u00f3n m\u00ednima en el primer trimestre registr\u00f3 una ca\u00edda del 5% en t\u00e9rminos reales, mientras que en abril y mayo la tendencia a la baja se profundiz\u00f3, en un a\u00f1o electoral en el que el Gobierno tiene \u00abescasas\u00bb herramientas para que los salarios le ganen a la inflaci\u00f3n, sostuvo un informe privado. El an\u00e1lisis [&hellip;]","og_url":"https:\/\/cvinoticias.com\/v3\/advierten-que-las-jubilaciones-siguen-perdiendo-frente-a-la-inflacion\/","og_site_name":"CVI NOTICIAS","article_publisher":"https:\/\/www.facebook.com\/cvinoticias","article_published_time":"2021-07-05T09:41:06+00:00","og_image":[{"width":950,"height":534,"url":"https:\/\/cvinoticias.com\/wp-content\/uploads\/2021\/07\/jubilados-1170711.jpg","type":"image\/jpeg"}],"author":"f1000024","twitter_card":"summary_large_image","twitter_misc":{"Escrito por":"f1000024","Tiempo de lectura":"3 minutos"},"schema":{"@context":"https:\/\/schema.org","@graph":[{"@type":"Article","@id":"https:\/\/cvinoticias.com\/v3\/advierten-que-las-jubilaciones-siguen-perdiendo-frente-a-la-inflacion\/#article","isPartOf":{"@id":"https:\/\/cvinoticias.com\/v3\/advierten-que-las-jubilaciones-siguen-perdiendo-frente-a-la-inflacion\/"},"author":{"name":"f1000024","@id":"https:\/\/cvinoticias.com\/v3\/#\/schema\/person\/2db77e3c6bc03c538495d7b2b8be9b66"},"headline":"Advierten que las jubilaciones siguen perdiendo frente a la inflaci\u00f3n","datePublished":"2021-07-05T09:41:06+00:00","mainEntityOfPage":{"@id":"https:\/\/cvinoticias.com\/v3\/advierten-que-las-jubilaciones-siguen-perdiendo-frente-a-la-inflacion\/"},"wordCount":583,"commentCount":0,"publisher":{"@id":"https:\/\/cvinoticias.com\/v3\/#organization"},"image":{"@id":"https:\/\/cvinoticias.com\/v3\/advierten-que-las-jubilaciones-siguen-perdiendo-frente-a-la-inflacion\/#primaryimage"},"thumbnailUrl":"https:\/\/cvinoticias.com\/wp-content\/uploads\/2021\/07\/jubilados-1170711.jpg","articleSection":["Informaci\u00f3n General"],"inLanguage":"es","potentialAction":[{"@type":"CommentAction","name":"Comment","target":["https:\/\/cvinoticias.com\/v3\/advierten-que-las-jubilaciones-siguen-perdiendo-frente-a-la-inflacion\/#respond"]}]},{"@type":"WebPage","@id":"https:\/\/cvinoticias.com\/v3\/advierten-que-las-jubilaciones-siguen-perdiendo-frente-a-la-inflacion\/","url":"https:\/\/cvinoticias.com\/v3\/advierten-que-las-jubilaciones-siguen-perdiendo-frente-a-la-inflacion\/","name":"Advierten que las jubilaciones siguen perdiendo frente a la inflaci\u00f3n | CVI NOTICIAS","isPartOf":{"@id":"https:\/\/cvinoticias.com\/v3\/#website"},"primaryImageOfPage":{"@id":"https:\/\/cvinoticias.com\/v3\/advierten-que-las-jubilaciones-siguen-perdiendo-frente-a-la-inflacion\/#primaryimage"},"image":{"@id":"https:\/\/cvinoticias.com\/v3\/advierten-que-las-jubilaciones-siguen-perdiendo-frente-a-la-inflacion\/#primaryimage"},"thumbnailUrl":"https:\/\/cvinoticias.com\/wp-content\/uploads\/2021\/07\/jubilados-1170711.jpg","datePublished":"2021-07-05T09:41:06+00:00","breadcrumb":{"@id":"https:\/\/cvinoticias.com\/v3\/advierten-que-las-jubilaciones-siguen-perdiendo-frente-a-la-inflacion\/#breadcrumb"},"inLanguage":"es","potentialAction":[{"@type":"ReadAction","target":["https:\/\/cvinoticias.com\/v3\/advierten-que-las-jubilaciones-siguen-perdiendo-frente-a-la-inflacion\/"]}]},{"@type":"ImageObject","inLanguage":"es","@id":"https:\/\/cvinoticias.com\/v3\/advierten-que-las-jubilaciones-siguen-perdiendo-frente-a-la-inflacion\/#primaryimage","url":"https:\/\/cvinoticias.com\/wp-content\/uploads\/2021\/07\/jubilados-1170711.jpg","contentUrl":"https:\/\/cvinoticias.com\/wp-content\/uploads\/2021\/07\/jubilados-1170711.jpg","width":950,"height":534},{"@type":"BreadcrumbList","@id":"https:\/\/cvinoticias.com\/v3\/advierten-que-las-jubilaciones-siguen-perdiendo-frente-a-la-inflacion\/#breadcrumb","itemListElement":[{"@type":"ListItem","position":1,"name":"Portada","item":"https:\/\/cvinoticias.com\/v3\/"},{"@type":"ListItem","position":2,"name":"Advierten que las jubilaciones siguen perdiendo frente a la inflaci\u00f3n"}]},{"@type":"WebSite","@id":"https:\/\/cvinoticias.com\/v3\/#website","url":"https:\/\/cvinoticias.com\/v3\/","name":"CVI NOTICIAS","description":"","publisher":{"@id":"https:\/\/cvinoticias.com\/v3\/#organization"},"alternateName":"CVI","potentialAction":[{"@type":"SearchAction","target":{"@type":"EntryPoint","urlTemplate":"https:\/\/cvinoticias.com\/v3\/?s={search_term_string}"},"query-input":{"@type":"PropertyValueSpecification","valueRequired":true,"valueName":"search_term_string"}}],"inLanguage":"es"},{"@type":"Organization","@id":"https:\/\/cvinoticias.com\/v3\/#organization","name":"CVI NOTICIAS","url":"https:\/\/cvinoticias.com\/v3\/","logo":{"@type":"ImageObject","inLanguage":"es","@id":"https:\/\/cvinoticias.com\/v3\/#\/schema\/logo\/image\/","url":"https:\/\/cvinoticias.com\/wp-content\/uploads\/2023\/04\/cropped-cropped-cropped-cropped-cropped-3-1.png","contentUrl":"https:\/\/cvinoticias.com\/wp-content\/uploads\/2023\/04\/cropped-cropped-cropped-cropped-cropped-3-1.png","width":95,"height":122,"caption":"CVI NOTICIAS"},"image":{"@id":"https:\/\/cvinoticias.com\/v3\/#\/schema\/logo\/image\/"},"sameAs":["https:\/\/www.facebook.com\/cvinoticias","https:\/\/www.instagram.com\/cvinoticias\/","https:\/\/www.youtube.com\/@CVINOTICIAS"]},{"@type":"Person","@id":"https:\/\/cvinoticias.com\/v3\/#\/schema\/person\/2db77e3c6bc03c538495d7b2b8be9b66","name":"f1000024","image":{"@type":"ImageObject","inLanguage":"es","@id":"https:\/\/secure.gravatar.com\/avatar\/d4fe7459cfc51ff5129ce1a732bbef5928568b8092d412ef95611616376bbeed?s=96&d=mm&r=g","url":"https:\/\/secure.gravatar.com\/avatar\/d4fe7459cfc51ff5129ce1a732bbef5928568b8092d412ef95611616376bbeed?s=96&d=mm&r=g","contentUrl":"https:\/\/secure.gravatar.com\/avatar\/d4fe7459cfc51ff5129ce1a732bbef5928568b8092d412ef95611616376bbeed?s=96&d=mm&r=g","caption":"f1000024"},"url":"https:\/\/cvinoticias.com\/v3\/author\/f1000024\/"}]}},"_links":{"self":[{"href":"https:\/\/cvinoticias.com\/v3\/wp-json\/wp\/v2\/posts\/6572","targetHints":{"allow":["GET"]}}],"collection":[{"href":"https:\/\/cvinoticias.com\/v3\/wp-json\/wp\/v2\/posts"}],"about":[{"href":"https:\/\/cvinoticias.com\/v3\/wp-json\/wp\/v2\/types\/post"}],"author":[{"embeddable":true,"href":"https:\/\/cvinoticias.com\/v3\/wp-json\/wp\/v2\/users\/2"}],"replies":[{"embeddable":true,"href":"https:\/\/cvinoticias.com\/v3\/wp-json\/wp\/v2\/comments?post=6572"}],"version-history":[{"count":1,"href":"https:\/\/cvinoticias.com\/v3\/wp-json\/wp\/v2\/posts\/6572\/revisions"}],"predecessor-version":[{"id":6574,"href":"https:\/\/cvinoticias.com\/v3\/wp-json\/wp\/v2\/posts\/6572\/revisions\/6574"}],"wp:featuredmedia":[{"embeddable":true,"href":"https:\/\/cvinoticias.com\/v3\/wp-json\/wp\/v2\/media\/6573"}],"wp:attachment":[{"href":"https:\/\/cvinoticias.com\/v3\/wp-json\/wp\/v2\/media?parent=6572"}],"wp:term":[{"taxonomy":"category","embeddable":true,"href":"https:\/\/cvinoticias.com\/v3\/wp-json\/wp\/v2\/categories?post=6572"},{"taxonomy":"post_tag","embeddable":true,"href":"https:\/\/cvinoticias.com\/v3\/wp-json\/wp\/v2\/tags?post=6572"}],"curies":[{"name":"wp","href":"https:\/\/api.w.org\/{rel}","templated":true}]}}