{"id":6551,"date":"2021-07-03T22:58:18","date_gmt":"2021-07-03T22:58:18","guid":{"rendered":"https:\/\/cvinoticias.com\/v3\/?p=6551"},"modified":"2021-07-03T22:58:18","modified_gmt":"2021-07-03T22:58:18","slug":"se-realizo-la-asamblea-de-los-trabajadores-de-la-educacion-de-misiones-en-jardin-america","status":"publish","type":"post","link":"https:\/\/cvinoticias.com\/v3\/se-realizo-la-asamblea-de-los-trabajadores-de-la-educacion-de-misiones-en-jardin-america\/","title":{"rendered":"Se realiz\u00f3 la Asamblea de los Trabajadores de la Educaci\u00f3n de Misiones en Jard\u00edn Am\u00e9rica"},"content":{"rendered":"\n<p><strong><em>La asamblea del Frente de los Trabajadores de la Educaci\u00f3n de Misiones en Lucha, conformado por UDNAM, MPL, UTEM-CTA, ATE, Corriente Nacional Conti Santoro, Autoconvocados y Marea Blanca, realizada en Jard\u00edn Am\u00e9rica en el d\u00eda de la fecha, analiz\u00f3 y debati\u00f3 la propuesta salarial realizada por el gobierno en la reuni\u00f3n llevada a cabo el jueves 01\/07 y la situaci\u00f3n actual del sector.<\/em><\/strong><\/p>\n\n\n\n<p>El balance ha sido positivo en cuanto a los logros generales obtenidos con la lucha, sin embargo a\u00fan no son suficientes. Se ha conseguido que la garant\u00eda salarial provincial se deposite junto con el sueldo (antes se depositaba con dos meses de retraso) tambi\u00e9n, que el adelanto del SAC se cerrar\u00e1 con la liquidaci\u00f3n \u00edntegra de los sueldos de mayo y junio (sin descuentos por d\u00edas de paro), que se abra la discusi\u00f3n con todos los representantes del sector (incluidos los que luchamos) sobre Ley de Grilla de puntos \u00edndices y Estatuto docente. Por otro lado se logr\u00f3 regularizar la actualizaci\u00f3n de los jubilados y la correcta liquidaci\u00f3n de los nuevos jubilados, que a partir del primer mes reciben su haber \u00edntegro y no un adelanto, pues el simulador ha permitido controlar y verificar la correcta liquidaci\u00f3n.<\/p>\n\n\n\n<p>Sin embargo en lo que respecta al incremento salarial anual se eval\u00fao que lo conseguido con la lucha hasta el momento mantiene los sueldos docentes debajo de los \u00edndices inflacionarios, sin cubrir a\u00fan el costo de vida actual.<br>Por ello, ante la propuesta del gobierno de elevar el salario b\u00e1sico en un 17% (quedando en $16.000) y llevar el salario m\u00ednimo a $46.800 para los de 0 antig\u00fcedad, $47.600 de 1 a 5 a\u00f1os de antig\u00fcedad, $48.400 para los de 6 a 10 a\u00f1os de antig\u00fcedad y $49.200 para los de 11 a 16 a\u00f1os de antig\u00fcedad, los representantes luego de analizarlo decidieron rechazar la propuesta por insuficiente y por profundizar el achatamiento de la pir\u00e1mide de antig\u00fcedad (que pasar\u00eda a despegar a partir de los 17 a\u00f1os), al mismo tiempo presentaron una contra propuesta, a saber: elevar el b\u00e1sico en un 30% (llev\u00e1ndolo a 17.746,77 a julio) y pasar el c\u00f3digo 923 del 12% al 20%. Esta contra propuesta permite recuperar el salario en t\u00e9rminos similares al acuerdo de septiembre del 2020. Tambi\u00e9n se plante\u00f3 continuar trabajando para concretar durante este a\u00f1o el objetivo de los 18.600,77 de b\u00e1sico.<\/p>\n\n\n\n<p>Los representantes del gobierno pidieron un cuarto intermedio hasta el d\u00eda mi\u00e9rcoles 7\/7 a las 18hs, para analizar la contrapropuesta y mejorar su oferta anterior.<\/p>\n\n\n\n<p>Ante estos acontecimientos la asamblea consider\u00f3 la necesidad urgente de acompa\u00f1ar esta mesa de di\u00e1logo de forma presencial y masiva, ejecutando el plan de lucha y movilizaci\u00f3n de manera inmediata de no haber acuerdo, por ende resolvi\u00f3 los siguientes pasos a seguir:<\/p>\n\n\n\n<p>-Pasar la asamblea a cuarto intermedio para continuar el mi\u00e9rcoles 7\/7 a las 18hs en Posadas.<\/p>\n\n\n\n<p>-Concentrar desde toda la provincia Frente a la Escuela Superior Normal Mixta Estados Unidos del Brasil el mi\u00e9rcoles 7\/7 a las 18hs. a la espera de la propuesta para su an\u00e1lisis por parte de la asamblea.<\/p>\n\n\n\n<p>-Apoyar y acompa\u00f1ar a los colegas de Eldorado y Andresito que llevar\u00e1n reclamos por malas designaciones y conflictos no resueltos al CGE, el d\u00eda lunes 5\/7.<\/p>\n\n\n\n<p>-Exigir la regularizaci\u00f3n y unificaci\u00f3n de los haberes de las y los cocineros escolares de la provincia.<\/p>\n\n\n\n<p>&#8211; Adherir y apoyar los reclamos y la lucha sostenida en distintos puntos del pa\u00eds, especialmente en Chaco donde los compa\u00f1eros realizar\u00e1n un frazadazo el 7\/7.<\/p>\n\n\n\n<p><br>ES FUNDAMENTAL ASISTIR A ESPERAR LA PROPUESTA DEL GOBIERNO FRENTE A LA ESCUELA NORMAL MIXTA. <\/p>\n\n\n\n<p>Por ello la asamblea ha decidido sacrificar una jornada de trabajo el d\u00eda 7\/7 para acompa\u00f1ar la lucha de forma real y no virtual; y solicita a todos los colegas de la provincia realizar la misma acci\u00f3n. Estas son horas cruciales y los tiempos apremian, debemos realizar el mayor esfuerzo posible para demostrar al poder nuestra convicci\u00f3n de una vida digna. <\/p>\n\n\n\n<p>Conquistar salario es una responsabilidad y un derecho de cada uno, es una tarea que no debe delegarse, nuestra pr\u00e1ctica de democracia directa requiere la mayor participaci\u00f3n para concretar nuestros objetivos y sue\u00f1os.<\/p>\n","protected":false},"excerpt":{"rendered":"<p>La asamblea del Frente de los Trabajadores de la Educaci\u00f3n de Misiones en Lucha, conformado por UDNAM, MPL, UTEM-CTA, ATE, Corriente Nacional Conti Santoro, Autoconvocados y Marea Blanca, realizada en Jard\u00edn Am\u00e9rica en el d\u00eda de la fecha, analiz\u00f3 y debati\u00f3 la propuesta salarial realizada por el gobierno en la reuni\u00f3n llevada a cabo el [&hellip;]<\/p>\n","protected":false},"author":2,"featured_media":6552,"comment_status":"open","ping_status":"open","sticky":false,"template":"","format":"standard","meta":{"footnotes":""},"categories":[26],"tags":[],"class_list":["post-6551","post","type-post","status-publish","format-standard","has-post-thumbnail","hentry","category-educacion"],"yoast_head":"<!-- This site is optimized with the Yoast SEO plugin v27.4 - https:\/\/yoast.com\/product\/yoast-seo-wordpress\/ -->\n<title>Se realiz\u00f3 la Asamblea de los Trabajadores de la Educaci\u00f3n de Misiones en Jard\u00edn Am\u00e9rica | CVI NOTICIAS<\/title>\n<meta name=\"robots\" content=\"index, follow, max-snippet:-1, max-image-preview:large, max-video-preview:-1\" \/>\n<link rel=\"canonical\" href=\"https:\/\/cvinoticias.com\/v3\/se-realizo-la-asamblea-de-los-trabajadores-de-la-educacion-de-misiones-en-jardin-america\/\" \/>\n<meta property=\"og:locale\" content=\"es_ES\" \/>\n<meta property=\"og:type\" content=\"article\" \/>\n<meta property=\"og:title\" content=\"Se realiz\u00f3 la Asamblea de los Trabajadores de la Educaci\u00f3n de Misiones en Jard\u00edn Am\u00e9rica | CVI NOTICIAS\" \/>\n<meta property=\"og:description\" content=\"La asamblea del Frente de los Trabajadores de la Educaci\u00f3n de Misiones en Lucha, conformado por UDNAM, MPL, UTEM-CTA, ATE, Corriente Nacional Conti Santoro, Autoconvocados y Marea Blanca, realizada en Jard\u00edn Am\u00e9rica en el d\u00eda de la fecha, analiz\u00f3 y debati\u00f3 la propuesta salarial realizada por el gobierno en la reuni\u00f3n llevada a cabo el [&hellip;]\" \/>\n<meta property=\"og:url\" content=\"https:\/\/cvinoticias.com\/v3\/se-realizo-la-asamblea-de-los-trabajadores-de-la-educacion-de-misiones-en-jardin-america\/\" \/>\n<meta property=\"og:site_name\" content=\"CVI NOTICIAS\" \/>\n<meta property=\"article:publisher\" content=\"https:\/\/www.facebook.com\/cvinoticias\" \/>\n<meta property=\"article:published_time\" content=\"2021-07-03T22:58:18+00:00\" \/>\n<meta property=\"og:image\" content=\"https:\/\/cvinoticias.com\/wp-content\/uploads\/2021\/07\/FB_IMG_1625351813233.jpg\" \/>\n\t<meta property=\"og:image:width\" content=\"1080\" \/>\n\t<meta property=\"og:image:height\" content=\"504\" \/>\n\t<meta property=\"og:image:type\" content=\"image\/jpeg\" \/>\n<meta name=\"author\" content=\"f1000024\" \/>\n<meta name=\"twitter:card\" content=\"summary_large_image\" \/>\n<meta name=\"twitter:label1\" content=\"Escrito por\" \/>\n\t<meta name=\"twitter:data1\" content=\"f1000024\" \/>\n\t<meta name=\"twitter:label2\" content=\"Tiempo de lectura\" \/>\n\t<meta name=\"twitter:data2\" content=\"4 minutos\" \/>\n<script type=\"application\/ld+json\" class=\"yoast-schema-graph\">{\"@context\":\"https:\\\/\\\/schema.org\",\"@graph\":[{\"@type\":\"Article\",\"@id\":\"https:\\\/\\\/cvinoticias.com\\\/v3\\\/se-realizo-la-asamblea-de-los-trabajadores-de-la-educacion-de-misiones-en-jardin-america\\\/#article\",\"isPartOf\":{\"@id\":\"https:\\\/\\\/cvinoticias.com\\\/v3\\\/se-realizo-la-asamblea-de-los-trabajadores-de-la-educacion-de-misiones-en-jardin-america\\\/\"},\"author\":{\"name\":\"f1000024\",\"@id\":\"https:\\\/\\\/cvinoticias.com\\\/v3\\\/#\\\/schema\\\/person\\\/2db77e3c6bc03c538495d7b2b8be9b66\"},\"headline\":\"Se realiz\u00f3 la Asamblea de los Trabajadores de la Educaci\u00f3n de Misiones en Jard\u00edn Am\u00e9rica\",\"datePublished\":\"2021-07-03T22:58:18+00:00\",\"mainEntityOfPage\":{\"@id\":\"https:\\\/\\\/cvinoticias.com\\\/v3\\\/se-realizo-la-asamblea-de-los-trabajadores-de-la-educacion-de-misiones-en-jardin-america\\\/\"},\"wordCount\":737,\"commentCount\":0,\"publisher\":{\"@id\":\"https:\\\/\\\/cvinoticias.com\\\/v3\\\/#organization\"},\"image\":{\"@id\":\"https:\\\/\\\/cvinoticias.com\\\/v3\\\/se-realizo-la-asamblea-de-los-trabajadores-de-la-educacion-de-misiones-en-jardin-america\\\/#primaryimage\"},\"thumbnailUrl\":\"https:\\\/\\\/cvinoticias.com\\\/wp-content\\\/uploads\\\/2021\\\/07\\\/FB_IMG_1625351813233.jpg\",\"articleSection\":[\"Educacion\"],\"inLanguage\":\"es\",\"potentialAction\":[{\"@type\":\"CommentAction\",\"name\":\"Comment\",\"target\":[\"https:\\\/\\\/cvinoticias.com\\\/v3\\\/se-realizo-la-asamblea-de-los-trabajadores-de-la-educacion-de-misiones-en-jardin-america\\\/#respond\"]}]},{\"@type\":\"WebPage\",\"@id\":\"https:\\\/\\\/cvinoticias.com\\\/v3\\\/se-realizo-la-asamblea-de-los-trabajadores-de-la-educacion-de-misiones-en-jardin-america\\\/\",\"url\":\"https:\\\/\\\/cvinoticias.com\\\/v3\\\/se-realizo-la-asamblea-de-los-trabajadores-de-la-educacion-de-misiones-en-jardin-america\\\/\",\"name\":\"Se realiz\u00f3 la Asamblea de los Trabajadores de la Educaci\u00f3n de Misiones en Jard\u00edn Am\u00e9rica | CVI NOTICIAS\",\"isPartOf\":{\"@id\":\"https:\\\/\\\/cvinoticias.com\\\/v3\\\/#website\"},\"primaryImageOfPage\":{\"@id\":\"https:\\\/\\\/cvinoticias.com\\\/v3\\\/se-realizo-la-asamblea-de-los-trabajadores-de-la-educacion-de-misiones-en-jardin-america\\\/#primaryimage\"},\"image\":{\"@id\":\"https:\\\/\\\/cvinoticias.com\\\/v3\\\/se-realizo-la-asamblea-de-los-trabajadores-de-la-educacion-de-misiones-en-jardin-america\\\/#primaryimage\"},\"thumbnailUrl\":\"https:\\\/\\\/cvinoticias.com\\\/wp-content\\\/uploads\\\/2021\\\/07\\\/FB_IMG_1625351813233.jpg\",\"datePublished\":\"2021-07-03T22:58:18+00:00\",\"breadcrumb\":{\"@id\":\"https:\\\/\\\/cvinoticias.com\\\/v3\\\/se-realizo-la-asamblea-de-los-trabajadores-de-la-educacion-de-misiones-en-jardin-america\\\/#breadcrumb\"},\"inLanguage\":\"es\",\"potentialAction\":[{\"@type\":\"ReadAction\",\"target\":[\"https:\\\/\\\/cvinoticias.com\\\/v3\\\/se-realizo-la-asamblea-de-los-trabajadores-de-la-educacion-de-misiones-en-jardin-america\\\/\"]}]},{\"@type\":\"ImageObject\",\"inLanguage\":\"es\",\"@id\":\"https:\\\/\\\/cvinoticias.com\\\/v3\\\/se-realizo-la-asamblea-de-los-trabajadores-de-la-educacion-de-misiones-en-jardin-america\\\/#primaryimage\",\"url\":\"https:\\\/\\\/cvinoticias.com\\\/wp-content\\\/uploads\\\/2021\\\/07\\\/FB_IMG_1625351813233.jpg\",\"contentUrl\":\"https:\\\/\\\/cvinoticias.com\\\/wp-content\\\/uploads\\\/2021\\\/07\\\/FB_IMG_1625351813233.jpg\",\"width\":1080,\"height\":504},{\"@type\":\"BreadcrumbList\",\"@id\":\"https:\\\/\\\/cvinoticias.com\\\/v3\\\/se-realizo-la-asamblea-de-los-trabajadores-de-la-educacion-de-misiones-en-jardin-america\\\/#breadcrumb\",\"itemListElement\":[{\"@type\":\"ListItem\",\"position\":1,\"name\":\"Portada\",\"item\":\"https:\\\/\\\/cvinoticias.com\\\/v3\\\/\"},{\"@type\":\"ListItem\",\"position\":2,\"name\":\"Se realiz\u00f3 la Asamblea de los Trabajadores de la Educaci\u00f3n de Misiones en Jard\u00edn Am\u00e9rica\"}]},{\"@type\":\"WebSite\",\"@id\":\"https:\\\/\\\/cvinoticias.com\\\/v3\\\/#website\",\"url\":\"https:\\\/\\\/cvinoticias.com\\\/v3\\\/\",\"name\":\"CVI NOTICIAS\",\"description\":\"\",\"publisher\":{\"@id\":\"https:\\\/\\\/cvinoticias.com\\\/v3\\\/#organization\"},\"alternateName\":\"CVI\",\"potentialAction\":[{\"@type\":\"SearchAction\",\"target\":{\"@type\":\"EntryPoint\",\"urlTemplate\":\"https:\\\/\\\/cvinoticias.com\\\/v3\\\/?s={search_term_string}\"},\"query-input\":{\"@type\":\"PropertyValueSpecification\",\"valueRequired\":true,\"valueName\":\"search_term_string\"}}],\"inLanguage\":\"es\"},{\"@type\":\"Organization\",\"@id\":\"https:\\\/\\\/cvinoticias.com\\\/v3\\\/#organization\",\"name\":\"CVI NOTICIAS\",\"url\":\"https:\\\/\\\/cvinoticias.com\\\/v3\\\/\",\"logo\":{\"@type\":\"ImageObject\",\"inLanguage\":\"es\",\"@id\":\"https:\\\/\\\/cvinoticias.com\\\/v3\\\/#\\\/schema\\\/logo\\\/image\\\/\",\"url\":\"https:\\\/\\\/cvinoticias.com\\\/wp-content\\\/uploads\\\/2023\\\/04\\\/cropped-cropped-cropped-cropped-cropped-3-1.png\",\"contentUrl\":\"https:\\\/\\\/cvinoticias.com\\\/wp-content\\\/uploads\\\/2023\\\/04\\\/cropped-cropped-cropped-cropped-cropped-3-1.png\",\"width\":95,\"height\":122,\"caption\":\"CVI NOTICIAS\"},\"image\":{\"@id\":\"https:\\\/\\\/cvinoticias.com\\\/v3\\\/#\\\/schema\\\/logo\\\/image\\\/\"},\"sameAs\":[\"https:\\\/\\\/www.facebook.com\\\/cvinoticias\",\"https:\\\/\\\/www.instagram.com\\\/cvinoticias\\\/\",\"https:\\\/\\\/www.youtube.com\\\/@CVINOTICIAS\"]},{\"@type\":\"Person\",\"@id\":\"https:\\\/\\\/cvinoticias.com\\\/v3\\\/#\\\/schema\\\/person\\\/2db77e3c6bc03c538495d7b2b8be9b66\",\"name\":\"f1000024\",\"image\":{\"@type\":\"ImageObject\",\"inLanguage\":\"es\",\"@id\":\"https:\\\/\\\/secure.gravatar.com\\\/avatar\\\/d4fe7459cfc51ff5129ce1a732bbef5928568b8092d412ef95611616376bbeed?s=96&d=mm&r=g\",\"url\":\"https:\\\/\\\/secure.gravatar.com\\\/avatar\\\/d4fe7459cfc51ff5129ce1a732bbef5928568b8092d412ef95611616376bbeed?s=96&d=mm&r=g\",\"contentUrl\":\"https:\\\/\\\/secure.gravatar.com\\\/avatar\\\/d4fe7459cfc51ff5129ce1a732bbef5928568b8092d412ef95611616376bbeed?s=96&d=mm&r=g\",\"caption\":\"f1000024\"},\"url\":\"https:\\\/\\\/cvinoticias.com\\\/v3\\\/author\\\/f1000024\\\/\"}]}<\/script>\n<!-- \/ Yoast SEO plugin. -->","yoast_head_json":{"title":"Se realiz\u00f3 la Asamblea de los Trabajadores de la Educaci\u00f3n de Misiones en Jard\u00edn Am\u00e9rica | CVI NOTICIAS","robots":{"index":"index","follow":"follow","max-snippet":"max-snippet:-1","max-image-preview":"max-image-preview:large","max-video-preview":"max-video-preview:-1"},"canonical":"https:\/\/cvinoticias.com\/v3\/se-realizo-la-asamblea-de-los-trabajadores-de-la-educacion-de-misiones-en-jardin-america\/","og_locale":"es_ES","og_type":"article","og_title":"Se realiz\u00f3 la Asamblea de los Trabajadores de la Educaci\u00f3n de Misiones en Jard\u00edn Am\u00e9rica | CVI NOTICIAS","og_description":"La asamblea del Frente de los Trabajadores de la Educaci\u00f3n de Misiones en Lucha, conformado por UDNAM, MPL, UTEM-CTA, ATE, Corriente Nacional Conti Santoro, Autoconvocados y Marea Blanca, realizada en Jard\u00edn Am\u00e9rica en el d\u00eda de la fecha, analiz\u00f3 y debati\u00f3 la propuesta salarial realizada por el gobierno en la reuni\u00f3n llevada a cabo el [&hellip;]","og_url":"https:\/\/cvinoticias.com\/v3\/se-realizo-la-asamblea-de-los-trabajadores-de-la-educacion-de-misiones-en-jardin-america\/","og_site_name":"CVI NOTICIAS","article_publisher":"https:\/\/www.facebook.com\/cvinoticias","article_published_time":"2021-07-03T22:58:18+00:00","og_image":[{"width":1080,"height":504,"url":"https:\/\/cvinoticias.com\/wp-content\/uploads\/2021\/07\/FB_IMG_1625351813233.jpg","type":"image\/jpeg"}],"author":"f1000024","twitter_card":"summary_large_image","twitter_misc":{"Escrito por":"f1000024","Tiempo de lectura":"4 minutos"},"schema":{"@context":"https:\/\/schema.org","@graph":[{"@type":"Article","@id":"https:\/\/cvinoticias.com\/v3\/se-realizo-la-asamblea-de-los-trabajadores-de-la-educacion-de-misiones-en-jardin-america\/#article","isPartOf":{"@id":"https:\/\/cvinoticias.com\/v3\/se-realizo-la-asamblea-de-los-trabajadores-de-la-educacion-de-misiones-en-jardin-america\/"},"author":{"name":"f1000024","@id":"https:\/\/cvinoticias.com\/v3\/#\/schema\/person\/2db77e3c6bc03c538495d7b2b8be9b66"},"headline":"Se realiz\u00f3 la Asamblea de los Trabajadores de la Educaci\u00f3n de Misiones en Jard\u00edn Am\u00e9rica","datePublished":"2021-07-03T22:58:18+00:00","mainEntityOfPage":{"@id":"https:\/\/cvinoticias.com\/v3\/se-realizo-la-asamblea-de-los-trabajadores-de-la-educacion-de-misiones-en-jardin-america\/"},"wordCount":737,"commentCount":0,"publisher":{"@id":"https:\/\/cvinoticias.com\/v3\/#organization"},"image":{"@id":"https:\/\/cvinoticias.com\/v3\/se-realizo-la-asamblea-de-los-trabajadores-de-la-educacion-de-misiones-en-jardin-america\/#primaryimage"},"thumbnailUrl":"https:\/\/cvinoticias.com\/wp-content\/uploads\/2021\/07\/FB_IMG_1625351813233.jpg","articleSection":["Educacion"],"inLanguage":"es","potentialAction":[{"@type":"CommentAction","name":"Comment","target":["https:\/\/cvinoticias.com\/v3\/se-realizo-la-asamblea-de-los-trabajadores-de-la-educacion-de-misiones-en-jardin-america\/#respond"]}]},{"@type":"WebPage","@id":"https:\/\/cvinoticias.com\/v3\/se-realizo-la-asamblea-de-los-trabajadores-de-la-educacion-de-misiones-en-jardin-america\/","url":"https:\/\/cvinoticias.com\/v3\/se-realizo-la-asamblea-de-los-trabajadores-de-la-educacion-de-misiones-en-jardin-america\/","name":"Se realiz\u00f3 la Asamblea de los Trabajadores de la Educaci\u00f3n de Misiones en Jard\u00edn Am\u00e9rica | CVI NOTICIAS","isPartOf":{"@id":"https:\/\/cvinoticias.com\/v3\/#website"},"primaryImageOfPage":{"@id":"https:\/\/cvinoticias.com\/v3\/se-realizo-la-asamblea-de-los-trabajadores-de-la-educacion-de-misiones-en-jardin-america\/#primaryimage"},"image":{"@id":"https:\/\/cvinoticias.com\/v3\/se-realizo-la-asamblea-de-los-trabajadores-de-la-educacion-de-misiones-en-jardin-america\/#primaryimage"},"thumbnailUrl":"https:\/\/cvinoticias.com\/wp-content\/uploads\/2021\/07\/FB_IMG_1625351813233.jpg","datePublished":"2021-07-03T22:58:18+00:00","breadcrumb":{"@id":"https:\/\/cvinoticias.com\/v3\/se-realizo-la-asamblea-de-los-trabajadores-de-la-educacion-de-misiones-en-jardin-america\/#breadcrumb"},"inLanguage":"es","potentialAction":[{"@type":"ReadAction","target":["https:\/\/cvinoticias.com\/v3\/se-realizo-la-asamblea-de-los-trabajadores-de-la-educacion-de-misiones-en-jardin-america\/"]}]},{"@type":"ImageObject","inLanguage":"es","@id":"https:\/\/cvinoticias.com\/v3\/se-realizo-la-asamblea-de-los-trabajadores-de-la-educacion-de-misiones-en-jardin-america\/#primaryimage","url":"https:\/\/cvinoticias.com\/wp-content\/uploads\/2021\/07\/FB_IMG_1625351813233.jpg","contentUrl":"https:\/\/cvinoticias.com\/wp-content\/uploads\/2021\/07\/FB_IMG_1625351813233.jpg","width":1080,"height":504},{"@type":"BreadcrumbList","@id":"https:\/\/cvinoticias.com\/v3\/se-realizo-la-asamblea-de-los-trabajadores-de-la-educacion-de-misiones-en-jardin-america\/#breadcrumb","itemListElement":[{"@type":"ListItem","position":1,"name":"Portada","item":"https:\/\/cvinoticias.com\/v3\/"},{"@type":"ListItem","position":2,"name":"Se realiz\u00f3 la Asamblea de los Trabajadores de la Educaci\u00f3n de Misiones en Jard\u00edn Am\u00e9rica"}]},{"@type":"WebSite","@id":"https:\/\/cvinoticias.com\/v3\/#website","url":"https:\/\/cvinoticias.com\/v3\/","name":"CVI NOTICIAS","description":"","publisher":{"@id":"https:\/\/cvinoticias.com\/v3\/#organization"},"alternateName":"CVI","potentialAction":[{"@type":"SearchAction","target":{"@type":"EntryPoint","urlTemplate":"https:\/\/cvinoticias.com\/v3\/?s={search_term_string}"},"query-input":{"@type":"PropertyValueSpecification","valueRequired":true,"valueName":"search_term_string"}}],"inLanguage":"es"},{"@type":"Organization","@id":"https:\/\/cvinoticias.com\/v3\/#organization","name":"CVI NOTICIAS","url":"https:\/\/cvinoticias.com\/v3\/","logo":{"@type":"ImageObject","inLanguage":"es","@id":"https:\/\/cvinoticias.com\/v3\/#\/schema\/logo\/image\/","url":"https:\/\/cvinoticias.com\/wp-content\/uploads\/2023\/04\/cropped-cropped-cropped-cropped-cropped-3-1.png","contentUrl":"https:\/\/cvinoticias.com\/wp-content\/uploads\/2023\/04\/cropped-cropped-cropped-cropped-cropped-3-1.png","width":95,"height":122,"caption":"CVI NOTICIAS"},"image":{"@id":"https:\/\/cvinoticias.com\/v3\/#\/schema\/logo\/image\/"},"sameAs":["https:\/\/www.facebook.com\/cvinoticias","https:\/\/www.instagram.com\/cvinoticias\/","https:\/\/www.youtube.com\/@CVINOTICIAS"]},{"@type":"Person","@id":"https:\/\/cvinoticias.com\/v3\/#\/schema\/person\/2db77e3c6bc03c538495d7b2b8be9b66","name":"f1000024","image":{"@type":"ImageObject","inLanguage":"es","@id":"https:\/\/secure.gravatar.com\/avatar\/d4fe7459cfc51ff5129ce1a732bbef5928568b8092d412ef95611616376bbeed?s=96&d=mm&r=g","url":"https:\/\/secure.gravatar.com\/avatar\/d4fe7459cfc51ff5129ce1a732bbef5928568b8092d412ef95611616376bbeed?s=96&d=mm&r=g","contentUrl":"https:\/\/secure.gravatar.com\/avatar\/d4fe7459cfc51ff5129ce1a732bbef5928568b8092d412ef95611616376bbeed?s=96&d=mm&r=g","caption":"f1000024"},"url":"https:\/\/cvinoticias.com\/v3\/author\/f1000024\/"}]}},"_links":{"self":[{"href":"https:\/\/cvinoticias.com\/v3\/wp-json\/wp\/v2\/posts\/6551","targetHints":{"allow":["GET"]}}],"collection":[{"href":"https:\/\/cvinoticias.com\/v3\/wp-json\/wp\/v2\/posts"}],"about":[{"href":"https:\/\/cvinoticias.com\/v3\/wp-json\/wp\/v2\/types\/post"}],"author":[{"embeddable":true,"href":"https:\/\/cvinoticias.com\/v3\/wp-json\/wp\/v2\/users\/2"}],"replies":[{"embeddable":true,"href":"https:\/\/cvinoticias.com\/v3\/wp-json\/wp\/v2\/comments?post=6551"}],"version-history":[{"count":1,"href":"https:\/\/cvinoticias.com\/v3\/wp-json\/wp\/v2\/posts\/6551\/revisions"}],"predecessor-version":[{"id":6553,"href":"https:\/\/cvinoticias.com\/v3\/wp-json\/wp\/v2\/posts\/6551\/revisions\/6553"}],"wp:featuredmedia":[{"embeddable":true,"href":"https:\/\/cvinoticias.com\/v3\/wp-json\/wp\/v2\/media\/6552"}],"wp:attachment":[{"href":"https:\/\/cvinoticias.com\/v3\/wp-json\/wp\/v2\/media?parent=6551"}],"wp:term":[{"taxonomy":"category","embeddable":true,"href":"https:\/\/cvinoticias.com\/v3\/wp-json\/wp\/v2\/categories?post=6551"},{"taxonomy":"post_tag","embeddable":true,"href":"https:\/\/cvinoticias.com\/v3\/wp-json\/wp\/v2\/tags?post=6551"}],"curies":[{"name":"wp","href":"https:\/\/api.w.org\/{rel}","templated":true}]}}