{"id":6527,"date":"2021-07-02T10:35:53","date_gmt":"2021-07-02T10:35:53","guid":{"rendered":"https:\/\/cvinoticias.com\/v3\/?p=6527"},"modified":"2021-07-02T10:35:53","modified_gmt":"2021-07-02T10:35:53","slug":"productora-citricola-de-misiones-lamento-las-perdidas-por-falta-de-personal-para-cosechar-frutas-es-el-tercer-ano-que-perdemos","status":"publish","type":"post","link":"https:\/\/cvinoticias.com\/v3\/productora-citricola-de-misiones-lamento-las-perdidas-por-falta-de-personal-para-cosechar-frutas-es-el-tercer-ano-que-perdemos\/","title":{"rendered":"Productora citr\u00edcola de Misiones lament\u00f3 las p\u00e9rdidas por falta de personal para cosechar frutas: \u201cEs el tercer a\u00f1o que perdemos\u201d"},"content":{"rendered":"\n<p><strong><em>\u201cUno apuesta por el trabajo, por producir y es el tercer a\u00f1o que perdemos\u201d<\/em>, dijo una productora misionera sobre la falta de mano de obra. Mostr\u00f3 de qu\u00e9 forma pierde toda su producci\u00f3n debido a que no consigue trabajadores que se encarguen de cosechar las frutas, lo que termina generando que se eche a perder todo lo plantado.\u00a0<\/strong><\/p>\n\n\n\n<p><em>\u201cEstoy parada frente a estas plantas de limones, tengo la voz entrecortada porque uno siente m\u00e1s que impotencia. Uno apuesta por el trabajo, por producir y es el tercer a\u00f1o que perdemos, se va al piso, se pudre\u201d<\/em>, expres\u00f3 una productora de Eldorado.<\/p>\n\n\n\n<p>Desde hace un tiempo atr\u00e1s,\u00a0otros productores ya vienen alertando sobre la escasez de mano de obra\u00a0y aseguran que se debe a que los trabajadores no quieren trabajar en blanco porque al ser dado de alta como empleados pierden la oportunidad de seguir cobrando beneficios sociales como la Asignaci\u00f3n Universal por Hijo, ya que son incompatibles el cobro de estos planes y la condici\u00f3n de trabajo \u00aben blanco\u00bb.\u00a0<\/p>\n\n\n\n<p>\u201cSe pierde un a\u00f1o completo de trabajo donde invert\u00eds\u00a0 en poda, limpieza,\u00a0 abono, pura inversi\u00f3n y quedas sin nada, en un pa\u00eds donde no consegu\u00eds gente para trabajar en blanco\u201d, dijo la mujer que vive de su producci\u00f3n citr\u00edcola.\u00a0<\/p>\n\n\n\n<p><em>\u201cEs tan doloroso pero es real, es muy real\u201d<\/em>, manifest\u00f3 finalmente la productora sobre la falta de mano de obra.\u00a0<\/p>\n\n\n\n<p><\/p>\n\n\n\n<p><strong>MOL<\/strong> <\/p>\n","protected":false},"excerpt":{"rendered":"<p>\u201cUno apuesta por el trabajo, por producir y es el tercer a\u00f1o que perdemos\u201d, dijo una productora misionera sobre la falta de mano de obra. Mostr\u00f3 de qu\u00e9 forma pierde toda su producci\u00f3n debido a que no consigue trabajadores que se encarguen de cosechar las frutas, lo que termina generando que se eche a perder [&hellip;]<\/p>\n","protected":false},"author":2,"featured_media":6528,"comment_status":"open","ping_status":"open","sticky":false,"template":"","format":"standard","meta":{"footnotes":""},"categories":[43],"tags":[],"class_list":["post-6527","post","type-post","status-publish","format-standard","has-post-thumbnail","hentry","category-provinciales"],"yoast_head":"<!-- This site is optimized with the Yoast SEO plugin v27.5 - https:\/\/yoast.com\/product\/yoast-seo-wordpress\/ -->\n<title>Productora citr\u00edcola de Misiones lament\u00f3 las p\u00e9rdidas por falta de personal para cosechar frutas: \u201cEs el tercer a\u00f1o que perdemos\u201d | CVI NOTICIAS<\/title>\n<meta name=\"robots\" content=\"index, follow, max-snippet:-1, max-image-preview:large, max-video-preview:-1\" \/>\n<link rel=\"canonical\" href=\"https:\/\/cvinoticias.com\/v3\/productora-citricola-de-misiones-lamento-las-perdidas-por-falta-de-personal-para-cosechar-frutas-es-el-tercer-ano-que-perdemos\/\" \/>\n<meta property=\"og:locale\" content=\"es_ES\" \/>\n<meta property=\"og:type\" content=\"article\" \/>\n<meta property=\"og:title\" content=\"Productora citr\u00edcola de Misiones lament\u00f3 las p\u00e9rdidas por falta de personal para cosechar frutas: \u201cEs el tercer a\u00f1o que perdemos\u201d | CVI NOTICIAS\" \/>\n<meta property=\"og:description\" content=\"\u201cUno apuesta por el trabajo, por producir y es el tercer a\u00f1o que perdemos\u201d, dijo una productora misionera sobre la falta de mano de obra. Mostr\u00f3 de qu\u00e9 forma pierde toda su producci\u00f3n debido a que no consigue trabajadores que se encarguen de cosechar las frutas, lo que termina generando que se eche a perder [&hellip;]\" \/>\n<meta property=\"og:url\" content=\"https:\/\/cvinoticias.com\/v3\/productora-citricola-de-misiones-lamento-las-perdidas-por-falta-de-personal-para-cosechar-frutas-es-el-tercer-ano-que-perdemos\/\" \/>\n<meta property=\"og:site_name\" content=\"CVI NOTICIAS\" \/>\n<meta property=\"article:publisher\" content=\"https:\/\/www.facebook.com\/cvinoticias\" \/>\n<meta property=\"article:published_time\" content=\"2021-07-02T10:35:53+00:00\" \/>\n<meta property=\"og:image\" content=\"https:\/\/cvinoticias.com\/wp-content\/uploads\/2021\/07\/citricosargentina.jpg\" \/>\n\t<meta property=\"og:image:width\" content=\"600\" \/>\n\t<meta property=\"og:image:height\" content=\"356\" \/>\n\t<meta property=\"og:image:type\" content=\"image\/jpeg\" \/>\n<meta name=\"author\" content=\"f1000024\" \/>\n<meta name=\"twitter:card\" content=\"summary_large_image\" \/>\n<meta name=\"twitter:label1\" content=\"Escrito por\" \/>\n\t<meta name=\"twitter:data1\" content=\"f1000024\" \/>\n\t<meta name=\"twitter:label2\" content=\"Tiempo de lectura\" \/>\n\t<meta name=\"twitter:data2\" content=\"1 minuto\" \/>\n<script type=\"application\/ld+json\" class=\"yoast-schema-graph\">{\"@context\":\"https:\\\/\\\/schema.org\",\"@graph\":[{\"@type\":\"Article\",\"@id\":\"https:\\\/\\\/cvinoticias.com\\\/v3\\\/productora-citricola-de-misiones-lamento-las-perdidas-por-falta-de-personal-para-cosechar-frutas-es-el-tercer-ano-que-perdemos\\\/#article\",\"isPartOf\":{\"@id\":\"https:\\\/\\\/cvinoticias.com\\\/v3\\\/productora-citricola-de-misiones-lamento-las-perdidas-por-falta-de-personal-para-cosechar-frutas-es-el-tercer-ano-que-perdemos\\\/\"},\"author\":{\"name\":\"f1000024\",\"@id\":\"https:\\\/\\\/cvinoticias.com\\\/v3\\\/#\\\/schema\\\/person\\\/2db77e3c6bc03c538495d7b2b8be9b66\"},\"headline\":\"Productora citr\u00edcola de Misiones lament\u00f3 las p\u00e9rdidas por falta de personal para cosechar frutas: \u201cEs el tercer a\u00f1o que perdemos\u201d\",\"datePublished\":\"2021-07-02T10:35:53+00:00\",\"mainEntityOfPage\":{\"@id\":\"https:\\\/\\\/cvinoticias.com\\\/v3\\\/productora-citricola-de-misiones-lamento-las-perdidas-por-falta-de-personal-para-cosechar-frutas-es-el-tercer-ano-que-perdemos\\\/\"},\"wordCount\":267,\"commentCount\":1,\"publisher\":{\"@id\":\"https:\\\/\\\/cvinoticias.com\\\/v3\\\/#organization\"},\"image\":{\"@id\":\"https:\\\/\\\/cvinoticias.com\\\/v3\\\/productora-citricola-de-misiones-lamento-las-perdidas-por-falta-de-personal-para-cosechar-frutas-es-el-tercer-ano-que-perdemos\\\/#primaryimage\"},\"thumbnailUrl\":\"https:\\\/\\\/cvinoticias.com\\\/wp-content\\\/uploads\\\/2021\\\/07\\\/citricosargentina.jpg\",\"articleSection\":[\"Provinciales\"],\"inLanguage\":\"es\",\"potentialAction\":[{\"@type\":\"CommentAction\",\"name\":\"Comment\",\"target\":[\"https:\\\/\\\/cvinoticias.com\\\/v3\\\/productora-citricola-de-misiones-lamento-las-perdidas-por-falta-de-personal-para-cosechar-frutas-es-el-tercer-ano-que-perdemos\\\/#respond\"]}]},{\"@type\":\"WebPage\",\"@id\":\"https:\\\/\\\/cvinoticias.com\\\/v3\\\/productora-citricola-de-misiones-lamento-las-perdidas-por-falta-de-personal-para-cosechar-frutas-es-el-tercer-ano-que-perdemos\\\/\",\"url\":\"https:\\\/\\\/cvinoticias.com\\\/v3\\\/productora-citricola-de-misiones-lamento-las-perdidas-por-falta-de-personal-para-cosechar-frutas-es-el-tercer-ano-que-perdemos\\\/\",\"name\":\"Productora citr\u00edcola de Misiones lament\u00f3 las p\u00e9rdidas por falta de personal para cosechar frutas: \u201cEs el tercer a\u00f1o que perdemos\u201d | CVI NOTICIAS\",\"isPartOf\":{\"@id\":\"https:\\\/\\\/cvinoticias.com\\\/v3\\\/#website\"},\"primaryImageOfPage\":{\"@id\":\"https:\\\/\\\/cvinoticias.com\\\/v3\\\/productora-citricola-de-misiones-lamento-las-perdidas-por-falta-de-personal-para-cosechar-frutas-es-el-tercer-ano-que-perdemos\\\/#primaryimage\"},\"image\":{\"@id\":\"https:\\\/\\\/cvinoticias.com\\\/v3\\\/productora-citricola-de-misiones-lamento-las-perdidas-por-falta-de-personal-para-cosechar-frutas-es-el-tercer-ano-que-perdemos\\\/#primaryimage\"},\"thumbnailUrl\":\"https:\\\/\\\/cvinoticias.com\\\/wp-content\\\/uploads\\\/2021\\\/07\\\/citricosargentina.jpg\",\"datePublished\":\"2021-07-02T10:35:53+00:00\",\"breadcrumb\":{\"@id\":\"https:\\\/\\\/cvinoticias.com\\\/v3\\\/productora-citricola-de-misiones-lamento-las-perdidas-por-falta-de-personal-para-cosechar-frutas-es-el-tercer-ano-que-perdemos\\\/#breadcrumb\"},\"inLanguage\":\"es\",\"potentialAction\":[{\"@type\":\"ReadAction\",\"target\":[\"https:\\\/\\\/cvinoticias.com\\\/v3\\\/productora-citricola-de-misiones-lamento-las-perdidas-por-falta-de-personal-para-cosechar-frutas-es-el-tercer-ano-que-perdemos\\\/\"]}]},{\"@type\":\"ImageObject\",\"inLanguage\":\"es\",\"@id\":\"https:\\\/\\\/cvinoticias.com\\\/v3\\\/productora-citricola-de-misiones-lamento-las-perdidas-por-falta-de-personal-para-cosechar-frutas-es-el-tercer-ano-que-perdemos\\\/#primaryimage\",\"url\":\"https:\\\/\\\/cvinoticias.com\\\/wp-content\\\/uploads\\\/2021\\\/07\\\/citricosargentina.jpg\",\"contentUrl\":\"https:\\\/\\\/cvinoticias.com\\\/wp-content\\\/uploads\\\/2021\\\/07\\\/citricosargentina.jpg\",\"width\":600,\"height\":356},{\"@type\":\"BreadcrumbList\",\"@id\":\"https:\\\/\\\/cvinoticias.com\\\/v3\\\/productora-citricola-de-misiones-lamento-las-perdidas-por-falta-de-personal-para-cosechar-frutas-es-el-tercer-ano-que-perdemos\\\/#breadcrumb\",\"itemListElement\":[{\"@type\":\"ListItem\",\"position\":1,\"name\":\"Portada\",\"item\":\"https:\\\/\\\/cvinoticias.com\\\/v3\\\/\"},{\"@type\":\"ListItem\",\"position\":2,\"name\":\"Productora citr\u00edcola de Misiones lament\u00f3 las p\u00e9rdidas por falta de personal para cosechar frutas: \u201cEs el tercer a\u00f1o que perdemos\u201d\"}]},{\"@type\":\"WebSite\",\"@id\":\"https:\\\/\\\/cvinoticias.com\\\/v3\\\/#website\",\"url\":\"https:\\\/\\\/cvinoticias.com\\\/v3\\\/\",\"name\":\"CVI NOTICIAS\",\"description\":\"\",\"publisher\":{\"@id\":\"https:\\\/\\\/cvinoticias.com\\\/v3\\\/#organization\"},\"alternateName\":\"CVI\",\"potentialAction\":[{\"@type\":\"SearchAction\",\"target\":{\"@type\":\"EntryPoint\",\"urlTemplate\":\"https:\\\/\\\/cvinoticias.com\\\/v3\\\/?s={search_term_string}\"},\"query-input\":{\"@type\":\"PropertyValueSpecification\",\"valueRequired\":true,\"valueName\":\"search_term_string\"}}],\"inLanguage\":\"es\"},{\"@type\":\"Organization\",\"@id\":\"https:\\\/\\\/cvinoticias.com\\\/v3\\\/#organization\",\"name\":\"CVI NOTICIAS\",\"url\":\"https:\\\/\\\/cvinoticias.com\\\/v3\\\/\",\"logo\":{\"@type\":\"ImageObject\",\"inLanguage\":\"es\",\"@id\":\"https:\\\/\\\/cvinoticias.com\\\/v3\\\/#\\\/schema\\\/logo\\\/image\\\/\",\"url\":\"https:\\\/\\\/cvinoticias.com\\\/wp-content\\\/uploads\\\/2023\\\/04\\\/cropped-cropped-cropped-cropped-cropped-3-1.png\",\"contentUrl\":\"https:\\\/\\\/cvinoticias.com\\\/wp-content\\\/uploads\\\/2023\\\/04\\\/cropped-cropped-cropped-cropped-cropped-3-1.png\",\"width\":95,\"height\":122,\"caption\":\"CVI NOTICIAS\"},\"image\":{\"@id\":\"https:\\\/\\\/cvinoticias.com\\\/v3\\\/#\\\/schema\\\/logo\\\/image\\\/\"},\"sameAs\":[\"https:\\\/\\\/www.facebook.com\\\/cvinoticias\",\"https:\\\/\\\/www.instagram.com\\\/cvinoticias\\\/\",\"https:\\\/\\\/www.youtube.com\\\/@CVINOTICIAS\"]},{\"@type\":\"Person\",\"@id\":\"https:\\\/\\\/cvinoticias.com\\\/v3\\\/#\\\/schema\\\/person\\\/2db77e3c6bc03c538495d7b2b8be9b66\",\"name\":\"f1000024\",\"image\":{\"@type\":\"ImageObject\",\"inLanguage\":\"es\",\"@id\":\"https:\\\/\\\/secure.gravatar.com\\\/avatar\\\/d4fe7459cfc51ff5129ce1a732bbef5928568b8092d412ef95611616376bbeed?s=96&d=mm&r=g\",\"url\":\"https:\\\/\\\/secure.gravatar.com\\\/avatar\\\/d4fe7459cfc51ff5129ce1a732bbef5928568b8092d412ef95611616376bbeed?s=96&d=mm&r=g\",\"contentUrl\":\"https:\\\/\\\/secure.gravatar.com\\\/avatar\\\/d4fe7459cfc51ff5129ce1a732bbef5928568b8092d412ef95611616376bbeed?s=96&d=mm&r=g\",\"caption\":\"f1000024\"},\"url\":\"https:\\\/\\\/cvinoticias.com\\\/v3\\\/author\\\/f1000024\\\/\"}]}<\/script>\n<!-- \/ Yoast SEO plugin. -->","yoast_head_json":{"title":"Productora citr\u00edcola de Misiones lament\u00f3 las p\u00e9rdidas por falta de personal para cosechar frutas: \u201cEs el tercer a\u00f1o que perdemos\u201d | CVI NOTICIAS","robots":{"index":"index","follow":"follow","max-snippet":"max-snippet:-1","max-image-preview":"max-image-preview:large","max-video-preview":"max-video-preview:-1"},"canonical":"https:\/\/cvinoticias.com\/v3\/productora-citricola-de-misiones-lamento-las-perdidas-por-falta-de-personal-para-cosechar-frutas-es-el-tercer-ano-que-perdemos\/","og_locale":"es_ES","og_type":"article","og_title":"Productora citr\u00edcola de Misiones lament\u00f3 las p\u00e9rdidas por falta de personal para cosechar frutas: \u201cEs el tercer a\u00f1o que perdemos\u201d | CVI NOTICIAS","og_description":"\u201cUno apuesta por el trabajo, por producir y es el tercer a\u00f1o que perdemos\u201d, dijo una productora misionera sobre la falta de mano de obra. Mostr\u00f3 de qu\u00e9 forma pierde toda su producci\u00f3n debido a que no consigue trabajadores que se encarguen de cosechar las frutas, lo que termina generando que se eche a perder [&hellip;]","og_url":"https:\/\/cvinoticias.com\/v3\/productora-citricola-de-misiones-lamento-las-perdidas-por-falta-de-personal-para-cosechar-frutas-es-el-tercer-ano-que-perdemos\/","og_site_name":"CVI NOTICIAS","article_publisher":"https:\/\/www.facebook.com\/cvinoticias","article_published_time":"2021-07-02T10:35:53+00:00","og_image":[{"width":600,"height":356,"url":"https:\/\/cvinoticias.com\/wp-content\/uploads\/2021\/07\/citricosargentina.jpg","type":"image\/jpeg"}],"author":"f1000024","twitter_card":"summary_large_image","twitter_misc":{"Escrito por":"f1000024","Tiempo de lectura":"1 minuto"},"schema":{"@context":"https:\/\/schema.org","@graph":[{"@type":"Article","@id":"https:\/\/cvinoticias.com\/v3\/productora-citricola-de-misiones-lamento-las-perdidas-por-falta-de-personal-para-cosechar-frutas-es-el-tercer-ano-que-perdemos\/#article","isPartOf":{"@id":"https:\/\/cvinoticias.com\/v3\/productora-citricola-de-misiones-lamento-las-perdidas-por-falta-de-personal-para-cosechar-frutas-es-el-tercer-ano-que-perdemos\/"},"author":{"name":"f1000024","@id":"https:\/\/cvinoticias.com\/v3\/#\/schema\/person\/2db77e3c6bc03c538495d7b2b8be9b66"},"headline":"Productora citr\u00edcola de Misiones lament\u00f3 las p\u00e9rdidas por falta de personal para cosechar frutas: \u201cEs el tercer a\u00f1o que perdemos\u201d","datePublished":"2021-07-02T10:35:53+00:00","mainEntityOfPage":{"@id":"https:\/\/cvinoticias.com\/v3\/productora-citricola-de-misiones-lamento-las-perdidas-por-falta-de-personal-para-cosechar-frutas-es-el-tercer-ano-que-perdemos\/"},"wordCount":267,"commentCount":1,"publisher":{"@id":"https:\/\/cvinoticias.com\/v3\/#organization"},"image":{"@id":"https:\/\/cvinoticias.com\/v3\/productora-citricola-de-misiones-lamento-las-perdidas-por-falta-de-personal-para-cosechar-frutas-es-el-tercer-ano-que-perdemos\/#primaryimage"},"thumbnailUrl":"https:\/\/cvinoticias.com\/wp-content\/uploads\/2021\/07\/citricosargentina.jpg","articleSection":["Provinciales"],"inLanguage":"es","potentialAction":[{"@type":"CommentAction","name":"Comment","target":["https:\/\/cvinoticias.com\/v3\/productora-citricola-de-misiones-lamento-las-perdidas-por-falta-de-personal-para-cosechar-frutas-es-el-tercer-ano-que-perdemos\/#respond"]}]},{"@type":"WebPage","@id":"https:\/\/cvinoticias.com\/v3\/productora-citricola-de-misiones-lamento-las-perdidas-por-falta-de-personal-para-cosechar-frutas-es-el-tercer-ano-que-perdemos\/","url":"https:\/\/cvinoticias.com\/v3\/productora-citricola-de-misiones-lamento-las-perdidas-por-falta-de-personal-para-cosechar-frutas-es-el-tercer-ano-que-perdemos\/","name":"Productora citr\u00edcola de Misiones lament\u00f3 las p\u00e9rdidas por falta de personal para cosechar frutas: \u201cEs el tercer a\u00f1o que perdemos\u201d | CVI NOTICIAS","isPartOf":{"@id":"https:\/\/cvinoticias.com\/v3\/#website"},"primaryImageOfPage":{"@id":"https:\/\/cvinoticias.com\/v3\/productora-citricola-de-misiones-lamento-las-perdidas-por-falta-de-personal-para-cosechar-frutas-es-el-tercer-ano-que-perdemos\/#primaryimage"},"image":{"@id":"https:\/\/cvinoticias.com\/v3\/productora-citricola-de-misiones-lamento-las-perdidas-por-falta-de-personal-para-cosechar-frutas-es-el-tercer-ano-que-perdemos\/#primaryimage"},"thumbnailUrl":"https:\/\/cvinoticias.com\/wp-content\/uploads\/2021\/07\/citricosargentina.jpg","datePublished":"2021-07-02T10:35:53+00:00","breadcrumb":{"@id":"https:\/\/cvinoticias.com\/v3\/productora-citricola-de-misiones-lamento-las-perdidas-por-falta-de-personal-para-cosechar-frutas-es-el-tercer-ano-que-perdemos\/#breadcrumb"},"inLanguage":"es","potentialAction":[{"@type":"ReadAction","target":["https:\/\/cvinoticias.com\/v3\/productora-citricola-de-misiones-lamento-las-perdidas-por-falta-de-personal-para-cosechar-frutas-es-el-tercer-ano-que-perdemos\/"]}]},{"@type":"ImageObject","inLanguage":"es","@id":"https:\/\/cvinoticias.com\/v3\/productora-citricola-de-misiones-lamento-las-perdidas-por-falta-de-personal-para-cosechar-frutas-es-el-tercer-ano-que-perdemos\/#primaryimage","url":"https:\/\/cvinoticias.com\/wp-content\/uploads\/2021\/07\/citricosargentina.jpg","contentUrl":"https:\/\/cvinoticias.com\/wp-content\/uploads\/2021\/07\/citricosargentina.jpg","width":600,"height":356},{"@type":"BreadcrumbList","@id":"https:\/\/cvinoticias.com\/v3\/productora-citricola-de-misiones-lamento-las-perdidas-por-falta-de-personal-para-cosechar-frutas-es-el-tercer-ano-que-perdemos\/#breadcrumb","itemListElement":[{"@type":"ListItem","position":1,"name":"Portada","item":"https:\/\/cvinoticias.com\/v3\/"},{"@type":"ListItem","position":2,"name":"Productora citr\u00edcola de Misiones lament\u00f3 las p\u00e9rdidas por falta de personal para cosechar frutas: \u201cEs el tercer a\u00f1o que perdemos\u201d"}]},{"@type":"WebSite","@id":"https:\/\/cvinoticias.com\/v3\/#website","url":"https:\/\/cvinoticias.com\/v3\/","name":"CVI NOTICIAS","description":"","publisher":{"@id":"https:\/\/cvinoticias.com\/v3\/#organization"},"alternateName":"CVI","potentialAction":[{"@type":"SearchAction","target":{"@type":"EntryPoint","urlTemplate":"https:\/\/cvinoticias.com\/v3\/?s={search_term_string}"},"query-input":{"@type":"PropertyValueSpecification","valueRequired":true,"valueName":"search_term_string"}}],"inLanguage":"es"},{"@type":"Organization","@id":"https:\/\/cvinoticias.com\/v3\/#organization","name":"CVI NOTICIAS","url":"https:\/\/cvinoticias.com\/v3\/","logo":{"@type":"ImageObject","inLanguage":"es","@id":"https:\/\/cvinoticias.com\/v3\/#\/schema\/logo\/image\/","url":"https:\/\/cvinoticias.com\/wp-content\/uploads\/2023\/04\/cropped-cropped-cropped-cropped-cropped-3-1.png","contentUrl":"https:\/\/cvinoticias.com\/wp-content\/uploads\/2023\/04\/cropped-cropped-cropped-cropped-cropped-3-1.png","width":95,"height":122,"caption":"CVI NOTICIAS"},"image":{"@id":"https:\/\/cvinoticias.com\/v3\/#\/schema\/logo\/image\/"},"sameAs":["https:\/\/www.facebook.com\/cvinoticias","https:\/\/www.instagram.com\/cvinoticias\/","https:\/\/www.youtube.com\/@CVINOTICIAS"]},{"@type":"Person","@id":"https:\/\/cvinoticias.com\/v3\/#\/schema\/person\/2db77e3c6bc03c538495d7b2b8be9b66","name":"f1000024","image":{"@type":"ImageObject","inLanguage":"es","@id":"https:\/\/secure.gravatar.com\/avatar\/d4fe7459cfc51ff5129ce1a732bbef5928568b8092d412ef95611616376bbeed?s=96&d=mm&r=g","url":"https:\/\/secure.gravatar.com\/avatar\/d4fe7459cfc51ff5129ce1a732bbef5928568b8092d412ef95611616376bbeed?s=96&d=mm&r=g","contentUrl":"https:\/\/secure.gravatar.com\/avatar\/d4fe7459cfc51ff5129ce1a732bbef5928568b8092d412ef95611616376bbeed?s=96&d=mm&r=g","caption":"f1000024"},"url":"https:\/\/cvinoticias.com\/v3\/author\/f1000024\/"}]}},"_links":{"self":[{"href":"https:\/\/cvinoticias.com\/v3\/wp-json\/wp\/v2\/posts\/6527","targetHints":{"allow":["GET"]}}],"collection":[{"href":"https:\/\/cvinoticias.com\/v3\/wp-json\/wp\/v2\/posts"}],"about":[{"href":"https:\/\/cvinoticias.com\/v3\/wp-json\/wp\/v2\/types\/post"}],"author":[{"embeddable":true,"href":"https:\/\/cvinoticias.com\/v3\/wp-json\/wp\/v2\/users\/2"}],"replies":[{"embeddable":true,"href":"https:\/\/cvinoticias.com\/v3\/wp-json\/wp\/v2\/comments?post=6527"}],"version-history":[{"count":1,"href":"https:\/\/cvinoticias.com\/v3\/wp-json\/wp\/v2\/posts\/6527\/revisions"}],"predecessor-version":[{"id":6529,"href":"https:\/\/cvinoticias.com\/v3\/wp-json\/wp\/v2\/posts\/6527\/revisions\/6529"}],"wp:featuredmedia":[{"embeddable":true,"href":"https:\/\/cvinoticias.com\/v3\/wp-json\/wp\/v2\/media\/6528"}],"wp:attachment":[{"href":"https:\/\/cvinoticias.com\/v3\/wp-json\/wp\/v2\/media?parent=6527"}],"wp:term":[{"taxonomy":"category","embeddable":true,"href":"https:\/\/cvinoticias.com\/v3\/wp-json\/wp\/v2\/categories?post=6527"},{"taxonomy":"post_tag","embeddable":true,"href":"https:\/\/cvinoticias.com\/v3\/wp-json\/wp\/v2\/tags?post=6527"}],"curies":[{"name":"wp","href":"https:\/\/api.w.org\/{rel}","templated":true}]}}