{"id":6524,"date":"2021-07-02T10:16:51","date_gmt":"2021-07-02T10:16:51","guid":{"rendered":"https:\/\/cvinoticias.com\/v3\/?p=6524"},"modified":"2021-07-02T10:16:51","modified_gmt":"2021-07-02T10:16:51","slug":"desde-el-26-de-julio-al-6-de-agosto-se-realizaran-las-mesas-previas-del-nivel-secundario","status":"publish","type":"post","link":"https:\/\/cvinoticias.com\/v3\/desde-el-26-de-julio-al-6-de-agosto-se-realizaran-las-mesas-previas-del-nivel-secundario\/","title":{"rendered":"Desde el 26 de julio al 6 de agosto se realizar\u00e1n las mesas previas del Nivel Secundario"},"content":{"rendered":"\n<p><strong><em>Las mesas de ex\u00e1menes para que los estudiantes secundarios de esta provincia puedan regularizar las materias previas que adeudan, se desarrollar\u00e1n desde el 26 de julio hasta el 6 de agosto, es decir, inmediatamente despu\u00e9s del receso de invierno que inicia la semana pr\u00f3xima.<\/em><\/strong><\/p>\n\n\n\n<p>La confirmaci\u00f3n lleg\u00f3 de parte de la Directora de Ense\u00f1anza Secundaria, Viviana Escurdia.<\/p>\n\n\n\n<p>\u201cEsta semana y la pr\u00f3xima estamos llevando adelante un relevamiento para conocer la cantidad de chicos inscriptos para estas mesas, considerando que nuestro calendario establece otras instancias de recuperaci\u00f3n de aprendizajes durante todo el a\u00f1o para que puedan regularizar su trayectoria acad\u00e9mica, tanto de previas como terminalidad\u201d, explic\u00f3 la funcionaria provincial.<\/p>\n\n\n\n<p>Y sobre eso aclar\u00f3 que \u201cno es que hay m\u00e1s permisividad sino que tratamos de contemplar esta situaci\u00f3n de excepcionalidad para todos, no solo para estudiantes sino para los docentes y dem\u00e1s\u201d.<\/p>\n\n\n\n<p>En esa l\u00ednea Escurdia ponder\u00f3 la implementaci\u00f3n de la \u201clibreta abierta\u201d para que los estudiantes que no hayan alcanzado los logros de aprendizajes definidos para el ciclo lectivo \u201cpuedan hacerlo en otras instancias\u201d.<\/p>\n\n\n\n<p>\u201cNo tiene que ver con permisividad sino con contemplar esta situaci\u00f3n particular que estamos atravesando\u201d, a\u00f1adi\u00f3 y sobre el final subray\u00f3\u201den Misiones tenemos otra realidad porque venimos de una presencialidad cuidada y sostenida que nos permite cumplir el calendario, por eso la semana pr\u00f3xima ser\u00e1 la \u00faltima de clases de nuestro primer semestre y comienza el receso\u201d.<\/p>\n\n\n\n<p><strong>Mesas especiales<\/strong><\/p>\n\n\n\n<p>Paralelo a las mesas ordinarias para regularizar previas, desde marzo los estudiantes cuentan con mesas especiales y extraordinarias mensuales, en las que pueden regularizar las materias pendientes de 2020.<\/p>\n\n\n\n<p>\u201cLos chicos que no lograron alcanzar los objetivos de aprendizaje que hemos planteado para el ciclo anterior o el actual, siguen en proceso y de ah\u00ed esta cuesti\u00f3n de pensar una evaluaci\u00f3n constante y permanente habilitando en varios meses durante el a\u00f1o las mesas especiales para que puedan regularizar sus trayectorias\u201d, detall\u00f3 Escurdia.<\/p>\n\n\n\n<p>\u201cLas de ahora son las mesas que venimos acostumbrados despu\u00e9s del receso de invierno, para que se pongan al d\u00eda con las que les quedaron colgadas o no pudieron acreditar y con las mesas especiales mensuales tuvimos buenos resultados\u201d, afirm\u00f3 la funcionaria y aclar\u00f3 que \u201cestamos expectantes de que vayan los chicos, que aprueben y aprovechen para regularizar su trayectoria\u201d.<\/p>\n\n\n\n<p>E.T<\/p>\n","protected":false},"excerpt":{"rendered":"<p>Las mesas de ex\u00e1menes para que los estudiantes secundarios de esta provincia puedan regularizar las materias previas que adeudan, se desarrollar\u00e1n desde el 26 de julio hasta el 6 de agosto, es decir, inmediatamente despu\u00e9s del receso de invierno que inicia la semana pr\u00f3xima. La confirmaci\u00f3n lleg\u00f3 de parte de la Directora de Ense\u00f1anza Secundaria, [&hellip;]<\/p>\n","protected":false},"author":2,"featured_media":6525,"comment_status":"open","ping_status":"open","sticky":false,"template":"","format":"standard","meta":{"footnotes":""},"categories":[26],"tags":[],"class_list":["post-6524","post","type-post","status-publish","format-standard","has-post-thumbnail","hentry","category-educacion"],"yoast_head":"<!-- This site is optimized with the Yoast SEO plugin v27.4 - https:\/\/yoast.com\/product\/yoast-seo-wordpress\/ -->\n<title>Desde el 26 de julio al 6 de agosto se realizar\u00e1n las mesas previas del Nivel Secundario | CVI NOTICIAS<\/title>\n<meta name=\"robots\" content=\"index, follow, max-snippet:-1, max-image-preview:large, max-video-preview:-1\" \/>\n<link rel=\"canonical\" href=\"https:\/\/cvinoticias.com\/v3\/desde-el-26-de-julio-al-6-de-agosto-se-realizaran-las-mesas-previas-del-nivel-secundario\/\" \/>\n<meta property=\"og:locale\" content=\"es_ES\" \/>\n<meta property=\"og:type\" content=\"article\" \/>\n<meta property=\"og:title\" content=\"Desde el 26 de julio al 6 de agosto se realizar\u00e1n las mesas previas del Nivel Secundario | CVI NOTICIAS\" \/>\n<meta property=\"og:description\" content=\"Las mesas de ex\u00e1menes para que los estudiantes secundarios de esta provincia puedan regularizar las materias previas que adeudan, se desarrollar\u00e1n desde el 26 de julio hasta el 6 de agosto, es decir, inmediatamente despu\u00e9s del receso de invierno que inicia la semana pr\u00f3xima. La confirmaci\u00f3n lleg\u00f3 de parte de la Directora de Ense\u00f1anza Secundaria, [&hellip;]\" \/>\n<meta property=\"og:url\" content=\"https:\/\/cvinoticias.com\/v3\/desde-el-26-de-julio-al-6-de-agosto-se-realizaran-las-mesas-previas-del-nivel-secundario\/\" \/>\n<meta property=\"og:site_name\" content=\"CVI NOTICIAS\" \/>\n<meta property=\"article:publisher\" content=\"https:\/\/www.facebook.com\/cvinoticias\" \/>\n<meta property=\"article:published_time\" content=\"2021-07-02T10:16:51+00:00\" \/>\n<meta property=\"og:image\" content=\"https:\/\/cvinoticias.com\/wp-content\/uploads\/2021\/07\/336878w980h1800.jpg\" \/>\n\t<meta property=\"og:image:width\" content=\"980\" \/>\n\t<meta property=\"og:image:height\" content=\"536\" \/>\n\t<meta property=\"og:image:type\" content=\"image\/jpeg\" \/>\n<meta name=\"author\" content=\"f1000024\" \/>\n<meta name=\"twitter:card\" content=\"summary_large_image\" \/>\n<meta name=\"twitter:label1\" content=\"Escrito por\" \/>\n\t<meta name=\"twitter:data1\" content=\"f1000024\" \/>\n\t<meta name=\"twitter:label2\" content=\"Tiempo de lectura\" \/>\n\t<meta name=\"twitter:data2\" content=\"2 minutos\" \/>\n<script type=\"application\/ld+json\" class=\"yoast-schema-graph\">{\"@context\":\"https:\\\/\\\/schema.org\",\"@graph\":[{\"@type\":\"Article\",\"@id\":\"https:\\\/\\\/cvinoticias.com\\\/v3\\\/desde-el-26-de-julio-al-6-de-agosto-se-realizaran-las-mesas-previas-del-nivel-secundario\\\/#article\",\"isPartOf\":{\"@id\":\"https:\\\/\\\/cvinoticias.com\\\/v3\\\/desde-el-26-de-julio-al-6-de-agosto-se-realizaran-las-mesas-previas-del-nivel-secundario\\\/\"},\"author\":{\"name\":\"f1000024\",\"@id\":\"https:\\\/\\\/cvinoticias.com\\\/v3\\\/#\\\/schema\\\/person\\\/2db77e3c6bc03c538495d7b2b8be9b66\"},\"headline\":\"Desde el 26 de julio al 6 de agosto se realizar\u00e1n las mesas previas del Nivel Secundario\",\"datePublished\":\"2021-07-02T10:16:51+00:00\",\"mainEntityOfPage\":{\"@id\":\"https:\\\/\\\/cvinoticias.com\\\/v3\\\/desde-el-26-de-julio-al-6-de-agosto-se-realizaran-las-mesas-previas-del-nivel-secundario\\\/\"},\"wordCount\":413,\"commentCount\":0,\"publisher\":{\"@id\":\"https:\\\/\\\/cvinoticias.com\\\/v3\\\/#organization\"},\"image\":{\"@id\":\"https:\\\/\\\/cvinoticias.com\\\/v3\\\/desde-el-26-de-julio-al-6-de-agosto-se-realizaran-las-mesas-previas-del-nivel-secundario\\\/#primaryimage\"},\"thumbnailUrl\":\"https:\\\/\\\/cvinoticias.com\\\/wp-content\\\/uploads\\\/2021\\\/07\\\/336878w980h1800.jpg\",\"articleSection\":[\"Educacion\"],\"inLanguage\":\"es\",\"potentialAction\":[{\"@type\":\"CommentAction\",\"name\":\"Comment\",\"target\":[\"https:\\\/\\\/cvinoticias.com\\\/v3\\\/desde-el-26-de-julio-al-6-de-agosto-se-realizaran-las-mesas-previas-del-nivel-secundario\\\/#respond\"]}]},{\"@type\":\"WebPage\",\"@id\":\"https:\\\/\\\/cvinoticias.com\\\/v3\\\/desde-el-26-de-julio-al-6-de-agosto-se-realizaran-las-mesas-previas-del-nivel-secundario\\\/\",\"url\":\"https:\\\/\\\/cvinoticias.com\\\/v3\\\/desde-el-26-de-julio-al-6-de-agosto-se-realizaran-las-mesas-previas-del-nivel-secundario\\\/\",\"name\":\"Desde el 26 de julio al 6 de agosto se realizar\u00e1n las mesas previas del Nivel Secundario | CVI NOTICIAS\",\"isPartOf\":{\"@id\":\"https:\\\/\\\/cvinoticias.com\\\/v3\\\/#website\"},\"primaryImageOfPage\":{\"@id\":\"https:\\\/\\\/cvinoticias.com\\\/v3\\\/desde-el-26-de-julio-al-6-de-agosto-se-realizaran-las-mesas-previas-del-nivel-secundario\\\/#primaryimage\"},\"image\":{\"@id\":\"https:\\\/\\\/cvinoticias.com\\\/v3\\\/desde-el-26-de-julio-al-6-de-agosto-se-realizaran-las-mesas-previas-del-nivel-secundario\\\/#primaryimage\"},\"thumbnailUrl\":\"https:\\\/\\\/cvinoticias.com\\\/wp-content\\\/uploads\\\/2021\\\/07\\\/336878w980h1800.jpg\",\"datePublished\":\"2021-07-02T10:16:51+00:00\",\"breadcrumb\":{\"@id\":\"https:\\\/\\\/cvinoticias.com\\\/v3\\\/desde-el-26-de-julio-al-6-de-agosto-se-realizaran-las-mesas-previas-del-nivel-secundario\\\/#breadcrumb\"},\"inLanguage\":\"es\",\"potentialAction\":[{\"@type\":\"ReadAction\",\"target\":[\"https:\\\/\\\/cvinoticias.com\\\/v3\\\/desde-el-26-de-julio-al-6-de-agosto-se-realizaran-las-mesas-previas-del-nivel-secundario\\\/\"]}]},{\"@type\":\"ImageObject\",\"inLanguage\":\"es\",\"@id\":\"https:\\\/\\\/cvinoticias.com\\\/v3\\\/desde-el-26-de-julio-al-6-de-agosto-se-realizaran-las-mesas-previas-del-nivel-secundario\\\/#primaryimage\",\"url\":\"https:\\\/\\\/cvinoticias.com\\\/wp-content\\\/uploads\\\/2021\\\/07\\\/336878w980h1800.jpg\",\"contentUrl\":\"https:\\\/\\\/cvinoticias.com\\\/wp-content\\\/uploads\\\/2021\\\/07\\\/336878w980h1800.jpg\",\"width\":980,\"height\":536},{\"@type\":\"BreadcrumbList\",\"@id\":\"https:\\\/\\\/cvinoticias.com\\\/v3\\\/desde-el-26-de-julio-al-6-de-agosto-se-realizaran-las-mesas-previas-del-nivel-secundario\\\/#breadcrumb\",\"itemListElement\":[{\"@type\":\"ListItem\",\"position\":1,\"name\":\"Portada\",\"item\":\"https:\\\/\\\/cvinoticias.com\\\/v3\\\/\"},{\"@type\":\"ListItem\",\"position\":2,\"name\":\"Desde el 26 de julio al 6 de agosto se realizar\u00e1n las mesas previas del Nivel Secundario\"}]},{\"@type\":\"WebSite\",\"@id\":\"https:\\\/\\\/cvinoticias.com\\\/v3\\\/#website\",\"url\":\"https:\\\/\\\/cvinoticias.com\\\/v3\\\/\",\"name\":\"CVI NOTICIAS\",\"description\":\"\",\"publisher\":{\"@id\":\"https:\\\/\\\/cvinoticias.com\\\/v3\\\/#organization\"},\"alternateName\":\"CVI\",\"potentialAction\":[{\"@type\":\"SearchAction\",\"target\":{\"@type\":\"EntryPoint\",\"urlTemplate\":\"https:\\\/\\\/cvinoticias.com\\\/v3\\\/?s={search_term_string}\"},\"query-input\":{\"@type\":\"PropertyValueSpecification\",\"valueRequired\":true,\"valueName\":\"search_term_string\"}}],\"inLanguage\":\"es\"},{\"@type\":\"Organization\",\"@id\":\"https:\\\/\\\/cvinoticias.com\\\/v3\\\/#organization\",\"name\":\"CVI NOTICIAS\",\"url\":\"https:\\\/\\\/cvinoticias.com\\\/v3\\\/\",\"logo\":{\"@type\":\"ImageObject\",\"inLanguage\":\"es\",\"@id\":\"https:\\\/\\\/cvinoticias.com\\\/v3\\\/#\\\/schema\\\/logo\\\/image\\\/\",\"url\":\"https:\\\/\\\/cvinoticias.com\\\/wp-content\\\/uploads\\\/2023\\\/04\\\/cropped-cropped-cropped-cropped-cropped-3-1.png\",\"contentUrl\":\"https:\\\/\\\/cvinoticias.com\\\/wp-content\\\/uploads\\\/2023\\\/04\\\/cropped-cropped-cropped-cropped-cropped-3-1.png\",\"width\":95,\"height\":122,\"caption\":\"CVI NOTICIAS\"},\"image\":{\"@id\":\"https:\\\/\\\/cvinoticias.com\\\/v3\\\/#\\\/schema\\\/logo\\\/image\\\/\"},\"sameAs\":[\"https:\\\/\\\/www.facebook.com\\\/cvinoticias\",\"https:\\\/\\\/www.instagram.com\\\/cvinoticias\\\/\",\"https:\\\/\\\/www.youtube.com\\\/@CVINOTICIAS\"]},{\"@type\":\"Person\",\"@id\":\"https:\\\/\\\/cvinoticias.com\\\/v3\\\/#\\\/schema\\\/person\\\/2db77e3c6bc03c538495d7b2b8be9b66\",\"name\":\"f1000024\",\"image\":{\"@type\":\"ImageObject\",\"inLanguage\":\"es\",\"@id\":\"https:\\\/\\\/secure.gravatar.com\\\/avatar\\\/d4fe7459cfc51ff5129ce1a732bbef5928568b8092d412ef95611616376bbeed?s=96&d=mm&r=g\",\"url\":\"https:\\\/\\\/secure.gravatar.com\\\/avatar\\\/d4fe7459cfc51ff5129ce1a732bbef5928568b8092d412ef95611616376bbeed?s=96&d=mm&r=g\",\"contentUrl\":\"https:\\\/\\\/secure.gravatar.com\\\/avatar\\\/d4fe7459cfc51ff5129ce1a732bbef5928568b8092d412ef95611616376bbeed?s=96&d=mm&r=g\",\"caption\":\"f1000024\"},\"url\":\"https:\\\/\\\/cvinoticias.com\\\/v3\\\/author\\\/f1000024\\\/\"}]}<\/script>\n<!-- \/ Yoast SEO plugin. -->","yoast_head_json":{"title":"Desde el 26 de julio al 6 de agosto se realizar\u00e1n las mesas previas del Nivel Secundario | CVI NOTICIAS","robots":{"index":"index","follow":"follow","max-snippet":"max-snippet:-1","max-image-preview":"max-image-preview:large","max-video-preview":"max-video-preview:-1"},"canonical":"https:\/\/cvinoticias.com\/v3\/desde-el-26-de-julio-al-6-de-agosto-se-realizaran-las-mesas-previas-del-nivel-secundario\/","og_locale":"es_ES","og_type":"article","og_title":"Desde el 26 de julio al 6 de agosto se realizar\u00e1n las mesas previas del Nivel Secundario | CVI NOTICIAS","og_description":"Las mesas de ex\u00e1menes para que los estudiantes secundarios de esta provincia puedan regularizar las materias previas que adeudan, se desarrollar\u00e1n desde el 26 de julio hasta el 6 de agosto, es decir, inmediatamente despu\u00e9s del receso de invierno que inicia la semana pr\u00f3xima. La confirmaci\u00f3n lleg\u00f3 de parte de la Directora de Ense\u00f1anza Secundaria, [&hellip;]","og_url":"https:\/\/cvinoticias.com\/v3\/desde-el-26-de-julio-al-6-de-agosto-se-realizaran-las-mesas-previas-del-nivel-secundario\/","og_site_name":"CVI NOTICIAS","article_publisher":"https:\/\/www.facebook.com\/cvinoticias","article_published_time":"2021-07-02T10:16:51+00:00","og_image":[{"width":980,"height":536,"url":"https:\/\/cvinoticias.com\/wp-content\/uploads\/2021\/07\/336878w980h1800.jpg","type":"image\/jpeg"}],"author":"f1000024","twitter_card":"summary_large_image","twitter_misc":{"Escrito por":"f1000024","Tiempo de lectura":"2 minutos"},"schema":{"@context":"https:\/\/schema.org","@graph":[{"@type":"Article","@id":"https:\/\/cvinoticias.com\/v3\/desde-el-26-de-julio-al-6-de-agosto-se-realizaran-las-mesas-previas-del-nivel-secundario\/#article","isPartOf":{"@id":"https:\/\/cvinoticias.com\/v3\/desde-el-26-de-julio-al-6-de-agosto-se-realizaran-las-mesas-previas-del-nivel-secundario\/"},"author":{"name":"f1000024","@id":"https:\/\/cvinoticias.com\/v3\/#\/schema\/person\/2db77e3c6bc03c538495d7b2b8be9b66"},"headline":"Desde el 26 de julio al 6 de agosto se realizar\u00e1n las mesas previas del Nivel Secundario","datePublished":"2021-07-02T10:16:51+00:00","mainEntityOfPage":{"@id":"https:\/\/cvinoticias.com\/v3\/desde-el-26-de-julio-al-6-de-agosto-se-realizaran-las-mesas-previas-del-nivel-secundario\/"},"wordCount":413,"commentCount":0,"publisher":{"@id":"https:\/\/cvinoticias.com\/v3\/#organization"},"image":{"@id":"https:\/\/cvinoticias.com\/v3\/desde-el-26-de-julio-al-6-de-agosto-se-realizaran-las-mesas-previas-del-nivel-secundario\/#primaryimage"},"thumbnailUrl":"https:\/\/cvinoticias.com\/wp-content\/uploads\/2021\/07\/336878w980h1800.jpg","articleSection":["Educacion"],"inLanguage":"es","potentialAction":[{"@type":"CommentAction","name":"Comment","target":["https:\/\/cvinoticias.com\/v3\/desde-el-26-de-julio-al-6-de-agosto-se-realizaran-las-mesas-previas-del-nivel-secundario\/#respond"]}]},{"@type":"WebPage","@id":"https:\/\/cvinoticias.com\/v3\/desde-el-26-de-julio-al-6-de-agosto-se-realizaran-las-mesas-previas-del-nivel-secundario\/","url":"https:\/\/cvinoticias.com\/v3\/desde-el-26-de-julio-al-6-de-agosto-se-realizaran-las-mesas-previas-del-nivel-secundario\/","name":"Desde el 26 de julio al 6 de agosto se realizar\u00e1n las mesas previas del Nivel Secundario | CVI NOTICIAS","isPartOf":{"@id":"https:\/\/cvinoticias.com\/v3\/#website"},"primaryImageOfPage":{"@id":"https:\/\/cvinoticias.com\/v3\/desde-el-26-de-julio-al-6-de-agosto-se-realizaran-las-mesas-previas-del-nivel-secundario\/#primaryimage"},"image":{"@id":"https:\/\/cvinoticias.com\/v3\/desde-el-26-de-julio-al-6-de-agosto-se-realizaran-las-mesas-previas-del-nivel-secundario\/#primaryimage"},"thumbnailUrl":"https:\/\/cvinoticias.com\/wp-content\/uploads\/2021\/07\/336878w980h1800.jpg","datePublished":"2021-07-02T10:16:51+00:00","breadcrumb":{"@id":"https:\/\/cvinoticias.com\/v3\/desde-el-26-de-julio-al-6-de-agosto-se-realizaran-las-mesas-previas-del-nivel-secundario\/#breadcrumb"},"inLanguage":"es","potentialAction":[{"@type":"ReadAction","target":["https:\/\/cvinoticias.com\/v3\/desde-el-26-de-julio-al-6-de-agosto-se-realizaran-las-mesas-previas-del-nivel-secundario\/"]}]},{"@type":"ImageObject","inLanguage":"es","@id":"https:\/\/cvinoticias.com\/v3\/desde-el-26-de-julio-al-6-de-agosto-se-realizaran-las-mesas-previas-del-nivel-secundario\/#primaryimage","url":"https:\/\/cvinoticias.com\/wp-content\/uploads\/2021\/07\/336878w980h1800.jpg","contentUrl":"https:\/\/cvinoticias.com\/wp-content\/uploads\/2021\/07\/336878w980h1800.jpg","width":980,"height":536},{"@type":"BreadcrumbList","@id":"https:\/\/cvinoticias.com\/v3\/desde-el-26-de-julio-al-6-de-agosto-se-realizaran-las-mesas-previas-del-nivel-secundario\/#breadcrumb","itemListElement":[{"@type":"ListItem","position":1,"name":"Portada","item":"https:\/\/cvinoticias.com\/v3\/"},{"@type":"ListItem","position":2,"name":"Desde el 26 de julio al 6 de agosto se realizar\u00e1n las mesas previas del Nivel Secundario"}]},{"@type":"WebSite","@id":"https:\/\/cvinoticias.com\/v3\/#website","url":"https:\/\/cvinoticias.com\/v3\/","name":"CVI NOTICIAS","description":"","publisher":{"@id":"https:\/\/cvinoticias.com\/v3\/#organization"},"alternateName":"CVI","potentialAction":[{"@type":"SearchAction","target":{"@type":"EntryPoint","urlTemplate":"https:\/\/cvinoticias.com\/v3\/?s={search_term_string}"},"query-input":{"@type":"PropertyValueSpecification","valueRequired":true,"valueName":"search_term_string"}}],"inLanguage":"es"},{"@type":"Organization","@id":"https:\/\/cvinoticias.com\/v3\/#organization","name":"CVI NOTICIAS","url":"https:\/\/cvinoticias.com\/v3\/","logo":{"@type":"ImageObject","inLanguage":"es","@id":"https:\/\/cvinoticias.com\/v3\/#\/schema\/logo\/image\/","url":"https:\/\/cvinoticias.com\/wp-content\/uploads\/2023\/04\/cropped-cropped-cropped-cropped-cropped-3-1.png","contentUrl":"https:\/\/cvinoticias.com\/wp-content\/uploads\/2023\/04\/cropped-cropped-cropped-cropped-cropped-3-1.png","width":95,"height":122,"caption":"CVI NOTICIAS"},"image":{"@id":"https:\/\/cvinoticias.com\/v3\/#\/schema\/logo\/image\/"},"sameAs":["https:\/\/www.facebook.com\/cvinoticias","https:\/\/www.instagram.com\/cvinoticias\/","https:\/\/www.youtube.com\/@CVINOTICIAS"]},{"@type":"Person","@id":"https:\/\/cvinoticias.com\/v3\/#\/schema\/person\/2db77e3c6bc03c538495d7b2b8be9b66","name":"f1000024","image":{"@type":"ImageObject","inLanguage":"es","@id":"https:\/\/secure.gravatar.com\/avatar\/d4fe7459cfc51ff5129ce1a732bbef5928568b8092d412ef95611616376bbeed?s=96&d=mm&r=g","url":"https:\/\/secure.gravatar.com\/avatar\/d4fe7459cfc51ff5129ce1a732bbef5928568b8092d412ef95611616376bbeed?s=96&d=mm&r=g","contentUrl":"https:\/\/secure.gravatar.com\/avatar\/d4fe7459cfc51ff5129ce1a732bbef5928568b8092d412ef95611616376bbeed?s=96&d=mm&r=g","caption":"f1000024"},"url":"https:\/\/cvinoticias.com\/v3\/author\/f1000024\/"}]}},"_links":{"self":[{"href":"https:\/\/cvinoticias.com\/v3\/wp-json\/wp\/v2\/posts\/6524","targetHints":{"allow":["GET"]}}],"collection":[{"href":"https:\/\/cvinoticias.com\/v3\/wp-json\/wp\/v2\/posts"}],"about":[{"href":"https:\/\/cvinoticias.com\/v3\/wp-json\/wp\/v2\/types\/post"}],"author":[{"embeddable":true,"href":"https:\/\/cvinoticias.com\/v3\/wp-json\/wp\/v2\/users\/2"}],"replies":[{"embeddable":true,"href":"https:\/\/cvinoticias.com\/v3\/wp-json\/wp\/v2\/comments?post=6524"}],"version-history":[{"count":1,"href":"https:\/\/cvinoticias.com\/v3\/wp-json\/wp\/v2\/posts\/6524\/revisions"}],"predecessor-version":[{"id":6526,"href":"https:\/\/cvinoticias.com\/v3\/wp-json\/wp\/v2\/posts\/6524\/revisions\/6526"}],"wp:featuredmedia":[{"embeddable":true,"href":"https:\/\/cvinoticias.com\/v3\/wp-json\/wp\/v2\/media\/6525"}],"wp:attachment":[{"href":"https:\/\/cvinoticias.com\/v3\/wp-json\/wp\/v2\/media?parent=6524"}],"wp:term":[{"taxonomy":"category","embeddable":true,"href":"https:\/\/cvinoticias.com\/v3\/wp-json\/wp\/v2\/categories?post=6524"},{"taxonomy":"post_tag","embeddable":true,"href":"https:\/\/cvinoticias.com\/v3\/wp-json\/wp\/v2\/tags?post=6524"}],"curies":[{"name":"wp","href":"https:\/\/api.w.org\/{rel}","templated":true}]}}