{"id":649,"date":"2020-12-14T22:42:43","date_gmt":"2020-12-14T22:42:43","guid":{"rendered":"https:\/\/cvinoticias.com\/v3\/?p=649"},"modified":"2020-12-14T22:42:43","modified_gmt":"2020-12-14T22:42:43","slug":"los-gobiernos-de-misiones-y-cordoba-rubrican-convenio-para-reforestar-zonas-incendiadas","status":"publish","type":"post","link":"https:\/\/cvinoticias.com\/v3\/los-gobiernos-de-misiones-y-cordoba-rubrican-convenio-para-reforestar-zonas-incendiadas\/","title":{"rendered":"Los gobiernos de Misiones y C\u00f3rdoba rubrican convenio para reforestar zonas incendiadas"},"content":{"rendered":"\n<p><strong><em>En videoconferencia, el gobernador Oscar Herrera Ahuad y el gobernador de C\u00f3rdoba Juan Schiaretti formalizaron un acuerdo que permitir\u00e1 que Misiones, a trav\u00e9s de la Biof\u00e1brica, provea de 500 mil plantines de algarrobo para reforestar zonas incendiadas en la provincia central de Argentina.<\/em><\/strong><\/p>\n\n\n\n<p>El acuerdo forma parte del Programa de Restauraci\u00f3n Ambiental. El mandatario misionero destac\u00f3 la labor productivo de la Biof\u00e1brica durante el a\u00f1o y el trabajo en conjunto con la provincia de C\u00f3rdoba en la recuperaci\u00f3n de la forestaci\u00f3n arrasada por el fuego.<\/p>\n\n\n\n<p>Esta ma\u00f1ana en videoconferencia, el gobernador Oscar Herrera Ahuad, junto a su par cordob\u00e9s Juan Schiaretti, suscribi\u00f3 un nuevo acuerdo para fortalecer y dar continuidad al Programa de Restauraci\u00f3n Ambiental que permitir\u00e1 que la Biof\u00e1brica Misiones provea de 500 mil plantines de algarrobo para recuperar \u00e1reas degradadas por los incendios forestales en C\u00f3rdoba. Adem\u00e1s, con este convenio se sum\u00f3 un protocolo para que investigadores misioneros brindar\u00e1n capacitaciones a investigadores cordobeses para avanzar en el intercambio de conocimientos para el estudio de especies nativas y ex\u00f3ticas. Al respecto de la firma, Herrera Ahuad se\u00f1al\u00f3 que es la continuidad de acuerdos bilaterales previos y sigue la estela del trabajo en conjunto con las provincias argentinas<\/p>\n\n\n\n<p>Adem\u00e1s, el mandatario misionero destac\u00f3 que el acuerdo da cuenta que \u201cla recuperaci\u00f3n del medio ambiente es lo m\u00e1s importante para la vida humana\u201d. De la misma manera, resalt\u00f3 que \u201cen este a\u00f1o complejo no detuvimos nuestra maquinaria productiva y gen\u00e9tica en el desarrollo en investigaci\u00f3n\u201d. En relaci\u00f3n de esto, enfatiz\u00f3 que la Biof\u00e1brica \u201cha generado en estos meses puntos de trabajo a lo largo de todo Misiones \u00bb y con otras provincias. \u201cLa pandemia ha sido un tiempo de desarrollo y para que tambi\u00e9n se comience a dar cuenta de la importancia que tiene nuestro medio ambiente\u201d, agreg\u00f3.<\/p>\n\n\n\n<p>En tanto, el gobernador Juan Schiaretti, destac\u00f3 la labor de Misiones y la Biof\u00e1brica en el desarrollo de la biotecnolog\u00eda y reforestaci\u00f3n. Tambi\u00e9n, agradeci\u00f3 al Gobierno de la provincia \u00abpor trabajar en manera conjunta y por poner a disposici\u00f3n de nuestra C\u00f3rdoba todas las herramientas\u00bb. Igualmente, ambos mandatarios coincidieron en avanzar en conjunto en un marco de construcci\u00f3n del federalismo.<\/p>\n\n\n\n<p>En la videoconferencia, realizada en la Sala de Situaciones, estuvieron tambi\u00e9n presentes la ministra de Acci\u00f3n Cooperativa, Mutual, Comercio e Integraci\u00f3n, Karina Alejandra Aguirre, el ministro de Ecolog\u00eda y RNR, Mario Vialey y el gerente general de Biof\u00e1brica, Jos\u00e9 Cabral. En cambio y de forma virtual, junto al gobernador Juan Schiaretti estuvieron el ministro de Agricultura y Ganader\u00eda, Sergio Busso y otras autoridades de la provincia de C\u00f3rdoba.<\/p>\n\n\n\n<p>El actual convenio es una continuidad del firmando en 2017 entre el Gobierno de la provincia y el de C\u00f3rdoba. Dicho acuerdo, logr\u00f3 establecer un protocolo de producci\u00f3n de algarrobo blanco con est\u00e1ndares de calidad y eficiencia en el proceso, desde la germinaci\u00f3n hasta la entrega del plant\u00edn, \u00fanico en el pa\u00eds. Adem\u00e1s, en los \u00faltimos a\u00f1os se entregaron 400 mil plantines de especies forestales nativas y ex\u00f3ticas, entre ellas algarrobo, eucalyptus, sauces y \u00e1lamos. Incluso, se provey\u00f3 un laboratorio portable tipo Biof\u00e1brica modelo Phytolab y capacitaciones a t\u00e9cnicos y profesionales del Sector p\u00fablico y ONGs.<\/p>\n\n\n\n<p>El Programa de Restauraci\u00f3n Ambiental<\/p>\n\n\n\n<p>El acuerdo firmado hoy, por un per\u00edodo de tres a\u00f1os, establec\u00e9 que la Biof\u00e1brica Misiones proveer\u00e1 al Ministerio de Agricultura y la Secretar\u00eda de Ambiente de C\u00f3rdoba plantines nativos y brindar\u00e1 capacitaciones a investigadores, trabajar\u00e1 en el desarrollo como tambi\u00e9n en la transferencia de biotecnolog\u00edas e intercambio de conocimientos en el estudio de las especies nativas de la provincia central y la regi\u00f3n. As\u00ed del total de plantas, se prev\u00e9 el env\u00edo de 500 mil plantines de algarrobo cuyas semillas certificadas provienen del Banco Nacional de Germoplasma de Prosopis Alba o algarrobo blanco. La primera entrega ser\u00e1 de 250 mil ejemplares en el primer semestre de 2021 y en la \u00faltima semana se envi\u00f3 una primera tanda de 19.500 plantines.<\/p>\n\n\n\n<p><\/p>\n","protected":false},"excerpt":{"rendered":"<p>En videoconferencia, el gobernador Oscar Herrera Ahuad y el gobernador de C\u00f3rdoba Juan Schiaretti formalizaron un acuerdo que permitir\u00e1 que Misiones, a trav\u00e9s de la Biof\u00e1brica, provea de 500 mil plantines de algarrobo para reforestar zonas incendiadas en la provincia central de Argentina. El acuerdo forma parte del Programa de Restauraci\u00f3n Ambiental. El mandatario misionero [&hellip;]<\/p>\n","protected":false},"author":2,"featured_media":650,"comment_status":"open","ping_status":"open","sticky":false,"template":"","format":"standard","meta":{"footnotes":""},"categories":[43],"tags":[206,207],"class_list":["post-649","post","type-post","status-publish","format-standard","has-post-thumbnail","hentry","category-provinciales","tag-incendios","tag-tierras"],"yoast_head":"<!-- This site is optimized with the Yoast SEO plugin v27.5 - https:\/\/yoast.com\/product\/yoast-seo-wordpress\/ -->\n<title>Los gobiernos de Misiones y C\u00f3rdoba rubrican convenio para reforestar zonas incendiadas | CVI NOTICIAS<\/title>\n<meta name=\"robots\" content=\"index, follow, max-snippet:-1, max-image-preview:large, max-video-preview:-1\" \/>\n<link rel=\"canonical\" href=\"https:\/\/cvinoticias.com\/v3\/los-gobiernos-de-misiones-y-cordoba-rubrican-convenio-para-reforestar-zonas-incendiadas\/\" \/>\n<meta property=\"og:locale\" content=\"es_ES\" \/>\n<meta property=\"og:type\" content=\"article\" \/>\n<meta property=\"og:title\" content=\"Los gobiernos de Misiones y C\u00f3rdoba rubrican convenio para reforestar zonas incendiadas | CVI NOTICIAS\" \/>\n<meta property=\"og:description\" content=\"En videoconferencia, el gobernador Oscar Herrera Ahuad y el gobernador de C\u00f3rdoba Juan Schiaretti formalizaron un acuerdo que permitir\u00e1 que Misiones, a trav\u00e9s de la Biof\u00e1brica, provea de 500 mil plantines de algarrobo para reforestar zonas incendiadas en la provincia central de Argentina. El acuerdo forma parte del Programa de Restauraci\u00f3n Ambiental. El mandatario misionero [&hellip;]\" \/>\n<meta property=\"og:url\" content=\"https:\/\/cvinoticias.com\/v3\/los-gobiernos-de-misiones-y-cordoba-rubrican-convenio-para-reforestar-zonas-incendiadas\/\" \/>\n<meta property=\"og:site_name\" content=\"CVI NOTICIAS\" \/>\n<meta property=\"article:publisher\" content=\"https:\/\/www.facebook.com\/cvinoticias\" \/>\n<meta property=\"article:published_time\" content=\"2020-12-14T22:42:43+00:00\" \/>\n<meta property=\"og:image\" content=\"https:\/\/cvinoticias.com\/wp-content\/uploads\/2020\/12\/FB_IMG_1607985488176.jpg\" \/>\n\t<meta property=\"og:image:width\" content=\"1080\" \/>\n\t<meta property=\"og:image:height\" content=\"569\" \/>\n\t<meta property=\"og:image:type\" content=\"image\/jpeg\" \/>\n<meta name=\"author\" content=\"f1000024\" \/>\n<meta name=\"twitter:card\" content=\"summary_large_image\" \/>\n<meta name=\"twitter:label1\" content=\"Escrito por\" \/>\n\t<meta name=\"twitter:data1\" content=\"f1000024\" \/>\n\t<meta name=\"twitter:label2\" content=\"Tiempo de lectura\" \/>\n\t<meta name=\"twitter:data2\" content=\"4 minutos\" \/>\n<script type=\"application\/ld+json\" class=\"yoast-schema-graph\">{\"@context\":\"https:\\\/\\\/schema.org\",\"@graph\":[{\"@type\":\"Article\",\"@id\":\"https:\\\/\\\/cvinoticias.com\\\/v3\\\/los-gobiernos-de-misiones-y-cordoba-rubrican-convenio-para-reforestar-zonas-incendiadas\\\/#article\",\"isPartOf\":{\"@id\":\"https:\\\/\\\/cvinoticias.com\\\/v3\\\/los-gobiernos-de-misiones-y-cordoba-rubrican-convenio-para-reforestar-zonas-incendiadas\\\/\"},\"author\":{\"name\":\"f1000024\",\"@id\":\"https:\\\/\\\/cvinoticias.com\\\/v3\\\/#\\\/schema\\\/person\\\/2db77e3c6bc03c538495d7b2b8be9b66\"},\"headline\":\"Los gobiernos de Misiones y C\u00f3rdoba rubrican convenio para reforestar zonas incendiadas\",\"datePublished\":\"2020-12-14T22:42:43+00:00\",\"mainEntityOfPage\":{\"@id\":\"https:\\\/\\\/cvinoticias.com\\\/v3\\\/los-gobiernos-de-misiones-y-cordoba-rubrican-convenio-para-reforestar-zonas-incendiadas\\\/\"},\"wordCount\":713,\"commentCount\":0,\"publisher\":{\"@id\":\"https:\\\/\\\/cvinoticias.com\\\/v3\\\/#organization\"},\"image\":{\"@id\":\"https:\\\/\\\/cvinoticias.com\\\/v3\\\/los-gobiernos-de-misiones-y-cordoba-rubrican-convenio-para-reforestar-zonas-incendiadas\\\/#primaryimage\"},\"thumbnailUrl\":\"https:\\\/\\\/cvinoticias.com\\\/wp-content\\\/uploads\\\/2020\\\/12\\\/FB_IMG_1607985488176.jpg\",\"keywords\":[\"Incendios\",\"Tierras\"],\"articleSection\":[\"Provinciales\"],\"inLanguage\":\"es\",\"potentialAction\":[{\"@type\":\"CommentAction\",\"name\":\"Comment\",\"target\":[\"https:\\\/\\\/cvinoticias.com\\\/v3\\\/los-gobiernos-de-misiones-y-cordoba-rubrican-convenio-para-reforestar-zonas-incendiadas\\\/#respond\"]}]},{\"@type\":\"WebPage\",\"@id\":\"https:\\\/\\\/cvinoticias.com\\\/v3\\\/los-gobiernos-de-misiones-y-cordoba-rubrican-convenio-para-reforestar-zonas-incendiadas\\\/\",\"url\":\"https:\\\/\\\/cvinoticias.com\\\/v3\\\/los-gobiernos-de-misiones-y-cordoba-rubrican-convenio-para-reforestar-zonas-incendiadas\\\/\",\"name\":\"Los gobiernos de Misiones y C\u00f3rdoba rubrican convenio para reforestar zonas incendiadas | CVI NOTICIAS\",\"isPartOf\":{\"@id\":\"https:\\\/\\\/cvinoticias.com\\\/v3\\\/#website\"},\"primaryImageOfPage\":{\"@id\":\"https:\\\/\\\/cvinoticias.com\\\/v3\\\/los-gobiernos-de-misiones-y-cordoba-rubrican-convenio-para-reforestar-zonas-incendiadas\\\/#primaryimage\"},\"image\":{\"@id\":\"https:\\\/\\\/cvinoticias.com\\\/v3\\\/los-gobiernos-de-misiones-y-cordoba-rubrican-convenio-para-reforestar-zonas-incendiadas\\\/#primaryimage\"},\"thumbnailUrl\":\"https:\\\/\\\/cvinoticias.com\\\/wp-content\\\/uploads\\\/2020\\\/12\\\/FB_IMG_1607985488176.jpg\",\"datePublished\":\"2020-12-14T22:42:43+00:00\",\"breadcrumb\":{\"@id\":\"https:\\\/\\\/cvinoticias.com\\\/v3\\\/los-gobiernos-de-misiones-y-cordoba-rubrican-convenio-para-reforestar-zonas-incendiadas\\\/#breadcrumb\"},\"inLanguage\":\"es\",\"potentialAction\":[{\"@type\":\"ReadAction\",\"target\":[\"https:\\\/\\\/cvinoticias.com\\\/v3\\\/los-gobiernos-de-misiones-y-cordoba-rubrican-convenio-para-reforestar-zonas-incendiadas\\\/\"]}]},{\"@type\":\"ImageObject\",\"inLanguage\":\"es\",\"@id\":\"https:\\\/\\\/cvinoticias.com\\\/v3\\\/los-gobiernos-de-misiones-y-cordoba-rubrican-convenio-para-reforestar-zonas-incendiadas\\\/#primaryimage\",\"url\":\"https:\\\/\\\/cvinoticias.com\\\/wp-content\\\/uploads\\\/2020\\\/12\\\/FB_IMG_1607985488176.jpg\",\"contentUrl\":\"https:\\\/\\\/cvinoticias.com\\\/wp-content\\\/uploads\\\/2020\\\/12\\\/FB_IMG_1607985488176.jpg\",\"width\":1080,\"height\":569},{\"@type\":\"BreadcrumbList\",\"@id\":\"https:\\\/\\\/cvinoticias.com\\\/v3\\\/los-gobiernos-de-misiones-y-cordoba-rubrican-convenio-para-reforestar-zonas-incendiadas\\\/#breadcrumb\",\"itemListElement\":[{\"@type\":\"ListItem\",\"position\":1,\"name\":\"Portada\",\"item\":\"https:\\\/\\\/cvinoticias.com\\\/v3\\\/\"},{\"@type\":\"ListItem\",\"position\":2,\"name\":\"Los gobiernos de Misiones y C\u00f3rdoba rubrican convenio para reforestar zonas incendiadas\"}]},{\"@type\":\"WebSite\",\"@id\":\"https:\\\/\\\/cvinoticias.com\\\/v3\\\/#website\",\"url\":\"https:\\\/\\\/cvinoticias.com\\\/v3\\\/\",\"name\":\"CVI NOTICIAS\",\"description\":\"\",\"publisher\":{\"@id\":\"https:\\\/\\\/cvinoticias.com\\\/v3\\\/#organization\"},\"alternateName\":\"CVI\",\"potentialAction\":[{\"@type\":\"SearchAction\",\"target\":{\"@type\":\"EntryPoint\",\"urlTemplate\":\"https:\\\/\\\/cvinoticias.com\\\/v3\\\/?s={search_term_string}\"},\"query-input\":{\"@type\":\"PropertyValueSpecification\",\"valueRequired\":true,\"valueName\":\"search_term_string\"}}],\"inLanguage\":\"es\"},{\"@type\":\"Organization\",\"@id\":\"https:\\\/\\\/cvinoticias.com\\\/v3\\\/#organization\",\"name\":\"CVI NOTICIAS\",\"url\":\"https:\\\/\\\/cvinoticias.com\\\/v3\\\/\",\"logo\":{\"@type\":\"ImageObject\",\"inLanguage\":\"es\",\"@id\":\"https:\\\/\\\/cvinoticias.com\\\/v3\\\/#\\\/schema\\\/logo\\\/image\\\/\",\"url\":\"https:\\\/\\\/cvinoticias.com\\\/wp-content\\\/uploads\\\/2023\\\/04\\\/cropped-cropped-cropped-cropped-cropped-3-1.png\",\"contentUrl\":\"https:\\\/\\\/cvinoticias.com\\\/wp-content\\\/uploads\\\/2023\\\/04\\\/cropped-cropped-cropped-cropped-cropped-3-1.png\",\"width\":95,\"height\":122,\"caption\":\"CVI NOTICIAS\"},\"image\":{\"@id\":\"https:\\\/\\\/cvinoticias.com\\\/v3\\\/#\\\/schema\\\/logo\\\/image\\\/\"},\"sameAs\":[\"https:\\\/\\\/www.facebook.com\\\/cvinoticias\",\"https:\\\/\\\/www.instagram.com\\\/cvinoticias\\\/\",\"https:\\\/\\\/www.youtube.com\\\/@CVINOTICIAS\"]},{\"@type\":\"Person\",\"@id\":\"https:\\\/\\\/cvinoticias.com\\\/v3\\\/#\\\/schema\\\/person\\\/2db77e3c6bc03c538495d7b2b8be9b66\",\"name\":\"f1000024\",\"image\":{\"@type\":\"ImageObject\",\"inLanguage\":\"es\",\"@id\":\"https:\\\/\\\/secure.gravatar.com\\\/avatar\\\/d4fe7459cfc51ff5129ce1a732bbef5928568b8092d412ef95611616376bbeed?s=96&d=mm&r=g\",\"url\":\"https:\\\/\\\/secure.gravatar.com\\\/avatar\\\/d4fe7459cfc51ff5129ce1a732bbef5928568b8092d412ef95611616376bbeed?s=96&d=mm&r=g\",\"contentUrl\":\"https:\\\/\\\/secure.gravatar.com\\\/avatar\\\/d4fe7459cfc51ff5129ce1a732bbef5928568b8092d412ef95611616376bbeed?s=96&d=mm&r=g\",\"caption\":\"f1000024\"},\"url\":\"https:\\\/\\\/cvinoticias.com\\\/v3\\\/author\\\/f1000024\\\/\"}]}<\/script>\n<!-- \/ Yoast SEO plugin. -->","yoast_head_json":{"title":"Los gobiernos de Misiones y C\u00f3rdoba rubrican convenio para reforestar zonas incendiadas | CVI NOTICIAS","robots":{"index":"index","follow":"follow","max-snippet":"max-snippet:-1","max-image-preview":"max-image-preview:large","max-video-preview":"max-video-preview:-1"},"canonical":"https:\/\/cvinoticias.com\/v3\/los-gobiernos-de-misiones-y-cordoba-rubrican-convenio-para-reforestar-zonas-incendiadas\/","og_locale":"es_ES","og_type":"article","og_title":"Los gobiernos de Misiones y C\u00f3rdoba rubrican convenio para reforestar zonas incendiadas | CVI NOTICIAS","og_description":"En videoconferencia, el gobernador Oscar Herrera Ahuad y el gobernador de C\u00f3rdoba Juan Schiaretti formalizaron un acuerdo que permitir\u00e1 que Misiones, a trav\u00e9s de la Biof\u00e1brica, provea de 500 mil plantines de algarrobo para reforestar zonas incendiadas en la provincia central de Argentina. El acuerdo forma parte del Programa de Restauraci\u00f3n Ambiental. El mandatario misionero [&hellip;]","og_url":"https:\/\/cvinoticias.com\/v3\/los-gobiernos-de-misiones-y-cordoba-rubrican-convenio-para-reforestar-zonas-incendiadas\/","og_site_name":"CVI NOTICIAS","article_publisher":"https:\/\/www.facebook.com\/cvinoticias","article_published_time":"2020-12-14T22:42:43+00:00","og_image":[{"width":1080,"height":569,"url":"https:\/\/cvinoticias.com\/wp-content\/uploads\/2020\/12\/FB_IMG_1607985488176.jpg","type":"image\/jpeg"}],"author":"f1000024","twitter_card":"summary_large_image","twitter_misc":{"Escrito por":"f1000024","Tiempo de lectura":"4 minutos"},"schema":{"@context":"https:\/\/schema.org","@graph":[{"@type":"Article","@id":"https:\/\/cvinoticias.com\/v3\/los-gobiernos-de-misiones-y-cordoba-rubrican-convenio-para-reforestar-zonas-incendiadas\/#article","isPartOf":{"@id":"https:\/\/cvinoticias.com\/v3\/los-gobiernos-de-misiones-y-cordoba-rubrican-convenio-para-reforestar-zonas-incendiadas\/"},"author":{"name":"f1000024","@id":"https:\/\/cvinoticias.com\/v3\/#\/schema\/person\/2db77e3c6bc03c538495d7b2b8be9b66"},"headline":"Los gobiernos de Misiones y C\u00f3rdoba rubrican convenio para reforestar zonas incendiadas","datePublished":"2020-12-14T22:42:43+00:00","mainEntityOfPage":{"@id":"https:\/\/cvinoticias.com\/v3\/los-gobiernos-de-misiones-y-cordoba-rubrican-convenio-para-reforestar-zonas-incendiadas\/"},"wordCount":713,"commentCount":0,"publisher":{"@id":"https:\/\/cvinoticias.com\/v3\/#organization"},"image":{"@id":"https:\/\/cvinoticias.com\/v3\/los-gobiernos-de-misiones-y-cordoba-rubrican-convenio-para-reforestar-zonas-incendiadas\/#primaryimage"},"thumbnailUrl":"https:\/\/cvinoticias.com\/wp-content\/uploads\/2020\/12\/FB_IMG_1607985488176.jpg","keywords":["Incendios","Tierras"],"articleSection":["Provinciales"],"inLanguage":"es","potentialAction":[{"@type":"CommentAction","name":"Comment","target":["https:\/\/cvinoticias.com\/v3\/los-gobiernos-de-misiones-y-cordoba-rubrican-convenio-para-reforestar-zonas-incendiadas\/#respond"]}]},{"@type":"WebPage","@id":"https:\/\/cvinoticias.com\/v3\/los-gobiernos-de-misiones-y-cordoba-rubrican-convenio-para-reforestar-zonas-incendiadas\/","url":"https:\/\/cvinoticias.com\/v3\/los-gobiernos-de-misiones-y-cordoba-rubrican-convenio-para-reforestar-zonas-incendiadas\/","name":"Los gobiernos de Misiones y C\u00f3rdoba rubrican convenio para reforestar zonas incendiadas | CVI NOTICIAS","isPartOf":{"@id":"https:\/\/cvinoticias.com\/v3\/#website"},"primaryImageOfPage":{"@id":"https:\/\/cvinoticias.com\/v3\/los-gobiernos-de-misiones-y-cordoba-rubrican-convenio-para-reforestar-zonas-incendiadas\/#primaryimage"},"image":{"@id":"https:\/\/cvinoticias.com\/v3\/los-gobiernos-de-misiones-y-cordoba-rubrican-convenio-para-reforestar-zonas-incendiadas\/#primaryimage"},"thumbnailUrl":"https:\/\/cvinoticias.com\/wp-content\/uploads\/2020\/12\/FB_IMG_1607985488176.jpg","datePublished":"2020-12-14T22:42:43+00:00","breadcrumb":{"@id":"https:\/\/cvinoticias.com\/v3\/los-gobiernos-de-misiones-y-cordoba-rubrican-convenio-para-reforestar-zonas-incendiadas\/#breadcrumb"},"inLanguage":"es","potentialAction":[{"@type":"ReadAction","target":["https:\/\/cvinoticias.com\/v3\/los-gobiernos-de-misiones-y-cordoba-rubrican-convenio-para-reforestar-zonas-incendiadas\/"]}]},{"@type":"ImageObject","inLanguage":"es","@id":"https:\/\/cvinoticias.com\/v3\/los-gobiernos-de-misiones-y-cordoba-rubrican-convenio-para-reforestar-zonas-incendiadas\/#primaryimage","url":"https:\/\/cvinoticias.com\/wp-content\/uploads\/2020\/12\/FB_IMG_1607985488176.jpg","contentUrl":"https:\/\/cvinoticias.com\/wp-content\/uploads\/2020\/12\/FB_IMG_1607985488176.jpg","width":1080,"height":569},{"@type":"BreadcrumbList","@id":"https:\/\/cvinoticias.com\/v3\/los-gobiernos-de-misiones-y-cordoba-rubrican-convenio-para-reforestar-zonas-incendiadas\/#breadcrumb","itemListElement":[{"@type":"ListItem","position":1,"name":"Portada","item":"https:\/\/cvinoticias.com\/v3\/"},{"@type":"ListItem","position":2,"name":"Los gobiernos de Misiones y C\u00f3rdoba rubrican convenio para reforestar zonas incendiadas"}]},{"@type":"WebSite","@id":"https:\/\/cvinoticias.com\/v3\/#website","url":"https:\/\/cvinoticias.com\/v3\/","name":"CVI NOTICIAS","description":"","publisher":{"@id":"https:\/\/cvinoticias.com\/v3\/#organization"},"alternateName":"CVI","potentialAction":[{"@type":"SearchAction","target":{"@type":"EntryPoint","urlTemplate":"https:\/\/cvinoticias.com\/v3\/?s={search_term_string}"},"query-input":{"@type":"PropertyValueSpecification","valueRequired":true,"valueName":"search_term_string"}}],"inLanguage":"es"},{"@type":"Organization","@id":"https:\/\/cvinoticias.com\/v3\/#organization","name":"CVI NOTICIAS","url":"https:\/\/cvinoticias.com\/v3\/","logo":{"@type":"ImageObject","inLanguage":"es","@id":"https:\/\/cvinoticias.com\/v3\/#\/schema\/logo\/image\/","url":"https:\/\/cvinoticias.com\/wp-content\/uploads\/2023\/04\/cropped-cropped-cropped-cropped-cropped-3-1.png","contentUrl":"https:\/\/cvinoticias.com\/wp-content\/uploads\/2023\/04\/cropped-cropped-cropped-cropped-cropped-3-1.png","width":95,"height":122,"caption":"CVI NOTICIAS"},"image":{"@id":"https:\/\/cvinoticias.com\/v3\/#\/schema\/logo\/image\/"},"sameAs":["https:\/\/www.facebook.com\/cvinoticias","https:\/\/www.instagram.com\/cvinoticias\/","https:\/\/www.youtube.com\/@CVINOTICIAS"]},{"@type":"Person","@id":"https:\/\/cvinoticias.com\/v3\/#\/schema\/person\/2db77e3c6bc03c538495d7b2b8be9b66","name":"f1000024","image":{"@type":"ImageObject","inLanguage":"es","@id":"https:\/\/secure.gravatar.com\/avatar\/d4fe7459cfc51ff5129ce1a732bbef5928568b8092d412ef95611616376bbeed?s=96&d=mm&r=g","url":"https:\/\/secure.gravatar.com\/avatar\/d4fe7459cfc51ff5129ce1a732bbef5928568b8092d412ef95611616376bbeed?s=96&d=mm&r=g","contentUrl":"https:\/\/secure.gravatar.com\/avatar\/d4fe7459cfc51ff5129ce1a732bbef5928568b8092d412ef95611616376bbeed?s=96&d=mm&r=g","caption":"f1000024"},"url":"https:\/\/cvinoticias.com\/v3\/author\/f1000024\/"}]}},"_links":{"self":[{"href":"https:\/\/cvinoticias.com\/v3\/wp-json\/wp\/v2\/posts\/649","targetHints":{"allow":["GET"]}}],"collection":[{"href":"https:\/\/cvinoticias.com\/v3\/wp-json\/wp\/v2\/posts"}],"about":[{"href":"https:\/\/cvinoticias.com\/v3\/wp-json\/wp\/v2\/types\/post"}],"author":[{"embeddable":true,"href":"https:\/\/cvinoticias.com\/v3\/wp-json\/wp\/v2\/users\/2"}],"replies":[{"embeddable":true,"href":"https:\/\/cvinoticias.com\/v3\/wp-json\/wp\/v2\/comments?post=649"}],"version-history":[{"count":1,"href":"https:\/\/cvinoticias.com\/v3\/wp-json\/wp\/v2\/posts\/649\/revisions"}],"predecessor-version":[{"id":651,"href":"https:\/\/cvinoticias.com\/v3\/wp-json\/wp\/v2\/posts\/649\/revisions\/651"}],"wp:featuredmedia":[{"embeddable":true,"href":"https:\/\/cvinoticias.com\/v3\/wp-json\/wp\/v2\/media\/650"}],"wp:attachment":[{"href":"https:\/\/cvinoticias.com\/v3\/wp-json\/wp\/v2\/media?parent=649"}],"wp:term":[{"taxonomy":"category","embeddable":true,"href":"https:\/\/cvinoticias.com\/v3\/wp-json\/wp\/v2\/categories?post=649"},{"taxonomy":"post_tag","embeddable":true,"href":"https:\/\/cvinoticias.com\/v3\/wp-json\/wp\/v2\/tags?post=649"}],"curies":[{"name":"wp","href":"https:\/\/api.w.org\/{rel}","templated":true}]}}