{"id":6414,"date":"2021-06-29T10:19:10","date_gmt":"2021-06-29T10:19:10","guid":{"rendered":"https:\/\/cvinoticias.com\/v3\/?p=6414"},"modified":"2021-06-29T10:19:10","modified_gmt":"2021-06-29T10:19:10","slug":"hasta-el-16-de-julio-sigue-abierta-la-inscripcion-a-la-beca-egresar","status":"publish","type":"post","link":"https:\/\/cvinoticias.com\/v3\/hasta-el-16-de-julio-sigue-abierta-la-inscripcion-a-la-beca-egresar\/","title":{"rendered":"Hasta el 16 de julio sigue abierta la inscripci\u00f3n a la beca Egresar"},"content":{"rendered":"\n<p><em><strong>Esta beca est\u00e1 destinada a estudiantes que adeuden materias de su cursada entre 2016 y 2020 con el objetivo de que puedan culminar el nivel.<\/strong><\/em><\/p>\n\n\n\n<p>El Ministerio de Educaci\u00f3n, Ciencia y Tecnolog\u00eda contin\u00faa la labor de alcanzar a la mayor cantidad de j\u00f3venes de la provincia con la beca Egresar, que ya cuenta con m\u00e1s de 2000 inscriptos. En este contexto, recordamos a la comunidad que las inscripciones continuar\u00e1n abiertas hasta el 16 de julio. Esta beca est\u00e1 destinada a estudiantes que adeuden materias de su cursada entre 2016 y 2020 con el objetivo de que puedan culminar el nivel.<br><br>A trav\u00e9s de un amplio trabajo territorial se busca maximizar el alcance y la inclusi\u00f3n de la iniciativa, tomando de los aprendizajes adquiridos con la experiencia de la beca Progresar. Una de las acciones estrat\u00e9gicas llevadas a cabo fue capacitar a los referentes municipales como tambi\u00e9n a quienes cumplen funciones en los Centros de Apoyo Pedag\u00f3gico y Tecnol\u00f3gico, lo que permite que haya siempre una persona capaz de informar sobre la beca en cada municipio de la provincia.<br><br>La subsecretaria de Educaci\u00f3n, Cielo Linares, subray\u00f3 la importancia de \u00abmanejar con claridad cada uno de los requisitos, las respuestas a las dudas que puedan surgir y no olvidarse de motivar a los estudiantes a comprometerse con terminar el secundario\u00bb.&nbsp; Record\u00f3 tambi\u00e9n que el objetivo prioritario al que se apunta con esta beca es posibilitar que puedan enfocarse en trabajar sobre su proyecto de vida, que culminen el secundario y persigan una formaci\u00f3n profesional y acad\u00e9mica.<br><br>La directora de Pol\u00edticas Estudiantiles, Emilia Lunge, y la directora general de TIC, Alejandra Pacheco, mantienen disponibles a sus equipos para acompa\u00f1ar los procesos de inscripci\u00f3n y responder cualquier duda. Con ese fin, se atender\u00e1n estas consultas a trav\u00e9s de las redes (Estudiantes Misioneros).<br><br><em><strong>REQUISITOS<\/strong><\/em><br><br>1 &#8211; Ser argentina\/o nativa\/o, por opci\u00f3n, o residente con una residencia legal en el pa\u00eds no inferior a dos (2) a\u00f1os previos a la solicitud.<br><br>2 &#8211; Tener dieciocho (18) a\u00f1os de edad cumplidos al momento del cierre de la convocatoria a la beca.<br><br>3 &#8211; Integrar un grupo familiar o percibir ingresos cuya suma no supere los tres (3) Salarios M\u00ednimos, Vitales y M\u00f3viles (SMVM).<br><br>4 &#8211; Haber cursado el \u00faltimo a\u00f1o de la educaci\u00f3n secundaria com\u00fan entre los a\u00f1os 2016 y 2020 y tener materias pendientes de aprobaci\u00f3n para recibir el t\u00edtulo.<br><br>5 &#8211; Encontrarse inscripto en el \u00abPlan Egresar: Proyect\u00e1 tu futuro\u00bb para la finalizaci\u00f3n de la educaci\u00f3n obligatoria secundaria.<br><br>6 &#8211; Presentar la documentaci\u00f3n solicitada para certificar la regularidad en la Escuela Sede asignada, en la fecha de inicio del \u00abPlan Egresar: Proyect\u00e1 tu futuro\u00bb.<br><br>7 &#8211; Solicitar la beca dentro de los plazos fijados por esta convocatoria (hasta el 16 de julio).<\/p>\n","protected":false},"excerpt":{"rendered":"<p>Esta beca est\u00e1 destinada a estudiantes que adeuden materias de su cursada entre 2016 y 2020 con el objetivo de que puedan culminar el nivel. El Ministerio de Educaci\u00f3n, Ciencia y Tecnolog\u00eda contin\u00faa la labor de alcanzar a la mayor cantidad de j\u00f3venes de la provincia con la beca Egresar, que ya cuenta con m\u00e1s [&hellip;]<\/p>\n","protected":false},"author":2,"featured_media":6415,"comment_status":"open","ping_status":"open","sticky":false,"template":"","format":"standard","meta":{"footnotes":""},"categories":[26],"tags":[],"class_list":["post-6414","post","type-post","status-publish","format-standard","has-post-thumbnail","hentry","category-educacion"],"yoast_head":"<!-- This site is optimized with the Yoast SEO plugin v27.4 - https:\/\/yoast.com\/product\/yoast-seo-wordpress\/ -->\n<title>Hasta el 16 de julio sigue abierta la inscripci\u00f3n a la beca Egresar | CVI NOTICIAS<\/title>\n<meta name=\"robots\" content=\"index, follow, max-snippet:-1, max-image-preview:large, max-video-preview:-1\" \/>\n<link rel=\"canonical\" href=\"https:\/\/cvinoticias.com\/v3\/hasta-el-16-de-julio-sigue-abierta-la-inscripcion-a-la-beca-egresar\/\" \/>\n<meta property=\"og:locale\" content=\"es_ES\" \/>\n<meta property=\"og:type\" content=\"article\" \/>\n<meta property=\"og:title\" content=\"Hasta el 16 de julio sigue abierta la inscripci\u00f3n a la beca Egresar | CVI NOTICIAS\" \/>\n<meta property=\"og:description\" content=\"Esta beca est\u00e1 destinada a estudiantes que adeuden materias de su cursada entre 2016 y 2020 con el objetivo de que puedan culminar el nivel. El Ministerio de Educaci\u00f3n, Ciencia y Tecnolog\u00eda contin\u00faa la labor de alcanzar a la mayor cantidad de j\u00f3venes de la provincia con la beca Egresar, que ya cuenta con m\u00e1s [&hellip;]\" \/>\n<meta property=\"og:url\" content=\"https:\/\/cvinoticias.com\/v3\/hasta-el-16-de-julio-sigue-abierta-la-inscripcion-a-la-beca-egresar\/\" \/>\n<meta property=\"og:site_name\" content=\"CVI NOTICIAS\" \/>\n<meta property=\"article:publisher\" content=\"https:\/\/www.facebook.com\/cvinoticias\" \/>\n<meta property=\"article:published_time\" content=\"2021-06-29T10:19:10+00:00\" \/>\n<meta property=\"og:image\" content=\"https:\/\/cvinoticias.com\/wp-content\/uploads\/2021\/06\/FB-Becas-Egresar.jpg\" \/>\n\t<meta property=\"og:image:width\" content=\"657\" \/>\n\t<meta property=\"og:image:height\" content=\"340\" \/>\n\t<meta property=\"og:image:type\" content=\"image\/jpeg\" \/>\n<meta name=\"author\" content=\"f1000024\" \/>\n<meta name=\"twitter:card\" content=\"summary_large_image\" \/>\n<meta name=\"twitter:label1\" content=\"Escrito por\" \/>\n\t<meta name=\"twitter:data1\" content=\"f1000024\" \/>\n\t<meta name=\"twitter:label2\" content=\"Tiempo de lectura\" \/>\n\t<meta name=\"twitter:data2\" content=\"2 minutos\" \/>\n<script type=\"application\/ld+json\" class=\"yoast-schema-graph\">{\"@context\":\"https:\\\/\\\/schema.org\",\"@graph\":[{\"@type\":\"Article\",\"@id\":\"https:\\\/\\\/cvinoticias.com\\\/v3\\\/hasta-el-16-de-julio-sigue-abierta-la-inscripcion-a-la-beca-egresar\\\/#article\",\"isPartOf\":{\"@id\":\"https:\\\/\\\/cvinoticias.com\\\/v3\\\/hasta-el-16-de-julio-sigue-abierta-la-inscripcion-a-la-beca-egresar\\\/\"},\"author\":{\"name\":\"f1000024\",\"@id\":\"https:\\\/\\\/cvinoticias.com\\\/v3\\\/#\\\/schema\\\/person\\\/2db77e3c6bc03c538495d7b2b8be9b66\"},\"headline\":\"Hasta el 16 de julio sigue abierta la inscripci\u00f3n a la beca Egresar\",\"datePublished\":\"2021-06-29T10:19:10+00:00\",\"mainEntityOfPage\":{\"@id\":\"https:\\\/\\\/cvinoticias.com\\\/v3\\\/hasta-el-16-de-julio-sigue-abierta-la-inscripcion-a-la-beca-egresar\\\/\"},\"wordCount\":490,\"commentCount\":1,\"publisher\":{\"@id\":\"https:\\\/\\\/cvinoticias.com\\\/v3\\\/#organization\"},\"image\":{\"@id\":\"https:\\\/\\\/cvinoticias.com\\\/v3\\\/hasta-el-16-de-julio-sigue-abierta-la-inscripcion-a-la-beca-egresar\\\/#primaryimage\"},\"thumbnailUrl\":\"https:\\\/\\\/cvinoticias.com\\\/wp-content\\\/uploads\\\/2021\\\/06\\\/FB-Becas-Egresar.jpg\",\"articleSection\":[\"Educacion\"],\"inLanguage\":\"es\",\"potentialAction\":[{\"@type\":\"CommentAction\",\"name\":\"Comment\",\"target\":[\"https:\\\/\\\/cvinoticias.com\\\/v3\\\/hasta-el-16-de-julio-sigue-abierta-la-inscripcion-a-la-beca-egresar\\\/#respond\"]}]},{\"@type\":\"WebPage\",\"@id\":\"https:\\\/\\\/cvinoticias.com\\\/v3\\\/hasta-el-16-de-julio-sigue-abierta-la-inscripcion-a-la-beca-egresar\\\/\",\"url\":\"https:\\\/\\\/cvinoticias.com\\\/v3\\\/hasta-el-16-de-julio-sigue-abierta-la-inscripcion-a-la-beca-egresar\\\/\",\"name\":\"Hasta el 16 de julio sigue abierta la inscripci\u00f3n a la beca Egresar | CVI NOTICIAS\",\"isPartOf\":{\"@id\":\"https:\\\/\\\/cvinoticias.com\\\/v3\\\/#website\"},\"primaryImageOfPage\":{\"@id\":\"https:\\\/\\\/cvinoticias.com\\\/v3\\\/hasta-el-16-de-julio-sigue-abierta-la-inscripcion-a-la-beca-egresar\\\/#primaryimage\"},\"image\":{\"@id\":\"https:\\\/\\\/cvinoticias.com\\\/v3\\\/hasta-el-16-de-julio-sigue-abierta-la-inscripcion-a-la-beca-egresar\\\/#primaryimage\"},\"thumbnailUrl\":\"https:\\\/\\\/cvinoticias.com\\\/wp-content\\\/uploads\\\/2021\\\/06\\\/FB-Becas-Egresar.jpg\",\"datePublished\":\"2021-06-29T10:19:10+00:00\",\"breadcrumb\":{\"@id\":\"https:\\\/\\\/cvinoticias.com\\\/v3\\\/hasta-el-16-de-julio-sigue-abierta-la-inscripcion-a-la-beca-egresar\\\/#breadcrumb\"},\"inLanguage\":\"es\",\"potentialAction\":[{\"@type\":\"ReadAction\",\"target\":[\"https:\\\/\\\/cvinoticias.com\\\/v3\\\/hasta-el-16-de-julio-sigue-abierta-la-inscripcion-a-la-beca-egresar\\\/\"]}]},{\"@type\":\"ImageObject\",\"inLanguage\":\"es\",\"@id\":\"https:\\\/\\\/cvinoticias.com\\\/v3\\\/hasta-el-16-de-julio-sigue-abierta-la-inscripcion-a-la-beca-egresar\\\/#primaryimage\",\"url\":\"https:\\\/\\\/cvinoticias.com\\\/wp-content\\\/uploads\\\/2021\\\/06\\\/FB-Becas-Egresar.jpg\",\"contentUrl\":\"https:\\\/\\\/cvinoticias.com\\\/wp-content\\\/uploads\\\/2021\\\/06\\\/FB-Becas-Egresar.jpg\",\"width\":657,\"height\":340},{\"@type\":\"BreadcrumbList\",\"@id\":\"https:\\\/\\\/cvinoticias.com\\\/v3\\\/hasta-el-16-de-julio-sigue-abierta-la-inscripcion-a-la-beca-egresar\\\/#breadcrumb\",\"itemListElement\":[{\"@type\":\"ListItem\",\"position\":1,\"name\":\"Portada\",\"item\":\"https:\\\/\\\/cvinoticias.com\\\/v3\\\/\"},{\"@type\":\"ListItem\",\"position\":2,\"name\":\"Hasta el 16 de julio sigue abierta la inscripci\u00f3n a la beca Egresar\"}]},{\"@type\":\"WebSite\",\"@id\":\"https:\\\/\\\/cvinoticias.com\\\/v3\\\/#website\",\"url\":\"https:\\\/\\\/cvinoticias.com\\\/v3\\\/\",\"name\":\"CVI NOTICIAS\",\"description\":\"\",\"publisher\":{\"@id\":\"https:\\\/\\\/cvinoticias.com\\\/v3\\\/#organization\"},\"alternateName\":\"CVI\",\"potentialAction\":[{\"@type\":\"SearchAction\",\"target\":{\"@type\":\"EntryPoint\",\"urlTemplate\":\"https:\\\/\\\/cvinoticias.com\\\/v3\\\/?s={search_term_string}\"},\"query-input\":{\"@type\":\"PropertyValueSpecification\",\"valueRequired\":true,\"valueName\":\"search_term_string\"}}],\"inLanguage\":\"es\"},{\"@type\":\"Organization\",\"@id\":\"https:\\\/\\\/cvinoticias.com\\\/v3\\\/#organization\",\"name\":\"CVI NOTICIAS\",\"url\":\"https:\\\/\\\/cvinoticias.com\\\/v3\\\/\",\"logo\":{\"@type\":\"ImageObject\",\"inLanguage\":\"es\",\"@id\":\"https:\\\/\\\/cvinoticias.com\\\/v3\\\/#\\\/schema\\\/logo\\\/image\\\/\",\"url\":\"https:\\\/\\\/cvinoticias.com\\\/wp-content\\\/uploads\\\/2023\\\/04\\\/cropped-cropped-cropped-cropped-cropped-3-1.png\",\"contentUrl\":\"https:\\\/\\\/cvinoticias.com\\\/wp-content\\\/uploads\\\/2023\\\/04\\\/cropped-cropped-cropped-cropped-cropped-3-1.png\",\"width\":95,\"height\":122,\"caption\":\"CVI NOTICIAS\"},\"image\":{\"@id\":\"https:\\\/\\\/cvinoticias.com\\\/v3\\\/#\\\/schema\\\/logo\\\/image\\\/\"},\"sameAs\":[\"https:\\\/\\\/www.facebook.com\\\/cvinoticias\",\"https:\\\/\\\/www.instagram.com\\\/cvinoticias\\\/\",\"https:\\\/\\\/www.youtube.com\\\/@CVINOTICIAS\"]},{\"@type\":\"Person\",\"@id\":\"https:\\\/\\\/cvinoticias.com\\\/v3\\\/#\\\/schema\\\/person\\\/2db77e3c6bc03c538495d7b2b8be9b66\",\"name\":\"f1000024\",\"image\":{\"@type\":\"ImageObject\",\"inLanguage\":\"es\",\"@id\":\"https:\\\/\\\/secure.gravatar.com\\\/avatar\\\/d4fe7459cfc51ff5129ce1a732bbef5928568b8092d412ef95611616376bbeed?s=96&d=mm&r=g\",\"url\":\"https:\\\/\\\/secure.gravatar.com\\\/avatar\\\/d4fe7459cfc51ff5129ce1a732bbef5928568b8092d412ef95611616376bbeed?s=96&d=mm&r=g\",\"contentUrl\":\"https:\\\/\\\/secure.gravatar.com\\\/avatar\\\/d4fe7459cfc51ff5129ce1a732bbef5928568b8092d412ef95611616376bbeed?s=96&d=mm&r=g\",\"caption\":\"f1000024\"},\"url\":\"https:\\\/\\\/cvinoticias.com\\\/v3\\\/author\\\/f1000024\\\/\"}]}<\/script>\n<!-- \/ Yoast SEO plugin. -->","yoast_head_json":{"title":"Hasta el 16 de julio sigue abierta la inscripci\u00f3n a la beca Egresar | CVI NOTICIAS","robots":{"index":"index","follow":"follow","max-snippet":"max-snippet:-1","max-image-preview":"max-image-preview:large","max-video-preview":"max-video-preview:-1"},"canonical":"https:\/\/cvinoticias.com\/v3\/hasta-el-16-de-julio-sigue-abierta-la-inscripcion-a-la-beca-egresar\/","og_locale":"es_ES","og_type":"article","og_title":"Hasta el 16 de julio sigue abierta la inscripci\u00f3n a la beca Egresar | CVI NOTICIAS","og_description":"Esta beca est\u00e1 destinada a estudiantes que adeuden materias de su cursada entre 2016 y 2020 con el objetivo de que puedan culminar el nivel. El Ministerio de Educaci\u00f3n, Ciencia y Tecnolog\u00eda contin\u00faa la labor de alcanzar a la mayor cantidad de j\u00f3venes de la provincia con la beca Egresar, que ya cuenta con m\u00e1s [&hellip;]","og_url":"https:\/\/cvinoticias.com\/v3\/hasta-el-16-de-julio-sigue-abierta-la-inscripcion-a-la-beca-egresar\/","og_site_name":"CVI NOTICIAS","article_publisher":"https:\/\/www.facebook.com\/cvinoticias","article_published_time":"2021-06-29T10:19:10+00:00","og_image":[{"width":657,"height":340,"url":"https:\/\/cvinoticias.com\/wp-content\/uploads\/2021\/06\/FB-Becas-Egresar.jpg","type":"image\/jpeg"}],"author":"f1000024","twitter_card":"summary_large_image","twitter_misc":{"Escrito por":"f1000024","Tiempo de lectura":"2 minutos"},"schema":{"@context":"https:\/\/schema.org","@graph":[{"@type":"Article","@id":"https:\/\/cvinoticias.com\/v3\/hasta-el-16-de-julio-sigue-abierta-la-inscripcion-a-la-beca-egresar\/#article","isPartOf":{"@id":"https:\/\/cvinoticias.com\/v3\/hasta-el-16-de-julio-sigue-abierta-la-inscripcion-a-la-beca-egresar\/"},"author":{"name":"f1000024","@id":"https:\/\/cvinoticias.com\/v3\/#\/schema\/person\/2db77e3c6bc03c538495d7b2b8be9b66"},"headline":"Hasta el 16 de julio sigue abierta la inscripci\u00f3n a la beca Egresar","datePublished":"2021-06-29T10:19:10+00:00","mainEntityOfPage":{"@id":"https:\/\/cvinoticias.com\/v3\/hasta-el-16-de-julio-sigue-abierta-la-inscripcion-a-la-beca-egresar\/"},"wordCount":490,"commentCount":1,"publisher":{"@id":"https:\/\/cvinoticias.com\/v3\/#organization"},"image":{"@id":"https:\/\/cvinoticias.com\/v3\/hasta-el-16-de-julio-sigue-abierta-la-inscripcion-a-la-beca-egresar\/#primaryimage"},"thumbnailUrl":"https:\/\/cvinoticias.com\/wp-content\/uploads\/2021\/06\/FB-Becas-Egresar.jpg","articleSection":["Educacion"],"inLanguage":"es","potentialAction":[{"@type":"CommentAction","name":"Comment","target":["https:\/\/cvinoticias.com\/v3\/hasta-el-16-de-julio-sigue-abierta-la-inscripcion-a-la-beca-egresar\/#respond"]}]},{"@type":"WebPage","@id":"https:\/\/cvinoticias.com\/v3\/hasta-el-16-de-julio-sigue-abierta-la-inscripcion-a-la-beca-egresar\/","url":"https:\/\/cvinoticias.com\/v3\/hasta-el-16-de-julio-sigue-abierta-la-inscripcion-a-la-beca-egresar\/","name":"Hasta el 16 de julio sigue abierta la inscripci\u00f3n a la beca Egresar | CVI NOTICIAS","isPartOf":{"@id":"https:\/\/cvinoticias.com\/v3\/#website"},"primaryImageOfPage":{"@id":"https:\/\/cvinoticias.com\/v3\/hasta-el-16-de-julio-sigue-abierta-la-inscripcion-a-la-beca-egresar\/#primaryimage"},"image":{"@id":"https:\/\/cvinoticias.com\/v3\/hasta-el-16-de-julio-sigue-abierta-la-inscripcion-a-la-beca-egresar\/#primaryimage"},"thumbnailUrl":"https:\/\/cvinoticias.com\/wp-content\/uploads\/2021\/06\/FB-Becas-Egresar.jpg","datePublished":"2021-06-29T10:19:10+00:00","breadcrumb":{"@id":"https:\/\/cvinoticias.com\/v3\/hasta-el-16-de-julio-sigue-abierta-la-inscripcion-a-la-beca-egresar\/#breadcrumb"},"inLanguage":"es","potentialAction":[{"@type":"ReadAction","target":["https:\/\/cvinoticias.com\/v3\/hasta-el-16-de-julio-sigue-abierta-la-inscripcion-a-la-beca-egresar\/"]}]},{"@type":"ImageObject","inLanguage":"es","@id":"https:\/\/cvinoticias.com\/v3\/hasta-el-16-de-julio-sigue-abierta-la-inscripcion-a-la-beca-egresar\/#primaryimage","url":"https:\/\/cvinoticias.com\/wp-content\/uploads\/2021\/06\/FB-Becas-Egresar.jpg","contentUrl":"https:\/\/cvinoticias.com\/wp-content\/uploads\/2021\/06\/FB-Becas-Egresar.jpg","width":657,"height":340},{"@type":"BreadcrumbList","@id":"https:\/\/cvinoticias.com\/v3\/hasta-el-16-de-julio-sigue-abierta-la-inscripcion-a-la-beca-egresar\/#breadcrumb","itemListElement":[{"@type":"ListItem","position":1,"name":"Portada","item":"https:\/\/cvinoticias.com\/v3\/"},{"@type":"ListItem","position":2,"name":"Hasta el 16 de julio sigue abierta la inscripci\u00f3n a la beca Egresar"}]},{"@type":"WebSite","@id":"https:\/\/cvinoticias.com\/v3\/#website","url":"https:\/\/cvinoticias.com\/v3\/","name":"CVI NOTICIAS","description":"","publisher":{"@id":"https:\/\/cvinoticias.com\/v3\/#organization"},"alternateName":"CVI","potentialAction":[{"@type":"SearchAction","target":{"@type":"EntryPoint","urlTemplate":"https:\/\/cvinoticias.com\/v3\/?s={search_term_string}"},"query-input":{"@type":"PropertyValueSpecification","valueRequired":true,"valueName":"search_term_string"}}],"inLanguage":"es"},{"@type":"Organization","@id":"https:\/\/cvinoticias.com\/v3\/#organization","name":"CVI NOTICIAS","url":"https:\/\/cvinoticias.com\/v3\/","logo":{"@type":"ImageObject","inLanguage":"es","@id":"https:\/\/cvinoticias.com\/v3\/#\/schema\/logo\/image\/","url":"https:\/\/cvinoticias.com\/wp-content\/uploads\/2023\/04\/cropped-cropped-cropped-cropped-cropped-3-1.png","contentUrl":"https:\/\/cvinoticias.com\/wp-content\/uploads\/2023\/04\/cropped-cropped-cropped-cropped-cropped-3-1.png","width":95,"height":122,"caption":"CVI NOTICIAS"},"image":{"@id":"https:\/\/cvinoticias.com\/v3\/#\/schema\/logo\/image\/"},"sameAs":["https:\/\/www.facebook.com\/cvinoticias","https:\/\/www.instagram.com\/cvinoticias\/","https:\/\/www.youtube.com\/@CVINOTICIAS"]},{"@type":"Person","@id":"https:\/\/cvinoticias.com\/v3\/#\/schema\/person\/2db77e3c6bc03c538495d7b2b8be9b66","name":"f1000024","image":{"@type":"ImageObject","inLanguage":"es","@id":"https:\/\/secure.gravatar.com\/avatar\/d4fe7459cfc51ff5129ce1a732bbef5928568b8092d412ef95611616376bbeed?s=96&d=mm&r=g","url":"https:\/\/secure.gravatar.com\/avatar\/d4fe7459cfc51ff5129ce1a732bbef5928568b8092d412ef95611616376bbeed?s=96&d=mm&r=g","contentUrl":"https:\/\/secure.gravatar.com\/avatar\/d4fe7459cfc51ff5129ce1a732bbef5928568b8092d412ef95611616376bbeed?s=96&d=mm&r=g","caption":"f1000024"},"url":"https:\/\/cvinoticias.com\/v3\/author\/f1000024\/"}]}},"_links":{"self":[{"href":"https:\/\/cvinoticias.com\/v3\/wp-json\/wp\/v2\/posts\/6414","targetHints":{"allow":["GET"]}}],"collection":[{"href":"https:\/\/cvinoticias.com\/v3\/wp-json\/wp\/v2\/posts"}],"about":[{"href":"https:\/\/cvinoticias.com\/v3\/wp-json\/wp\/v2\/types\/post"}],"author":[{"embeddable":true,"href":"https:\/\/cvinoticias.com\/v3\/wp-json\/wp\/v2\/users\/2"}],"replies":[{"embeddable":true,"href":"https:\/\/cvinoticias.com\/v3\/wp-json\/wp\/v2\/comments?post=6414"}],"version-history":[{"count":1,"href":"https:\/\/cvinoticias.com\/v3\/wp-json\/wp\/v2\/posts\/6414\/revisions"}],"predecessor-version":[{"id":6416,"href":"https:\/\/cvinoticias.com\/v3\/wp-json\/wp\/v2\/posts\/6414\/revisions\/6416"}],"wp:featuredmedia":[{"embeddable":true,"href":"https:\/\/cvinoticias.com\/v3\/wp-json\/wp\/v2\/media\/6415"}],"wp:attachment":[{"href":"https:\/\/cvinoticias.com\/v3\/wp-json\/wp\/v2\/media?parent=6414"}],"wp:term":[{"taxonomy":"category","embeddable":true,"href":"https:\/\/cvinoticias.com\/v3\/wp-json\/wp\/v2\/categories?post=6414"},{"taxonomy":"post_tag","embeddable":true,"href":"https:\/\/cvinoticias.com\/v3\/wp-json\/wp\/v2\/tags?post=6414"}],"curies":[{"name":"wp","href":"https:\/\/api.w.org\/{rel}","templated":true}]}}