{"id":6402,"date":"2021-06-28T14:45:43","date_gmt":"2021-06-28T14:45:43","guid":{"rendered":"https:\/\/cvinoticias.com\/v3\/?p=6402"},"modified":"2021-06-28T14:45:43","modified_gmt":"2021-06-28T14:45:43","slug":"javier-mela-lanzo-una-campana-provincial-para-las-personas-que-tienen-certificado-unico-de-discapacidad","status":"publish","type":"post","link":"https:\/\/cvinoticias.com\/v3\/javier-mela-lanzo-una-campana-provincial-para-las-personas-que-tienen-certificado-unico-de-discapacidad\/","title":{"rendered":"Javier Mela lanz\u00f3 una campa\u00f1a provincial para las personas que tienen Certificado \u00danico de Discapacidad"},"content":{"rendered":"\n<p><strong><em>El diputado provincial de Juntos por el Cambio, Javier Mela, nuevamente se pone en el foco de la atenci\u00f3n por uno de sus proyectos como legislador. Recordemos que Javier Mela, es Abogado y Escribano, esto le da un valor agregado a todo lo que propone.<\/em><\/strong><\/p>\n\n\n\n<p>No conforme con esperar que el gobierno de Misiones brinde los datos actualizados, ahora lanz\u00f3 una campa\u00f1a provincial para todas aquellas personas que tienen el Certificado \u00danico de discapacidad, envi\u00e9 sus respectivos Curriculum a \u00e9l mediante sus redes sociales o para todos aquellos que puedan acercarse tendr\u00edan que llevarlo hasta el Consejo Provincial de discapacidad. 5\u00b0 Piso del edificio Multilateral frente al Palacio de Justicia. Avenida Centenario y Santa Catalina Posadas-Misiones. Tel: 3764-44447183.<\/p>\n\n\n\n<p>\u201cTrabajaremos para que se cumpla la Ley, toda aquella persona que posea el Certificado \u00danico puede enviar a nuestro equipo de trabajo para que podamos imprimir y acercar su Curriculum Vitae al Consejo Provincial de Discapacidad, entonces de esta manera el estado no estar\u00e1 tan ausente, adem\u00e1s podr\u00edamos dar la posibilidad de que muchos puedan trabajar y cumplir con el cupo laboral, ya que en esta pandemia estamos sufriendo todos los Misioneros\u201d expres\u00f3 el diputado.<\/p>\n\n\n\n<p>Fam Page de Facebook del Diputado, donde pueden enviar por mensaje privado los respectivos archivos https:\/\/www.facebook.com\/javiermela78\/<\/p>\n","protected":false},"excerpt":{"rendered":"<p>El diputado provincial de Juntos por el Cambio, Javier Mela, nuevamente se pone en el foco de la atenci\u00f3n por uno de sus proyectos como legislador. Recordemos que Javier Mela, es Abogado y Escribano, esto le da un valor agregado a todo lo que propone. No conforme con esperar que el gobierno de Misiones brinde [&hellip;]<\/p>\n","protected":false},"author":2,"featured_media":6403,"comment_status":"open","ping_status":"open","sticky":false,"template":"","format":"standard","meta":{"footnotes":""},"categories":[43],"tags":[],"class_list":["post-6402","post","type-post","status-publish","format-standard","has-post-thumbnail","hentry","category-provinciales"],"yoast_head":"<!-- This site is optimized with the Yoast SEO plugin v27.4 - https:\/\/yoast.com\/product\/yoast-seo-wordpress\/ -->\n<title>Javier Mela lanz\u00f3 una campa\u00f1a provincial para las personas que tienen Certificado \u00danico de Discapacidad | CVI NOTICIAS<\/title>\n<meta name=\"robots\" content=\"index, follow, max-snippet:-1, max-image-preview:large, max-video-preview:-1\" \/>\n<link rel=\"canonical\" href=\"https:\/\/cvinoticias.com\/v3\/javier-mela-lanzo-una-campana-provincial-para-las-personas-que-tienen-certificado-unico-de-discapacidad\/\" \/>\n<meta property=\"og:locale\" content=\"es_ES\" \/>\n<meta property=\"og:type\" content=\"article\" \/>\n<meta property=\"og:title\" content=\"Javier Mela lanz\u00f3 una campa\u00f1a provincial para las personas que tienen Certificado \u00danico de Discapacidad | CVI NOTICIAS\" \/>\n<meta property=\"og:description\" content=\"El diputado provincial de Juntos por el Cambio, Javier Mela, nuevamente se pone en el foco de la atenci\u00f3n por uno de sus proyectos como legislador. Recordemos que Javier Mela, es Abogado y Escribano, esto le da un valor agregado a todo lo que propone. No conforme con esperar que el gobierno de Misiones brinde [&hellip;]\" \/>\n<meta property=\"og:url\" content=\"https:\/\/cvinoticias.com\/v3\/javier-mela-lanzo-una-campana-provincial-para-las-personas-que-tienen-certificado-unico-de-discapacidad\/\" \/>\n<meta property=\"og:site_name\" content=\"CVI NOTICIAS\" \/>\n<meta property=\"article:publisher\" content=\"https:\/\/www.facebook.com\/cvinoticias\" \/>\n<meta property=\"article:published_time\" content=\"2021-06-28T14:45:43+00:00\" \/>\n<meta property=\"og:image\" content=\"https:\/\/cvinoticias.com\/wp-content\/uploads\/2021\/06\/IMG-20210628-WA0045.jpg\" \/>\n\t<meta property=\"og:image:width\" content=\"1280\" \/>\n\t<meta property=\"og:image:height\" content=\"1172\" \/>\n\t<meta property=\"og:image:type\" content=\"image\/jpeg\" \/>\n<meta name=\"author\" content=\"f1000024\" \/>\n<meta name=\"twitter:card\" content=\"summary_large_image\" \/>\n<meta name=\"twitter:label1\" content=\"Escrito por\" \/>\n\t<meta name=\"twitter:data1\" content=\"f1000024\" \/>\n\t<meta name=\"twitter:label2\" content=\"Tiempo de lectura\" \/>\n\t<meta name=\"twitter:data2\" content=\"1 minuto\" \/>\n<script type=\"application\/ld+json\" class=\"yoast-schema-graph\">{\"@context\":\"https:\\\/\\\/schema.org\",\"@graph\":[{\"@type\":\"Article\",\"@id\":\"https:\\\/\\\/cvinoticias.com\\\/v3\\\/javier-mela-lanzo-una-campana-provincial-para-las-personas-que-tienen-certificado-unico-de-discapacidad\\\/#article\",\"isPartOf\":{\"@id\":\"https:\\\/\\\/cvinoticias.com\\\/v3\\\/javier-mela-lanzo-una-campana-provincial-para-las-personas-que-tienen-certificado-unico-de-discapacidad\\\/\"},\"author\":{\"name\":\"f1000024\",\"@id\":\"https:\\\/\\\/cvinoticias.com\\\/v3\\\/#\\\/schema\\\/person\\\/2db77e3c6bc03c538495d7b2b8be9b66\"},\"headline\":\"Javier Mela lanz\u00f3 una campa\u00f1a provincial para las personas que tienen Certificado \u00danico de Discapacidad\",\"datePublished\":\"2021-06-28T14:45:43+00:00\",\"mainEntityOfPage\":{\"@id\":\"https:\\\/\\\/cvinoticias.com\\\/v3\\\/javier-mela-lanzo-una-campana-provincial-para-las-personas-que-tienen-certificado-unico-de-discapacidad\\\/\"},\"wordCount\":233,\"commentCount\":2,\"publisher\":{\"@id\":\"https:\\\/\\\/cvinoticias.com\\\/v3\\\/#organization\"},\"image\":{\"@id\":\"https:\\\/\\\/cvinoticias.com\\\/v3\\\/javier-mela-lanzo-una-campana-provincial-para-las-personas-que-tienen-certificado-unico-de-discapacidad\\\/#primaryimage\"},\"thumbnailUrl\":\"https:\\\/\\\/cvinoticias.com\\\/wp-content\\\/uploads\\\/2021\\\/06\\\/IMG-20210628-WA0045.jpg\",\"articleSection\":[\"Provinciales\"],\"inLanguage\":\"es\",\"potentialAction\":[{\"@type\":\"CommentAction\",\"name\":\"Comment\",\"target\":[\"https:\\\/\\\/cvinoticias.com\\\/v3\\\/javier-mela-lanzo-una-campana-provincial-para-las-personas-que-tienen-certificado-unico-de-discapacidad\\\/#respond\"]}]},{\"@type\":\"WebPage\",\"@id\":\"https:\\\/\\\/cvinoticias.com\\\/v3\\\/javier-mela-lanzo-una-campana-provincial-para-las-personas-que-tienen-certificado-unico-de-discapacidad\\\/\",\"url\":\"https:\\\/\\\/cvinoticias.com\\\/v3\\\/javier-mela-lanzo-una-campana-provincial-para-las-personas-que-tienen-certificado-unico-de-discapacidad\\\/\",\"name\":\"Javier Mela lanz\u00f3 una campa\u00f1a provincial para las personas que tienen Certificado \u00danico de Discapacidad | CVI NOTICIAS\",\"isPartOf\":{\"@id\":\"https:\\\/\\\/cvinoticias.com\\\/v3\\\/#website\"},\"primaryImageOfPage\":{\"@id\":\"https:\\\/\\\/cvinoticias.com\\\/v3\\\/javier-mela-lanzo-una-campana-provincial-para-las-personas-que-tienen-certificado-unico-de-discapacidad\\\/#primaryimage\"},\"image\":{\"@id\":\"https:\\\/\\\/cvinoticias.com\\\/v3\\\/javier-mela-lanzo-una-campana-provincial-para-las-personas-que-tienen-certificado-unico-de-discapacidad\\\/#primaryimage\"},\"thumbnailUrl\":\"https:\\\/\\\/cvinoticias.com\\\/wp-content\\\/uploads\\\/2021\\\/06\\\/IMG-20210628-WA0045.jpg\",\"datePublished\":\"2021-06-28T14:45:43+00:00\",\"breadcrumb\":{\"@id\":\"https:\\\/\\\/cvinoticias.com\\\/v3\\\/javier-mela-lanzo-una-campana-provincial-para-las-personas-que-tienen-certificado-unico-de-discapacidad\\\/#breadcrumb\"},\"inLanguage\":\"es\",\"potentialAction\":[{\"@type\":\"ReadAction\",\"target\":[\"https:\\\/\\\/cvinoticias.com\\\/v3\\\/javier-mela-lanzo-una-campana-provincial-para-las-personas-que-tienen-certificado-unico-de-discapacidad\\\/\"]}]},{\"@type\":\"ImageObject\",\"inLanguage\":\"es\",\"@id\":\"https:\\\/\\\/cvinoticias.com\\\/v3\\\/javier-mela-lanzo-una-campana-provincial-para-las-personas-que-tienen-certificado-unico-de-discapacidad\\\/#primaryimage\",\"url\":\"https:\\\/\\\/cvinoticias.com\\\/wp-content\\\/uploads\\\/2021\\\/06\\\/IMG-20210628-WA0045.jpg\",\"contentUrl\":\"https:\\\/\\\/cvinoticias.com\\\/wp-content\\\/uploads\\\/2021\\\/06\\\/IMG-20210628-WA0045.jpg\",\"width\":1280,\"height\":1172},{\"@type\":\"BreadcrumbList\",\"@id\":\"https:\\\/\\\/cvinoticias.com\\\/v3\\\/javier-mela-lanzo-una-campana-provincial-para-las-personas-que-tienen-certificado-unico-de-discapacidad\\\/#breadcrumb\",\"itemListElement\":[{\"@type\":\"ListItem\",\"position\":1,\"name\":\"Portada\",\"item\":\"https:\\\/\\\/cvinoticias.com\\\/v3\\\/\"},{\"@type\":\"ListItem\",\"position\":2,\"name\":\"Javier Mela lanz\u00f3 una campa\u00f1a provincial para las personas que tienen Certificado \u00danico de Discapacidad\"}]},{\"@type\":\"WebSite\",\"@id\":\"https:\\\/\\\/cvinoticias.com\\\/v3\\\/#website\",\"url\":\"https:\\\/\\\/cvinoticias.com\\\/v3\\\/\",\"name\":\"CVI NOTICIAS\",\"description\":\"\",\"publisher\":{\"@id\":\"https:\\\/\\\/cvinoticias.com\\\/v3\\\/#organization\"},\"alternateName\":\"CVI\",\"potentialAction\":[{\"@type\":\"SearchAction\",\"target\":{\"@type\":\"EntryPoint\",\"urlTemplate\":\"https:\\\/\\\/cvinoticias.com\\\/v3\\\/?s={search_term_string}\"},\"query-input\":{\"@type\":\"PropertyValueSpecification\",\"valueRequired\":true,\"valueName\":\"search_term_string\"}}],\"inLanguage\":\"es\"},{\"@type\":\"Organization\",\"@id\":\"https:\\\/\\\/cvinoticias.com\\\/v3\\\/#organization\",\"name\":\"CVI NOTICIAS\",\"url\":\"https:\\\/\\\/cvinoticias.com\\\/v3\\\/\",\"logo\":{\"@type\":\"ImageObject\",\"inLanguage\":\"es\",\"@id\":\"https:\\\/\\\/cvinoticias.com\\\/v3\\\/#\\\/schema\\\/logo\\\/image\\\/\",\"url\":\"https:\\\/\\\/cvinoticias.com\\\/wp-content\\\/uploads\\\/2023\\\/04\\\/cropped-cropped-cropped-cropped-cropped-3-1.png\",\"contentUrl\":\"https:\\\/\\\/cvinoticias.com\\\/wp-content\\\/uploads\\\/2023\\\/04\\\/cropped-cropped-cropped-cropped-cropped-3-1.png\",\"width\":95,\"height\":122,\"caption\":\"CVI NOTICIAS\"},\"image\":{\"@id\":\"https:\\\/\\\/cvinoticias.com\\\/v3\\\/#\\\/schema\\\/logo\\\/image\\\/\"},\"sameAs\":[\"https:\\\/\\\/www.facebook.com\\\/cvinoticias\",\"https:\\\/\\\/www.instagram.com\\\/cvinoticias\\\/\",\"https:\\\/\\\/www.youtube.com\\\/@CVINOTICIAS\"]},{\"@type\":\"Person\",\"@id\":\"https:\\\/\\\/cvinoticias.com\\\/v3\\\/#\\\/schema\\\/person\\\/2db77e3c6bc03c538495d7b2b8be9b66\",\"name\":\"f1000024\",\"image\":{\"@type\":\"ImageObject\",\"inLanguage\":\"es\",\"@id\":\"https:\\\/\\\/secure.gravatar.com\\\/avatar\\\/d4fe7459cfc51ff5129ce1a732bbef5928568b8092d412ef95611616376bbeed?s=96&d=mm&r=g\",\"url\":\"https:\\\/\\\/secure.gravatar.com\\\/avatar\\\/d4fe7459cfc51ff5129ce1a732bbef5928568b8092d412ef95611616376bbeed?s=96&d=mm&r=g\",\"contentUrl\":\"https:\\\/\\\/secure.gravatar.com\\\/avatar\\\/d4fe7459cfc51ff5129ce1a732bbef5928568b8092d412ef95611616376bbeed?s=96&d=mm&r=g\",\"caption\":\"f1000024\"},\"url\":\"https:\\\/\\\/cvinoticias.com\\\/v3\\\/author\\\/f1000024\\\/\"}]}<\/script>\n<!-- \/ Yoast SEO plugin. -->","yoast_head_json":{"title":"Javier Mela lanz\u00f3 una campa\u00f1a provincial para las personas que tienen Certificado \u00danico de Discapacidad | CVI NOTICIAS","robots":{"index":"index","follow":"follow","max-snippet":"max-snippet:-1","max-image-preview":"max-image-preview:large","max-video-preview":"max-video-preview:-1"},"canonical":"https:\/\/cvinoticias.com\/v3\/javier-mela-lanzo-una-campana-provincial-para-las-personas-que-tienen-certificado-unico-de-discapacidad\/","og_locale":"es_ES","og_type":"article","og_title":"Javier Mela lanz\u00f3 una campa\u00f1a provincial para las personas que tienen Certificado \u00danico de Discapacidad | CVI NOTICIAS","og_description":"El diputado provincial de Juntos por el Cambio, Javier Mela, nuevamente se pone en el foco de la atenci\u00f3n por uno de sus proyectos como legislador. Recordemos que Javier Mela, es Abogado y Escribano, esto le da un valor agregado a todo lo que propone. No conforme con esperar que el gobierno de Misiones brinde [&hellip;]","og_url":"https:\/\/cvinoticias.com\/v3\/javier-mela-lanzo-una-campana-provincial-para-las-personas-que-tienen-certificado-unico-de-discapacidad\/","og_site_name":"CVI NOTICIAS","article_publisher":"https:\/\/www.facebook.com\/cvinoticias","article_published_time":"2021-06-28T14:45:43+00:00","og_image":[{"width":1280,"height":1172,"url":"https:\/\/cvinoticias.com\/wp-content\/uploads\/2021\/06\/IMG-20210628-WA0045.jpg","type":"image\/jpeg"}],"author":"f1000024","twitter_card":"summary_large_image","twitter_misc":{"Escrito por":"f1000024","Tiempo de lectura":"1 minuto"},"schema":{"@context":"https:\/\/schema.org","@graph":[{"@type":"Article","@id":"https:\/\/cvinoticias.com\/v3\/javier-mela-lanzo-una-campana-provincial-para-las-personas-que-tienen-certificado-unico-de-discapacidad\/#article","isPartOf":{"@id":"https:\/\/cvinoticias.com\/v3\/javier-mela-lanzo-una-campana-provincial-para-las-personas-que-tienen-certificado-unico-de-discapacidad\/"},"author":{"name":"f1000024","@id":"https:\/\/cvinoticias.com\/v3\/#\/schema\/person\/2db77e3c6bc03c538495d7b2b8be9b66"},"headline":"Javier Mela lanz\u00f3 una campa\u00f1a provincial para las personas que tienen Certificado \u00danico de Discapacidad","datePublished":"2021-06-28T14:45:43+00:00","mainEntityOfPage":{"@id":"https:\/\/cvinoticias.com\/v3\/javier-mela-lanzo-una-campana-provincial-para-las-personas-que-tienen-certificado-unico-de-discapacidad\/"},"wordCount":233,"commentCount":2,"publisher":{"@id":"https:\/\/cvinoticias.com\/v3\/#organization"},"image":{"@id":"https:\/\/cvinoticias.com\/v3\/javier-mela-lanzo-una-campana-provincial-para-las-personas-que-tienen-certificado-unico-de-discapacidad\/#primaryimage"},"thumbnailUrl":"https:\/\/cvinoticias.com\/wp-content\/uploads\/2021\/06\/IMG-20210628-WA0045.jpg","articleSection":["Provinciales"],"inLanguage":"es","potentialAction":[{"@type":"CommentAction","name":"Comment","target":["https:\/\/cvinoticias.com\/v3\/javier-mela-lanzo-una-campana-provincial-para-las-personas-que-tienen-certificado-unico-de-discapacidad\/#respond"]}]},{"@type":"WebPage","@id":"https:\/\/cvinoticias.com\/v3\/javier-mela-lanzo-una-campana-provincial-para-las-personas-que-tienen-certificado-unico-de-discapacidad\/","url":"https:\/\/cvinoticias.com\/v3\/javier-mela-lanzo-una-campana-provincial-para-las-personas-que-tienen-certificado-unico-de-discapacidad\/","name":"Javier Mela lanz\u00f3 una campa\u00f1a provincial para las personas que tienen Certificado \u00danico de Discapacidad | CVI NOTICIAS","isPartOf":{"@id":"https:\/\/cvinoticias.com\/v3\/#website"},"primaryImageOfPage":{"@id":"https:\/\/cvinoticias.com\/v3\/javier-mela-lanzo-una-campana-provincial-para-las-personas-que-tienen-certificado-unico-de-discapacidad\/#primaryimage"},"image":{"@id":"https:\/\/cvinoticias.com\/v3\/javier-mela-lanzo-una-campana-provincial-para-las-personas-que-tienen-certificado-unico-de-discapacidad\/#primaryimage"},"thumbnailUrl":"https:\/\/cvinoticias.com\/wp-content\/uploads\/2021\/06\/IMG-20210628-WA0045.jpg","datePublished":"2021-06-28T14:45:43+00:00","breadcrumb":{"@id":"https:\/\/cvinoticias.com\/v3\/javier-mela-lanzo-una-campana-provincial-para-las-personas-que-tienen-certificado-unico-de-discapacidad\/#breadcrumb"},"inLanguage":"es","potentialAction":[{"@type":"ReadAction","target":["https:\/\/cvinoticias.com\/v3\/javier-mela-lanzo-una-campana-provincial-para-las-personas-que-tienen-certificado-unico-de-discapacidad\/"]}]},{"@type":"ImageObject","inLanguage":"es","@id":"https:\/\/cvinoticias.com\/v3\/javier-mela-lanzo-una-campana-provincial-para-las-personas-que-tienen-certificado-unico-de-discapacidad\/#primaryimage","url":"https:\/\/cvinoticias.com\/wp-content\/uploads\/2021\/06\/IMG-20210628-WA0045.jpg","contentUrl":"https:\/\/cvinoticias.com\/wp-content\/uploads\/2021\/06\/IMG-20210628-WA0045.jpg","width":1280,"height":1172},{"@type":"BreadcrumbList","@id":"https:\/\/cvinoticias.com\/v3\/javier-mela-lanzo-una-campana-provincial-para-las-personas-que-tienen-certificado-unico-de-discapacidad\/#breadcrumb","itemListElement":[{"@type":"ListItem","position":1,"name":"Portada","item":"https:\/\/cvinoticias.com\/v3\/"},{"@type":"ListItem","position":2,"name":"Javier Mela lanz\u00f3 una campa\u00f1a provincial para las personas que tienen Certificado \u00danico de Discapacidad"}]},{"@type":"WebSite","@id":"https:\/\/cvinoticias.com\/v3\/#website","url":"https:\/\/cvinoticias.com\/v3\/","name":"CVI NOTICIAS","description":"","publisher":{"@id":"https:\/\/cvinoticias.com\/v3\/#organization"},"alternateName":"CVI","potentialAction":[{"@type":"SearchAction","target":{"@type":"EntryPoint","urlTemplate":"https:\/\/cvinoticias.com\/v3\/?s={search_term_string}"},"query-input":{"@type":"PropertyValueSpecification","valueRequired":true,"valueName":"search_term_string"}}],"inLanguage":"es"},{"@type":"Organization","@id":"https:\/\/cvinoticias.com\/v3\/#organization","name":"CVI NOTICIAS","url":"https:\/\/cvinoticias.com\/v3\/","logo":{"@type":"ImageObject","inLanguage":"es","@id":"https:\/\/cvinoticias.com\/v3\/#\/schema\/logo\/image\/","url":"https:\/\/cvinoticias.com\/wp-content\/uploads\/2023\/04\/cropped-cropped-cropped-cropped-cropped-3-1.png","contentUrl":"https:\/\/cvinoticias.com\/wp-content\/uploads\/2023\/04\/cropped-cropped-cropped-cropped-cropped-3-1.png","width":95,"height":122,"caption":"CVI NOTICIAS"},"image":{"@id":"https:\/\/cvinoticias.com\/v3\/#\/schema\/logo\/image\/"},"sameAs":["https:\/\/www.facebook.com\/cvinoticias","https:\/\/www.instagram.com\/cvinoticias\/","https:\/\/www.youtube.com\/@CVINOTICIAS"]},{"@type":"Person","@id":"https:\/\/cvinoticias.com\/v3\/#\/schema\/person\/2db77e3c6bc03c538495d7b2b8be9b66","name":"f1000024","image":{"@type":"ImageObject","inLanguage":"es","@id":"https:\/\/secure.gravatar.com\/avatar\/d4fe7459cfc51ff5129ce1a732bbef5928568b8092d412ef95611616376bbeed?s=96&d=mm&r=g","url":"https:\/\/secure.gravatar.com\/avatar\/d4fe7459cfc51ff5129ce1a732bbef5928568b8092d412ef95611616376bbeed?s=96&d=mm&r=g","contentUrl":"https:\/\/secure.gravatar.com\/avatar\/d4fe7459cfc51ff5129ce1a732bbef5928568b8092d412ef95611616376bbeed?s=96&d=mm&r=g","caption":"f1000024"},"url":"https:\/\/cvinoticias.com\/v3\/author\/f1000024\/"}]}},"_links":{"self":[{"href":"https:\/\/cvinoticias.com\/v3\/wp-json\/wp\/v2\/posts\/6402","targetHints":{"allow":["GET"]}}],"collection":[{"href":"https:\/\/cvinoticias.com\/v3\/wp-json\/wp\/v2\/posts"}],"about":[{"href":"https:\/\/cvinoticias.com\/v3\/wp-json\/wp\/v2\/types\/post"}],"author":[{"embeddable":true,"href":"https:\/\/cvinoticias.com\/v3\/wp-json\/wp\/v2\/users\/2"}],"replies":[{"embeddable":true,"href":"https:\/\/cvinoticias.com\/v3\/wp-json\/wp\/v2\/comments?post=6402"}],"version-history":[{"count":1,"href":"https:\/\/cvinoticias.com\/v3\/wp-json\/wp\/v2\/posts\/6402\/revisions"}],"predecessor-version":[{"id":6404,"href":"https:\/\/cvinoticias.com\/v3\/wp-json\/wp\/v2\/posts\/6402\/revisions\/6404"}],"wp:featuredmedia":[{"embeddable":true,"href":"https:\/\/cvinoticias.com\/v3\/wp-json\/wp\/v2\/media\/6403"}],"wp:attachment":[{"href":"https:\/\/cvinoticias.com\/v3\/wp-json\/wp\/v2\/media?parent=6402"}],"wp:term":[{"taxonomy":"category","embeddable":true,"href":"https:\/\/cvinoticias.com\/v3\/wp-json\/wp\/v2\/categories?post=6402"},{"taxonomy":"post_tag","embeddable":true,"href":"https:\/\/cvinoticias.com\/v3\/wp-json\/wp\/v2\/tags?post=6402"}],"curies":[{"name":"wp","href":"https:\/\/api.w.org\/{rel}","templated":true}]}}