{"id":6389,"date":"2021-06-27T22:03:24","date_gmt":"2021-06-27T22:03:24","guid":{"rendered":"https:\/\/cvinoticias.com\/v3\/?p=6389"},"modified":"2021-06-27T22:03:24","modified_gmt":"2021-06-27T22:03:24","slug":"bundziak-fue-segundo-en-la-novena-fecha-del-tc-mouras","status":"publish","type":"post","link":"https:\/\/cvinoticias.com\/v3\/bundziak-fue-segundo-en-la-novena-fecha-del-tc-mouras\/","title":{"rendered":"Bundziak fue segundo en la novena fecha del TC Mouras"},"content":{"rendered":"\n<p><strong><em>El piloto de Puerto Iguaz\u00fa Rudito Bundziak (Ford) se ubic\u00f3 en la segunda posici\u00f3n en la final de la novena fecha del TC Mouras, que se realiz\u00f3 en el Aut\u00f3dromo Roberto Jos\u00e9 Mouras de La Plata en Buenos Aires<\/em><\/strong><\/p>\n\n\n\n<p>Bundziak tuvo un d\u00eda de menos a m\u00e1s y termin\u00f3 sumando una bolsa de puntos que lo dejaron a solo cinco unidades del puntero Jerem\u00edas Olmedo (Ford)<\/p>\n\n\n\n<p>En la serie el misionero ya mostr\u00f3 el potencial del Ford y fue tercero en el segundo parcial. As\u00ed largaba quinto en la final.<\/p>\n\n\n\n<p>El tiempo inestable y la posibilidad de la lluvia eran dos variantes que iban a influenciar en la carrera. Ni bien se puso en marcha la competencia Bundziak gan\u00f3 un lugar y se ubic\u00f3 cuarto.<\/p>\n\n\n\n<p>Promediando la carrera se qued\u00f3 el puntero del campeonato Jerem\u00edas Olmedo por problemas en su Ford y se hac\u00eda presente la lluvia, por lo que se pasaba de largo Lucas Granja (Chevrolet) y Bundziak saltaba del quinto al segundo lugar. Una vuelta m\u00e1s tarde se iba afuera Juan Pablo Pilo (Chevrolet) y el piloto de Iguaz\u00fa llegaba a la punta de la carrera.<\/p>\n\n\n\n<p>Con la cabeza m\u00e1s fr\u00eda que nunca el misionero pens\u00f3 en los puntos del campeonato y si bien cuid\u00f3 la punta de la carrera no opuso resistencia ante el avance del recuperado Lucas Granja (Chevrolet). As\u00ed el piloto de Iguaz\u00fa lleg\u00f3 segundo y sum\u00f3 el tercer podio del a\u00f1o.<\/p>\n\n\n\n<p>\u201cUna carrera muy cambiante, donde supimos aprovechar para sumar. Tuvimos la punta por un rato pero pens\u00e9 en el campeonato. No ten\u00eda mucho que ganar. Sumaba kilos si ganaba y la diferencia de puntos era muy poca entre salir primero o segundo. Y los kilos me complicaban mucho. Si pod\u00eda aguantar y ganar bien pero cuando vi que Lucas ven\u00eda m\u00e1s r\u00e1pido pens\u00e9 en el campeonato y en descontar a Olmedo, que era nuestro objetivo. Contento porque el auto termin\u00f3 muy bien. Hab\u00edamos arrancando complicado, pero hoy terminamos segundo peleando la punta. Esto va dedicado a los sponsor, a mi familia, a Oscar Herrera Ahuad, su se\u00f1ora Graciela, Mairu, Giuliana, a Juan Garavaglia, que siempre me apoyan y acompa\u00f1an. Estamos firme para pelear la etapa regular\u201d, explic\u00f3 Bundziak.<\/p>\n\n\n\n<p>Con este resultado Bundziak sigue tercero en el campeonato ahora con 269,5 unidades y qued\u00f3 a solo cinco unidades de Olmedo, que sigue como l\u00edder con 274,5 puntos.<\/p>\n\n\n\n<p>Bundziak agradeci\u00f3 a los sponsor Municipalidad de Puerto Iguaz\u00fa, Manantial de Oro, Tienda Urbana, El Pan de la abuela, Syncom, Yerba Mate Andresito, R\u00edo Uruguay Seguros (RUS), Su\u00e1rez y Asociados, Ama lubricantes, Taller de Revisi\u00f3n T\u00e9cnica Al Control S.A. Revisi\u00f3n T\u00e9cnica SIT, Pinturer\u00eda Atilio, Aserradero San Antonio, Nick Detailing, Electro Misiones \u2013 Neored y al Quilmes Plas.<\/p>\n\n\n\n<p>La pr\u00f3xima fecha del calendario, la d\u00e9cima del calendario ser\u00e1 el 18 de julio en escenario a confirmar por la ACTC.<\/p>\n\n\n\n<p>FINAL TC MOURAS<br>Pos. N\u00famero Piloto Marca Vueltas Tiempo Diferencia<br>1\u00b0 172 GRANJA, LUCAS Chevrolet 16 27:48.431<br>2\u00b0 21 BUNDZIAK, RUDI Ford 16 27:49.185 0.754<br>3\u00b0 177 PILO, JUAN PABLO Chevrolet 16 27:52.607 4.176<br>4\u00b0 107 MART\u00cdNEZ, TOB\u00cdAS Chevrolet 16 27:56.164 7.733<br>5\u00b0 71 BREZZO, TOM\u00c1S Chevrolet 16 27:56.298 7.867<br>6\u00b0 101 VALLE, LUCAS Dodge 16 27:59.398 10.967<br>7\u00b0 108 CONTA, GREGORIO Torino 16 28:05.034 16.603<br>8\u00b0 129 BOCCANERA, BRUNO Chevrolet 16 28:05.521 17.090<br>9\u00b0 28 NOWAK, LEONARDO Chevrolet 16 28:06.347 17.916<br>10\u00b0 88 VICINO, LUCAS Dodge 16 28:13.476 25.045<br>11\u00b0 93 DOMENECH, ALFONSO Dodge 16 28:15.756 27.325<br>12\u00b0 54 COTIGNOLA, LUCIANO Dodge 16 28:16.194 27.763<br>13\u00b0 105 ESQUIVEL, IGNACIO Ford 16 28:20.504 32.073<br>14\u00b0 16 GANDULIA, GABRIEL Ford 16 28:20.559 32.128<br>15\u00b0 113 LUG\u00d3N, RODRIGO Ford 16 28:21.045 32.614<br>16\u00b0 110 AZAR, DIEGO Chevrolet 16 28:31.071 42.640<br>17\u00b0 34 TETI, JER\u00d3NIMO Torino 16 28:31.924 43.493<br>18\u00b0 30 ABDALA, TOM\u00c1S Ford 16 28:32.514 44.083<br>19\u00b0 197 QUIJADA, MARCOS Dodge 16 28:37.944 49.513<br>20\u00b0 77 MACEIRA, JUAN IGNACIO Ford 16 28:42.734 54.303<br>21\u00b0 98 REINOSO, BRAIAN Ford 16 28:56.817 1:08.386<br>22\u00b0 116 MICHELOUD, THOMAS Ford 15 28:21.726 1 VTA<br>23\u00b0 46 OLIVER, AMILCAR Ford 12 21:10.449 4 VTAS<br>24\u00b0 7 VIVOT, MAXIMILIANO Chevrolet 11 19:20.625 5 VTAS<br>25\u00b0 146 OLMEDO, JEREM\u00cdAS Ford 9 15:37.370 7 VTAS<br>COMENTARIOS<br>PROMEDIO: 151,903 KM\/H<\/p>\n\n\n\n<p>RECORD DE VUELTA: NRO 177 (PILO) VTA 2 EN 1:37.269 A 162,847 KM\/H<\/p>\n\n\n\n<figure class=\"wp-block-image size-large\"><a href=\"https:\/\/cvinoticias.com\/wp-content\/uploads\/2021\/06\/FB_IMG_1624831217086.jpg\"><img decoding=\"async\" width=\"1024\" height=\"643\" data-src=\"https:\/\/cvinoticias.com\/wp-content\/uploads\/2021\/06\/FB_IMG_1624831217086-1024x643.jpg\" alt=\"\" class=\"wp-image-6391 lazyload\" data-srcset=\"https:\/\/cvinoticias.com\/wp-content\/uploads\/2021\/06\/FB_IMG_1624831217086-1024x643.jpg 1024w, https:\/\/cvinoticias.com\/wp-content\/uploads\/2021\/06\/FB_IMG_1624831217086-300x188.jpg 300w, https:\/\/cvinoticias.com\/wp-content\/uploads\/2021\/06\/FB_IMG_1624831217086-768x482.jpg 768w, https:\/\/cvinoticias.com\/wp-content\/uploads\/2021\/06\/FB_IMG_1624831217086.jpg 1080w\" data-sizes=\"(max-width: 1024px) 100vw, 1024px\" src=\"data:image\/svg+xml;base64,PHN2ZyB3aWR0aD0iMSIgaGVpZ2h0PSIxIiB4bWxucz0iaHR0cDovL3d3dy53My5vcmcvMjAwMC9zdmciPjwvc3ZnPg==\" style=\"--smush-placeholder-width: 1024px; --smush-placeholder-aspect-ratio: 1024\/643;\" \/><\/a><\/figure>\n","protected":false},"excerpt":{"rendered":"<p>El piloto de Puerto Iguaz\u00fa Rudito Bundziak (Ford) se ubic\u00f3 en la segunda posici\u00f3n en la final de la novena fecha del TC Mouras, que se realiz\u00f3 en el Aut\u00f3dromo Roberto Jos\u00e9 Mouras de La Plata en Buenos Aires Bundziak tuvo un d\u00eda de menos a m\u00e1s y termin\u00f3 sumando una bolsa de puntos que [&hellip;]<\/p>\n","protected":false},"author":2,"featured_media":6390,"comment_status":"open","ping_status":"open","sticky":false,"template":"","format":"standard","meta":{"footnotes":""},"categories":[24],"tags":[],"class_list":["post-6389","post","type-post","status-publish","format-standard","has-post-thumbnail","hentry","category-deportes"],"yoast_head":"<!-- This site is optimized with the Yoast SEO plugin v27.4 - https:\/\/yoast.com\/product\/yoast-seo-wordpress\/ -->\n<title>Bundziak fue segundo en la novena fecha del TC Mouras | CVI NOTICIAS<\/title>\n<meta name=\"robots\" content=\"index, follow, max-snippet:-1, max-image-preview:large, max-video-preview:-1\" \/>\n<link rel=\"canonical\" href=\"https:\/\/cvinoticias.com\/v3\/bundziak-fue-segundo-en-la-novena-fecha-del-tc-mouras\/\" \/>\n<meta property=\"og:locale\" content=\"es_ES\" \/>\n<meta property=\"og:type\" content=\"article\" \/>\n<meta property=\"og:title\" content=\"Bundziak fue segundo en la novena fecha del TC Mouras | CVI NOTICIAS\" \/>\n<meta property=\"og:description\" content=\"El piloto de Puerto Iguaz\u00fa Rudito Bundziak (Ford) se ubic\u00f3 en la segunda posici\u00f3n en la final de la novena fecha del TC Mouras, que se realiz\u00f3 en el Aut\u00f3dromo Roberto Jos\u00e9 Mouras de La Plata en Buenos Aires Bundziak tuvo un d\u00eda de menos a m\u00e1s y termin\u00f3 sumando una bolsa de puntos que [&hellip;]\" \/>\n<meta property=\"og:url\" content=\"https:\/\/cvinoticias.com\/v3\/bundziak-fue-segundo-en-la-novena-fecha-del-tc-mouras\/\" \/>\n<meta property=\"og:site_name\" content=\"CVI NOTICIAS\" \/>\n<meta property=\"article:publisher\" content=\"https:\/\/www.facebook.com\/cvinoticias\" \/>\n<meta property=\"article:published_time\" content=\"2021-06-27T22:03:24+00:00\" \/>\n<meta property=\"og:image\" content=\"https:\/\/cvinoticias.com\/wp-content\/uploads\/2021\/06\/FB_IMG_1624831205916.jpg\" \/>\n\t<meta property=\"og:image:width\" content=\"1080\" \/>\n\t<meta property=\"og:image:height\" content=\"730\" \/>\n\t<meta property=\"og:image:type\" content=\"image\/jpeg\" \/>\n<meta name=\"author\" content=\"f1000024\" \/>\n<meta name=\"twitter:card\" content=\"summary_large_image\" \/>\n<meta name=\"twitter:label1\" content=\"Escrito por\" \/>\n\t<meta name=\"twitter:data1\" content=\"f1000024\" \/>\n\t<meta name=\"twitter:label2\" content=\"Tiempo de lectura\" \/>\n\t<meta name=\"twitter:data2\" content=\"3 minutos\" \/>\n<script type=\"application\/ld+json\" class=\"yoast-schema-graph\">{\"@context\":\"https:\\\/\\\/schema.org\",\"@graph\":[{\"@type\":\"Article\",\"@id\":\"https:\\\/\\\/cvinoticias.com\\\/v3\\\/bundziak-fue-segundo-en-la-novena-fecha-del-tc-mouras\\\/#article\",\"isPartOf\":{\"@id\":\"https:\\\/\\\/cvinoticias.com\\\/v3\\\/bundziak-fue-segundo-en-la-novena-fecha-del-tc-mouras\\\/\"},\"author\":{\"name\":\"f1000024\",\"@id\":\"https:\\\/\\\/cvinoticias.com\\\/v3\\\/#\\\/schema\\\/person\\\/2db77e3c6bc03c538495d7b2b8be9b66\"},\"headline\":\"Bundziak fue segundo en la novena fecha del TC Mouras\",\"datePublished\":\"2021-06-27T22:03:24+00:00\",\"mainEntityOfPage\":{\"@id\":\"https:\\\/\\\/cvinoticias.com\\\/v3\\\/bundziak-fue-segundo-en-la-novena-fecha-del-tc-mouras\\\/\"},\"wordCount\":617,\"commentCount\":0,\"publisher\":{\"@id\":\"https:\\\/\\\/cvinoticias.com\\\/v3\\\/#organization\"},\"image\":{\"@id\":\"https:\\\/\\\/cvinoticias.com\\\/v3\\\/bundziak-fue-segundo-en-la-novena-fecha-del-tc-mouras\\\/#primaryimage\"},\"thumbnailUrl\":\"https:\\\/\\\/cvinoticias.com\\\/wp-content\\\/uploads\\\/2021\\\/06\\\/FB_IMG_1624831205916.jpg\",\"articleSection\":[\"Deportes\"],\"inLanguage\":\"es\",\"potentialAction\":[{\"@type\":\"CommentAction\",\"name\":\"Comment\",\"target\":[\"https:\\\/\\\/cvinoticias.com\\\/v3\\\/bundziak-fue-segundo-en-la-novena-fecha-del-tc-mouras\\\/#respond\"]}]},{\"@type\":\"WebPage\",\"@id\":\"https:\\\/\\\/cvinoticias.com\\\/v3\\\/bundziak-fue-segundo-en-la-novena-fecha-del-tc-mouras\\\/\",\"url\":\"https:\\\/\\\/cvinoticias.com\\\/v3\\\/bundziak-fue-segundo-en-la-novena-fecha-del-tc-mouras\\\/\",\"name\":\"Bundziak fue segundo en la novena fecha del TC Mouras | CVI NOTICIAS\",\"isPartOf\":{\"@id\":\"https:\\\/\\\/cvinoticias.com\\\/v3\\\/#website\"},\"primaryImageOfPage\":{\"@id\":\"https:\\\/\\\/cvinoticias.com\\\/v3\\\/bundziak-fue-segundo-en-la-novena-fecha-del-tc-mouras\\\/#primaryimage\"},\"image\":{\"@id\":\"https:\\\/\\\/cvinoticias.com\\\/v3\\\/bundziak-fue-segundo-en-la-novena-fecha-del-tc-mouras\\\/#primaryimage\"},\"thumbnailUrl\":\"https:\\\/\\\/cvinoticias.com\\\/wp-content\\\/uploads\\\/2021\\\/06\\\/FB_IMG_1624831205916.jpg\",\"datePublished\":\"2021-06-27T22:03:24+00:00\",\"breadcrumb\":{\"@id\":\"https:\\\/\\\/cvinoticias.com\\\/v3\\\/bundziak-fue-segundo-en-la-novena-fecha-del-tc-mouras\\\/#breadcrumb\"},\"inLanguage\":\"es\",\"potentialAction\":[{\"@type\":\"ReadAction\",\"target\":[\"https:\\\/\\\/cvinoticias.com\\\/v3\\\/bundziak-fue-segundo-en-la-novena-fecha-del-tc-mouras\\\/\"]}]},{\"@type\":\"ImageObject\",\"inLanguage\":\"es\",\"@id\":\"https:\\\/\\\/cvinoticias.com\\\/v3\\\/bundziak-fue-segundo-en-la-novena-fecha-del-tc-mouras\\\/#primaryimage\",\"url\":\"https:\\\/\\\/cvinoticias.com\\\/wp-content\\\/uploads\\\/2021\\\/06\\\/FB_IMG_1624831205916.jpg\",\"contentUrl\":\"https:\\\/\\\/cvinoticias.com\\\/wp-content\\\/uploads\\\/2021\\\/06\\\/FB_IMG_1624831205916.jpg\",\"width\":1080,\"height\":730},{\"@type\":\"BreadcrumbList\",\"@id\":\"https:\\\/\\\/cvinoticias.com\\\/v3\\\/bundziak-fue-segundo-en-la-novena-fecha-del-tc-mouras\\\/#breadcrumb\",\"itemListElement\":[{\"@type\":\"ListItem\",\"position\":1,\"name\":\"Portada\",\"item\":\"https:\\\/\\\/cvinoticias.com\\\/v3\\\/\"},{\"@type\":\"ListItem\",\"position\":2,\"name\":\"Bundziak fue segundo en la novena fecha del TC Mouras\"}]},{\"@type\":\"WebSite\",\"@id\":\"https:\\\/\\\/cvinoticias.com\\\/v3\\\/#website\",\"url\":\"https:\\\/\\\/cvinoticias.com\\\/v3\\\/\",\"name\":\"CVI NOTICIAS\",\"description\":\"\",\"publisher\":{\"@id\":\"https:\\\/\\\/cvinoticias.com\\\/v3\\\/#organization\"},\"alternateName\":\"CVI\",\"potentialAction\":[{\"@type\":\"SearchAction\",\"target\":{\"@type\":\"EntryPoint\",\"urlTemplate\":\"https:\\\/\\\/cvinoticias.com\\\/v3\\\/?s={search_term_string}\"},\"query-input\":{\"@type\":\"PropertyValueSpecification\",\"valueRequired\":true,\"valueName\":\"search_term_string\"}}],\"inLanguage\":\"es\"},{\"@type\":\"Organization\",\"@id\":\"https:\\\/\\\/cvinoticias.com\\\/v3\\\/#organization\",\"name\":\"CVI NOTICIAS\",\"url\":\"https:\\\/\\\/cvinoticias.com\\\/v3\\\/\",\"logo\":{\"@type\":\"ImageObject\",\"inLanguage\":\"es\",\"@id\":\"https:\\\/\\\/cvinoticias.com\\\/v3\\\/#\\\/schema\\\/logo\\\/image\\\/\",\"url\":\"https:\\\/\\\/cvinoticias.com\\\/wp-content\\\/uploads\\\/2023\\\/04\\\/cropped-cropped-cropped-cropped-cropped-3-1.png\",\"contentUrl\":\"https:\\\/\\\/cvinoticias.com\\\/wp-content\\\/uploads\\\/2023\\\/04\\\/cropped-cropped-cropped-cropped-cropped-3-1.png\",\"width\":95,\"height\":122,\"caption\":\"CVI NOTICIAS\"},\"image\":{\"@id\":\"https:\\\/\\\/cvinoticias.com\\\/v3\\\/#\\\/schema\\\/logo\\\/image\\\/\"},\"sameAs\":[\"https:\\\/\\\/www.facebook.com\\\/cvinoticias\",\"https:\\\/\\\/www.instagram.com\\\/cvinoticias\\\/\",\"https:\\\/\\\/www.youtube.com\\\/@CVINOTICIAS\"]},{\"@type\":\"Person\",\"@id\":\"https:\\\/\\\/cvinoticias.com\\\/v3\\\/#\\\/schema\\\/person\\\/2db77e3c6bc03c538495d7b2b8be9b66\",\"name\":\"f1000024\",\"image\":{\"@type\":\"ImageObject\",\"inLanguage\":\"es\",\"@id\":\"https:\\\/\\\/secure.gravatar.com\\\/avatar\\\/d4fe7459cfc51ff5129ce1a732bbef5928568b8092d412ef95611616376bbeed?s=96&d=mm&r=g\",\"url\":\"https:\\\/\\\/secure.gravatar.com\\\/avatar\\\/d4fe7459cfc51ff5129ce1a732bbef5928568b8092d412ef95611616376bbeed?s=96&d=mm&r=g\",\"contentUrl\":\"https:\\\/\\\/secure.gravatar.com\\\/avatar\\\/d4fe7459cfc51ff5129ce1a732bbef5928568b8092d412ef95611616376bbeed?s=96&d=mm&r=g\",\"caption\":\"f1000024\"},\"url\":\"https:\\\/\\\/cvinoticias.com\\\/v3\\\/author\\\/f1000024\\\/\"}]}<\/script>\n<!-- \/ Yoast SEO plugin. -->","yoast_head_json":{"title":"Bundziak fue segundo en la novena fecha del TC Mouras | CVI NOTICIAS","robots":{"index":"index","follow":"follow","max-snippet":"max-snippet:-1","max-image-preview":"max-image-preview:large","max-video-preview":"max-video-preview:-1"},"canonical":"https:\/\/cvinoticias.com\/v3\/bundziak-fue-segundo-en-la-novena-fecha-del-tc-mouras\/","og_locale":"es_ES","og_type":"article","og_title":"Bundziak fue segundo en la novena fecha del TC Mouras | CVI NOTICIAS","og_description":"El piloto de Puerto Iguaz\u00fa Rudito Bundziak (Ford) se ubic\u00f3 en la segunda posici\u00f3n en la final de la novena fecha del TC Mouras, que se realiz\u00f3 en el Aut\u00f3dromo Roberto Jos\u00e9 Mouras de La Plata en Buenos Aires Bundziak tuvo un d\u00eda de menos a m\u00e1s y termin\u00f3 sumando una bolsa de puntos que [&hellip;]","og_url":"https:\/\/cvinoticias.com\/v3\/bundziak-fue-segundo-en-la-novena-fecha-del-tc-mouras\/","og_site_name":"CVI NOTICIAS","article_publisher":"https:\/\/www.facebook.com\/cvinoticias","article_published_time":"2021-06-27T22:03:24+00:00","og_image":[{"width":1080,"height":730,"url":"https:\/\/cvinoticias.com\/wp-content\/uploads\/2021\/06\/FB_IMG_1624831205916.jpg","type":"image\/jpeg"}],"author":"f1000024","twitter_card":"summary_large_image","twitter_misc":{"Escrito por":"f1000024","Tiempo de lectura":"3 minutos"},"schema":{"@context":"https:\/\/schema.org","@graph":[{"@type":"Article","@id":"https:\/\/cvinoticias.com\/v3\/bundziak-fue-segundo-en-la-novena-fecha-del-tc-mouras\/#article","isPartOf":{"@id":"https:\/\/cvinoticias.com\/v3\/bundziak-fue-segundo-en-la-novena-fecha-del-tc-mouras\/"},"author":{"name":"f1000024","@id":"https:\/\/cvinoticias.com\/v3\/#\/schema\/person\/2db77e3c6bc03c538495d7b2b8be9b66"},"headline":"Bundziak fue segundo en la novena fecha del TC Mouras","datePublished":"2021-06-27T22:03:24+00:00","mainEntityOfPage":{"@id":"https:\/\/cvinoticias.com\/v3\/bundziak-fue-segundo-en-la-novena-fecha-del-tc-mouras\/"},"wordCount":617,"commentCount":0,"publisher":{"@id":"https:\/\/cvinoticias.com\/v3\/#organization"},"image":{"@id":"https:\/\/cvinoticias.com\/v3\/bundziak-fue-segundo-en-la-novena-fecha-del-tc-mouras\/#primaryimage"},"thumbnailUrl":"https:\/\/cvinoticias.com\/wp-content\/uploads\/2021\/06\/FB_IMG_1624831205916.jpg","articleSection":["Deportes"],"inLanguage":"es","potentialAction":[{"@type":"CommentAction","name":"Comment","target":["https:\/\/cvinoticias.com\/v3\/bundziak-fue-segundo-en-la-novena-fecha-del-tc-mouras\/#respond"]}]},{"@type":"WebPage","@id":"https:\/\/cvinoticias.com\/v3\/bundziak-fue-segundo-en-la-novena-fecha-del-tc-mouras\/","url":"https:\/\/cvinoticias.com\/v3\/bundziak-fue-segundo-en-la-novena-fecha-del-tc-mouras\/","name":"Bundziak fue segundo en la novena fecha del TC Mouras | CVI NOTICIAS","isPartOf":{"@id":"https:\/\/cvinoticias.com\/v3\/#website"},"primaryImageOfPage":{"@id":"https:\/\/cvinoticias.com\/v3\/bundziak-fue-segundo-en-la-novena-fecha-del-tc-mouras\/#primaryimage"},"image":{"@id":"https:\/\/cvinoticias.com\/v3\/bundziak-fue-segundo-en-la-novena-fecha-del-tc-mouras\/#primaryimage"},"thumbnailUrl":"https:\/\/cvinoticias.com\/wp-content\/uploads\/2021\/06\/FB_IMG_1624831205916.jpg","datePublished":"2021-06-27T22:03:24+00:00","breadcrumb":{"@id":"https:\/\/cvinoticias.com\/v3\/bundziak-fue-segundo-en-la-novena-fecha-del-tc-mouras\/#breadcrumb"},"inLanguage":"es","potentialAction":[{"@type":"ReadAction","target":["https:\/\/cvinoticias.com\/v3\/bundziak-fue-segundo-en-la-novena-fecha-del-tc-mouras\/"]}]},{"@type":"ImageObject","inLanguage":"es","@id":"https:\/\/cvinoticias.com\/v3\/bundziak-fue-segundo-en-la-novena-fecha-del-tc-mouras\/#primaryimage","url":"https:\/\/cvinoticias.com\/wp-content\/uploads\/2021\/06\/FB_IMG_1624831205916.jpg","contentUrl":"https:\/\/cvinoticias.com\/wp-content\/uploads\/2021\/06\/FB_IMG_1624831205916.jpg","width":1080,"height":730},{"@type":"BreadcrumbList","@id":"https:\/\/cvinoticias.com\/v3\/bundziak-fue-segundo-en-la-novena-fecha-del-tc-mouras\/#breadcrumb","itemListElement":[{"@type":"ListItem","position":1,"name":"Portada","item":"https:\/\/cvinoticias.com\/v3\/"},{"@type":"ListItem","position":2,"name":"Bundziak fue segundo en la novena fecha del TC Mouras"}]},{"@type":"WebSite","@id":"https:\/\/cvinoticias.com\/v3\/#website","url":"https:\/\/cvinoticias.com\/v3\/","name":"CVI NOTICIAS","description":"","publisher":{"@id":"https:\/\/cvinoticias.com\/v3\/#organization"},"alternateName":"CVI","potentialAction":[{"@type":"SearchAction","target":{"@type":"EntryPoint","urlTemplate":"https:\/\/cvinoticias.com\/v3\/?s={search_term_string}"},"query-input":{"@type":"PropertyValueSpecification","valueRequired":true,"valueName":"search_term_string"}}],"inLanguage":"es"},{"@type":"Organization","@id":"https:\/\/cvinoticias.com\/v3\/#organization","name":"CVI NOTICIAS","url":"https:\/\/cvinoticias.com\/v3\/","logo":{"@type":"ImageObject","inLanguage":"es","@id":"https:\/\/cvinoticias.com\/v3\/#\/schema\/logo\/image\/","url":"https:\/\/cvinoticias.com\/wp-content\/uploads\/2023\/04\/cropped-cropped-cropped-cropped-cropped-3-1.png","contentUrl":"https:\/\/cvinoticias.com\/wp-content\/uploads\/2023\/04\/cropped-cropped-cropped-cropped-cropped-3-1.png","width":95,"height":122,"caption":"CVI NOTICIAS"},"image":{"@id":"https:\/\/cvinoticias.com\/v3\/#\/schema\/logo\/image\/"},"sameAs":["https:\/\/www.facebook.com\/cvinoticias","https:\/\/www.instagram.com\/cvinoticias\/","https:\/\/www.youtube.com\/@CVINOTICIAS"]},{"@type":"Person","@id":"https:\/\/cvinoticias.com\/v3\/#\/schema\/person\/2db77e3c6bc03c538495d7b2b8be9b66","name":"f1000024","image":{"@type":"ImageObject","inLanguage":"es","@id":"https:\/\/secure.gravatar.com\/avatar\/d4fe7459cfc51ff5129ce1a732bbef5928568b8092d412ef95611616376bbeed?s=96&d=mm&r=g","url":"https:\/\/secure.gravatar.com\/avatar\/d4fe7459cfc51ff5129ce1a732bbef5928568b8092d412ef95611616376bbeed?s=96&d=mm&r=g","contentUrl":"https:\/\/secure.gravatar.com\/avatar\/d4fe7459cfc51ff5129ce1a732bbef5928568b8092d412ef95611616376bbeed?s=96&d=mm&r=g","caption":"f1000024"},"url":"https:\/\/cvinoticias.com\/v3\/author\/f1000024\/"}]}},"_links":{"self":[{"href":"https:\/\/cvinoticias.com\/v3\/wp-json\/wp\/v2\/posts\/6389","targetHints":{"allow":["GET"]}}],"collection":[{"href":"https:\/\/cvinoticias.com\/v3\/wp-json\/wp\/v2\/posts"}],"about":[{"href":"https:\/\/cvinoticias.com\/v3\/wp-json\/wp\/v2\/types\/post"}],"author":[{"embeddable":true,"href":"https:\/\/cvinoticias.com\/v3\/wp-json\/wp\/v2\/users\/2"}],"replies":[{"embeddable":true,"href":"https:\/\/cvinoticias.com\/v3\/wp-json\/wp\/v2\/comments?post=6389"}],"version-history":[{"count":1,"href":"https:\/\/cvinoticias.com\/v3\/wp-json\/wp\/v2\/posts\/6389\/revisions"}],"predecessor-version":[{"id":6392,"href":"https:\/\/cvinoticias.com\/v3\/wp-json\/wp\/v2\/posts\/6389\/revisions\/6392"}],"wp:featuredmedia":[{"embeddable":true,"href":"https:\/\/cvinoticias.com\/v3\/wp-json\/wp\/v2\/media\/6390"}],"wp:attachment":[{"href":"https:\/\/cvinoticias.com\/v3\/wp-json\/wp\/v2\/media?parent=6389"}],"wp:term":[{"taxonomy":"category","embeddable":true,"href":"https:\/\/cvinoticias.com\/v3\/wp-json\/wp\/v2\/categories?post=6389"},{"taxonomy":"post_tag","embeddable":true,"href":"https:\/\/cvinoticias.com\/v3\/wp-json\/wp\/v2\/tags?post=6389"}],"curies":[{"name":"wp","href":"https:\/\/api.w.org\/{rel}","templated":true}]}}