{"id":6378,"date":"2021-06-27T05:33:40","date_gmt":"2021-06-27T05:33:40","guid":{"rendered":"https:\/\/cvinoticias.com\/v3\/?p=6378"},"modified":"2021-06-27T06:29:38","modified_gmt":"2021-06-27T06:29:38","slug":"fin-de-semana-con-varios-accidentes-en-iguazu","status":"publish","type":"post","link":"https:\/\/cvinoticias.com\/v3\/fin-de-semana-con-varios-accidentes-en-iguazu\/","title":{"rendered":"Fin de semana con varios accidentes y una v\u00edctima fatal en Iguaz\u00fa"},"content":{"rendered":"\n<p><strong><em>Diversos siniestros se dieron en la ciudad entre el viernes y s\u00e1bado de este fin de semana<\/em><\/strong><\/p>\n\n\n\n<p>En la noche del viernes 25, se produjeron dos accidentes de tr\u00e1nsito donde uno de los involucrados; un menor de edad impacta con su moto a un veh\u00edculo sobre la Av.Rep\u00fablica Argentina y calle 1\u00b0 de Mayo donde el menor es atendido y trasladado al Hospital local.<\/p>\n\n\n\n<p>Otro incidente&nbsp;ocurri\u00f3 sobre la Av.Victoria Aguirre donde por razones que se investigan colisionaron dos autom\u00f3viles y una motocicleta. Sin embargo, a pesar de la gravedad del accidente, no hubo que lamentar heridos de consideraci\u00f3n pero el conductor del rodado menor fue trasladado por el 107 al hospital.<\/p>\n\n\n\n<p>Luego este s\u00e1bado 26 se registraron otros tres siniestros que tuvieron como protagonistas un autom\u00f3vil y a dos motocicletas.<\/p>\n\n\n\n<p>El primero ocurri\u00f3 en el ingreso al Barrio San Mart\u00edn donde el conductor, por causas que son materia de investigaci\u00f3n, pierde el control del veh\u00edculo y cae a una alcantarilla. No se registraron v\u00edctimas en el lugar, ya que los ocupantes del rodado no se encontraban en el lugar.<\/p>\n\n\n\n<p>El segundo incidente se dio en el ingreso a las 600, hect\u00e1reas donde se produjo la ca\u00edda de un poste, aparentemente de EMSA, dejando un cruce de cables sobre la ruta con la cual una mujer que circulaba en moto impacta perdiendo el control del rodado. La misma es trasladado al Hospital local.<\/p>\n\n\n\n<p>Por \u00faltimo se registr\u00f3 un despiste de moto por la calle Jangadero, cuyo conductor muri\u00f3 en el acto.<\/p>\n\n\n\n<p>Por causas que se investigan, aparentemente un empleado de Emsa que se dirig\u00eda a cubrir la guardia colision\u00f3 con su moto perdiendo el control del mismo.<\/p>\n\n\n\n<figure class=\"wp-block-image size-large\"><a href=\"https:\/\/cvinoticias.com\/wp-content\/uploads\/2021\/06\/IMG-20210625-WA0102.jpg\"><img decoding=\"async\" width=\"1024\" height=\"768\" data-src=\"https:\/\/cvinoticias.com\/wp-content\/uploads\/2021\/06\/IMG-20210625-WA0102-1024x768.jpg\" alt=\"\" class=\"wp-image-6380 lazyload\" data-srcset=\"https:\/\/cvinoticias.com\/wp-content\/uploads\/2021\/06\/IMG-20210625-WA0102-1024x768.jpg 1024w, https:\/\/cvinoticias.com\/wp-content\/uploads\/2021\/06\/IMG-20210625-WA0102-300x225.jpg 300w, https:\/\/cvinoticias.com\/wp-content\/uploads\/2021\/06\/IMG-20210625-WA0102-768x576.jpg 768w, https:\/\/cvinoticias.com\/wp-content\/uploads\/2021\/06\/IMG-20210625-WA0102.jpg 1080w\" data-sizes=\"(max-width: 1024px) 100vw, 1024px\" src=\"data:image\/svg+xml;base64,PHN2ZyB3aWR0aD0iMSIgaGVpZ2h0PSIxIiB4bWxucz0iaHR0cDovL3d3dy53My5vcmcvMjAwMC9zdmciPjwvc3ZnPg==\" style=\"--smush-placeholder-width: 1024px; --smush-placeholder-aspect-ratio: 1024\/768;\" \/><\/a><\/figure>\n\n\n\n<figure class=\"wp-block-image size-large is-resized\"><a href=\"https:\/\/cvinoticias.com\/wp-content\/uploads\/2021\/06\/IMG-20210625-WA0097-1.jpg\"><img decoding=\"async\" data-src=\"https:\/\/cvinoticias.com\/wp-content\/uploads\/2021\/06\/IMG-20210625-WA0097-1-1024x768.jpg\" alt=\"\" class=\"wp-image-6381 lazyload\" width=\"1010\" height=\"757\" data-srcset=\"https:\/\/cvinoticias.com\/wp-content\/uploads\/2021\/06\/IMG-20210625-WA0097-1-1024x768.jpg 1024w, https:\/\/cvinoticias.com\/wp-content\/uploads\/2021\/06\/IMG-20210625-WA0097-1-300x225.jpg 300w, https:\/\/cvinoticias.com\/wp-content\/uploads\/2021\/06\/IMG-20210625-WA0097-1-768x576.jpg 768w, https:\/\/cvinoticias.com\/wp-content\/uploads\/2021\/06\/IMG-20210625-WA0097-1.jpg 1152w\" data-sizes=\"(max-width: 1010px) 100vw, 1010px\" src=\"data:image\/svg+xml;base64,PHN2ZyB3aWR0aD0iMSIgaGVpZ2h0PSIxIiB4bWxucz0iaHR0cDovL3d3dy53My5vcmcvMjAwMC9zdmciPjwvc3ZnPg==\" style=\"--smush-placeholder-width: 1010px; --smush-placeholder-aspect-ratio: 1010\/757;\" \/><\/a><\/figure>\n","protected":false},"excerpt":{"rendered":"<p>Diversos siniestros se dieron en la ciudad entre el viernes y s\u00e1bado de este fin de semana En la noche del viernes 25, se produjeron dos accidentes de tr\u00e1nsito donde uno de los involucrados; un menor de edad impacta con su moto a un veh\u00edculo sobre la Av.Rep\u00fablica Argentina y calle 1\u00b0 de Mayo donde [&hellip;]<\/p>\n","protected":false},"author":2,"featured_media":6379,"comment_status":"open","ping_status":"open","sticky":false,"template":"","format":"standard","meta":{"footnotes":""},"categories":[29],"tags":[],"class_list":["post-6378","post","type-post","status-publish","format-standard","has-post-thumbnail","hentry","category-locales"],"yoast_head":"<!-- This site is optimized with the Yoast SEO plugin v27.4 - https:\/\/yoast.com\/product\/yoast-seo-wordpress\/ -->\n<title>Fin de semana con varios accidentes y una v\u00edctima fatal en Iguaz\u00fa | CVI NOTICIAS<\/title>\n<meta name=\"robots\" content=\"index, follow, max-snippet:-1, max-image-preview:large, max-video-preview:-1\" \/>\n<link rel=\"canonical\" href=\"https:\/\/cvinoticias.com\/v3\/fin-de-semana-con-varios-accidentes-en-iguazu\/\" \/>\n<meta property=\"og:locale\" content=\"es_ES\" \/>\n<meta property=\"og:type\" content=\"article\" \/>\n<meta property=\"og:title\" content=\"Fin de semana con varios accidentes y una v\u00edctima fatal en Iguaz\u00fa | CVI NOTICIAS\" \/>\n<meta property=\"og:description\" content=\"Diversos siniestros se dieron en la ciudad entre el viernes y s\u00e1bado de este fin de semana En la noche del viernes 25, se produjeron dos accidentes de tr\u00e1nsito donde uno de los involucrados; un menor de edad impacta con su moto a un veh\u00edculo sobre la Av.Rep\u00fablica Argentina y calle 1\u00b0 de Mayo donde [&hellip;]\" \/>\n<meta property=\"og:url\" content=\"https:\/\/cvinoticias.com\/v3\/fin-de-semana-con-varios-accidentes-en-iguazu\/\" \/>\n<meta property=\"og:site_name\" content=\"CVI NOTICIAS\" \/>\n<meta property=\"article:publisher\" content=\"https:\/\/www.facebook.com\/cvinoticias\" \/>\n<meta property=\"article:published_time\" content=\"2021-06-27T05:33:40+00:00\" \/>\n<meta property=\"article:modified_time\" content=\"2021-06-27T06:29:38+00:00\" \/>\n<meta property=\"og:image\" content=\"https:\/\/cvinoticias.com\/wp-content\/uploads\/2021\/06\/FB_IMG_1624767486184.jpg\" \/>\n\t<meta property=\"og:image:width\" content=\"690\" \/>\n\t<meta property=\"og:image:height\" content=\"1280\" \/>\n\t<meta property=\"og:image:type\" content=\"image\/jpeg\" \/>\n<meta name=\"author\" content=\"f1000024\" \/>\n<meta name=\"twitter:card\" content=\"summary_large_image\" \/>\n<meta name=\"twitter:label1\" content=\"Escrito por\" \/>\n\t<meta name=\"twitter:data1\" content=\"f1000024\" \/>\n\t<meta name=\"twitter:label2\" content=\"Tiempo de lectura\" \/>\n\t<meta name=\"twitter:data2\" content=\"1 minuto\" \/>\n<script type=\"application\/ld+json\" class=\"yoast-schema-graph\">{\"@context\":\"https:\\\/\\\/schema.org\",\"@graph\":[{\"@type\":\"Article\",\"@id\":\"https:\\\/\\\/cvinoticias.com\\\/v3\\\/fin-de-semana-con-varios-accidentes-en-iguazu\\\/#article\",\"isPartOf\":{\"@id\":\"https:\\\/\\\/cvinoticias.com\\\/v3\\\/fin-de-semana-con-varios-accidentes-en-iguazu\\\/\"},\"author\":{\"name\":\"f1000024\",\"@id\":\"https:\\\/\\\/cvinoticias.com\\\/v3\\\/#\\\/schema\\\/person\\\/2db77e3c6bc03c538495d7b2b8be9b66\"},\"headline\":\"Fin de semana con varios accidentes y una v\u00edctima fatal en Iguaz\u00fa\",\"datePublished\":\"2021-06-27T05:33:40+00:00\",\"dateModified\":\"2021-06-27T06:29:38+00:00\",\"mainEntityOfPage\":{\"@id\":\"https:\\\/\\\/cvinoticias.com\\\/v3\\\/fin-de-semana-con-varios-accidentes-en-iguazu\\\/\"},\"wordCount\":303,\"commentCount\":0,\"publisher\":{\"@id\":\"https:\\\/\\\/cvinoticias.com\\\/v3\\\/#organization\"},\"image\":{\"@id\":\"https:\\\/\\\/cvinoticias.com\\\/v3\\\/fin-de-semana-con-varios-accidentes-en-iguazu\\\/#primaryimage\"},\"thumbnailUrl\":\"https:\\\/\\\/cvinoticias.com\\\/wp-content\\\/uploads\\\/2021\\\/06\\\/FB_IMG_1624767486184.jpg\",\"articleSection\":[\"Locales\"],\"inLanguage\":\"es\",\"potentialAction\":[{\"@type\":\"CommentAction\",\"name\":\"Comment\",\"target\":[\"https:\\\/\\\/cvinoticias.com\\\/v3\\\/fin-de-semana-con-varios-accidentes-en-iguazu\\\/#respond\"]}]},{\"@type\":\"WebPage\",\"@id\":\"https:\\\/\\\/cvinoticias.com\\\/v3\\\/fin-de-semana-con-varios-accidentes-en-iguazu\\\/\",\"url\":\"https:\\\/\\\/cvinoticias.com\\\/v3\\\/fin-de-semana-con-varios-accidentes-en-iguazu\\\/\",\"name\":\"Fin de semana con varios accidentes y una v\u00edctima fatal en Iguaz\u00fa | CVI NOTICIAS\",\"isPartOf\":{\"@id\":\"https:\\\/\\\/cvinoticias.com\\\/v3\\\/#website\"},\"primaryImageOfPage\":{\"@id\":\"https:\\\/\\\/cvinoticias.com\\\/v3\\\/fin-de-semana-con-varios-accidentes-en-iguazu\\\/#primaryimage\"},\"image\":{\"@id\":\"https:\\\/\\\/cvinoticias.com\\\/v3\\\/fin-de-semana-con-varios-accidentes-en-iguazu\\\/#primaryimage\"},\"thumbnailUrl\":\"https:\\\/\\\/cvinoticias.com\\\/wp-content\\\/uploads\\\/2021\\\/06\\\/FB_IMG_1624767486184.jpg\",\"datePublished\":\"2021-06-27T05:33:40+00:00\",\"dateModified\":\"2021-06-27T06:29:38+00:00\",\"breadcrumb\":{\"@id\":\"https:\\\/\\\/cvinoticias.com\\\/v3\\\/fin-de-semana-con-varios-accidentes-en-iguazu\\\/#breadcrumb\"},\"inLanguage\":\"es\",\"potentialAction\":[{\"@type\":\"ReadAction\",\"target\":[\"https:\\\/\\\/cvinoticias.com\\\/v3\\\/fin-de-semana-con-varios-accidentes-en-iguazu\\\/\"]}]},{\"@type\":\"ImageObject\",\"inLanguage\":\"es\",\"@id\":\"https:\\\/\\\/cvinoticias.com\\\/v3\\\/fin-de-semana-con-varios-accidentes-en-iguazu\\\/#primaryimage\",\"url\":\"https:\\\/\\\/cvinoticias.com\\\/wp-content\\\/uploads\\\/2021\\\/06\\\/FB_IMG_1624767486184.jpg\",\"contentUrl\":\"https:\\\/\\\/cvinoticias.com\\\/wp-content\\\/uploads\\\/2021\\\/06\\\/FB_IMG_1624767486184.jpg\",\"width\":690,\"height\":1280},{\"@type\":\"BreadcrumbList\",\"@id\":\"https:\\\/\\\/cvinoticias.com\\\/v3\\\/fin-de-semana-con-varios-accidentes-en-iguazu\\\/#breadcrumb\",\"itemListElement\":[{\"@type\":\"ListItem\",\"position\":1,\"name\":\"Portada\",\"item\":\"https:\\\/\\\/cvinoticias.com\\\/v3\\\/\"},{\"@type\":\"ListItem\",\"position\":2,\"name\":\"Fin de semana con varios accidentes y una v\u00edctima fatal en Iguaz\u00fa\"}]},{\"@type\":\"WebSite\",\"@id\":\"https:\\\/\\\/cvinoticias.com\\\/v3\\\/#website\",\"url\":\"https:\\\/\\\/cvinoticias.com\\\/v3\\\/\",\"name\":\"CVI NOTICIAS\",\"description\":\"\",\"publisher\":{\"@id\":\"https:\\\/\\\/cvinoticias.com\\\/v3\\\/#organization\"},\"alternateName\":\"CVI\",\"potentialAction\":[{\"@type\":\"SearchAction\",\"target\":{\"@type\":\"EntryPoint\",\"urlTemplate\":\"https:\\\/\\\/cvinoticias.com\\\/v3\\\/?s={search_term_string}\"},\"query-input\":{\"@type\":\"PropertyValueSpecification\",\"valueRequired\":true,\"valueName\":\"search_term_string\"}}],\"inLanguage\":\"es\"},{\"@type\":\"Organization\",\"@id\":\"https:\\\/\\\/cvinoticias.com\\\/v3\\\/#organization\",\"name\":\"CVI NOTICIAS\",\"url\":\"https:\\\/\\\/cvinoticias.com\\\/v3\\\/\",\"logo\":{\"@type\":\"ImageObject\",\"inLanguage\":\"es\",\"@id\":\"https:\\\/\\\/cvinoticias.com\\\/v3\\\/#\\\/schema\\\/logo\\\/image\\\/\",\"url\":\"https:\\\/\\\/cvinoticias.com\\\/wp-content\\\/uploads\\\/2023\\\/04\\\/cropped-cropped-cropped-cropped-cropped-3-1.png\",\"contentUrl\":\"https:\\\/\\\/cvinoticias.com\\\/wp-content\\\/uploads\\\/2023\\\/04\\\/cropped-cropped-cropped-cropped-cropped-3-1.png\",\"width\":95,\"height\":122,\"caption\":\"CVI NOTICIAS\"},\"image\":{\"@id\":\"https:\\\/\\\/cvinoticias.com\\\/v3\\\/#\\\/schema\\\/logo\\\/image\\\/\"},\"sameAs\":[\"https:\\\/\\\/www.facebook.com\\\/cvinoticias\",\"https:\\\/\\\/www.instagram.com\\\/cvinoticias\\\/\",\"https:\\\/\\\/www.youtube.com\\\/@CVINOTICIAS\"]},{\"@type\":\"Person\",\"@id\":\"https:\\\/\\\/cvinoticias.com\\\/v3\\\/#\\\/schema\\\/person\\\/2db77e3c6bc03c538495d7b2b8be9b66\",\"name\":\"f1000024\",\"image\":{\"@type\":\"ImageObject\",\"inLanguage\":\"es\",\"@id\":\"https:\\\/\\\/secure.gravatar.com\\\/avatar\\\/d4fe7459cfc51ff5129ce1a732bbef5928568b8092d412ef95611616376bbeed?s=96&d=mm&r=g\",\"url\":\"https:\\\/\\\/secure.gravatar.com\\\/avatar\\\/d4fe7459cfc51ff5129ce1a732bbef5928568b8092d412ef95611616376bbeed?s=96&d=mm&r=g\",\"contentUrl\":\"https:\\\/\\\/secure.gravatar.com\\\/avatar\\\/d4fe7459cfc51ff5129ce1a732bbef5928568b8092d412ef95611616376bbeed?s=96&d=mm&r=g\",\"caption\":\"f1000024\"},\"url\":\"https:\\\/\\\/cvinoticias.com\\\/v3\\\/author\\\/f1000024\\\/\"}]}<\/script>\n<!-- \/ Yoast SEO plugin. -->","yoast_head_json":{"title":"Fin de semana con varios accidentes y una v\u00edctima fatal en Iguaz\u00fa | CVI NOTICIAS","robots":{"index":"index","follow":"follow","max-snippet":"max-snippet:-1","max-image-preview":"max-image-preview:large","max-video-preview":"max-video-preview:-1"},"canonical":"https:\/\/cvinoticias.com\/v3\/fin-de-semana-con-varios-accidentes-en-iguazu\/","og_locale":"es_ES","og_type":"article","og_title":"Fin de semana con varios accidentes y una v\u00edctima fatal en Iguaz\u00fa | CVI NOTICIAS","og_description":"Diversos siniestros se dieron en la ciudad entre el viernes y s\u00e1bado de este fin de semana En la noche del viernes 25, se produjeron dos accidentes de tr\u00e1nsito donde uno de los involucrados; un menor de edad impacta con su moto a un veh\u00edculo sobre la Av.Rep\u00fablica Argentina y calle 1\u00b0 de Mayo donde [&hellip;]","og_url":"https:\/\/cvinoticias.com\/v3\/fin-de-semana-con-varios-accidentes-en-iguazu\/","og_site_name":"CVI NOTICIAS","article_publisher":"https:\/\/www.facebook.com\/cvinoticias","article_published_time":"2021-06-27T05:33:40+00:00","article_modified_time":"2021-06-27T06:29:38+00:00","og_image":[{"width":690,"height":1280,"url":"https:\/\/cvinoticias.com\/wp-content\/uploads\/2021\/06\/FB_IMG_1624767486184.jpg","type":"image\/jpeg"}],"author":"f1000024","twitter_card":"summary_large_image","twitter_misc":{"Escrito por":"f1000024","Tiempo de lectura":"1 minuto"},"schema":{"@context":"https:\/\/schema.org","@graph":[{"@type":"Article","@id":"https:\/\/cvinoticias.com\/v3\/fin-de-semana-con-varios-accidentes-en-iguazu\/#article","isPartOf":{"@id":"https:\/\/cvinoticias.com\/v3\/fin-de-semana-con-varios-accidentes-en-iguazu\/"},"author":{"name":"f1000024","@id":"https:\/\/cvinoticias.com\/v3\/#\/schema\/person\/2db77e3c6bc03c538495d7b2b8be9b66"},"headline":"Fin de semana con varios accidentes y una v\u00edctima fatal en Iguaz\u00fa","datePublished":"2021-06-27T05:33:40+00:00","dateModified":"2021-06-27T06:29:38+00:00","mainEntityOfPage":{"@id":"https:\/\/cvinoticias.com\/v3\/fin-de-semana-con-varios-accidentes-en-iguazu\/"},"wordCount":303,"commentCount":0,"publisher":{"@id":"https:\/\/cvinoticias.com\/v3\/#organization"},"image":{"@id":"https:\/\/cvinoticias.com\/v3\/fin-de-semana-con-varios-accidentes-en-iguazu\/#primaryimage"},"thumbnailUrl":"https:\/\/cvinoticias.com\/wp-content\/uploads\/2021\/06\/FB_IMG_1624767486184.jpg","articleSection":["Locales"],"inLanguage":"es","potentialAction":[{"@type":"CommentAction","name":"Comment","target":["https:\/\/cvinoticias.com\/v3\/fin-de-semana-con-varios-accidentes-en-iguazu\/#respond"]}]},{"@type":"WebPage","@id":"https:\/\/cvinoticias.com\/v3\/fin-de-semana-con-varios-accidentes-en-iguazu\/","url":"https:\/\/cvinoticias.com\/v3\/fin-de-semana-con-varios-accidentes-en-iguazu\/","name":"Fin de semana con varios accidentes y una v\u00edctima fatal en Iguaz\u00fa | CVI NOTICIAS","isPartOf":{"@id":"https:\/\/cvinoticias.com\/v3\/#website"},"primaryImageOfPage":{"@id":"https:\/\/cvinoticias.com\/v3\/fin-de-semana-con-varios-accidentes-en-iguazu\/#primaryimage"},"image":{"@id":"https:\/\/cvinoticias.com\/v3\/fin-de-semana-con-varios-accidentes-en-iguazu\/#primaryimage"},"thumbnailUrl":"https:\/\/cvinoticias.com\/wp-content\/uploads\/2021\/06\/FB_IMG_1624767486184.jpg","datePublished":"2021-06-27T05:33:40+00:00","dateModified":"2021-06-27T06:29:38+00:00","breadcrumb":{"@id":"https:\/\/cvinoticias.com\/v3\/fin-de-semana-con-varios-accidentes-en-iguazu\/#breadcrumb"},"inLanguage":"es","potentialAction":[{"@type":"ReadAction","target":["https:\/\/cvinoticias.com\/v3\/fin-de-semana-con-varios-accidentes-en-iguazu\/"]}]},{"@type":"ImageObject","inLanguage":"es","@id":"https:\/\/cvinoticias.com\/v3\/fin-de-semana-con-varios-accidentes-en-iguazu\/#primaryimage","url":"https:\/\/cvinoticias.com\/wp-content\/uploads\/2021\/06\/FB_IMG_1624767486184.jpg","contentUrl":"https:\/\/cvinoticias.com\/wp-content\/uploads\/2021\/06\/FB_IMG_1624767486184.jpg","width":690,"height":1280},{"@type":"BreadcrumbList","@id":"https:\/\/cvinoticias.com\/v3\/fin-de-semana-con-varios-accidentes-en-iguazu\/#breadcrumb","itemListElement":[{"@type":"ListItem","position":1,"name":"Portada","item":"https:\/\/cvinoticias.com\/v3\/"},{"@type":"ListItem","position":2,"name":"Fin de semana con varios accidentes y una v\u00edctima fatal en Iguaz\u00fa"}]},{"@type":"WebSite","@id":"https:\/\/cvinoticias.com\/v3\/#website","url":"https:\/\/cvinoticias.com\/v3\/","name":"CVI NOTICIAS","description":"","publisher":{"@id":"https:\/\/cvinoticias.com\/v3\/#organization"},"alternateName":"CVI","potentialAction":[{"@type":"SearchAction","target":{"@type":"EntryPoint","urlTemplate":"https:\/\/cvinoticias.com\/v3\/?s={search_term_string}"},"query-input":{"@type":"PropertyValueSpecification","valueRequired":true,"valueName":"search_term_string"}}],"inLanguage":"es"},{"@type":"Organization","@id":"https:\/\/cvinoticias.com\/v3\/#organization","name":"CVI NOTICIAS","url":"https:\/\/cvinoticias.com\/v3\/","logo":{"@type":"ImageObject","inLanguage":"es","@id":"https:\/\/cvinoticias.com\/v3\/#\/schema\/logo\/image\/","url":"https:\/\/cvinoticias.com\/wp-content\/uploads\/2023\/04\/cropped-cropped-cropped-cropped-cropped-3-1.png","contentUrl":"https:\/\/cvinoticias.com\/wp-content\/uploads\/2023\/04\/cropped-cropped-cropped-cropped-cropped-3-1.png","width":95,"height":122,"caption":"CVI NOTICIAS"},"image":{"@id":"https:\/\/cvinoticias.com\/v3\/#\/schema\/logo\/image\/"},"sameAs":["https:\/\/www.facebook.com\/cvinoticias","https:\/\/www.instagram.com\/cvinoticias\/","https:\/\/www.youtube.com\/@CVINOTICIAS"]},{"@type":"Person","@id":"https:\/\/cvinoticias.com\/v3\/#\/schema\/person\/2db77e3c6bc03c538495d7b2b8be9b66","name":"f1000024","image":{"@type":"ImageObject","inLanguage":"es","@id":"https:\/\/secure.gravatar.com\/avatar\/d4fe7459cfc51ff5129ce1a732bbef5928568b8092d412ef95611616376bbeed?s=96&d=mm&r=g","url":"https:\/\/secure.gravatar.com\/avatar\/d4fe7459cfc51ff5129ce1a732bbef5928568b8092d412ef95611616376bbeed?s=96&d=mm&r=g","contentUrl":"https:\/\/secure.gravatar.com\/avatar\/d4fe7459cfc51ff5129ce1a732bbef5928568b8092d412ef95611616376bbeed?s=96&d=mm&r=g","caption":"f1000024"},"url":"https:\/\/cvinoticias.com\/v3\/author\/f1000024\/"}]}},"_links":{"self":[{"href":"https:\/\/cvinoticias.com\/v3\/wp-json\/wp\/v2\/posts\/6378","targetHints":{"allow":["GET"]}}],"collection":[{"href":"https:\/\/cvinoticias.com\/v3\/wp-json\/wp\/v2\/posts"}],"about":[{"href":"https:\/\/cvinoticias.com\/v3\/wp-json\/wp\/v2\/types\/post"}],"author":[{"embeddable":true,"href":"https:\/\/cvinoticias.com\/v3\/wp-json\/wp\/v2\/users\/2"}],"replies":[{"embeddable":true,"href":"https:\/\/cvinoticias.com\/v3\/wp-json\/wp\/v2\/comments?post=6378"}],"version-history":[{"count":4,"href":"https:\/\/cvinoticias.com\/v3\/wp-json\/wp\/v2\/posts\/6378\/revisions"}],"predecessor-version":[{"id":6385,"href":"https:\/\/cvinoticias.com\/v3\/wp-json\/wp\/v2\/posts\/6378\/revisions\/6385"}],"wp:featuredmedia":[{"embeddable":true,"href":"https:\/\/cvinoticias.com\/v3\/wp-json\/wp\/v2\/media\/6379"}],"wp:attachment":[{"href":"https:\/\/cvinoticias.com\/v3\/wp-json\/wp\/v2\/media?parent=6378"}],"wp:term":[{"taxonomy":"category","embeddable":true,"href":"https:\/\/cvinoticias.com\/v3\/wp-json\/wp\/v2\/categories?post=6378"},{"taxonomy":"post_tag","embeddable":true,"href":"https:\/\/cvinoticias.com\/v3\/wp-json\/wp\/v2\/tags?post=6378"}],"curies":[{"name":"wp","href":"https:\/\/api.w.org\/{rel}","templated":true}]}}