{"id":6361,"date":"2021-06-26T16:19:24","date_gmt":"2021-06-26T16:19:24","guid":{"rendered":"https:\/\/cvinoticias.com\/v3\/?p=6361"},"modified":"2021-06-26T16:19:24","modified_gmt":"2021-06-26T16:19:24","slug":"iguazu-dos-motos-robadas-fueron-recuperadas-por-la-policia","status":"publish","type":"post","link":"https:\/\/cvinoticias.com\/v3\/iguazu-dos-motos-robadas-fueron-recuperadas-por-la-policia\/","title":{"rendered":"Iguaz\u00fa: Dos motos robadas fueron recuperadas por la Polic\u00eda"},"content":{"rendered":"\n<p><strong><em>El primer procedimiento tuvo lugar sobre la avenida Brasil donde los efectivos secuestraron una motocicleta Keller color negro sin dominio, y se logr\u00f3 establecer a trav\u00e9s de la base de datos que fue denunciada como sustra\u00edda en la zona c\u00e9ntrica en el mes de Junio del a\u00f1o anterior.<\/em><\/strong><\/p>\n\n\n\n<p>El segundo procedimiento se realiz\u00f3 en la madrugada de hoy, sobre la Calle Tucum\u00e1n y Primero de Mayo, donde los uniformados realizaban recorridas prevencionales y observaron a un joven que conduc\u00eda una moto, y este al notarlos se dio a la fuga dejando abandonado el rodado que luego fue secuestrado. Tras averiguaciones, los investigadores establecieron que la moto ten\u00eda un pedido de secuestro ya que fue denunciada como robada en Febrero del a\u00f1o pasado.<\/p>\n\n\n\n<p>En ambos procedimientos intervino la comisar\u00eda seccional Primera URV y en las pr\u00f3ximas horas al finalizar los tr\u00e1mites de rigor, los motociclos ser\u00e1n restituidos a sus damnificados.<\/p>\n\n\n\n<figure class=\"wp-block-image size-large\"><a href=\"https:\/\/cvinoticias.com\/wp-content\/uploads\/2021\/06\/FB_IMG_1624724116204.jpg\"><img decoding=\"async\" width=\"521\" height=\"651\" data-src=\"https:\/\/cvinoticias.com\/wp-content\/uploads\/2021\/06\/FB_IMG_1624724116204.jpg\" alt=\"\" class=\"wp-image-6362 lazyload\" data-srcset=\"https:\/\/cvinoticias.com\/wp-content\/uploads\/2021\/06\/FB_IMG_1624724116204.jpg 521w, https:\/\/cvinoticias.com\/wp-content\/uploads\/2021\/06\/FB_IMG_1624724116204-240x300.jpg 240w\" data-sizes=\"(max-width: 521px) 100vw, 521px\" src=\"data:image\/svg+xml;base64,PHN2ZyB3aWR0aD0iMSIgaGVpZ2h0PSIxIiB4bWxucz0iaHR0cDovL3d3dy53My5vcmcvMjAwMC9zdmciPjwvc3ZnPg==\" style=\"--smush-placeholder-width: 521px; --smush-placeholder-aspect-ratio: 521\/651;\" \/><\/a><\/figure>\n","protected":false},"excerpt":{"rendered":"<p>El primer procedimiento tuvo lugar sobre la avenida Brasil donde los efectivos secuestraron una motocicleta Keller color negro sin dominio, y se logr\u00f3 establecer a trav\u00e9s de la base de datos que fue denunciada como sustra\u00edda en la zona c\u00e9ntrica en el mes de Junio del a\u00f1o anterior. El segundo procedimiento se realiz\u00f3 en la [&hellip;]<\/p>\n","protected":false},"author":2,"featured_media":6363,"comment_status":"open","ping_status":"open","sticky":false,"template":"","format":"standard","meta":{"footnotes":""},"categories":[41],"tags":[],"class_list":["post-6361","post","type-post","status-publish","format-standard","has-post-thumbnail","hentry","category-policiales"],"yoast_head":"<!-- This site is optimized with the Yoast SEO plugin v27.5 - https:\/\/yoast.com\/product\/yoast-seo-wordpress\/ -->\n<title>Iguaz\u00fa: Dos motos robadas fueron recuperadas por la Polic\u00eda | CVI NOTICIAS<\/title>\n<meta name=\"robots\" content=\"index, follow, max-snippet:-1, max-image-preview:large, max-video-preview:-1\" \/>\n<link rel=\"canonical\" href=\"https:\/\/cvinoticias.com\/v3\/iguazu-dos-motos-robadas-fueron-recuperadas-por-la-policia\/\" \/>\n<meta property=\"og:locale\" content=\"es_ES\" \/>\n<meta property=\"og:type\" content=\"article\" \/>\n<meta property=\"og:title\" content=\"Iguaz\u00fa: Dos motos robadas fueron recuperadas por la Polic\u00eda | CVI NOTICIAS\" \/>\n<meta property=\"og:description\" content=\"El primer procedimiento tuvo lugar sobre la avenida Brasil donde los efectivos secuestraron una motocicleta Keller color negro sin dominio, y se logr\u00f3 establecer a trav\u00e9s de la base de datos que fue denunciada como sustra\u00edda en la zona c\u00e9ntrica en el mes de Junio del a\u00f1o anterior. El segundo procedimiento se realiz\u00f3 en la [&hellip;]\" \/>\n<meta property=\"og:url\" content=\"https:\/\/cvinoticias.com\/v3\/iguazu-dos-motos-robadas-fueron-recuperadas-por-la-policia\/\" \/>\n<meta property=\"og:site_name\" content=\"CVI NOTICIAS\" \/>\n<meta property=\"article:publisher\" content=\"https:\/\/www.facebook.com\/cvinoticias\" \/>\n<meta property=\"article:published_time\" content=\"2021-06-26T16:19:24+00:00\" \/>\n<meta property=\"og:image\" content=\"https:\/\/cvinoticias.com\/wp-content\/uploads\/2021\/06\/FB_IMG_1624724113651.jpg\" \/>\n\t<meta property=\"og:image:width\" content=\"521\" \/>\n\t<meta property=\"og:image:height\" content=\"782\" \/>\n\t<meta property=\"og:image:type\" content=\"image\/jpeg\" \/>\n<meta name=\"author\" content=\"f1000024\" \/>\n<meta name=\"twitter:card\" content=\"summary_large_image\" \/>\n<meta name=\"twitter:label1\" content=\"Escrito por\" \/>\n\t<meta name=\"twitter:data1\" content=\"f1000024\" \/>\n\t<meta name=\"twitter:label2\" content=\"Tiempo de lectura\" \/>\n\t<meta name=\"twitter:data2\" content=\"1 minuto\" \/>\n<script type=\"application\/ld+json\" class=\"yoast-schema-graph\">{\"@context\":\"https:\\\/\\\/schema.org\",\"@graph\":[{\"@type\":\"Article\",\"@id\":\"https:\\\/\\\/cvinoticias.com\\\/v3\\\/iguazu-dos-motos-robadas-fueron-recuperadas-por-la-policia\\\/#article\",\"isPartOf\":{\"@id\":\"https:\\\/\\\/cvinoticias.com\\\/v3\\\/iguazu-dos-motos-robadas-fueron-recuperadas-por-la-policia\\\/\"},\"author\":{\"name\":\"f1000024\",\"@id\":\"https:\\\/\\\/cvinoticias.com\\\/v3\\\/#\\\/schema\\\/person\\\/2db77e3c6bc03c538495d7b2b8be9b66\"},\"headline\":\"Iguaz\u00fa: Dos motos robadas fueron recuperadas por la Polic\u00eda\",\"datePublished\":\"2021-06-26T16:19:24+00:00\",\"mainEntityOfPage\":{\"@id\":\"https:\\\/\\\/cvinoticias.com\\\/v3\\\/iguazu-dos-motos-robadas-fueron-recuperadas-por-la-policia\\\/\"},\"wordCount\":171,\"commentCount\":0,\"publisher\":{\"@id\":\"https:\\\/\\\/cvinoticias.com\\\/v3\\\/#organization\"},\"image\":{\"@id\":\"https:\\\/\\\/cvinoticias.com\\\/v3\\\/iguazu-dos-motos-robadas-fueron-recuperadas-por-la-policia\\\/#primaryimage\"},\"thumbnailUrl\":\"https:\\\/\\\/cvinoticias.com\\\/wp-content\\\/uploads\\\/2021\\\/06\\\/FB_IMG_1624724113651.jpg\",\"articleSection\":[\"Policiales\"],\"inLanguage\":\"es\",\"potentialAction\":[{\"@type\":\"CommentAction\",\"name\":\"Comment\",\"target\":[\"https:\\\/\\\/cvinoticias.com\\\/v3\\\/iguazu-dos-motos-robadas-fueron-recuperadas-por-la-policia\\\/#respond\"]}]},{\"@type\":\"WebPage\",\"@id\":\"https:\\\/\\\/cvinoticias.com\\\/v3\\\/iguazu-dos-motos-robadas-fueron-recuperadas-por-la-policia\\\/\",\"url\":\"https:\\\/\\\/cvinoticias.com\\\/v3\\\/iguazu-dos-motos-robadas-fueron-recuperadas-por-la-policia\\\/\",\"name\":\"Iguaz\u00fa: Dos motos robadas fueron recuperadas por la Polic\u00eda | CVI NOTICIAS\",\"isPartOf\":{\"@id\":\"https:\\\/\\\/cvinoticias.com\\\/v3\\\/#website\"},\"primaryImageOfPage\":{\"@id\":\"https:\\\/\\\/cvinoticias.com\\\/v3\\\/iguazu-dos-motos-robadas-fueron-recuperadas-por-la-policia\\\/#primaryimage\"},\"image\":{\"@id\":\"https:\\\/\\\/cvinoticias.com\\\/v3\\\/iguazu-dos-motos-robadas-fueron-recuperadas-por-la-policia\\\/#primaryimage\"},\"thumbnailUrl\":\"https:\\\/\\\/cvinoticias.com\\\/wp-content\\\/uploads\\\/2021\\\/06\\\/FB_IMG_1624724113651.jpg\",\"datePublished\":\"2021-06-26T16:19:24+00:00\",\"breadcrumb\":{\"@id\":\"https:\\\/\\\/cvinoticias.com\\\/v3\\\/iguazu-dos-motos-robadas-fueron-recuperadas-por-la-policia\\\/#breadcrumb\"},\"inLanguage\":\"es\",\"potentialAction\":[{\"@type\":\"ReadAction\",\"target\":[\"https:\\\/\\\/cvinoticias.com\\\/v3\\\/iguazu-dos-motos-robadas-fueron-recuperadas-por-la-policia\\\/\"]}]},{\"@type\":\"ImageObject\",\"inLanguage\":\"es\",\"@id\":\"https:\\\/\\\/cvinoticias.com\\\/v3\\\/iguazu-dos-motos-robadas-fueron-recuperadas-por-la-policia\\\/#primaryimage\",\"url\":\"https:\\\/\\\/cvinoticias.com\\\/wp-content\\\/uploads\\\/2021\\\/06\\\/FB_IMG_1624724113651.jpg\",\"contentUrl\":\"https:\\\/\\\/cvinoticias.com\\\/wp-content\\\/uploads\\\/2021\\\/06\\\/FB_IMG_1624724113651.jpg\",\"width\":521,\"height\":782},{\"@type\":\"BreadcrumbList\",\"@id\":\"https:\\\/\\\/cvinoticias.com\\\/v3\\\/iguazu-dos-motos-robadas-fueron-recuperadas-por-la-policia\\\/#breadcrumb\",\"itemListElement\":[{\"@type\":\"ListItem\",\"position\":1,\"name\":\"Portada\",\"item\":\"https:\\\/\\\/cvinoticias.com\\\/v3\\\/\"},{\"@type\":\"ListItem\",\"position\":2,\"name\":\"Iguaz\u00fa: Dos motos robadas fueron recuperadas por la Polic\u00eda\"}]},{\"@type\":\"WebSite\",\"@id\":\"https:\\\/\\\/cvinoticias.com\\\/v3\\\/#website\",\"url\":\"https:\\\/\\\/cvinoticias.com\\\/v3\\\/\",\"name\":\"CVI NOTICIAS\",\"description\":\"\",\"publisher\":{\"@id\":\"https:\\\/\\\/cvinoticias.com\\\/v3\\\/#organization\"},\"alternateName\":\"CVI\",\"potentialAction\":[{\"@type\":\"SearchAction\",\"target\":{\"@type\":\"EntryPoint\",\"urlTemplate\":\"https:\\\/\\\/cvinoticias.com\\\/v3\\\/?s={search_term_string}\"},\"query-input\":{\"@type\":\"PropertyValueSpecification\",\"valueRequired\":true,\"valueName\":\"search_term_string\"}}],\"inLanguage\":\"es\"},{\"@type\":\"Organization\",\"@id\":\"https:\\\/\\\/cvinoticias.com\\\/v3\\\/#organization\",\"name\":\"CVI NOTICIAS\",\"url\":\"https:\\\/\\\/cvinoticias.com\\\/v3\\\/\",\"logo\":{\"@type\":\"ImageObject\",\"inLanguage\":\"es\",\"@id\":\"https:\\\/\\\/cvinoticias.com\\\/v3\\\/#\\\/schema\\\/logo\\\/image\\\/\",\"url\":\"https:\\\/\\\/cvinoticias.com\\\/wp-content\\\/uploads\\\/2023\\\/04\\\/cropped-cropped-cropped-cropped-cropped-3-1.png\",\"contentUrl\":\"https:\\\/\\\/cvinoticias.com\\\/wp-content\\\/uploads\\\/2023\\\/04\\\/cropped-cropped-cropped-cropped-cropped-3-1.png\",\"width\":95,\"height\":122,\"caption\":\"CVI NOTICIAS\"},\"image\":{\"@id\":\"https:\\\/\\\/cvinoticias.com\\\/v3\\\/#\\\/schema\\\/logo\\\/image\\\/\"},\"sameAs\":[\"https:\\\/\\\/www.facebook.com\\\/cvinoticias\",\"https:\\\/\\\/www.instagram.com\\\/cvinoticias\\\/\",\"https:\\\/\\\/www.youtube.com\\\/@CVINOTICIAS\"]},{\"@type\":\"Person\",\"@id\":\"https:\\\/\\\/cvinoticias.com\\\/v3\\\/#\\\/schema\\\/person\\\/2db77e3c6bc03c538495d7b2b8be9b66\",\"name\":\"f1000024\",\"image\":{\"@type\":\"ImageObject\",\"inLanguage\":\"es\",\"@id\":\"https:\\\/\\\/secure.gravatar.com\\\/avatar\\\/d4fe7459cfc51ff5129ce1a732bbef5928568b8092d412ef95611616376bbeed?s=96&d=mm&r=g\",\"url\":\"https:\\\/\\\/secure.gravatar.com\\\/avatar\\\/d4fe7459cfc51ff5129ce1a732bbef5928568b8092d412ef95611616376bbeed?s=96&d=mm&r=g\",\"contentUrl\":\"https:\\\/\\\/secure.gravatar.com\\\/avatar\\\/d4fe7459cfc51ff5129ce1a732bbef5928568b8092d412ef95611616376bbeed?s=96&d=mm&r=g\",\"caption\":\"f1000024\"},\"url\":\"https:\\\/\\\/cvinoticias.com\\\/v3\\\/author\\\/f1000024\\\/\"}]}<\/script>\n<!-- \/ Yoast SEO plugin. -->","yoast_head_json":{"title":"Iguaz\u00fa: Dos motos robadas fueron recuperadas por la Polic\u00eda | CVI NOTICIAS","robots":{"index":"index","follow":"follow","max-snippet":"max-snippet:-1","max-image-preview":"max-image-preview:large","max-video-preview":"max-video-preview:-1"},"canonical":"https:\/\/cvinoticias.com\/v3\/iguazu-dos-motos-robadas-fueron-recuperadas-por-la-policia\/","og_locale":"es_ES","og_type":"article","og_title":"Iguaz\u00fa: Dos motos robadas fueron recuperadas por la Polic\u00eda | CVI NOTICIAS","og_description":"El primer procedimiento tuvo lugar sobre la avenida Brasil donde los efectivos secuestraron una motocicleta Keller color negro sin dominio, y se logr\u00f3 establecer a trav\u00e9s de la base de datos que fue denunciada como sustra\u00edda en la zona c\u00e9ntrica en el mes de Junio del a\u00f1o anterior. El segundo procedimiento se realiz\u00f3 en la [&hellip;]","og_url":"https:\/\/cvinoticias.com\/v3\/iguazu-dos-motos-robadas-fueron-recuperadas-por-la-policia\/","og_site_name":"CVI NOTICIAS","article_publisher":"https:\/\/www.facebook.com\/cvinoticias","article_published_time":"2021-06-26T16:19:24+00:00","og_image":[{"width":521,"height":782,"url":"https:\/\/cvinoticias.com\/wp-content\/uploads\/2021\/06\/FB_IMG_1624724113651.jpg","type":"image\/jpeg"}],"author":"f1000024","twitter_card":"summary_large_image","twitter_misc":{"Escrito por":"f1000024","Tiempo de lectura":"1 minuto"},"schema":{"@context":"https:\/\/schema.org","@graph":[{"@type":"Article","@id":"https:\/\/cvinoticias.com\/v3\/iguazu-dos-motos-robadas-fueron-recuperadas-por-la-policia\/#article","isPartOf":{"@id":"https:\/\/cvinoticias.com\/v3\/iguazu-dos-motos-robadas-fueron-recuperadas-por-la-policia\/"},"author":{"name":"f1000024","@id":"https:\/\/cvinoticias.com\/v3\/#\/schema\/person\/2db77e3c6bc03c538495d7b2b8be9b66"},"headline":"Iguaz\u00fa: Dos motos robadas fueron recuperadas por la Polic\u00eda","datePublished":"2021-06-26T16:19:24+00:00","mainEntityOfPage":{"@id":"https:\/\/cvinoticias.com\/v3\/iguazu-dos-motos-robadas-fueron-recuperadas-por-la-policia\/"},"wordCount":171,"commentCount":0,"publisher":{"@id":"https:\/\/cvinoticias.com\/v3\/#organization"},"image":{"@id":"https:\/\/cvinoticias.com\/v3\/iguazu-dos-motos-robadas-fueron-recuperadas-por-la-policia\/#primaryimage"},"thumbnailUrl":"https:\/\/cvinoticias.com\/wp-content\/uploads\/2021\/06\/FB_IMG_1624724113651.jpg","articleSection":["Policiales"],"inLanguage":"es","potentialAction":[{"@type":"CommentAction","name":"Comment","target":["https:\/\/cvinoticias.com\/v3\/iguazu-dos-motos-robadas-fueron-recuperadas-por-la-policia\/#respond"]}]},{"@type":"WebPage","@id":"https:\/\/cvinoticias.com\/v3\/iguazu-dos-motos-robadas-fueron-recuperadas-por-la-policia\/","url":"https:\/\/cvinoticias.com\/v3\/iguazu-dos-motos-robadas-fueron-recuperadas-por-la-policia\/","name":"Iguaz\u00fa: Dos motos robadas fueron recuperadas por la Polic\u00eda | CVI NOTICIAS","isPartOf":{"@id":"https:\/\/cvinoticias.com\/v3\/#website"},"primaryImageOfPage":{"@id":"https:\/\/cvinoticias.com\/v3\/iguazu-dos-motos-robadas-fueron-recuperadas-por-la-policia\/#primaryimage"},"image":{"@id":"https:\/\/cvinoticias.com\/v3\/iguazu-dos-motos-robadas-fueron-recuperadas-por-la-policia\/#primaryimage"},"thumbnailUrl":"https:\/\/cvinoticias.com\/wp-content\/uploads\/2021\/06\/FB_IMG_1624724113651.jpg","datePublished":"2021-06-26T16:19:24+00:00","breadcrumb":{"@id":"https:\/\/cvinoticias.com\/v3\/iguazu-dos-motos-robadas-fueron-recuperadas-por-la-policia\/#breadcrumb"},"inLanguage":"es","potentialAction":[{"@type":"ReadAction","target":["https:\/\/cvinoticias.com\/v3\/iguazu-dos-motos-robadas-fueron-recuperadas-por-la-policia\/"]}]},{"@type":"ImageObject","inLanguage":"es","@id":"https:\/\/cvinoticias.com\/v3\/iguazu-dos-motos-robadas-fueron-recuperadas-por-la-policia\/#primaryimage","url":"https:\/\/cvinoticias.com\/wp-content\/uploads\/2021\/06\/FB_IMG_1624724113651.jpg","contentUrl":"https:\/\/cvinoticias.com\/wp-content\/uploads\/2021\/06\/FB_IMG_1624724113651.jpg","width":521,"height":782},{"@type":"BreadcrumbList","@id":"https:\/\/cvinoticias.com\/v3\/iguazu-dos-motos-robadas-fueron-recuperadas-por-la-policia\/#breadcrumb","itemListElement":[{"@type":"ListItem","position":1,"name":"Portada","item":"https:\/\/cvinoticias.com\/v3\/"},{"@type":"ListItem","position":2,"name":"Iguaz\u00fa: Dos motos robadas fueron recuperadas por la Polic\u00eda"}]},{"@type":"WebSite","@id":"https:\/\/cvinoticias.com\/v3\/#website","url":"https:\/\/cvinoticias.com\/v3\/","name":"CVI NOTICIAS","description":"","publisher":{"@id":"https:\/\/cvinoticias.com\/v3\/#organization"},"alternateName":"CVI","potentialAction":[{"@type":"SearchAction","target":{"@type":"EntryPoint","urlTemplate":"https:\/\/cvinoticias.com\/v3\/?s={search_term_string}"},"query-input":{"@type":"PropertyValueSpecification","valueRequired":true,"valueName":"search_term_string"}}],"inLanguage":"es"},{"@type":"Organization","@id":"https:\/\/cvinoticias.com\/v3\/#organization","name":"CVI NOTICIAS","url":"https:\/\/cvinoticias.com\/v3\/","logo":{"@type":"ImageObject","inLanguage":"es","@id":"https:\/\/cvinoticias.com\/v3\/#\/schema\/logo\/image\/","url":"https:\/\/cvinoticias.com\/wp-content\/uploads\/2023\/04\/cropped-cropped-cropped-cropped-cropped-3-1.png","contentUrl":"https:\/\/cvinoticias.com\/wp-content\/uploads\/2023\/04\/cropped-cropped-cropped-cropped-cropped-3-1.png","width":95,"height":122,"caption":"CVI NOTICIAS"},"image":{"@id":"https:\/\/cvinoticias.com\/v3\/#\/schema\/logo\/image\/"},"sameAs":["https:\/\/www.facebook.com\/cvinoticias","https:\/\/www.instagram.com\/cvinoticias\/","https:\/\/www.youtube.com\/@CVINOTICIAS"]},{"@type":"Person","@id":"https:\/\/cvinoticias.com\/v3\/#\/schema\/person\/2db77e3c6bc03c538495d7b2b8be9b66","name":"f1000024","image":{"@type":"ImageObject","inLanguage":"es","@id":"https:\/\/secure.gravatar.com\/avatar\/d4fe7459cfc51ff5129ce1a732bbef5928568b8092d412ef95611616376bbeed?s=96&d=mm&r=g","url":"https:\/\/secure.gravatar.com\/avatar\/d4fe7459cfc51ff5129ce1a732bbef5928568b8092d412ef95611616376bbeed?s=96&d=mm&r=g","contentUrl":"https:\/\/secure.gravatar.com\/avatar\/d4fe7459cfc51ff5129ce1a732bbef5928568b8092d412ef95611616376bbeed?s=96&d=mm&r=g","caption":"f1000024"},"url":"https:\/\/cvinoticias.com\/v3\/author\/f1000024\/"}]}},"_links":{"self":[{"href":"https:\/\/cvinoticias.com\/v3\/wp-json\/wp\/v2\/posts\/6361","targetHints":{"allow":["GET"]}}],"collection":[{"href":"https:\/\/cvinoticias.com\/v3\/wp-json\/wp\/v2\/posts"}],"about":[{"href":"https:\/\/cvinoticias.com\/v3\/wp-json\/wp\/v2\/types\/post"}],"author":[{"embeddable":true,"href":"https:\/\/cvinoticias.com\/v3\/wp-json\/wp\/v2\/users\/2"}],"replies":[{"embeddable":true,"href":"https:\/\/cvinoticias.com\/v3\/wp-json\/wp\/v2\/comments?post=6361"}],"version-history":[{"count":1,"href":"https:\/\/cvinoticias.com\/v3\/wp-json\/wp\/v2\/posts\/6361\/revisions"}],"predecessor-version":[{"id":6364,"href":"https:\/\/cvinoticias.com\/v3\/wp-json\/wp\/v2\/posts\/6361\/revisions\/6364"}],"wp:featuredmedia":[{"embeddable":true,"href":"https:\/\/cvinoticias.com\/v3\/wp-json\/wp\/v2\/media\/6363"}],"wp:attachment":[{"href":"https:\/\/cvinoticias.com\/v3\/wp-json\/wp\/v2\/media?parent=6361"}],"wp:term":[{"taxonomy":"category","embeddable":true,"href":"https:\/\/cvinoticias.com\/v3\/wp-json\/wp\/v2\/categories?post=6361"},{"taxonomy":"post_tag","embeddable":true,"href":"https:\/\/cvinoticias.com\/v3\/wp-json\/wp\/v2\/tags?post=6361"}],"curies":[{"name":"wp","href":"https:\/\/api.w.org\/{rel}","templated":true}]}}