{"id":6355,"date":"2021-06-26T13:37:33","date_gmt":"2021-06-26T13:37:33","guid":{"rendered":"https:\/\/cvinoticias.com\/v3\/?p=6355"},"modified":"2021-06-26T13:37:33","modified_gmt":"2021-06-26T13:37:33","slug":"fernandez-dara-un-mensaje-sobre-la-situacion-sanitaria-ante-el-riesgo-de-una-tercera-ola","status":"publish","type":"post","link":"https:\/\/cvinoticias.com\/v3\/fernandez-dara-un-mensaje-sobre-la-situacion-sanitaria-ante-el-riesgo-de-una-tercera-ola\/","title":{"rendered":"Fern\u00e1ndez dar\u00e1 un mensaje sobre la situaci\u00f3n sanitaria ante el riesgo de una tercera ola"},"content":{"rendered":"\n<p><strong><em>Ser\u00e1 en un homenaje que realizar\u00e1n a los fallecidos por Covid-19 en el Centro Cultural Kirchner. Hasta el momento se registran casi 92.000 decesos desde el inicio de la pandemia.<\/em><\/strong><\/p>\n\n\n\n<p>El presidente, Alberto Fern\u00e1ndez, realizar\u00e1 un mensaje a la poblaci\u00f3n para analizar la situaci\u00f3n sanitaria ante el riesgo de una tercera ola de Covid-19, confirmaron fuentes oficiales. Lo har\u00e1 al encabezar el domingo a las 12 una ceremonia en homenaje a los fallecidos por el Covid-19 que rozan los 92.000 desde el inicio de la pandemia.<\/p>\n\n\n\n<p>El evento se realizar\u00e1 en el Centro Cultural Kirchner y fueron invitados representantes de los diversos credos del pa\u00eds, de los trabajadores esenciales, gobernadores y el Jefe de Gobierno porte\u00f1o.<\/p>\n\n\n\n<p>El acto ser\u00e1 breve y adem\u00e1s de diversas interpretaciones musicales, \u201cel Jefe de Estado dirigir\u00e1 unas palabras, simbolizando de esa manera un instante de recogimiento para la Argentina, con el objetivo de realizar mancomunadamente una reflexi\u00f3n y un recuerdo hacia quienes perdieron la vida durante la pandemia\u201d, se explic\u00f3 oficialmente.<\/p>\n\n\n\n<p>La convocatoria se conoci\u00f3 minutos antes de que se anunciara la prorroga del DNU que mantiene el estado de emergencia sanitaria que rige en el pa\u00eds a causa de la pandemia de coronavirus hasta el 9 de julio, redujo a 600 el cupo de pasajeros que podr\u00e1n ingresar cada d\u00eda al pa\u00eds y dispuso que las fronteras seguir\u00e1n cerradas al turismo al menos por otros quince d\u00edas.<\/p>\n\n\n\n<p>Las medidas, que ser\u00e1n publicadas en el Bolet\u00edn Oficial, fueron a anunciadas en conferencia de prensa por la ministra de salud, Carla Vizzoti, quien tambi\u00e9n inform\u00f3 que se lleg\u00f3 a un acuerdo para la adquisici\u00f3n de 24 millones de vacunas de origen chino Sinopharm, que llegar\u00e1n al pa\u00eds entre julio y septiembre.<\/p>\n\n\n\n<p>\u201cTodo aquel que no sea argentino y quiera ingresar al pa\u00eds con el prop\u00f3sito de hacer turismo no podr\u00e1 hacerlo\u201d, explicaron fuentes oficiales. La normativa que regir\u00e1 hasta el 9 de julio establece que \u201ccontin\u00faan suspendidos los vuelos provenientes del Reino Unido de Gran Breta\u00f1a e Irlanda del Norte; Chile; Brasil; India; Paises africanos y Turqu\u00eda\u201d.<\/p>\n\n\n\n<p>Todas las medidas fueron dispuestas para bajar el riesgo de contagios de coronavirus e impedir el ingreso de variantes que no registran circulaci\u00f3n comunitaria en el pa\u00eds.<\/p>\n\n\n\n<p>Adem\u00e1s, se fij\u00f3 un cupo de 600 pasajeros diarios para el ingreso al pa\u00eds y se dispuso que \u201cquienes regresen del exterior entre el 1\u00b0 de julio y el 31 de agosto, est\u00e1n obligados a aislarse en los lugares que determinen los gobiernos provinciales y de la CABA, durante 10 d\u00edas, contados desde el testeo realizado en el pa\u00eds de origen\u201d.<\/p>\n\n\n\n<p>En el Gobierno destacan la baja de casos de Covid-19 pero advierten que no hay que relajarse y que una tercera ola est\u00e1 cerca. Desde los despachos de la Rosada se coincidi\u00f3 con el an\u00e1lisis que realiz\u00f3 esta ma\u00f1ana el ministro de Salud porte\u00f1o, Fern\u00e1n Quir\u00f3s, advirti\u00f3 que el desembarco de las nuevas variantes de coronavirus \u2013y por consiguiente una tercera ola de Covid-19 en Argentina- \u201ces inevitable\u201d.<\/p>\n\n\n\n<p>Para contener la irrupci\u00f3n de las variantes de preocupaci\u00f3n, el Fern\u00e1n Quir\u00f3s anticip\u00f3 por la pandemia de Covid-19 \u201chabr\u00e1 m\u00e1s controles\u201d y opin\u00f3 que \u201cser\u00eda bueno\u201d que haya m\u00e1s restricciones al ingreso de personas al pa\u00eds, algo que finalmente sucedi\u00f3 por la tarde.<\/p>\n\n\n\n<p>Vizzotti inform\u00f3 tambi\u00e9n que el Gobierno nacional firm\u00f3 un nuevo contrato con el laboratorio chino Sinopharm por 24 millones m\u00e1s de vacunas que llegar\u00e1n \u201ca partir de julio\u201d, indic\u00f3 la funcionaria, y estim\u00f3 que para septiembre \u201chabr\u00e1 un porcentaje importante de la poblaci\u00f3n vacunada\u201d.<\/p>\n\n\n\n<p>El contrato estipula entregas de ocho millones en julio, ocho millones en agosto y ocho millones en septiembre, se anunci\u00f3 oficialmente.<\/p>\n","protected":false},"excerpt":{"rendered":"<p>Ser\u00e1 en un homenaje que realizar\u00e1n a los fallecidos por Covid-19 en el Centro Cultural Kirchner. Hasta el momento se registran casi 92.000 decesos desde el inicio de la pandemia. El presidente, Alberto Fern\u00e1ndez, realizar\u00e1 un mensaje a la poblaci\u00f3n para analizar la situaci\u00f3n sanitaria ante el riesgo de una tercera ola de Covid-19, confirmaron [&hellip;]<\/p>\n","protected":false},"author":2,"featured_media":6356,"comment_status":"open","ping_status":"open","sticky":false,"template":"","format":"standard","meta":{"footnotes":""},"categories":[39],"tags":[],"class_list":["post-6355","post","type-post","status-publish","format-standard","has-post-thumbnail","hentry","category-nacionales"],"yoast_head":"<!-- This site is optimized with the Yoast SEO plugin v27.4 - https:\/\/yoast.com\/product\/yoast-seo-wordpress\/ -->\n<title>Fern\u00e1ndez dar\u00e1 un mensaje sobre la situaci\u00f3n sanitaria ante el riesgo de una tercera ola | CVI NOTICIAS<\/title>\n<meta name=\"robots\" content=\"index, follow, max-snippet:-1, max-image-preview:large, max-video-preview:-1\" \/>\n<link rel=\"canonical\" href=\"https:\/\/cvinoticias.com\/v3\/fernandez-dara-un-mensaje-sobre-la-situacion-sanitaria-ante-el-riesgo-de-una-tercera-ola\/\" \/>\n<meta property=\"og:locale\" content=\"es_ES\" \/>\n<meta property=\"og:type\" content=\"article\" \/>\n<meta property=\"og:title\" content=\"Fern\u00e1ndez dar\u00e1 un mensaje sobre la situaci\u00f3n sanitaria ante el riesgo de una tercera ola | CVI NOTICIAS\" \/>\n<meta property=\"og:description\" content=\"Ser\u00e1 en un homenaje que realizar\u00e1n a los fallecidos por Covid-19 en el Centro Cultural Kirchner. Hasta el momento se registran casi 92.000 decesos desde el inicio de la pandemia. El presidente, Alberto Fern\u00e1ndez, realizar\u00e1 un mensaje a la poblaci\u00f3n para analizar la situaci\u00f3n sanitaria ante el riesgo de una tercera ola de Covid-19, confirmaron [&hellip;]\" \/>\n<meta property=\"og:url\" content=\"https:\/\/cvinoticias.com\/v3\/fernandez-dara-un-mensaje-sobre-la-situacion-sanitaria-ante-el-riesgo-de-una-tercera-ola\/\" \/>\n<meta property=\"og:site_name\" content=\"CVI NOTICIAS\" \/>\n<meta property=\"article:publisher\" content=\"https:\/\/www.facebook.com\/cvinoticias\" \/>\n<meta property=\"article:published_time\" content=\"2021-06-26T13:37:33+00:00\" \/>\n<meta property=\"og:image\" content=\"https:\/\/cvinoticias.com\/wp-content\/uploads\/2021\/06\/una-parecida.jpeg\" \/>\n\t<meta property=\"og:image:width\" content=\"800\" \/>\n\t<meta property=\"og:image:height\" content=\"450\" \/>\n\t<meta property=\"og:image:type\" content=\"image\/jpeg\" \/>\n<meta name=\"author\" content=\"f1000024\" \/>\n<meta name=\"twitter:card\" content=\"summary_large_image\" \/>\n<meta name=\"twitter:label1\" content=\"Escrito por\" \/>\n\t<meta name=\"twitter:data1\" content=\"f1000024\" \/>\n\t<meta name=\"twitter:label2\" content=\"Tiempo de lectura\" \/>\n\t<meta name=\"twitter:data2\" content=\"3 minutos\" \/>\n<script type=\"application\/ld+json\" class=\"yoast-schema-graph\">{\"@context\":\"https:\\\/\\\/schema.org\",\"@graph\":[{\"@type\":\"Article\",\"@id\":\"https:\\\/\\\/cvinoticias.com\\\/v3\\\/fernandez-dara-un-mensaje-sobre-la-situacion-sanitaria-ante-el-riesgo-de-una-tercera-ola\\\/#article\",\"isPartOf\":{\"@id\":\"https:\\\/\\\/cvinoticias.com\\\/v3\\\/fernandez-dara-un-mensaje-sobre-la-situacion-sanitaria-ante-el-riesgo-de-una-tercera-ola\\\/\"},\"author\":{\"name\":\"f1000024\",\"@id\":\"https:\\\/\\\/cvinoticias.com\\\/v3\\\/#\\\/schema\\\/person\\\/2db77e3c6bc03c538495d7b2b8be9b66\"},\"headline\":\"Fern\u00e1ndez dar\u00e1 un mensaje sobre la situaci\u00f3n sanitaria ante el riesgo de una tercera ola\",\"datePublished\":\"2021-06-26T13:37:33+00:00\",\"mainEntityOfPage\":{\"@id\":\"https:\\\/\\\/cvinoticias.com\\\/v3\\\/fernandez-dara-un-mensaje-sobre-la-situacion-sanitaria-ante-el-riesgo-de-una-tercera-ola\\\/\"},\"wordCount\":659,\"commentCount\":0,\"publisher\":{\"@id\":\"https:\\\/\\\/cvinoticias.com\\\/v3\\\/#organization\"},\"image\":{\"@id\":\"https:\\\/\\\/cvinoticias.com\\\/v3\\\/fernandez-dara-un-mensaje-sobre-la-situacion-sanitaria-ante-el-riesgo-de-una-tercera-ola\\\/#primaryimage\"},\"thumbnailUrl\":\"https:\\\/\\\/cvinoticias.com\\\/wp-content\\\/uploads\\\/2021\\\/06\\\/una-parecida.jpeg\",\"articleSection\":[\"Nacionales\"],\"inLanguage\":\"es\",\"potentialAction\":[{\"@type\":\"CommentAction\",\"name\":\"Comment\",\"target\":[\"https:\\\/\\\/cvinoticias.com\\\/v3\\\/fernandez-dara-un-mensaje-sobre-la-situacion-sanitaria-ante-el-riesgo-de-una-tercera-ola\\\/#respond\"]}]},{\"@type\":\"WebPage\",\"@id\":\"https:\\\/\\\/cvinoticias.com\\\/v3\\\/fernandez-dara-un-mensaje-sobre-la-situacion-sanitaria-ante-el-riesgo-de-una-tercera-ola\\\/\",\"url\":\"https:\\\/\\\/cvinoticias.com\\\/v3\\\/fernandez-dara-un-mensaje-sobre-la-situacion-sanitaria-ante-el-riesgo-de-una-tercera-ola\\\/\",\"name\":\"Fern\u00e1ndez dar\u00e1 un mensaje sobre la situaci\u00f3n sanitaria ante el riesgo de una tercera ola | CVI NOTICIAS\",\"isPartOf\":{\"@id\":\"https:\\\/\\\/cvinoticias.com\\\/v3\\\/#website\"},\"primaryImageOfPage\":{\"@id\":\"https:\\\/\\\/cvinoticias.com\\\/v3\\\/fernandez-dara-un-mensaje-sobre-la-situacion-sanitaria-ante-el-riesgo-de-una-tercera-ola\\\/#primaryimage\"},\"image\":{\"@id\":\"https:\\\/\\\/cvinoticias.com\\\/v3\\\/fernandez-dara-un-mensaje-sobre-la-situacion-sanitaria-ante-el-riesgo-de-una-tercera-ola\\\/#primaryimage\"},\"thumbnailUrl\":\"https:\\\/\\\/cvinoticias.com\\\/wp-content\\\/uploads\\\/2021\\\/06\\\/una-parecida.jpeg\",\"datePublished\":\"2021-06-26T13:37:33+00:00\",\"breadcrumb\":{\"@id\":\"https:\\\/\\\/cvinoticias.com\\\/v3\\\/fernandez-dara-un-mensaje-sobre-la-situacion-sanitaria-ante-el-riesgo-de-una-tercera-ola\\\/#breadcrumb\"},\"inLanguage\":\"es\",\"potentialAction\":[{\"@type\":\"ReadAction\",\"target\":[\"https:\\\/\\\/cvinoticias.com\\\/v3\\\/fernandez-dara-un-mensaje-sobre-la-situacion-sanitaria-ante-el-riesgo-de-una-tercera-ola\\\/\"]}]},{\"@type\":\"ImageObject\",\"inLanguage\":\"es\",\"@id\":\"https:\\\/\\\/cvinoticias.com\\\/v3\\\/fernandez-dara-un-mensaje-sobre-la-situacion-sanitaria-ante-el-riesgo-de-una-tercera-ola\\\/#primaryimage\",\"url\":\"https:\\\/\\\/cvinoticias.com\\\/wp-content\\\/uploads\\\/2021\\\/06\\\/una-parecida.jpeg\",\"contentUrl\":\"https:\\\/\\\/cvinoticias.com\\\/wp-content\\\/uploads\\\/2021\\\/06\\\/una-parecida.jpeg\",\"width\":800,\"height\":450},{\"@type\":\"BreadcrumbList\",\"@id\":\"https:\\\/\\\/cvinoticias.com\\\/v3\\\/fernandez-dara-un-mensaje-sobre-la-situacion-sanitaria-ante-el-riesgo-de-una-tercera-ola\\\/#breadcrumb\",\"itemListElement\":[{\"@type\":\"ListItem\",\"position\":1,\"name\":\"Portada\",\"item\":\"https:\\\/\\\/cvinoticias.com\\\/v3\\\/\"},{\"@type\":\"ListItem\",\"position\":2,\"name\":\"Fern\u00e1ndez dar\u00e1 un mensaje sobre la situaci\u00f3n sanitaria ante el riesgo de una tercera ola\"}]},{\"@type\":\"WebSite\",\"@id\":\"https:\\\/\\\/cvinoticias.com\\\/v3\\\/#website\",\"url\":\"https:\\\/\\\/cvinoticias.com\\\/v3\\\/\",\"name\":\"CVI NOTICIAS\",\"description\":\"\",\"publisher\":{\"@id\":\"https:\\\/\\\/cvinoticias.com\\\/v3\\\/#organization\"},\"alternateName\":\"CVI\",\"potentialAction\":[{\"@type\":\"SearchAction\",\"target\":{\"@type\":\"EntryPoint\",\"urlTemplate\":\"https:\\\/\\\/cvinoticias.com\\\/v3\\\/?s={search_term_string}\"},\"query-input\":{\"@type\":\"PropertyValueSpecification\",\"valueRequired\":true,\"valueName\":\"search_term_string\"}}],\"inLanguage\":\"es\"},{\"@type\":\"Organization\",\"@id\":\"https:\\\/\\\/cvinoticias.com\\\/v3\\\/#organization\",\"name\":\"CVI NOTICIAS\",\"url\":\"https:\\\/\\\/cvinoticias.com\\\/v3\\\/\",\"logo\":{\"@type\":\"ImageObject\",\"inLanguage\":\"es\",\"@id\":\"https:\\\/\\\/cvinoticias.com\\\/v3\\\/#\\\/schema\\\/logo\\\/image\\\/\",\"url\":\"https:\\\/\\\/cvinoticias.com\\\/wp-content\\\/uploads\\\/2023\\\/04\\\/cropped-cropped-cropped-cropped-cropped-3-1.png\",\"contentUrl\":\"https:\\\/\\\/cvinoticias.com\\\/wp-content\\\/uploads\\\/2023\\\/04\\\/cropped-cropped-cropped-cropped-cropped-3-1.png\",\"width\":95,\"height\":122,\"caption\":\"CVI NOTICIAS\"},\"image\":{\"@id\":\"https:\\\/\\\/cvinoticias.com\\\/v3\\\/#\\\/schema\\\/logo\\\/image\\\/\"},\"sameAs\":[\"https:\\\/\\\/www.facebook.com\\\/cvinoticias\",\"https:\\\/\\\/www.instagram.com\\\/cvinoticias\\\/\",\"https:\\\/\\\/www.youtube.com\\\/@CVINOTICIAS\"]},{\"@type\":\"Person\",\"@id\":\"https:\\\/\\\/cvinoticias.com\\\/v3\\\/#\\\/schema\\\/person\\\/2db77e3c6bc03c538495d7b2b8be9b66\",\"name\":\"f1000024\",\"image\":{\"@type\":\"ImageObject\",\"inLanguage\":\"es\",\"@id\":\"https:\\\/\\\/secure.gravatar.com\\\/avatar\\\/d4fe7459cfc51ff5129ce1a732bbef5928568b8092d412ef95611616376bbeed?s=96&d=mm&r=g\",\"url\":\"https:\\\/\\\/secure.gravatar.com\\\/avatar\\\/d4fe7459cfc51ff5129ce1a732bbef5928568b8092d412ef95611616376bbeed?s=96&d=mm&r=g\",\"contentUrl\":\"https:\\\/\\\/secure.gravatar.com\\\/avatar\\\/d4fe7459cfc51ff5129ce1a732bbef5928568b8092d412ef95611616376bbeed?s=96&d=mm&r=g\",\"caption\":\"f1000024\"},\"url\":\"https:\\\/\\\/cvinoticias.com\\\/v3\\\/author\\\/f1000024\\\/\"}]}<\/script>\n<!-- \/ Yoast SEO plugin. -->","yoast_head_json":{"title":"Fern\u00e1ndez dar\u00e1 un mensaje sobre la situaci\u00f3n sanitaria ante el riesgo de una tercera ola | CVI NOTICIAS","robots":{"index":"index","follow":"follow","max-snippet":"max-snippet:-1","max-image-preview":"max-image-preview:large","max-video-preview":"max-video-preview:-1"},"canonical":"https:\/\/cvinoticias.com\/v3\/fernandez-dara-un-mensaje-sobre-la-situacion-sanitaria-ante-el-riesgo-de-una-tercera-ola\/","og_locale":"es_ES","og_type":"article","og_title":"Fern\u00e1ndez dar\u00e1 un mensaje sobre la situaci\u00f3n sanitaria ante el riesgo de una tercera ola | CVI NOTICIAS","og_description":"Ser\u00e1 en un homenaje que realizar\u00e1n a los fallecidos por Covid-19 en el Centro Cultural Kirchner. Hasta el momento se registran casi 92.000 decesos desde el inicio de la pandemia. El presidente, Alberto Fern\u00e1ndez, realizar\u00e1 un mensaje a la poblaci\u00f3n para analizar la situaci\u00f3n sanitaria ante el riesgo de una tercera ola de Covid-19, confirmaron [&hellip;]","og_url":"https:\/\/cvinoticias.com\/v3\/fernandez-dara-un-mensaje-sobre-la-situacion-sanitaria-ante-el-riesgo-de-una-tercera-ola\/","og_site_name":"CVI NOTICIAS","article_publisher":"https:\/\/www.facebook.com\/cvinoticias","article_published_time":"2021-06-26T13:37:33+00:00","og_image":[{"width":800,"height":450,"url":"https:\/\/cvinoticias.com\/wp-content\/uploads\/2021\/06\/una-parecida.jpeg","type":"image\/jpeg"}],"author":"f1000024","twitter_card":"summary_large_image","twitter_misc":{"Escrito por":"f1000024","Tiempo de lectura":"3 minutos"},"schema":{"@context":"https:\/\/schema.org","@graph":[{"@type":"Article","@id":"https:\/\/cvinoticias.com\/v3\/fernandez-dara-un-mensaje-sobre-la-situacion-sanitaria-ante-el-riesgo-de-una-tercera-ola\/#article","isPartOf":{"@id":"https:\/\/cvinoticias.com\/v3\/fernandez-dara-un-mensaje-sobre-la-situacion-sanitaria-ante-el-riesgo-de-una-tercera-ola\/"},"author":{"name":"f1000024","@id":"https:\/\/cvinoticias.com\/v3\/#\/schema\/person\/2db77e3c6bc03c538495d7b2b8be9b66"},"headline":"Fern\u00e1ndez dar\u00e1 un mensaje sobre la situaci\u00f3n sanitaria ante el riesgo de una tercera ola","datePublished":"2021-06-26T13:37:33+00:00","mainEntityOfPage":{"@id":"https:\/\/cvinoticias.com\/v3\/fernandez-dara-un-mensaje-sobre-la-situacion-sanitaria-ante-el-riesgo-de-una-tercera-ola\/"},"wordCount":659,"commentCount":0,"publisher":{"@id":"https:\/\/cvinoticias.com\/v3\/#organization"},"image":{"@id":"https:\/\/cvinoticias.com\/v3\/fernandez-dara-un-mensaje-sobre-la-situacion-sanitaria-ante-el-riesgo-de-una-tercera-ola\/#primaryimage"},"thumbnailUrl":"https:\/\/cvinoticias.com\/wp-content\/uploads\/2021\/06\/una-parecida.jpeg","articleSection":["Nacionales"],"inLanguage":"es","potentialAction":[{"@type":"CommentAction","name":"Comment","target":["https:\/\/cvinoticias.com\/v3\/fernandez-dara-un-mensaje-sobre-la-situacion-sanitaria-ante-el-riesgo-de-una-tercera-ola\/#respond"]}]},{"@type":"WebPage","@id":"https:\/\/cvinoticias.com\/v3\/fernandez-dara-un-mensaje-sobre-la-situacion-sanitaria-ante-el-riesgo-de-una-tercera-ola\/","url":"https:\/\/cvinoticias.com\/v3\/fernandez-dara-un-mensaje-sobre-la-situacion-sanitaria-ante-el-riesgo-de-una-tercera-ola\/","name":"Fern\u00e1ndez dar\u00e1 un mensaje sobre la situaci\u00f3n sanitaria ante el riesgo de una tercera ola | CVI NOTICIAS","isPartOf":{"@id":"https:\/\/cvinoticias.com\/v3\/#website"},"primaryImageOfPage":{"@id":"https:\/\/cvinoticias.com\/v3\/fernandez-dara-un-mensaje-sobre-la-situacion-sanitaria-ante-el-riesgo-de-una-tercera-ola\/#primaryimage"},"image":{"@id":"https:\/\/cvinoticias.com\/v3\/fernandez-dara-un-mensaje-sobre-la-situacion-sanitaria-ante-el-riesgo-de-una-tercera-ola\/#primaryimage"},"thumbnailUrl":"https:\/\/cvinoticias.com\/wp-content\/uploads\/2021\/06\/una-parecida.jpeg","datePublished":"2021-06-26T13:37:33+00:00","breadcrumb":{"@id":"https:\/\/cvinoticias.com\/v3\/fernandez-dara-un-mensaje-sobre-la-situacion-sanitaria-ante-el-riesgo-de-una-tercera-ola\/#breadcrumb"},"inLanguage":"es","potentialAction":[{"@type":"ReadAction","target":["https:\/\/cvinoticias.com\/v3\/fernandez-dara-un-mensaje-sobre-la-situacion-sanitaria-ante-el-riesgo-de-una-tercera-ola\/"]}]},{"@type":"ImageObject","inLanguage":"es","@id":"https:\/\/cvinoticias.com\/v3\/fernandez-dara-un-mensaje-sobre-la-situacion-sanitaria-ante-el-riesgo-de-una-tercera-ola\/#primaryimage","url":"https:\/\/cvinoticias.com\/wp-content\/uploads\/2021\/06\/una-parecida.jpeg","contentUrl":"https:\/\/cvinoticias.com\/wp-content\/uploads\/2021\/06\/una-parecida.jpeg","width":800,"height":450},{"@type":"BreadcrumbList","@id":"https:\/\/cvinoticias.com\/v3\/fernandez-dara-un-mensaje-sobre-la-situacion-sanitaria-ante-el-riesgo-de-una-tercera-ola\/#breadcrumb","itemListElement":[{"@type":"ListItem","position":1,"name":"Portada","item":"https:\/\/cvinoticias.com\/v3\/"},{"@type":"ListItem","position":2,"name":"Fern\u00e1ndez dar\u00e1 un mensaje sobre la situaci\u00f3n sanitaria ante el riesgo de una tercera ola"}]},{"@type":"WebSite","@id":"https:\/\/cvinoticias.com\/v3\/#website","url":"https:\/\/cvinoticias.com\/v3\/","name":"CVI NOTICIAS","description":"","publisher":{"@id":"https:\/\/cvinoticias.com\/v3\/#organization"},"alternateName":"CVI","potentialAction":[{"@type":"SearchAction","target":{"@type":"EntryPoint","urlTemplate":"https:\/\/cvinoticias.com\/v3\/?s={search_term_string}"},"query-input":{"@type":"PropertyValueSpecification","valueRequired":true,"valueName":"search_term_string"}}],"inLanguage":"es"},{"@type":"Organization","@id":"https:\/\/cvinoticias.com\/v3\/#organization","name":"CVI NOTICIAS","url":"https:\/\/cvinoticias.com\/v3\/","logo":{"@type":"ImageObject","inLanguage":"es","@id":"https:\/\/cvinoticias.com\/v3\/#\/schema\/logo\/image\/","url":"https:\/\/cvinoticias.com\/wp-content\/uploads\/2023\/04\/cropped-cropped-cropped-cropped-cropped-3-1.png","contentUrl":"https:\/\/cvinoticias.com\/wp-content\/uploads\/2023\/04\/cropped-cropped-cropped-cropped-cropped-3-1.png","width":95,"height":122,"caption":"CVI NOTICIAS"},"image":{"@id":"https:\/\/cvinoticias.com\/v3\/#\/schema\/logo\/image\/"},"sameAs":["https:\/\/www.facebook.com\/cvinoticias","https:\/\/www.instagram.com\/cvinoticias\/","https:\/\/www.youtube.com\/@CVINOTICIAS"]},{"@type":"Person","@id":"https:\/\/cvinoticias.com\/v3\/#\/schema\/person\/2db77e3c6bc03c538495d7b2b8be9b66","name":"f1000024","image":{"@type":"ImageObject","inLanguage":"es","@id":"https:\/\/secure.gravatar.com\/avatar\/d4fe7459cfc51ff5129ce1a732bbef5928568b8092d412ef95611616376bbeed?s=96&d=mm&r=g","url":"https:\/\/secure.gravatar.com\/avatar\/d4fe7459cfc51ff5129ce1a732bbef5928568b8092d412ef95611616376bbeed?s=96&d=mm&r=g","contentUrl":"https:\/\/secure.gravatar.com\/avatar\/d4fe7459cfc51ff5129ce1a732bbef5928568b8092d412ef95611616376bbeed?s=96&d=mm&r=g","caption":"f1000024"},"url":"https:\/\/cvinoticias.com\/v3\/author\/f1000024\/"}]}},"_links":{"self":[{"href":"https:\/\/cvinoticias.com\/v3\/wp-json\/wp\/v2\/posts\/6355","targetHints":{"allow":["GET"]}}],"collection":[{"href":"https:\/\/cvinoticias.com\/v3\/wp-json\/wp\/v2\/posts"}],"about":[{"href":"https:\/\/cvinoticias.com\/v3\/wp-json\/wp\/v2\/types\/post"}],"author":[{"embeddable":true,"href":"https:\/\/cvinoticias.com\/v3\/wp-json\/wp\/v2\/users\/2"}],"replies":[{"embeddable":true,"href":"https:\/\/cvinoticias.com\/v3\/wp-json\/wp\/v2\/comments?post=6355"}],"version-history":[{"count":1,"href":"https:\/\/cvinoticias.com\/v3\/wp-json\/wp\/v2\/posts\/6355\/revisions"}],"predecessor-version":[{"id":6357,"href":"https:\/\/cvinoticias.com\/v3\/wp-json\/wp\/v2\/posts\/6355\/revisions\/6357"}],"wp:featuredmedia":[{"embeddable":true,"href":"https:\/\/cvinoticias.com\/v3\/wp-json\/wp\/v2\/media\/6356"}],"wp:attachment":[{"href":"https:\/\/cvinoticias.com\/v3\/wp-json\/wp\/v2\/media?parent=6355"}],"wp:term":[{"taxonomy":"category","embeddable":true,"href":"https:\/\/cvinoticias.com\/v3\/wp-json\/wp\/v2\/categories?post=6355"},{"taxonomy":"post_tag","embeddable":true,"href":"https:\/\/cvinoticias.com\/v3\/wp-json\/wp\/v2\/tags?post=6355"}],"curies":[{"name":"wp","href":"https:\/\/api.w.org\/{rel}","templated":true}]}}