{"id":6335,"date":"2021-06-26T00:49:06","date_gmt":"2021-06-26T00:49:06","guid":{"rendered":"https:\/\/cvinoticias.com\/v3\/?p=6335"},"modified":"2021-06-26T00:49:06","modified_gmt":"2021-06-26T00:49:06","slug":"bundziak-no-pudo-redondear-en-la-plata","status":"publish","type":"post","link":"https:\/\/cvinoticias.com\/v3\/bundziak-no-pudo-redondear-en-la-plata\/","title":{"rendered":"Bundziak no pudo redondear en La Plata"},"content":{"rendered":"\n<p><strong><em>El piloto de Puerto Iguaz\u00fa Rudito Bundziak (Ford) se ubic\u00f3 en la 21\u00b0 posici\u00f3n en los entrenamientos de la novena fecha del TC Mouras, que se realiaron en el Aut\u00f3dromo Roberto Jos\u00e9 Mouras de La Plata en Buenos Aires.<\/em><\/strong><\/p>\n\n\n\n<p>En la primera tanda el misionero dio 11 vueltas y marc\u00f3 1m35s868\/1000 para la mejor vuelta al trazado de 4400 metros de extensi\u00f3n con la variante de la chicana. Bundziak qued\u00f3 cuarto a 381\/1000 de Marcos Quijada (Dodge) el mejor de esa tanda.<\/p>\n\n\n\n<p>En la segunda y definitiva tanda del d\u00eda Bundziak ven\u00eda para bajar su registro pero la aparici\u00f3n de una bandera roja hizo que pueda aprovechar la goma y as\u00ed no pudo mejorar su registro de la ma\u00f1ana y qued\u00f3 con 1m36s237\/1000 ubic\u00e1ndose en la 21\u00b0 a 1s793\/100 de Marcos Quijada (Dodge) que fue el mejor del d\u00eda.<\/p>\n\n\n\n<p>\u201cCuando pusimos la goma nueva y salimos a buscar el tiempo ven\u00edamos para volver a estar tercero, pero sali\u00f3 la bandera roja y perdimos la vuelta r\u00e1pida. Despu\u00e9s el auto qued\u00f3 un poco de cola y no pudimos mejorar el tiempo de la ma\u00f1ana. El auto va bien, pero tenemos que seguir trabajando para tener un auto contundente\u201d, explic\u00f3 Bundziak.<\/p>\n\n\n\n<p>El Quilmes Plas seguir\u00e1 trabajando en el Ford buscando mejoras para la clasificaci\u00f3n de ma\u00f1ana.<\/p>\n\n\n\n<p>Bundziak agradeci\u00f3 al gobernador Oscar Herrera Ahuad por estar siempre pendiente de todos los misioneros que salimos a competir afuera, a los sponsor Municipalidad de Puerto Iguaz\u00fa, Manantial de Oro, Tienda Urbana, El Pan de la abuela, Syncom, Yerba Mate Andresito, R\u00edo Uruguay Seguros (RUS), Su\u00e1rez y Asociados, Ama lubricantes, Taller de Revisi\u00f3n T\u00e9cnica Al Control S.A. Revisi\u00f3n T\u00e9cnica SIT, Pinturer\u00eda Atilio, Aserradero San Antonio, Nick Detailing, Electro Misiones \u2013 Neored y al Quilmes Plas.<\/p>\n\n\n\n<p>La actividad oficial seguir\u00e1 el s\u00e1bado con un entrenamiento m\u00e1s (se podr\u00e1 ver desde las 12 por Deportv) y luego se disputar\u00e1 la clasificaci\u00f3n, que se podr\u00e1 seguir desde las 15 por la TV P\u00fablica. El domingo desde las 10 se disputar\u00e1n las series, que se podr\u00e1n seguir por Deportv, y luego desde las 13 ir\u00e1 la final, que se disputar\u00e1 a 16 vueltas o 30 minutos y se podr\u00e1 ver por la TV P\u00fablica.<\/p>\n\n\n\n<p>Horarios<br>S\u00e1bado<br>HORARIO DE TV 11:30 a 13 (DEPORTV)<br>11.30 a 12.13: Entrenamiento TC Mouras<br>HORARIO DE TV 15 a 17 (TV P\u00fablica)<br>15.30 a 16: Clasificaci\u00f3n TC Mouras<\/p>\n\n\n\n<p>Domingo<br>HORARIO DE TV 10 a 11 (DEPORTV)<br>10.10: 1ra. Serie TC Mouras a 4 vueltas<br>10.35: 2da. Serie TC Mouras, 4 vueltas<br>HORARIO DE TV 11:00 A 14:30 (TV PUBLICA)<br>13.15: FINAL TC Mouras a 16 vueltas o 30 minutos<\/p>\n\n\n\n<figure class=\"wp-block-image size-large\"><a href=\"https:\/\/cvinoticias.com\/wp-content\/uploads\/2021\/06\/FB_IMG_1624668397041.jpg\"><img decoding=\"async\" width=\"1024\" height=\"685\" data-src=\"https:\/\/cvinoticias.com\/wp-content\/uploads\/2021\/06\/FB_IMG_1624668397041-1024x685.jpg\" alt=\"\" class=\"wp-image-6337 lazyload\" data-srcset=\"https:\/\/cvinoticias.com\/wp-content\/uploads\/2021\/06\/FB_IMG_1624668397041-1024x685.jpg 1024w, https:\/\/cvinoticias.com\/wp-content\/uploads\/2021\/06\/FB_IMG_1624668397041-300x201.jpg 300w, https:\/\/cvinoticias.com\/wp-content\/uploads\/2021\/06\/FB_IMG_1624668397041-768x513.jpg 768w, https:\/\/cvinoticias.com\/wp-content\/uploads\/2021\/06\/FB_IMG_1624668397041.jpg 1080w\" data-sizes=\"(max-width: 1024px) 100vw, 1024px\" src=\"data:image\/svg+xml;base64,PHN2ZyB3aWR0aD0iMSIgaGVpZ2h0PSIxIiB4bWxucz0iaHR0cDovL3d3dy53My5vcmcvMjAwMC9zdmciPjwvc3ZnPg==\" style=\"--smush-placeholder-width: 1024px; --smush-placeholder-aspect-ratio: 1024\/685;\" \/><\/a><\/figure>\n","protected":false},"excerpt":{"rendered":"<p>El piloto de Puerto Iguaz\u00fa Rudito Bundziak (Ford) se ubic\u00f3 en la 21\u00b0 posici\u00f3n en los entrenamientos de la novena fecha del TC Mouras, que se realiaron en el Aut\u00f3dromo Roberto Jos\u00e9 Mouras de La Plata en Buenos Aires. En la primera tanda el misionero dio 11 vueltas y marc\u00f3 1m35s868\/1000 para la mejor vuelta [&hellip;]<\/p>\n","protected":false},"author":2,"featured_media":6336,"comment_status":"open","ping_status":"open","sticky":false,"template":"","format":"standard","meta":{"footnotes":""},"categories":[24],"tags":[],"class_list":["post-6335","post","type-post","status-publish","format-standard","has-post-thumbnail","hentry","category-deportes"],"yoast_head":"<!-- This site is optimized with the Yoast SEO plugin v27.4 - https:\/\/yoast.com\/product\/yoast-seo-wordpress\/ -->\n<title>Bundziak no pudo redondear en La Plata | CVI NOTICIAS<\/title>\n<meta name=\"robots\" content=\"index, follow, max-snippet:-1, max-image-preview:large, max-video-preview:-1\" \/>\n<link rel=\"canonical\" href=\"https:\/\/cvinoticias.com\/v3\/bundziak-no-pudo-redondear-en-la-plata\/\" \/>\n<meta property=\"og:locale\" content=\"es_ES\" \/>\n<meta property=\"og:type\" content=\"article\" \/>\n<meta property=\"og:title\" content=\"Bundziak no pudo redondear en La Plata | CVI NOTICIAS\" \/>\n<meta property=\"og:description\" content=\"El piloto de Puerto Iguaz\u00fa Rudito Bundziak (Ford) se ubic\u00f3 en la 21\u00b0 posici\u00f3n en los entrenamientos de la novena fecha del TC Mouras, que se realiaron en el Aut\u00f3dromo Roberto Jos\u00e9 Mouras de La Plata en Buenos Aires. En la primera tanda el misionero dio 11 vueltas y marc\u00f3 1m35s868\/1000 para la mejor vuelta [&hellip;]\" \/>\n<meta property=\"og:url\" content=\"https:\/\/cvinoticias.com\/v3\/bundziak-no-pudo-redondear-en-la-plata\/\" \/>\n<meta property=\"og:site_name\" content=\"CVI NOTICIAS\" \/>\n<meta property=\"article:publisher\" content=\"https:\/\/www.facebook.com\/cvinoticias\" \/>\n<meta property=\"article:published_time\" content=\"2021-06-26T00:49:06+00:00\" \/>\n<meta property=\"og:image\" content=\"https:\/\/cvinoticias.com\/wp-content\/uploads\/2021\/06\/FB_IMG_1624668387402.jpg\" \/>\n\t<meta property=\"og:image:width\" content=\"1080\" \/>\n\t<meta property=\"og:image:height\" content=\"797\" \/>\n\t<meta property=\"og:image:type\" content=\"image\/jpeg\" \/>\n<meta name=\"author\" content=\"f1000024\" \/>\n<meta name=\"twitter:card\" content=\"summary_large_image\" \/>\n<meta name=\"twitter:label1\" content=\"Escrito por\" \/>\n\t<meta name=\"twitter:data1\" content=\"f1000024\" \/>\n\t<meta name=\"twitter:label2\" content=\"Tiempo de lectura\" \/>\n\t<meta name=\"twitter:data2\" content=\"2 minutos\" \/>\n<script type=\"application\/ld+json\" class=\"yoast-schema-graph\">{\"@context\":\"https:\\\/\\\/schema.org\",\"@graph\":[{\"@type\":\"Article\",\"@id\":\"https:\\\/\\\/cvinoticias.com\\\/v3\\\/bundziak-no-pudo-redondear-en-la-plata\\\/#article\",\"isPartOf\":{\"@id\":\"https:\\\/\\\/cvinoticias.com\\\/v3\\\/bundziak-no-pudo-redondear-en-la-plata\\\/\"},\"author\":{\"name\":\"f1000024\",\"@id\":\"https:\\\/\\\/cvinoticias.com\\\/v3\\\/#\\\/schema\\\/person\\\/2db77e3c6bc03c538495d7b2b8be9b66\"},\"headline\":\"Bundziak no pudo redondear en La Plata\",\"datePublished\":\"2021-06-26T00:49:06+00:00\",\"mainEntityOfPage\":{\"@id\":\"https:\\\/\\\/cvinoticias.com\\\/v3\\\/bundziak-no-pudo-redondear-en-la-plata\\\/\"},\"wordCount\":440,\"commentCount\":0,\"publisher\":{\"@id\":\"https:\\\/\\\/cvinoticias.com\\\/v3\\\/#organization\"},\"image\":{\"@id\":\"https:\\\/\\\/cvinoticias.com\\\/v3\\\/bundziak-no-pudo-redondear-en-la-plata\\\/#primaryimage\"},\"thumbnailUrl\":\"https:\\\/\\\/cvinoticias.com\\\/wp-content\\\/uploads\\\/2021\\\/06\\\/FB_IMG_1624668387402.jpg\",\"articleSection\":[\"Deportes\"],\"inLanguage\":\"es\",\"potentialAction\":[{\"@type\":\"CommentAction\",\"name\":\"Comment\",\"target\":[\"https:\\\/\\\/cvinoticias.com\\\/v3\\\/bundziak-no-pudo-redondear-en-la-plata\\\/#respond\"]}]},{\"@type\":\"WebPage\",\"@id\":\"https:\\\/\\\/cvinoticias.com\\\/v3\\\/bundziak-no-pudo-redondear-en-la-plata\\\/\",\"url\":\"https:\\\/\\\/cvinoticias.com\\\/v3\\\/bundziak-no-pudo-redondear-en-la-plata\\\/\",\"name\":\"Bundziak no pudo redondear en La Plata | CVI NOTICIAS\",\"isPartOf\":{\"@id\":\"https:\\\/\\\/cvinoticias.com\\\/v3\\\/#website\"},\"primaryImageOfPage\":{\"@id\":\"https:\\\/\\\/cvinoticias.com\\\/v3\\\/bundziak-no-pudo-redondear-en-la-plata\\\/#primaryimage\"},\"image\":{\"@id\":\"https:\\\/\\\/cvinoticias.com\\\/v3\\\/bundziak-no-pudo-redondear-en-la-plata\\\/#primaryimage\"},\"thumbnailUrl\":\"https:\\\/\\\/cvinoticias.com\\\/wp-content\\\/uploads\\\/2021\\\/06\\\/FB_IMG_1624668387402.jpg\",\"datePublished\":\"2021-06-26T00:49:06+00:00\",\"breadcrumb\":{\"@id\":\"https:\\\/\\\/cvinoticias.com\\\/v3\\\/bundziak-no-pudo-redondear-en-la-plata\\\/#breadcrumb\"},\"inLanguage\":\"es\",\"potentialAction\":[{\"@type\":\"ReadAction\",\"target\":[\"https:\\\/\\\/cvinoticias.com\\\/v3\\\/bundziak-no-pudo-redondear-en-la-plata\\\/\"]}]},{\"@type\":\"ImageObject\",\"inLanguage\":\"es\",\"@id\":\"https:\\\/\\\/cvinoticias.com\\\/v3\\\/bundziak-no-pudo-redondear-en-la-plata\\\/#primaryimage\",\"url\":\"https:\\\/\\\/cvinoticias.com\\\/wp-content\\\/uploads\\\/2021\\\/06\\\/FB_IMG_1624668387402.jpg\",\"contentUrl\":\"https:\\\/\\\/cvinoticias.com\\\/wp-content\\\/uploads\\\/2021\\\/06\\\/FB_IMG_1624668387402.jpg\",\"width\":1080,\"height\":797},{\"@type\":\"BreadcrumbList\",\"@id\":\"https:\\\/\\\/cvinoticias.com\\\/v3\\\/bundziak-no-pudo-redondear-en-la-plata\\\/#breadcrumb\",\"itemListElement\":[{\"@type\":\"ListItem\",\"position\":1,\"name\":\"Portada\",\"item\":\"https:\\\/\\\/cvinoticias.com\\\/v3\\\/\"},{\"@type\":\"ListItem\",\"position\":2,\"name\":\"Bundziak no pudo redondear en La Plata\"}]},{\"@type\":\"WebSite\",\"@id\":\"https:\\\/\\\/cvinoticias.com\\\/v3\\\/#website\",\"url\":\"https:\\\/\\\/cvinoticias.com\\\/v3\\\/\",\"name\":\"CVI NOTICIAS\",\"description\":\"\",\"publisher\":{\"@id\":\"https:\\\/\\\/cvinoticias.com\\\/v3\\\/#organization\"},\"alternateName\":\"CVI\",\"potentialAction\":[{\"@type\":\"SearchAction\",\"target\":{\"@type\":\"EntryPoint\",\"urlTemplate\":\"https:\\\/\\\/cvinoticias.com\\\/v3\\\/?s={search_term_string}\"},\"query-input\":{\"@type\":\"PropertyValueSpecification\",\"valueRequired\":true,\"valueName\":\"search_term_string\"}}],\"inLanguage\":\"es\"},{\"@type\":\"Organization\",\"@id\":\"https:\\\/\\\/cvinoticias.com\\\/v3\\\/#organization\",\"name\":\"CVI NOTICIAS\",\"url\":\"https:\\\/\\\/cvinoticias.com\\\/v3\\\/\",\"logo\":{\"@type\":\"ImageObject\",\"inLanguage\":\"es\",\"@id\":\"https:\\\/\\\/cvinoticias.com\\\/v3\\\/#\\\/schema\\\/logo\\\/image\\\/\",\"url\":\"https:\\\/\\\/cvinoticias.com\\\/wp-content\\\/uploads\\\/2023\\\/04\\\/cropped-cropped-cropped-cropped-cropped-3-1.png\",\"contentUrl\":\"https:\\\/\\\/cvinoticias.com\\\/wp-content\\\/uploads\\\/2023\\\/04\\\/cropped-cropped-cropped-cropped-cropped-3-1.png\",\"width\":95,\"height\":122,\"caption\":\"CVI NOTICIAS\"},\"image\":{\"@id\":\"https:\\\/\\\/cvinoticias.com\\\/v3\\\/#\\\/schema\\\/logo\\\/image\\\/\"},\"sameAs\":[\"https:\\\/\\\/www.facebook.com\\\/cvinoticias\",\"https:\\\/\\\/www.instagram.com\\\/cvinoticias\\\/\",\"https:\\\/\\\/www.youtube.com\\\/@CVINOTICIAS\"]},{\"@type\":\"Person\",\"@id\":\"https:\\\/\\\/cvinoticias.com\\\/v3\\\/#\\\/schema\\\/person\\\/2db77e3c6bc03c538495d7b2b8be9b66\",\"name\":\"f1000024\",\"image\":{\"@type\":\"ImageObject\",\"inLanguage\":\"es\",\"@id\":\"https:\\\/\\\/secure.gravatar.com\\\/avatar\\\/d4fe7459cfc51ff5129ce1a732bbef5928568b8092d412ef95611616376bbeed?s=96&d=mm&r=g\",\"url\":\"https:\\\/\\\/secure.gravatar.com\\\/avatar\\\/d4fe7459cfc51ff5129ce1a732bbef5928568b8092d412ef95611616376bbeed?s=96&d=mm&r=g\",\"contentUrl\":\"https:\\\/\\\/secure.gravatar.com\\\/avatar\\\/d4fe7459cfc51ff5129ce1a732bbef5928568b8092d412ef95611616376bbeed?s=96&d=mm&r=g\",\"caption\":\"f1000024\"},\"url\":\"https:\\\/\\\/cvinoticias.com\\\/v3\\\/author\\\/f1000024\\\/\"}]}<\/script>\n<!-- \/ Yoast SEO plugin. -->","yoast_head_json":{"title":"Bundziak no pudo redondear en La Plata | CVI NOTICIAS","robots":{"index":"index","follow":"follow","max-snippet":"max-snippet:-1","max-image-preview":"max-image-preview:large","max-video-preview":"max-video-preview:-1"},"canonical":"https:\/\/cvinoticias.com\/v3\/bundziak-no-pudo-redondear-en-la-plata\/","og_locale":"es_ES","og_type":"article","og_title":"Bundziak no pudo redondear en La Plata | CVI NOTICIAS","og_description":"El piloto de Puerto Iguaz\u00fa Rudito Bundziak (Ford) se ubic\u00f3 en la 21\u00b0 posici\u00f3n en los entrenamientos de la novena fecha del TC Mouras, que se realiaron en el Aut\u00f3dromo Roberto Jos\u00e9 Mouras de La Plata en Buenos Aires. En la primera tanda el misionero dio 11 vueltas y marc\u00f3 1m35s868\/1000 para la mejor vuelta [&hellip;]","og_url":"https:\/\/cvinoticias.com\/v3\/bundziak-no-pudo-redondear-en-la-plata\/","og_site_name":"CVI NOTICIAS","article_publisher":"https:\/\/www.facebook.com\/cvinoticias","article_published_time":"2021-06-26T00:49:06+00:00","og_image":[{"width":1080,"height":797,"url":"https:\/\/cvinoticias.com\/wp-content\/uploads\/2021\/06\/FB_IMG_1624668387402.jpg","type":"image\/jpeg"}],"author":"f1000024","twitter_card":"summary_large_image","twitter_misc":{"Escrito por":"f1000024","Tiempo de lectura":"2 minutos"},"schema":{"@context":"https:\/\/schema.org","@graph":[{"@type":"Article","@id":"https:\/\/cvinoticias.com\/v3\/bundziak-no-pudo-redondear-en-la-plata\/#article","isPartOf":{"@id":"https:\/\/cvinoticias.com\/v3\/bundziak-no-pudo-redondear-en-la-plata\/"},"author":{"name":"f1000024","@id":"https:\/\/cvinoticias.com\/v3\/#\/schema\/person\/2db77e3c6bc03c538495d7b2b8be9b66"},"headline":"Bundziak no pudo redondear en La Plata","datePublished":"2021-06-26T00:49:06+00:00","mainEntityOfPage":{"@id":"https:\/\/cvinoticias.com\/v3\/bundziak-no-pudo-redondear-en-la-plata\/"},"wordCount":440,"commentCount":0,"publisher":{"@id":"https:\/\/cvinoticias.com\/v3\/#organization"},"image":{"@id":"https:\/\/cvinoticias.com\/v3\/bundziak-no-pudo-redondear-en-la-plata\/#primaryimage"},"thumbnailUrl":"https:\/\/cvinoticias.com\/wp-content\/uploads\/2021\/06\/FB_IMG_1624668387402.jpg","articleSection":["Deportes"],"inLanguage":"es","potentialAction":[{"@type":"CommentAction","name":"Comment","target":["https:\/\/cvinoticias.com\/v3\/bundziak-no-pudo-redondear-en-la-plata\/#respond"]}]},{"@type":"WebPage","@id":"https:\/\/cvinoticias.com\/v3\/bundziak-no-pudo-redondear-en-la-plata\/","url":"https:\/\/cvinoticias.com\/v3\/bundziak-no-pudo-redondear-en-la-plata\/","name":"Bundziak no pudo redondear en La Plata | CVI NOTICIAS","isPartOf":{"@id":"https:\/\/cvinoticias.com\/v3\/#website"},"primaryImageOfPage":{"@id":"https:\/\/cvinoticias.com\/v3\/bundziak-no-pudo-redondear-en-la-plata\/#primaryimage"},"image":{"@id":"https:\/\/cvinoticias.com\/v3\/bundziak-no-pudo-redondear-en-la-plata\/#primaryimage"},"thumbnailUrl":"https:\/\/cvinoticias.com\/wp-content\/uploads\/2021\/06\/FB_IMG_1624668387402.jpg","datePublished":"2021-06-26T00:49:06+00:00","breadcrumb":{"@id":"https:\/\/cvinoticias.com\/v3\/bundziak-no-pudo-redondear-en-la-plata\/#breadcrumb"},"inLanguage":"es","potentialAction":[{"@type":"ReadAction","target":["https:\/\/cvinoticias.com\/v3\/bundziak-no-pudo-redondear-en-la-plata\/"]}]},{"@type":"ImageObject","inLanguage":"es","@id":"https:\/\/cvinoticias.com\/v3\/bundziak-no-pudo-redondear-en-la-plata\/#primaryimage","url":"https:\/\/cvinoticias.com\/wp-content\/uploads\/2021\/06\/FB_IMG_1624668387402.jpg","contentUrl":"https:\/\/cvinoticias.com\/wp-content\/uploads\/2021\/06\/FB_IMG_1624668387402.jpg","width":1080,"height":797},{"@type":"BreadcrumbList","@id":"https:\/\/cvinoticias.com\/v3\/bundziak-no-pudo-redondear-en-la-plata\/#breadcrumb","itemListElement":[{"@type":"ListItem","position":1,"name":"Portada","item":"https:\/\/cvinoticias.com\/v3\/"},{"@type":"ListItem","position":2,"name":"Bundziak no pudo redondear en La Plata"}]},{"@type":"WebSite","@id":"https:\/\/cvinoticias.com\/v3\/#website","url":"https:\/\/cvinoticias.com\/v3\/","name":"CVI NOTICIAS","description":"","publisher":{"@id":"https:\/\/cvinoticias.com\/v3\/#organization"},"alternateName":"CVI","potentialAction":[{"@type":"SearchAction","target":{"@type":"EntryPoint","urlTemplate":"https:\/\/cvinoticias.com\/v3\/?s={search_term_string}"},"query-input":{"@type":"PropertyValueSpecification","valueRequired":true,"valueName":"search_term_string"}}],"inLanguage":"es"},{"@type":"Organization","@id":"https:\/\/cvinoticias.com\/v3\/#organization","name":"CVI NOTICIAS","url":"https:\/\/cvinoticias.com\/v3\/","logo":{"@type":"ImageObject","inLanguage":"es","@id":"https:\/\/cvinoticias.com\/v3\/#\/schema\/logo\/image\/","url":"https:\/\/cvinoticias.com\/wp-content\/uploads\/2023\/04\/cropped-cropped-cropped-cropped-cropped-3-1.png","contentUrl":"https:\/\/cvinoticias.com\/wp-content\/uploads\/2023\/04\/cropped-cropped-cropped-cropped-cropped-3-1.png","width":95,"height":122,"caption":"CVI NOTICIAS"},"image":{"@id":"https:\/\/cvinoticias.com\/v3\/#\/schema\/logo\/image\/"},"sameAs":["https:\/\/www.facebook.com\/cvinoticias","https:\/\/www.instagram.com\/cvinoticias\/","https:\/\/www.youtube.com\/@CVINOTICIAS"]},{"@type":"Person","@id":"https:\/\/cvinoticias.com\/v3\/#\/schema\/person\/2db77e3c6bc03c538495d7b2b8be9b66","name":"f1000024","image":{"@type":"ImageObject","inLanguage":"es","@id":"https:\/\/secure.gravatar.com\/avatar\/d4fe7459cfc51ff5129ce1a732bbef5928568b8092d412ef95611616376bbeed?s=96&d=mm&r=g","url":"https:\/\/secure.gravatar.com\/avatar\/d4fe7459cfc51ff5129ce1a732bbef5928568b8092d412ef95611616376bbeed?s=96&d=mm&r=g","contentUrl":"https:\/\/secure.gravatar.com\/avatar\/d4fe7459cfc51ff5129ce1a732bbef5928568b8092d412ef95611616376bbeed?s=96&d=mm&r=g","caption":"f1000024"},"url":"https:\/\/cvinoticias.com\/v3\/author\/f1000024\/"}]}},"_links":{"self":[{"href":"https:\/\/cvinoticias.com\/v3\/wp-json\/wp\/v2\/posts\/6335","targetHints":{"allow":["GET"]}}],"collection":[{"href":"https:\/\/cvinoticias.com\/v3\/wp-json\/wp\/v2\/posts"}],"about":[{"href":"https:\/\/cvinoticias.com\/v3\/wp-json\/wp\/v2\/types\/post"}],"author":[{"embeddable":true,"href":"https:\/\/cvinoticias.com\/v3\/wp-json\/wp\/v2\/users\/2"}],"replies":[{"embeddable":true,"href":"https:\/\/cvinoticias.com\/v3\/wp-json\/wp\/v2\/comments?post=6335"}],"version-history":[{"count":1,"href":"https:\/\/cvinoticias.com\/v3\/wp-json\/wp\/v2\/posts\/6335\/revisions"}],"predecessor-version":[{"id":6338,"href":"https:\/\/cvinoticias.com\/v3\/wp-json\/wp\/v2\/posts\/6335\/revisions\/6338"}],"wp:featuredmedia":[{"embeddable":true,"href":"https:\/\/cvinoticias.com\/v3\/wp-json\/wp\/v2\/media\/6336"}],"wp:attachment":[{"href":"https:\/\/cvinoticias.com\/v3\/wp-json\/wp\/v2\/media?parent=6335"}],"wp:term":[{"taxonomy":"category","embeddable":true,"href":"https:\/\/cvinoticias.com\/v3\/wp-json\/wp\/v2\/categories?post=6335"},{"taxonomy":"post_tag","embeddable":true,"href":"https:\/\/cvinoticias.com\/v3\/wp-json\/wp\/v2\/tags?post=6335"}],"curies":[{"name":"wp","href":"https:\/\/api.w.org\/{rel}","templated":true}]}}