{"id":6325,"date":"2021-06-26T00:16:28","date_gmt":"2021-06-26T00:16:28","guid":{"rendered":"https:\/\/cvinoticias.com\/v3\/?p=6325"},"modified":"2021-06-26T00:16:28","modified_gmt":"2021-06-26T00:16:28","slug":"udpm-se-reunio-con-demas-gremios","status":"publish","type":"post","link":"https:\/\/cvinoticias.com\/v3\/udpm-se-reunio-con-demas-gremios\/","title":{"rendered":"UDPM se reuni\u00f3 con dem\u00e1s gremios"},"content":{"rendered":"\n<p><strong><em>En la ma\u00f1ana de \u00e9ste viernes en el sal\u00f3n oval del Ministerio de Educaci\u00f3n, se llev\u00f3 adelante la mesa paritaria, la primera para tratar grilla salarial respectivamente. En la misma estuvieron presentes autoridades del Ministerio de Educaci\u00f3n, CGE, c\u00e1mara de diputados y miembros paritarios de los gremios legalmente constituidos.<\/em><\/strong><\/p>\n\n\n\n<p>El Secretario de UDPM Rub\u00e9n Dar\u00edo \u00abGrillo\u00bb Caballero manifest\u00f3 la importancia que tiene la mesa para resolver diferentes problem\u00e1ticas que puedan tener los colegas, siempre en el \u00e1mbito que correspondan, como ser, las mesas conformadas para tal efecto (mesa pedag\u00f3gica, previsional, t\u00e9cnica y privados). Adem\u00e1s remarc\u00f3 la importancia de trabajar en la creaci\u00f3n e implementaci\u00f3n de un digesto educativo y de esta manera unificar reglamentaciones en el sistema educativo.<\/p>\n\n\n\n<p>Por otra parte celebra el espacio para la discusi\u00f3n de la grilla salarial, que en orden de prioridad es fundamental. Sostuvo tambi\u00e9n la continuidad del proceso de titularizaci\u00f3n para las vacantes 2018 tan ansiada por los colegas que cumplen con los requisitos para acceder a la misma.<br>Solicita al presidente del Consejo la celeridad de los tr\u00e1mites administrativos solucionando as\u00ed problem\u00e1ticas que aquejan a los colegas e instituciones en la provincia.<\/p>\n\n\n\n<p>La mesa decidi\u00f3 pasar para la semana pr\u00f3xima un nuevo encuentro, esta vez solamente con los equipos t\u00e9cnicos de cada sindicato y representantes del CGE, Ministerio y C\u00e1mara de Representantes para tratamiento de grilla. As\u00ed tambien se reunir\u00e1n los sindicatos para debatir sobre una nueva recomposici\u00f3n salarial para el 2\u00b0 semestre acordada en el acta firmada en el mes de febrero.<\/p>\n\n\n\n<figure class=\"wp-block-image size-large is-resized\"><a href=\"https:\/\/cvinoticias.com\/wp-content\/uploads\/2021\/06\/IMG-20210625-WA0069.jpg\"><img decoding=\"async\" data-src=\"https:\/\/cvinoticias.com\/wp-content\/uploads\/2021\/06\/IMG-20210625-WA0069-1024x770.jpg\" alt=\"\" class=\"wp-image-6327 lazyload\" width=\"784\" height=\"589\" data-srcset=\"https:\/\/cvinoticias.com\/wp-content\/uploads\/2021\/06\/IMG-20210625-WA0069-1024x770.jpg 1024w, https:\/\/cvinoticias.com\/wp-content\/uploads\/2021\/06\/IMG-20210625-WA0069-300x226.jpg 300w, https:\/\/cvinoticias.com\/wp-content\/uploads\/2021\/06\/IMG-20210625-WA0069-768x577.jpg 768w, https:\/\/cvinoticias.com\/wp-content\/uploads\/2021\/06\/IMG-20210625-WA0069.jpg 1160w\" data-sizes=\"(max-width: 784px) 100vw, 784px\" src=\"data:image\/svg+xml;base64,PHN2ZyB3aWR0aD0iMSIgaGVpZ2h0PSIxIiB4bWxucz0iaHR0cDovL3d3dy53My5vcmcvMjAwMC9zdmciPjwvc3ZnPg==\" style=\"--smush-placeholder-width: 784px; --smush-placeholder-aspect-ratio: 784\/589;\" \/><\/a><\/figure>\n\n\n\n<figure class=\"wp-block-image size-large is-resized\"><a href=\"https:\/\/cvinoticias.com\/wp-content\/uploads\/2021\/06\/IMG-20210625-WA0067.jpg\"><img decoding=\"async\" data-src=\"https:\/\/cvinoticias.com\/wp-content\/uploads\/2021\/06\/IMG-20210625-WA0067-1024x770.jpg\" alt=\"\" class=\"wp-image-6328 lazyload\" width=\"1119\" height=\"841\" data-srcset=\"https:\/\/cvinoticias.com\/wp-content\/uploads\/2021\/06\/IMG-20210625-WA0067-1024x770.jpg 1024w, https:\/\/cvinoticias.com\/wp-content\/uploads\/2021\/06\/IMG-20210625-WA0067-300x226.jpg 300w, https:\/\/cvinoticias.com\/wp-content\/uploads\/2021\/06\/IMG-20210625-WA0067-768x577.jpg 768w, https:\/\/cvinoticias.com\/wp-content\/uploads\/2021\/06\/IMG-20210625-WA0067.jpg 1160w\" data-sizes=\"(max-width: 1119px) 100vw, 1119px\" src=\"data:image\/svg+xml;base64,PHN2ZyB3aWR0aD0iMSIgaGVpZ2h0PSIxIiB4bWxucz0iaHR0cDovL3d3dy53My5vcmcvMjAwMC9zdmciPjwvc3ZnPg==\" style=\"--smush-placeholder-width: 1119px; --smush-placeholder-aspect-ratio: 1119\/841;\" \/><\/a><\/figure>\n","protected":false},"excerpt":{"rendered":"<p>En la ma\u00f1ana de \u00e9ste viernes en el sal\u00f3n oval del Ministerio de Educaci\u00f3n, se llev\u00f3 adelante la mesa paritaria, la primera para tratar grilla salarial respectivamente. En la misma estuvieron presentes autoridades del Ministerio de Educaci\u00f3n, CGE, c\u00e1mara de diputados y miembros paritarios de los gremios legalmente constituidos. El Secretario de UDPM Rub\u00e9n Dar\u00edo [&hellip;]<\/p>\n","protected":false},"author":2,"featured_media":6326,"comment_status":"open","ping_status":"open","sticky":false,"template":"","format":"standard","meta":{"footnotes":""},"categories":[26],"tags":[],"class_list":["post-6325","post","type-post","status-publish","format-standard","has-post-thumbnail","hentry","category-educacion"],"yoast_head":"<!-- This site is optimized with the Yoast SEO plugin v27.4 - https:\/\/yoast.com\/product\/yoast-seo-wordpress\/ -->\n<title>UDPM se reuni\u00f3 con dem\u00e1s gremios | CVI NOTICIAS<\/title>\n<meta name=\"robots\" content=\"index, follow, max-snippet:-1, max-image-preview:large, max-video-preview:-1\" \/>\n<link rel=\"canonical\" href=\"https:\/\/cvinoticias.com\/v3\/udpm-se-reunio-con-demas-gremios\/\" \/>\n<meta property=\"og:locale\" content=\"es_ES\" \/>\n<meta property=\"og:type\" content=\"article\" \/>\n<meta property=\"og:title\" content=\"UDPM se reuni\u00f3 con dem\u00e1s gremios | CVI NOTICIAS\" \/>\n<meta property=\"og:description\" content=\"En la ma\u00f1ana de \u00e9ste viernes en el sal\u00f3n oval del Ministerio de Educaci\u00f3n, se llev\u00f3 adelante la mesa paritaria, la primera para tratar grilla salarial respectivamente. En la misma estuvieron presentes autoridades del Ministerio de Educaci\u00f3n, CGE, c\u00e1mara de diputados y miembros paritarios de los gremios legalmente constituidos. El Secretario de UDPM Rub\u00e9n Dar\u00edo [&hellip;]\" \/>\n<meta property=\"og:url\" content=\"https:\/\/cvinoticias.com\/v3\/udpm-se-reunio-con-demas-gremios\/\" \/>\n<meta property=\"og:site_name\" content=\"CVI NOTICIAS\" \/>\n<meta property=\"article:publisher\" content=\"https:\/\/www.facebook.com\/cvinoticias\" \/>\n<meta property=\"article:published_time\" content=\"2021-06-26T00:16:28+00:00\" \/>\n<meta property=\"og:image\" content=\"https:\/\/cvinoticias.com\/wp-content\/uploads\/2021\/06\/IMG-20210625-WA0073.jpg\" \/>\n\t<meta property=\"og:image:width\" content=\"1156\" \/>\n\t<meta property=\"og:image:height\" content=\"521\" \/>\n\t<meta property=\"og:image:type\" content=\"image\/jpeg\" \/>\n<meta name=\"author\" content=\"f1000024\" \/>\n<meta name=\"twitter:card\" content=\"summary_large_image\" \/>\n<meta name=\"twitter:label1\" content=\"Escrito por\" \/>\n\t<meta name=\"twitter:data1\" content=\"f1000024\" \/>\n\t<meta name=\"twitter:label2\" content=\"Tiempo de lectura\" \/>\n\t<meta name=\"twitter:data2\" content=\"1 minuto\" \/>\n<script type=\"application\/ld+json\" class=\"yoast-schema-graph\">{\"@context\":\"https:\\\/\\\/schema.org\",\"@graph\":[{\"@type\":\"Article\",\"@id\":\"https:\\\/\\\/cvinoticias.com\\\/v3\\\/udpm-se-reunio-con-demas-gremios\\\/#article\",\"isPartOf\":{\"@id\":\"https:\\\/\\\/cvinoticias.com\\\/v3\\\/udpm-se-reunio-con-demas-gremios\\\/\"},\"author\":{\"name\":\"f1000024\",\"@id\":\"https:\\\/\\\/cvinoticias.com\\\/v3\\\/#\\\/schema\\\/person\\\/2db77e3c6bc03c538495d7b2b8be9b66\"},\"headline\":\"UDPM se reuni\u00f3 con dem\u00e1s gremios\",\"datePublished\":\"2021-06-26T00:16:28+00:00\",\"mainEntityOfPage\":{\"@id\":\"https:\\\/\\\/cvinoticias.com\\\/v3\\\/udpm-se-reunio-con-demas-gremios\\\/\"},\"wordCount\":278,\"commentCount\":0,\"publisher\":{\"@id\":\"https:\\\/\\\/cvinoticias.com\\\/v3\\\/#organization\"},\"image\":{\"@id\":\"https:\\\/\\\/cvinoticias.com\\\/v3\\\/udpm-se-reunio-con-demas-gremios\\\/#primaryimage\"},\"thumbnailUrl\":\"https:\\\/\\\/cvinoticias.com\\\/wp-content\\\/uploads\\\/2021\\\/06\\\/IMG-20210625-WA0073.jpg\",\"articleSection\":[\"Educacion\"],\"inLanguage\":\"es\",\"potentialAction\":[{\"@type\":\"CommentAction\",\"name\":\"Comment\",\"target\":[\"https:\\\/\\\/cvinoticias.com\\\/v3\\\/udpm-se-reunio-con-demas-gremios\\\/#respond\"]}]},{\"@type\":\"WebPage\",\"@id\":\"https:\\\/\\\/cvinoticias.com\\\/v3\\\/udpm-se-reunio-con-demas-gremios\\\/\",\"url\":\"https:\\\/\\\/cvinoticias.com\\\/v3\\\/udpm-se-reunio-con-demas-gremios\\\/\",\"name\":\"UDPM se reuni\u00f3 con dem\u00e1s gremios | CVI NOTICIAS\",\"isPartOf\":{\"@id\":\"https:\\\/\\\/cvinoticias.com\\\/v3\\\/#website\"},\"primaryImageOfPage\":{\"@id\":\"https:\\\/\\\/cvinoticias.com\\\/v3\\\/udpm-se-reunio-con-demas-gremios\\\/#primaryimage\"},\"image\":{\"@id\":\"https:\\\/\\\/cvinoticias.com\\\/v3\\\/udpm-se-reunio-con-demas-gremios\\\/#primaryimage\"},\"thumbnailUrl\":\"https:\\\/\\\/cvinoticias.com\\\/wp-content\\\/uploads\\\/2021\\\/06\\\/IMG-20210625-WA0073.jpg\",\"datePublished\":\"2021-06-26T00:16:28+00:00\",\"breadcrumb\":{\"@id\":\"https:\\\/\\\/cvinoticias.com\\\/v3\\\/udpm-se-reunio-con-demas-gremios\\\/#breadcrumb\"},\"inLanguage\":\"es\",\"potentialAction\":[{\"@type\":\"ReadAction\",\"target\":[\"https:\\\/\\\/cvinoticias.com\\\/v3\\\/udpm-se-reunio-con-demas-gremios\\\/\"]}]},{\"@type\":\"ImageObject\",\"inLanguage\":\"es\",\"@id\":\"https:\\\/\\\/cvinoticias.com\\\/v3\\\/udpm-se-reunio-con-demas-gremios\\\/#primaryimage\",\"url\":\"https:\\\/\\\/cvinoticias.com\\\/wp-content\\\/uploads\\\/2021\\\/06\\\/IMG-20210625-WA0073.jpg\",\"contentUrl\":\"https:\\\/\\\/cvinoticias.com\\\/wp-content\\\/uploads\\\/2021\\\/06\\\/IMG-20210625-WA0073.jpg\",\"width\":1156,\"height\":521},{\"@type\":\"BreadcrumbList\",\"@id\":\"https:\\\/\\\/cvinoticias.com\\\/v3\\\/udpm-se-reunio-con-demas-gremios\\\/#breadcrumb\",\"itemListElement\":[{\"@type\":\"ListItem\",\"position\":1,\"name\":\"Portada\",\"item\":\"https:\\\/\\\/cvinoticias.com\\\/v3\\\/\"},{\"@type\":\"ListItem\",\"position\":2,\"name\":\"UDPM se reuni\u00f3 con dem\u00e1s gremios\"}]},{\"@type\":\"WebSite\",\"@id\":\"https:\\\/\\\/cvinoticias.com\\\/v3\\\/#website\",\"url\":\"https:\\\/\\\/cvinoticias.com\\\/v3\\\/\",\"name\":\"CVI NOTICIAS\",\"description\":\"\",\"publisher\":{\"@id\":\"https:\\\/\\\/cvinoticias.com\\\/v3\\\/#organization\"},\"alternateName\":\"CVI\",\"potentialAction\":[{\"@type\":\"SearchAction\",\"target\":{\"@type\":\"EntryPoint\",\"urlTemplate\":\"https:\\\/\\\/cvinoticias.com\\\/v3\\\/?s={search_term_string}\"},\"query-input\":{\"@type\":\"PropertyValueSpecification\",\"valueRequired\":true,\"valueName\":\"search_term_string\"}}],\"inLanguage\":\"es\"},{\"@type\":\"Organization\",\"@id\":\"https:\\\/\\\/cvinoticias.com\\\/v3\\\/#organization\",\"name\":\"CVI NOTICIAS\",\"url\":\"https:\\\/\\\/cvinoticias.com\\\/v3\\\/\",\"logo\":{\"@type\":\"ImageObject\",\"inLanguage\":\"es\",\"@id\":\"https:\\\/\\\/cvinoticias.com\\\/v3\\\/#\\\/schema\\\/logo\\\/image\\\/\",\"url\":\"https:\\\/\\\/cvinoticias.com\\\/wp-content\\\/uploads\\\/2023\\\/04\\\/cropped-cropped-cropped-cropped-cropped-3-1.png\",\"contentUrl\":\"https:\\\/\\\/cvinoticias.com\\\/wp-content\\\/uploads\\\/2023\\\/04\\\/cropped-cropped-cropped-cropped-cropped-3-1.png\",\"width\":95,\"height\":122,\"caption\":\"CVI NOTICIAS\"},\"image\":{\"@id\":\"https:\\\/\\\/cvinoticias.com\\\/v3\\\/#\\\/schema\\\/logo\\\/image\\\/\"},\"sameAs\":[\"https:\\\/\\\/www.facebook.com\\\/cvinoticias\",\"https:\\\/\\\/www.instagram.com\\\/cvinoticias\\\/\",\"https:\\\/\\\/www.youtube.com\\\/@CVINOTICIAS\"]},{\"@type\":\"Person\",\"@id\":\"https:\\\/\\\/cvinoticias.com\\\/v3\\\/#\\\/schema\\\/person\\\/2db77e3c6bc03c538495d7b2b8be9b66\",\"name\":\"f1000024\",\"image\":{\"@type\":\"ImageObject\",\"inLanguage\":\"es\",\"@id\":\"https:\\\/\\\/secure.gravatar.com\\\/avatar\\\/d4fe7459cfc51ff5129ce1a732bbef5928568b8092d412ef95611616376bbeed?s=96&d=mm&r=g\",\"url\":\"https:\\\/\\\/secure.gravatar.com\\\/avatar\\\/d4fe7459cfc51ff5129ce1a732bbef5928568b8092d412ef95611616376bbeed?s=96&d=mm&r=g\",\"contentUrl\":\"https:\\\/\\\/secure.gravatar.com\\\/avatar\\\/d4fe7459cfc51ff5129ce1a732bbef5928568b8092d412ef95611616376bbeed?s=96&d=mm&r=g\",\"caption\":\"f1000024\"},\"url\":\"https:\\\/\\\/cvinoticias.com\\\/v3\\\/author\\\/f1000024\\\/\"}]}<\/script>\n<!-- \/ Yoast SEO plugin. -->","yoast_head_json":{"title":"UDPM se reuni\u00f3 con dem\u00e1s gremios | CVI NOTICIAS","robots":{"index":"index","follow":"follow","max-snippet":"max-snippet:-1","max-image-preview":"max-image-preview:large","max-video-preview":"max-video-preview:-1"},"canonical":"https:\/\/cvinoticias.com\/v3\/udpm-se-reunio-con-demas-gremios\/","og_locale":"es_ES","og_type":"article","og_title":"UDPM se reuni\u00f3 con dem\u00e1s gremios | CVI NOTICIAS","og_description":"En la ma\u00f1ana de \u00e9ste viernes en el sal\u00f3n oval del Ministerio de Educaci\u00f3n, se llev\u00f3 adelante la mesa paritaria, la primera para tratar grilla salarial respectivamente. En la misma estuvieron presentes autoridades del Ministerio de Educaci\u00f3n, CGE, c\u00e1mara de diputados y miembros paritarios de los gremios legalmente constituidos. El Secretario de UDPM Rub\u00e9n Dar\u00edo [&hellip;]","og_url":"https:\/\/cvinoticias.com\/v3\/udpm-se-reunio-con-demas-gremios\/","og_site_name":"CVI NOTICIAS","article_publisher":"https:\/\/www.facebook.com\/cvinoticias","article_published_time":"2021-06-26T00:16:28+00:00","og_image":[{"width":1156,"height":521,"url":"https:\/\/cvinoticias.com\/wp-content\/uploads\/2021\/06\/IMG-20210625-WA0073.jpg","type":"image\/jpeg"}],"author":"f1000024","twitter_card":"summary_large_image","twitter_misc":{"Escrito por":"f1000024","Tiempo de lectura":"1 minuto"},"schema":{"@context":"https:\/\/schema.org","@graph":[{"@type":"Article","@id":"https:\/\/cvinoticias.com\/v3\/udpm-se-reunio-con-demas-gremios\/#article","isPartOf":{"@id":"https:\/\/cvinoticias.com\/v3\/udpm-se-reunio-con-demas-gremios\/"},"author":{"name":"f1000024","@id":"https:\/\/cvinoticias.com\/v3\/#\/schema\/person\/2db77e3c6bc03c538495d7b2b8be9b66"},"headline":"UDPM se reuni\u00f3 con dem\u00e1s gremios","datePublished":"2021-06-26T00:16:28+00:00","mainEntityOfPage":{"@id":"https:\/\/cvinoticias.com\/v3\/udpm-se-reunio-con-demas-gremios\/"},"wordCount":278,"commentCount":0,"publisher":{"@id":"https:\/\/cvinoticias.com\/v3\/#organization"},"image":{"@id":"https:\/\/cvinoticias.com\/v3\/udpm-se-reunio-con-demas-gremios\/#primaryimage"},"thumbnailUrl":"https:\/\/cvinoticias.com\/wp-content\/uploads\/2021\/06\/IMG-20210625-WA0073.jpg","articleSection":["Educacion"],"inLanguage":"es","potentialAction":[{"@type":"CommentAction","name":"Comment","target":["https:\/\/cvinoticias.com\/v3\/udpm-se-reunio-con-demas-gremios\/#respond"]}]},{"@type":"WebPage","@id":"https:\/\/cvinoticias.com\/v3\/udpm-se-reunio-con-demas-gremios\/","url":"https:\/\/cvinoticias.com\/v3\/udpm-se-reunio-con-demas-gremios\/","name":"UDPM se reuni\u00f3 con dem\u00e1s gremios | CVI NOTICIAS","isPartOf":{"@id":"https:\/\/cvinoticias.com\/v3\/#website"},"primaryImageOfPage":{"@id":"https:\/\/cvinoticias.com\/v3\/udpm-se-reunio-con-demas-gremios\/#primaryimage"},"image":{"@id":"https:\/\/cvinoticias.com\/v3\/udpm-se-reunio-con-demas-gremios\/#primaryimage"},"thumbnailUrl":"https:\/\/cvinoticias.com\/wp-content\/uploads\/2021\/06\/IMG-20210625-WA0073.jpg","datePublished":"2021-06-26T00:16:28+00:00","breadcrumb":{"@id":"https:\/\/cvinoticias.com\/v3\/udpm-se-reunio-con-demas-gremios\/#breadcrumb"},"inLanguage":"es","potentialAction":[{"@type":"ReadAction","target":["https:\/\/cvinoticias.com\/v3\/udpm-se-reunio-con-demas-gremios\/"]}]},{"@type":"ImageObject","inLanguage":"es","@id":"https:\/\/cvinoticias.com\/v3\/udpm-se-reunio-con-demas-gremios\/#primaryimage","url":"https:\/\/cvinoticias.com\/wp-content\/uploads\/2021\/06\/IMG-20210625-WA0073.jpg","contentUrl":"https:\/\/cvinoticias.com\/wp-content\/uploads\/2021\/06\/IMG-20210625-WA0073.jpg","width":1156,"height":521},{"@type":"BreadcrumbList","@id":"https:\/\/cvinoticias.com\/v3\/udpm-se-reunio-con-demas-gremios\/#breadcrumb","itemListElement":[{"@type":"ListItem","position":1,"name":"Portada","item":"https:\/\/cvinoticias.com\/v3\/"},{"@type":"ListItem","position":2,"name":"UDPM se reuni\u00f3 con dem\u00e1s gremios"}]},{"@type":"WebSite","@id":"https:\/\/cvinoticias.com\/v3\/#website","url":"https:\/\/cvinoticias.com\/v3\/","name":"CVI NOTICIAS","description":"","publisher":{"@id":"https:\/\/cvinoticias.com\/v3\/#organization"},"alternateName":"CVI","potentialAction":[{"@type":"SearchAction","target":{"@type":"EntryPoint","urlTemplate":"https:\/\/cvinoticias.com\/v3\/?s={search_term_string}"},"query-input":{"@type":"PropertyValueSpecification","valueRequired":true,"valueName":"search_term_string"}}],"inLanguage":"es"},{"@type":"Organization","@id":"https:\/\/cvinoticias.com\/v3\/#organization","name":"CVI NOTICIAS","url":"https:\/\/cvinoticias.com\/v3\/","logo":{"@type":"ImageObject","inLanguage":"es","@id":"https:\/\/cvinoticias.com\/v3\/#\/schema\/logo\/image\/","url":"https:\/\/cvinoticias.com\/wp-content\/uploads\/2023\/04\/cropped-cropped-cropped-cropped-cropped-3-1.png","contentUrl":"https:\/\/cvinoticias.com\/wp-content\/uploads\/2023\/04\/cropped-cropped-cropped-cropped-cropped-3-1.png","width":95,"height":122,"caption":"CVI NOTICIAS"},"image":{"@id":"https:\/\/cvinoticias.com\/v3\/#\/schema\/logo\/image\/"},"sameAs":["https:\/\/www.facebook.com\/cvinoticias","https:\/\/www.instagram.com\/cvinoticias\/","https:\/\/www.youtube.com\/@CVINOTICIAS"]},{"@type":"Person","@id":"https:\/\/cvinoticias.com\/v3\/#\/schema\/person\/2db77e3c6bc03c538495d7b2b8be9b66","name":"f1000024","image":{"@type":"ImageObject","inLanguage":"es","@id":"https:\/\/secure.gravatar.com\/avatar\/d4fe7459cfc51ff5129ce1a732bbef5928568b8092d412ef95611616376bbeed?s=96&d=mm&r=g","url":"https:\/\/secure.gravatar.com\/avatar\/d4fe7459cfc51ff5129ce1a732bbef5928568b8092d412ef95611616376bbeed?s=96&d=mm&r=g","contentUrl":"https:\/\/secure.gravatar.com\/avatar\/d4fe7459cfc51ff5129ce1a732bbef5928568b8092d412ef95611616376bbeed?s=96&d=mm&r=g","caption":"f1000024"},"url":"https:\/\/cvinoticias.com\/v3\/author\/f1000024\/"}]}},"_links":{"self":[{"href":"https:\/\/cvinoticias.com\/v3\/wp-json\/wp\/v2\/posts\/6325","targetHints":{"allow":["GET"]}}],"collection":[{"href":"https:\/\/cvinoticias.com\/v3\/wp-json\/wp\/v2\/posts"}],"about":[{"href":"https:\/\/cvinoticias.com\/v3\/wp-json\/wp\/v2\/types\/post"}],"author":[{"embeddable":true,"href":"https:\/\/cvinoticias.com\/v3\/wp-json\/wp\/v2\/users\/2"}],"replies":[{"embeddable":true,"href":"https:\/\/cvinoticias.com\/v3\/wp-json\/wp\/v2\/comments?post=6325"}],"version-history":[{"count":1,"href":"https:\/\/cvinoticias.com\/v3\/wp-json\/wp\/v2\/posts\/6325\/revisions"}],"predecessor-version":[{"id":6329,"href":"https:\/\/cvinoticias.com\/v3\/wp-json\/wp\/v2\/posts\/6325\/revisions\/6329"}],"wp:featuredmedia":[{"embeddable":true,"href":"https:\/\/cvinoticias.com\/v3\/wp-json\/wp\/v2\/media\/6326"}],"wp:attachment":[{"href":"https:\/\/cvinoticias.com\/v3\/wp-json\/wp\/v2\/media?parent=6325"}],"wp:term":[{"taxonomy":"category","embeddable":true,"href":"https:\/\/cvinoticias.com\/v3\/wp-json\/wp\/v2\/categories?post=6325"},{"taxonomy":"post_tag","embeddable":true,"href":"https:\/\/cvinoticias.com\/v3\/wp-json\/wp\/v2\/tags?post=6325"}],"curies":[{"name":"wp","href":"https:\/\/api.w.org\/{rel}","templated":true}]}}