{"id":6322,"date":"2021-06-25T23:32:15","date_gmt":"2021-06-25T23:32:15","guid":{"rendered":"https:\/\/cvinoticias.com\/v3\/?p=6322"},"modified":"2021-06-25T23:32:15","modified_gmt":"2021-06-25T23:32:15","slug":"secuestraron-un-vehiculo-por-falta-de-documentacion-del-motor-en-eldorado","status":"publish","type":"post","link":"https:\/\/cvinoticias.com\/v3\/secuestraron-un-vehiculo-por-falta-de-documentacion-del-motor-en-eldorado\/","title":{"rendered":"Secuestraron un veh\u00edculo por falta de documentaci\u00f3n del motor en Eldorado"},"content":{"rendered":"\n<p><strong><em>Fue un procedimiento que se realiz\u00f3 esta ma\u00f1ana en la planta de la divisi\u00f3n Verificaci\u00f3n del Automotor de la Unidad Regional III, donde peritos especializados incautaron un veh\u00edculo Volkswagen Pick Up por falta de documentaci\u00f3n del motor.<\/em><\/strong><\/p>\n\n\n\n<p>El rodado fue llevado por un hombre de 36 a\u00f1os para que los polic\u00edas puedan realizar la revisi\u00f3n t\u00e9cnica correspondiente. En el marco de las tareas de rigor, los efectivos detectaron la anomal\u00eda y por ello procedieron a su secuestro.<\/p>\n\n\n\n<p>Por orden de la Justicia, el veh\u00edculo qued\u00f3 en sede policial, remiti\u00e9ndose las actuaciones a la Comisar\u00eda 1ra de Eldorado.<\/p>\n","protected":false},"excerpt":{"rendered":"<p>Fue un procedimiento que se realiz\u00f3 esta ma\u00f1ana en la planta de la divisi\u00f3n Verificaci\u00f3n del Automotor de la Unidad Regional III, donde peritos especializados incautaron un veh\u00edculo Volkswagen Pick Up por falta de documentaci\u00f3n del motor. El rodado fue llevado por un hombre de 36 a\u00f1os para que los polic\u00edas puedan realizar la revisi\u00f3n [&hellip;]<\/p>\n","protected":false},"author":2,"featured_media":6323,"comment_status":"open","ping_status":"open","sticky":false,"template":"","format":"standard","meta":{"footnotes":""},"categories":[41],"tags":[],"class_list":["post-6322","post","type-post","status-publish","format-standard","has-post-thumbnail","hentry","category-policiales"],"yoast_head":"<!-- This site is optimized with the Yoast SEO plugin v27.4 - https:\/\/yoast.com\/product\/yoast-seo-wordpress\/ -->\n<title>Secuestraron un veh\u00edculo por falta de documentaci\u00f3n del motor en Eldorado | CVI NOTICIAS<\/title>\n<meta name=\"robots\" content=\"index, follow, max-snippet:-1, max-image-preview:large, max-video-preview:-1\" \/>\n<link rel=\"canonical\" href=\"https:\/\/cvinoticias.com\/v3\/secuestraron-un-vehiculo-por-falta-de-documentacion-del-motor-en-eldorado\/\" \/>\n<meta property=\"og:locale\" content=\"es_ES\" \/>\n<meta property=\"og:type\" content=\"article\" \/>\n<meta property=\"og:title\" content=\"Secuestraron un veh\u00edculo por falta de documentaci\u00f3n del motor en Eldorado | CVI NOTICIAS\" \/>\n<meta property=\"og:description\" content=\"Fue un procedimiento que se realiz\u00f3 esta ma\u00f1ana en la planta de la divisi\u00f3n Verificaci\u00f3n del Automotor de la Unidad Regional III, donde peritos especializados incautaron un veh\u00edculo Volkswagen Pick Up por falta de documentaci\u00f3n del motor. El rodado fue llevado por un hombre de 36 a\u00f1os para que los polic\u00edas puedan realizar la revisi\u00f3n [&hellip;]\" \/>\n<meta property=\"og:url\" content=\"https:\/\/cvinoticias.com\/v3\/secuestraron-un-vehiculo-por-falta-de-documentacion-del-motor-en-eldorado\/\" \/>\n<meta property=\"og:site_name\" content=\"CVI NOTICIAS\" \/>\n<meta property=\"article:publisher\" content=\"https:\/\/www.facebook.com\/cvinoticias\" \/>\n<meta property=\"article:published_time\" content=\"2021-06-25T23:32:15+00:00\" \/>\n<meta property=\"og:image\" content=\"https:\/\/cvinoticias.com\/wp-content\/uploads\/2021\/06\/FB_IMG_1624663748914.jpg\" \/>\n\t<meta property=\"og:image:width\" content=\"960\" \/>\n\t<meta property=\"og:image:height\" content=\"1200\" \/>\n\t<meta property=\"og:image:type\" content=\"image\/jpeg\" \/>\n<meta name=\"author\" content=\"f1000024\" \/>\n<meta name=\"twitter:card\" content=\"summary_large_image\" \/>\n<meta name=\"twitter:label1\" content=\"Escrito por\" \/>\n\t<meta name=\"twitter:data1\" content=\"f1000024\" \/>\n\t<meta name=\"twitter:label2\" content=\"Tiempo de lectura\" \/>\n\t<meta name=\"twitter:data2\" content=\"1 minuto\" \/>\n<script type=\"application\/ld+json\" class=\"yoast-schema-graph\">{\"@context\":\"https:\\\/\\\/schema.org\",\"@graph\":[{\"@type\":\"Article\",\"@id\":\"https:\\\/\\\/cvinoticias.com\\\/v3\\\/secuestraron-un-vehiculo-por-falta-de-documentacion-del-motor-en-eldorado\\\/#article\",\"isPartOf\":{\"@id\":\"https:\\\/\\\/cvinoticias.com\\\/v3\\\/secuestraron-un-vehiculo-por-falta-de-documentacion-del-motor-en-eldorado\\\/\"},\"author\":{\"name\":\"f1000024\",\"@id\":\"https:\\\/\\\/cvinoticias.com\\\/v3\\\/#\\\/schema\\\/person\\\/2db77e3c6bc03c538495d7b2b8be9b66\"},\"headline\":\"Secuestraron un veh\u00edculo por falta de documentaci\u00f3n del motor en Eldorado\",\"datePublished\":\"2021-06-25T23:32:15+00:00\",\"mainEntityOfPage\":{\"@id\":\"https:\\\/\\\/cvinoticias.com\\\/v3\\\/secuestraron-un-vehiculo-por-falta-de-documentacion-del-motor-en-eldorado\\\/\"},\"wordCount\":122,\"commentCount\":0,\"publisher\":{\"@id\":\"https:\\\/\\\/cvinoticias.com\\\/v3\\\/#organization\"},\"image\":{\"@id\":\"https:\\\/\\\/cvinoticias.com\\\/v3\\\/secuestraron-un-vehiculo-por-falta-de-documentacion-del-motor-en-eldorado\\\/#primaryimage\"},\"thumbnailUrl\":\"https:\\\/\\\/cvinoticias.com\\\/wp-content\\\/uploads\\\/2021\\\/06\\\/FB_IMG_1624663748914.jpg\",\"articleSection\":[\"Policiales\"],\"inLanguage\":\"es\",\"potentialAction\":[{\"@type\":\"CommentAction\",\"name\":\"Comment\",\"target\":[\"https:\\\/\\\/cvinoticias.com\\\/v3\\\/secuestraron-un-vehiculo-por-falta-de-documentacion-del-motor-en-eldorado\\\/#respond\"]}]},{\"@type\":\"WebPage\",\"@id\":\"https:\\\/\\\/cvinoticias.com\\\/v3\\\/secuestraron-un-vehiculo-por-falta-de-documentacion-del-motor-en-eldorado\\\/\",\"url\":\"https:\\\/\\\/cvinoticias.com\\\/v3\\\/secuestraron-un-vehiculo-por-falta-de-documentacion-del-motor-en-eldorado\\\/\",\"name\":\"Secuestraron un veh\u00edculo por falta de documentaci\u00f3n del motor en Eldorado | CVI NOTICIAS\",\"isPartOf\":{\"@id\":\"https:\\\/\\\/cvinoticias.com\\\/v3\\\/#website\"},\"primaryImageOfPage\":{\"@id\":\"https:\\\/\\\/cvinoticias.com\\\/v3\\\/secuestraron-un-vehiculo-por-falta-de-documentacion-del-motor-en-eldorado\\\/#primaryimage\"},\"image\":{\"@id\":\"https:\\\/\\\/cvinoticias.com\\\/v3\\\/secuestraron-un-vehiculo-por-falta-de-documentacion-del-motor-en-eldorado\\\/#primaryimage\"},\"thumbnailUrl\":\"https:\\\/\\\/cvinoticias.com\\\/wp-content\\\/uploads\\\/2021\\\/06\\\/FB_IMG_1624663748914.jpg\",\"datePublished\":\"2021-06-25T23:32:15+00:00\",\"breadcrumb\":{\"@id\":\"https:\\\/\\\/cvinoticias.com\\\/v3\\\/secuestraron-un-vehiculo-por-falta-de-documentacion-del-motor-en-eldorado\\\/#breadcrumb\"},\"inLanguage\":\"es\",\"potentialAction\":[{\"@type\":\"ReadAction\",\"target\":[\"https:\\\/\\\/cvinoticias.com\\\/v3\\\/secuestraron-un-vehiculo-por-falta-de-documentacion-del-motor-en-eldorado\\\/\"]}]},{\"@type\":\"ImageObject\",\"inLanguage\":\"es\",\"@id\":\"https:\\\/\\\/cvinoticias.com\\\/v3\\\/secuestraron-un-vehiculo-por-falta-de-documentacion-del-motor-en-eldorado\\\/#primaryimage\",\"url\":\"https:\\\/\\\/cvinoticias.com\\\/wp-content\\\/uploads\\\/2021\\\/06\\\/FB_IMG_1624663748914.jpg\",\"contentUrl\":\"https:\\\/\\\/cvinoticias.com\\\/wp-content\\\/uploads\\\/2021\\\/06\\\/FB_IMG_1624663748914.jpg\",\"width\":960,\"height\":1200},{\"@type\":\"BreadcrumbList\",\"@id\":\"https:\\\/\\\/cvinoticias.com\\\/v3\\\/secuestraron-un-vehiculo-por-falta-de-documentacion-del-motor-en-eldorado\\\/#breadcrumb\",\"itemListElement\":[{\"@type\":\"ListItem\",\"position\":1,\"name\":\"Portada\",\"item\":\"https:\\\/\\\/cvinoticias.com\\\/v3\\\/\"},{\"@type\":\"ListItem\",\"position\":2,\"name\":\"Secuestraron un veh\u00edculo por falta de documentaci\u00f3n del motor en Eldorado\"}]},{\"@type\":\"WebSite\",\"@id\":\"https:\\\/\\\/cvinoticias.com\\\/v3\\\/#website\",\"url\":\"https:\\\/\\\/cvinoticias.com\\\/v3\\\/\",\"name\":\"CVI NOTICIAS\",\"description\":\"\",\"publisher\":{\"@id\":\"https:\\\/\\\/cvinoticias.com\\\/v3\\\/#organization\"},\"alternateName\":\"CVI\",\"potentialAction\":[{\"@type\":\"SearchAction\",\"target\":{\"@type\":\"EntryPoint\",\"urlTemplate\":\"https:\\\/\\\/cvinoticias.com\\\/v3\\\/?s={search_term_string}\"},\"query-input\":{\"@type\":\"PropertyValueSpecification\",\"valueRequired\":true,\"valueName\":\"search_term_string\"}}],\"inLanguage\":\"es\"},{\"@type\":\"Organization\",\"@id\":\"https:\\\/\\\/cvinoticias.com\\\/v3\\\/#organization\",\"name\":\"CVI NOTICIAS\",\"url\":\"https:\\\/\\\/cvinoticias.com\\\/v3\\\/\",\"logo\":{\"@type\":\"ImageObject\",\"inLanguage\":\"es\",\"@id\":\"https:\\\/\\\/cvinoticias.com\\\/v3\\\/#\\\/schema\\\/logo\\\/image\\\/\",\"url\":\"https:\\\/\\\/cvinoticias.com\\\/wp-content\\\/uploads\\\/2023\\\/04\\\/cropped-cropped-cropped-cropped-cropped-3-1.png\",\"contentUrl\":\"https:\\\/\\\/cvinoticias.com\\\/wp-content\\\/uploads\\\/2023\\\/04\\\/cropped-cropped-cropped-cropped-cropped-3-1.png\",\"width\":95,\"height\":122,\"caption\":\"CVI NOTICIAS\"},\"image\":{\"@id\":\"https:\\\/\\\/cvinoticias.com\\\/v3\\\/#\\\/schema\\\/logo\\\/image\\\/\"},\"sameAs\":[\"https:\\\/\\\/www.facebook.com\\\/cvinoticias\",\"https:\\\/\\\/www.instagram.com\\\/cvinoticias\\\/\",\"https:\\\/\\\/www.youtube.com\\\/@CVINOTICIAS\"]},{\"@type\":\"Person\",\"@id\":\"https:\\\/\\\/cvinoticias.com\\\/v3\\\/#\\\/schema\\\/person\\\/2db77e3c6bc03c538495d7b2b8be9b66\",\"name\":\"f1000024\",\"image\":{\"@type\":\"ImageObject\",\"inLanguage\":\"es\",\"@id\":\"https:\\\/\\\/secure.gravatar.com\\\/avatar\\\/d4fe7459cfc51ff5129ce1a732bbef5928568b8092d412ef95611616376bbeed?s=96&d=mm&r=g\",\"url\":\"https:\\\/\\\/secure.gravatar.com\\\/avatar\\\/d4fe7459cfc51ff5129ce1a732bbef5928568b8092d412ef95611616376bbeed?s=96&d=mm&r=g\",\"contentUrl\":\"https:\\\/\\\/secure.gravatar.com\\\/avatar\\\/d4fe7459cfc51ff5129ce1a732bbef5928568b8092d412ef95611616376bbeed?s=96&d=mm&r=g\",\"caption\":\"f1000024\"},\"url\":\"https:\\\/\\\/cvinoticias.com\\\/v3\\\/author\\\/f1000024\\\/\"}]}<\/script>\n<!-- \/ Yoast SEO plugin. -->","yoast_head_json":{"title":"Secuestraron un veh\u00edculo por falta de documentaci\u00f3n del motor en Eldorado | CVI NOTICIAS","robots":{"index":"index","follow":"follow","max-snippet":"max-snippet:-1","max-image-preview":"max-image-preview:large","max-video-preview":"max-video-preview:-1"},"canonical":"https:\/\/cvinoticias.com\/v3\/secuestraron-un-vehiculo-por-falta-de-documentacion-del-motor-en-eldorado\/","og_locale":"es_ES","og_type":"article","og_title":"Secuestraron un veh\u00edculo por falta de documentaci\u00f3n del motor en Eldorado | CVI NOTICIAS","og_description":"Fue un procedimiento que se realiz\u00f3 esta ma\u00f1ana en la planta de la divisi\u00f3n Verificaci\u00f3n del Automotor de la Unidad Regional III, donde peritos especializados incautaron un veh\u00edculo Volkswagen Pick Up por falta de documentaci\u00f3n del motor. El rodado fue llevado por un hombre de 36 a\u00f1os para que los polic\u00edas puedan realizar la revisi\u00f3n [&hellip;]","og_url":"https:\/\/cvinoticias.com\/v3\/secuestraron-un-vehiculo-por-falta-de-documentacion-del-motor-en-eldorado\/","og_site_name":"CVI NOTICIAS","article_publisher":"https:\/\/www.facebook.com\/cvinoticias","article_published_time":"2021-06-25T23:32:15+00:00","og_image":[{"width":960,"height":1200,"url":"https:\/\/cvinoticias.com\/wp-content\/uploads\/2021\/06\/FB_IMG_1624663748914.jpg","type":"image\/jpeg"}],"author":"f1000024","twitter_card":"summary_large_image","twitter_misc":{"Escrito por":"f1000024","Tiempo de lectura":"1 minuto"},"schema":{"@context":"https:\/\/schema.org","@graph":[{"@type":"Article","@id":"https:\/\/cvinoticias.com\/v3\/secuestraron-un-vehiculo-por-falta-de-documentacion-del-motor-en-eldorado\/#article","isPartOf":{"@id":"https:\/\/cvinoticias.com\/v3\/secuestraron-un-vehiculo-por-falta-de-documentacion-del-motor-en-eldorado\/"},"author":{"name":"f1000024","@id":"https:\/\/cvinoticias.com\/v3\/#\/schema\/person\/2db77e3c6bc03c538495d7b2b8be9b66"},"headline":"Secuestraron un veh\u00edculo por falta de documentaci\u00f3n del motor en Eldorado","datePublished":"2021-06-25T23:32:15+00:00","mainEntityOfPage":{"@id":"https:\/\/cvinoticias.com\/v3\/secuestraron-un-vehiculo-por-falta-de-documentacion-del-motor-en-eldorado\/"},"wordCount":122,"commentCount":0,"publisher":{"@id":"https:\/\/cvinoticias.com\/v3\/#organization"},"image":{"@id":"https:\/\/cvinoticias.com\/v3\/secuestraron-un-vehiculo-por-falta-de-documentacion-del-motor-en-eldorado\/#primaryimage"},"thumbnailUrl":"https:\/\/cvinoticias.com\/wp-content\/uploads\/2021\/06\/FB_IMG_1624663748914.jpg","articleSection":["Policiales"],"inLanguage":"es","potentialAction":[{"@type":"CommentAction","name":"Comment","target":["https:\/\/cvinoticias.com\/v3\/secuestraron-un-vehiculo-por-falta-de-documentacion-del-motor-en-eldorado\/#respond"]}]},{"@type":"WebPage","@id":"https:\/\/cvinoticias.com\/v3\/secuestraron-un-vehiculo-por-falta-de-documentacion-del-motor-en-eldorado\/","url":"https:\/\/cvinoticias.com\/v3\/secuestraron-un-vehiculo-por-falta-de-documentacion-del-motor-en-eldorado\/","name":"Secuestraron un veh\u00edculo por falta de documentaci\u00f3n del motor en Eldorado | CVI NOTICIAS","isPartOf":{"@id":"https:\/\/cvinoticias.com\/v3\/#website"},"primaryImageOfPage":{"@id":"https:\/\/cvinoticias.com\/v3\/secuestraron-un-vehiculo-por-falta-de-documentacion-del-motor-en-eldorado\/#primaryimage"},"image":{"@id":"https:\/\/cvinoticias.com\/v3\/secuestraron-un-vehiculo-por-falta-de-documentacion-del-motor-en-eldorado\/#primaryimage"},"thumbnailUrl":"https:\/\/cvinoticias.com\/wp-content\/uploads\/2021\/06\/FB_IMG_1624663748914.jpg","datePublished":"2021-06-25T23:32:15+00:00","breadcrumb":{"@id":"https:\/\/cvinoticias.com\/v3\/secuestraron-un-vehiculo-por-falta-de-documentacion-del-motor-en-eldorado\/#breadcrumb"},"inLanguage":"es","potentialAction":[{"@type":"ReadAction","target":["https:\/\/cvinoticias.com\/v3\/secuestraron-un-vehiculo-por-falta-de-documentacion-del-motor-en-eldorado\/"]}]},{"@type":"ImageObject","inLanguage":"es","@id":"https:\/\/cvinoticias.com\/v3\/secuestraron-un-vehiculo-por-falta-de-documentacion-del-motor-en-eldorado\/#primaryimage","url":"https:\/\/cvinoticias.com\/wp-content\/uploads\/2021\/06\/FB_IMG_1624663748914.jpg","contentUrl":"https:\/\/cvinoticias.com\/wp-content\/uploads\/2021\/06\/FB_IMG_1624663748914.jpg","width":960,"height":1200},{"@type":"BreadcrumbList","@id":"https:\/\/cvinoticias.com\/v3\/secuestraron-un-vehiculo-por-falta-de-documentacion-del-motor-en-eldorado\/#breadcrumb","itemListElement":[{"@type":"ListItem","position":1,"name":"Portada","item":"https:\/\/cvinoticias.com\/v3\/"},{"@type":"ListItem","position":2,"name":"Secuestraron un veh\u00edculo por falta de documentaci\u00f3n del motor en Eldorado"}]},{"@type":"WebSite","@id":"https:\/\/cvinoticias.com\/v3\/#website","url":"https:\/\/cvinoticias.com\/v3\/","name":"CVI NOTICIAS","description":"","publisher":{"@id":"https:\/\/cvinoticias.com\/v3\/#organization"},"alternateName":"CVI","potentialAction":[{"@type":"SearchAction","target":{"@type":"EntryPoint","urlTemplate":"https:\/\/cvinoticias.com\/v3\/?s={search_term_string}"},"query-input":{"@type":"PropertyValueSpecification","valueRequired":true,"valueName":"search_term_string"}}],"inLanguage":"es"},{"@type":"Organization","@id":"https:\/\/cvinoticias.com\/v3\/#organization","name":"CVI NOTICIAS","url":"https:\/\/cvinoticias.com\/v3\/","logo":{"@type":"ImageObject","inLanguage":"es","@id":"https:\/\/cvinoticias.com\/v3\/#\/schema\/logo\/image\/","url":"https:\/\/cvinoticias.com\/wp-content\/uploads\/2023\/04\/cropped-cropped-cropped-cropped-cropped-3-1.png","contentUrl":"https:\/\/cvinoticias.com\/wp-content\/uploads\/2023\/04\/cropped-cropped-cropped-cropped-cropped-3-1.png","width":95,"height":122,"caption":"CVI NOTICIAS"},"image":{"@id":"https:\/\/cvinoticias.com\/v3\/#\/schema\/logo\/image\/"},"sameAs":["https:\/\/www.facebook.com\/cvinoticias","https:\/\/www.instagram.com\/cvinoticias\/","https:\/\/www.youtube.com\/@CVINOTICIAS"]},{"@type":"Person","@id":"https:\/\/cvinoticias.com\/v3\/#\/schema\/person\/2db77e3c6bc03c538495d7b2b8be9b66","name":"f1000024","image":{"@type":"ImageObject","inLanguage":"es","@id":"https:\/\/secure.gravatar.com\/avatar\/d4fe7459cfc51ff5129ce1a732bbef5928568b8092d412ef95611616376bbeed?s=96&d=mm&r=g","url":"https:\/\/secure.gravatar.com\/avatar\/d4fe7459cfc51ff5129ce1a732bbef5928568b8092d412ef95611616376bbeed?s=96&d=mm&r=g","contentUrl":"https:\/\/secure.gravatar.com\/avatar\/d4fe7459cfc51ff5129ce1a732bbef5928568b8092d412ef95611616376bbeed?s=96&d=mm&r=g","caption":"f1000024"},"url":"https:\/\/cvinoticias.com\/v3\/author\/f1000024\/"}]}},"_links":{"self":[{"href":"https:\/\/cvinoticias.com\/v3\/wp-json\/wp\/v2\/posts\/6322","targetHints":{"allow":["GET"]}}],"collection":[{"href":"https:\/\/cvinoticias.com\/v3\/wp-json\/wp\/v2\/posts"}],"about":[{"href":"https:\/\/cvinoticias.com\/v3\/wp-json\/wp\/v2\/types\/post"}],"author":[{"embeddable":true,"href":"https:\/\/cvinoticias.com\/v3\/wp-json\/wp\/v2\/users\/2"}],"replies":[{"embeddable":true,"href":"https:\/\/cvinoticias.com\/v3\/wp-json\/wp\/v2\/comments?post=6322"}],"version-history":[{"count":1,"href":"https:\/\/cvinoticias.com\/v3\/wp-json\/wp\/v2\/posts\/6322\/revisions"}],"predecessor-version":[{"id":6324,"href":"https:\/\/cvinoticias.com\/v3\/wp-json\/wp\/v2\/posts\/6322\/revisions\/6324"}],"wp:featuredmedia":[{"embeddable":true,"href":"https:\/\/cvinoticias.com\/v3\/wp-json\/wp\/v2\/media\/6323"}],"wp:attachment":[{"href":"https:\/\/cvinoticias.com\/v3\/wp-json\/wp\/v2\/media?parent=6322"}],"wp:term":[{"taxonomy":"category","embeddable":true,"href":"https:\/\/cvinoticias.com\/v3\/wp-json\/wp\/v2\/categories?post=6322"},{"taxonomy":"post_tag","embeddable":true,"href":"https:\/\/cvinoticias.com\/v3\/wp-json\/wp\/v2\/tags?post=6322"}],"curies":[{"name":"wp","href":"https:\/\/api.w.org\/{rel}","templated":true}]}}