{"id":6315,"date":"2021-06-25T23:01:13","date_gmt":"2021-06-25T23:01:13","guid":{"rendered":"https:\/\/cvinoticias.com\/v3\/?p=6315"},"modified":"2021-06-25T23:01:13","modified_gmt":"2021-06-25T23:01:13","slug":"san-vicente-detuvieron-a-un-camionero-por-denunciar-un-falso-robo","status":"publish","type":"post","link":"https:\/\/cvinoticias.com\/v3\/san-vicente-detuvieron-a-un-camionero-por-denunciar-un-falso-robo\/","title":{"rendered":"San Vicente: Detuvieron a un camionero por denunciar un \u201cfalso robo\u201d"},"content":{"rendered":"\n<p><strong><em>Esta ma\u00f1ana, integrantes de la Unidad Regional VIII de San Vicente, arrestaron a un hombre de 31 a\u00f1os que est\u00e1 investigado por realizar una denuncia por un presunto robo calificado, ocurrido d\u00edas atr\u00e1s en el kilometro 49 de la ruta Provincial 13.<\/em><\/strong><\/p>\n\n\n\n<p>Todo comenz\u00f3 el d\u00eda 22 de junio, cuando el hombre declar\u00f3 que mientras manejaba por citada arteria, fue asaltado por tres personas armadas que, tras efectuar disparos en el rodado, le habr\u00edan robado una mochila con dinero en efectivo. Con el pasar de los d\u00edas y con las pruebas obtenidas, los polic\u00edas ten\u00edan fuertes dudas de la declaraci\u00f3n del denunciante y por este motivo, se solicit\u00f3 una orden de allanamiento en su domicilio situado en el barrio Club Alem\u00e1n.<\/p>\n\n\n\n<p>Con la orden del Juez de Instrucci\u00f3n N\u00ba3 de San Vicente, los uniformados allanaron la morada del propietario que fue detenido e incautaron parte del dinero en cuesti\u00f3n, adem\u00e1s varios cartuchos calibre 12 que fueron utilizados en el hecho.<\/p>\n\n\n\n<p>El detenido fue trasladado y alojado en sede policial a disposici\u00f3n de la Justicia. En tanto, se contin\u00faa la investigaci\u00f3n a fin de esclarecer el hecho por completo.<\/p>\n\n\n\n<figure class=\"wp-block-image size-large\"><a href=\"https:\/\/cvinoticias.com\/wp-content\/uploads\/2021\/06\/FB_IMG_1624661802047.jpg\"><img decoding=\"async\" width=\"857\" height=\"720\" data-src=\"https:\/\/cvinoticias.com\/wp-content\/uploads\/2021\/06\/FB_IMG_1624661802047.jpg\" alt=\"\" class=\"wp-image-6317 lazyload\" data-srcset=\"https:\/\/cvinoticias.com\/wp-content\/uploads\/2021\/06\/FB_IMG_1624661802047.jpg 857w, https:\/\/cvinoticias.com\/wp-content\/uploads\/2021\/06\/FB_IMG_1624661802047-300x252.jpg 300w, https:\/\/cvinoticias.com\/wp-content\/uploads\/2021\/06\/FB_IMG_1624661802047-768x645.jpg 768w\" data-sizes=\"(max-width: 857px) 100vw, 857px\" src=\"data:image\/svg+xml;base64,PHN2ZyB3aWR0aD0iMSIgaGVpZ2h0PSIxIiB4bWxucz0iaHR0cDovL3d3dy53My5vcmcvMjAwMC9zdmciPjwvc3ZnPg==\" style=\"--smush-placeholder-width: 857px; --smush-placeholder-aspect-ratio: 857\/720;\" \/><\/a><\/figure>\n","protected":false},"excerpt":{"rendered":"<p>Esta ma\u00f1ana, integrantes de la Unidad Regional VIII de San Vicente, arrestaron a un hombre de 31 a\u00f1os que est\u00e1 investigado por realizar una denuncia por un presunto robo calificado, ocurrido d\u00edas atr\u00e1s en el kilometro 49 de la ruta Provincial 13. Todo comenz\u00f3 el d\u00eda 22 de junio, cuando el hombre declar\u00f3 que mientras [&hellip;]<\/p>\n","protected":false},"author":2,"featured_media":6316,"comment_status":"open","ping_status":"open","sticky":false,"template":"","format":"standard","meta":{"footnotes":""},"categories":[41],"tags":[],"class_list":["post-6315","post","type-post","status-publish","format-standard","has-post-thumbnail","hentry","category-policiales"],"yoast_head":"<!-- This site is optimized with the Yoast SEO plugin v27.5 - https:\/\/yoast.com\/product\/yoast-seo-wordpress\/ -->\n<title>San Vicente: Detuvieron a un camionero por denunciar un \u201cfalso robo\u201d | CVI NOTICIAS<\/title>\n<meta name=\"robots\" content=\"index, follow, max-snippet:-1, max-image-preview:large, max-video-preview:-1\" \/>\n<link rel=\"canonical\" href=\"https:\/\/cvinoticias.com\/v3\/san-vicente-detuvieron-a-un-camionero-por-denunciar-un-falso-robo\/\" \/>\n<meta property=\"og:locale\" content=\"es_ES\" \/>\n<meta property=\"og:type\" content=\"article\" \/>\n<meta property=\"og:title\" content=\"San Vicente: Detuvieron a un camionero por denunciar un \u201cfalso robo\u201d | CVI NOTICIAS\" \/>\n<meta property=\"og:description\" content=\"Esta ma\u00f1ana, integrantes de la Unidad Regional VIII de San Vicente, arrestaron a un hombre de 31 a\u00f1os que est\u00e1 investigado por realizar una denuncia por un presunto robo calificado, ocurrido d\u00edas atr\u00e1s en el kilometro 49 de la ruta Provincial 13. Todo comenz\u00f3 el d\u00eda 22 de junio, cuando el hombre declar\u00f3 que mientras [&hellip;]\" \/>\n<meta property=\"og:url\" content=\"https:\/\/cvinoticias.com\/v3\/san-vicente-detuvieron-a-un-camionero-por-denunciar-un-falso-robo\/\" \/>\n<meta property=\"og:site_name\" content=\"CVI NOTICIAS\" \/>\n<meta property=\"article:publisher\" content=\"https:\/\/www.facebook.com\/cvinoticias\" \/>\n<meta property=\"article:published_time\" content=\"2021-06-25T23:01:13+00:00\" \/>\n<meta property=\"og:image\" content=\"https:\/\/cvinoticias.com\/wp-content\/uploads\/2021\/06\/FB_IMG_1624661798099.jpg\" \/>\n\t<meta property=\"og:image:width\" content=\"638\" \/>\n\t<meta property=\"og:image:height\" content=\"536\" \/>\n\t<meta property=\"og:image:type\" content=\"image\/jpeg\" \/>\n<meta name=\"author\" content=\"f1000024\" \/>\n<meta name=\"twitter:card\" content=\"summary_large_image\" \/>\n<meta name=\"twitter:label1\" content=\"Escrito por\" \/>\n\t<meta name=\"twitter:data1\" content=\"f1000024\" \/>\n\t<meta name=\"twitter:label2\" content=\"Tiempo de lectura\" \/>\n\t<meta name=\"twitter:data2\" content=\"1 minuto\" \/>\n<script type=\"application\/ld+json\" class=\"yoast-schema-graph\">{\"@context\":\"https:\\\/\\\/schema.org\",\"@graph\":[{\"@type\":\"Article\",\"@id\":\"https:\\\/\\\/cvinoticias.com\\\/v3\\\/san-vicente-detuvieron-a-un-camionero-por-denunciar-un-falso-robo\\\/#article\",\"isPartOf\":{\"@id\":\"https:\\\/\\\/cvinoticias.com\\\/v3\\\/san-vicente-detuvieron-a-un-camionero-por-denunciar-un-falso-robo\\\/\"},\"author\":{\"name\":\"f1000024\",\"@id\":\"https:\\\/\\\/cvinoticias.com\\\/v3\\\/#\\\/schema\\\/person\\\/2db77e3c6bc03c538495d7b2b8be9b66\"},\"headline\":\"San Vicente: Detuvieron a un camionero por denunciar un \u201cfalso robo\u201d\",\"datePublished\":\"2021-06-25T23:01:13+00:00\",\"mainEntityOfPage\":{\"@id\":\"https:\\\/\\\/cvinoticias.com\\\/v3\\\/san-vicente-detuvieron-a-un-camionero-por-denunciar-un-falso-robo\\\/\"},\"wordCount\":211,\"commentCount\":0,\"publisher\":{\"@id\":\"https:\\\/\\\/cvinoticias.com\\\/v3\\\/#organization\"},\"image\":{\"@id\":\"https:\\\/\\\/cvinoticias.com\\\/v3\\\/san-vicente-detuvieron-a-un-camionero-por-denunciar-un-falso-robo\\\/#primaryimage\"},\"thumbnailUrl\":\"https:\\\/\\\/cvinoticias.com\\\/wp-content\\\/uploads\\\/2021\\\/06\\\/FB_IMG_1624661798099.jpg\",\"articleSection\":[\"Policiales\"],\"inLanguage\":\"es\",\"potentialAction\":[{\"@type\":\"CommentAction\",\"name\":\"Comment\",\"target\":[\"https:\\\/\\\/cvinoticias.com\\\/v3\\\/san-vicente-detuvieron-a-un-camionero-por-denunciar-un-falso-robo\\\/#respond\"]}]},{\"@type\":\"WebPage\",\"@id\":\"https:\\\/\\\/cvinoticias.com\\\/v3\\\/san-vicente-detuvieron-a-un-camionero-por-denunciar-un-falso-robo\\\/\",\"url\":\"https:\\\/\\\/cvinoticias.com\\\/v3\\\/san-vicente-detuvieron-a-un-camionero-por-denunciar-un-falso-robo\\\/\",\"name\":\"San Vicente: Detuvieron a un camionero por denunciar un \u201cfalso robo\u201d | CVI NOTICIAS\",\"isPartOf\":{\"@id\":\"https:\\\/\\\/cvinoticias.com\\\/v3\\\/#website\"},\"primaryImageOfPage\":{\"@id\":\"https:\\\/\\\/cvinoticias.com\\\/v3\\\/san-vicente-detuvieron-a-un-camionero-por-denunciar-un-falso-robo\\\/#primaryimage\"},\"image\":{\"@id\":\"https:\\\/\\\/cvinoticias.com\\\/v3\\\/san-vicente-detuvieron-a-un-camionero-por-denunciar-un-falso-robo\\\/#primaryimage\"},\"thumbnailUrl\":\"https:\\\/\\\/cvinoticias.com\\\/wp-content\\\/uploads\\\/2021\\\/06\\\/FB_IMG_1624661798099.jpg\",\"datePublished\":\"2021-06-25T23:01:13+00:00\",\"breadcrumb\":{\"@id\":\"https:\\\/\\\/cvinoticias.com\\\/v3\\\/san-vicente-detuvieron-a-un-camionero-por-denunciar-un-falso-robo\\\/#breadcrumb\"},\"inLanguage\":\"es\",\"potentialAction\":[{\"@type\":\"ReadAction\",\"target\":[\"https:\\\/\\\/cvinoticias.com\\\/v3\\\/san-vicente-detuvieron-a-un-camionero-por-denunciar-un-falso-robo\\\/\"]}]},{\"@type\":\"ImageObject\",\"inLanguage\":\"es\",\"@id\":\"https:\\\/\\\/cvinoticias.com\\\/v3\\\/san-vicente-detuvieron-a-un-camionero-por-denunciar-un-falso-robo\\\/#primaryimage\",\"url\":\"https:\\\/\\\/cvinoticias.com\\\/wp-content\\\/uploads\\\/2021\\\/06\\\/FB_IMG_1624661798099.jpg\",\"contentUrl\":\"https:\\\/\\\/cvinoticias.com\\\/wp-content\\\/uploads\\\/2021\\\/06\\\/FB_IMG_1624661798099.jpg\",\"width\":638,\"height\":536},{\"@type\":\"BreadcrumbList\",\"@id\":\"https:\\\/\\\/cvinoticias.com\\\/v3\\\/san-vicente-detuvieron-a-un-camionero-por-denunciar-un-falso-robo\\\/#breadcrumb\",\"itemListElement\":[{\"@type\":\"ListItem\",\"position\":1,\"name\":\"Portada\",\"item\":\"https:\\\/\\\/cvinoticias.com\\\/v3\\\/\"},{\"@type\":\"ListItem\",\"position\":2,\"name\":\"San Vicente: Detuvieron a un camionero por denunciar un \u201cfalso robo\u201d\"}]},{\"@type\":\"WebSite\",\"@id\":\"https:\\\/\\\/cvinoticias.com\\\/v3\\\/#website\",\"url\":\"https:\\\/\\\/cvinoticias.com\\\/v3\\\/\",\"name\":\"CVI NOTICIAS\",\"description\":\"\",\"publisher\":{\"@id\":\"https:\\\/\\\/cvinoticias.com\\\/v3\\\/#organization\"},\"alternateName\":\"CVI\",\"potentialAction\":[{\"@type\":\"SearchAction\",\"target\":{\"@type\":\"EntryPoint\",\"urlTemplate\":\"https:\\\/\\\/cvinoticias.com\\\/v3\\\/?s={search_term_string}\"},\"query-input\":{\"@type\":\"PropertyValueSpecification\",\"valueRequired\":true,\"valueName\":\"search_term_string\"}}],\"inLanguage\":\"es\"},{\"@type\":\"Organization\",\"@id\":\"https:\\\/\\\/cvinoticias.com\\\/v3\\\/#organization\",\"name\":\"CVI NOTICIAS\",\"url\":\"https:\\\/\\\/cvinoticias.com\\\/v3\\\/\",\"logo\":{\"@type\":\"ImageObject\",\"inLanguage\":\"es\",\"@id\":\"https:\\\/\\\/cvinoticias.com\\\/v3\\\/#\\\/schema\\\/logo\\\/image\\\/\",\"url\":\"https:\\\/\\\/cvinoticias.com\\\/wp-content\\\/uploads\\\/2023\\\/04\\\/cropped-cropped-cropped-cropped-cropped-3-1.png\",\"contentUrl\":\"https:\\\/\\\/cvinoticias.com\\\/wp-content\\\/uploads\\\/2023\\\/04\\\/cropped-cropped-cropped-cropped-cropped-3-1.png\",\"width\":95,\"height\":122,\"caption\":\"CVI NOTICIAS\"},\"image\":{\"@id\":\"https:\\\/\\\/cvinoticias.com\\\/v3\\\/#\\\/schema\\\/logo\\\/image\\\/\"},\"sameAs\":[\"https:\\\/\\\/www.facebook.com\\\/cvinoticias\",\"https:\\\/\\\/www.instagram.com\\\/cvinoticias\\\/\",\"https:\\\/\\\/www.youtube.com\\\/@CVINOTICIAS\"]},{\"@type\":\"Person\",\"@id\":\"https:\\\/\\\/cvinoticias.com\\\/v3\\\/#\\\/schema\\\/person\\\/2db77e3c6bc03c538495d7b2b8be9b66\",\"name\":\"f1000024\",\"image\":{\"@type\":\"ImageObject\",\"inLanguage\":\"es\",\"@id\":\"https:\\\/\\\/secure.gravatar.com\\\/avatar\\\/d4fe7459cfc51ff5129ce1a732bbef5928568b8092d412ef95611616376bbeed?s=96&d=mm&r=g\",\"url\":\"https:\\\/\\\/secure.gravatar.com\\\/avatar\\\/d4fe7459cfc51ff5129ce1a732bbef5928568b8092d412ef95611616376bbeed?s=96&d=mm&r=g\",\"contentUrl\":\"https:\\\/\\\/secure.gravatar.com\\\/avatar\\\/d4fe7459cfc51ff5129ce1a732bbef5928568b8092d412ef95611616376bbeed?s=96&d=mm&r=g\",\"caption\":\"f1000024\"},\"url\":\"https:\\\/\\\/cvinoticias.com\\\/v3\\\/author\\\/f1000024\\\/\"}]}<\/script>\n<!-- \/ Yoast SEO plugin. -->","yoast_head_json":{"title":"San Vicente: Detuvieron a un camionero por denunciar un \u201cfalso robo\u201d | CVI NOTICIAS","robots":{"index":"index","follow":"follow","max-snippet":"max-snippet:-1","max-image-preview":"max-image-preview:large","max-video-preview":"max-video-preview:-1"},"canonical":"https:\/\/cvinoticias.com\/v3\/san-vicente-detuvieron-a-un-camionero-por-denunciar-un-falso-robo\/","og_locale":"es_ES","og_type":"article","og_title":"San Vicente: Detuvieron a un camionero por denunciar un \u201cfalso robo\u201d | CVI NOTICIAS","og_description":"Esta ma\u00f1ana, integrantes de la Unidad Regional VIII de San Vicente, arrestaron a un hombre de 31 a\u00f1os que est\u00e1 investigado por realizar una denuncia por un presunto robo calificado, ocurrido d\u00edas atr\u00e1s en el kilometro 49 de la ruta Provincial 13. Todo comenz\u00f3 el d\u00eda 22 de junio, cuando el hombre declar\u00f3 que mientras [&hellip;]","og_url":"https:\/\/cvinoticias.com\/v3\/san-vicente-detuvieron-a-un-camionero-por-denunciar-un-falso-robo\/","og_site_name":"CVI NOTICIAS","article_publisher":"https:\/\/www.facebook.com\/cvinoticias","article_published_time":"2021-06-25T23:01:13+00:00","og_image":[{"width":638,"height":536,"url":"https:\/\/cvinoticias.com\/wp-content\/uploads\/2021\/06\/FB_IMG_1624661798099.jpg","type":"image\/jpeg"}],"author":"f1000024","twitter_card":"summary_large_image","twitter_misc":{"Escrito por":"f1000024","Tiempo de lectura":"1 minuto"},"schema":{"@context":"https:\/\/schema.org","@graph":[{"@type":"Article","@id":"https:\/\/cvinoticias.com\/v3\/san-vicente-detuvieron-a-un-camionero-por-denunciar-un-falso-robo\/#article","isPartOf":{"@id":"https:\/\/cvinoticias.com\/v3\/san-vicente-detuvieron-a-un-camionero-por-denunciar-un-falso-robo\/"},"author":{"name":"f1000024","@id":"https:\/\/cvinoticias.com\/v3\/#\/schema\/person\/2db77e3c6bc03c538495d7b2b8be9b66"},"headline":"San Vicente: Detuvieron a un camionero por denunciar un \u201cfalso robo\u201d","datePublished":"2021-06-25T23:01:13+00:00","mainEntityOfPage":{"@id":"https:\/\/cvinoticias.com\/v3\/san-vicente-detuvieron-a-un-camionero-por-denunciar-un-falso-robo\/"},"wordCount":211,"commentCount":0,"publisher":{"@id":"https:\/\/cvinoticias.com\/v3\/#organization"},"image":{"@id":"https:\/\/cvinoticias.com\/v3\/san-vicente-detuvieron-a-un-camionero-por-denunciar-un-falso-robo\/#primaryimage"},"thumbnailUrl":"https:\/\/cvinoticias.com\/wp-content\/uploads\/2021\/06\/FB_IMG_1624661798099.jpg","articleSection":["Policiales"],"inLanguage":"es","potentialAction":[{"@type":"CommentAction","name":"Comment","target":["https:\/\/cvinoticias.com\/v3\/san-vicente-detuvieron-a-un-camionero-por-denunciar-un-falso-robo\/#respond"]}]},{"@type":"WebPage","@id":"https:\/\/cvinoticias.com\/v3\/san-vicente-detuvieron-a-un-camionero-por-denunciar-un-falso-robo\/","url":"https:\/\/cvinoticias.com\/v3\/san-vicente-detuvieron-a-un-camionero-por-denunciar-un-falso-robo\/","name":"San Vicente: Detuvieron a un camionero por denunciar un \u201cfalso robo\u201d | CVI NOTICIAS","isPartOf":{"@id":"https:\/\/cvinoticias.com\/v3\/#website"},"primaryImageOfPage":{"@id":"https:\/\/cvinoticias.com\/v3\/san-vicente-detuvieron-a-un-camionero-por-denunciar-un-falso-robo\/#primaryimage"},"image":{"@id":"https:\/\/cvinoticias.com\/v3\/san-vicente-detuvieron-a-un-camionero-por-denunciar-un-falso-robo\/#primaryimage"},"thumbnailUrl":"https:\/\/cvinoticias.com\/wp-content\/uploads\/2021\/06\/FB_IMG_1624661798099.jpg","datePublished":"2021-06-25T23:01:13+00:00","breadcrumb":{"@id":"https:\/\/cvinoticias.com\/v3\/san-vicente-detuvieron-a-un-camionero-por-denunciar-un-falso-robo\/#breadcrumb"},"inLanguage":"es","potentialAction":[{"@type":"ReadAction","target":["https:\/\/cvinoticias.com\/v3\/san-vicente-detuvieron-a-un-camionero-por-denunciar-un-falso-robo\/"]}]},{"@type":"ImageObject","inLanguage":"es","@id":"https:\/\/cvinoticias.com\/v3\/san-vicente-detuvieron-a-un-camionero-por-denunciar-un-falso-robo\/#primaryimage","url":"https:\/\/cvinoticias.com\/wp-content\/uploads\/2021\/06\/FB_IMG_1624661798099.jpg","contentUrl":"https:\/\/cvinoticias.com\/wp-content\/uploads\/2021\/06\/FB_IMG_1624661798099.jpg","width":638,"height":536},{"@type":"BreadcrumbList","@id":"https:\/\/cvinoticias.com\/v3\/san-vicente-detuvieron-a-un-camionero-por-denunciar-un-falso-robo\/#breadcrumb","itemListElement":[{"@type":"ListItem","position":1,"name":"Portada","item":"https:\/\/cvinoticias.com\/v3\/"},{"@type":"ListItem","position":2,"name":"San Vicente: Detuvieron a un camionero por denunciar un \u201cfalso robo\u201d"}]},{"@type":"WebSite","@id":"https:\/\/cvinoticias.com\/v3\/#website","url":"https:\/\/cvinoticias.com\/v3\/","name":"CVI NOTICIAS","description":"","publisher":{"@id":"https:\/\/cvinoticias.com\/v3\/#organization"},"alternateName":"CVI","potentialAction":[{"@type":"SearchAction","target":{"@type":"EntryPoint","urlTemplate":"https:\/\/cvinoticias.com\/v3\/?s={search_term_string}"},"query-input":{"@type":"PropertyValueSpecification","valueRequired":true,"valueName":"search_term_string"}}],"inLanguage":"es"},{"@type":"Organization","@id":"https:\/\/cvinoticias.com\/v3\/#organization","name":"CVI NOTICIAS","url":"https:\/\/cvinoticias.com\/v3\/","logo":{"@type":"ImageObject","inLanguage":"es","@id":"https:\/\/cvinoticias.com\/v3\/#\/schema\/logo\/image\/","url":"https:\/\/cvinoticias.com\/wp-content\/uploads\/2023\/04\/cropped-cropped-cropped-cropped-cropped-3-1.png","contentUrl":"https:\/\/cvinoticias.com\/wp-content\/uploads\/2023\/04\/cropped-cropped-cropped-cropped-cropped-3-1.png","width":95,"height":122,"caption":"CVI NOTICIAS"},"image":{"@id":"https:\/\/cvinoticias.com\/v3\/#\/schema\/logo\/image\/"},"sameAs":["https:\/\/www.facebook.com\/cvinoticias","https:\/\/www.instagram.com\/cvinoticias\/","https:\/\/www.youtube.com\/@CVINOTICIAS"]},{"@type":"Person","@id":"https:\/\/cvinoticias.com\/v3\/#\/schema\/person\/2db77e3c6bc03c538495d7b2b8be9b66","name":"f1000024","image":{"@type":"ImageObject","inLanguage":"es","@id":"https:\/\/secure.gravatar.com\/avatar\/d4fe7459cfc51ff5129ce1a732bbef5928568b8092d412ef95611616376bbeed?s=96&d=mm&r=g","url":"https:\/\/secure.gravatar.com\/avatar\/d4fe7459cfc51ff5129ce1a732bbef5928568b8092d412ef95611616376bbeed?s=96&d=mm&r=g","contentUrl":"https:\/\/secure.gravatar.com\/avatar\/d4fe7459cfc51ff5129ce1a732bbef5928568b8092d412ef95611616376bbeed?s=96&d=mm&r=g","caption":"f1000024"},"url":"https:\/\/cvinoticias.com\/v3\/author\/f1000024\/"}]}},"_links":{"self":[{"href":"https:\/\/cvinoticias.com\/v3\/wp-json\/wp\/v2\/posts\/6315","targetHints":{"allow":["GET"]}}],"collection":[{"href":"https:\/\/cvinoticias.com\/v3\/wp-json\/wp\/v2\/posts"}],"about":[{"href":"https:\/\/cvinoticias.com\/v3\/wp-json\/wp\/v2\/types\/post"}],"author":[{"embeddable":true,"href":"https:\/\/cvinoticias.com\/v3\/wp-json\/wp\/v2\/users\/2"}],"replies":[{"embeddable":true,"href":"https:\/\/cvinoticias.com\/v3\/wp-json\/wp\/v2\/comments?post=6315"}],"version-history":[{"count":1,"href":"https:\/\/cvinoticias.com\/v3\/wp-json\/wp\/v2\/posts\/6315\/revisions"}],"predecessor-version":[{"id":6318,"href":"https:\/\/cvinoticias.com\/v3\/wp-json\/wp\/v2\/posts\/6315\/revisions\/6318"}],"wp:featuredmedia":[{"embeddable":true,"href":"https:\/\/cvinoticias.com\/v3\/wp-json\/wp\/v2\/media\/6316"}],"wp:attachment":[{"href":"https:\/\/cvinoticias.com\/v3\/wp-json\/wp\/v2\/media?parent=6315"}],"wp:term":[{"taxonomy":"category","embeddable":true,"href":"https:\/\/cvinoticias.com\/v3\/wp-json\/wp\/v2\/categories?post=6315"},{"taxonomy":"post_tag","embeddable":true,"href":"https:\/\/cvinoticias.com\/v3\/wp-json\/wp\/v2\/tags?post=6315"}],"curies":[{"name":"wp","href":"https:\/\/api.w.org\/{rel}","templated":true}]}}