{"id":631,"date":"2020-12-14T15:53:14","date_gmt":"2020-12-14T15:53:14","guid":{"rendered":"https:\/\/cvinoticias.com\/v3\/?p=631"},"modified":"2020-12-15T00:27:30","modified_gmt":"2020-12-15T00:27:30","slug":"iguazu-ricardo-romero-nuevo-director-del-hogar-de-dia","status":"publish","type":"post","link":"https:\/\/cvinoticias.com\/v3\/iguazu-ricardo-romero-nuevo-director-del-hogar-de-dia\/","title":{"rendered":"Iguaz\u00fa: Ricardo Romero nuevo director del Hogar de D\u00eda"},"content":{"rendered":"\n<p><strong><em>Se realiz\u00f3 en la ma\u00f1ana de hoy lunes 15 de diciembre se realiz\u00f3 el cambio de autoridades en las instalaciones del Hogar de D\u00eda Iguaz\u00fa.<\/em><\/strong><\/p>\n\n\n\n<p>En este sentido asumi\u00f3 como nuevo Director Ricardo Romero, trabajador social, relevando en sus actividades, luego de 6 a\u00f1os al frente del mismo, al Sr Hugo L\u00f3pez  quien fue designado como  Coordinador del Departamento de Prevenci\u00f3n de Adicciones de la Zona Norte.<\/p>\n\n\n\n<figure class=\"wp-block-embed is-type-video is-provider-youtube wp-block-embed-youtube wp-embed-aspect-4-3 wp-has-aspect-ratio\"><div class=\"wp-block-embed__wrapper\">\n<iframe title=\"Nuevo director del Hogar de D\u00eda Iguaz\u00fa\" width=\"640\" height=\"480\" data-src=\"https:\/\/www.youtube.com\/embed\/yuIP3-USj3Y?feature=oembed\" frameborder=\"0\" allow=\"accelerometer; autoplay; clipboard-write; encrypted-media; gyroscope; picture-in-picture; web-share\" referrerpolicy=\"strict-origin-when-cross-origin\" allowfullscreen src=\"data:image\/svg+xml;base64,PHN2ZyB3aWR0aD0iMSIgaGVpZ2h0PSIxIiB4bWxucz0iaHR0cDovL3d3dy53My5vcmcvMjAwMC9zdmciPjwvc3ZnPg==\" class=\"lazyload\" data-load-mode=\"1\"><\/iframe>\n<\/div><\/figure>\n\n\n\n<figure class=\"wp-block-image size-large\"><a href=\"https:\/\/cvinoticias.com\/wp-content\/uploads\/2020\/12\/hp.jpg\"><img decoding=\"async\" width=\"1024\" height=\"664\" data-src=\"https:\/\/cvinoticias.com\/wp-content\/uploads\/2020\/12\/hp-1024x664.jpg\" alt=\"\" class=\"wp-image-632 lazyload\" data-srcset=\"https:\/\/cvinoticias.com\/wp-content\/uploads\/2020\/12\/hp-1024x664.jpg 1024w, https:\/\/cvinoticias.com\/wp-content\/uploads\/2020\/12\/hp-300x195.jpg 300w, https:\/\/cvinoticias.com\/wp-content\/uploads\/2020\/12\/hp-768x498.jpg 768w, https:\/\/cvinoticias.com\/wp-content\/uploads\/2020\/12\/hp.jpg 1280w\" data-sizes=\"(max-width: 1024px) 100vw, 1024px\" src=\"data:image\/svg+xml;base64,PHN2ZyB3aWR0aD0iMSIgaGVpZ2h0PSIxIiB4bWxucz0iaHR0cDovL3d3dy53My5vcmcvMjAwMC9zdmciPjwvc3ZnPg==\" style=\"--smush-placeholder-width: 1024px; --smush-placeholder-aspect-ratio: 1024\/664;\" \/><\/a><\/figure>\n\n\n\n<figure class=\"wp-block-image size-large\"><a href=\"https:\/\/cvinoticias.com\/wp-content\/uploads\/2020\/12\/rl.jpg\"><img decoding=\"async\" width=\"768\" height=\"1024\" data-src=\"https:\/\/cvinoticias.com\/wp-content\/uploads\/2020\/12\/rl-768x1024.jpg\" alt=\"\" class=\"wp-image-633 lazyload\" data-srcset=\"https:\/\/cvinoticias.com\/wp-content\/uploads\/2020\/12\/rl-768x1024.jpg 768w, https:\/\/cvinoticias.com\/wp-content\/uploads\/2020\/12\/rl-225x300.jpg 225w, https:\/\/cvinoticias.com\/wp-content\/uploads\/2020\/12\/rl.jpg 774w\" data-sizes=\"(max-width: 768px) 100vw, 768px\" src=\"data:image\/svg+xml;base64,PHN2ZyB3aWR0aD0iMSIgaGVpZ2h0PSIxIiB4bWxucz0iaHR0cDovL3d3dy53My5vcmcvMjAwMC9zdmciPjwvc3ZnPg==\" style=\"--smush-placeholder-width: 768px; --smush-placeholder-aspect-ratio: 768\/1024;\" \/><\/a><\/figure>\n","protected":false},"excerpt":{"rendered":"<p>Se realiz\u00f3 en la ma\u00f1ana de hoy lunes 15 de diciembre se realiz\u00f3 el cambio de autoridades en las instalaciones del Hogar de D\u00eda Iguaz\u00fa. En este sentido asumi\u00f3 como nuevo Director Ricardo Romero, trabajador social, relevando en sus actividades, luego de 6 a\u00f1os al frente del mismo, al Sr Hugo L\u00f3pez quien fue designado [&hellip;]<\/p>\n","protected":false},"author":2,"featured_media":634,"comment_status":"open","ping_status":"open","sticky":false,"template":"","format":"standard","meta":{"footnotes":""},"categories":[29],"tags":[203],"class_list":["post-631","post","type-post","status-publish","format-standard","has-post-thumbnail","hentry","category-locales","tag-cambio-de-directores"],"yoast_head":"<!-- This site is optimized with the Yoast SEO plugin v27.5 - https:\/\/yoast.com\/product\/yoast-seo-wordpress\/ -->\n<title>Iguaz\u00fa: Ricardo Romero nuevo director del Hogar de D\u00eda | CVI NOTICIAS<\/title>\n<meta name=\"robots\" content=\"index, follow, max-snippet:-1, max-image-preview:large, max-video-preview:-1\" \/>\n<link rel=\"canonical\" href=\"https:\/\/cvinoticias.com\/v3\/iguazu-ricardo-romero-nuevo-director-del-hogar-de-dia\/\" \/>\n<meta property=\"og:locale\" content=\"es_ES\" \/>\n<meta property=\"og:type\" content=\"article\" \/>\n<meta property=\"og:title\" content=\"Iguaz\u00fa: Ricardo Romero nuevo director del Hogar de D\u00eda | CVI NOTICIAS\" \/>\n<meta property=\"og:description\" content=\"Se realiz\u00f3 en la ma\u00f1ana de hoy lunes 15 de diciembre se realiz\u00f3 el cambio de autoridades en las instalaciones del Hogar de D\u00eda Iguaz\u00fa. En este sentido asumi\u00f3 como nuevo Director Ricardo Romero, trabajador social, relevando en sus actividades, luego de 6 a\u00f1os al frente del mismo, al Sr Hugo L\u00f3pez quien fue designado [&hellip;]\" \/>\n<meta property=\"og:url\" content=\"https:\/\/cvinoticias.com\/v3\/iguazu-ricardo-romero-nuevo-director-del-hogar-de-dia\/\" \/>\n<meta property=\"og:site_name\" content=\"CVI NOTICIAS\" \/>\n<meta property=\"article:publisher\" content=\"https:\/\/www.facebook.com\/cvinoticias\" \/>\n<meta property=\"article:published_time\" content=\"2020-12-14T15:53:14+00:00\" \/>\n<meta property=\"article:modified_time\" content=\"2020-12-15T00:27:30+00:00\" \/>\n<meta property=\"og:image\" content=\"https:\/\/cvinoticias.com\/wp-content\/uploads\/2020\/12\/jl.jpg\" \/>\n\t<meta property=\"og:image:width\" content=\"1032\" \/>\n\t<meta property=\"og:image:height\" content=\"581\" \/>\n\t<meta property=\"og:image:type\" content=\"image\/jpeg\" \/>\n<meta name=\"author\" content=\"f1000024\" \/>\n<meta name=\"twitter:card\" content=\"summary_large_image\" \/>\n<meta name=\"twitter:label1\" content=\"Escrito por\" \/>\n\t<meta name=\"twitter:data1\" content=\"f1000024\" \/>\n<script type=\"application\/ld+json\" class=\"yoast-schema-graph\">{\"@context\":\"https:\\\/\\\/schema.org\",\"@graph\":[{\"@type\":\"Article\",\"@id\":\"https:\\\/\\\/cvinoticias.com\\\/v3\\\/iguazu-ricardo-romero-nuevo-director-del-hogar-de-dia\\\/#article\",\"isPartOf\":{\"@id\":\"https:\\\/\\\/cvinoticias.com\\\/v3\\\/iguazu-ricardo-romero-nuevo-director-del-hogar-de-dia\\\/\"},\"author\":{\"name\":\"f1000024\",\"@id\":\"https:\\\/\\\/cvinoticias.com\\\/v3\\\/#\\\/schema\\\/person\\\/2db77e3c6bc03c538495d7b2b8be9b66\"},\"headline\":\"Iguaz\u00fa: Ricardo Romero nuevo director del Hogar de D\u00eda\",\"datePublished\":\"2020-12-14T15:53:14+00:00\",\"dateModified\":\"2020-12-15T00:27:30+00:00\",\"mainEntityOfPage\":{\"@id\":\"https:\\\/\\\/cvinoticias.com\\\/v3\\\/iguazu-ricardo-romero-nuevo-director-del-hogar-de-dia\\\/\"},\"wordCount\":89,\"commentCount\":0,\"publisher\":{\"@id\":\"https:\\\/\\\/cvinoticias.com\\\/v3\\\/#organization\"},\"image\":{\"@id\":\"https:\\\/\\\/cvinoticias.com\\\/v3\\\/iguazu-ricardo-romero-nuevo-director-del-hogar-de-dia\\\/#primaryimage\"},\"thumbnailUrl\":\"https:\\\/\\\/cvinoticias.com\\\/wp-content\\\/uploads\\\/2020\\\/12\\\/jl.jpg\",\"keywords\":[\"cambio de directores\"],\"articleSection\":[\"Locales\"],\"inLanguage\":\"es\",\"potentialAction\":[{\"@type\":\"CommentAction\",\"name\":\"Comment\",\"target\":[\"https:\\\/\\\/cvinoticias.com\\\/v3\\\/iguazu-ricardo-romero-nuevo-director-del-hogar-de-dia\\\/#respond\"]}]},{\"@type\":\"WebPage\",\"@id\":\"https:\\\/\\\/cvinoticias.com\\\/v3\\\/iguazu-ricardo-romero-nuevo-director-del-hogar-de-dia\\\/\",\"url\":\"https:\\\/\\\/cvinoticias.com\\\/v3\\\/iguazu-ricardo-romero-nuevo-director-del-hogar-de-dia\\\/\",\"name\":\"Iguaz\u00fa: Ricardo Romero nuevo director del Hogar de D\u00eda | CVI NOTICIAS\",\"isPartOf\":{\"@id\":\"https:\\\/\\\/cvinoticias.com\\\/v3\\\/#website\"},\"primaryImageOfPage\":{\"@id\":\"https:\\\/\\\/cvinoticias.com\\\/v3\\\/iguazu-ricardo-romero-nuevo-director-del-hogar-de-dia\\\/#primaryimage\"},\"image\":{\"@id\":\"https:\\\/\\\/cvinoticias.com\\\/v3\\\/iguazu-ricardo-romero-nuevo-director-del-hogar-de-dia\\\/#primaryimage\"},\"thumbnailUrl\":\"https:\\\/\\\/cvinoticias.com\\\/wp-content\\\/uploads\\\/2020\\\/12\\\/jl.jpg\",\"datePublished\":\"2020-12-14T15:53:14+00:00\",\"dateModified\":\"2020-12-15T00:27:30+00:00\",\"breadcrumb\":{\"@id\":\"https:\\\/\\\/cvinoticias.com\\\/v3\\\/iguazu-ricardo-romero-nuevo-director-del-hogar-de-dia\\\/#breadcrumb\"},\"inLanguage\":\"es\",\"potentialAction\":[{\"@type\":\"ReadAction\",\"target\":[\"https:\\\/\\\/cvinoticias.com\\\/v3\\\/iguazu-ricardo-romero-nuevo-director-del-hogar-de-dia\\\/\"]}]},{\"@type\":\"ImageObject\",\"inLanguage\":\"es\",\"@id\":\"https:\\\/\\\/cvinoticias.com\\\/v3\\\/iguazu-ricardo-romero-nuevo-director-del-hogar-de-dia\\\/#primaryimage\",\"url\":\"https:\\\/\\\/cvinoticias.com\\\/wp-content\\\/uploads\\\/2020\\\/12\\\/jl.jpg\",\"contentUrl\":\"https:\\\/\\\/cvinoticias.com\\\/wp-content\\\/uploads\\\/2020\\\/12\\\/jl.jpg\",\"width\":1032,\"height\":581},{\"@type\":\"BreadcrumbList\",\"@id\":\"https:\\\/\\\/cvinoticias.com\\\/v3\\\/iguazu-ricardo-romero-nuevo-director-del-hogar-de-dia\\\/#breadcrumb\",\"itemListElement\":[{\"@type\":\"ListItem\",\"position\":1,\"name\":\"Portada\",\"item\":\"https:\\\/\\\/cvinoticias.com\\\/v3\\\/\"},{\"@type\":\"ListItem\",\"position\":2,\"name\":\"Iguaz\u00fa: Ricardo Romero nuevo director del Hogar de D\u00eda\"}]},{\"@type\":\"WebSite\",\"@id\":\"https:\\\/\\\/cvinoticias.com\\\/v3\\\/#website\",\"url\":\"https:\\\/\\\/cvinoticias.com\\\/v3\\\/\",\"name\":\"CVI NOTICIAS\",\"description\":\"\",\"publisher\":{\"@id\":\"https:\\\/\\\/cvinoticias.com\\\/v3\\\/#organization\"},\"alternateName\":\"CVI\",\"potentialAction\":[{\"@type\":\"SearchAction\",\"target\":{\"@type\":\"EntryPoint\",\"urlTemplate\":\"https:\\\/\\\/cvinoticias.com\\\/v3\\\/?s={search_term_string}\"},\"query-input\":{\"@type\":\"PropertyValueSpecification\",\"valueRequired\":true,\"valueName\":\"search_term_string\"}}],\"inLanguage\":\"es\"},{\"@type\":\"Organization\",\"@id\":\"https:\\\/\\\/cvinoticias.com\\\/v3\\\/#organization\",\"name\":\"CVI NOTICIAS\",\"url\":\"https:\\\/\\\/cvinoticias.com\\\/v3\\\/\",\"logo\":{\"@type\":\"ImageObject\",\"inLanguage\":\"es\",\"@id\":\"https:\\\/\\\/cvinoticias.com\\\/v3\\\/#\\\/schema\\\/logo\\\/image\\\/\",\"url\":\"https:\\\/\\\/cvinoticias.com\\\/wp-content\\\/uploads\\\/2023\\\/04\\\/cropped-cropped-cropped-cropped-cropped-3-1.png\",\"contentUrl\":\"https:\\\/\\\/cvinoticias.com\\\/wp-content\\\/uploads\\\/2023\\\/04\\\/cropped-cropped-cropped-cropped-cropped-3-1.png\",\"width\":95,\"height\":122,\"caption\":\"CVI NOTICIAS\"},\"image\":{\"@id\":\"https:\\\/\\\/cvinoticias.com\\\/v3\\\/#\\\/schema\\\/logo\\\/image\\\/\"},\"sameAs\":[\"https:\\\/\\\/www.facebook.com\\\/cvinoticias\",\"https:\\\/\\\/www.instagram.com\\\/cvinoticias\\\/\",\"https:\\\/\\\/www.youtube.com\\\/@CVINOTICIAS\"]},{\"@type\":\"Person\",\"@id\":\"https:\\\/\\\/cvinoticias.com\\\/v3\\\/#\\\/schema\\\/person\\\/2db77e3c6bc03c538495d7b2b8be9b66\",\"name\":\"f1000024\",\"image\":{\"@type\":\"ImageObject\",\"inLanguage\":\"es\",\"@id\":\"https:\\\/\\\/secure.gravatar.com\\\/avatar\\\/d4fe7459cfc51ff5129ce1a732bbef5928568b8092d412ef95611616376bbeed?s=96&d=mm&r=g\",\"url\":\"https:\\\/\\\/secure.gravatar.com\\\/avatar\\\/d4fe7459cfc51ff5129ce1a732bbef5928568b8092d412ef95611616376bbeed?s=96&d=mm&r=g\",\"contentUrl\":\"https:\\\/\\\/secure.gravatar.com\\\/avatar\\\/d4fe7459cfc51ff5129ce1a732bbef5928568b8092d412ef95611616376bbeed?s=96&d=mm&r=g\",\"caption\":\"f1000024\"},\"url\":\"https:\\\/\\\/cvinoticias.com\\\/v3\\\/author\\\/f1000024\\\/\"}]}<\/script>\n<!-- \/ Yoast SEO plugin. -->","yoast_head_json":{"title":"Iguaz\u00fa: Ricardo Romero nuevo director del Hogar de D\u00eda | CVI NOTICIAS","robots":{"index":"index","follow":"follow","max-snippet":"max-snippet:-1","max-image-preview":"max-image-preview:large","max-video-preview":"max-video-preview:-1"},"canonical":"https:\/\/cvinoticias.com\/v3\/iguazu-ricardo-romero-nuevo-director-del-hogar-de-dia\/","og_locale":"es_ES","og_type":"article","og_title":"Iguaz\u00fa: Ricardo Romero nuevo director del Hogar de D\u00eda | CVI NOTICIAS","og_description":"Se realiz\u00f3 en la ma\u00f1ana de hoy lunes 15 de diciembre se realiz\u00f3 el cambio de autoridades en las instalaciones del Hogar de D\u00eda Iguaz\u00fa. En este sentido asumi\u00f3 como nuevo Director Ricardo Romero, trabajador social, relevando en sus actividades, luego de 6 a\u00f1os al frente del mismo, al Sr Hugo L\u00f3pez quien fue designado [&hellip;]","og_url":"https:\/\/cvinoticias.com\/v3\/iguazu-ricardo-romero-nuevo-director-del-hogar-de-dia\/","og_site_name":"CVI NOTICIAS","article_publisher":"https:\/\/www.facebook.com\/cvinoticias","article_published_time":"2020-12-14T15:53:14+00:00","article_modified_time":"2020-12-15T00:27:30+00:00","og_image":[{"width":1032,"height":581,"url":"https:\/\/cvinoticias.com\/wp-content\/uploads\/2020\/12\/jl.jpg","type":"image\/jpeg"}],"author":"f1000024","twitter_card":"summary_large_image","twitter_misc":{"Escrito por":"f1000024"},"schema":{"@context":"https:\/\/schema.org","@graph":[{"@type":"Article","@id":"https:\/\/cvinoticias.com\/v3\/iguazu-ricardo-romero-nuevo-director-del-hogar-de-dia\/#article","isPartOf":{"@id":"https:\/\/cvinoticias.com\/v3\/iguazu-ricardo-romero-nuevo-director-del-hogar-de-dia\/"},"author":{"name":"f1000024","@id":"https:\/\/cvinoticias.com\/v3\/#\/schema\/person\/2db77e3c6bc03c538495d7b2b8be9b66"},"headline":"Iguaz\u00fa: Ricardo Romero nuevo director del Hogar de D\u00eda","datePublished":"2020-12-14T15:53:14+00:00","dateModified":"2020-12-15T00:27:30+00:00","mainEntityOfPage":{"@id":"https:\/\/cvinoticias.com\/v3\/iguazu-ricardo-romero-nuevo-director-del-hogar-de-dia\/"},"wordCount":89,"commentCount":0,"publisher":{"@id":"https:\/\/cvinoticias.com\/v3\/#organization"},"image":{"@id":"https:\/\/cvinoticias.com\/v3\/iguazu-ricardo-romero-nuevo-director-del-hogar-de-dia\/#primaryimage"},"thumbnailUrl":"https:\/\/cvinoticias.com\/wp-content\/uploads\/2020\/12\/jl.jpg","keywords":["cambio de directores"],"articleSection":["Locales"],"inLanguage":"es","potentialAction":[{"@type":"CommentAction","name":"Comment","target":["https:\/\/cvinoticias.com\/v3\/iguazu-ricardo-romero-nuevo-director-del-hogar-de-dia\/#respond"]}]},{"@type":"WebPage","@id":"https:\/\/cvinoticias.com\/v3\/iguazu-ricardo-romero-nuevo-director-del-hogar-de-dia\/","url":"https:\/\/cvinoticias.com\/v3\/iguazu-ricardo-romero-nuevo-director-del-hogar-de-dia\/","name":"Iguaz\u00fa: Ricardo Romero nuevo director del Hogar de D\u00eda | CVI NOTICIAS","isPartOf":{"@id":"https:\/\/cvinoticias.com\/v3\/#website"},"primaryImageOfPage":{"@id":"https:\/\/cvinoticias.com\/v3\/iguazu-ricardo-romero-nuevo-director-del-hogar-de-dia\/#primaryimage"},"image":{"@id":"https:\/\/cvinoticias.com\/v3\/iguazu-ricardo-romero-nuevo-director-del-hogar-de-dia\/#primaryimage"},"thumbnailUrl":"https:\/\/cvinoticias.com\/wp-content\/uploads\/2020\/12\/jl.jpg","datePublished":"2020-12-14T15:53:14+00:00","dateModified":"2020-12-15T00:27:30+00:00","breadcrumb":{"@id":"https:\/\/cvinoticias.com\/v3\/iguazu-ricardo-romero-nuevo-director-del-hogar-de-dia\/#breadcrumb"},"inLanguage":"es","potentialAction":[{"@type":"ReadAction","target":["https:\/\/cvinoticias.com\/v3\/iguazu-ricardo-romero-nuevo-director-del-hogar-de-dia\/"]}]},{"@type":"ImageObject","inLanguage":"es","@id":"https:\/\/cvinoticias.com\/v3\/iguazu-ricardo-romero-nuevo-director-del-hogar-de-dia\/#primaryimage","url":"https:\/\/cvinoticias.com\/wp-content\/uploads\/2020\/12\/jl.jpg","contentUrl":"https:\/\/cvinoticias.com\/wp-content\/uploads\/2020\/12\/jl.jpg","width":1032,"height":581},{"@type":"BreadcrumbList","@id":"https:\/\/cvinoticias.com\/v3\/iguazu-ricardo-romero-nuevo-director-del-hogar-de-dia\/#breadcrumb","itemListElement":[{"@type":"ListItem","position":1,"name":"Portada","item":"https:\/\/cvinoticias.com\/v3\/"},{"@type":"ListItem","position":2,"name":"Iguaz\u00fa: Ricardo Romero nuevo director del Hogar de D\u00eda"}]},{"@type":"WebSite","@id":"https:\/\/cvinoticias.com\/v3\/#website","url":"https:\/\/cvinoticias.com\/v3\/","name":"CVI NOTICIAS","description":"","publisher":{"@id":"https:\/\/cvinoticias.com\/v3\/#organization"},"alternateName":"CVI","potentialAction":[{"@type":"SearchAction","target":{"@type":"EntryPoint","urlTemplate":"https:\/\/cvinoticias.com\/v3\/?s={search_term_string}"},"query-input":{"@type":"PropertyValueSpecification","valueRequired":true,"valueName":"search_term_string"}}],"inLanguage":"es"},{"@type":"Organization","@id":"https:\/\/cvinoticias.com\/v3\/#organization","name":"CVI NOTICIAS","url":"https:\/\/cvinoticias.com\/v3\/","logo":{"@type":"ImageObject","inLanguage":"es","@id":"https:\/\/cvinoticias.com\/v3\/#\/schema\/logo\/image\/","url":"https:\/\/cvinoticias.com\/wp-content\/uploads\/2023\/04\/cropped-cropped-cropped-cropped-cropped-3-1.png","contentUrl":"https:\/\/cvinoticias.com\/wp-content\/uploads\/2023\/04\/cropped-cropped-cropped-cropped-cropped-3-1.png","width":95,"height":122,"caption":"CVI NOTICIAS"},"image":{"@id":"https:\/\/cvinoticias.com\/v3\/#\/schema\/logo\/image\/"},"sameAs":["https:\/\/www.facebook.com\/cvinoticias","https:\/\/www.instagram.com\/cvinoticias\/","https:\/\/www.youtube.com\/@CVINOTICIAS"]},{"@type":"Person","@id":"https:\/\/cvinoticias.com\/v3\/#\/schema\/person\/2db77e3c6bc03c538495d7b2b8be9b66","name":"f1000024","image":{"@type":"ImageObject","inLanguage":"es","@id":"https:\/\/secure.gravatar.com\/avatar\/d4fe7459cfc51ff5129ce1a732bbef5928568b8092d412ef95611616376bbeed?s=96&d=mm&r=g","url":"https:\/\/secure.gravatar.com\/avatar\/d4fe7459cfc51ff5129ce1a732bbef5928568b8092d412ef95611616376bbeed?s=96&d=mm&r=g","contentUrl":"https:\/\/secure.gravatar.com\/avatar\/d4fe7459cfc51ff5129ce1a732bbef5928568b8092d412ef95611616376bbeed?s=96&d=mm&r=g","caption":"f1000024"},"url":"https:\/\/cvinoticias.com\/v3\/author\/f1000024\/"}]}},"_links":{"self":[{"href":"https:\/\/cvinoticias.com\/v3\/wp-json\/wp\/v2\/posts\/631","targetHints":{"allow":["GET"]}}],"collection":[{"href":"https:\/\/cvinoticias.com\/v3\/wp-json\/wp\/v2\/posts"}],"about":[{"href":"https:\/\/cvinoticias.com\/v3\/wp-json\/wp\/v2\/types\/post"}],"author":[{"embeddable":true,"href":"https:\/\/cvinoticias.com\/v3\/wp-json\/wp\/v2\/users\/2"}],"replies":[{"embeddable":true,"href":"https:\/\/cvinoticias.com\/v3\/wp-json\/wp\/v2\/comments?post=631"}],"version-history":[{"count":3,"href":"https:\/\/cvinoticias.com\/v3\/wp-json\/wp\/v2\/posts\/631\/revisions"}],"predecessor-version":[{"id":661,"href":"https:\/\/cvinoticias.com\/v3\/wp-json\/wp\/v2\/posts\/631\/revisions\/661"}],"wp:featuredmedia":[{"embeddable":true,"href":"https:\/\/cvinoticias.com\/v3\/wp-json\/wp\/v2\/media\/634"}],"wp:attachment":[{"href":"https:\/\/cvinoticias.com\/v3\/wp-json\/wp\/v2\/media?parent=631"}],"wp:term":[{"taxonomy":"category","embeddable":true,"href":"https:\/\/cvinoticias.com\/v3\/wp-json\/wp\/v2\/categories?post=631"},{"taxonomy":"post_tag","embeddable":true,"href":"https:\/\/cvinoticias.com\/v3\/wp-json\/wp\/v2\/tags?post=631"}],"curies":[{"name":"wp","href":"https:\/\/api.w.org\/{rel}","templated":true}]}}