{"id":6305,"date":"2021-06-25T10:09:12","date_gmt":"2021-06-25T10:09:12","guid":{"rendered":"https:\/\/cvinoticias.com\/v3\/?p=6305"},"modified":"2021-06-25T10:09:12","modified_gmt":"2021-06-25T10:09:12","slug":"abriran-una-oficina-de-la-superintendencia-de-salud-en-iguazu-eldorado-obera-y-san-pedro","status":"publish","type":"post","link":"https:\/\/cvinoticias.com\/v3\/abriran-una-oficina-de-la-superintendencia-de-salud-en-iguazu-eldorado-obera-y-san-pedro\/","title":{"rendered":"Abrir\u00e1n una oficina de la Superintendencia de Salud en Iguaz\u00fa, Eldorado, Ober\u00e1 y San Pedro"},"content":{"rendered":"\n<p><\/p>\n\n\n\n<p><strong><em>Puerto Iguaz\u00fa, San Pedro, Eldorado y Ober\u00e1 ser\u00e1n los 4 municipios donde se iniciar\u00e1 la primera etapa de descentralizaci\u00f3n de la oficina central de la Superintendencia de Salud sede Misiones.<\/em><\/strong><\/p>\n\n\n\n<p>Se firm\u00f3 un Convenio de Colaboraci\u00f3n y Cooperaci\u00f3n, entre el organismo nacional y los organismos (municipales y sanitaros) donde funcionar\u00e1n las delegaciones.<br>Fue en el Ministerio de Salud P\u00fablica con la presencia del Vicegobernador de Misiones, Dr. Carlos Arce, del Ministro de Salud P\u00fablica, Dr. Oscar Alarc\u00f3n, del Diputado Provincia, Dr. Mart\u00edn Cesino, del Gerente de Delegaciones y Articulaci\u00f3n de los Integrantes de la Superintendencia de Salud, Daniel Spadone, la delegada de la Superintendencia de Salud Misiones, CPN Mariela Sapper, el Intendente de Eldorado, Dr. Fabio Mart\u00ednez, del Viceintendente de San Pedro, Armando Friedrich, la Directora del Samic de Puerto Iguaz\u00fa, Dra. Raquel Matcoski y el Director del Hospital Samic Ober\u00e1, Dr. H\u00e9ctor Gonz\u00e1lez.<\/p>\n\n\n\n<p><br>En dicho convenio se establece que el Municipio y\/o instituci\u00f3n de salud colaborar\u00e1 a trav\u00e9s de sus oficinas y personal en la tramitaci\u00f3n y gesti\u00f3n de solicitudes y\/o reclamos de los beneficiarios del Sistema Nacional de Seguro de Salud y su grupo familiar, todo ello a fin de mejorar las condiciones de accesibilidad a la informaci\u00f3n. Esta informaci\u00f3n ser\u00e1 transmitida a las correspondientes Delegaciones Provinciales de la Superintendencia a efectos de realizar los reclamos pertinentes.<\/p>\n\n\n\n<p><br>Por su parte, la Superintendencia se compromete a:<br>Capacitar a la\/s persona\/s designadas por el Intendente del Municipio de manera permanente.<br>Establecer una v\u00eda de contacto directo y preferencial entre la persona designada por el Municipio y el responsable de atenci\u00f3n al p\u00fablico de la Superintendencia.<br>Aportar la carteler\u00eda explicativa sobre los distintos tr\u00e1mites y derechos a los que tienen acceso los beneficiarios del Sistema Nacional de Seguro de Salud.<\/p>\n\n\n\n<p><\/p>\n\n\n\n<p><\/p>\n\n\n\n<p><\/p>\n\n\n\n<p><\/p>\n\n\n\n<p><\/p>\n\n\n\n<p><\/p>\n\n\n\n<p><\/p>\n\n\n\n<p><\/p>\n\n\n\n<p><\/p>\n\n\n\n<p><\/p>\n","protected":false},"excerpt":{"rendered":"<p>Puerto Iguaz\u00fa, San Pedro, Eldorado y Ober\u00e1 ser\u00e1n los 4 municipios donde se iniciar\u00e1 la primera etapa de descentralizaci\u00f3n de la oficina central de la Superintendencia de Salud sede Misiones. Se firm\u00f3 un Convenio de Colaboraci\u00f3n y Cooperaci\u00f3n, entre el organismo nacional y los organismos (municipales y sanitaros) donde funcionar\u00e1n las delegaciones.Fue en el Ministerio [&hellip;]<\/p>\n","protected":false},"author":2,"featured_media":6307,"comment_status":"open","ping_status":"open","sticky":false,"template":"","format":"standard","meta":{"footnotes":""},"categories":[22],"tags":[],"class_list":["post-6305","post","type-post","status-publish","format-standard","has-post-thumbnail","hentry","category-salud"],"yoast_head":"<!-- This site is optimized with the Yoast SEO plugin v27.4 - https:\/\/yoast.com\/product\/yoast-seo-wordpress\/ -->\n<title>Abrir\u00e1n una oficina de la Superintendencia de Salud en Iguaz\u00fa, Eldorado, Ober\u00e1 y San Pedro | CVI NOTICIAS<\/title>\n<meta name=\"robots\" content=\"index, follow, max-snippet:-1, max-image-preview:large, max-video-preview:-1\" \/>\n<link rel=\"canonical\" href=\"https:\/\/cvinoticias.com\/v3\/abriran-una-oficina-de-la-superintendencia-de-salud-en-iguazu-eldorado-obera-y-san-pedro\/\" \/>\n<meta property=\"og:locale\" content=\"es_ES\" \/>\n<meta property=\"og:type\" content=\"article\" \/>\n<meta property=\"og:title\" content=\"Abrir\u00e1n una oficina de la Superintendencia de Salud en Iguaz\u00fa, Eldorado, Ober\u00e1 y San Pedro | CVI NOTICIAS\" \/>\n<meta property=\"og:description\" content=\"Puerto Iguaz\u00fa, San Pedro, Eldorado y Ober\u00e1 ser\u00e1n los 4 municipios donde se iniciar\u00e1 la primera etapa de descentralizaci\u00f3n de la oficina central de la Superintendencia de Salud sede Misiones. Se firm\u00f3 un Convenio de Colaboraci\u00f3n y Cooperaci\u00f3n, entre el organismo nacional y los organismos (municipales y sanitaros) donde funcionar\u00e1n las delegaciones.Fue en el Ministerio [&hellip;]\" \/>\n<meta property=\"og:url\" content=\"https:\/\/cvinoticias.com\/v3\/abriran-una-oficina-de-la-superintendencia-de-salud-en-iguazu-eldorado-obera-y-san-pedro\/\" \/>\n<meta property=\"og:site_name\" content=\"CVI NOTICIAS\" \/>\n<meta property=\"article:publisher\" content=\"https:\/\/www.facebook.com\/cvinoticias\" \/>\n<meta property=\"article:published_time\" content=\"2021-06-25T10:09:12+00:00\" \/>\n<meta property=\"og:image\" content=\"https:\/\/cvinoticias.com\/wp-content\/uploads\/2021\/06\/descarga-3.jpeg\" \/>\n\t<meta property=\"og:image:width\" content=\"290\" \/>\n\t<meta property=\"og:image:height\" content=\"174\" \/>\n\t<meta property=\"og:image:type\" content=\"image\/jpeg\" \/>\n<meta name=\"author\" content=\"f1000024\" \/>\n<meta name=\"twitter:card\" content=\"summary_large_image\" \/>\n<meta name=\"twitter:label1\" content=\"Escrito por\" \/>\n\t<meta name=\"twitter:data1\" content=\"f1000024\" \/>\n\t<meta name=\"twitter:label2\" content=\"Tiempo de lectura\" \/>\n\t<meta name=\"twitter:data2\" content=\"2 minutos\" \/>\n<script type=\"application\/ld+json\" class=\"yoast-schema-graph\">{\"@context\":\"https:\\\/\\\/schema.org\",\"@graph\":[{\"@type\":\"Article\",\"@id\":\"https:\\\/\\\/cvinoticias.com\\\/v3\\\/abriran-una-oficina-de-la-superintendencia-de-salud-en-iguazu-eldorado-obera-y-san-pedro\\\/#article\",\"isPartOf\":{\"@id\":\"https:\\\/\\\/cvinoticias.com\\\/v3\\\/abriran-una-oficina-de-la-superintendencia-de-salud-en-iguazu-eldorado-obera-y-san-pedro\\\/\"},\"author\":{\"name\":\"f1000024\",\"@id\":\"https:\\\/\\\/cvinoticias.com\\\/v3\\\/#\\\/schema\\\/person\\\/2db77e3c6bc03c538495d7b2b8be9b66\"},\"headline\":\"Abrir\u00e1n una oficina de la Superintendencia de Salud en Iguaz\u00fa, Eldorado, Ober\u00e1 y San Pedro\",\"datePublished\":\"2021-06-25T10:09:12+00:00\",\"mainEntityOfPage\":{\"@id\":\"https:\\\/\\\/cvinoticias.com\\\/v3\\\/abriran-una-oficina-de-la-superintendencia-de-salud-en-iguazu-eldorado-obera-y-san-pedro\\\/\"},\"wordCount\":332,\"commentCount\":0,\"publisher\":{\"@id\":\"https:\\\/\\\/cvinoticias.com\\\/v3\\\/#organization\"},\"image\":{\"@id\":\"https:\\\/\\\/cvinoticias.com\\\/v3\\\/abriran-una-oficina-de-la-superintendencia-de-salud-en-iguazu-eldorado-obera-y-san-pedro\\\/#primaryimage\"},\"thumbnailUrl\":\"https:\\\/\\\/cvinoticias.com\\\/wp-content\\\/uploads\\\/2021\\\/06\\\/descarga-3.jpeg\",\"articleSection\":[\"Salud\"],\"inLanguage\":\"es\",\"potentialAction\":[{\"@type\":\"CommentAction\",\"name\":\"Comment\",\"target\":[\"https:\\\/\\\/cvinoticias.com\\\/v3\\\/abriran-una-oficina-de-la-superintendencia-de-salud-en-iguazu-eldorado-obera-y-san-pedro\\\/#respond\"]}]},{\"@type\":\"WebPage\",\"@id\":\"https:\\\/\\\/cvinoticias.com\\\/v3\\\/abriran-una-oficina-de-la-superintendencia-de-salud-en-iguazu-eldorado-obera-y-san-pedro\\\/\",\"url\":\"https:\\\/\\\/cvinoticias.com\\\/v3\\\/abriran-una-oficina-de-la-superintendencia-de-salud-en-iguazu-eldorado-obera-y-san-pedro\\\/\",\"name\":\"Abrir\u00e1n una oficina de la Superintendencia de Salud en Iguaz\u00fa, Eldorado, Ober\u00e1 y San Pedro | CVI NOTICIAS\",\"isPartOf\":{\"@id\":\"https:\\\/\\\/cvinoticias.com\\\/v3\\\/#website\"},\"primaryImageOfPage\":{\"@id\":\"https:\\\/\\\/cvinoticias.com\\\/v3\\\/abriran-una-oficina-de-la-superintendencia-de-salud-en-iguazu-eldorado-obera-y-san-pedro\\\/#primaryimage\"},\"image\":{\"@id\":\"https:\\\/\\\/cvinoticias.com\\\/v3\\\/abriran-una-oficina-de-la-superintendencia-de-salud-en-iguazu-eldorado-obera-y-san-pedro\\\/#primaryimage\"},\"thumbnailUrl\":\"https:\\\/\\\/cvinoticias.com\\\/wp-content\\\/uploads\\\/2021\\\/06\\\/descarga-3.jpeg\",\"datePublished\":\"2021-06-25T10:09:12+00:00\",\"breadcrumb\":{\"@id\":\"https:\\\/\\\/cvinoticias.com\\\/v3\\\/abriran-una-oficina-de-la-superintendencia-de-salud-en-iguazu-eldorado-obera-y-san-pedro\\\/#breadcrumb\"},\"inLanguage\":\"es\",\"potentialAction\":[{\"@type\":\"ReadAction\",\"target\":[\"https:\\\/\\\/cvinoticias.com\\\/v3\\\/abriran-una-oficina-de-la-superintendencia-de-salud-en-iguazu-eldorado-obera-y-san-pedro\\\/\"]}]},{\"@type\":\"ImageObject\",\"inLanguage\":\"es\",\"@id\":\"https:\\\/\\\/cvinoticias.com\\\/v3\\\/abriran-una-oficina-de-la-superintendencia-de-salud-en-iguazu-eldorado-obera-y-san-pedro\\\/#primaryimage\",\"url\":\"https:\\\/\\\/cvinoticias.com\\\/wp-content\\\/uploads\\\/2021\\\/06\\\/descarga-3.jpeg\",\"contentUrl\":\"https:\\\/\\\/cvinoticias.com\\\/wp-content\\\/uploads\\\/2021\\\/06\\\/descarga-3.jpeg\",\"width\":290,\"height\":174},{\"@type\":\"BreadcrumbList\",\"@id\":\"https:\\\/\\\/cvinoticias.com\\\/v3\\\/abriran-una-oficina-de-la-superintendencia-de-salud-en-iguazu-eldorado-obera-y-san-pedro\\\/#breadcrumb\",\"itemListElement\":[{\"@type\":\"ListItem\",\"position\":1,\"name\":\"Portada\",\"item\":\"https:\\\/\\\/cvinoticias.com\\\/v3\\\/\"},{\"@type\":\"ListItem\",\"position\":2,\"name\":\"Abrir\u00e1n una oficina de la Superintendencia de Salud en Iguaz\u00fa, Eldorado, Ober\u00e1 y San Pedro\"}]},{\"@type\":\"WebSite\",\"@id\":\"https:\\\/\\\/cvinoticias.com\\\/v3\\\/#website\",\"url\":\"https:\\\/\\\/cvinoticias.com\\\/v3\\\/\",\"name\":\"CVI NOTICIAS\",\"description\":\"\",\"publisher\":{\"@id\":\"https:\\\/\\\/cvinoticias.com\\\/v3\\\/#organization\"},\"alternateName\":\"CVI\",\"potentialAction\":[{\"@type\":\"SearchAction\",\"target\":{\"@type\":\"EntryPoint\",\"urlTemplate\":\"https:\\\/\\\/cvinoticias.com\\\/v3\\\/?s={search_term_string}\"},\"query-input\":{\"@type\":\"PropertyValueSpecification\",\"valueRequired\":true,\"valueName\":\"search_term_string\"}}],\"inLanguage\":\"es\"},{\"@type\":\"Organization\",\"@id\":\"https:\\\/\\\/cvinoticias.com\\\/v3\\\/#organization\",\"name\":\"CVI NOTICIAS\",\"url\":\"https:\\\/\\\/cvinoticias.com\\\/v3\\\/\",\"logo\":{\"@type\":\"ImageObject\",\"inLanguage\":\"es\",\"@id\":\"https:\\\/\\\/cvinoticias.com\\\/v3\\\/#\\\/schema\\\/logo\\\/image\\\/\",\"url\":\"https:\\\/\\\/cvinoticias.com\\\/wp-content\\\/uploads\\\/2023\\\/04\\\/cropped-cropped-cropped-cropped-cropped-3-1.png\",\"contentUrl\":\"https:\\\/\\\/cvinoticias.com\\\/wp-content\\\/uploads\\\/2023\\\/04\\\/cropped-cropped-cropped-cropped-cropped-3-1.png\",\"width\":95,\"height\":122,\"caption\":\"CVI NOTICIAS\"},\"image\":{\"@id\":\"https:\\\/\\\/cvinoticias.com\\\/v3\\\/#\\\/schema\\\/logo\\\/image\\\/\"},\"sameAs\":[\"https:\\\/\\\/www.facebook.com\\\/cvinoticias\",\"https:\\\/\\\/www.instagram.com\\\/cvinoticias\\\/\",\"https:\\\/\\\/www.youtube.com\\\/@CVINOTICIAS\"]},{\"@type\":\"Person\",\"@id\":\"https:\\\/\\\/cvinoticias.com\\\/v3\\\/#\\\/schema\\\/person\\\/2db77e3c6bc03c538495d7b2b8be9b66\",\"name\":\"f1000024\",\"image\":{\"@type\":\"ImageObject\",\"inLanguage\":\"es\",\"@id\":\"https:\\\/\\\/secure.gravatar.com\\\/avatar\\\/d4fe7459cfc51ff5129ce1a732bbef5928568b8092d412ef95611616376bbeed?s=96&d=mm&r=g\",\"url\":\"https:\\\/\\\/secure.gravatar.com\\\/avatar\\\/d4fe7459cfc51ff5129ce1a732bbef5928568b8092d412ef95611616376bbeed?s=96&d=mm&r=g\",\"contentUrl\":\"https:\\\/\\\/secure.gravatar.com\\\/avatar\\\/d4fe7459cfc51ff5129ce1a732bbef5928568b8092d412ef95611616376bbeed?s=96&d=mm&r=g\",\"caption\":\"f1000024\"},\"url\":\"https:\\\/\\\/cvinoticias.com\\\/v3\\\/author\\\/f1000024\\\/\"}]}<\/script>\n<!-- \/ Yoast SEO plugin. -->","yoast_head_json":{"title":"Abrir\u00e1n una oficina de la Superintendencia de Salud en Iguaz\u00fa, Eldorado, Ober\u00e1 y San Pedro | CVI NOTICIAS","robots":{"index":"index","follow":"follow","max-snippet":"max-snippet:-1","max-image-preview":"max-image-preview:large","max-video-preview":"max-video-preview:-1"},"canonical":"https:\/\/cvinoticias.com\/v3\/abriran-una-oficina-de-la-superintendencia-de-salud-en-iguazu-eldorado-obera-y-san-pedro\/","og_locale":"es_ES","og_type":"article","og_title":"Abrir\u00e1n una oficina de la Superintendencia de Salud en Iguaz\u00fa, Eldorado, Ober\u00e1 y San Pedro | CVI NOTICIAS","og_description":"Puerto Iguaz\u00fa, San Pedro, Eldorado y Ober\u00e1 ser\u00e1n los 4 municipios donde se iniciar\u00e1 la primera etapa de descentralizaci\u00f3n de la oficina central de la Superintendencia de Salud sede Misiones. Se firm\u00f3 un Convenio de Colaboraci\u00f3n y Cooperaci\u00f3n, entre el organismo nacional y los organismos (municipales y sanitaros) donde funcionar\u00e1n las delegaciones.Fue en el Ministerio [&hellip;]","og_url":"https:\/\/cvinoticias.com\/v3\/abriran-una-oficina-de-la-superintendencia-de-salud-en-iguazu-eldorado-obera-y-san-pedro\/","og_site_name":"CVI NOTICIAS","article_publisher":"https:\/\/www.facebook.com\/cvinoticias","article_published_time":"2021-06-25T10:09:12+00:00","og_image":[{"width":290,"height":174,"url":"https:\/\/cvinoticias.com\/wp-content\/uploads\/2021\/06\/descarga-3.jpeg","type":"image\/jpeg"}],"author":"f1000024","twitter_card":"summary_large_image","twitter_misc":{"Escrito por":"f1000024","Tiempo de lectura":"2 minutos"},"schema":{"@context":"https:\/\/schema.org","@graph":[{"@type":"Article","@id":"https:\/\/cvinoticias.com\/v3\/abriran-una-oficina-de-la-superintendencia-de-salud-en-iguazu-eldorado-obera-y-san-pedro\/#article","isPartOf":{"@id":"https:\/\/cvinoticias.com\/v3\/abriran-una-oficina-de-la-superintendencia-de-salud-en-iguazu-eldorado-obera-y-san-pedro\/"},"author":{"name":"f1000024","@id":"https:\/\/cvinoticias.com\/v3\/#\/schema\/person\/2db77e3c6bc03c538495d7b2b8be9b66"},"headline":"Abrir\u00e1n una oficina de la Superintendencia de Salud en Iguaz\u00fa, Eldorado, Ober\u00e1 y San Pedro","datePublished":"2021-06-25T10:09:12+00:00","mainEntityOfPage":{"@id":"https:\/\/cvinoticias.com\/v3\/abriran-una-oficina-de-la-superintendencia-de-salud-en-iguazu-eldorado-obera-y-san-pedro\/"},"wordCount":332,"commentCount":0,"publisher":{"@id":"https:\/\/cvinoticias.com\/v3\/#organization"},"image":{"@id":"https:\/\/cvinoticias.com\/v3\/abriran-una-oficina-de-la-superintendencia-de-salud-en-iguazu-eldorado-obera-y-san-pedro\/#primaryimage"},"thumbnailUrl":"https:\/\/cvinoticias.com\/wp-content\/uploads\/2021\/06\/descarga-3.jpeg","articleSection":["Salud"],"inLanguage":"es","potentialAction":[{"@type":"CommentAction","name":"Comment","target":["https:\/\/cvinoticias.com\/v3\/abriran-una-oficina-de-la-superintendencia-de-salud-en-iguazu-eldorado-obera-y-san-pedro\/#respond"]}]},{"@type":"WebPage","@id":"https:\/\/cvinoticias.com\/v3\/abriran-una-oficina-de-la-superintendencia-de-salud-en-iguazu-eldorado-obera-y-san-pedro\/","url":"https:\/\/cvinoticias.com\/v3\/abriran-una-oficina-de-la-superintendencia-de-salud-en-iguazu-eldorado-obera-y-san-pedro\/","name":"Abrir\u00e1n una oficina de la Superintendencia de Salud en Iguaz\u00fa, Eldorado, Ober\u00e1 y San Pedro | CVI NOTICIAS","isPartOf":{"@id":"https:\/\/cvinoticias.com\/v3\/#website"},"primaryImageOfPage":{"@id":"https:\/\/cvinoticias.com\/v3\/abriran-una-oficina-de-la-superintendencia-de-salud-en-iguazu-eldorado-obera-y-san-pedro\/#primaryimage"},"image":{"@id":"https:\/\/cvinoticias.com\/v3\/abriran-una-oficina-de-la-superintendencia-de-salud-en-iguazu-eldorado-obera-y-san-pedro\/#primaryimage"},"thumbnailUrl":"https:\/\/cvinoticias.com\/wp-content\/uploads\/2021\/06\/descarga-3.jpeg","datePublished":"2021-06-25T10:09:12+00:00","breadcrumb":{"@id":"https:\/\/cvinoticias.com\/v3\/abriran-una-oficina-de-la-superintendencia-de-salud-en-iguazu-eldorado-obera-y-san-pedro\/#breadcrumb"},"inLanguage":"es","potentialAction":[{"@type":"ReadAction","target":["https:\/\/cvinoticias.com\/v3\/abriran-una-oficina-de-la-superintendencia-de-salud-en-iguazu-eldorado-obera-y-san-pedro\/"]}]},{"@type":"ImageObject","inLanguage":"es","@id":"https:\/\/cvinoticias.com\/v3\/abriran-una-oficina-de-la-superintendencia-de-salud-en-iguazu-eldorado-obera-y-san-pedro\/#primaryimage","url":"https:\/\/cvinoticias.com\/wp-content\/uploads\/2021\/06\/descarga-3.jpeg","contentUrl":"https:\/\/cvinoticias.com\/wp-content\/uploads\/2021\/06\/descarga-3.jpeg","width":290,"height":174},{"@type":"BreadcrumbList","@id":"https:\/\/cvinoticias.com\/v3\/abriran-una-oficina-de-la-superintendencia-de-salud-en-iguazu-eldorado-obera-y-san-pedro\/#breadcrumb","itemListElement":[{"@type":"ListItem","position":1,"name":"Portada","item":"https:\/\/cvinoticias.com\/v3\/"},{"@type":"ListItem","position":2,"name":"Abrir\u00e1n una oficina de la Superintendencia de Salud en Iguaz\u00fa, Eldorado, Ober\u00e1 y San Pedro"}]},{"@type":"WebSite","@id":"https:\/\/cvinoticias.com\/v3\/#website","url":"https:\/\/cvinoticias.com\/v3\/","name":"CVI NOTICIAS","description":"","publisher":{"@id":"https:\/\/cvinoticias.com\/v3\/#organization"},"alternateName":"CVI","potentialAction":[{"@type":"SearchAction","target":{"@type":"EntryPoint","urlTemplate":"https:\/\/cvinoticias.com\/v3\/?s={search_term_string}"},"query-input":{"@type":"PropertyValueSpecification","valueRequired":true,"valueName":"search_term_string"}}],"inLanguage":"es"},{"@type":"Organization","@id":"https:\/\/cvinoticias.com\/v3\/#organization","name":"CVI NOTICIAS","url":"https:\/\/cvinoticias.com\/v3\/","logo":{"@type":"ImageObject","inLanguage":"es","@id":"https:\/\/cvinoticias.com\/v3\/#\/schema\/logo\/image\/","url":"https:\/\/cvinoticias.com\/wp-content\/uploads\/2023\/04\/cropped-cropped-cropped-cropped-cropped-3-1.png","contentUrl":"https:\/\/cvinoticias.com\/wp-content\/uploads\/2023\/04\/cropped-cropped-cropped-cropped-cropped-3-1.png","width":95,"height":122,"caption":"CVI NOTICIAS"},"image":{"@id":"https:\/\/cvinoticias.com\/v3\/#\/schema\/logo\/image\/"},"sameAs":["https:\/\/www.facebook.com\/cvinoticias","https:\/\/www.instagram.com\/cvinoticias\/","https:\/\/www.youtube.com\/@CVINOTICIAS"]},{"@type":"Person","@id":"https:\/\/cvinoticias.com\/v3\/#\/schema\/person\/2db77e3c6bc03c538495d7b2b8be9b66","name":"f1000024","image":{"@type":"ImageObject","inLanguage":"es","@id":"https:\/\/secure.gravatar.com\/avatar\/d4fe7459cfc51ff5129ce1a732bbef5928568b8092d412ef95611616376bbeed?s=96&d=mm&r=g","url":"https:\/\/secure.gravatar.com\/avatar\/d4fe7459cfc51ff5129ce1a732bbef5928568b8092d412ef95611616376bbeed?s=96&d=mm&r=g","contentUrl":"https:\/\/secure.gravatar.com\/avatar\/d4fe7459cfc51ff5129ce1a732bbef5928568b8092d412ef95611616376bbeed?s=96&d=mm&r=g","caption":"f1000024"},"url":"https:\/\/cvinoticias.com\/v3\/author\/f1000024\/"}]}},"_links":{"self":[{"href":"https:\/\/cvinoticias.com\/v3\/wp-json\/wp\/v2\/posts\/6305","targetHints":{"allow":["GET"]}}],"collection":[{"href":"https:\/\/cvinoticias.com\/v3\/wp-json\/wp\/v2\/posts"}],"about":[{"href":"https:\/\/cvinoticias.com\/v3\/wp-json\/wp\/v2\/types\/post"}],"author":[{"embeddable":true,"href":"https:\/\/cvinoticias.com\/v3\/wp-json\/wp\/v2\/users\/2"}],"replies":[{"embeddable":true,"href":"https:\/\/cvinoticias.com\/v3\/wp-json\/wp\/v2\/comments?post=6305"}],"version-history":[{"count":1,"href":"https:\/\/cvinoticias.com\/v3\/wp-json\/wp\/v2\/posts\/6305\/revisions"}],"predecessor-version":[{"id":6308,"href":"https:\/\/cvinoticias.com\/v3\/wp-json\/wp\/v2\/posts\/6305\/revisions\/6308"}],"wp:featuredmedia":[{"embeddable":true,"href":"https:\/\/cvinoticias.com\/v3\/wp-json\/wp\/v2\/media\/6307"}],"wp:attachment":[{"href":"https:\/\/cvinoticias.com\/v3\/wp-json\/wp\/v2\/media?parent=6305"}],"wp:term":[{"taxonomy":"category","embeddable":true,"href":"https:\/\/cvinoticias.com\/v3\/wp-json\/wp\/v2\/categories?post=6305"},{"taxonomy":"post_tag","embeddable":true,"href":"https:\/\/cvinoticias.com\/v3\/wp-json\/wp\/v2\/tags?post=6305"}],"curies":[{"name":"wp","href":"https:\/\/api.w.org\/{rel}","templated":true}]}}